{"id":2036,"date":"2020-07-20T02:02:48","date_gmt":"2020-07-20T02:02:48","guid":{"rendered":"https:\/\/noti-america.com\/site\/repdom\/?p=2036"},"modified":"2020-07-20T02:04:32","modified_gmt":"2020-07-20T02:04:32","slug":"senado-aprueba-estado-emergencia-por-45-dias","status":"publish","type":"post","link":"https:\/\/noti-america.com\/site\/repdom\/2020\/07\/20\/senado-aprueba-estado-emergencia-por-45-dias\/","title":{"rendered":"Senado aprueba estado de emergencia por 45 d\u00edas"},"content":{"rendered":"<p>NOTI-AM\u00c9RICA (REP\u00daBLICA DOMINICANA)<\/p>\n<p style=\"text-align: justify\">EL NUEVO DIARIO, SANTO DOMINGO.- El Senado de la Rep\u00fablica, aprob\u00f3 este domingo en \u00fanica lectura la Resoluci\u00f3n mediante la cual se autoriza al presidente Danilo Medina S\u00e1nchez, declarar nuevamente el Estado de Emergencia por un plazo m\u00e1ximo de 45 d\u00edas en el territorio nacional, debido a la reciente evoluci\u00f3n epidemiol\u00f3gica de COVID-19.<\/p>\n<p style=\"text-align: justify\">La iniciativa ya fue aprobada por la C\u00e1mara de Diputados y corresponde al mandatario fijar mediante decreto d\u00edas, fechas y horas de los toque de queda para contrarrestar el brote de COVID-19.<\/p>\n<p style=\"text-align: justify\">Importante destacar que la actual Legislatura queda abierta, no cierra el 26 de julio, ya que la Constituci\u00f3n establece en su art\u00edculo 266 numeral 2, que mientras permanezca el estado de emergencia quedan prorrogados los trabajos legislativos, por lo que los senadores quedaron convocados para el martes 21 de julio a las 11 de la ma\u00f1ana.<\/p>\n<p style=\"text-align: justify\">Asimismo, los senadores del Partido de la Liberaci\u00f3n Dominicana, PLD, rechazaron colocar en la \u201cAgenda del D\u00eda\u201d el solicitado proyecto de Ley que otorgar\u00eda un 30% de los fondos de las Administradoras de Fondos de Pensiones (AFP), a los trabajadores dominicanos, y lo enviaron a la Comisi\u00f3n Permanente de Seguridad Social, pese a la petici\u00f3n de los senadores Amable Aristy Castro y Prim Pujals Nolasco, de que se conociera este domingo.<\/p>\n<p style=\"text-align: justify\"><strong>Senadores rechazan incluir en agenda proyecto que devuelve el 30% AFP a trabajadores<\/strong><\/p>\n<p>A su vez, los senadores, aprobaron que la Comisi\u00f3n de Seguridad Social, rinda un informe del proyecto del 30% de las AFP, antes del 16 de agosto.<\/p>\n<p style=\"text-align: justify\">La Comisi\u00f3n Bicameral que dar\u00e1 seguimiento a las actuaciones durante la duraci\u00f3n estado emergencia, estar\u00e1 presidida por la vicepresidenta C\u00e1mara de Diputados, Angela Pozo, as\u00ed como los senadores Luis Rene Canaan, Santiago Jose Zorrilla,Dionis S\u00e1nchez, Ruben Hubiera, Felix Bautista, Cristina Lizardo,Rafael Calderon y Charlie Mariotti, Adriano Sanchez Roa, diputados: Alfredo Pacheco, Mirian Cabral, Rafael Alburquerque, Juan Carlos Qui\u00f1ones, F\u00e1tima Pujols, entre otros.<\/p>\n<p style=\"text-align: justify\">Tras presentar las excusas mostradas por los senadores: Reinaldo Pared P\u00e9rez, F\u00e9lix V\u00e1squez, Heinz Vieluz, Jos\u00e9 Ignacio Paliza, Pedro Alegr\u00eda, Manuel Guichardo, Orlando Arin Sena Mercedes, se procedi\u00f3 a leer el s\u00e9ptimo informe enviado por el Presidente Danilo Medina, sobre las medidas ejecutadas para enfrentar el COVID-19.<\/p>\n<p style=\"text-align: justify\">En su informe de la \u201cEvoluci\u00f3n de la situaci\u00f3n de COVID-19, el mandatario inform\u00f3 al Congreso que el proceso de reactivaci\u00f3n de la econom\u00eda debe desarrollarse paulatinamente.<\/p>\n<p style=\"text-align: justify\">Adem\u00e1s, que la Comisi\u00f3n de Seguimiento de Alto Riesgo recomend\u00f3 el 16 de junio no pasar a la tercera fase, y seguir en la segunda, para lo cual se despleg\u00f3 operativos y medidas de mayor control.<\/p>\n<p style=\"text-align: justify\">Medina, inform\u00f3 que el Tribunal Superior Electoral,TSE declar\u00f3 inadmisible por improcedente un recurso de amparo interpuesta contra la Resoluci\u00f3n 62-20 y el decreto 134-20, mediante el cual el Congreso Nacional aprob\u00f3 la autorizaci\u00f3n al Poder Ejecutivo del estado de emergencia, as\u00ed como la extensi\u00f3n del toque de queda.<\/p>\n<p style=\"text-align: justify\">Tambien, que el Tribunal Superior Administrativo,TSA, confirm\u00f3 la validaci\u00f3n del estado de emergencia, como la extensi\u00f3n del toque de queda, al igual que la validez del 12 de julio de este 2020; de la resoluci\u00f3n 67-20, en cuales dicho decreto se sustenta.<\/p>\n<p style=\"text-align: justify\">Dicho tribunal tambi\u00e9n estableci\u00f3 que la restricci\u00f3n de las libertades de tr\u00e1nsito, reuni\u00f3n y asociaci\u00f3n est\u00e1n justificadas constitucionalmente en el marco del estado de emergencia.<\/p>\n<p style=\"text-align: justify\"><strong>El proyecto del 30% de las AFP enviado a Comisi\u00f3n de Seguridad Social<\/strong><\/p>\n<p style=\"text-align: justify\"><strong>Solo 3 de 22 senadores votaron a favor Proyecto del 30% AFP enviado a Comisi\u00f3n Seguridad Social<\/strong><\/p>\n<p style=\"text-align: justify\">Los senadores Amable Aristy Castro, La Altagracia y Prim Pujals, de Samana, solicitaron que el proyecto del diputado Pedro Botello, sobre el 30% de las AFP, fuera colocado en la Orden del D\u00eda, para conocimiento y aprobaci\u00f3n, pero fue rechazado por la mayor\u00eda presente, donde s\u00f3lo tres levantaron sus manos a su favor.<\/p>\n<p style=\"text-align: justify\">El senador por La Altagracia, record\u00f3 que \u201cla poblaci\u00f3n est\u00e1 exigiendo que se apruebe, ya que fue aprobado por los Diputados, no se le puede dar la espalda, porque el dinero de las pensiones acumulados es de \u201cellos y ante la dificultad existente, es injusto no darle el dinero que tienen acumulados\u201d.<\/p>\n<p style=\"text-align: justify\">Prim Pujasl solicito que la comisi\u00f3n de seguridad conozca en 72 horas el proyecto del 30%, porque si vence el plazo de su conocimiento, \u201cdormir\u00e1 el sue\u00f1o eterno\u201d en el Congreso.<\/p>\n<p style=\"text-align: justify\">Los senadores oficialistas rechazaron la propuesta de Aristy Castro de conocer en primera lectura el citado proyecto, a pesar de ser secundada por Pujals; mientras el senador Jos\u00e9 Rafael Vargas, solicit\u00f3 fuera fusionado y enviado a la Comisi\u00f3n de Salud del Senado.<\/p>\n<p style=\"text-align: justify\">Pero, a insistencia del senador por Saman\u00e1, Pujals, qued\u00f3 aprobado que la comisi\u00f3n de Seguridad Social deber\u00e1 rendir un informe antes del 16 de agosto.<\/p>\n<p style=\"text-align: justify\">Otros Proyectos aprobados en primera lectura fueron: Ley de Comercio Mar\u00edtimo; Proyecto modificaci\u00f3n 167-07 de Recapitalizaci\u00f3n del Banco Central de la Rep\u00fablica. El informe de An\u00e1lisis y Evaluaci\u00f3n Gesti\u00f3n del Gobierno 2019.<\/p>\n<p style=\"text-align: justify\">Por su parte, el senador F\u00e9lix Nova pidi\u00f3 un minuto silencio por el fallecimiento del cantautor V\u00edctor V\u00edctor; el presidente interino Ar\u00edstides Victoria Yeb, procedi\u00f3 a dar turnos de ponencias.<\/p>\n<p style=\"text-align: justify\">Adem\u00e1s, Nova hizo llamado al presidente electo Luis Abinader para que finalice campa\u00f1a de descredito contra su persona luego de los comicios, y se respete la honra y la moral de cada funcionario de su provincia.<\/p>\n<p style=\"text-align: justify\">Amable Aristy Castro se despidi\u00f3 luego de 38 a\u00f1os como Legislador en el Congreso Nacional, agradeciendo el trato recibido por el PLD y dem\u00e1s partidos representados en el CN.<\/p>\n<p style=\"text-align: justify\">\u201cNo me arrepiento de haber tomado mi decisi\u00f3n, ahora entend\u00ed lo mismo, pero reitero mi amistad con Danilo Medina, su familia, y todos ustedes. Me voy para mi casa y para mi empresa, con humildad y respeto, con el orgullo que particip\u00e9 contra 26 partidos, no puse un afiche nunca y saque 25 mil 276 votos contra todos esos partidos\u201d.<\/p>\n<p><strong>Concentraci\u00f3n de manifestantes frente al Congreso Nacional<\/strong><\/p>\n<p style=\"text-align: justify\">Previo al inicio de los trabajos legislativos de los senadores, el diputado del Partido Reformista Social Cristiano (PRSC), Pedro Botello encabez\u00f3 una manifestaci\u00f3n, destacando que fue en medio de la pandemia del COVID-19 a reclamar la aprobaci\u00f3n del proyecto que otorgue un 30% de los fondos de pensiones a los trabajadores.<\/p>\n<p style=\"text-align: justify\">Botello dijo no explicar c\u00f3mo es posible que el dinero de los trabajadores le sea negado en un momento de crisis sanitarias y econ\u00f3mica, informando que las protestas seguir\u00e1n a nivel nacional.<\/p>\n<p>Por: Liliam Mateo<\/p>\n","protected":false},"excerpt":{"rendered":"<p>NOTI-AM\u00c9RICA (REP\u00daBLICA DOMINICANA) EL NUEVO DIARIO, SANTO DOMINGO.- El Senado de la Rep\u00fablica, aprob\u00f3 este domingo en \u00fanica lectura la Resoluci\u00f3n mediante la cual se autoriza al presidente Danilo Medina S\u00e1nchez, declarar nuevamente el&#46;&#46;&#46;<\/p>\n","protected":false},"author":87,"featured_media":2037,"comment_status":"open","ping_status":"open","sticky":false,"template":"","format":"image","meta":{"_acf_changed":false,"rop_custom_images_group":[],"rop_custom_messages_group":[],"rop_publish_now":"initial","rop_publish_now_accounts":[],"rop_publish_now_history":[],"rop_publish_now_status":"pending","footnotes":""},"categories":[105],"tags":[],"class_list":["post-2036","post","type-post","status-publish","format-image","has-post-thumbnail","hentry","category-noticias","post_format-post-format-image"],"acf":[],"yoast_head":"<!-- This site is optimized with the Yoast SEO Premium plugin v24.9 (Yoast SEO v27.2) - https:\/\/yoast.com\/product\/yoast-seo-premium-wordpress\/ -->\n<title>Senado aprueba estado de emergencia por 45 d\u00edas - Rep. Dominicana | Noti-America.com<\/title>\n<meta name=\"robots\" content=\"index, follow, max-snippet:-1, max-image-preview:large, max-video-preview:-1\" \/>\n<link rel=\"canonical\" href=\"https:\/\/noti-america.com\/site\/repdom\/2020\/07\/20\/senado-aprueba-estado-emergencia-por-45-dias\/\" \/>\n<meta property=\"og:locale\" content=\"es_ES\" \/>\n<meta property=\"og:type\" content=\"article\" \/>\n<meta property=\"og:title\" content=\"Senado aprueba estado de emergencia por 45 d\u00edas\" \/>\n<meta property=\"og:description\" content=\"NOTI-AM\u00c9RICA (REP\u00daBLICA DOMINICANA) EL NUEVO DIARIO, SANTO DOMINGO.- El Senado de la Rep\u00fablica, aprob\u00f3 este domingo en \u00fanica lectura la Resoluci\u00f3n mediante la cual se autoriza al presidente Danilo Medina S\u00e1nchez, declarar nuevamente el&#046;&#046;&#046;\" \/>\n<meta property=\"og:url\" content=\"https:\/\/noti-america.com\/site\/repdom\/2020\/07\/20\/senado-aprueba-estado-emergencia-por-45-dias\/\" \/>\n<meta property=\"og:site_name\" content=\"Rep. Dominicana | Noti-America.com\" \/>\n<meta property=\"article:published_time\" content=\"2020-07-20T02:02:48+00:00\" \/>\n<meta property=\"article:modified_time\" content=\"2020-07-20T02:04:32+00:00\" \/>\n<meta property=\"og:image\" content=\"https:\/\/noti-america.com\/site\/repdom\/wp-content\/uploads\/sites\/6\/2020\/07\/WhatsApp-Image-2020-07-19-at-3.10.48-PM-1.jpeg\" \/>\n\t<meta property=\"og:image:width\" content=\"768\" \/>\n\t<meta property=\"og:image:height\" content=\"432\" \/>\n\t<meta property=\"og:image:type\" content=\"image\/jpeg\" \/>\n<meta name=\"author\" content=\"CAMH\" \/>\n<meta name=\"twitter:card\" content=\"summary_large_image\" \/>\n<meta name=\"twitter:label1\" content=\"Escrito por\" \/>\n\t<meta name=\"twitter:data1\" content=\"CAMH\" \/>\n\t<meta name=\"twitter:label2\" content=\"Tiempo estimado de lectura\" \/>\n\t<meta name=\"twitter:data2\" content=\"6 minutos\" \/>\n<script type=\"application\/ld+json\" class=\"yoast-schema-graph\">{\"@context\":\"https:\/\/schema.org\",\"@graph\":[{\"@type\":\"Article\",\"@id\":\"https:\/\/noti-america.com\/site\/repdom\/2020\/07\/20\/senado-aprueba-estado-emergencia-por-45-dias\/#article\",\"isPartOf\":{\"@id\":\"https:\/\/noti-america.com\/site\/repdom\/2020\/07\/20\/senado-aprueba-estado-emergencia-por-45-dias\/\"},\"author\":{\"name\":\"CAMH\",\"@id\":\"https:\/\/noti-america.com\/site\/repdom\/#\/schema\/person\/e13880b4308eea6926b271284605ef72\"},\"headline\":\"Senado aprueba estado de emergencia por 45 d\u00edas\",\"datePublished\":\"2020-07-20T02:02:48+00:00\",\"dateModified\":\"2020-07-20T02:04:32+00:00\",\"mainEntityOfPage\":{\"@id\":\"https:\/\/noti-america.com\/site\/repdom\/2020\/07\/20\/senado-aprueba-estado-emergencia-por-45-dias\/\"},\"wordCount\":1123,\"commentCount\":0,\"publisher\":{\"@id\":\"https:\/\/noti-america.com\/site\/repdom\/#organization\"},\"image\":{\"@id\":\"https:\/\/noti-america.com\/site\/repdom\/2020\/07\/20\/senado-aprueba-estado-emergencia-por-45-dias\/#primaryimage\"},\"thumbnailUrl\":\"https:\/\/noti-america.com\/site\/repdom\/wp-content\/uploads\/sites\/6\/2020\/07\/WhatsApp-Image-2020-07-19-at-3.10.48-PM-1.jpeg\",\"articleSection\":[\"Noticias\"],\"inLanguage\":\"es\",\"potentialAction\":[{\"@type\":\"CommentAction\",\"name\":\"Comment\",\"target\":[\"https:\/\/noti-america.com\/site\/repdom\/2020\/07\/20\/senado-aprueba-estado-emergencia-por-45-dias\/#respond\"]}]},{\"@type\":\"WebPage\",\"@id\":\"https:\/\/noti-america.com\/site\/repdom\/2020\/07\/20\/senado-aprueba-estado-emergencia-por-45-dias\/\",\"url\":\"https:\/\/noti-america.com\/site\/repdom\/2020\/07\/20\/senado-aprueba-estado-emergencia-por-45-dias\/\",\"name\":\"Senado aprueba estado de emergencia por 45 d\u00edas - Rep. Dominicana | Noti-America.com\",\"isPartOf\":{\"@id\":\"https:\/\/noti-america.com\/site\/repdom\/#website\"},\"primaryImageOfPage\":{\"@id\":\"https:\/\/noti-america.com\/site\/repdom\/2020\/07\/20\/senado-aprueba-estado-emergencia-por-45-dias\/#primaryimage\"},\"image\":{\"@id\":\"https:\/\/noti-america.com\/site\/repdom\/2020\/07\/20\/senado-aprueba-estado-emergencia-por-45-dias\/#primaryimage\"},\"thumbnailUrl\":\"https:\/\/noti-america.com\/site\/repdom\/wp-content\/uploads\/sites\/6\/2020\/07\/WhatsApp-Image-2020-07-19-at-3.10.48-PM-1.jpeg\",\"datePublished\":\"2020-07-20T02:02:48+00:00\",\"dateModified\":\"2020-07-20T02:04:32+00:00\",\"breadcrumb\":{\"@id\":\"https:\/\/noti-america.com\/site\/repdom\/2020\/07\/20\/senado-aprueba-estado-emergencia-por-45-dias\/#breadcrumb\"},\"inLanguage\":\"es\",\"potentialAction\":[{\"@type\":\"ReadAction\",\"target\":[\"https:\/\/noti-america.com\/site\/repdom\/2020\/07\/20\/senado-aprueba-estado-emergencia-por-45-dias\/\"]}]},{\"@type\":\"ImageObject\",\"inLanguage\":\"es\",\"@id\":\"https:\/\/noti-america.com\/site\/repdom\/2020\/07\/20\/senado-aprueba-estado-emergencia-por-45-dias\/#primaryimage\",\"url\":\"https:\/\/noti-america.com\/site\/repdom\/wp-content\/uploads\/sites\/6\/2020\/07\/WhatsApp-Image-2020-07-19-at-3.10.48-PM-1.jpeg\",\"contentUrl\":\"https:\/\/noti-america.com\/site\/repdom\/wp-content\/uploads\/sites\/6\/2020\/07\/WhatsApp-Image-2020-07-19-at-3.10.48-PM-1.jpeg\",\"width\":768,\"height\":432},{\"@type\":\"BreadcrumbList\",\"@id\":\"https:\/\/noti-america.com\/site\/repdom\/2020\/07\/20\/senado-aprueba-estado-emergencia-por-45-dias\/#breadcrumb\",\"itemListElement\":[{\"@type\":\"ListItem\",\"position\":1,\"name\":\"Portada\",\"item\":\"https:\/\/noti-america.com\/site\/repdom\/\"},{\"@type\":\"ListItem\",\"position\":2,\"name\":\"Senado aprueba estado de emergencia por 45 d\u00edas\"}]},{\"@type\":\"WebSite\",\"@id\":\"https:\/\/noti-america.com\/site\/repdom\/#website\",\"url\":\"https:\/\/noti-america.com\/site\/repdom\/\",\"name\":\"Rep. Dominicana | Noti-America.com\",\"description\":\"\",\"publisher\":{\"@id\":\"https:\/\/noti-america.com\/site\/repdom\/#organization\"},\"potentialAction\":[{\"@type\":\"SearchAction\",\"target\":{\"@type\":\"EntryPoint\",\"urlTemplate\":\"https:\/\/noti-america.com\/site\/repdom\/?s={search_term_string}\"},\"query-input\":{\"@type\":\"PropertyValueSpecification\",\"valueRequired\":true,\"valueName\":\"search_term_string\"}}],\"inLanguage\":\"es\"},{\"@type\":\"Organization\",\"@id\":\"https:\/\/noti-america.com\/site\/repdom\/#organization\",\"name\":\"Noti-America LLC | Rep\u00fablica Dominicana\",\"url\":\"https:\/\/noti-america.com\/site\/repdom\/\",\"logo\":{\"@type\":\"ImageObject\",\"inLanguage\":\"es\",\"@id\":\"https:\/\/noti-america.com\/site\/repdom\/#\/schema\/logo\/image\/\",\"url\":\"https:\/\/noti-america.com\/site\/repdom\/wp-content\/uploads\/sites\/6\/2020\/07\/LogoNA-4x3-1.jpg\",\"contentUrl\":\"https:\/\/noti-america.com\/site\/repdom\/wp-content\/uploads\/sites\/6\/2020\/07\/LogoNA-4x3-1.jpg\",\"width\":1236,\"height\":1080,\"caption\":\"Noti-America LLC | Rep\u00fablica Dominicana\"},\"image\":{\"@id\":\"https:\/\/noti-america.com\/site\/repdom\/#\/schema\/logo\/image\/\"}},{\"@type\":\"Person\",\"@id\":\"https:\/\/noti-america.com\/site\/repdom\/#\/schema\/person\/e13880b4308eea6926b271284605ef72\",\"name\":\"CAMH\",\"image\":{\"@type\":\"ImageObject\",\"inLanguage\":\"es\",\"@id\":\"https:\/\/secure.gravatar.com\/avatar\/82aa99c723cbed2b304797bc218a5542b5a94d7f5d0ba3b39650aef53c28ecf5?s=96&d=mm&r=g\",\"url\":\"https:\/\/secure.gravatar.com\/avatar\/82aa99c723cbed2b304797bc218a5542b5a94d7f5d0ba3b39650aef53c28ecf5?s=96&d=mm&r=g\",\"contentUrl\":\"https:\/\/secure.gravatar.com\/avatar\/82aa99c723cbed2b304797bc218a5542b5a94d7f5d0ba3b39650aef53c28ecf5?s=96&d=mm&r=g\",\"caption\":\"CAMH\"},\"url\":\"https:\/\/noti-america.com\/site\/repdom\/author\/cmitchell\/\"}]}<\/script>\n<!-- \/ Yoast SEO Premium plugin. -->","yoast_head_json":{"title":"Senado aprueba estado de emergencia por 45 d\u00edas - Rep. Dominicana | Noti-America.com","robots":{"index":"index","follow":"follow","max-snippet":"max-snippet:-1","max-image-preview":"max-image-preview:large","max-video-preview":"max-video-preview:-1"},"canonical":"https:\/\/noti-america.com\/site\/repdom\/2020\/07\/20\/senado-aprueba-estado-emergencia-por-45-dias\/","og_locale":"es_ES","og_type":"article","og_title":"Senado aprueba estado de emergencia por 45 d\u00edas","og_description":"NOTI-AM\u00c9RICA (REP\u00daBLICA DOMINICANA) EL NUEVO DIARIO, SANTO DOMINGO.- El Senado de la Rep\u00fablica, aprob\u00f3 este domingo en \u00fanica lectura la Resoluci\u00f3n mediante la cual se autoriza al presidente Danilo Medina S\u00e1nchez, declarar nuevamente el&#46;&#46;&#46;","og_url":"https:\/\/noti-america.com\/site\/repdom\/2020\/07\/20\/senado-aprueba-estado-emergencia-por-45-dias\/","og_site_name":"Rep. Dominicana | Noti-America.com","article_published_time":"2020-07-20T02:02:48+00:00","article_modified_time":"2020-07-20T02:04:32+00:00","og_image":[{"width":768,"height":432,"url":"https:\/\/noti-america.com\/site\/repdom\/wp-content\/uploads\/sites\/6\/2020\/07\/WhatsApp-Image-2020-07-19-at-3.10.48-PM-1.jpeg","type":"image\/jpeg"}],"author":"CAMH","twitter_card":"summary_large_image","twitter_misc":{"Escrito por":"CAMH","Tiempo estimado de lectura":"6 minutos"},"schema":{"@context":"https:\/\/schema.org","@graph":[{"@type":"Article","@id":"https:\/\/noti-america.com\/site\/repdom\/2020\/07\/20\/senado-aprueba-estado-emergencia-por-45-dias\/#article","isPartOf":{"@id":"https:\/\/noti-america.com\/site\/repdom\/2020\/07\/20\/senado-aprueba-estado-emergencia-por-45-dias\/"},"author":{"name":"CAMH","@id":"https:\/\/noti-america.com\/site\/repdom\/#\/schema\/person\/e13880b4308eea6926b271284605ef72"},"headline":"Senado aprueba estado de emergencia por 45 d\u00edas","datePublished":"2020-07-20T02:02:48+00:00","dateModified":"2020-07-20T02:04:32+00:00","mainEntityOfPage":{"@id":"https:\/\/noti-america.com\/site\/repdom\/2020\/07\/20\/senado-aprueba-estado-emergencia-por-45-dias\/"},"wordCount":1123,"commentCount":0,"publisher":{"@id":"https:\/\/noti-america.com\/site\/repdom\/#organization"},"image":{"@id":"https:\/\/noti-america.com\/site\/repdom\/2020\/07\/20\/senado-aprueba-estado-emergencia-por-45-dias\/#primaryimage"},"thumbnailUrl":"https:\/\/noti-america.com\/site\/repdom\/wp-content\/uploads\/sites\/6\/2020\/07\/WhatsApp-Image-2020-07-19-at-3.10.48-PM-1.jpeg","articleSection":["Noticias"],"inLanguage":"es","potentialAction":[{"@type":"CommentAction","name":"Comment","target":["https:\/\/noti-america.com\/site\/repdom\/2020\/07\/20\/senado-aprueba-estado-emergencia-por-45-dias\/#respond"]}]},{"@type":"WebPage","@id":"https:\/\/noti-america.com\/site\/repdom\/2020\/07\/20\/senado-aprueba-estado-emergencia-por-45-dias\/","url":"https:\/\/noti-america.com\/site\/repdom\/2020\/07\/20\/senado-aprueba-estado-emergencia-por-45-dias\/","name":"Senado aprueba estado de emergencia por 45 d\u00edas - Rep. Dominicana | Noti-America.com","isPartOf":{"@id":"https:\/\/noti-america.com\/site\/repdom\/#website"},"primaryImageOfPage":{"@id":"https:\/\/noti-america.com\/site\/repdom\/2020\/07\/20\/senado-aprueba-estado-emergencia-por-45-dias\/#primaryimage"},"image":{"@id":"https:\/\/noti-america.com\/site\/repdom\/2020\/07\/20\/senado-aprueba-estado-emergencia-por-45-dias\/#primaryimage"},"thumbnailUrl":"https:\/\/noti-america.com\/site\/repdom\/wp-content\/uploads\/sites\/6\/2020\/07\/WhatsApp-Image-2020-07-19-at-3.10.48-PM-1.jpeg","datePublished":"2020-07-20T02:02:48+00:00","dateModified":"2020-07-20T02:04:32+00:00","breadcrumb":{"@id":"https:\/\/noti-america.com\/site\/repdom\/2020\/07\/20\/senado-aprueba-estado-emergencia-por-45-dias\/#breadcrumb"},"inLanguage":"es","potentialAction":[{"@type":"ReadAction","target":["https:\/\/noti-america.com\/site\/repdom\/2020\/07\/20\/senado-aprueba-estado-emergencia-por-45-dias\/"]}]},{"@type":"ImageObject","inLanguage":"es","@id":"https:\/\/noti-america.com\/site\/repdom\/2020\/07\/20\/senado-aprueba-estado-emergencia-por-45-dias\/#primaryimage","url":"https:\/\/noti-america.com\/site\/repdom\/wp-content\/uploads\/sites\/6\/2020\/07\/WhatsApp-Image-2020-07-19-at-3.10.48-PM-1.jpeg","contentUrl":"https:\/\/noti-america.com\/site\/repdom\/wp-content\/uploads\/sites\/6\/2020\/07\/WhatsApp-Image-2020-07-19-at-3.10.48-PM-1.jpeg","width":768,"height":432},{"@type":"BreadcrumbList","@id":"https:\/\/noti-america.com\/site\/repdom\/2020\/07\/20\/senado-aprueba-estado-emergencia-por-45-dias\/#breadcrumb","itemListElement":[{"@type":"ListItem","position":1,"name":"Portada","item":"https:\/\/noti-america.com\/site\/repdom\/"},{"@type":"ListItem","position":2,"name":"Senado aprueba estado de emergencia por 45 d\u00edas"}]},{"@type":"WebSite","@id":"https:\/\/noti-america.com\/site\/repdom\/#website","url":"https:\/\/noti-america.com\/site\/repdom\/","name":"Rep. Dominicana | Noti-America.com","description":"","publisher":{"@id":"https:\/\/noti-america.com\/site\/repdom\/#organization"},"potentialAction":[{"@type":"SearchAction","target":{"@type":"EntryPoint","urlTemplate":"https:\/\/noti-america.com\/site\/repdom\/?s={search_term_string}"},"query-input":{"@type":"PropertyValueSpecification","valueRequired":true,"valueName":"search_term_string"}}],"inLanguage":"es"},{"@type":"Organization","@id":"https:\/\/noti-america.com\/site\/repdom\/#organization","name":"Noti-America LLC | Rep\u00fablica Dominicana","url":"https:\/\/noti-america.com\/site\/repdom\/","logo":{"@type":"ImageObject","inLanguage":"es","@id":"https:\/\/noti-america.com\/site\/repdom\/#\/schema\/logo\/image\/","url":"https:\/\/noti-america.com\/site\/repdom\/wp-content\/uploads\/sites\/6\/2020\/07\/LogoNA-4x3-1.jpg","contentUrl":"https:\/\/noti-america.com\/site\/repdom\/wp-content\/uploads\/sites\/6\/2020\/07\/LogoNA-4x3-1.jpg","width":1236,"height":1080,"caption":"Noti-America LLC | Rep\u00fablica Dominicana"},"image":{"@id":"https:\/\/noti-america.com\/site\/repdom\/#\/schema\/logo\/image\/"}},{"@type":"Person","@id":"https:\/\/noti-america.com\/site\/repdom\/#\/schema\/person\/e13880b4308eea6926b271284605ef72","name":"CAMH","image":{"@type":"ImageObject","inLanguage":"es","@id":"https:\/\/secure.gravatar.com\/avatar\/82aa99c723cbed2b304797bc218a5542b5a94d7f5d0ba3b39650aef53c28ecf5?s=96&d=mm&r=g","url":"https:\/\/secure.gravatar.com\/avatar\/82aa99c723cbed2b304797bc218a5542b5a94d7f5d0ba3b39650aef53c28ecf5?s=96&d=mm&r=g","contentUrl":"https:\/\/secure.gravatar.com\/avatar\/82aa99c723cbed2b304797bc218a5542b5a94d7f5d0ba3b39650aef53c28ecf5?s=96&d=mm&r=g","caption":"CAMH"},"url":"https:\/\/noti-america.com\/site\/repdom\/author\/cmitchell\/"}]}},"_links":{"self":[{"href":"https:\/\/noti-america.com\/site\/repdom\/wp-json\/wp\/v2\/posts\/2036","targetHints":{"allow":["GET"]}}],"collection":[{"href":"https:\/\/noti-america.com\/site\/repdom\/wp-json\/wp\/v2\/posts"}],"about":[{"href":"https:\/\/noti-america.com\/site\/repdom\/wp-json\/wp\/v2\/types\/post"}],"author":[{"embeddable":true,"href":"https:\/\/noti-america.com\/site\/repdom\/wp-json\/wp\/v2\/users\/87"}],"replies":[{"embeddable":true,"href":"https:\/\/noti-america.com\/site\/repdom\/wp-json\/wp\/v2\/comments?post=2036"}],"version-history":[{"count":2,"href":"https:\/\/noti-america.com\/site\/repdom\/wp-json\/wp\/v2\/posts\/2036\/revisions"}],"predecessor-version":[{"id":2047,"href":"https:\/\/noti-america.com\/site\/repdom\/wp-json\/wp\/v2\/posts\/2036\/revisions\/2047"}],"wp:featuredmedia":[{"embeddable":true,"href":"https:\/\/noti-america.com\/site\/repdom\/wp-json\/wp\/v2\/media\/2037"}],"wp:attachment":[{"href":"https:\/\/noti-america.com\/site\/repdom\/wp-json\/wp\/v2\/media?parent=2036"}],"wp:term":[{"taxonomy":"category","embeddable":true,"href":"https:\/\/noti-america.com\/site\/repdom\/wp-json\/wp\/v2\/categories?post=2036"},{"taxonomy":"post_tag","embeddable":true,"href":"https:\/\/noti-america.com\/site\/repdom\/wp-json\/wp\/v2\/tags?post=2036"}],"curies":[{"name":"wp","href":"https:\/\/api.w.org\/{rel}","templated":true}]}}