{"id":20215,"date":"2022-10-21T21:11:18","date_gmt":"2022-10-21T21:11:18","guid":{"rendered":"https:\/\/noti-america.com\/site\/repdom\/?p=20215"},"modified":"2022-10-21T21:11:18","modified_gmt":"2022-10-21T21:11:18","slug":"el-exjefe-de-la-mision-de-la-onu-en-haiti-llama-a-una-accion-militar-relampago-para-acabar-con-la-violencia","status":"publish","type":"post","link":"https:\/\/noti-america.com\/site\/repdom\/2022\/10\/21\/el-exjefe-de-la-mision-de-la-onu-en-haiti-llama-a-una-accion-militar-relampago-para-acabar-con-la-violencia\/","title":{"rendered":"\u00abEl exjefe de la misi\u00f3n de la ONU en Hait\u00ed llama a una \u00abacci\u00f3n militar rel\u00e1mpago\u00bb para acabar con la violencia\u00bb"},"content":{"rendered":"<p style=\"text-align: justify\"><strong>NOTIAMERICA &#8211; REPUBLICA DOMINICANA <\/strong><\/p>\n<p style=\"text-align: justify\"><strong>PUERTO PRINCIPE_<\/strong> El exjefe de la\u00a0<strong>Misi\u00f3n de Estabilizaci\u00f3n de las Naciones Unidas<\/strong>\u00a0en Hait\u00ed (MINUSTAH), activa de 2004 a 2017 el chileno Mariano Fern\u00e1ndez, considera que es necesaria una \u00abacci\u00f3n militar rel\u00e1mpago\u00bb en el pa\u00eds caribe\u00f1o para acabar con la violencia de las bandas armadas.<\/p>\n<p style=\"text-align: justify\">En declaraciones al diario dominicano &#8216;List\u00edn Diario&#8217;, Fern\u00e1ndez ha lamentado la \u00abfr\u00e1gil\u00bb y \u00abcomplicada\u00bb\u00a0<a href=\"https:\/\/listindiario.com\/la-republica\/2022\/09\/15\/738873\/en-haiti-las-calles-escupen-ira\" target=\"_blank\" rel=\"noopener\"><strong>situaci\u00f3n en Hait\u00ed<\/strong><\/a>, donde cree que, tras la intervenci\u00f3n de una fuerza militar, es necesario implementar un plan que acabe con la pobreza.<\/p>\n<p style=\"text-align: justify\">En este sentido, Fern\u00e1ndez ha reconocido que\u00a0<strong>Rep\u00fablica Dominicana<\/strong>, pese a estar en otro estadio a nivel social, se ve envuelta en una situaci\u00f3n complicada por la coyuntura haitiana al compartir ambos pa\u00edses la isla La Espa\u00f1ola.<\/p>\n<p style=\"text-align: justify\">Por otro lado, el exdiplom\u00e1tico ha puesto en valor su gesti\u00f3n al frente de la MINUSTAH recordando que durante los casi dos a\u00f1os que lider\u00f3 la misi\u00f3n \u00absolo hubo dos secuestros y un crimen pol\u00edtico\u00bb e intent\u00f3 buscar un consenso con los actores claves de Hait\u00ed.<\/p>\n<p style=\"text-align: justify\">As\u00ed, en base a su experiencia, ha defendido la necesidad de apostar por instituciones s\u00f3lidas, alcanzar un pacto de gobernabilidad e impulsar un plan de desarrollo que genere empleo entre la\u00a0<strong>poblaci\u00f3n haitiana.<\/strong><\/p>\n<p style=\"text-align: justify\">\u00abCreo que ese es un gran desaf\u00edo, no creo que sea un asunto tan complejo sacar al pa\u00eds adelante, hacia el progreso\u00bb, ha se\u00f1alado Fern\u00e1ndez, quien considera que Hait\u00ed tiene \u00abun potencial que no se puede subestimar, pero por su situaci\u00f3n pol\u00edtica hay que, desde\u00a0<strong>Naciones Unidas,<\/strong>\u00a0aportar una fuerza para garantizar fuentes de trabajo\u00bb.<\/p>\n<p style=\"text-align: justify\">Fuente: listindiario.com<\/p>\n<p style=\"text-align: justify\">Facebook\u00a0 \u00a0Cerso Felipe Castillo Carri\u00f3n<\/p>\n<p style=\"text-align: justify\">Instagram\u00a0 \u00a0@cersocastillo<\/p>\n<p style=\"text-align: justify\">\n","protected":false},"excerpt":{"rendered":"<p>NOTIAMERICA &#8211; REPUBLICA DOMINICANA PUERTO PRINCIPE_ El exjefe de la\u00a0Misi\u00f3n de Estabilizaci\u00f3n de las Naciones Unidas\u00a0en Hait\u00ed (MINUSTAH), activa de 2004 a 2017 el chileno Mariano Fern\u00e1ndez, considera que es necesaria una \u00abacci\u00f3n militar&#46;&#46;&#46;<\/p>\n","protected":false},"author":90,"featured_media":20216,"comment_status":"open","ping_status":"open","sticky":false,"template":"","format":"image","meta":{"_acf_changed":false,"rop_custom_images_group":[],"rop_custom_messages_group":[],"rop_publish_now":"initial","rop_publish_now_accounts":[],"rop_publish_now_history":[],"rop_publish_now_status":"pending","footnotes":""},"categories":[4],"tags":[],"class_list":["post-20215","post","type-post","status-publish","format-image","has-post-thumbnail","hentry","category-internacionales","post_format-post-format-image"],"acf":[],"yoast_head":"<!-- This site is optimized with the Yoast SEO Premium plugin v24.9 (Yoast SEO v27.2) - https:\/\/yoast.com\/product\/yoast-seo-premium-wordpress\/ -->\n<title>&quot;El exjefe de la misi\u00f3n de la ONU en Hait\u00ed llama a una &quot;acci\u00f3n militar rel\u00e1mpago&quot; para acabar con la violencia&quot; - Rep. Dominicana | Noti-America.com<\/title>\n<meta name=\"robots\" content=\"index, follow, max-snippet:-1, max-image-preview:large, max-video-preview:-1\" \/>\n<link rel=\"canonical\" href=\"https:\/\/noti-america.com\/site\/repdom\/2022\/10\/21\/el-exjefe-de-la-mision-de-la-onu-en-haiti-llama-a-una-accion-militar-relampago-para-acabar-con-la-violencia\/\" \/>\n<meta property=\"og:locale\" content=\"es_ES\" \/>\n<meta property=\"og:type\" content=\"article\" \/>\n<meta property=\"og:title\" content=\"&quot;El exjefe de la misi\u00f3n de la ONU en Hait\u00ed llama a una &quot;acci\u00f3n militar rel\u00e1mpago&quot; para acabar con la violencia&quot;\" \/>\n<meta property=\"og:description\" content=\"NOTIAMERICA &#8211; REPUBLICA DOMINICANA PUERTO PRINCIPE_ El exjefe de la\u00a0Misi\u00f3n de Estabilizaci\u00f3n de las Naciones Unidas\u00a0en Hait\u00ed (MINUSTAH), activa de 2004 a 2017 el chileno Mariano Fern\u00e1ndez, considera que es necesaria una \u00abacci\u00f3n militar&#046;&#046;&#046;\" \/>\n<meta property=\"og:url\" content=\"https:\/\/noti-america.com\/site\/repdom\/2022\/10\/21\/el-exjefe-de-la-mision-de-la-onu-en-haiti-llama-a-una-accion-militar-relampago-para-acabar-con-la-violencia\/\" \/>\n<meta property=\"og:site_name\" content=\"Rep. Dominicana | Noti-America.com\" \/>\n<meta property=\"article:published_time\" content=\"2022-10-21T21:11:18+00:00\" \/>\n<meta property=\"og:image\" content=\"https:\/\/noti-america.com\/site\/repdom\/wp-content\/uploads\/sites\/6\/2022\/10\/el-exjefe-de-la-mision-de-la-onu-en-haiti-llama-a-una-accion-militar-relampago-para-acabar-con-la-violencia.jpeg\" \/>\n\t<meta property=\"og:image:width\" content=\"680\" \/>\n\t<meta property=\"og:image:height\" content=\"453\" \/>\n\t<meta property=\"og:image:type\" content=\"image\/jpeg\" \/>\n<meta name=\"author\" content=\"Cerso Castillo\" \/>\n<meta name=\"twitter:card\" content=\"summary_large_image\" \/>\n<meta name=\"twitter:label1\" content=\"Escrito por\" \/>\n\t<meta name=\"twitter:data1\" content=\"Cerso Castillo\" \/>\n\t<meta name=\"twitter:label2\" content=\"Tiempo estimado de lectura\" \/>\n\t<meta name=\"twitter:data2\" content=\"2 minutos\" \/>\n<script type=\"application\/ld+json\" class=\"yoast-schema-graph\">{\"@context\":\"https:\/\/schema.org\",\"@graph\":[{\"@type\":\"Article\",\"@id\":\"https:\/\/noti-america.com\/site\/repdom\/2022\/10\/21\/el-exjefe-de-la-mision-de-la-onu-en-haiti-llama-a-una-accion-militar-relampago-para-acabar-con-la-violencia\/#article\",\"isPartOf\":{\"@id\":\"https:\/\/noti-america.com\/site\/repdom\/2022\/10\/21\/el-exjefe-de-la-mision-de-la-onu-en-haiti-llama-a-una-accion-militar-relampago-para-acabar-con-la-violencia\/\"},\"author\":{\"name\":\"Cerso Castillo\",\"@id\":\"https:\/\/noti-america.com\/site\/repdom\/#\/schema\/person\/408e10184d87f571c50942f1d952011d\"},\"headline\":\"\u00abEl exjefe de la misi\u00f3n de la ONU en Hait\u00ed llama a una \u00abacci\u00f3n militar rel\u00e1mpago\u00bb para acabar con la violencia\u00bb\",\"datePublished\":\"2022-10-21T21:11:18+00:00\",\"mainEntityOfPage\":{\"@id\":\"https:\/\/noti-america.com\/site\/repdom\/2022\/10\/21\/el-exjefe-de-la-mision-de-la-onu-en-haiti-llama-a-una-accion-militar-relampago-para-acabar-con-la-violencia\/\"},\"wordCount\":321,\"commentCount\":0,\"publisher\":{\"@id\":\"https:\/\/noti-america.com\/site\/repdom\/#organization\"},\"image\":{\"@id\":\"https:\/\/noti-america.com\/site\/repdom\/2022\/10\/21\/el-exjefe-de-la-mision-de-la-onu-en-haiti-llama-a-una-accion-militar-relampago-para-acabar-con-la-violencia\/#primaryimage\"},\"thumbnailUrl\":\"https:\/\/noti-america.com\/site\/repdom\/wp-content\/uploads\/sites\/6\/2022\/10\/el-exjefe-de-la-mision-de-la-onu-en-haiti-llama-a-una-accion-militar-relampago-para-acabar-con-la-violencia.jpeg\",\"articleSection\":[\"Internacionales\"],\"inLanguage\":\"es\",\"potentialAction\":[{\"@type\":\"CommentAction\",\"name\":\"Comment\",\"target\":[\"https:\/\/noti-america.com\/site\/repdom\/2022\/10\/21\/el-exjefe-de-la-mision-de-la-onu-en-haiti-llama-a-una-accion-militar-relampago-para-acabar-con-la-violencia\/#respond\"]}]},{\"@type\":\"WebPage\",\"@id\":\"https:\/\/noti-america.com\/site\/repdom\/2022\/10\/21\/el-exjefe-de-la-mision-de-la-onu-en-haiti-llama-a-una-accion-militar-relampago-para-acabar-con-la-violencia\/\",\"url\":\"https:\/\/noti-america.com\/site\/repdom\/2022\/10\/21\/el-exjefe-de-la-mision-de-la-onu-en-haiti-llama-a-una-accion-militar-relampago-para-acabar-con-la-violencia\/\",\"name\":\"\\\"El exjefe de la misi\u00f3n de la ONU en Hait\u00ed llama a una \\\"acci\u00f3n militar rel\u00e1mpago\\\" para acabar con la violencia\\\" - Rep. Dominicana | Noti-America.com\",\"isPartOf\":{\"@id\":\"https:\/\/noti-america.com\/site\/repdom\/#website\"},\"primaryImageOfPage\":{\"@id\":\"https:\/\/noti-america.com\/site\/repdom\/2022\/10\/21\/el-exjefe-de-la-mision-de-la-onu-en-haiti-llama-a-una-accion-militar-relampago-para-acabar-con-la-violencia\/#primaryimage\"},\"image\":{\"@id\":\"https:\/\/noti-america.com\/site\/repdom\/2022\/10\/21\/el-exjefe-de-la-mision-de-la-onu-en-haiti-llama-a-una-accion-militar-relampago-para-acabar-con-la-violencia\/#primaryimage\"},\"thumbnailUrl\":\"https:\/\/noti-america.com\/site\/repdom\/wp-content\/uploads\/sites\/6\/2022\/10\/el-exjefe-de-la-mision-de-la-onu-en-haiti-llama-a-una-accion-militar-relampago-para-acabar-con-la-violencia.jpeg\",\"datePublished\":\"2022-10-21T21:11:18+00:00\",\"breadcrumb\":{\"@id\":\"https:\/\/noti-america.com\/site\/repdom\/2022\/10\/21\/el-exjefe-de-la-mision-de-la-onu-en-haiti-llama-a-una-accion-militar-relampago-para-acabar-con-la-violencia\/#breadcrumb\"},\"inLanguage\":\"es\",\"potentialAction\":[{\"@type\":\"ReadAction\",\"target\":[\"https:\/\/noti-america.com\/site\/repdom\/2022\/10\/21\/el-exjefe-de-la-mision-de-la-onu-en-haiti-llama-a-una-accion-militar-relampago-para-acabar-con-la-violencia\/\"]}]},{\"@type\":\"ImageObject\",\"inLanguage\":\"es\",\"@id\":\"https:\/\/noti-america.com\/site\/repdom\/2022\/10\/21\/el-exjefe-de-la-mision-de-la-onu-en-haiti-llama-a-una-accion-militar-relampago-para-acabar-con-la-violencia\/#primaryimage\",\"url\":\"https:\/\/noti-america.com\/site\/repdom\/wp-content\/uploads\/sites\/6\/2022\/10\/el-exjefe-de-la-mision-de-la-onu-en-haiti-llama-a-una-accion-militar-relampago-para-acabar-con-la-violencia.jpeg\",\"contentUrl\":\"https:\/\/noti-america.com\/site\/repdom\/wp-content\/uploads\/sites\/6\/2022\/10\/el-exjefe-de-la-mision-de-la-onu-en-haiti-llama-a-una-accion-militar-relampago-para-acabar-con-la-violencia.jpeg\",\"width\":680,\"height\":453},{\"@type\":\"BreadcrumbList\",\"@id\":\"https:\/\/noti-america.com\/site\/repdom\/2022\/10\/21\/el-exjefe-de-la-mision-de-la-onu-en-haiti-llama-a-una-accion-militar-relampago-para-acabar-con-la-violencia\/#breadcrumb\",\"itemListElement\":[{\"@type\":\"ListItem\",\"position\":1,\"name\":\"Portada\",\"item\":\"https:\/\/noti-america.com\/site\/repdom\/\"},{\"@type\":\"ListItem\",\"position\":2,\"name\":\"\u00abEl exjefe de la misi\u00f3n de la ONU en Hait\u00ed llama a una \u00abacci\u00f3n militar rel\u00e1mpago\u00bb para acabar con la violencia\u00bb\"}]},{\"@type\":\"WebSite\",\"@id\":\"https:\/\/noti-america.com\/site\/repdom\/#website\",\"url\":\"https:\/\/noti-america.com\/site\/repdom\/\",\"name\":\"Rep. Dominicana | Noti-America.com\",\"description\":\"\",\"publisher\":{\"@id\":\"https:\/\/noti-america.com\/site\/repdom\/#organization\"},\"potentialAction\":[{\"@type\":\"SearchAction\",\"target\":{\"@type\":\"EntryPoint\",\"urlTemplate\":\"https:\/\/noti-america.com\/site\/repdom\/?s={search_term_string}\"},\"query-input\":{\"@type\":\"PropertyValueSpecification\",\"valueRequired\":true,\"valueName\":\"search_term_string\"}}],\"inLanguage\":\"es\"},{\"@type\":\"Organization\",\"@id\":\"https:\/\/noti-america.com\/site\/repdom\/#organization\",\"name\":\"Noti-America LLC | Rep\u00fablica Dominicana\",\"url\":\"https:\/\/noti-america.com\/site\/repdom\/\",\"logo\":{\"@type\":\"ImageObject\",\"inLanguage\":\"es\",\"@id\":\"https:\/\/noti-america.com\/site\/repdom\/#\/schema\/logo\/image\/\",\"url\":\"https:\/\/noti-america.com\/site\/repdom\/wp-content\/uploads\/sites\/6\/2020\/07\/LogoNA-4x3-1.jpg\",\"contentUrl\":\"https:\/\/noti-america.com\/site\/repdom\/wp-content\/uploads\/sites\/6\/2020\/07\/LogoNA-4x3-1.jpg\",\"width\":1236,\"height\":1080,\"caption\":\"Noti-America LLC | Rep\u00fablica Dominicana\"},\"image\":{\"@id\":\"https:\/\/noti-america.com\/site\/repdom\/#\/schema\/logo\/image\/\"}},{\"@type\":\"Person\",\"@id\":\"https:\/\/noti-america.com\/site\/repdom\/#\/schema\/person\/408e10184d87f571c50942f1d952011d\",\"name\":\"Cerso Castillo\",\"image\":{\"@type\":\"ImageObject\",\"inLanguage\":\"es\",\"@id\":\"https:\/\/secure.gravatar.com\/avatar\/cdbd3acf34ce68a34b34df99954821070986715ab3e264b63c5395bd1ddd529d?s=96&d=mm&r=g\",\"url\":\"https:\/\/secure.gravatar.com\/avatar\/cdbd3acf34ce68a34b34df99954821070986715ab3e264b63c5395bd1ddd529d?s=96&d=mm&r=g\",\"contentUrl\":\"https:\/\/secure.gravatar.com\/avatar\/cdbd3acf34ce68a34b34df99954821070986715ab3e264b63c5395bd1ddd529d?s=96&d=mm&r=g\",\"caption\":\"Cerso Castillo\"},\"description\":\"Comunicador &amp; Periodista, Locutor, Maestro de Ceremonias, Animador, Orador, Dominio Escenico, Productor de Tv &amp; Radio, Lider Consejero de Camp., Mentor Honorifico, Coach Comunicacional, Manejo de Paq. De Office, Dominio del Portugues, manejo del Ingles Intermedio &amp; Productor General del Programa Digital Conexi\u00f3n Sin Limites RD.\",\"sameAs\":[\"https:\/\/www.facebook.com\/conexionsinlimitesrd\/\"],\"url\":\"https:\/\/noti-america.com\/site\/repdom\/author\/ccastillo\/\"}]}<\/script>\n<!-- \/ Yoast SEO Premium plugin. -->","yoast_head_json":{"title":"\"El exjefe de la misi\u00f3n de la ONU en Hait\u00ed llama a una \"acci\u00f3n militar rel\u00e1mpago\" para acabar con la violencia\" - Rep. Dominicana | Noti-America.com","robots":{"index":"index","follow":"follow","max-snippet":"max-snippet:-1","max-image-preview":"max-image-preview:large","max-video-preview":"max-video-preview:-1"},"canonical":"https:\/\/noti-america.com\/site\/repdom\/2022\/10\/21\/el-exjefe-de-la-mision-de-la-onu-en-haiti-llama-a-una-accion-militar-relampago-para-acabar-con-la-violencia\/","og_locale":"es_ES","og_type":"article","og_title":"\"El exjefe de la misi\u00f3n de la ONU en Hait\u00ed llama a una \"acci\u00f3n militar rel\u00e1mpago\" para acabar con la violencia\"","og_description":"NOTIAMERICA &#8211; REPUBLICA DOMINICANA PUERTO PRINCIPE_ El exjefe de la\u00a0Misi\u00f3n de Estabilizaci\u00f3n de las Naciones Unidas\u00a0en Hait\u00ed (MINUSTAH), activa de 2004 a 2017 el chileno Mariano Fern\u00e1ndez, considera que es necesaria una \u00abacci\u00f3n militar&#46;&#46;&#46;","og_url":"https:\/\/noti-america.com\/site\/repdom\/2022\/10\/21\/el-exjefe-de-la-mision-de-la-onu-en-haiti-llama-a-una-accion-militar-relampago-para-acabar-con-la-violencia\/","og_site_name":"Rep. Dominicana | Noti-America.com","article_published_time":"2022-10-21T21:11:18+00:00","og_image":[{"width":680,"height":453,"url":"https:\/\/noti-america.com\/site\/repdom\/wp-content\/uploads\/sites\/6\/2022\/10\/el-exjefe-de-la-mision-de-la-onu-en-haiti-llama-a-una-accion-militar-relampago-para-acabar-con-la-violencia.jpeg","type":"image\/jpeg"}],"author":"Cerso Castillo","twitter_card":"summary_large_image","twitter_misc":{"Escrito por":"Cerso Castillo","Tiempo estimado de lectura":"2 minutos"},"schema":{"@context":"https:\/\/schema.org","@graph":[{"@type":"Article","@id":"https:\/\/noti-america.com\/site\/repdom\/2022\/10\/21\/el-exjefe-de-la-mision-de-la-onu-en-haiti-llama-a-una-accion-militar-relampago-para-acabar-con-la-violencia\/#article","isPartOf":{"@id":"https:\/\/noti-america.com\/site\/repdom\/2022\/10\/21\/el-exjefe-de-la-mision-de-la-onu-en-haiti-llama-a-una-accion-militar-relampago-para-acabar-con-la-violencia\/"},"author":{"name":"Cerso Castillo","@id":"https:\/\/noti-america.com\/site\/repdom\/#\/schema\/person\/408e10184d87f571c50942f1d952011d"},"headline":"\u00abEl exjefe de la misi\u00f3n de la ONU en Hait\u00ed llama a una \u00abacci\u00f3n militar rel\u00e1mpago\u00bb para acabar con la violencia\u00bb","datePublished":"2022-10-21T21:11:18+00:00","mainEntityOfPage":{"@id":"https:\/\/noti-america.com\/site\/repdom\/2022\/10\/21\/el-exjefe-de-la-mision-de-la-onu-en-haiti-llama-a-una-accion-militar-relampago-para-acabar-con-la-violencia\/"},"wordCount":321,"commentCount":0,"publisher":{"@id":"https:\/\/noti-america.com\/site\/repdom\/#organization"},"image":{"@id":"https:\/\/noti-america.com\/site\/repdom\/2022\/10\/21\/el-exjefe-de-la-mision-de-la-onu-en-haiti-llama-a-una-accion-militar-relampago-para-acabar-con-la-violencia\/#primaryimage"},"thumbnailUrl":"https:\/\/noti-america.com\/site\/repdom\/wp-content\/uploads\/sites\/6\/2022\/10\/el-exjefe-de-la-mision-de-la-onu-en-haiti-llama-a-una-accion-militar-relampago-para-acabar-con-la-violencia.jpeg","articleSection":["Internacionales"],"inLanguage":"es","potentialAction":[{"@type":"CommentAction","name":"Comment","target":["https:\/\/noti-america.com\/site\/repdom\/2022\/10\/21\/el-exjefe-de-la-mision-de-la-onu-en-haiti-llama-a-una-accion-militar-relampago-para-acabar-con-la-violencia\/#respond"]}]},{"@type":"WebPage","@id":"https:\/\/noti-america.com\/site\/repdom\/2022\/10\/21\/el-exjefe-de-la-mision-de-la-onu-en-haiti-llama-a-una-accion-militar-relampago-para-acabar-con-la-violencia\/","url":"https:\/\/noti-america.com\/site\/repdom\/2022\/10\/21\/el-exjefe-de-la-mision-de-la-onu-en-haiti-llama-a-una-accion-militar-relampago-para-acabar-con-la-violencia\/","name":"\"El exjefe de la misi\u00f3n de la ONU en Hait\u00ed llama a una \"acci\u00f3n militar rel\u00e1mpago\" para acabar con la violencia\" - Rep. Dominicana | Noti-America.com","isPartOf":{"@id":"https:\/\/noti-america.com\/site\/repdom\/#website"},"primaryImageOfPage":{"@id":"https:\/\/noti-america.com\/site\/repdom\/2022\/10\/21\/el-exjefe-de-la-mision-de-la-onu-en-haiti-llama-a-una-accion-militar-relampago-para-acabar-con-la-violencia\/#primaryimage"},"image":{"@id":"https:\/\/noti-america.com\/site\/repdom\/2022\/10\/21\/el-exjefe-de-la-mision-de-la-onu-en-haiti-llama-a-una-accion-militar-relampago-para-acabar-con-la-violencia\/#primaryimage"},"thumbnailUrl":"https:\/\/noti-america.com\/site\/repdom\/wp-content\/uploads\/sites\/6\/2022\/10\/el-exjefe-de-la-mision-de-la-onu-en-haiti-llama-a-una-accion-militar-relampago-para-acabar-con-la-violencia.jpeg","datePublished":"2022-10-21T21:11:18+00:00","breadcrumb":{"@id":"https:\/\/noti-america.com\/site\/repdom\/2022\/10\/21\/el-exjefe-de-la-mision-de-la-onu-en-haiti-llama-a-una-accion-militar-relampago-para-acabar-con-la-violencia\/#breadcrumb"},"inLanguage":"es","potentialAction":[{"@type":"ReadAction","target":["https:\/\/noti-america.com\/site\/repdom\/2022\/10\/21\/el-exjefe-de-la-mision-de-la-onu-en-haiti-llama-a-una-accion-militar-relampago-para-acabar-con-la-violencia\/"]}]},{"@type":"ImageObject","inLanguage":"es","@id":"https:\/\/noti-america.com\/site\/repdom\/2022\/10\/21\/el-exjefe-de-la-mision-de-la-onu-en-haiti-llama-a-una-accion-militar-relampago-para-acabar-con-la-violencia\/#primaryimage","url":"https:\/\/noti-america.com\/site\/repdom\/wp-content\/uploads\/sites\/6\/2022\/10\/el-exjefe-de-la-mision-de-la-onu-en-haiti-llama-a-una-accion-militar-relampago-para-acabar-con-la-violencia.jpeg","contentUrl":"https:\/\/noti-america.com\/site\/repdom\/wp-content\/uploads\/sites\/6\/2022\/10\/el-exjefe-de-la-mision-de-la-onu-en-haiti-llama-a-una-accion-militar-relampago-para-acabar-con-la-violencia.jpeg","width":680,"height":453},{"@type":"BreadcrumbList","@id":"https:\/\/noti-america.com\/site\/repdom\/2022\/10\/21\/el-exjefe-de-la-mision-de-la-onu-en-haiti-llama-a-una-accion-militar-relampago-para-acabar-con-la-violencia\/#breadcrumb","itemListElement":[{"@type":"ListItem","position":1,"name":"Portada","item":"https:\/\/noti-america.com\/site\/repdom\/"},{"@type":"ListItem","position":2,"name":"\u00abEl exjefe de la misi\u00f3n de la ONU en Hait\u00ed llama a una \u00abacci\u00f3n militar rel\u00e1mpago\u00bb para acabar con la violencia\u00bb"}]},{"@type":"WebSite","@id":"https:\/\/noti-america.com\/site\/repdom\/#website","url":"https:\/\/noti-america.com\/site\/repdom\/","name":"Rep. Dominicana | Noti-America.com","description":"","publisher":{"@id":"https:\/\/noti-america.com\/site\/repdom\/#organization"},"potentialAction":[{"@type":"SearchAction","target":{"@type":"EntryPoint","urlTemplate":"https:\/\/noti-america.com\/site\/repdom\/?s={search_term_string}"},"query-input":{"@type":"PropertyValueSpecification","valueRequired":true,"valueName":"search_term_string"}}],"inLanguage":"es"},{"@type":"Organization","@id":"https:\/\/noti-america.com\/site\/repdom\/#organization","name":"Noti-America LLC | Rep\u00fablica Dominicana","url":"https:\/\/noti-america.com\/site\/repdom\/","logo":{"@type":"ImageObject","inLanguage":"es","@id":"https:\/\/noti-america.com\/site\/repdom\/#\/schema\/logo\/image\/","url":"https:\/\/noti-america.com\/site\/repdom\/wp-content\/uploads\/sites\/6\/2020\/07\/LogoNA-4x3-1.jpg","contentUrl":"https:\/\/noti-america.com\/site\/repdom\/wp-content\/uploads\/sites\/6\/2020\/07\/LogoNA-4x3-1.jpg","width":1236,"height":1080,"caption":"Noti-America LLC | Rep\u00fablica Dominicana"},"image":{"@id":"https:\/\/noti-america.com\/site\/repdom\/#\/schema\/logo\/image\/"}},{"@type":"Person","@id":"https:\/\/noti-america.com\/site\/repdom\/#\/schema\/person\/408e10184d87f571c50942f1d952011d","name":"Cerso Castillo","image":{"@type":"ImageObject","inLanguage":"es","@id":"https:\/\/secure.gravatar.com\/avatar\/cdbd3acf34ce68a34b34df99954821070986715ab3e264b63c5395bd1ddd529d?s=96&d=mm&r=g","url":"https:\/\/secure.gravatar.com\/avatar\/cdbd3acf34ce68a34b34df99954821070986715ab3e264b63c5395bd1ddd529d?s=96&d=mm&r=g","contentUrl":"https:\/\/secure.gravatar.com\/avatar\/cdbd3acf34ce68a34b34df99954821070986715ab3e264b63c5395bd1ddd529d?s=96&d=mm&r=g","caption":"Cerso Castillo"},"description":"Comunicador &amp; Periodista, Locutor, Maestro de Ceremonias, Animador, Orador, Dominio Escenico, Productor de Tv &amp; Radio, Lider Consejero de Camp., Mentor Honorifico, Coach Comunicacional, Manejo de Paq. De Office, Dominio del Portugues, manejo del Ingles Intermedio &amp; Productor General del Programa Digital Conexi\u00f3n Sin Limites RD.","sameAs":["https:\/\/www.facebook.com\/conexionsinlimitesrd\/"],"url":"https:\/\/noti-america.com\/site\/repdom\/author\/ccastillo\/"}]}},"_links":{"self":[{"href":"https:\/\/noti-america.com\/site\/repdom\/wp-json\/wp\/v2\/posts\/20215","targetHints":{"allow":["GET"]}}],"collection":[{"href":"https:\/\/noti-america.com\/site\/repdom\/wp-json\/wp\/v2\/posts"}],"about":[{"href":"https:\/\/noti-america.com\/site\/repdom\/wp-json\/wp\/v2\/types\/post"}],"author":[{"embeddable":true,"href":"https:\/\/noti-america.com\/site\/repdom\/wp-json\/wp\/v2\/users\/90"}],"replies":[{"embeddable":true,"href":"https:\/\/noti-america.com\/site\/repdom\/wp-json\/wp\/v2\/comments?post=20215"}],"version-history":[{"count":1,"href":"https:\/\/noti-america.com\/site\/repdom\/wp-json\/wp\/v2\/posts\/20215\/revisions"}],"predecessor-version":[{"id":20217,"href":"https:\/\/noti-america.com\/site\/repdom\/wp-json\/wp\/v2\/posts\/20215\/revisions\/20217"}],"wp:featuredmedia":[{"embeddable":true,"href":"https:\/\/noti-america.com\/site\/repdom\/wp-json\/wp\/v2\/media\/20216"}],"wp:attachment":[{"href":"https:\/\/noti-america.com\/site\/repdom\/wp-json\/wp\/v2\/media?parent=20215"}],"wp:term":[{"taxonomy":"category","embeddable":true,"href":"https:\/\/noti-america.com\/site\/repdom\/wp-json\/wp\/v2\/categories?post=20215"},{"taxonomy":"post_tag","embeddable":true,"href":"https:\/\/noti-america.com\/site\/repdom\/wp-json\/wp\/v2\/tags?post=20215"}],"curies":[{"name":"wp","href":"https:\/\/api.w.org\/{rel}","templated":true}]}}