{"id":19531,"date":"2022-09-08T18:46:23","date_gmt":"2022-09-08T18:46:23","guid":{"rendered":"https:\/\/noti-america.com\/site\/repdom\/?p=19531"},"modified":"2022-09-08T18:46:23","modified_gmt":"2022-09-08T18:46:23","slug":"muere-la-reina-isabel-ii-de-inglaterra-referente-de-la-monarquia-europea","status":"publish","type":"post","link":"https:\/\/noti-america.com\/site\/repdom\/2022\/09\/08\/muere-la-reina-isabel-ii-de-inglaterra-referente-de-la-monarquia-europea\/","title":{"rendered":"\u00abMuere la reina Isabel II de Inglaterra, referente de la monarqu\u00eda europea\u00bb"},"content":{"rendered":"<p style=\"text-align: justify\"><strong>NOTIAMERICA &#8211; REPUBLICA DOMINICANA\u00a0<\/strong><\/p>\n<h2 class=\"a_st\" style=\"text-align: justify\">Londres, Inglaterra_ \u00abLa soberana fallece a los 96 a\u00f1os, tras siete d\u00e9cadas al frente de la corona brit\u00e1nica\u00bb.<\/h2>\n<p style=\"text-align: justify\">Isabel II ha fallecido este jueves a los 96 a\u00f1os, en su residencia de Balmoral y rodeada por toda su familia, seg\u00fan ha anunciado el palacio de Buckingham. \u201cLa Reina ha muerto en paz en Balmoral esta tarde. El Rey [Carlos de Inglaterra] y la Reina Consorte [Camilla Parker-Bowles] permanecer\u00e1n en Balmoral esta tarde y regresar\u00e1n ma\u00f1ana a Londres. Jueves. 8 de septiembre de 2022\u2033, ha se\u00f1alado un sobrio comunicado sobre fondo negro en la p\u00e1gina oficial del palacio.<\/p>\n<p class=\"\" style=\"text-align: justify\">\u201cLa muerte de mi querida madre, Su Majestad la Reina, es un momento de enorme tristeza para m\u00ed y para todos los miembros de mi familia. Lamentamos profundamente la muerte de una Soberana querida y una madre muy amada\u201d, ha dicho el nuevo rey, Carlos III, en su primer comunicado oficial como monarca.<\/p>\n<p class=\"\" style=\"text-align: justify\">La salud de la reina m\u00e1s longeva y popular del Reino Unido comenz\u00f3 a declinar desde que\u00a0<a href=\"https:\/\/elpais.com\/internacional\/2021-04-09\/muere-felipe-de-edimburgo.html\" target=\"_blank\" rel=\"noopener\">muriera, en abril de 2021, su esposo, Felipe de Edimburgo<\/a>. La monarca pudo presenciar en primera persona las celebraciones en todo el pa\u00eds en julio<a href=\"https:\/\/elpais.com\/internacional\/2022-06-05\/tres-hurras-por-la-reina-el-reino-unido-descubre-que-el-mundo-sigue-prestandole-atencion.html\" target=\"_blank\" rel=\"noopener\">\u00a0por sus 70 a\u00f1os de reinado \u2014el Jubileo de Platino\u2014<\/a>, e incluso estuvo en condiciones, esta misma semana, de recibir en su residencia escocesa al primer ministro saliente, Boris Johnson, y de encargar a su sucesora, Liz Truss, la formaci\u00f3n de un nuevo Gobierno en su nombre.<a href=\"https:\/\/elpais.com\/gente\/2022-09-06\/la-reina-isabel-ii-y-sus-15-primeros-ministros-en-fotos.html\" target=\"_blank\" rel=\"noopener\">\u00a0Era el decimoquinto primer ministro que recib\u00eda una monarca<\/a>\u00a0que ha sido parte fundamental de la historia brit\u00e1nica de la segunda mitad del siglo XX y de las dos primeras d\u00e9cadas del XXI. A pesar de las tormentas y contratiempos vividos por la Casa de los Windsor durante este tiempo, la popularidad de Isabel II se mantuvo robusta hasta el final de lo que los historiadores definen ya como la \u201csegunda era isabelina\u201d.<\/p>\n<p class=\"\" style=\"text-align: justify\">Fueron necesarias d\u00e9cadas de templanza, moderaci\u00f3n, aprendizaje, torpezas corregidas y un anacr\u00f3nico pero necesario sentido del deber para que Isabel II fuera la parte indispensable del paisaje de la que ning\u00fan brit\u00e1nico estaba dispuesto a prescindir. Ella fue la raz\u00f3n de que una artista tan gamberra y provocadora como Tracey Emin, cuya obra de arte m\u00e1s conocida es una cama revuelta con las s\u00e1banas manchadas, se declarara una \u201cmon\u00e1rquica secreta\u201d. O de que Vivienne Westwood, la dise\u00f1adora brit\u00e1nica de moda asociada a la est\u00e9tica del punk y de la\u00a0<i>new wave<\/i>, declarara, como millones de mujeres en todo el mundo, ser \u201cmuy fan\u201d de la reina.<\/p>\n<p class=\"\" style=\"text-align: justify\">Isabel II, el s\u00edmbolo universal de lo que representa una casa real europea, fue la demostraci\u00f3n m\u00e1s evidente de que la supervivencia de la instituci\u00f3n mon\u00e1rquica\u00a0<a href=\"https:\/\/elpais.com\/internacional\/2022-06-05\/tres-hurras-por-la-reina-el-reino-unido-descubre-que-el-mundo-sigue-prestandole-atencion.html\" target=\"_blank\" rel=\"noopener\">depende siempre de la personalidad de quien ostenta la corona<\/a>. Y la suya fue una combinaci\u00f3n perfecta de tradicionalismo, invisibilidad, liturgia, modernidad en peque\u00f1os sorbos y una delicada neutralidad constitucional que logr\u00f3 el respeto de los 15 primeros ministros, conservadores y laboristas, que gobernaron en su nombre.<\/p>\n<p style=\"text-align: justify\">Clement Attlee, el socialdem\u00f3crata que construy\u00f3 el Estado del bienestar en el Reino Unido y quit\u00f3 a los suyos las ganas de flirtear con los sentimientos republicanos, escribi\u00f3 que \u201ctodos los monarcas, si est\u00e1n preparados para escuchar, adquieren a lo largo de los a\u00f1os un considerable inventario de conocimiento sobre los hombres, y sobre los asuntos humanos. Y si tienen adem\u00e1s buen juicio, son capaces de ofrecer buenos consejos\u201d. Setenta a\u00f1os de reinado proporcionaron a Isabel Alejandra Mar\u00eda, la primog\u00e9nita de Jorge VI e Isabel Bowes-Lyon, nacida en Londres el 21 de abril de 1926, la experiencia suficiente para seducir y granjearse el respeto de egos descomunales como Winston Churchill, Margaret Thatcher, Tony Blair o Boris Johnson.<\/p>\n<p style=\"text-align: justify\">Fuente: elpais.com<\/p>\n<p style=\"text-align: justify\">Facebook\u00a0 \u00a0 Cerso Felipe Castillo Carri\u00f3n<\/p>\n<p style=\"text-align: justify\">Instagram\u00a0 \u00a0 @cersocastillo<\/p>\n<p style=\"text-align: justify\">\n<p style=\"text-align: justify\">\n<p style=\"text-align: justify\">\n","protected":false},"excerpt":{"rendered":"<p>NOTIAMERICA &#8211; REPUBLICA DOMINICANA\u00a0 Londres, Inglaterra_ \u00abLa soberana fallece a los 96 a\u00f1os, tras siete d\u00e9cadas al frente de la corona brit\u00e1nica\u00bb. Isabel II ha fallecido este jueves a los 96 a\u00f1os, en su&#46;&#46;&#46;<\/p>\n","protected":false},"author":90,"featured_media":19532,"comment_status":"open","ping_status":"open","sticky":false,"template":"","format":"image","meta":{"_acf_changed":false,"rop_custom_images_group":[],"rop_custom_messages_group":[],"rop_publish_now":"initial","rop_publish_now_accounts":[],"rop_publish_now_history":[],"rop_publish_now_status":"pending","footnotes":""},"categories":[4],"tags":[],"class_list":["post-19531","post","type-post","status-publish","format-image","has-post-thumbnail","hentry","category-internacionales","post_format-post-format-image"],"acf":[],"yoast_head":"<!-- This site is optimized with the Yoast SEO Premium plugin v24.9 (Yoast SEO v27.2) - https:\/\/yoast.com\/product\/yoast-seo-premium-wordpress\/ -->\n<title>&quot;Muere la reina Isabel II de Inglaterra, referente de la monarqu\u00eda europea&quot; - Rep. Dominicana | Noti-America.com<\/title>\n<meta name=\"robots\" content=\"index, follow, max-snippet:-1, max-image-preview:large, max-video-preview:-1\" \/>\n<link rel=\"canonical\" href=\"https:\/\/noti-america.com\/site\/repdom\/2022\/09\/08\/muere-la-reina-isabel-ii-de-inglaterra-referente-de-la-monarquia-europea\/\" \/>\n<meta property=\"og:locale\" content=\"es_ES\" \/>\n<meta property=\"og:type\" content=\"article\" \/>\n<meta property=\"og:title\" content=\"&quot;Muere la reina Isabel II de Inglaterra, referente de la monarqu\u00eda europea&quot;\" \/>\n<meta property=\"og:description\" content=\"NOTIAMERICA &#8211; REPUBLICA DOMINICANA\u00a0 Londres, Inglaterra_ \u00abLa soberana fallece a los 96 a\u00f1os, tras siete d\u00e9cadas al frente de la corona brit\u00e1nica\u00bb. Isabel II ha fallecido este jueves a los 96 a\u00f1os, en su&#046;&#046;&#046;\" \/>\n<meta property=\"og:url\" content=\"https:\/\/noti-america.com\/site\/repdom\/2022\/09\/08\/muere-la-reina-isabel-ii-de-inglaterra-referente-de-la-monarquia-europea\/\" \/>\n<meta property=\"og:site_name\" content=\"Rep. Dominicana | Noti-America.com\" \/>\n<meta property=\"article:published_time\" content=\"2022-09-08T18:46:23+00:00\" \/>\n<meta property=\"og:image\" content=\"https:\/\/noti-america.com\/site\/repdom\/wp-content\/uploads\/sites\/6\/2022\/09\/KDTXMFUGWFGRZNMCQEYBHIL5YA.jpg\" \/>\n\t<meta property=\"og:image:width\" content=\"414\" \/>\n\t<meta property=\"og:image:height\" content=\"278\" \/>\n\t<meta property=\"og:image:type\" content=\"image\/jpeg\" \/>\n<meta name=\"author\" content=\"Cerso Castillo\" \/>\n<meta name=\"twitter:card\" content=\"summary_large_image\" \/>\n<meta name=\"twitter:label1\" content=\"Escrito por\" \/>\n\t<meta name=\"twitter:data1\" content=\"Cerso Castillo\" \/>\n\t<meta name=\"twitter:label2\" content=\"Tiempo estimado de lectura\" \/>\n\t<meta name=\"twitter:data2\" content=\"3 minutos\" \/>\n<script type=\"application\/ld+json\" class=\"yoast-schema-graph\">{\"@context\":\"https:\/\/schema.org\",\"@graph\":[{\"@type\":\"Article\",\"@id\":\"https:\/\/noti-america.com\/site\/repdom\/2022\/09\/08\/muere-la-reina-isabel-ii-de-inglaterra-referente-de-la-monarquia-europea\/#article\",\"isPartOf\":{\"@id\":\"https:\/\/noti-america.com\/site\/repdom\/2022\/09\/08\/muere-la-reina-isabel-ii-de-inglaterra-referente-de-la-monarquia-europea\/\"},\"author\":{\"name\":\"Cerso Castillo\",\"@id\":\"https:\/\/noti-america.com\/site\/repdom\/#\/schema\/person\/408e10184d87f571c50942f1d952011d\"},\"headline\":\"\u00abMuere la reina Isabel II de Inglaterra, referente de la monarqu\u00eda europea\u00bb\",\"datePublished\":\"2022-09-08T18:46:23+00:00\",\"mainEntityOfPage\":{\"@id\":\"https:\/\/noti-america.com\/site\/repdom\/2022\/09\/08\/muere-la-reina-isabel-ii-de-inglaterra-referente-de-la-monarquia-europea\/\"},\"wordCount\":670,\"commentCount\":0,\"publisher\":{\"@id\":\"https:\/\/noti-america.com\/site\/repdom\/#organization\"},\"image\":{\"@id\":\"https:\/\/noti-america.com\/site\/repdom\/2022\/09\/08\/muere-la-reina-isabel-ii-de-inglaterra-referente-de-la-monarquia-europea\/#primaryimage\"},\"thumbnailUrl\":\"https:\/\/noti-america.com\/site\/repdom\/wp-content\/uploads\/sites\/6\/2022\/09\/KDTXMFUGWFGRZNMCQEYBHIL5YA.jpg\",\"articleSection\":[\"Internacionales\"],\"inLanguage\":\"es\",\"potentialAction\":[{\"@type\":\"CommentAction\",\"name\":\"Comment\",\"target\":[\"https:\/\/noti-america.com\/site\/repdom\/2022\/09\/08\/muere-la-reina-isabel-ii-de-inglaterra-referente-de-la-monarquia-europea\/#respond\"]}]},{\"@type\":\"WebPage\",\"@id\":\"https:\/\/noti-america.com\/site\/repdom\/2022\/09\/08\/muere-la-reina-isabel-ii-de-inglaterra-referente-de-la-monarquia-europea\/\",\"url\":\"https:\/\/noti-america.com\/site\/repdom\/2022\/09\/08\/muere-la-reina-isabel-ii-de-inglaterra-referente-de-la-monarquia-europea\/\",\"name\":\"\\\"Muere la reina Isabel II de Inglaterra, referente de la monarqu\u00eda europea\\\" - Rep. Dominicana | Noti-America.com\",\"isPartOf\":{\"@id\":\"https:\/\/noti-america.com\/site\/repdom\/#website\"},\"primaryImageOfPage\":{\"@id\":\"https:\/\/noti-america.com\/site\/repdom\/2022\/09\/08\/muere-la-reina-isabel-ii-de-inglaterra-referente-de-la-monarquia-europea\/#primaryimage\"},\"image\":{\"@id\":\"https:\/\/noti-america.com\/site\/repdom\/2022\/09\/08\/muere-la-reina-isabel-ii-de-inglaterra-referente-de-la-monarquia-europea\/#primaryimage\"},\"thumbnailUrl\":\"https:\/\/noti-america.com\/site\/repdom\/wp-content\/uploads\/sites\/6\/2022\/09\/KDTXMFUGWFGRZNMCQEYBHIL5YA.jpg\",\"datePublished\":\"2022-09-08T18:46:23+00:00\",\"breadcrumb\":{\"@id\":\"https:\/\/noti-america.com\/site\/repdom\/2022\/09\/08\/muere-la-reina-isabel-ii-de-inglaterra-referente-de-la-monarquia-europea\/#breadcrumb\"},\"inLanguage\":\"es\",\"potentialAction\":[{\"@type\":\"ReadAction\",\"target\":[\"https:\/\/noti-america.com\/site\/repdom\/2022\/09\/08\/muere-la-reina-isabel-ii-de-inglaterra-referente-de-la-monarquia-europea\/\"]}]},{\"@type\":\"ImageObject\",\"inLanguage\":\"es\",\"@id\":\"https:\/\/noti-america.com\/site\/repdom\/2022\/09\/08\/muere-la-reina-isabel-ii-de-inglaterra-referente-de-la-monarquia-europea\/#primaryimage\",\"url\":\"https:\/\/noti-america.com\/site\/repdom\/wp-content\/uploads\/sites\/6\/2022\/09\/KDTXMFUGWFGRZNMCQEYBHIL5YA.jpg\",\"contentUrl\":\"https:\/\/noti-america.com\/site\/repdom\/wp-content\/uploads\/sites\/6\/2022\/09\/KDTXMFUGWFGRZNMCQEYBHIL5YA.jpg\",\"width\":414,\"height\":278},{\"@type\":\"BreadcrumbList\",\"@id\":\"https:\/\/noti-america.com\/site\/repdom\/2022\/09\/08\/muere-la-reina-isabel-ii-de-inglaterra-referente-de-la-monarquia-europea\/#breadcrumb\",\"itemListElement\":[{\"@type\":\"ListItem\",\"position\":1,\"name\":\"Portada\",\"item\":\"https:\/\/noti-america.com\/site\/repdom\/\"},{\"@type\":\"ListItem\",\"position\":2,\"name\":\"\u00abMuere la reina Isabel II de Inglaterra, referente de la monarqu\u00eda europea\u00bb\"}]},{\"@type\":\"WebSite\",\"@id\":\"https:\/\/noti-america.com\/site\/repdom\/#website\",\"url\":\"https:\/\/noti-america.com\/site\/repdom\/\",\"name\":\"Rep. Dominicana | Noti-America.com\",\"description\":\"\",\"publisher\":{\"@id\":\"https:\/\/noti-america.com\/site\/repdom\/#organization\"},\"potentialAction\":[{\"@type\":\"SearchAction\",\"target\":{\"@type\":\"EntryPoint\",\"urlTemplate\":\"https:\/\/noti-america.com\/site\/repdom\/?s={search_term_string}\"},\"query-input\":{\"@type\":\"PropertyValueSpecification\",\"valueRequired\":true,\"valueName\":\"search_term_string\"}}],\"inLanguage\":\"es\"},{\"@type\":\"Organization\",\"@id\":\"https:\/\/noti-america.com\/site\/repdom\/#organization\",\"name\":\"Noti-America LLC | Rep\u00fablica Dominicana\",\"url\":\"https:\/\/noti-america.com\/site\/repdom\/\",\"logo\":{\"@type\":\"ImageObject\",\"inLanguage\":\"es\",\"@id\":\"https:\/\/noti-america.com\/site\/repdom\/#\/schema\/logo\/image\/\",\"url\":\"https:\/\/noti-america.com\/site\/repdom\/wp-content\/uploads\/sites\/6\/2020\/07\/LogoNA-4x3-1.jpg\",\"contentUrl\":\"https:\/\/noti-america.com\/site\/repdom\/wp-content\/uploads\/sites\/6\/2020\/07\/LogoNA-4x3-1.jpg\",\"width\":1236,\"height\":1080,\"caption\":\"Noti-America LLC | Rep\u00fablica Dominicana\"},\"image\":{\"@id\":\"https:\/\/noti-america.com\/site\/repdom\/#\/schema\/logo\/image\/\"}},{\"@type\":\"Person\",\"@id\":\"https:\/\/noti-america.com\/site\/repdom\/#\/schema\/person\/408e10184d87f571c50942f1d952011d\",\"name\":\"Cerso Castillo\",\"image\":{\"@type\":\"ImageObject\",\"inLanguage\":\"es\",\"@id\":\"https:\/\/secure.gravatar.com\/avatar\/cdbd3acf34ce68a34b34df99954821070986715ab3e264b63c5395bd1ddd529d?s=96&d=mm&r=g\",\"url\":\"https:\/\/secure.gravatar.com\/avatar\/cdbd3acf34ce68a34b34df99954821070986715ab3e264b63c5395bd1ddd529d?s=96&d=mm&r=g\",\"contentUrl\":\"https:\/\/secure.gravatar.com\/avatar\/cdbd3acf34ce68a34b34df99954821070986715ab3e264b63c5395bd1ddd529d?s=96&d=mm&r=g\",\"caption\":\"Cerso Castillo\"},\"description\":\"Comunicador &amp; Periodista, Locutor, Maestro de Ceremonias, Animador, Orador, Dominio Escenico, Productor de Tv &amp; Radio, Lider Consejero de Camp., Mentor Honorifico, Coach Comunicacional, Manejo de Paq. De Office, Dominio del Portugues, manejo del Ingles Intermedio &amp; Productor General del Programa Digital Conexi\u00f3n Sin Limites RD.\",\"sameAs\":[\"https:\/\/www.facebook.com\/conexionsinlimitesrd\/\"],\"url\":\"https:\/\/noti-america.com\/site\/repdom\/author\/ccastillo\/\"}]}<\/script>\n<!-- \/ Yoast SEO Premium plugin. -->","yoast_head_json":{"title":"\"Muere la reina Isabel II de Inglaterra, referente de la monarqu\u00eda europea\" - Rep. Dominicana | Noti-America.com","robots":{"index":"index","follow":"follow","max-snippet":"max-snippet:-1","max-image-preview":"max-image-preview:large","max-video-preview":"max-video-preview:-1"},"canonical":"https:\/\/noti-america.com\/site\/repdom\/2022\/09\/08\/muere-la-reina-isabel-ii-de-inglaterra-referente-de-la-monarquia-europea\/","og_locale":"es_ES","og_type":"article","og_title":"\"Muere la reina Isabel II de Inglaterra, referente de la monarqu\u00eda europea\"","og_description":"NOTIAMERICA &#8211; REPUBLICA DOMINICANA\u00a0 Londres, Inglaterra_ \u00abLa soberana fallece a los 96 a\u00f1os, tras siete d\u00e9cadas al frente de la corona brit\u00e1nica\u00bb. Isabel II ha fallecido este jueves a los 96 a\u00f1os, en su&#46;&#46;&#46;","og_url":"https:\/\/noti-america.com\/site\/repdom\/2022\/09\/08\/muere-la-reina-isabel-ii-de-inglaterra-referente-de-la-monarquia-europea\/","og_site_name":"Rep. Dominicana | Noti-America.com","article_published_time":"2022-09-08T18:46:23+00:00","og_image":[{"width":414,"height":278,"url":"https:\/\/noti-america.com\/site\/repdom\/wp-content\/uploads\/sites\/6\/2022\/09\/KDTXMFUGWFGRZNMCQEYBHIL5YA.jpg","type":"image\/jpeg"}],"author":"Cerso Castillo","twitter_card":"summary_large_image","twitter_misc":{"Escrito por":"Cerso Castillo","Tiempo estimado de lectura":"3 minutos"},"schema":{"@context":"https:\/\/schema.org","@graph":[{"@type":"Article","@id":"https:\/\/noti-america.com\/site\/repdom\/2022\/09\/08\/muere-la-reina-isabel-ii-de-inglaterra-referente-de-la-monarquia-europea\/#article","isPartOf":{"@id":"https:\/\/noti-america.com\/site\/repdom\/2022\/09\/08\/muere-la-reina-isabel-ii-de-inglaterra-referente-de-la-monarquia-europea\/"},"author":{"name":"Cerso Castillo","@id":"https:\/\/noti-america.com\/site\/repdom\/#\/schema\/person\/408e10184d87f571c50942f1d952011d"},"headline":"\u00abMuere la reina Isabel II de Inglaterra, referente de la monarqu\u00eda europea\u00bb","datePublished":"2022-09-08T18:46:23+00:00","mainEntityOfPage":{"@id":"https:\/\/noti-america.com\/site\/repdom\/2022\/09\/08\/muere-la-reina-isabel-ii-de-inglaterra-referente-de-la-monarquia-europea\/"},"wordCount":670,"commentCount":0,"publisher":{"@id":"https:\/\/noti-america.com\/site\/repdom\/#organization"},"image":{"@id":"https:\/\/noti-america.com\/site\/repdom\/2022\/09\/08\/muere-la-reina-isabel-ii-de-inglaterra-referente-de-la-monarquia-europea\/#primaryimage"},"thumbnailUrl":"https:\/\/noti-america.com\/site\/repdom\/wp-content\/uploads\/sites\/6\/2022\/09\/KDTXMFUGWFGRZNMCQEYBHIL5YA.jpg","articleSection":["Internacionales"],"inLanguage":"es","potentialAction":[{"@type":"CommentAction","name":"Comment","target":["https:\/\/noti-america.com\/site\/repdom\/2022\/09\/08\/muere-la-reina-isabel-ii-de-inglaterra-referente-de-la-monarquia-europea\/#respond"]}]},{"@type":"WebPage","@id":"https:\/\/noti-america.com\/site\/repdom\/2022\/09\/08\/muere-la-reina-isabel-ii-de-inglaterra-referente-de-la-monarquia-europea\/","url":"https:\/\/noti-america.com\/site\/repdom\/2022\/09\/08\/muere-la-reina-isabel-ii-de-inglaterra-referente-de-la-monarquia-europea\/","name":"\"Muere la reina Isabel II de Inglaterra, referente de la monarqu\u00eda europea\" - Rep. Dominicana | Noti-America.com","isPartOf":{"@id":"https:\/\/noti-america.com\/site\/repdom\/#website"},"primaryImageOfPage":{"@id":"https:\/\/noti-america.com\/site\/repdom\/2022\/09\/08\/muere-la-reina-isabel-ii-de-inglaterra-referente-de-la-monarquia-europea\/#primaryimage"},"image":{"@id":"https:\/\/noti-america.com\/site\/repdom\/2022\/09\/08\/muere-la-reina-isabel-ii-de-inglaterra-referente-de-la-monarquia-europea\/#primaryimage"},"thumbnailUrl":"https:\/\/noti-america.com\/site\/repdom\/wp-content\/uploads\/sites\/6\/2022\/09\/KDTXMFUGWFGRZNMCQEYBHIL5YA.jpg","datePublished":"2022-09-08T18:46:23+00:00","breadcrumb":{"@id":"https:\/\/noti-america.com\/site\/repdom\/2022\/09\/08\/muere-la-reina-isabel-ii-de-inglaterra-referente-de-la-monarquia-europea\/#breadcrumb"},"inLanguage":"es","potentialAction":[{"@type":"ReadAction","target":["https:\/\/noti-america.com\/site\/repdom\/2022\/09\/08\/muere-la-reina-isabel-ii-de-inglaterra-referente-de-la-monarquia-europea\/"]}]},{"@type":"ImageObject","inLanguage":"es","@id":"https:\/\/noti-america.com\/site\/repdom\/2022\/09\/08\/muere-la-reina-isabel-ii-de-inglaterra-referente-de-la-monarquia-europea\/#primaryimage","url":"https:\/\/noti-america.com\/site\/repdom\/wp-content\/uploads\/sites\/6\/2022\/09\/KDTXMFUGWFGRZNMCQEYBHIL5YA.jpg","contentUrl":"https:\/\/noti-america.com\/site\/repdom\/wp-content\/uploads\/sites\/6\/2022\/09\/KDTXMFUGWFGRZNMCQEYBHIL5YA.jpg","width":414,"height":278},{"@type":"BreadcrumbList","@id":"https:\/\/noti-america.com\/site\/repdom\/2022\/09\/08\/muere-la-reina-isabel-ii-de-inglaterra-referente-de-la-monarquia-europea\/#breadcrumb","itemListElement":[{"@type":"ListItem","position":1,"name":"Portada","item":"https:\/\/noti-america.com\/site\/repdom\/"},{"@type":"ListItem","position":2,"name":"\u00abMuere la reina Isabel II de Inglaterra, referente de la monarqu\u00eda europea\u00bb"}]},{"@type":"WebSite","@id":"https:\/\/noti-america.com\/site\/repdom\/#website","url":"https:\/\/noti-america.com\/site\/repdom\/","name":"Rep. Dominicana | Noti-America.com","description":"","publisher":{"@id":"https:\/\/noti-america.com\/site\/repdom\/#organization"},"potentialAction":[{"@type":"SearchAction","target":{"@type":"EntryPoint","urlTemplate":"https:\/\/noti-america.com\/site\/repdom\/?s={search_term_string}"},"query-input":{"@type":"PropertyValueSpecification","valueRequired":true,"valueName":"search_term_string"}}],"inLanguage":"es"},{"@type":"Organization","@id":"https:\/\/noti-america.com\/site\/repdom\/#organization","name":"Noti-America LLC | Rep\u00fablica Dominicana","url":"https:\/\/noti-america.com\/site\/repdom\/","logo":{"@type":"ImageObject","inLanguage":"es","@id":"https:\/\/noti-america.com\/site\/repdom\/#\/schema\/logo\/image\/","url":"https:\/\/noti-america.com\/site\/repdom\/wp-content\/uploads\/sites\/6\/2020\/07\/LogoNA-4x3-1.jpg","contentUrl":"https:\/\/noti-america.com\/site\/repdom\/wp-content\/uploads\/sites\/6\/2020\/07\/LogoNA-4x3-1.jpg","width":1236,"height":1080,"caption":"Noti-America LLC | Rep\u00fablica Dominicana"},"image":{"@id":"https:\/\/noti-america.com\/site\/repdom\/#\/schema\/logo\/image\/"}},{"@type":"Person","@id":"https:\/\/noti-america.com\/site\/repdom\/#\/schema\/person\/408e10184d87f571c50942f1d952011d","name":"Cerso Castillo","image":{"@type":"ImageObject","inLanguage":"es","@id":"https:\/\/secure.gravatar.com\/avatar\/cdbd3acf34ce68a34b34df99954821070986715ab3e264b63c5395bd1ddd529d?s=96&d=mm&r=g","url":"https:\/\/secure.gravatar.com\/avatar\/cdbd3acf34ce68a34b34df99954821070986715ab3e264b63c5395bd1ddd529d?s=96&d=mm&r=g","contentUrl":"https:\/\/secure.gravatar.com\/avatar\/cdbd3acf34ce68a34b34df99954821070986715ab3e264b63c5395bd1ddd529d?s=96&d=mm&r=g","caption":"Cerso Castillo"},"description":"Comunicador &amp; Periodista, Locutor, Maestro de Ceremonias, Animador, Orador, Dominio Escenico, Productor de Tv &amp; Radio, Lider Consejero de Camp., Mentor Honorifico, Coach Comunicacional, Manejo de Paq. De Office, Dominio del Portugues, manejo del Ingles Intermedio &amp; Productor General del Programa Digital Conexi\u00f3n Sin Limites RD.","sameAs":["https:\/\/www.facebook.com\/conexionsinlimitesrd\/"],"url":"https:\/\/noti-america.com\/site\/repdom\/author\/ccastillo\/"}]}},"_links":{"self":[{"href":"https:\/\/noti-america.com\/site\/repdom\/wp-json\/wp\/v2\/posts\/19531","targetHints":{"allow":["GET"]}}],"collection":[{"href":"https:\/\/noti-america.com\/site\/repdom\/wp-json\/wp\/v2\/posts"}],"about":[{"href":"https:\/\/noti-america.com\/site\/repdom\/wp-json\/wp\/v2\/types\/post"}],"author":[{"embeddable":true,"href":"https:\/\/noti-america.com\/site\/repdom\/wp-json\/wp\/v2\/users\/90"}],"replies":[{"embeddable":true,"href":"https:\/\/noti-america.com\/site\/repdom\/wp-json\/wp\/v2\/comments?post=19531"}],"version-history":[{"count":2,"href":"https:\/\/noti-america.com\/site\/repdom\/wp-json\/wp\/v2\/posts\/19531\/revisions"}],"predecessor-version":[{"id":19536,"href":"https:\/\/noti-america.com\/site\/repdom\/wp-json\/wp\/v2\/posts\/19531\/revisions\/19536"}],"wp:featuredmedia":[{"embeddable":true,"href":"https:\/\/noti-america.com\/site\/repdom\/wp-json\/wp\/v2\/media\/19532"}],"wp:attachment":[{"href":"https:\/\/noti-america.com\/site\/repdom\/wp-json\/wp\/v2\/media?parent=19531"}],"wp:term":[{"taxonomy":"category","embeddable":true,"href":"https:\/\/noti-america.com\/site\/repdom\/wp-json\/wp\/v2\/categories?post=19531"},{"taxonomy":"post_tag","embeddable":true,"href":"https:\/\/noti-america.com\/site\/repdom\/wp-json\/wp\/v2\/tags?post=19531"}],"curies":[{"name":"wp","href":"https:\/\/api.w.org\/{rel}","templated":true}]}}