{"id":1936,"date":"2020-07-18T04:00:33","date_gmt":"2020-07-18T04:00:33","guid":{"rendered":"https:\/\/noti-america.com\/site\/repdom\/?p=1936"},"modified":"2020-07-18T04:21:27","modified_gmt":"2020-07-18T04:21:27","slug":"aseguran-turismo-se-recuperara-en-ultimo-trimestre-de-2021","status":"publish","type":"post","link":"https:\/\/noti-america.com\/site\/repdom\/2020\/07\/18\/aseguran-turismo-se-recuperara-en-ultimo-trimestre-de-2021\/","title":{"rendered":"ASEGURAN TURISMO SE RECUPERAR\u00c1 EN \u00daLTIMO TRIMESTRE DE 2021"},"content":{"rendered":"<div id=\"pl-1936\"  class=\"panel-layout\" ><div id=\"pg-1936-0\"  class=\"panel-grid panel-no-style\" ><div id=\"pgc-1936-0-0\"  class=\"panel-grid-cell\" ><div id=\"panel-1936-0-0-0\" class=\"so-panel widget widget_sow-editor panel-first-child panel-last-child\" data-index=\"0\" ><div\n\t\t\t\n\t\t\tclass=\"so-widget-sow-editor so-widget-sow-editor-base\"\n\t\t\t\n\t\t>\n<div class=\"siteorigin-widget-tinymce textwidget\">\n\t<p>NOTI-AMERICA.COM (REP\u00daBLICA DOMINICANA).<\/p>\n<p>Por:\u00a0 Sueanny Guzm\u00e1n<\/p>\n<p><img loading=\"lazy\" decoding=\"async\" class=\"alignnone size-medium wp-image-1937\" src=\"https:\/\/noti-america.com\/site\/repdom\/wp-content\/uploads\/sites\/6\/2020\/07\/002-300x200.jpg\" alt=\"\" width=\"300\" height=\"200\" srcset=\"https:\/\/noti-america.com\/site\/repdom\/wp-content\/uploads\/sites\/6\/2020\/07\/002-300x200.jpg 300w, https:\/\/noti-america.com\/site\/repdom\/wp-content\/uploads\/sites\/6\/2020\/07\/002-1024x683.jpg 1024w, https:\/\/noti-america.com\/site\/repdom\/wp-content\/uploads\/sites\/6\/2020\/07\/002-768x512.jpg 768w, https:\/\/noti-america.com\/site\/repdom\/wp-content\/uploads\/sites\/6\/2020\/07\/002-1536x1024.jpg 1536w, https:\/\/noti-america.com\/site\/repdom\/wp-content\/uploads\/sites\/6\/2020\/07\/002-272x182.jpg 272w, https:\/\/noti-america.com\/site\/repdom\/wp-content\/uploads\/sites\/6\/2020\/07\/002.jpg 1920w\" sizes=\"auto, (max-width: 300px) 100vw, 300px\" \/> <img loading=\"lazy\" decoding=\"async\" class=\"alignnone size-medium wp-image-1938\" src=\"https:\/\/noti-america.com\/site\/repdom\/wp-content\/uploads\/sites\/6\/2020\/07\/001-300x199.jpg\" alt=\"\" width=\"300\" height=\"199\" srcset=\"https:\/\/noti-america.com\/site\/repdom\/wp-content\/uploads\/sites\/6\/2020\/07\/001-300x199.jpg 300w, https:\/\/noti-america.com\/site\/repdom\/wp-content\/uploads\/sites\/6\/2020\/07\/001-1024x679.jpg 1024w, https:\/\/noti-america.com\/site\/repdom\/wp-content\/uploads\/sites\/6\/2020\/07\/001-768x509.jpg 768w, https:\/\/noti-america.com\/site\/repdom\/wp-content\/uploads\/sites\/6\/2020\/07\/001-1536x1018.jpg 1536w, https:\/\/noti-america.com\/site\/repdom\/wp-content\/uploads\/sites\/6\/2020\/07\/001.jpg 1920w\" sizes=\"auto, (max-width: 300px) 100vw, 300px\" \/> <img loading=\"lazy\" decoding=\"async\" class=\"alignnone  wp-image-1939\" src=\"https:\/\/noti-america.com\/site\/repdom\/wp-content\/uploads\/sites\/6\/2020\/07\/003-300x168.jpg\" alt=\"\" width=\"356\" height=\"199\" srcset=\"https:\/\/noti-america.com\/site\/repdom\/wp-content\/uploads\/sites\/6\/2020\/07\/003-300x168.jpg 300w, https:\/\/noti-america.com\/site\/repdom\/wp-content\/uploads\/sites\/6\/2020\/07\/003-1024x574.jpg 1024w, https:\/\/noti-america.com\/site\/repdom\/wp-content\/uploads\/sites\/6\/2020\/07\/003-768x431.jpg 768w, https:\/\/noti-america.com\/site\/repdom\/wp-content\/uploads\/sites\/6\/2020\/07\/003-1536x862.jpg 1536w, https:\/\/noti-america.com\/site\/repdom\/wp-content\/uploads\/sites\/6\/2020\/07\/003.jpg 1920w\" sizes=\"auto, (max-width: 356px) 100vw, 356px\" \/> <img loading=\"lazy\" decoding=\"async\" class=\"alignnone size-medium wp-image-1940\" src=\"https:\/\/noti-america.com\/site\/repdom\/wp-content\/uploads\/sites\/6\/2020\/07\/004-300x200.jpg\" alt=\"\" width=\"300\" height=\"200\" srcset=\"https:\/\/noti-america.com\/site\/repdom\/wp-content\/uploads\/sites\/6\/2020\/07\/004-300x200.jpg 300w, https:\/\/noti-america.com\/site\/repdom\/wp-content\/uploads\/sites\/6\/2020\/07\/004-1024x683.jpg 1024w, https:\/\/noti-america.com\/site\/repdom\/wp-content\/uploads\/sites\/6\/2020\/07\/004-768x512.jpg 768w, https:\/\/noti-america.com\/site\/repdom\/wp-content\/uploads\/sites\/6\/2020\/07\/004-1536x1024.jpg 1536w, https:\/\/noti-america.com\/site\/repdom\/wp-content\/uploads\/sites\/6\/2020\/07\/004-272x182.jpg 272w, https:\/\/noti-america.com\/site\/repdom\/wp-content\/uploads\/sites\/6\/2020\/07\/004.jpg 1920w\" sizes=\"auto, (max-width: 300px) 100vw, 300px\" \/><\/p>\n<p>ASEGURAN TURISMO SE RECUPERAR\u00c1 EN \u00daLTIMO TRIMESTRE DE 2021<\/p>\n<ul>\n<li style=\"font-weight: 400;\"><strong>Edesio Ure\u00f1a Albacete, director general de CEF.- Santo Domingo, considera que en diciembre del a\u00f1o pr\u00f3ximo la hoteler\u00eda local alcanzar\u00e1 la ocupaci\u00f3n que registraba previo a la crisis del covid-19.<\/strong><\/li>\n<\/ul>\n<p style=\"font-weight: 400;\">Santo Domingo, julio de 2020<\/p>\n<p style=\"font-weight: 400;\">El dinamismo que el turismo dominicano registraba previo a la crisis del covid-19 quedar\u00e1 totalmente restablecido el \u00faltimo trimestre de 2021, de acuerdo con Edesio Ure\u00f1a Albacete, director general del\u00a0<strong>Instituto Especializado de Educaci\u00f3n Superior CEF.- Santo Domingo.<\/strong><\/p>\n<p style=\"font-weight: 400;\">El tambi\u00e9n experto en finanzas de Espa\u00f1a considera que la recuperaci\u00f3n del turismo dominicano ser\u00e1 lineal y progresivo, ya que los crecimientos exponenciales no tendr\u00e1n lugar en ninguna parte del mundo, ni para la industria de viajes ni para ning\u00fan otro sector golpeado por la pandemia. \u201cEl nivel de ocupaci\u00f3n llegar\u00e1 a niveles precovid en el \u00faltimo trimestre de 2021\u201d, opina.<\/p>\n<p style=\"font-weight: 400;\">\u201cEs necesario verificar los factores que caracterizar\u00e1n a la econom\u00eda pospandemia, como un d\u00e9ficit p\u00fablico alto, el desempleo coyuntural, la presi\u00f3n de aumentar algunos impuestos directos e indirectos y una masa de consumidores m\u00e1s cautelosa. La demanda agregada se reactivar\u00e1 con lentitud\u201d, expresa el alto ejecutivo de\u00a0<strong>CEF.- Santo Domingo.<\/strong><\/p>\n<p style=\"font-weight: 400;\">As\u00ed que el turismo local, como la demanda agregada, ser\u00e1 m\u00e1s cauteloso, donde la apuesta ser\u00e1 especialmente enfocada en el turismo interno. \u201cEl pa\u00eds tan maravilloso que tienen los dominicanos deben potenciarlo en beneficio del viajero local\u201d, dice Ure\u00f1a Albacete.<\/p>\n<p style=\"font-weight: 400;\">Por lo tanto, de acuerdo con el financiero de\u00a0<strong>CEF.- Santo Domingo<\/strong>, el destino que logre comunicar de manera m\u00e1s consistente que cumple con los protocolos adecuados para garantizar la seguridad sanitaria de sus visitantes, al mismo tiempo que ofrece una experiencia de viaje inigualable, ser\u00e1 el que recupere su flujo de turistas precovid m\u00e1s r\u00e1pido.<\/p>\n<p style=\"font-weight: 400;\">\u201cLas fortalezas del turismo de Rep\u00fablica Dominicana son m\u00faltiples, tales como el clima, los recursos naturales y paisaj\u00edsticos. Es posible hacer que el que llegue por Punta Cana, que se queda siete d\u00edas en promedio, permanezca por 12 d\u00edas, present\u00e1ndole una ruta que le permita conocer el interior del pa\u00eds, que tiene m\u00faltiples bondades. Que conozcan la gastronom\u00eda, la cultura y al pueblo de este pa\u00eds\u201d, expresa el director de\u00a0<strong>CEF.- Santo Domingo<\/strong>.<\/p>\n<p style=\"font-weight: 400;\">Es el momento de establecer estrategias y trazar el camino, con fines de que a finales de 2021 la hoteler\u00eda sea m\u00e1s fuerte. \u201cEl turismo sobrevive cuando reinventa el presente\u201d.<\/p>\n<p style=\"font-weight: 400;\">Ser\u00e1 fundamental, m\u00e1s que en cualquier otro contexto, que los ejecutivos dedicados a gestionar las empresas tur\u00edsticas est\u00e9n altamente formados en finanzas, comunicaci\u00f3n mercadol\u00f3gica, pensamiento cr\u00edtico y relaciones humanas, entre otras \u00e1reas. A ra\u00edz de esta necesidad, cuenta Ure\u00f1a Albacete, las maestr\u00edas y cursos de\u00a0<a href=\"https:\/\/www.cef.edu.do\/maestrias\/\" data-saferedirecturl=\"https:\/\/www.google.com\/url?q=https:\/\/www.cef.edu.do\/maestrias\/&amp;source=gmail&amp;ust=1595128030318000&amp;usg=AFQjCNG6_ob6bxvSqJVM8FQjf4wPxhZ44Q\"><strong>CEF.- Santo Domingo<\/strong><\/a>\u00a0son id\u00f3neos para dotar a los directores de empresas de las herramientas para afrontar la transici\u00f3n hacia una nueva econom\u00eda.<\/p>\n<p style=\"font-weight: 400;\">El sector de viajes, con una p\u00e9rdida ascendente a los US$50,000 millones, de acuerdo con la Organizaci\u00f3n Mundial del Turismo, ha resultado ser el m\u00e1s golpeado por la pandemia, porque queda paralizado ante el cierre de fronteras y las medidas de distanciamiento f\u00edsico. Sin embargo, opina Ure\u00f1a Albacete, Rep\u00fablica Dominicana tiene toda la capacidad para levantarse.<\/p>\n<p style=\"font-weight: 400;\"><strong>Sobre CEF.- Santo Domingo y el Grupo Educativo CEF.- UDIMA<\/strong><\/p>\n<p style=\"font-weight: 400;\">El Instituto Especializado de Educaci\u00f3n Superior <a href=\"https:\/\/www.cef.edu.do\/\" data-saferedirecturl=\"https:\/\/www.google.com\/url?q=https:\/\/www.cef.edu.do\/&amp;source=gmail&amp;ust=1595128030318000&amp;usg=AFQjCNFGoAxQW73gahsQ37yv1xFCsMSixA\"><strong>CEF.- Santo Domingo<\/strong><\/a>\u00a0forma parte del\u00a0<strong>Grupo Educativo CEF.- UDIMA<\/strong>, centrado en la educaci\u00f3n superior. Fundado en Madrid en 1977, m\u00e1s de 500.000 estudiantes han pasado por sus aulas de Barcelona, Madrid, Valencia y online. La formaci\u00f3n que imparte se distingue por su practicidad y cercan\u00eda a la empresa. La relaci\u00f3n con Rep\u00fablica Dominicana no es nueva. Desde 2007, el\u00a0<a href=\"https:\/\/www.cef.es\/es\" data-saferedirecturl=\"https:\/\/www.google.com\/url?q=https:\/\/www.cef.es\/es&amp;source=gmail&amp;ust=1595128030318000&amp;usg=AFQjCNH5lvmHugtrJxbVbdEtp7XJC8AKuQ\"><strong>CEF.- Centro de Estudios Financieros<\/strong><\/a>\u00a0y la\u00a0<a href=\"https:\/\/www.udima.es\/\" data-saferedirecturl=\"https:\/\/www.google.com\/url?q=https:\/\/www.udima.es\/&amp;source=gmail&amp;ust=1595128030318000&amp;usg=AFQjCNFz8REbvkJ0nZhGtkv52UD9xVpfOA\"><strong>Universidad a Distancia de Madrid<\/strong><\/a><a href=\"https:\/\/www.udima.es\/\" data-saferedirecturl=\"https:\/\/www.google.com\/url?q=https:\/\/www.udima.es\/&amp;source=gmail&amp;ust=1595128030318000&amp;usg=AFQjCNFz8REbvkJ0nZhGtkv52UD9xVpfOA\">,\u00a0<\/a><a href=\"https:\/\/www.udima.es\/\" data-saferedirecturl=\"https:\/\/www.google.com\/url?q=https:\/\/www.udima.es\/&amp;source=gmail&amp;ust=1595128030318000&amp;usg=AFQjCNFz8REbvkJ0nZhGtkv52UD9xVpfOA\"><strong>UDIMA \u00a0<\/strong><\/a>vienen colaborando en el Programa de Becas Internacionales del Ministerio de Educaci\u00f3n Superior, Ciencia y Tecnolog\u00eda (MESCyT), con INDOTEL e INAFOCAM formando a m\u00e1s de 1.600 estudiantes dominicanos. Desde 2020 disfruta tambi\u00e9n del Programa de Becas Nacionales.<\/p>\n<p style=\"font-weight: 400;\">El\u00a0<a href=\"https:\/\/www.cef.es\/es\" data-saferedirecturl=\"https:\/\/www.google.com\/url?q=https:\/\/www.cef.es\/es&amp;source=gmail&amp;ust=1595128030318000&amp;usg=AFQjCNH5lvmHugtrJxbVbdEtp7XJC8AKuQ\"><strong>CEF.- Centro de Estudios Financieros<\/strong><\/a>\u00a0se fund\u00f3 hace 43 a\u00f1os. Lidera la preparaci\u00f3n de pruebas de acceso para funcionarios p\u00fablicos en Espa\u00f1a. El CEF.- tambi\u00e9n ofrece un amplio cat\u00e1logo de Maestr\u00edas y Cursos especializados en todas las \u00e1reas de la empresa, en particular Negocios, Finanzas, Banca, Contabilidad, Recursos Humanos, Impuestos, Mercadeo, etc. Tiene sedes en Barcelona, Madrid, Santo Domingo y Valencia.<\/p>\n<p style=\"font-weight: 400;\">La\u00a0<a href=\"https:\/\/www.udima.es\/es\" data-saferedirecturl=\"https:\/\/www.google.com\/url?q=https:\/\/www.udima.es\/es&amp;source=gmail&amp;ust=1595128030318000&amp;usg=AFQjCNFyB5rHuu-VfZnES2tM3Vld2OQ-JQ\"><strong>Universidad a Distancia de Madrid, UDIMA<\/strong><\/a><u>,\u00a0<\/u>es una universidad oficial, aprobada por Ley espa\u00f1ola en 2006. Imparte 18 Grados Oficiales, 35 M\u00e1steres, un programa de Doctorado y 302 T\u00edtulos Propios e Idiomas.<\/p>\n<\/div>\n<\/div><\/div><\/div><\/div><\/div>","protected":false},"excerpt":{"rendered":"<p>NOTI-AMERICA.COM (REP\u00daBLICA DOMINICANA).Por:\u00a0 Sueanny Guzm\u00e1n ASEGURAN TURISMO SE RECUPERAR\u00c1 EN \u00daLTIMO TRIMESTRE DE 2021Edesio Ure\u00f1a Albacete, director general de CEF.- Santo Domingo, considera que en diciembre del a\u00f1o pr\u00f3ximo la hoteler\u00eda local alcanzar\u00e1 la&#46;&#46;&#46;<\/p>\n","protected":false},"author":92,"featured_media":0,"comment_status":"open","ping_status":"open","sticky":false,"template":"","format":"standard","meta":{"_acf_changed":false,"rop_custom_images_group":[],"rop_custom_messages_group":[],"rop_publish_now":"initial","rop_publish_now_accounts":[],"rop_publish_now_history":[],"rop_publish_now_status":"pending","footnotes":""},"categories":[105],"tags":[],"class_list":["post-1936","post","type-post","status-publish","format-standard","hentry","category-noticias"],"acf":[],"yoast_head":"<!-- This site is optimized with the Yoast SEO Premium plugin v24.9 (Yoast SEO v27.2) - https:\/\/yoast.com\/product\/yoast-seo-premium-wordpress\/ -->\n<title>ASEGURAN TURISMO SE RECUPERAR\u00c1 EN \u00daLTIMO TRIMESTRE DE 2021 - Rep. Dominicana | Noti-America.com<\/title>\n<meta name=\"robots\" content=\"index, follow, max-snippet:-1, max-image-preview:large, max-video-preview:-1\" \/>\n<link rel=\"canonical\" href=\"https:\/\/noti-america.com\/site\/repdom\/2020\/07\/18\/aseguran-turismo-se-recuperara-en-ultimo-trimestre-de-2021\/\" \/>\n<meta property=\"og:locale\" content=\"es_ES\" \/>\n<meta property=\"og:type\" content=\"article\" \/>\n<meta property=\"og:title\" content=\"ASEGURAN TURISMO SE RECUPERAR\u00c1 EN \u00daLTIMO TRIMESTRE DE 2021\" \/>\n<meta property=\"og:description\" content=\"NOTI-AMERICA.COM (REP\u00daBLICA DOMINICANA).Por:\u00a0 Sueanny Guzm\u00e1n ASEGURAN TURISMO SE RECUPERAR\u00c1 EN \u00daLTIMO TRIMESTRE DE 2021Edesio Ure\u00f1a Albacete, director general de CEF.- Santo Domingo, considera que en diciembre del a\u00f1o pr\u00f3ximo la hoteler\u00eda local alcanzar\u00e1 la&#046;&#046;&#046;\" \/>\n<meta property=\"og:url\" content=\"https:\/\/noti-america.com\/site\/repdom\/2020\/07\/18\/aseguran-turismo-se-recuperara-en-ultimo-trimestre-de-2021\/\" \/>\n<meta property=\"og:site_name\" content=\"Rep. Dominicana | Noti-America.com\" \/>\n<meta property=\"article:published_time\" content=\"2020-07-18T04:00:33+00:00\" \/>\n<meta property=\"article:modified_time\" content=\"2020-07-18T04:21:27+00:00\" \/>\n<meta property=\"og:image\" content=\"https:\/\/noti-america.com\/site\/repdom\/wp-content\/uploads\/sites\/6\/2020\/07\/002-300x200.jpg\" \/>\n<meta name=\"author\" content=\"Sueanny Guzm\u00e1n\" \/>\n<meta name=\"twitter:card\" content=\"summary_large_image\" \/>\n<meta name=\"twitter:creator\" content=\"@sueannyguzmanrd\" \/>\n<meta name=\"twitter:label1\" content=\"Escrito por\" \/>\n\t<meta name=\"twitter:data1\" content=\"Sueanny Guzm\u00e1n\" \/>\n\t<meta name=\"twitter:label2\" content=\"Tiempo estimado de lectura\" \/>\n\t<meta name=\"twitter:data2\" content=\"4 minutos\" \/>\n<script type=\"application\/ld+json\" class=\"yoast-schema-graph\">{\"@context\":\"https:\/\/schema.org\",\"@graph\":[{\"@type\":\"Article\",\"@id\":\"https:\/\/noti-america.com\/site\/repdom\/2020\/07\/18\/aseguran-turismo-se-recuperara-en-ultimo-trimestre-de-2021\/#article\",\"isPartOf\":{\"@id\":\"https:\/\/noti-america.com\/site\/repdom\/2020\/07\/18\/aseguran-turismo-se-recuperara-en-ultimo-trimestre-de-2021\/\"},\"author\":{\"name\":\"Sueanny Guzm\u00e1n\",\"@id\":\"https:\/\/noti-america.com\/site\/repdom\/#\/schema\/person\/3e41f2e0a88de2dbfa74310de6e08c3b\"},\"headline\":\"ASEGURAN TURISMO SE RECUPERAR\u00c1 EN \u00daLTIMO TRIMESTRE DE 2021\",\"datePublished\":\"2020-07-18T04:00:33+00:00\",\"dateModified\":\"2020-07-18T04:21:27+00:00\",\"mainEntityOfPage\":{\"@id\":\"https:\/\/noti-america.com\/site\/repdom\/2020\/07\/18\/aseguran-turismo-se-recuperara-en-ultimo-trimestre-de-2021\/\"},\"wordCount\":827,\"commentCount\":0,\"publisher\":{\"@id\":\"https:\/\/noti-america.com\/site\/repdom\/#organization\"},\"image\":{\"@id\":\"https:\/\/noti-america.com\/site\/repdom\/2020\/07\/18\/aseguran-turismo-se-recuperara-en-ultimo-trimestre-de-2021\/#primaryimage\"},\"thumbnailUrl\":\"https:\/\/noti-america.com\/site\/repdom\/wp-content\/uploads\/sites\/6\/2020\/07\/002-300x200.jpg\",\"articleSection\":[\"Noticias\"],\"inLanguage\":\"es\",\"potentialAction\":[{\"@type\":\"CommentAction\",\"name\":\"Comment\",\"target\":[\"https:\/\/noti-america.com\/site\/repdom\/2020\/07\/18\/aseguran-turismo-se-recuperara-en-ultimo-trimestre-de-2021\/#respond\"]}]},{\"@type\":\"WebPage\",\"@id\":\"https:\/\/noti-america.com\/site\/repdom\/2020\/07\/18\/aseguran-turismo-se-recuperara-en-ultimo-trimestre-de-2021\/\",\"url\":\"https:\/\/noti-america.com\/site\/repdom\/2020\/07\/18\/aseguran-turismo-se-recuperara-en-ultimo-trimestre-de-2021\/\",\"name\":\"ASEGURAN TURISMO SE RECUPERAR\u00c1 EN \u00daLTIMO TRIMESTRE DE 2021 - Rep. Dominicana | Noti-America.com\",\"isPartOf\":{\"@id\":\"https:\/\/noti-america.com\/site\/repdom\/#website\"},\"primaryImageOfPage\":{\"@id\":\"https:\/\/noti-america.com\/site\/repdom\/2020\/07\/18\/aseguran-turismo-se-recuperara-en-ultimo-trimestre-de-2021\/#primaryimage\"},\"image\":{\"@id\":\"https:\/\/noti-america.com\/site\/repdom\/2020\/07\/18\/aseguran-turismo-se-recuperara-en-ultimo-trimestre-de-2021\/#primaryimage\"},\"thumbnailUrl\":\"https:\/\/noti-america.com\/site\/repdom\/wp-content\/uploads\/sites\/6\/2020\/07\/002-300x200.jpg\",\"datePublished\":\"2020-07-18T04:00:33+00:00\",\"dateModified\":\"2020-07-18T04:21:27+00:00\",\"breadcrumb\":{\"@id\":\"https:\/\/noti-america.com\/site\/repdom\/2020\/07\/18\/aseguran-turismo-se-recuperara-en-ultimo-trimestre-de-2021\/#breadcrumb\"},\"inLanguage\":\"es\",\"potentialAction\":[{\"@type\":\"ReadAction\",\"target\":[\"https:\/\/noti-america.com\/site\/repdom\/2020\/07\/18\/aseguran-turismo-se-recuperara-en-ultimo-trimestre-de-2021\/\"]}]},{\"@type\":\"ImageObject\",\"inLanguage\":\"es\",\"@id\":\"https:\/\/noti-america.com\/site\/repdom\/2020\/07\/18\/aseguran-turismo-se-recuperara-en-ultimo-trimestre-de-2021\/#primaryimage\",\"url\":\"https:\/\/noti-america.com\/site\/repdom\/wp-content\/uploads\/sites\/6\/2020\/07\/002.jpg\",\"contentUrl\":\"https:\/\/noti-america.com\/site\/repdom\/wp-content\/uploads\/sites\/6\/2020\/07\/002.jpg\",\"width\":1920,\"height\":1280},{\"@type\":\"BreadcrumbList\",\"@id\":\"https:\/\/noti-america.com\/site\/repdom\/2020\/07\/18\/aseguran-turismo-se-recuperara-en-ultimo-trimestre-de-2021\/#breadcrumb\",\"itemListElement\":[{\"@type\":\"ListItem\",\"position\":1,\"name\":\"Portada\",\"item\":\"https:\/\/noti-america.com\/site\/repdom\/\"},{\"@type\":\"ListItem\",\"position\":2,\"name\":\"ASEGURAN TURISMO SE RECUPERAR\u00c1 EN \u00daLTIMO TRIMESTRE DE 2021\"}]},{\"@type\":\"WebSite\",\"@id\":\"https:\/\/noti-america.com\/site\/repdom\/#website\",\"url\":\"https:\/\/noti-america.com\/site\/repdom\/\",\"name\":\"Rep. Dominicana | Noti-America.com\",\"description\":\"\",\"publisher\":{\"@id\":\"https:\/\/noti-america.com\/site\/repdom\/#organization\"},\"potentialAction\":[{\"@type\":\"SearchAction\",\"target\":{\"@type\":\"EntryPoint\",\"urlTemplate\":\"https:\/\/noti-america.com\/site\/repdom\/?s={search_term_string}\"},\"query-input\":{\"@type\":\"PropertyValueSpecification\",\"valueRequired\":true,\"valueName\":\"search_term_string\"}}],\"inLanguage\":\"es\"},{\"@type\":\"Organization\",\"@id\":\"https:\/\/noti-america.com\/site\/repdom\/#organization\",\"name\":\"Noti-America LLC | Rep\u00fablica Dominicana\",\"url\":\"https:\/\/noti-america.com\/site\/repdom\/\",\"logo\":{\"@type\":\"ImageObject\",\"inLanguage\":\"es\",\"@id\":\"https:\/\/noti-america.com\/site\/repdom\/#\/schema\/logo\/image\/\",\"url\":\"https:\/\/noti-america.com\/site\/repdom\/wp-content\/uploads\/sites\/6\/2020\/07\/LogoNA-4x3-1.jpg\",\"contentUrl\":\"https:\/\/noti-america.com\/site\/repdom\/wp-content\/uploads\/sites\/6\/2020\/07\/LogoNA-4x3-1.jpg\",\"width\":1236,\"height\":1080,\"caption\":\"Noti-America LLC | Rep\u00fablica Dominicana\"},\"image\":{\"@id\":\"https:\/\/noti-america.com\/site\/repdom\/#\/schema\/logo\/image\/\"}},{\"@type\":\"Person\",\"@id\":\"https:\/\/noti-america.com\/site\/repdom\/#\/schema\/person\/3e41f2e0a88de2dbfa74310de6e08c3b\",\"name\":\"Sueanny Guzm\u00e1n\",\"image\":{\"@type\":\"ImageObject\",\"inLanguage\":\"es\",\"@id\":\"https:\/\/secure.gravatar.com\/avatar\/743180685ef4657e50d4fb7ec792c2c316119f5a7db45e029570122e8cd05065?s=96&d=mm&r=g\",\"url\":\"https:\/\/secure.gravatar.com\/avatar\/743180685ef4657e50d4fb7ec792c2c316119f5a7db45e029570122e8cd05065?s=96&d=mm&r=g\",\"contentUrl\":\"https:\/\/secure.gravatar.com\/avatar\/743180685ef4657e50d4fb7ec792c2c316119f5a7db45e029570122e8cd05065?s=96&d=mm&r=g\",\"caption\":\"Sueanny Guzm\u00e1n\"},\"sameAs\":[\"https:\/\/x.com\/sueannyguzmanrd\"],\"url\":\"https:\/\/noti-america.com\/site\/repdom\/author\/sguzman\/\"}]}<\/script>\n<!-- \/ Yoast SEO Premium plugin. -->","yoast_head_json":{"title":"ASEGURAN TURISMO SE RECUPERAR\u00c1 EN \u00daLTIMO TRIMESTRE DE 2021 - Rep. Dominicana | Noti-America.com","robots":{"index":"index","follow":"follow","max-snippet":"max-snippet:-1","max-image-preview":"max-image-preview:large","max-video-preview":"max-video-preview:-1"},"canonical":"https:\/\/noti-america.com\/site\/repdom\/2020\/07\/18\/aseguran-turismo-se-recuperara-en-ultimo-trimestre-de-2021\/","og_locale":"es_ES","og_type":"article","og_title":"ASEGURAN TURISMO SE RECUPERAR\u00c1 EN \u00daLTIMO TRIMESTRE DE 2021","og_description":"NOTI-AMERICA.COM (REP\u00daBLICA DOMINICANA).Por:\u00a0 Sueanny Guzm\u00e1n ASEGURAN TURISMO SE RECUPERAR\u00c1 EN \u00daLTIMO TRIMESTRE DE 2021Edesio Ure\u00f1a Albacete, director general de CEF.- Santo Domingo, considera que en diciembre del a\u00f1o pr\u00f3ximo la hoteler\u00eda local alcanzar\u00e1 la&#46;&#46;&#46;","og_url":"https:\/\/noti-america.com\/site\/repdom\/2020\/07\/18\/aseguran-turismo-se-recuperara-en-ultimo-trimestre-de-2021\/","og_site_name":"Rep. Dominicana | Noti-America.com","article_published_time":"2020-07-18T04:00:33+00:00","article_modified_time":"2020-07-18T04:21:27+00:00","og_image":[{"url":"https:\/\/noti-america.com\/site\/repdom\/wp-content\/uploads\/sites\/6\/2020\/07\/002-300x200.jpg","type":"","width":"","height":""}],"author":"Sueanny Guzm\u00e1n","twitter_card":"summary_large_image","twitter_creator":"@sueannyguzmanrd","twitter_misc":{"Escrito por":"Sueanny Guzm\u00e1n","Tiempo estimado de lectura":"4 minutos"},"schema":{"@context":"https:\/\/schema.org","@graph":[{"@type":"Article","@id":"https:\/\/noti-america.com\/site\/repdom\/2020\/07\/18\/aseguran-turismo-se-recuperara-en-ultimo-trimestre-de-2021\/#article","isPartOf":{"@id":"https:\/\/noti-america.com\/site\/repdom\/2020\/07\/18\/aseguran-turismo-se-recuperara-en-ultimo-trimestre-de-2021\/"},"author":{"name":"Sueanny Guzm\u00e1n","@id":"https:\/\/noti-america.com\/site\/repdom\/#\/schema\/person\/3e41f2e0a88de2dbfa74310de6e08c3b"},"headline":"ASEGURAN TURISMO SE RECUPERAR\u00c1 EN \u00daLTIMO TRIMESTRE DE 2021","datePublished":"2020-07-18T04:00:33+00:00","dateModified":"2020-07-18T04:21:27+00:00","mainEntityOfPage":{"@id":"https:\/\/noti-america.com\/site\/repdom\/2020\/07\/18\/aseguran-turismo-se-recuperara-en-ultimo-trimestre-de-2021\/"},"wordCount":827,"commentCount":0,"publisher":{"@id":"https:\/\/noti-america.com\/site\/repdom\/#organization"},"image":{"@id":"https:\/\/noti-america.com\/site\/repdom\/2020\/07\/18\/aseguran-turismo-se-recuperara-en-ultimo-trimestre-de-2021\/#primaryimage"},"thumbnailUrl":"https:\/\/noti-america.com\/site\/repdom\/wp-content\/uploads\/sites\/6\/2020\/07\/002-300x200.jpg","articleSection":["Noticias"],"inLanguage":"es","potentialAction":[{"@type":"CommentAction","name":"Comment","target":["https:\/\/noti-america.com\/site\/repdom\/2020\/07\/18\/aseguran-turismo-se-recuperara-en-ultimo-trimestre-de-2021\/#respond"]}]},{"@type":"WebPage","@id":"https:\/\/noti-america.com\/site\/repdom\/2020\/07\/18\/aseguran-turismo-se-recuperara-en-ultimo-trimestre-de-2021\/","url":"https:\/\/noti-america.com\/site\/repdom\/2020\/07\/18\/aseguran-turismo-se-recuperara-en-ultimo-trimestre-de-2021\/","name":"ASEGURAN TURISMO SE RECUPERAR\u00c1 EN \u00daLTIMO TRIMESTRE DE 2021 - Rep. Dominicana | Noti-America.com","isPartOf":{"@id":"https:\/\/noti-america.com\/site\/repdom\/#website"},"primaryImageOfPage":{"@id":"https:\/\/noti-america.com\/site\/repdom\/2020\/07\/18\/aseguran-turismo-se-recuperara-en-ultimo-trimestre-de-2021\/#primaryimage"},"image":{"@id":"https:\/\/noti-america.com\/site\/repdom\/2020\/07\/18\/aseguran-turismo-se-recuperara-en-ultimo-trimestre-de-2021\/#primaryimage"},"thumbnailUrl":"https:\/\/noti-america.com\/site\/repdom\/wp-content\/uploads\/sites\/6\/2020\/07\/002-300x200.jpg","datePublished":"2020-07-18T04:00:33+00:00","dateModified":"2020-07-18T04:21:27+00:00","breadcrumb":{"@id":"https:\/\/noti-america.com\/site\/repdom\/2020\/07\/18\/aseguran-turismo-se-recuperara-en-ultimo-trimestre-de-2021\/#breadcrumb"},"inLanguage":"es","potentialAction":[{"@type":"ReadAction","target":["https:\/\/noti-america.com\/site\/repdom\/2020\/07\/18\/aseguran-turismo-se-recuperara-en-ultimo-trimestre-de-2021\/"]}]},{"@type":"ImageObject","inLanguage":"es","@id":"https:\/\/noti-america.com\/site\/repdom\/2020\/07\/18\/aseguran-turismo-se-recuperara-en-ultimo-trimestre-de-2021\/#primaryimage","url":"https:\/\/noti-america.com\/site\/repdom\/wp-content\/uploads\/sites\/6\/2020\/07\/002.jpg","contentUrl":"https:\/\/noti-america.com\/site\/repdom\/wp-content\/uploads\/sites\/6\/2020\/07\/002.jpg","width":1920,"height":1280},{"@type":"BreadcrumbList","@id":"https:\/\/noti-america.com\/site\/repdom\/2020\/07\/18\/aseguran-turismo-se-recuperara-en-ultimo-trimestre-de-2021\/#breadcrumb","itemListElement":[{"@type":"ListItem","position":1,"name":"Portada","item":"https:\/\/noti-america.com\/site\/repdom\/"},{"@type":"ListItem","position":2,"name":"ASEGURAN TURISMO SE RECUPERAR\u00c1 EN \u00daLTIMO TRIMESTRE DE 2021"}]},{"@type":"WebSite","@id":"https:\/\/noti-america.com\/site\/repdom\/#website","url":"https:\/\/noti-america.com\/site\/repdom\/","name":"Rep. Dominicana | Noti-America.com","description":"","publisher":{"@id":"https:\/\/noti-america.com\/site\/repdom\/#organization"},"potentialAction":[{"@type":"SearchAction","target":{"@type":"EntryPoint","urlTemplate":"https:\/\/noti-america.com\/site\/repdom\/?s={search_term_string}"},"query-input":{"@type":"PropertyValueSpecification","valueRequired":true,"valueName":"search_term_string"}}],"inLanguage":"es"},{"@type":"Organization","@id":"https:\/\/noti-america.com\/site\/repdom\/#organization","name":"Noti-America LLC | Rep\u00fablica Dominicana","url":"https:\/\/noti-america.com\/site\/repdom\/","logo":{"@type":"ImageObject","inLanguage":"es","@id":"https:\/\/noti-america.com\/site\/repdom\/#\/schema\/logo\/image\/","url":"https:\/\/noti-america.com\/site\/repdom\/wp-content\/uploads\/sites\/6\/2020\/07\/LogoNA-4x3-1.jpg","contentUrl":"https:\/\/noti-america.com\/site\/repdom\/wp-content\/uploads\/sites\/6\/2020\/07\/LogoNA-4x3-1.jpg","width":1236,"height":1080,"caption":"Noti-America LLC | Rep\u00fablica Dominicana"},"image":{"@id":"https:\/\/noti-america.com\/site\/repdom\/#\/schema\/logo\/image\/"}},{"@type":"Person","@id":"https:\/\/noti-america.com\/site\/repdom\/#\/schema\/person\/3e41f2e0a88de2dbfa74310de6e08c3b","name":"Sueanny Guzm\u00e1n","image":{"@type":"ImageObject","inLanguage":"es","@id":"https:\/\/secure.gravatar.com\/avatar\/743180685ef4657e50d4fb7ec792c2c316119f5a7db45e029570122e8cd05065?s=96&d=mm&r=g","url":"https:\/\/secure.gravatar.com\/avatar\/743180685ef4657e50d4fb7ec792c2c316119f5a7db45e029570122e8cd05065?s=96&d=mm&r=g","contentUrl":"https:\/\/secure.gravatar.com\/avatar\/743180685ef4657e50d4fb7ec792c2c316119f5a7db45e029570122e8cd05065?s=96&d=mm&r=g","caption":"Sueanny Guzm\u00e1n"},"sameAs":["https:\/\/x.com\/sueannyguzmanrd"],"url":"https:\/\/noti-america.com\/site\/repdom\/author\/sguzman\/"}]}},"_links":{"self":[{"href":"https:\/\/noti-america.com\/site\/repdom\/wp-json\/wp\/v2\/posts\/1936","targetHints":{"allow":["GET"]}}],"collection":[{"href":"https:\/\/noti-america.com\/site\/repdom\/wp-json\/wp\/v2\/posts"}],"about":[{"href":"https:\/\/noti-america.com\/site\/repdom\/wp-json\/wp\/v2\/types\/post"}],"author":[{"embeddable":true,"href":"https:\/\/noti-america.com\/site\/repdom\/wp-json\/wp\/v2\/users\/92"}],"replies":[{"embeddable":true,"href":"https:\/\/noti-america.com\/site\/repdom\/wp-json\/wp\/v2\/comments?post=1936"}],"version-history":[{"count":3,"href":"https:\/\/noti-america.com\/site\/repdom\/wp-json\/wp\/v2\/posts\/1936\/revisions"}],"predecessor-version":[{"id":1944,"href":"https:\/\/noti-america.com\/site\/repdom\/wp-json\/wp\/v2\/posts\/1936\/revisions\/1944"}],"wp:attachment":[{"href":"https:\/\/noti-america.com\/site\/repdom\/wp-json\/wp\/v2\/media?parent=1936"}],"wp:term":[{"taxonomy":"category","embeddable":true,"href":"https:\/\/noti-america.com\/site\/repdom\/wp-json\/wp\/v2\/categories?post=1936"},{"taxonomy":"post_tag","embeddable":true,"href":"https:\/\/noti-america.com\/site\/repdom\/wp-json\/wp\/v2\/tags?post=1936"}],"curies":[{"name":"wp","href":"https:\/\/api.w.org\/{rel}","templated":true}]}}