{"id":18671,"date":"2022-07-09T05:24:06","date_gmt":"2022-07-09T05:24:06","guid":{"rendered":"https:\/\/noti-america.com\/site\/repdom\/?p=18671"},"modified":"2022-07-09T05:24:06","modified_gmt":"2022-07-09T05:24:06","slug":"gobierno-dominicano-sostiene-reunion-de-trabajo-con-congresistas-de-estados-unidos","status":"publish","type":"post","link":"https:\/\/noti-america.com\/site\/repdom\/2022\/07\/09\/gobierno-dominicano-sostiene-reunion-de-trabajo-con-congresistas-de-estados-unidos\/","title":{"rendered":"Gobierno dominicano sostiene reuni\u00f3n de trabajo con congresistas de Estados Unidos"},"content":{"rendered":"<p style=\"text-align: justify\">SANTO DOMINGO &#8211; La vicepresidenta Raquel Pe\u00f1a y el canciller Roberto \u00c1lvarez, recibieron en el Ministerio de Relaciones Exteriores a una delegaci\u00f3n de congresistas de Estados Unidos con la que sostuvieron una reuni\u00f3n de trabajo.<\/p>\n<p style=\"text-align: justify\">Durante el encuentro en el que tambi\u00e9n participaron los ministros de Industria, Comercio y MIPyMES (MICM), V\u00edctor Bison\u00f3; y de Trabajo, Luis Miguel De Camps; los funcionarios dialogaron sobre los avances en la aplicaci\u00f3n del Tratado de Libre Comercio entre Rep\u00fablica Dominicana, Centroam\u00e9rica y Estados Unidos (DR-CAFTA) y en el cumplimiento regulatorio laboral en el comercio con el mercado estadounidense.<\/p>\n<p style=\"text-align: justify\">La vicepresidenta dijo confiar en que ambos pueblos puedan seguir creciendo y fortaleciendo sus democracias y detall\u00f3 varios de los esfuerzos realizados por el Gobierno dominicano para enfrentar la corrupci\u00f3n, el narcotr\u00e1fico y sus acciones para garantizar el respeto a los derechos humanos, as\u00ed como para robustecer el comercio entre ambos pa\u00edses. Reiter\u00f3 adem\u00e1s la necesidad de que Estados Unidos y la comunidad internacional auxilie a Hait\u00ed.<\/p>\n<p style=\"text-align: justify\">En este encuentro, el ministro \u00c1lvarez destac\u00f3 el trabajo realizado por nuestro pa\u00eds en ese sentido y la oportunidad que tienen ambos Estados para establecer mejoras que se traduzcan en beneficios para el comercio y su gente.<\/p>\n<p style=\"text-align: justify\">Entre los dem\u00e1s participantes en esta reuni\u00f3n estuvieron presentes por el MIREX, el viceministro para Asuntos Econ\u00f3micos y Cooperaci\u00f3n Internacional, Hugo Rivera; el director de Gabinete, Miguel N\u00fanez-Herrera; y el director de Estudios y An\u00e1lisis Estrat\u00e9gicos, Anselmo Mu\u00f1iz. Por el MICM, estuvieron presentes la viceministra de Comercio Exterior, Vilma Arbaje; y el asesor Mario Pujols. Por el Ministerio de Trabajo, los viceministros de Pol\u00edticas de Empleo, Marie Laure Aristy; y de Inspecciones, Juli\u00e1n Mateo; adem\u00e1s la directora de Relaciones Internacionales, Sarah Pimentel.<\/p>\n<p style=\"text-align: justify\">Por el gobierno de Estados Unidos, participaron el congresista de Oregon, Earl Blumenauer, tambi\u00e9n presidente del Subcomite de Comercio y Arbitrios de la C\u00e1mara; el congresista de Michigan, Daniel Kildee; el encargado de negocios de la Embajada de Estados Unidos de Am\u00e9rica, Robert Thomas; la consejera de Supervisi\u00f3n Laboral y Comercial, Comit\u00e9 de Medios y Arbitrios de la C\u00e1mara, Kelly Fay Rodr\u00edguez; y el oficial pol\u00edtico de la Embajada de Estados Unidos, Ryan Peseckas.<\/p>\n<p style=\"text-align: justify\"><strong>Fuente: Direcci\u00f3n de Comunicaci\u00f3n MIREX<\/strong><\/p>\n","protected":false},"excerpt":{"rendered":"<p>SANTO DOMINGO &#8211; La vicepresidenta Raquel Pe\u00f1a y el canciller Roberto \u00c1lvarez, recibieron en el Ministerio de Relaciones Exteriores a una delegaci\u00f3n de congresistas de Estados Unidos con la que sostuvieron una reuni\u00f3n de&#46;&#46;&#46;<\/p>\n","protected":false},"author":89,"featured_media":18672,"comment_status":"open","ping_status":"open","sticky":false,"template":"","format":"standard","meta":{"_acf_changed":false,"rop_custom_images_group":[],"rop_custom_messages_group":[],"rop_publish_now":"initial","rop_publish_now_accounts":[],"rop_publish_now_history":[],"rop_publish_now_status":"pending","footnotes":""},"categories":[3],"tags":[1968,1974,888],"class_list":["post-18671","post","type-post","status-publish","format-standard","has-post-thumbnail","hentry","category-politica","tag-ministerio-de-relaciones-exteriores","tag-roberto-alvarez","tag-vicepresidenta-raquel-pena"],"acf":[],"yoast_head":"<!-- This site is optimized with the Yoast SEO Premium plugin v24.9 (Yoast SEO v27.2) - https:\/\/yoast.com\/product\/yoast-seo-premium-wordpress\/ -->\n<title>Gobierno dominicano sostiene reuni\u00f3n de trabajo con congresistas de Estados Unidos - Rep. Dominicana | Noti-America.com<\/title>\n<meta name=\"robots\" content=\"index, follow, max-snippet:-1, max-image-preview:large, max-video-preview:-1\" \/>\n<link rel=\"canonical\" href=\"https:\/\/noti-america.com\/site\/repdom\/2022\/07\/09\/gobierno-dominicano-sostiene-reunion-de-trabajo-con-congresistas-de-estados-unidos\/\" \/>\n<meta property=\"og:locale\" content=\"es_ES\" \/>\n<meta property=\"og:type\" content=\"article\" \/>\n<meta property=\"og:title\" content=\"Gobierno dominicano sostiene reuni\u00f3n de trabajo con congresistas de Estados Unidos\" \/>\n<meta property=\"og:description\" content=\"SANTO DOMINGO &#8211; La vicepresidenta Raquel Pe\u00f1a y el canciller Roberto \u00c1lvarez, recibieron en el Ministerio de Relaciones Exteriores a una delegaci\u00f3n de congresistas de Estados Unidos con la que sostuvieron una reuni\u00f3n de&#046;&#046;&#046;\" \/>\n<meta property=\"og:url\" content=\"https:\/\/noti-america.com\/site\/repdom\/2022\/07\/09\/gobierno-dominicano-sostiene-reunion-de-trabajo-con-congresistas-de-estados-unidos\/\" \/>\n<meta property=\"og:site_name\" content=\"Rep. Dominicana | Noti-America.com\" \/>\n<meta property=\"article:published_time\" content=\"2022-07-09T05:24:06+00:00\" \/>\n<meta property=\"og:image\" content=\"https:\/\/noti-america.com\/site\/repdom\/wp-content\/uploads\/sites\/6\/2022\/07\/Encuentro-gobierno-dominicano-USA.jpg\" \/>\n\t<meta property=\"og:image:width\" content=\"1280\" \/>\n\t<meta property=\"og:image:height\" content=\"853\" \/>\n\t<meta property=\"og:image:type\" content=\"image\/jpeg\" \/>\n<meta name=\"author\" content=\"Ad\u00e1n Soriano\" \/>\n<meta name=\"twitter:card\" content=\"summary_large_image\" \/>\n<meta name=\"twitter:creator\" content=\"@adansoriano\" \/>\n<meta name=\"twitter:label1\" content=\"Escrito por\" \/>\n\t<meta name=\"twitter:data1\" content=\"Ad\u00e1n Soriano\" \/>\n\t<meta name=\"twitter:label2\" content=\"Tiempo estimado de lectura\" \/>\n\t<meta name=\"twitter:data2\" content=\"2 minutos\" \/>\n<script type=\"application\/ld+json\" class=\"yoast-schema-graph\">{\"@context\":\"https:\/\/schema.org\",\"@graph\":[{\"@type\":\"Article\",\"@id\":\"https:\/\/noti-america.com\/site\/repdom\/2022\/07\/09\/gobierno-dominicano-sostiene-reunion-de-trabajo-con-congresistas-de-estados-unidos\/#article\",\"isPartOf\":{\"@id\":\"https:\/\/noti-america.com\/site\/repdom\/2022\/07\/09\/gobierno-dominicano-sostiene-reunion-de-trabajo-con-congresistas-de-estados-unidos\/\"},\"author\":{\"name\":\"Ad\u00e1n Soriano\",\"@id\":\"https:\/\/noti-america.com\/site\/repdom\/#\/schema\/person\/fd0092c1530d275fabaa5cffcbc2b976\"},\"headline\":\"Gobierno dominicano sostiene reuni\u00f3n de trabajo con congresistas de Estados Unidos\",\"datePublished\":\"2022-07-09T05:24:06+00:00\",\"mainEntityOfPage\":{\"@id\":\"https:\/\/noti-america.com\/site\/repdom\/2022\/07\/09\/gobierno-dominicano-sostiene-reunion-de-trabajo-con-congresistas-de-estados-unidos\/\"},\"wordCount\":405,\"commentCount\":0,\"publisher\":{\"@id\":\"https:\/\/noti-america.com\/site\/repdom\/#organization\"},\"image\":{\"@id\":\"https:\/\/noti-america.com\/site\/repdom\/2022\/07\/09\/gobierno-dominicano-sostiene-reunion-de-trabajo-con-congresistas-de-estados-unidos\/#primaryimage\"},\"thumbnailUrl\":\"https:\/\/noti-america.com\/site\/repdom\/wp-content\/uploads\/sites\/6\/2022\/07\/Encuentro-gobierno-dominicano-USA.jpg\",\"keywords\":[\"Ministerio de Relaciones Exteriores\",\"Roberto \u00c1lvarez\",\"Vicepresidenta Raquel Pe\u00f1a\"],\"articleSection\":[\"Pol\u00edtica\"],\"inLanguage\":\"es\",\"potentialAction\":[{\"@type\":\"CommentAction\",\"name\":\"Comment\",\"target\":[\"https:\/\/noti-america.com\/site\/repdom\/2022\/07\/09\/gobierno-dominicano-sostiene-reunion-de-trabajo-con-congresistas-de-estados-unidos\/#respond\"]}]},{\"@type\":\"WebPage\",\"@id\":\"https:\/\/noti-america.com\/site\/repdom\/2022\/07\/09\/gobierno-dominicano-sostiene-reunion-de-trabajo-con-congresistas-de-estados-unidos\/\",\"url\":\"https:\/\/noti-america.com\/site\/repdom\/2022\/07\/09\/gobierno-dominicano-sostiene-reunion-de-trabajo-con-congresistas-de-estados-unidos\/\",\"name\":\"Gobierno dominicano sostiene reuni\u00f3n de trabajo con congresistas de Estados Unidos - Rep. Dominicana | Noti-America.com\",\"isPartOf\":{\"@id\":\"https:\/\/noti-america.com\/site\/repdom\/#website\"},\"primaryImageOfPage\":{\"@id\":\"https:\/\/noti-america.com\/site\/repdom\/2022\/07\/09\/gobierno-dominicano-sostiene-reunion-de-trabajo-con-congresistas-de-estados-unidos\/#primaryimage\"},\"image\":{\"@id\":\"https:\/\/noti-america.com\/site\/repdom\/2022\/07\/09\/gobierno-dominicano-sostiene-reunion-de-trabajo-con-congresistas-de-estados-unidos\/#primaryimage\"},\"thumbnailUrl\":\"https:\/\/noti-america.com\/site\/repdom\/wp-content\/uploads\/sites\/6\/2022\/07\/Encuentro-gobierno-dominicano-USA.jpg\",\"datePublished\":\"2022-07-09T05:24:06+00:00\",\"breadcrumb\":{\"@id\":\"https:\/\/noti-america.com\/site\/repdom\/2022\/07\/09\/gobierno-dominicano-sostiene-reunion-de-trabajo-con-congresistas-de-estados-unidos\/#breadcrumb\"},\"inLanguage\":\"es\",\"potentialAction\":[{\"@type\":\"ReadAction\",\"target\":[\"https:\/\/noti-america.com\/site\/repdom\/2022\/07\/09\/gobierno-dominicano-sostiene-reunion-de-trabajo-con-congresistas-de-estados-unidos\/\"]}]},{\"@type\":\"ImageObject\",\"inLanguage\":\"es\",\"@id\":\"https:\/\/noti-america.com\/site\/repdom\/2022\/07\/09\/gobierno-dominicano-sostiene-reunion-de-trabajo-con-congresistas-de-estados-unidos\/#primaryimage\",\"url\":\"https:\/\/noti-america.com\/site\/repdom\/wp-content\/uploads\/sites\/6\/2022\/07\/Encuentro-gobierno-dominicano-USA.jpg\",\"contentUrl\":\"https:\/\/noti-america.com\/site\/repdom\/wp-content\/uploads\/sites\/6\/2022\/07\/Encuentro-gobierno-dominicano-USA.jpg\",\"width\":1280,\"height\":853},{\"@type\":\"BreadcrumbList\",\"@id\":\"https:\/\/noti-america.com\/site\/repdom\/2022\/07\/09\/gobierno-dominicano-sostiene-reunion-de-trabajo-con-congresistas-de-estados-unidos\/#breadcrumb\",\"itemListElement\":[{\"@type\":\"ListItem\",\"position\":1,\"name\":\"Portada\",\"item\":\"https:\/\/noti-america.com\/site\/repdom\/\"},{\"@type\":\"ListItem\",\"position\":2,\"name\":\"Gobierno dominicano sostiene reuni\u00f3n de trabajo con congresistas de Estados Unidos\"}]},{\"@type\":\"WebSite\",\"@id\":\"https:\/\/noti-america.com\/site\/repdom\/#website\",\"url\":\"https:\/\/noti-america.com\/site\/repdom\/\",\"name\":\"Rep. Dominicana | Noti-America.com\",\"description\":\"\",\"publisher\":{\"@id\":\"https:\/\/noti-america.com\/site\/repdom\/#organization\"},\"potentialAction\":[{\"@type\":\"SearchAction\",\"target\":{\"@type\":\"EntryPoint\",\"urlTemplate\":\"https:\/\/noti-america.com\/site\/repdom\/?s={search_term_string}\"},\"query-input\":{\"@type\":\"PropertyValueSpecification\",\"valueRequired\":true,\"valueName\":\"search_term_string\"}}],\"inLanguage\":\"es\"},{\"@type\":\"Organization\",\"@id\":\"https:\/\/noti-america.com\/site\/repdom\/#organization\",\"name\":\"Noti-America LLC | Rep\u00fablica Dominicana\",\"url\":\"https:\/\/noti-america.com\/site\/repdom\/\",\"logo\":{\"@type\":\"ImageObject\",\"inLanguage\":\"es\",\"@id\":\"https:\/\/noti-america.com\/site\/repdom\/#\/schema\/logo\/image\/\",\"url\":\"https:\/\/noti-america.com\/site\/repdom\/wp-content\/uploads\/sites\/6\/2020\/07\/LogoNA-4x3-1.jpg\",\"contentUrl\":\"https:\/\/noti-america.com\/site\/repdom\/wp-content\/uploads\/sites\/6\/2020\/07\/LogoNA-4x3-1.jpg\",\"width\":1236,\"height\":1080,\"caption\":\"Noti-America LLC | Rep\u00fablica Dominicana\"},\"image\":{\"@id\":\"https:\/\/noti-america.com\/site\/repdom\/#\/schema\/logo\/image\/\"}},{\"@type\":\"Person\",\"@id\":\"https:\/\/noti-america.com\/site\/repdom\/#\/schema\/person\/fd0092c1530d275fabaa5cffcbc2b976\",\"name\":\"Ad\u00e1n Soriano\",\"image\":{\"@type\":\"ImageObject\",\"inLanguage\":\"es\",\"@id\":\"https:\/\/secure.gravatar.com\/avatar\/ecf97ff3aee7ff9efdae670d7e976f3e7e8acc1077e510d73707999a8bfd4467?s=96&d=mm&r=g\",\"url\":\"https:\/\/secure.gravatar.com\/avatar\/ecf97ff3aee7ff9efdae670d7e976f3e7e8acc1077e510d73707999a8bfd4467?s=96&d=mm&r=g\",\"contentUrl\":\"https:\/\/secure.gravatar.com\/avatar\/ecf97ff3aee7ff9efdae670d7e976f3e7e8acc1077e510d73707999a8bfd4467?s=96&d=mm&r=g\",\"caption\":\"Ad\u00e1n Soriano\"},\"description\":\"Soy cronista deportivo con 10 a\u00f1os de experiencia en varios espacios, y conduzco el podcast deportivo llamado Mezcla Deportiva\",\"sameAs\":[\"https:\/\/x.com\/adansoriano\"],\"url\":\"https:\/\/noti-america.com\/site\/repdom\/author\/asoriano\/\"}]}<\/script>\n<!-- \/ Yoast SEO Premium plugin. -->","yoast_head_json":{"title":"Gobierno dominicano sostiene reuni\u00f3n de trabajo con congresistas de Estados Unidos - Rep. Dominicana | Noti-America.com","robots":{"index":"index","follow":"follow","max-snippet":"max-snippet:-1","max-image-preview":"max-image-preview:large","max-video-preview":"max-video-preview:-1"},"canonical":"https:\/\/noti-america.com\/site\/repdom\/2022\/07\/09\/gobierno-dominicano-sostiene-reunion-de-trabajo-con-congresistas-de-estados-unidos\/","og_locale":"es_ES","og_type":"article","og_title":"Gobierno dominicano sostiene reuni\u00f3n de trabajo con congresistas de Estados Unidos","og_description":"SANTO DOMINGO &#8211; La vicepresidenta Raquel Pe\u00f1a y el canciller Roberto \u00c1lvarez, recibieron en el Ministerio de Relaciones Exteriores a una delegaci\u00f3n de congresistas de Estados Unidos con la que sostuvieron una reuni\u00f3n de&#46;&#46;&#46;","og_url":"https:\/\/noti-america.com\/site\/repdom\/2022\/07\/09\/gobierno-dominicano-sostiene-reunion-de-trabajo-con-congresistas-de-estados-unidos\/","og_site_name":"Rep. Dominicana | Noti-America.com","article_published_time":"2022-07-09T05:24:06+00:00","og_image":[{"width":1280,"height":853,"url":"https:\/\/noti-america.com\/site\/repdom\/wp-content\/uploads\/sites\/6\/2022\/07\/Encuentro-gobierno-dominicano-USA.jpg","type":"image\/jpeg"}],"author":"Ad\u00e1n Soriano","twitter_card":"summary_large_image","twitter_creator":"@adansoriano","twitter_misc":{"Escrito por":"Ad\u00e1n Soriano","Tiempo estimado de lectura":"2 minutos"},"schema":{"@context":"https:\/\/schema.org","@graph":[{"@type":"Article","@id":"https:\/\/noti-america.com\/site\/repdom\/2022\/07\/09\/gobierno-dominicano-sostiene-reunion-de-trabajo-con-congresistas-de-estados-unidos\/#article","isPartOf":{"@id":"https:\/\/noti-america.com\/site\/repdom\/2022\/07\/09\/gobierno-dominicano-sostiene-reunion-de-trabajo-con-congresistas-de-estados-unidos\/"},"author":{"name":"Ad\u00e1n Soriano","@id":"https:\/\/noti-america.com\/site\/repdom\/#\/schema\/person\/fd0092c1530d275fabaa5cffcbc2b976"},"headline":"Gobierno dominicano sostiene reuni\u00f3n de trabajo con congresistas de Estados Unidos","datePublished":"2022-07-09T05:24:06+00:00","mainEntityOfPage":{"@id":"https:\/\/noti-america.com\/site\/repdom\/2022\/07\/09\/gobierno-dominicano-sostiene-reunion-de-trabajo-con-congresistas-de-estados-unidos\/"},"wordCount":405,"commentCount":0,"publisher":{"@id":"https:\/\/noti-america.com\/site\/repdom\/#organization"},"image":{"@id":"https:\/\/noti-america.com\/site\/repdom\/2022\/07\/09\/gobierno-dominicano-sostiene-reunion-de-trabajo-con-congresistas-de-estados-unidos\/#primaryimage"},"thumbnailUrl":"https:\/\/noti-america.com\/site\/repdom\/wp-content\/uploads\/sites\/6\/2022\/07\/Encuentro-gobierno-dominicano-USA.jpg","keywords":["Ministerio de Relaciones Exteriores","Roberto \u00c1lvarez","Vicepresidenta Raquel Pe\u00f1a"],"articleSection":["Pol\u00edtica"],"inLanguage":"es","potentialAction":[{"@type":"CommentAction","name":"Comment","target":["https:\/\/noti-america.com\/site\/repdom\/2022\/07\/09\/gobierno-dominicano-sostiene-reunion-de-trabajo-con-congresistas-de-estados-unidos\/#respond"]}]},{"@type":"WebPage","@id":"https:\/\/noti-america.com\/site\/repdom\/2022\/07\/09\/gobierno-dominicano-sostiene-reunion-de-trabajo-con-congresistas-de-estados-unidos\/","url":"https:\/\/noti-america.com\/site\/repdom\/2022\/07\/09\/gobierno-dominicano-sostiene-reunion-de-trabajo-con-congresistas-de-estados-unidos\/","name":"Gobierno dominicano sostiene reuni\u00f3n de trabajo con congresistas de Estados Unidos - Rep. Dominicana | Noti-America.com","isPartOf":{"@id":"https:\/\/noti-america.com\/site\/repdom\/#website"},"primaryImageOfPage":{"@id":"https:\/\/noti-america.com\/site\/repdom\/2022\/07\/09\/gobierno-dominicano-sostiene-reunion-de-trabajo-con-congresistas-de-estados-unidos\/#primaryimage"},"image":{"@id":"https:\/\/noti-america.com\/site\/repdom\/2022\/07\/09\/gobierno-dominicano-sostiene-reunion-de-trabajo-con-congresistas-de-estados-unidos\/#primaryimage"},"thumbnailUrl":"https:\/\/noti-america.com\/site\/repdom\/wp-content\/uploads\/sites\/6\/2022\/07\/Encuentro-gobierno-dominicano-USA.jpg","datePublished":"2022-07-09T05:24:06+00:00","breadcrumb":{"@id":"https:\/\/noti-america.com\/site\/repdom\/2022\/07\/09\/gobierno-dominicano-sostiene-reunion-de-trabajo-con-congresistas-de-estados-unidos\/#breadcrumb"},"inLanguage":"es","potentialAction":[{"@type":"ReadAction","target":["https:\/\/noti-america.com\/site\/repdom\/2022\/07\/09\/gobierno-dominicano-sostiene-reunion-de-trabajo-con-congresistas-de-estados-unidos\/"]}]},{"@type":"ImageObject","inLanguage":"es","@id":"https:\/\/noti-america.com\/site\/repdom\/2022\/07\/09\/gobierno-dominicano-sostiene-reunion-de-trabajo-con-congresistas-de-estados-unidos\/#primaryimage","url":"https:\/\/noti-america.com\/site\/repdom\/wp-content\/uploads\/sites\/6\/2022\/07\/Encuentro-gobierno-dominicano-USA.jpg","contentUrl":"https:\/\/noti-america.com\/site\/repdom\/wp-content\/uploads\/sites\/6\/2022\/07\/Encuentro-gobierno-dominicano-USA.jpg","width":1280,"height":853},{"@type":"BreadcrumbList","@id":"https:\/\/noti-america.com\/site\/repdom\/2022\/07\/09\/gobierno-dominicano-sostiene-reunion-de-trabajo-con-congresistas-de-estados-unidos\/#breadcrumb","itemListElement":[{"@type":"ListItem","position":1,"name":"Portada","item":"https:\/\/noti-america.com\/site\/repdom\/"},{"@type":"ListItem","position":2,"name":"Gobierno dominicano sostiene reuni\u00f3n de trabajo con congresistas de Estados Unidos"}]},{"@type":"WebSite","@id":"https:\/\/noti-america.com\/site\/repdom\/#website","url":"https:\/\/noti-america.com\/site\/repdom\/","name":"Rep. Dominicana | Noti-America.com","description":"","publisher":{"@id":"https:\/\/noti-america.com\/site\/repdom\/#organization"},"potentialAction":[{"@type":"SearchAction","target":{"@type":"EntryPoint","urlTemplate":"https:\/\/noti-america.com\/site\/repdom\/?s={search_term_string}"},"query-input":{"@type":"PropertyValueSpecification","valueRequired":true,"valueName":"search_term_string"}}],"inLanguage":"es"},{"@type":"Organization","@id":"https:\/\/noti-america.com\/site\/repdom\/#organization","name":"Noti-America LLC | Rep\u00fablica Dominicana","url":"https:\/\/noti-america.com\/site\/repdom\/","logo":{"@type":"ImageObject","inLanguage":"es","@id":"https:\/\/noti-america.com\/site\/repdom\/#\/schema\/logo\/image\/","url":"https:\/\/noti-america.com\/site\/repdom\/wp-content\/uploads\/sites\/6\/2020\/07\/LogoNA-4x3-1.jpg","contentUrl":"https:\/\/noti-america.com\/site\/repdom\/wp-content\/uploads\/sites\/6\/2020\/07\/LogoNA-4x3-1.jpg","width":1236,"height":1080,"caption":"Noti-America LLC | Rep\u00fablica Dominicana"},"image":{"@id":"https:\/\/noti-america.com\/site\/repdom\/#\/schema\/logo\/image\/"}},{"@type":"Person","@id":"https:\/\/noti-america.com\/site\/repdom\/#\/schema\/person\/fd0092c1530d275fabaa5cffcbc2b976","name":"Ad\u00e1n Soriano","image":{"@type":"ImageObject","inLanguage":"es","@id":"https:\/\/secure.gravatar.com\/avatar\/ecf97ff3aee7ff9efdae670d7e976f3e7e8acc1077e510d73707999a8bfd4467?s=96&d=mm&r=g","url":"https:\/\/secure.gravatar.com\/avatar\/ecf97ff3aee7ff9efdae670d7e976f3e7e8acc1077e510d73707999a8bfd4467?s=96&d=mm&r=g","contentUrl":"https:\/\/secure.gravatar.com\/avatar\/ecf97ff3aee7ff9efdae670d7e976f3e7e8acc1077e510d73707999a8bfd4467?s=96&d=mm&r=g","caption":"Ad\u00e1n Soriano"},"description":"Soy cronista deportivo con 10 a\u00f1os de experiencia en varios espacios, y conduzco el podcast deportivo llamado Mezcla Deportiva","sameAs":["https:\/\/x.com\/adansoriano"],"url":"https:\/\/noti-america.com\/site\/repdom\/author\/asoriano\/"}]}},"_links":{"self":[{"href":"https:\/\/noti-america.com\/site\/repdom\/wp-json\/wp\/v2\/posts\/18671","targetHints":{"allow":["GET"]}}],"collection":[{"href":"https:\/\/noti-america.com\/site\/repdom\/wp-json\/wp\/v2\/posts"}],"about":[{"href":"https:\/\/noti-america.com\/site\/repdom\/wp-json\/wp\/v2\/types\/post"}],"author":[{"embeddable":true,"href":"https:\/\/noti-america.com\/site\/repdom\/wp-json\/wp\/v2\/users\/89"}],"replies":[{"embeddable":true,"href":"https:\/\/noti-america.com\/site\/repdom\/wp-json\/wp\/v2\/comments?post=18671"}],"version-history":[{"count":1,"href":"https:\/\/noti-america.com\/site\/repdom\/wp-json\/wp\/v2\/posts\/18671\/revisions"}],"predecessor-version":[{"id":18673,"href":"https:\/\/noti-america.com\/site\/repdom\/wp-json\/wp\/v2\/posts\/18671\/revisions\/18673"}],"wp:featuredmedia":[{"embeddable":true,"href":"https:\/\/noti-america.com\/site\/repdom\/wp-json\/wp\/v2\/media\/18672"}],"wp:attachment":[{"href":"https:\/\/noti-america.com\/site\/repdom\/wp-json\/wp\/v2\/media?parent=18671"}],"wp:term":[{"taxonomy":"category","embeddable":true,"href":"https:\/\/noti-america.com\/site\/repdom\/wp-json\/wp\/v2\/categories?post=18671"},{"taxonomy":"post_tag","embeddable":true,"href":"https:\/\/noti-america.com\/site\/repdom\/wp-json\/wp\/v2\/tags?post=18671"}],"curies":[{"name":"wp","href":"https:\/\/api.w.org\/{rel}","templated":true}]}}