{"id":1864,"date":"2020-07-15T04:14:14","date_gmt":"2020-07-15T04:14:14","guid":{"rendered":"http:\/\/noti-america.com\/site\/repdom\/?p=1864"},"modified":"2020-07-15T04:14:14","modified_gmt":"2020-07-15T04:14:14","slug":"lidom-y-fedobe-anuncian-proyecto-de-liga-de-verano","status":"publish","type":"post","link":"https:\/\/noti-america.com\/site\/repdom\/2020\/07\/15\/lidom-y-fedobe-anuncian-proyecto-de-liga-de-verano\/","title":{"rendered":"LIDOM y FEDOBE anuncian proyecto de Liga de Verano"},"content":{"rendered":"<div dir=\"auto\">\n<p style=\"text-align: justify\">La Liga Dominicana de B\u00e9isbol (LIDOM) y la Federaci\u00f3n Dominicana de B\u00e9isbol (FEDOBE) han decidido aunar esfuerzos para la realizaci\u00f3n de un proyecto visionario en materia de b\u00e9isbol en nuestro pa\u00eds, el mismo es la realizaci\u00f3n de una Liga Profesional de Verano.<\/p>\n<p style=\"text-align: justify\">Este proyecto, que se realiza en menor escala y esencialmente en la zona norte, ha sido tomado por los directivos de LIDOM como un reto junto a la Federaci\u00f3n.<\/p>\n<p style=\"text-align: justify\">\u201cNo estamos hablando de un proyecto improvisado, estamos hablando de un sue\u00f1o de H\u00e9ctor (Tito) Pereyra\u201d, dijo el lic. Vitelio Mej\u00eda Ortiz, presidente de LIDOM. \u201cNing\u00fan proyecto tendr\u00e1 \u00e9xito sin apoyo\u201d, agreg\u00f3 el titular de la Liga al referirse al papel de los cronistas, empresarios y dem\u00e1s protagonistas en un proyecto que permitir\u00e1 a los jugadores dominicanos tener un universo de oportunidades en materia de trabajo.<\/p>\n<p style=\"text-align: justify\">El lic. Mej\u00eda Ortiz aclar\u00f3 que el n\u00famero de franquicias depender\u00e1 de la sostenibilidad que proyecten los aspirantes y que tendr\u00e1 como base a las 6 franquicias de LIDOM y los equipos que ya militan en FEDOBE.<\/p>\n<p style=\"text-align: justify\">\u201cTendremos todo tipo de peloteros en esta liga, prospectos, ex-grandes ligas y jugadores que tengan la condici\u00f3n para este nivel\u201d, puntualiz\u00f3 el presidente de la FEDOBE, Juan N\u00fa\u00f1ez Nepomuceno.<\/p>\n<p style=\"text-align: justify\">Nu\u00f1ez expres\u00f3 la latente idea de realizar el torneo acostumbrado de verano en el mes de septiembre, si las condiciones con respecto a la pandemia del COVID-19 lo permiten y qued\u00f3 expuesto con claridad, que el proyecto de fusi\u00f3n con LIDOM entrar\u00eda en vigencia en el 2021.<\/p>\n<p style=\"text-align: justify\">El vicepresidente de LIDOM, Winston Chilote Llenas D\u00e1vila, citado por el lic. Vitelio Mej\u00eda como responsable y representante de LIDOM en este ambicioso proyecto, se declar\u00f3 \u201cdispuesto y preparado\u201d, para este gran compromiso, al mismo tiempo que aceptaba la responsabilidad como hombre de b\u00e9isbol.<\/p>\n<p style=\"text-align: justify\">La conferencia fue dirigida por el titular de prensa de la LIDOM, Satosky Terrero, qui\u00e9n agradeci\u00f3 a los miembros de la prensa por el apoyo.<\/p>\n<p style=\"text-align: justify\">94 personas estuvieron presentes en la propia a trav\u00e9s de la aplicaci\u00f3n Zoom y recibieron respuestas a las diversas inc\u00f3gnitas suscitadas en la misma, por los respectivos directivos de LIDOM y FEDOBE.<\/p>\n<p style=\"text-align: justify\"><strong>Fuente: Elwin Pe\u00f1a \u201cEl S\u00faper Profe\u201d<\/strong><\/p>\n<\/div>\n<div dir=\"auto\"><\/div>\n","protected":false},"excerpt":{"rendered":"<p>La Liga Dominicana de B\u00e9isbol (LIDOM) y la Federaci\u00f3n Dominicana de B\u00e9isbol (FEDOBE) han decidido aunar esfuerzos para la realizaci\u00f3n de un proyecto visionario en materia de b\u00e9isbol en nuestro pa\u00eds, el mismo es&#46;&#46;&#46;<\/p>\n","protected":false},"author":89,"featured_media":1865,"comment_status":"open","ping_status":"open","sticky":false,"template":"","format":"standard","meta":{"_acf_changed":false,"rop_custom_images_group":[],"rop_custom_messages_group":[],"rop_publish_now":"initial","rop_publish_now_accounts":[],"rop_publish_now_history":[],"rop_publish_now_status":"pending","footnotes":""},"categories":[16],"tags":[119,134,122,135],"class_list":["post-1864","post","type-post","status-publish","format-standard","has-post-thumbnail","hentry","category-deportes","tag-beisbol-dominicano","tag-federacion-dominicana-de-beisbol","tag-liga-dominicana-de-beisbol-profesional","tag-liga-profesional-de-verano"],"acf":[],"yoast_head":"<!-- This site is optimized with the Yoast SEO Premium plugin v24.9 (Yoast SEO v27.2) - https:\/\/yoast.com\/product\/yoast-seo-premium-wordpress\/ -->\n<title>LIDOM y FEDOBE anuncian proyecto de Liga de Verano - Rep. Dominicana | Noti-America.com<\/title>\n<meta name=\"robots\" content=\"index, follow, max-snippet:-1, max-image-preview:large, max-video-preview:-1\" \/>\n<link rel=\"canonical\" href=\"https:\/\/noti-america.com\/site\/repdom\/2020\/07\/15\/lidom-y-fedobe-anuncian-proyecto-de-liga-de-verano\/\" \/>\n<meta property=\"og:locale\" content=\"es_ES\" \/>\n<meta property=\"og:type\" content=\"article\" \/>\n<meta property=\"og:title\" content=\"LIDOM y FEDOBE anuncian proyecto de Liga de Verano\" \/>\n<meta property=\"og:description\" content=\"La Liga Dominicana de B\u00e9isbol (LIDOM) y la Federaci\u00f3n Dominicana de B\u00e9isbol (FEDOBE) han decidido aunar esfuerzos para la realizaci\u00f3n de un proyecto visionario en materia de b\u00e9isbol en nuestro pa\u00eds, el mismo es&#046;&#046;&#046;\" \/>\n<meta property=\"og:url\" content=\"https:\/\/noti-america.com\/site\/repdom\/2020\/07\/15\/lidom-y-fedobe-anuncian-proyecto-de-liga-de-verano\/\" \/>\n<meta property=\"og:site_name\" content=\"Rep. Dominicana | Noti-America.com\" \/>\n<meta property=\"article:published_time\" content=\"2020-07-15T04:14:14+00:00\" \/>\n<meta property=\"og:image\" content=\"https:\/\/noti-america.com\/site\/repdom\/wp-content\/uploads\/sites\/6\/2020\/07\/Liga-de-Verano-scaled.jpg\" \/>\n\t<meta property=\"og:image:width\" content=\"2560\" \/>\n\t<meta property=\"og:image:height\" content=\"1280\" \/>\n\t<meta property=\"og:image:type\" content=\"image\/jpeg\" \/>\n<meta name=\"author\" content=\"Ad\u00e1n Soriano\" \/>\n<meta name=\"twitter:card\" content=\"summary_large_image\" \/>\n<meta name=\"twitter:creator\" content=\"@adansoriano\" \/>\n<meta name=\"twitter:label1\" content=\"Escrito por\" \/>\n\t<meta name=\"twitter:data1\" content=\"Ad\u00e1n Soriano\" \/>\n\t<meta name=\"twitter:label2\" content=\"Tiempo estimado de lectura\" \/>\n\t<meta name=\"twitter:data2\" content=\"2 minutos\" \/>\n<script type=\"application\/ld+json\" class=\"yoast-schema-graph\">{\"@context\":\"https:\/\/schema.org\",\"@graph\":[{\"@type\":\"Article\",\"@id\":\"https:\/\/noti-america.com\/site\/repdom\/2020\/07\/15\/lidom-y-fedobe-anuncian-proyecto-de-liga-de-verano\/#article\",\"isPartOf\":{\"@id\":\"https:\/\/noti-america.com\/site\/repdom\/2020\/07\/15\/lidom-y-fedobe-anuncian-proyecto-de-liga-de-verano\/\"},\"author\":{\"name\":\"Ad\u00e1n Soriano\",\"@id\":\"https:\/\/noti-america.com\/site\/repdom\/#\/schema\/person\/fd0092c1530d275fabaa5cffcbc2b976\"},\"headline\":\"LIDOM y FEDOBE anuncian proyecto de Liga de Verano\",\"datePublished\":\"2020-07-15T04:14:14+00:00\",\"mainEntityOfPage\":{\"@id\":\"https:\/\/noti-america.com\/site\/repdom\/2020\/07\/15\/lidom-y-fedobe-anuncian-proyecto-de-liga-de-verano\/\"},\"wordCount\":392,\"commentCount\":0,\"publisher\":{\"@id\":\"https:\/\/noti-america.com\/site\/repdom\/#organization\"},\"image\":{\"@id\":\"https:\/\/noti-america.com\/site\/repdom\/2020\/07\/15\/lidom-y-fedobe-anuncian-proyecto-de-liga-de-verano\/#primaryimage\"},\"thumbnailUrl\":\"https:\/\/noti-america.com\/site\/repdom\/wp-content\/uploads\/sites\/6\/2020\/07\/Liga-de-Verano-scaled.jpg\",\"keywords\":[\"B\u00e9isbol Dominicano\",\"Federaci\u00f3n Dominicana de B\u00e9isbol\",\"Liga Dominicana de B\u00e9isbol Profesional\",\"Liga Profesional de Verano\"],\"articleSection\":[\"Deportes\"],\"inLanguage\":\"es\",\"potentialAction\":[{\"@type\":\"CommentAction\",\"name\":\"Comment\",\"target\":[\"https:\/\/noti-america.com\/site\/repdom\/2020\/07\/15\/lidom-y-fedobe-anuncian-proyecto-de-liga-de-verano\/#respond\"]}]},{\"@type\":\"WebPage\",\"@id\":\"https:\/\/noti-america.com\/site\/repdom\/2020\/07\/15\/lidom-y-fedobe-anuncian-proyecto-de-liga-de-verano\/\",\"url\":\"https:\/\/noti-america.com\/site\/repdom\/2020\/07\/15\/lidom-y-fedobe-anuncian-proyecto-de-liga-de-verano\/\",\"name\":\"LIDOM y FEDOBE anuncian proyecto de Liga de Verano - Rep. Dominicana | Noti-America.com\",\"isPartOf\":{\"@id\":\"https:\/\/noti-america.com\/site\/repdom\/#website\"},\"primaryImageOfPage\":{\"@id\":\"https:\/\/noti-america.com\/site\/repdom\/2020\/07\/15\/lidom-y-fedobe-anuncian-proyecto-de-liga-de-verano\/#primaryimage\"},\"image\":{\"@id\":\"https:\/\/noti-america.com\/site\/repdom\/2020\/07\/15\/lidom-y-fedobe-anuncian-proyecto-de-liga-de-verano\/#primaryimage\"},\"thumbnailUrl\":\"https:\/\/noti-america.com\/site\/repdom\/wp-content\/uploads\/sites\/6\/2020\/07\/Liga-de-Verano-scaled.jpg\",\"datePublished\":\"2020-07-15T04:14:14+00:00\",\"breadcrumb\":{\"@id\":\"https:\/\/noti-america.com\/site\/repdom\/2020\/07\/15\/lidom-y-fedobe-anuncian-proyecto-de-liga-de-verano\/#breadcrumb\"},\"inLanguage\":\"es\",\"potentialAction\":[{\"@type\":\"ReadAction\",\"target\":[\"https:\/\/noti-america.com\/site\/repdom\/2020\/07\/15\/lidom-y-fedobe-anuncian-proyecto-de-liga-de-verano\/\"]}]},{\"@type\":\"ImageObject\",\"inLanguage\":\"es\",\"@id\":\"https:\/\/noti-america.com\/site\/repdom\/2020\/07\/15\/lidom-y-fedobe-anuncian-proyecto-de-liga-de-verano\/#primaryimage\",\"url\":\"https:\/\/noti-america.com\/site\/repdom\/wp-content\/uploads\/sites\/6\/2020\/07\/Liga-de-Verano-scaled.jpg\",\"contentUrl\":\"https:\/\/noti-america.com\/site\/repdom\/wp-content\/uploads\/sites\/6\/2020\/07\/Liga-de-Verano-scaled.jpg\",\"width\":2560,\"height\":1280},{\"@type\":\"BreadcrumbList\",\"@id\":\"https:\/\/noti-america.com\/site\/repdom\/2020\/07\/15\/lidom-y-fedobe-anuncian-proyecto-de-liga-de-verano\/#breadcrumb\",\"itemListElement\":[{\"@type\":\"ListItem\",\"position\":1,\"name\":\"Portada\",\"item\":\"https:\/\/noti-america.com\/site\/repdom\/\"},{\"@type\":\"ListItem\",\"position\":2,\"name\":\"LIDOM y FEDOBE anuncian proyecto de Liga de Verano\"}]},{\"@type\":\"WebSite\",\"@id\":\"https:\/\/noti-america.com\/site\/repdom\/#website\",\"url\":\"https:\/\/noti-america.com\/site\/repdom\/\",\"name\":\"Rep. Dominicana | Noti-America.com\",\"description\":\"\",\"publisher\":{\"@id\":\"https:\/\/noti-america.com\/site\/repdom\/#organization\"},\"potentialAction\":[{\"@type\":\"SearchAction\",\"target\":{\"@type\":\"EntryPoint\",\"urlTemplate\":\"https:\/\/noti-america.com\/site\/repdom\/?s={search_term_string}\"},\"query-input\":{\"@type\":\"PropertyValueSpecification\",\"valueRequired\":true,\"valueName\":\"search_term_string\"}}],\"inLanguage\":\"es\"},{\"@type\":\"Organization\",\"@id\":\"https:\/\/noti-america.com\/site\/repdom\/#organization\",\"name\":\"Noti-America LLC | Rep\u00fablica Dominicana\",\"url\":\"https:\/\/noti-america.com\/site\/repdom\/\",\"logo\":{\"@type\":\"ImageObject\",\"inLanguage\":\"es\",\"@id\":\"https:\/\/noti-america.com\/site\/repdom\/#\/schema\/logo\/image\/\",\"url\":\"https:\/\/noti-america.com\/site\/repdom\/wp-content\/uploads\/sites\/6\/2020\/07\/LogoNA-4x3-1.jpg\",\"contentUrl\":\"https:\/\/noti-america.com\/site\/repdom\/wp-content\/uploads\/sites\/6\/2020\/07\/LogoNA-4x3-1.jpg\",\"width\":1236,\"height\":1080,\"caption\":\"Noti-America LLC | Rep\u00fablica Dominicana\"},\"image\":{\"@id\":\"https:\/\/noti-america.com\/site\/repdom\/#\/schema\/logo\/image\/\"}},{\"@type\":\"Person\",\"@id\":\"https:\/\/noti-america.com\/site\/repdom\/#\/schema\/person\/fd0092c1530d275fabaa5cffcbc2b976\",\"name\":\"Ad\u00e1n Soriano\",\"image\":{\"@type\":\"ImageObject\",\"inLanguage\":\"es\",\"@id\":\"https:\/\/secure.gravatar.com\/avatar\/ecf97ff3aee7ff9efdae670d7e976f3e7e8acc1077e510d73707999a8bfd4467?s=96&d=mm&r=g\",\"url\":\"https:\/\/secure.gravatar.com\/avatar\/ecf97ff3aee7ff9efdae670d7e976f3e7e8acc1077e510d73707999a8bfd4467?s=96&d=mm&r=g\",\"contentUrl\":\"https:\/\/secure.gravatar.com\/avatar\/ecf97ff3aee7ff9efdae670d7e976f3e7e8acc1077e510d73707999a8bfd4467?s=96&d=mm&r=g\",\"caption\":\"Ad\u00e1n Soriano\"},\"description\":\"Soy cronista deportivo con 10 a\u00f1os de experiencia en varios espacios, y conduzco el podcast deportivo llamado Mezcla Deportiva\",\"sameAs\":[\"https:\/\/x.com\/adansoriano\"],\"url\":\"https:\/\/noti-america.com\/site\/repdom\/author\/asoriano\/\"}]}<\/script>\n<!-- \/ Yoast SEO Premium plugin. -->","yoast_head_json":{"title":"LIDOM y FEDOBE anuncian proyecto de Liga de Verano - Rep. Dominicana | Noti-America.com","robots":{"index":"index","follow":"follow","max-snippet":"max-snippet:-1","max-image-preview":"max-image-preview:large","max-video-preview":"max-video-preview:-1"},"canonical":"https:\/\/noti-america.com\/site\/repdom\/2020\/07\/15\/lidom-y-fedobe-anuncian-proyecto-de-liga-de-verano\/","og_locale":"es_ES","og_type":"article","og_title":"LIDOM y FEDOBE anuncian proyecto de Liga de Verano","og_description":"La Liga Dominicana de B\u00e9isbol (LIDOM) y la Federaci\u00f3n Dominicana de B\u00e9isbol (FEDOBE) han decidido aunar esfuerzos para la realizaci\u00f3n de un proyecto visionario en materia de b\u00e9isbol en nuestro pa\u00eds, el mismo es&#46;&#46;&#46;","og_url":"https:\/\/noti-america.com\/site\/repdom\/2020\/07\/15\/lidom-y-fedobe-anuncian-proyecto-de-liga-de-verano\/","og_site_name":"Rep. Dominicana | Noti-America.com","article_published_time":"2020-07-15T04:14:14+00:00","og_image":[{"width":2560,"height":1280,"url":"https:\/\/noti-america.com\/site\/repdom\/wp-content\/uploads\/sites\/6\/2020\/07\/Liga-de-Verano-scaled.jpg","type":"image\/jpeg"}],"author":"Ad\u00e1n Soriano","twitter_card":"summary_large_image","twitter_creator":"@adansoriano","twitter_misc":{"Escrito por":"Ad\u00e1n Soriano","Tiempo estimado de lectura":"2 minutos"},"schema":{"@context":"https:\/\/schema.org","@graph":[{"@type":"Article","@id":"https:\/\/noti-america.com\/site\/repdom\/2020\/07\/15\/lidom-y-fedobe-anuncian-proyecto-de-liga-de-verano\/#article","isPartOf":{"@id":"https:\/\/noti-america.com\/site\/repdom\/2020\/07\/15\/lidom-y-fedobe-anuncian-proyecto-de-liga-de-verano\/"},"author":{"name":"Ad\u00e1n Soriano","@id":"https:\/\/noti-america.com\/site\/repdom\/#\/schema\/person\/fd0092c1530d275fabaa5cffcbc2b976"},"headline":"LIDOM y FEDOBE anuncian proyecto de Liga de Verano","datePublished":"2020-07-15T04:14:14+00:00","mainEntityOfPage":{"@id":"https:\/\/noti-america.com\/site\/repdom\/2020\/07\/15\/lidom-y-fedobe-anuncian-proyecto-de-liga-de-verano\/"},"wordCount":392,"commentCount":0,"publisher":{"@id":"https:\/\/noti-america.com\/site\/repdom\/#organization"},"image":{"@id":"https:\/\/noti-america.com\/site\/repdom\/2020\/07\/15\/lidom-y-fedobe-anuncian-proyecto-de-liga-de-verano\/#primaryimage"},"thumbnailUrl":"https:\/\/noti-america.com\/site\/repdom\/wp-content\/uploads\/sites\/6\/2020\/07\/Liga-de-Verano-scaled.jpg","keywords":["B\u00e9isbol Dominicano","Federaci\u00f3n Dominicana de B\u00e9isbol","Liga Dominicana de B\u00e9isbol Profesional","Liga Profesional de Verano"],"articleSection":["Deportes"],"inLanguage":"es","potentialAction":[{"@type":"CommentAction","name":"Comment","target":["https:\/\/noti-america.com\/site\/repdom\/2020\/07\/15\/lidom-y-fedobe-anuncian-proyecto-de-liga-de-verano\/#respond"]}]},{"@type":"WebPage","@id":"https:\/\/noti-america.com\/site\/repdom\/2020\/07\/15\/lidom-y-fedobe-anuncian-proyecto-de-liga-de-verano\/","url":"https:\/\/noti-america.com\/site\/repdom\/2020\/07\/15\/lidom-y-fedobe-anuncian-proyecto-de-liga-de-verano\/","name":"LIDOM y FEDOBE anuncian proyecto de Liga de Verano - Rep. Dominicana | Noti-America.com","isPartOf":{"@id":"https:\/\/noti-america.com\/site\/repdom\/#website"},"primaryImageOfPage":{"@id":"https:\/\/noti-america.com\/site\/repdom\/2020\/07\/15\/lidom-y-fedobe-anuncian-proyecto-de-liga-de-verano\/#primaryimage"},"image":{"@id":"https:\/\/noti-america.com\/site\/repdom\/2020\/07\/15\/lidom-y-fedobe-anuncian-proyecto-de-liga-de-verano\/#primaryimage"},"thumbnailUrl":"https:\/\/noti-america.com\/site\/repdom\/wp-content\/uploads\/sites\/6\/2020\/07\/Liga-de-Verano-scaled.jpg","datePublished":"2020-07-15T04:14:14+00:00","breadcrumb":{"@id":"https:\/\/noti-america.com\/site\/repdom\/2020\/07\/15\/lidom-y-fedobe-anuncian-proyecto-de-liga-de-verano\/#breadcrumb"},"inLanguage":"es","potentialAction":[{"@type":"ReadAction","target":["https:\/\/noti-america.com\/site\/repdom\/2020\/07\/15\/lidom-y-fedobe-anuncian-proyecto-de-liga-de-verano\/"]}]},{"@type":"ImageObject","inLanguage":"es","@id":"https:\/\/noti-america.com\/site\/repdom\/2020\/07\/15\/lidom-y-fedobe-anuncian-proyecto-de-liga-de-verano\/#primaryimage","url":"https:\/\/noti-america.com\/site\/repdom\/wp-content\/uploads\/sites\/6\/2020\/07\/Liga-de-Verano-scaled.jpg","contentUrl":"https:\/\/noti-america.com\/site\/repdom\/wp-content\/uploads\/sites\/6\/2020\/07\/Liga-de-Verano-scaled.jpg","width":2560,"height":1280},{"@type":"BreadcrumbList","@id":"https:\/\/noti-america.com\/site\/repdom\/2020\/07\/15\/lidom-y-fedobe-anuncian-proyecto-de-liga-de-verano\/#breadcrumb","itemListElement":[{"@type":"ListItem","position":1,"name":"Portada","item":"https:\/\/noti-america.com\/site\/repdom\/"},{"@type":"ListItem","position":2,"name":"LIDOM y FEDOBE anuncian proyecto de Liga de Verano"}]},{"@type":"WebSite","@id":"https:\/\/noti-america.com\/site\/repdom\/#website","url":"https:\/\/noti-america.com\/site\/repdom\/","name":"Rep. Dominicana | Noti-America.com","description":"","publisher":{"@id":"https:\/\/noti-america.com\/site\/repdom\/#organization"},"potentialAction":[{"@type":"SearchAction","target":{"@type":"EntryPoint","urlTemplate":"https:\/\/noti-america.com\/site\/repdom\/?s={search_term_string}"},"query-input":{"@type":"PropertyValueSpecification","valueRequired":true,"valueName":"search_term_string"}}],"inLanguage":"es"},{"@type":"Organization","@id":"https:\/\/noti-america.com\/site\/repdom\/#organization","name":"Noti-America LLC | Rep\u00fablica Dominicana","url":"https:\/\/noti-america.com\/site\/repdom\/","logo":{"@type":"ImageObject","inLanguage":"es","@id":"https:\/\/noti-america.com\/site\/repdom\/#\/schema\/logo\/image\/","url":"https:\/\/noti-america.com\/site\/repdom\/wp-content\/uploads\/sites\/6\/2020\/07\/LogoNA-4x3-1.jpg","contentUrl":"https:\/\/noti-america.com\/site\/repdom\/wp-content\/uploads\/sites\/6\/2020\/07\/LogoNA-4x3-1.jpg","width":1236,"height":1080,"caption":"Noti-America LLC | Rep\u00fablica Dominicana"},"image":{"@id":"https:\/\/noti-america.com\/site\/repdom\/#\/schema\/logo\/image\/"}},{"@type":"Person","@id":"https:\/\/noti-america.com\/site\/repdom\/#\/schema\/person\/fd0092c1530d275fabaa5cffcbc2b976","name":"Ad\u00e1n Soriano","image":{"@type":"ImageObject","inLanguage":"es","@id":"https:\/\/secure.gravatar.com\/avatar\/ecf97ff3aee7ff9efdae670d7e976f3e7e8acc1077e510d73707999a8bfd4467?s=96&d=mm&r=g","url":"https:\/\/secure.gravatar.com\/avatar\/ecf97ff3aee7ff9efdae670d7e976f3e7e8acc1077e510d73707999a8bfd4467?s=96&d=mm&r=g","contentUrl":"https:\/\/secure.gravatar.com\/avatar\/ecf97ff3aee7ff9efdae670d7e976f3e7e8acc1077e510d73707999a8bfd4467?s=96&d=mm&r=g","caption":"Ad\u00e1n Soriano"},"description":"Soy cronista deportivo con 10 a\u00f1os de experiencia en varios espacios, y conduzco el podcast deportivo llamado Mezcla Deportiva","sameAs":["https:\/\/x.com\/adansoriano"],"url":"https:\/\/noti-america.com\/site\/repdom\/author\/asoriano\/"}]}},"_links":{"self":[{"href":"https:\/\/noti-america.com\/site\/repdom\/wp-json\/wp\/v2\/posts\/1864","targetHints":{"allow":["GET"]}}],"collection":[{"href":"https:\/\/noti-america.com\/site\/repdom\/wp-json\/wp\/v2\/posts"}],"about":[{"href":"https:\/\/noti-america.com\/site\/repdom\/wp-json\/wp\/v2\/types\/post"}],"author":[{"embeddable":true,"href":"https:\/\/noti-america.com\/site\/repdom\/wp-json\/wp\/v2\/users\/89"}],"replies":[{"embeddable":true,"href":"https:\/\/noti-america.com\/site\/repdom\/wp-json\/wp\/v2\/comments?post=1864"}],"version-history":[{"count":1,"href":"https:\/\/noti-america.com\/site\/repdom\/wp-json\/wp\/v2\/posts\/1864\/revisions"}],"predecessor-version":[{"id":1866,"href":"https:\/\/noti-america.com\/site\/repdom\/wp-json\/wp\/v2\/posts\/1864\/revisions\/1866"}],"wp:featuredmedia":[{"embeddable":true,"href":"https:\/\/noti-america.com\/site\/repdom\/wp-json\/wp\/v2\/media\/1865"}],"wp:attachment":[{"href":"https:\/\/noti-america.com\/site\/repdom\/wp-json\/wp\/v2\/media?parent=1864"}],"wp:term":[{"taxonomy":"category","embeddable":true,"href":"https:\/\/noti-america.com\/site\/repdom\/wp-json\/wp\/v2\/categories?post=1864"},{"taxonomy":"post_tag","embeddable":true,"href":"https:\/\/noti-america.com\/site\/repdom\/wp-json\/wp\/v2\/tags?post=1864"}],"curies":[{"name":"wp","href":"https:\/\/api.w.org\/{rel}","templated":true}]}}