{"id":1806,"date":"2020-07-11T23:09:09","date_gmt":"2020-07-11T23:09:09","guid":{"rendered":"http:\/\/noti-america.com\/site\/repdom\/?p=1806"},"modified":"2020-07-11T23:09:09","modified_gmt":"2020-07-11T23:09:09","slug":"quilvio-hernandez-es-electo-presidente-de-las-aguilas-cibaenas","status":"publish","type":"post","link":"https:\/\/noti-america.com\/site\/repdom\/2020\/07\/11\/quilvio-hernandez-es-electo-presidente-de-las-aguilas-cibaenas\/","title":{"rendered":"Quilvio Hern\u00e1ndez es electo presidente de las \u00c1guilas Cibae\u00f1as"},"content":{"rendered":"<p class=\"x_ydpb7e43879MsoNormal\" style=\"text-align: justify\">SANTIAGO &#8211; Quilvio Hern\u00e1ndez fue electo a unanimidad como presidente del Consejo Directivo de las \u00c1guilas Cibae\u00f1as S.A.S. durante la Asamblea Ordinaria de la compa\u00f1\u00eda, realizada este s\u00e1bado en el sal\u00f3n de conferencia de su domicilio social, el estadio Cibao.<\/p>\n<p class=\"x_ydpb7e43879MsoNormal\" style=\"text-align: justify\">La directiva es compuesta adem\u00e1s por los Presidentes Ad-Vitam, Winston Llenas, Jos\u00e9 Augusto Vega Imbert, Reynaldo Bison\u00f3 y Juan \u00c1lvarez Piola.<\/p>\n<p class=\"x_ydpb7e43879MsoNormal\" style=\"text-align: justify\">Ser\u00e1 la cuarta vez que Hern\u00e1ndez ocupa la presidencia del equipo que representa al Cibao en la Liga Dominicana de B\u00e9isbol Profesional, esta vez le acompa\u00f1an V\u00edctor Garc\u00eda Sued, vicepresidente, Fabio Jorge, Tesorero, y el ingeniero Luis Gobaira, Secretario.<\/p>\n<p class=\"x_ydpb7e43879MsoNormal\" style=\"text-align: justify\">Los vocales son el pasado presidente, doctor Adriano Valdez Russo, se\u00f1ora Tania Hern\u00e1ndez, doctor Fernando Valdez, Lionel Garc\u00eda y la arquitecta Kristen Castro.<\/p>\n<p class=\"x_ydpb7e43879MsoNormal\" style=\"text-align: justify\">Son asesores los se\u00f1ores; Isabel Rosario de la Maza, Jos\u00e9 Armando Berm\u00fadez, doctor Luis Campos, licenciada Yamel Llenas, Rosa Gobaira y Rafael Vargas.<\/p>\n<p class=\"x_ydpb7e43879MsoNormal\" style=\"text-align: justify\">Quilvio Hern\u00e1ndez presidi\u00f3 a las \u00c1guilas durante tres temporadas corridas, 2013-2014, 2014-2015 y 2015-2016, ocupar\u00e1 el cargo para el per\u00edodo 2020-2021.<\/p>\n<p class=\"x_ydpb7e43879MsoNormal\" style=\"text-align: justify\">Los accionistas de \u00c1guilas Cibae\u00f1as se reunieron, para la celebraci\u00f3n de su Asamblea General Ordinaria, en medio de un excelente clima de armon\u00eda Anual, y en segunda convocatoria, debido a que el pasado mes de junio la pandemia del COVID-19 impidi\u00f3 que se conformara el quorum f\u00edsico, aunque s\u00ed se pudo lograr el accionario.<\/p>\n<p class=\"x_ydpb7e43879MsoNormal\" style=\"text-align: justify\">Inici\u00f3 como estaba prevista\u00a0a las 11:00 de la ma\u00f1ana, en un ambiente en el que se observaron todos los protocolos vigentes del Ministerio de Salud P\u00fablica, obligados por la pandemia, que exige distanciamiento social, el uso de mascarilla y guantes.<\/p>\n<p class=\"x_ydpb7e43879MsoNormal\" style=\"text-align: justify\">Adem\u00e1s de escoger el Consejo Directivo los asamble\u00edstas agotaron una agenda que tuvo primer punto el informe de la gesti\u00f3n anual del Consejo de Administraci\u00f3n, relativo al ejercicio social que inici\u00f3 el 1 de abril del 2019 y finaliz\u00f3 el 31 de marzo del 2020.<\/p>\n<p class=\"x_ydpb7e43879MsoNormal\" style=\"text-align: justify\">Luego se conoci\u00f3 para su aprobaci\u00f3n\u00a0el inventario, cuentas y balance general del ejercicio social cerrado el 31 de marzo del presente a\u00f1o.<\/p>\n<p class=\"x_ydpb7e43879MsoNormal\" style=\"text-align: justify\">El resultado del ejercicio, de conformidad con las disposiciones del art\u00edculo 68 y 38 de los Estatutos Sociales. Tambi\u00e9n,\u00a0la aprobaci\u00f3n del presupuesto necesario para operar la sociedad durante el ejercicio social en curso.<\/p>\n<p class=\"x_ydpb7e43879MsoNormal\" style=\"text-align: justify\">Resolver los relativo al precio de las acciones normativas de la sociedad a los fines del ejercicio del derecho de preferencia de los accionistas en caso potencial de venta a terceros, de acuerdo con el art\u00edculo 11 de los Estatutos Sociales<\/p>\n<p class=\"x_ydpb7e43879MsoNormal\" style=\"text-align: justify\">Y designar los auditores\u00a0externos correspondientes al ejercicio social en curso.<\/p>\n<p><strong>Fuente: Prensa \u00c1guilas Cibae\u00f1as<\/strong><\/p>\n","protected":false},"excerpt":{"rendered":"<p>SANTIAGO &#8211; Quilvio Hern\u00e1ndez fue electo a unanimidad como presidente del Consejo Directivo de las \u00c1guilas Cibae\u00f1as S.A.S. durante la Asamblea Ordinaria de la compa\u00f1\u00eda, realizada este s\u00e1bado en el sal\u00f3n de conferencia de&#46;&#46;&#46;<\/p>\n","protected":false},"author":89,"featured_media":1804,"comment_status":"open","ping_status":"open","sticky":false,"template":"","format":"standard","meta":{"_acf_changed":false,"rop_custom_images_group":[],"rop_custom_messages_group":[],"rop_publish_now":"initial","rop_publish_now_accounts":[],"rop_publish_now_history":[],"rop_publish_now_status":"pending","footnotes":""},"categories":[16],"tags":[118,119,121,122,117],"class_list":["post-1806","post","type-post","status-publish","format-standard","has-post-thumbnail","hentry","category-deportes","tag-aguilas-cibaenas","tag-beisbol-dominicano","tag-consejo-directivo","tag-liga-dominicana-de-beisbol-profesional","tag-quilvio-hernandez"],"acf":[],"yoast_head":"<!-- This site is optimized with the Yoast SEO Premium plugin v24.9 (Yoast SEO v27.2) - https:\/\/yoast.com\/product\/yoast-seo-premium-wordpress\/ -->\n<title>Quilvio Hern\u00e1ndez es electo presidente de las \u00c1guilas Cibae\u00f1as - Rep. Dominicana | Noti-America.com<\/title>\n<meta name=\"robots\" content=\"index, follow, max-snippet:-1, max-image-preview:large, max-video-preview:-1\" \/>\n<link rel=\"canonical\" href=\"https:\/\/noti-america.com\/site\/repdom\/2020\/07\/11\/quilvio-hernandez-es-electo-presidente-de-las-aguilas-cibaenas\/\" \/>\n<meta property=\"og:locale\" content=\"es_ES\" \/>\n<meta property=\"og:type\" content=\"article\" \/>\n<meta property=\"og:title\" content=\"Quilvio Hern\u00e1ndez es electo presidente de las \u00c1guilas Cibae\u00f1as\" \/>\n<meta property=\"og:description\" content=\"SANTIAGO &#8211; Quilvio Hern\u00e1ndez fue electo a unanimidad como presidente del Consejo Directivo de las \u00c1guilas Cibae\u00f1as S.A.S. durante la Asamblea Ordinaria de la compa\u00f1\u00eda, realizada este s\u00e1bado en el sal\u00f3n de conferencia de&#046;&#046;&#046;\" \/>\n<meta property=\"og:url\" content=\"https:\/\/noti-america.com\/site\/repdom\/2020\/07\/11\/quilvio-hernandez-es-electo-presidente-de-las-aguilas-cibaenas\/\" \/>\n<meta property=\"og:site_name\" content=\"Rep. Dominicana | Noti-America.com\" \/>\n<meta property=\"article:published_time\" content=\"2020-07-11T23:09:09+00:00\" \/>\n<meta property=\"og:image\" content=\"https:\/\/noti-america.com\/site\/repdom\/wp-content\/uploads\/sites\/6\/2020\/07\/Quilvio-Hern\u00e1ndez.jpg\" \/>\n\t<meta property=\"og:image:width\" content=\"1280\" \/>\n\t<meta property=\"og:image:height\" content=\"853\" \/>\n\t<meta property=\"og:image:type\" content=\"image\/jpeg\" \/>\n<meta name=\"author\" content=\"Ad\u00e1n Soriano\" \/>\n<meta name=\"twitter:card\" content=\"summary_large_image\" \/>\n<meta name=\"twitter:creator\" content=\"@adansoriano\" \/>\n<meta name=\"twitter:label1\" content=\"Escrito por\" \/>\n\t<meta name=\"twitter:data1\" content=\"Ad\u00e1n Soriano\" \/>\n\t<meta name=\"twitter:label2\" content=\"Tiempo estimado de lectura\" \/>\n\t<meta name=\"twitter:data2\" content=\"2 minutos\" \/>\n<script type=\"application\/ld+json\" class=\"yoast-schema-graph\">{\"@context\":\"https:\/\/schema.org\",\"@graph\":[{\"@type\":\"Article\",\"@id\":\"https:\/\/noti-america.com\/site\/repdom\/2020\/07\/11\/quilvio-hernandez-es-electo-presidente-de-las-aguilas-cibaenas\/#article\",\"isPartOf\":{\"@id\":\"https:\/\/noti-america.com\/site\/repdom\/2020\/07\/11\/quilvio-hernandez-es-electo-presidente-de-las-aguilas-cibaenas\/\"},\"author\":{\"name\":\"Ad\u00e1n Soriano\",\"@id\":\"https:\/\/noti-america.com\/site\/repdom\/#\/schema\/person\/fd0092c1530d275fabaa5cffcbc2b976\"},\"headline\":\"Quilvio Hern\u00e1ndez es electo presidente de las \u00c1guilas Cibae\u00f1as\",\"datePublished\":\"2020-07-11T23:09:09+00:00\",\"mainEntityOfPage\":{\"@id\":\"https:\/\/noti-america.com\/site\/repdom\/2020\/07\/11\/quilvio-hernandez-es-electo-presidente-de-las-aguilas-cibaenas\/\"},\"wordCount\":459,\"commentCount\":0,\"publisher\":{\"@id\":\"https:\/\/noti-america.com\/site\/repdom\/#organization\"},\"image\":{\"@id\":\"https:\/\/noti-america.com\/site\/repdom\/2020\/07\/11\/quilvio-hernandez-es-electo-presidente-de-las-aguilas-cibaenas\/#primaryimage\"},\"thumbnailUrl\":\"https:\/\/noti-america.com\/site\/repdom\/wp-content\/uploads\/sites\/6\/2020\/07\/Quilvio-Hern\u00e1ndez.jpg\",\"keywords\":[\"\u00c1guilas Cibae\u00f1as\",\"B\u00e9isbol Dominicano\",\"Consejo Directivo\",\"Liga Dominicana de B\u00e9isbol Profesional\",\"Quilvio Hern\u00e1ndez\"],\"articleSection\":[\"Deportes\"],\"inLanguage\":\"es\",\"potentialAction\":[{\"@type\":\"CommentAction\",\"name\":\"Comment\",\"target\":[\"https:\/\/noti-america.com\/site\/repdom\/2020\/07\/11\/quilvio-hernandez-es-electo-presidente-de-las-aguilas-cibaenas\/#respond\"]}]},{\"@type\":\"WebPage\",\"@id\":\"https:\/\/noti-america.com\/site\/repdom\/2020\/07\/11\/quilvio-hernandez-es-electo-presidente-de-las-aguilas-cibaenas\/\",\"url\":\"https:\/\/noti-america.com\/site\/repdom\/2020\/07\/11\/quilvio-hernandez-es-electo-presidente-de-las-aguilas-cibaenas\/\",\"name\":\"Quilvio Hern\u00e1ndez es electo presidente de las \u00c1guilas Cibae\u00f1as - Rep. Dominicana | Noti-America.com\",\"isPartOf\":{\"@id\":\"https:\/\/noti-america.com\/site\/repdom\/#website\"},\"primaryImageOfPage\":{\"@id\":\"https:\/\/noti-america.com\/site\/repdom\/2020\/07\/11\/quilvio-hernandez-es-electo-presidente-de-las-aguilas-cibaenas\/#primaryimage\"},\"image\":{\"@id\":\"https:\/\/noti-america.com\/site\/repdom\/2020\/07\/11\/quilvio-hernandez-es-electo-presidente-de-las-aguilas-cibaenas\/#primaryimage\"},\"thumbnailUrl\":\"https:\/\/noti-america.com\/site\/repdom\/wp-content\/uploads\/sites\/6\/2020\/07\/Quilvio-Hern\u00e1ndez.jpg\",\"datePublished\":\"2020-07-11T23:09:09+00:00\",\"breadcrumb\":{\"@id\":\"https:\/\/noti-america.com\/site\/repdom\/2020\/07\/11\/quilvio-hernandez-es-electo-presidente-de-las-aguilas-cibaenas\/#breadcrumb\"},\"inLanguage\":\"es\",\"potentialAction\":[{\"@type\":\"ReadAction\",\"target\":[\"https:\/\/noti-america.com\/site\/repdom\/2020\/07\/11\/quilvio-hernandez-es-electo-presidente-de-las-aguilas-cibaenas\/\"]}]},{\"@type\":\"ImageObject\",\"inLanguage\":\"es\",\"@id\":\"https:\/\/noti-america.com\/site\/repdom\/2020\/07\/11\/quilvio-hernandez-es-electo-presidente-de-las-aguilas-cibaenas\/#primaryimage\",\"url\":\"https:\/\/noti-america.com\/site\/repdom\/wp-content\/uploads\/sites\/6\/2020\/07\/Quilvio-Hern\u00e1ndez.jpg\",\"contentUrl\":\"https:\/\/noti-america.com\/site\/repdom\/wp-content\/uploads\/sites\/6\/2020\/07\/Quilvio-Hern\u00e1ndez.jpg\",\"width\":1280,\"height\":853},{\"@type\":\"BreadcrumbList\",\"@id\":\"https:\/\/noti-america.com\/site\/repdom\/2020\/07\/11\/quilvio-hernandez-es-electo-presidente-de-las-aguilas-cibaenas\/#breadcrumb\",\"itemListElement\":[{\"@type\":\"ListItem\",\"position\":1,\"name\":\"Portada\",\"item\":\"https:\/\/noti-america.com\/site\/repdom\/\"},{\"@type\":\"ListItem\",\"position\":2,\"name\":\"Quilvio Hern\u00e1ndez es electo presidente de las \u00c1guilas Cibae\u00f1as\"}]},{\"@type\":\"WebSite\",\"@id\":\"https:\/\/noti-america.com\/site\/repdom\/#website\",\"url\":\"https:\/\/noti-america.com\/site\/repdom\/\",\"name\":\"Rep. Dominicana | Noti-America.com\",\"description\":\"\",\"publisher\":{\"@id\":\"https:\/\/noti-america.com\/site\/repdom\/#organization\"},\"potentialAction\":[{\"@type\":\"SearchAction\",\"target\":{\"@type\":\"EntryPoint\",\"urlTemplate\":\"https:\/\/noti-america.com\/site\/repdom\/?s={search_term_string}\"},\"query-input\":{\"@type\":\"PropertyValueSpecification\",\"valueRequired\":true,\"valueName\":\"search_term_string\"}}],\"inLanguage\":\"es\"},{\"@type\":\"Organization\",\"@id\":\"https:\/\/noti-america.com\/site\/repdom\/#organization\",\"name\":\"Noti-America LLC | Rep\u00fablica Dominicana\",\"url\":\"https:\/\/noti-america.com\/site\/repdom\/\",\"logo\":{\"@type\":\"ImageObject\",\"inLanguage\":\"es\",\"@id\":\"https:\/\/noti-america.com\/site\/repdom\/#\/schema\/logo\/image\/\",\"url\":\"https:\/\/noti-america.com\/site\/repdom\/wp-content\/uploads\/sites\/6\/2020\/07\/LogoNA-4x3-1.jpg\",\"contentUrl\":\"https:\/\/noti-america.com\/site\/repdom\/wp-content\/uploads\/sites\/6\/2020\/07\/LogoNA-4x3-1.jpg\",\"width\":1236,\"height\":1080,\"caption\":\"Noti-America LLC | Rep\u00fablica Dominicana\"},\"image\":{\"@id\":\"https:\/\/noti-america.com\/site\/repdom\/#\/schema\/logo\/image\/\"}},{\"@type\":\"Person\",\"@id\":\"https:\/\/noti-america.com\/site\/repdom\/#\/schema\/person\/fd0092c1530d275fabaa5cffcbc2b976\",\"name\":\"Ad\u00e1n Soriano\",\"image\":{\"@type\":\"ImageObject\",\"inLanguage\":\"es\",\"@id\":\"https:\/\/secure.gravatar.com\/avatar\/ecf97ff3aee7ff9efdae670d7e976f3e7e8acc1077e510d73707999a8bfd4467?s=96&d=mm&r=g\",\"url\":\"https:\/\/secure.gravatar.com\/avatar\/ecf97ff3aee7ff9efdae670d7e976f3e7e8acc1077e510d73707999a8bfd4467?s=96&d=mm&r=g\",\"contentUrl\":\"https:\/\/secure.gravatar.com\/avatar\/ecf97ff3aee7ff9efdae670d7e976f3e7e8acc1077e510d73707999a8bfd4467?s=96&d=mm&r=g\",\"caption\":\"Ad\u00e1n Soriano\"},\"description\":\"Soy cronista deportivo con 10 a\u00f1os de experiencia en varios espacios, y conduzco el podcast deportivo llamado Mezcla Deportiva\",\"sameAs\":[\"https:\/\/x.com\/adansoriano\"],\"url\":\"https:\/\/noti-america.com\/site\/repdom\/author\/asoriano\/\"}]}<\/script>\n<!-- \/ Yoast SEO Premium plugin. -->","yoast_head_json":{"title":"Quilvio Hern\u00e1ndez es electo presidente de las \u00c1guilas Cibae\u00f1as - Rep. Dominicana | Noti-America.com","robots":{"index":"index","follow":"follow","max-snippet":"max-snippet:-1","max-image-preview":"max-image-preview:large","max-video-preview":"max-video-preview:-1"},"canonical":"https:\/\/noti-america.com\/site\/repdom\/2020\/07\/11\/quilvio-hernandez-es-electo-presidente-de-las-aguilas-cibaenas\/","og_locale":"es_ES","og_type":"article","og_title":"Quilvio Hern\u00e1ndez es electo presidente de las \u00c1guilas Cibae\u00f1as","og_description":"SANTIAGO &#8211; Quilvio Hern\u00e1ndez fue electo a unanimidad como presidente del Consejo Directivo de las \u00c1guilas Cibae\u00f1as S.A.S. durante la Asamblea Ordinaria de la compa\u00f1\u00eda, realizada este s\u00e1bado en el sal\u00f3n de conferencia de&#46;&#46;&#46;","og_url":"https:\/\/noti-america.com\/site\/repdom\/2020\/07\/11\/quilvio-hernandez-es-electo-presidente-de-las-aguilas-cibaenas\/","og_site_name":"Rep. Dominicana | Noti-America.com","article_published_time":"2020-07-11T23:09:09+00:00","og_image":[{"width":1280,"height":853,"url":"https:\/\/noti-america.com\/site\/repdom\/wp-content\/uploads\/sites\/6\/2020\/07\/Quilvio-Hern\u00e1ndez.jpg","type":"image\/jpeg"}],"author":"Ad\u00e1n Soriano","twitter_card":"summary_large_image","twitter_creator":"@adansoriano","twitter_misc":{"Escrito por":"Ad\u00e1n Soriano","Tiempo estimado de lectura":"2 minutos"},"schema":{"@context":"https:\/\/schema.org","@graph":[{"@type":"Article","@id":"https:\/\/noti-america.com\/site\/repdom\/2020\/07\/11\/quilvio-hernandez-es-electo-presidente-de-las-aguilas-cibaenas\/#article","isPartOf":{"@id":"https:\/\/noti-america.com\/site\/repdom\/2020\/07\/11\/quilvio-hernandez-es-electo-presidente-de-las-aguilas-cibaenas\/"},"author":{"name":"Ad\u00e1n Soriano","@id":"https:\/\/noti-america.com\/site\/repdom\/#\/schema\/person\/fd0092c1530d275fabaa5cffcbc2b976"},"headline":"Quilvio Hern\u00e1ndez es electo presidente de las \u00c1guilas Cibae\u00f1as","datePublished":"2020-07-11T23:09:09+00:00","mainEntityOfPage":{"@id":"https:\/\/noti-america.com\/site\/repdom\/2020\/07\/11\/quilvio-hernandez-es-electo-presidente-de-las-aguilas-cibaenas\/"},"wordCount":459,"commentCount":0,"publisher":{"@id":"https:\/\/noti-america.com\/site\/repdom\/#organization"},"image":{"@id":"https:\/\/noti-america.com\/site\/repdom\/2020\/07\/11\/quilvio-hernandez-es-electo-presidente-de-las-aguilas-cibaenas\/#primaryimage"},"thumbnailUrl":"https:\/\/noti-america.com\/site\/repdom\/wp-content\/uploads\/sites\/6\/2020\/07\/Quilvio-Hern\u00e1ndez.jpg","keywords":["\u00c1guilas Cibae\u00f1as","B\u00e9isbol Dominicano","Consejo Directivo","Liga Dominicana de B\u00e9isbol Profesional","Quilvio Hern\u00e1ndez"],"articleSection":["Deportes"],"inLanguage":"es","potentialAction":[{"@type":"CommentAction","name":"Comment","target":["https:\/\/noti-america.com\/site\/repdom\/2020\/07\/11\/quilvio-hernandez-es-electo-presidente-de-las-aguilas-cibaenas\/#respond"]}]},{"@type":"WebPage","@id":"https:\/\/noti-america.com\/site\/repdom\/2020\/07\/11\/quilvio-hernandez-es-electo-presidente-de-las-aguilas-cibaenas\/","url":"https:\/\/noti-america.com\/site\/repdom\/2020\/07\/11\/quilvio-hernandez-es-electo-presidente-de-las-aguilas-cibaenas\/","name":"Quilvio Hern\u00e1ndez es electo presidente de las \u00c1guilas Cibae\u00f1as - Rep. Dominicana | Noti-America.com","isPartOf":{"@id":"https:\/\/noti-america.com\/site\/repdom\/#website"},"primaryImageOfPage":{"@id":"https:\/\/noti-america.com\/site\/repdom\/2020\/07\/11\/quilvio-hernandez-es-electo-presidente-de-las-aguilas-cibaenas\/#primaryimage"},"image":{"@id":"https:\/\/noti-america.com\/site\/repdom\/2020\/07\/11\/quilvio-hernandez-es-electo-presidente-de-las-aguilas-cibaenas\/#primaryimage"},"thumbnailUrl":"https:\/\/noti-america.com\/site\/repdom\/wp-content\/uploads\/sites\/6\/2020\/07\/Quilvio-Hern\u00e1ndez.jpg","datePublished":"2020-07-11T23:09:09+00:00","breadcrumb":{"@id":"https:\/\/noti-america.com\/site\/repdom\/2020\/07\/11\/quilvio-hernandez-es-electo-presidente-de-las-aguilas-cibaenas\/#breadcrumb"},"inLanguage":"es","potentialAction":[{"@type":"ReadAction","target":["https:\/\/noti-america.com\/site\/repdom\/2020\/07\/11\/quilvio-hernandez-es-electo-presidente-de-las-aguilas-cibaenas\/"]}]},{"@type":"ImageObject","inLanguage":"es","@id":"https:\/\/noti-america.com\/site\/repdom\/2020\/07\/11\/quilvio-hernandez-es-electo-presidente-de-las-aguilas-cibaenas\/#primaryimage","url":"https:\/\/noti-america.com\/site\/repdom\/wp-content\/uploads\/sites\/6\/2020\/07\/Quilvio-Hern\u00e1ndez.jpg","contentUrl":"https:\/\/noti-america.com\/site\/repdom\/wp-content\/uploads\/sites\/6\/2020\/07\/Quilvio-Hern\u00e1ndez.jpg","width":1280,"height":853},{"@type":"BreadcrumbList","@id":"https:\/\/noti-america.com\/site\/repdom\/2020\/07\/11\/quilvio-hernandez-es-electo-presidente-de-las-aguilas-cibaenas\/#breadcrumb","itemListElement":[{"@type":"ListItem","position":1,"name":"Portada","item":"https:\/\/noti-america.com\/site\/repdom\/"},{"@type":"ListItem","position":2,"name":"Quilvio Hern\u00e1ndez es electo presidente de las \u00c1guilas Cibae\u00f1as"}]},{"@type":"WebSite","@id":"https:\/\/noti-america.com\/site\/repdom\/#website","url":"https:\/\/noti-america.com\/site\/repdom\/","name":"Rep. Dominicana | Noti-America.com","description":"","publisher":{"@id":"https:\/\/noti-america.com\/site\/repdom\/#organization"},"potentialAction":[{"@type":"SearchAction","target":{"@type":"EntryPoint","urlTemplate":"https:\/\/noti-america.com\/site\/repdom\/?s={search_term_string}"},"query-input":{"@type":"PropertyValueSpecification","valueRequired":true,"valueName":"search_term_string"}}],"inLanguage":"es"},{"@type":"Organization","@id":"https:\/\/noti-america.com\/site\/repdom\/#organization","name":"Noti-America LLC | Rep\u00fablica Dominicana","url":"https:\/\/noti-america.com\/site\/repdom\/","logo":{"@type":"ImageObject","inLanguage":"es","@id":"https:\/\/noti-america.com\/site\/repdom\/#\/schema\/logo\/image\/","url":"https:\/\/noti-america.com\/site\/repdom\/wp-content\/uploads\/sites\/6\/2020\/07\/LogoNA-4x3-1.jpg","contentUrl":"https:\/\/noti-america.com\/site\/repdom\/wp-content\/uploads\/sites\/6\/2020\/07\/LogoNA-4x3-1.jpg","width":1236,"height":1080,"caption":"Noti-America LLC | Rep\u00fablica Dominicana"},"image":{"@id":"https:\/\/noti-america.com\/site\/repdom\/#\/schema\/logo\/image\/"}},{"@type":"Person","@id":"https:\/\/noti-america.com\/site\/repdom\/#\/schema\/person\/fd0092c1530d275fabaa5cffcbc2b976","name":"Ad\u00e1n Soriano","image":{"@type":"ImageObject","inLanguage":"es","@id":"https:\/\/secure.gravatar.com\/avatar\/ecf97ff3aee7ff9efdae670d7e976f3e7e8acc1077e510d73707999a8bfd4467?s=96&d=mm&r=g","url":"https:\/\/secure.gravatar.com\/avatar\/ecf97ff3aee7ff9efdae670d7e976f3e7e8acc1077e510d73707999a8bfd4467?s=96&d=mm&r=g","contentUrl":"https:\/\/secure.gravatar.com\/avatar\/ecf97ff3aee7ff9efdae670d7e976f3e7e8acc1077e510d73707999a8bfd4467?s=96&d=mm&r=g","caption":"Ad\u00e1n Soriano"},"description":"Soy cronista deportivo con 10 a\u00f1os de experiencia en varios espacios, y conduzco el podcast deportivo llamado Mezcla Deportiva","sameAs":["https:\/\/x.com\/adansoriano"],"url":"https:\/\/noti-america.com\/site\/repdom\/author\/asoriano\/"}]}},"_links":{"self":[{"href":"https:\/\/noti-america.com\/site\/repdom\/wp-json\/wp\/v2\/posts\/1806","targetHints":{"allow":["GET"]}}],"collection":[{"href":"https:\/\/noti-america.com\/site\/repdom\/wp-json\/wp\/v2\/posts"}],"about":[{"href":"https:\/\/noti-america.com\/site\/repdom\/wp-json\/wp\/v2\/types\/post"}],"author":[{"embeddable":true,"href":"https:\/\/noti-america.com\/site\/repdom\/wp-json\/wp\/v2\/users\/89"}],"replies":[{"embeddable":true,"href":"https:\/\/noti-america.com\/site\/repdom\/wp-json\/wp\/v2\/comments?post=1806"}],"version-history":[{"count":1,"href":"https:\/\/noti-america.com\/site\/repdom\/wp-json\/wp\/v2\/posts\/1806\/revisions"}],"predecessor-version":[{"id":1807,"href":"https:\/\/noti-america.com\/site\/repdom\/wp-json\/wp\/v2\/posts\/1806\/revisions\/1807"}],"wp:featuredmedia":[{"embeddable":true,"href":"https:\/\/noti-america.com\/site\/repdom\/wp-json\/wp\/v2\/media\/1804"}],"wp:attachment":[{"href":"https:\/\/noti-america.com\/site\/repdom\/wp-json\/wp\/v2\/media?parent=1806"}],"wp:term":[{"taxonomy":"category","embeddable":true,"href":"https:\/\/noti-america.com\/site\/repdom\/wp-json\/wp\/v2\/categories?post=1806"},{"taxonomy":"post_tag","embeddable":true,"href":"https:\/\/noti-america.com\/site\/repdom\/wp-json\/wp\/v2\/tags?post=1806"}],"curies":[{"name":"wp","href":"https:\/\/api.w.org\/{rel}","templated":true}]}}