{"id":1773,"date":"2020-05-28T12:58:56","date_gmt":"2020-05-28T12:58:56","guid":{"rendered":"http:\/\/noti-america.com\/site\/repdom\/?p=1773"},"modified":"2020-05-28T13:01:01","modified_gmt":"2020-05-28T13:01:01","slug":"todos-por-los-migrantes-de-venezuela","status":"publish","type":"post","link":"https:\/\/noti-america.com\/site\/repdom\/2020\/05\/28\/todos-por-los-migrantes-de-venezuela\/","title":{"rendered":"Todos por los migrantes de Venezuela"},"content":{"rendered":"<p>(<strong>Por Freddy Bracamonte) <\/strong>El pr\u00f3ximo 26 de mayo se estar\u00e1 llevando a cabo la Conferencia Internacional de Pa\u00edses donantes en solidaridad con los refugiados y migrantes venezolanos, la cual ser\u00e1 de manera virtual, por iniciativa de Espa\u00f1a y la Uni\u00f3n Europea.<\/p>\n<p>As\u00ed lo inform\u00f3 el\u00a0 Embajador y Jefe de Misi\u00f3n de Venezuela ante el Reino de Espa\u00f1a Antonio Ecarri Bol\u00edvar, por su cuenta de instagram, en la cual agradeci\u00f3 a la ministra de Asuntos Exteriores de la Uni\u00f3n Europea Arancha Gonz\u00e1lez y al Alto Comisionado de Asuntos Exteriores de la Uni\u00f3n Europea Con Josep Borrell por esta iniciativa solidaria para con los m\u00e1s de 5 millones de venezolanos que de manera involuntaria han tenido que salir de su pa\u00eds por la grave crisis humanitaria y compleja que se vive en Venezuela.<\/p>\n<p>Esta conferencia tiene la intenci\u00f3n de recaudar fondos sino que tambi\u00e9n lograr entre los gobiernos receptores lograr la flexibilizaci\u00f3n y concientizaci\u00f3n para el trato y manejo de la di\u00e1spora venezolana como lo es la de creaci\u00f3n de mecanismos para que puedan\u00a0 tener acceso a la salud, educaci\u00f3n\u00a0 y trabajo, de los cuales en muchos pa\u00edses no es posible por las diversas restricciones de sus leyes migratorias.<\/p>\n<p>Las acciones deben ser firme y concretas en el campo humanitario a corto plazo pero sostenidas en el tiempo para que los pa\u00edses que han recibidos a los migrantes venezolanos puedan hacer frente a la presi\u00f3n que se ha generado a sus sistemas de salud, educaci\u00f3n y servicios p\u00fablicos, los cuales se han\u00a0 incrementado con la aparici\u00f3n de la pandemia Covid 19 colocando a los millones de inmigrantes venezolanos en un grave estado de vulnerabilidad, as\u00ed lo manifest\u00f3 la Ministra Arancha Gonz\u00e1lez.<\/p>\n<p>Para esta conferencia se espera la participaci\u00f3n de m\u00e1s de sesenta delegaciones que anuncien sus compromisos concretos para la soluci\u00f3n de esta situaci\u00f3n que se agrava m\u00e1s cada d\u00eda.<\/p>\n","protected":false},"excerpt":{"rendered":"<p>(Por Freddy Bracamonte) El pr\u00f3ximo 26 de mayo se estar\u00e1 llevando a cabo la Conferencia Internacional de Pa\u00edses donantes en solidaridad con los refugiados y migrantes venezolanos, la cual ser\u00e1 de manera virtual, por&#46;&#46;&#46;<\/p>\n","protected":false},"author":73,"featured_media":1774,"comment_status":"open","ping_status":"open","sticky":false,"template":"","format":"video","meta":{"_acf_changed":false,"rop_custom_images_group":[],"rop_custom_messages_group":[],"rop_publish_now":"initial","rop_publish_now_accounts":[],"rop_publish_now_history":[],"rop_publish_now_status":"pending","footnotes":""},"categories":[104],"tags":[],"class_list":["post-1773","post","type-post","status-publish","format-video","has-post-thumbnail","hentry","category-venezuela","post_format-post-format-video"],"acf":[],"yoast_head":"<!-- This site is optimized with the Yoast SEO Premium plugin v24.9 (Yoast SEO v27.2) - https:\/\/yoast.com\/product\/yoast-seo-premium-wordpress\/ -->\n<title>Todos por los migrantes de Venezuela - Rep. Dominicana | Noti-America.com<\/title>\n<meta name=\"robots\" content=\"index, follow, max-snippet:-1, max-image-preview:large, max-video-preview:-1\" \/>\n<link rel=\"canonical\" href=\"https:\/\/noti-america.com\/site\/repdom\/2020\/05\/28\/todos-por-los-migrantes-de-venezuela\/\" \/>\n<meta property=\"og:locale\" content=\"es_ES\" \/>\n<meta property=\"og:type\" content=\"article\" \/>\n<meta property=\"og:title\" content=\"Todos por los migrantes de Venezuela\" \/>\n<meta property=\"og:description\" content=\"(Por Freddy Bracamonte) El pr\u00f3ximo 26 de mayo se estar\u00e1 llevando a cabo la Conferencia Internacional de Pa\u00edses donantes en solidaridad con los refugiados y migrantes venezolanos, la cual ser\u00e1 de manera virtual, por&#046;&#046;&#046;\" \/>\n<meta property=\"og:url\" content=\"https:\/\/noti-america.com\/site\/repdom\/2020\/05\/28\/todos-por-los-migrantes-de-venezuela\/\" \/>\n<meta property=\"og:site_name\" content=\"Rep. Dominicana | Noti-America.com\" \/>\n<meta property=\"article:published_time\" content=\"2020-05-28T12:58:56+00:00\" \/>\n<meta property=\"article:modified_time\" content=\"2020-05-28T13:01:01+00:00\" \/>\n<meta property=\"og:image\" content=\"https:\/\/noti-america.com\/site\/repdom\/wp-content\/uploads\/sites\/6\/2020\/05\/Imagen-Video1.png\" \/>\n\t<meta property=\"og:image:width\" content=\"350\" \/>\n\t<meta property=\"og:image:height\" content=\"198\" \/>\n\t<meta property=\"og:image:type\" content=\"image\/png\" \/>\n<meta name=\"author\" content=\"Nestor Serrano\" \/>\n<meta name=\"twitter:card\" content=\"summary_large_image\" \/>\n<meta name=\"twitter:label1\" content=\"Escrito por\" \/>\n\t<meta name=\"twitter:data1\" content=\"Nestor Serrano\" \/>\n\t<meta name=\"twitter:label2\" content=\"Tiempo estimado de lectura\" \/>\n\t<meta name=\"twitter:data2\" content=\"2 minutos\" \/>\n<script type=\"application\/ld+json\" class=\"yoast-schema-graph\">{\"@context\":\"https:\/\/schema.org\",\"@graph\":[{\"@type\":\"Article\",\"@id\":\"https:\/\/noti-america.com\/site\/repdom\/2020\/05\/28\/todos-por-los-migrantes-de-venezuela\/#article\",\"isPartOf\":{\"@id\":\"https:\/\/noti-america.com\/site\/repdom\/2020\/05\/28\/todos-por-los-migrantes-de-venezuela\/\"},\"author\":{\"name\":\"Nestor Serrano\",\"@id\":\"https:\/\/noti-america.com\/site\/repdom\/#\/schema\/person\/d1e00166df5b8698a20ebff23d0ed73a\"},\"headline\":\"Todos por los migrantes de Venezuela\",\"datePublished\":\"2020-05-28T12:58:56+00:00\",\"dateModified\":\"2020-05-28T13:01:01+00:00\",\"mainEntityOfPage\":{\"@id\":\"https:\/\/noti-america.com\/site\/repdom\/2020\/05\/28\/todos-por-los-migrantes-de-venezuela\/\"},\"wordCount\":343,\"commentCount\":0,\"publisher\":{\"@id\":\"https:\/\/noti-america.com\/site\/repdom\/#organization\"},\"image\":{\"@id\":\"https:\/\/noti-america.com\/site\/repdom\/2020\/05\/28\/todos-por-los-migrantes-de-venezuela\/#primaryimage\"},\"thumbnailUrl\":\"https:\/\/noti-america.com\/site\/repdom\/wp-content\/uploads\/sites\/6\/2020\/05\/Imagen-Video1.png\",\"articleSection\":[\"Venezuela\"],\"inLanguage\":\"es\",\"potentialAction\":[{\"@type\":\"CommentAction\",\"name\":\"Comment\",\"target\":[\"https:\/\/noti-america.com\/site\/repdom\/2020\/05\/28\/todos-por-los-migrantes-de-venezuela\/#respond\"]}]},{\"@type\":\"WebPage\",\"@id\":\"https:\/\/noti-america.com\/site\/repdom\/2020\/05\/28\/todos-por-los-migrantes-de-venezuela\/\",\"url\":\"https:\/\/noti-america.com\/site\/repdom\/2020\/05\/28\/todos-por-los-migrantes-de-venezuela\/\",\"name\":\"Todos por los migrantes de Venezuela - Rep. Dominicana | Noti-America.com\",\"isPartOf\":{\"@id\":\"https:\/\/noti-america.com\/site\/repdom\/#website\"},\"primaryImageOfPage\":{\"@id\":\"https:\/\/noti-america.com\/site\/repdom\/2020\/05\/28\/todos-por-los-migrantes-de-venezuela\/#primaryimage\"},\"image\":{\"@id\":\"https:\/\/noti-america.com\/site\/repdom\/2020\/05\/28\/todos-por-los-migrantes-de-venezuela\/#primaryimage\"},\"thumbnailUrl\":\"https:\/\/noti-america.com\/site\/repdom\/wp-content\/uploads\/sites\/6\/2020\/05\/Imagen-Video1.png\",\"datePublished\":\"2020-05-28T12:58:56+00:00\",\"dateModified\":\"2020-05-28T13:01:01+00:00\",\"breadcrumb\":{\"@id\":\"https:\/\/noti-america.com\/site\/repdom\/2020\/05\/28\/todos-por-los-migrantes-de-venezuela\/#breadcrumb\"},\"inLanguage\":\"es\",\"potentialAction\":[{\"@type\":\"ReadAction\",\"target\":[\"https:\/\/noti-america.com\/site\/repdom\/2020\/05\/28\/todos-por-los-migrantes-de-venezuela\/\"]}]},{\"@type\":\"ImageObject\",\"inLanguage\":\"es\",\"@id\":\"https:\/\/noti-america.com\/site\/repdom\/2020\/05\/28\/todos-por-los-migrantes-de-venezuela\/#primaryimage\",\"url\":\"https:\/\/noti-america.com\/site\/repdom\/wp-content\/uploads\/sites\/6\/2020\/05\/Imagen-Video1.png\",\"contentUrl\":\"https:\/\/noti-america.com\/site\/repdom\/wp-content\/uploads\/sites\/6\/2020\/05\/Imagen-Video1.png\",\"width\":350,\"height\":198},{\"@type\":\"BreadcrumbList\",\"@id\":\"https:\/\/noti-america.com\/site\/repdom\/2020\/05\/28\/todos-por-los-migrantes-de-venezuela\/#breadcrumb\",\"itemListElement\":[{\"@type\":\"ListItem\",\"position\":1,\"name\":\"Portada\",\"item\":\"https:\/\/noti-america.com\/site\/repdom\/\"},{\"@type\":\"ListItem\",\"position\":2,\"name\":\"Todos por los migrantes de Venezuela\"}]},{\"@type\":\"WebSite\",\"@id\":\"https:\/\/noti-america.com\/site\/repdom\/#website\",\"url\":\"https:\/\/noti-america.com\/site\/repdom\/\",\"name\":\"Rep. Dominicana | Noti-America.com\",\"description\":\"\",\"publisher\":{\"@id\":\"https:\/\/noti-america.com\/site\/repdom\/#organization\"},\"potentialAction\":[{\"@type\":\"SearchAction\",\"target\":{\"@type\":\"EntryPoint\",\"urlTemplate\":\"https:\/\/noti-america.com\/site\/repdom\/?s={search_term_string}\"},\"query-input\":{\"@type\":\"PropertyValueSpecification\",\"valueRequired\":true,\"valueName\":\"search_term_string\"}}],\"inLanguage\":\"es\"},{\"@type\":\"Organization\",\"@id\":\"https:\/\/noti-america.com\/site\/repdom\/#organization\",\"name\":\"Noti-America LLC | Rep\u00fablica Dominicana\",\"url\":\"https:\/\/noti-america.com\/site\/repdom\/\",\"logo\":{\"@type\":\"ImageObject\",\"inLanguage\":\"es\",\"@id\":\"https:\/\/noti-america.com\/site\/repdom\/#\/schema\/logo\/image\/\",\"url\":\"https:\/\/noti-america.com\/site\/repdom\/wp-content\/uploads\/sites\/6\/2020\/07\/LogoNA-4x3-1.jpg\",\"contentUrl\":\"https:\/\/noti-america.com\/site\/repdom\/wp-content\/uploads\/sites\/6\/2020\/07\/LogoNA-4x3-1.jpg\",\"width\":1236,\"height\":1080,\"caption\":\"Noti-America LLC | Rep\u00fablica Dominicana\"},\"image\":{\"@id\":\"https:\/\/noti-america.com\/site\/repdom\/#\/schema\/logo\/image\/\"}},{\"@type\":\"Person\",\"@id\":\"https:\/\/noti-america.com\/site\/repdom\/#\/schema\/person\/d1e00166df5b8698a20ebff23d0ed73a\",\"name\":\"Nestor Serrano\",\"image\":{\"@type\":\"ImageObject\",\"inLanguage\":\"es\",\"@id\":\"https:\/\/secure.gravatar.com\/avatar\/2c2b76e430fd9839361831a7e4614a05d8444bdbd3a6def521b8bffb59e05705?s=96&d=mm&r=g\",\"url\":\"https:\/\/secure.gravatar.com\/avatar\/2c2b76e430fd9839361831a7e4614a05d8444bdbd3a6def521b8bffb59e05705?s=96&d=mm&r=g\",\"contentUrl\":\"https:\/\/secure.gravatar.com\/avatar\/2c2b76e430fd9839361831a7e4614a05d8444bdbd3a6def521b8bffb59e05705?s=96&d=mm&r=g\",\"caption\":\"Nestor Serrano\"},\"url\":\"https:\/\/noti-america.com\/site\/repdom\/author\/nserrano\/\"}]}<\/script>\n<!-- \/ Yoast SEO Premium plugin. -->","yoast_head_json":{"title":"Todos por los migrantes de Venezuela - Rep. Dominicana | Noti-America.com","robots":{"index":"index","follow":"follow","max-snippet":"max-snippet:-1","max-image-preview":"max-image-preview:large","max-video-preview":"max-video-preview:-1"},"canonical":"https:\/\/noti-america.com\/site\/repdom\/2020\/05\/28\/todos-por-los-migrantes-de-venezuela\/","og_locale":"es_ES","og_type":"article","og_title":"Todos por los migrantes de Venezuela","og_description":"(Por Freddy Bracamonte) El pr\u00f3ximo 26 de mayo se estar\u00e1 llevando a cabo la Conferencia Internacional de Pa\u00edses donantes en solidaridad con los refugiados y migrantes venezolanos, la cual ser\u00e1 de manera virtual, por&#46;&#46;&#46;","og_url":"https:\/\/noti-america.com\/site\/repdom\/2020\/05\/28\/todos-por-los-migrantes-de-venezuela\/","og_site_name":"Rep. Dominicana | Noti-America.com","article_published_time":"2020-05-28T12:58:56+00:00","article_modified_time":"2020-05-28T13:01:01+00:00","og_image":[{"width":350,"height":198,"url":"https:\/\/noti-america.com\/site\/repdom\/wp-content\/uploads\/sites\/6\/2020\/05\/Imagen-Video1.png","type":"image\/png"}],"author":"Nestor Serrano","twitter_card":"summary_large_image","twitter_misc":{"Escrito por":"Nestor Serrano","Tiempo estimado de lectura":"2 minutos"},"schema":{"@context":"https:\/\/schema.org","@graph":[{"@type":"Article","@id":"https:\/\/noti-america.com\/site\/repdom\/2020\/05\/28\/todos-por-los-migrantes-de-venezuela\/#article","isPartOf":{"@id":"https:\/\/noti-america.com\/site\/repdom\/2020\/05\/28\/todos-por-los-migrantes-de-venezuela\/"},"author":{"name":"Nestor Serrano","@id":"https:\/\/noti-america.com\/site\/repdom\/#\/schema\/person\/d1e00166df5b8698a20ebff23d0ed73a"},"headline":"Todos por los migrantes de Venezuela","datePublished":"2020-05-28T12:58:56+00:00","dateModified":"2020-05-28T13:01:01+00:00","mainEntityOfPage":{"@id":"https:\/\/noti-america.com\/site\/repdom\/2020\/05\/28\/todos-por-los-migrantes-de-venezuela\/"},"wordCount":343,"commentCount":0,"publisher":{"@id":"https:\/\/noti-america.com\/site\/repdom\/#organization"},"image":{"@id":"https:\/\/noti-america.com\/site\/repdom\/2020\/05\/28\/todos-por-los-migrantes-de-venezuela\/#primaryimage"},"thumbnailUrl":"https:\/\/noti-america.com\/site\/repdom\/wp-content\/uploads\/sites\/6\/2020\/05\/Imagen-Video1.png","articleSection":["Venezuela"],"inLanguage":"es","potentialAction":[{"@type":"CommentAction","name":"Comment","target":["https:\/\/noti-america.com\/site\/repdom\/2020\/05\/28\/todos-por-los-migrantes-de-venezuela\/#respond"]}]},{"@type":"WebPage","@id":"https:\/\/noti-america.com\/site\/repdom\/2020\/05\/28\/todos-por-los-migrantes-de-venezuela\/","url":"https:\/\/noti-america.com\/site\/repdom\/2020\/05\/28\/todos-por-los-migrantes-de-venezuela\/","name":"Todos por los migrantes de Venezuela - Rep. Dominicana | Noti-America.com","isPartOf":{"@id":"https:\/\/noti-america.com\/site\/repdom\/#website"},"primaryImageOfPage":{"@id":"https:\/\/noti-america.com\/site\/repdom\/2020\/05\/28\/todos-por-los-migrantes-de-venezuela\/#primaryimage"},"image":{"@id":"https:\/\/noti-america.com\/site\/repdom\/2020\/05\/28\/todos-por-los-migrantes-de-venezuela\/#primaryimage"},"thumbnailUrl":"https:\/\/noti-america.com\/site\/repdom\/wp-content\/uploads\/sites\/6\/2020\/05\/Imagen-Video1.png","datePublished":"2020-05-28T12:58:56+00:00","dateModified":"2020-05-28T13:01:01+00:00","breadcrumb":{"@id":"https:\/\/noti-america.com\/site\/repdom\/2020\/05\/28\/todos-por-los-migrantes-de-venezuela\/#breadcrumb"},"inLanguage":"es","potentialAction":[{"@type":"ReadAction","target":["https:\/\/noti-america.com\/site\/repdom\/2020\/05\/28\/todos-por-los-migrantes-de-venezuela\/"]}]},{"@type":"ImageObject","inLanguage":"es","@id":"https:\/\/noti-america.com\/site\/repdom\/2020\/05\/28\/todos-por-los-migrantes-de-venezuela\/#primaryimage","url":"https:\/\/noti-america.com\/site\/repdom\/wp-content\/uploads\/sites\/6\/2020\/05\/Imagen-Video1.png","contentUrl":"https:\/\/noti-america.com\/site\/repdom\/wp-content\/uploads\/sites\/6\/2020\/05\/Imagen-Video1.png","width":350,"height":198},{"@type":"BreadcrumbList","@id":"https:\/\/noti-america.com\/site\/repdom\/2020\/05\/28\/todos-por-los-migrantes-de-venezuela\/#breadcrumb","itemListElement":[{"@type":"ListItem","position":1,"name":"Portada","item":"https:\/\/noti-america.com\/site\/repdom\/"},{"@type":"ListItem","position":2,"name":"Todos por los migrantes de Venezuela"}]},{"@type":"WebSite","@id":"https:\/\/noti-america.com\/site\/repdom\/#website","url":"https:\/\/noti-america.com\/site\/repdom\/","name":"Rep. Dominicana | Noti-America.com","description":"","publisher":{"@id":"https:\/\/noti-america.com\/site\/repdom\/#organization"},"potentialAction":[{"@type":"SearchAction","target":{"@type":"EntryPoint","urlTemplate":"https:\/\/noti-america.com\/site\/repdom\/?s={search_term_string}"},"query-input":{"@type":"PropertyValueSpecification","valueRequired":true,"valueName":"search_term_string"}}],"inLanguage":"es"},{"@type":"Organization","@id":"https:\/\/noti-america.com\/site\/repdom\/#organization","name":"Noti-America LLC | Rep\u00fablica Dominicana","url":"https:\/\/noti-america.com\/site\/repdom\/","logo":{"@type":"ImageObject","inLanguage":"es","@id":"https:\/\/noti-america.com\/site\/repdom\/#\/schema\/logo\/image\/","url":"https:\/\/noti-america.com\/site\/repdom\/wp-content\/uploads\/sites\/6\/2020\/07\/LogoNA-4x3-1.jpg","contentUrl":"https:\/\/noti-america.com\/site\/repdom\/wp-content\/uploads\/sites\/6\/2020\/07\/LogoNA-4x3-1.jpg","width":1236,"height":1080,"caption":"Noti-America LLC | Rep\u00fablica Dominicana"},"image":{"@id":"https:\/\/noti-america.com\/site\/repdom\/#\/schema\/logo\/image\/"}},{"@type":"Person","@id":"https:\/\/noti-america.com\/site\/repdom\/#\/schema\/person\/d1e00166df5b8698a20ebff23d0ed73a","name":"Nestor Serrano","image":{"@type":"ImageObject","inLanguage":"es","@id":"https:\/\/secure.gravatar.com\/avatar\/2c2b76e430fd9839361831a7e4614a05d8444bdbd3a6def521b8bffb59e05705?s=96&d=mm&r=g","url":"https:\/\/secure.gravatar.com\/avatar\/2c2b76e430fd9839361831a7e4614a05d8444bdbd3a6def521b8bffb59e05705?s=96&d=mm&r=g","contentUrl":"https:\/\/secure.gravatar.com\/avatar\/2c2b76e430fd9839361831a7e4614a05d8444bdbd3a6def521b8bffb59e05705?s=96&d=mm&r=g","caption":"Nestor Serrano"},"url":"https:\/\/noti-america.com\/site\/repdom\/author\/nserrano\/"}]}},"_links":{"self":[{"href":"https:\/\/noti-america.com\/site\/repdom\/wp-json\/wp\/v2\/posts\/1773","targetHints":{"allow":["GET"]}}],"collection":[{"href":"https:\/\/noti-america.com\/site\/repdom\/wp-json\/wp\/v2\/posts"}],"about":[{"href":"https:\/\/noti-america.com\/site\/repdom\/wp-json\/wp\/v2\/types\/post"}],"author":[{"embeddable":true,"href":"https:\/\/noti-america.com\/site\/repdom\/wp-json\/wp\/v2\/users\/73"}],"replies":[{"embeddable":true,"href":"https:\/\/noti-america.com\/site\/repdom\/wp-json\/wp\/v2\/comments?post=1773"}],"version-history":[{"count":3,"href":"https:\/\/noti-america.com\/site\/repdom\/wp-json\/wp\/v2\/posts\/1773\/revisions"}],"predecessor-version":[{"id":1777,"href":"https:\/\/noti-america.com\/site\/repdom\/wp-json\/wp\/v2\/posts\/1773\/revisions\/1777"}],"wp:featuredmedia":[{"embeddable":true,"href":"https:\/\/noti-america.com\/site\/repdom\/wp-json\/wp\/v2\/media\/1774"}],"wp:attachment":[{"href":"https:\/\/noti-america.com\/site\/repdom\/wp-json\/wp\/v2\/media?parent=1773"}],"wp:term":[{"taxonomy":"category","embeddable":true,"href":"https:\/\/noti-america.com\/site\/repdom\/wp-json\/wp\/v2\/categories?post=1773"},{"taxonomy":"post_tag","embeddable":true,"href":"https:\/\/noti-america.com\/site\/repdom\/wp-json\/wp\/v2\/tags?post=1773"}],"curies":[{"name":"wp","href":"https:\/\/api.w.org\/{rel}","templated":true}]}}