{"id":17519,"date":"2022-04-26T04:53:33","date_gmt":"2022-04-26T04:53:33","guid":{"rendered":"https:\/\/noti-america.com\/site\/repdom\/?p=17519"},"modified":"2022-04-26T04:53:33","modified_gmt":"2022-04-26T04:53:33","slug":"david-ortiz-invita-a-celebrar-su-ingreso-al-salon-de-la-fama-con-el-cooperstown-dominican-latin-fest","status":"publish","type":"post","link":"https:\/\/noti-america.com\/site\/repdom\/2022\/04\/26\/david-ortiz-invita-a-celebrar-su-ingreso-al-salon-de-la-fama-con-el-cooperstown-dominican-latin-fest\/","title":{"rendered":"David Ortiz invita a celebrar su ingreso al Sal\u00f3n de la Fama con el \u201cCooperstown Dominican Latin Fest\u201d"},"content":{"rendered":"<blockquote class=\"twitter-tweet\" data-width=\"500\" data-dnt=\"true\">\n<p lang=\"es\" dir=\"ltr\">David Ortiz anuncia el Cooperstown Dominican Latin Fest y estar\u00e1n presentes los artistas Fernando Villalona, Sergio Vargas, El Alfa, entre otros artistas <a href=\"https:\/\/t.co\/o7Z1q7NsLQ\">pic.twitter.com\/o7Z1q7NsLQ<\/a><\/p>\n<p>&mdash; Mezcla Deportiva (@mezcladeportiva) <a href=\"https:\/\/twitter.com\/mezcladeportiva\/status\/1518696724356816899?ref_src=twsrc%5Etfw\">April 25, 2022<\/a><\/p><\/blockquote>\n<p><script async src=\"https:\/\/platform.twitter.com\/widgets.js\" charset=\"utf-8\"><\/script><\/p>\n<p style=\"text-align: justify\">SANTO DOMINGO &#8211; El ex-jugador de Grandes Ligas, David Ortiz, invit\u00f3 a los dominicanos, latinoamericanos, estadounidenses y su fanaticada de todo el mundo a celebrar junto a \u00e9l su exaltaci\u00f3n al Sal\u00f3n de la Fama de Cooperstown, en una gran celebraci\u00f3n a ritmo de salsa, merengue y m\u00fasica urbana denominada \u201cCooperstown Dominican Latin Fest\u201d.<\/p>\n<p style=\"text-align: justify\">El ex-astro del b\u00e9isbol de Grandes Ligas ofreci\u00f3 los detalles del magno evento durante una rueda de prensa en la que expuso que la actividad se llevar\u00e1 a cabo en la ciudad de Cooperstown, New York, despu\u00e9s que concluya la ceremonia de su exaltaci\u00f3n el pr\u00f3ximo 24 de julio.<\/p>\n<p style=\"text-align: justify\">\u201cDesde que en fui escogido al Sal\u00f3n de la Fama de Cooperstown por los m\u00e9ritos y estad\u00edsticas acumuladas durante mi carrera en las Grandes Ligas, en fecha 25 de enero, dediqu\u00e9 ese gran honor, primero a Dios, al pueblo dominicano y a toda mi fanaticada latinoamericana, estadounidense y de todo el mundo que me ha apoyado siempre, ya que ese es el m\u00e1s grande honor que un pelotero puede alcanzar en su vida\u201d, expuso.<\/p>\n<p style=\"text-align: justify\">Ortiz manifest\u00f3 que posteriormente a la ceremonia de exaltaci\u00f3n, ha organizado el \u201cCooperstown Dominican Latin Fest\u201d, una actividad abierta al p\u00fablico, porque como hombre humilde y de pueblo que es, quiere celebrar su escogencia junto a su fanaticada que siempre lo ha apoyado \u201cy merece compartir este gran logro que no es solo m\u00edo, sino de todos los dominicanos, latinoamericanos, estadounidenses y fan\u00e1ticos de todo el mundo\u201d.<\/p>\n<p style=\"text-align: justify\">\u201cCooperstown Dominican Latin Fest\u201d, se realizar\u00e1 en Brewery Ommegang, un espacio al aire libre con capacidad para m\u00e1s de 5,000 personas situado en Cooperstown, New York.<\/p>\n<p style=\"text-align: justify\">David Ortiz expres\u00f3, adem\u00e1s, que esta actividad representa un homenaje a todos los jugadores dominicanos del b\u00e9isbol que viven poniendo en alto el nombre de la Rep\u00fablica Dominicana, y que con su dedicaci\u00f3n y entrega nos hacen sentir orgullosos, adem\u00e1s de servir como ejemplo a los j\u00f3venes que cada d\u00eda luchan por alcanzar sus sue\u00f1os.<\/p>\n<p style=\"text-align: justify\">El ex-jugador de Grandes Ligas anunci\u00f3 que la celebraci\u00f3n tendr\u00e1 una amplia cartelera art\u00edstica con la presentaci\u00f3n de artistas dominicanos de la talla de los merengueros Fernando Villalona y Sergio Vargas; del salsero Yiyo Sarante, as\u00ed como del exponente de m\u00fasica urbana El Alfa, y el afamado animador musical DJ Adonis.<\/p>\n<p style=\"text-align: justify\">Y para animar al p\u00fablico, estar\u00e1n reconocidos presentadores nacionales e internacionales como: Tony Dandrade, Michael Miguel Holgu\u00edn, Joel L\u00f3pez, Francisca Lachapel y Enriquito Rojas.<\/p>\n<p style=\"text-align: justify\">Este magno evento que tendr\u00e1 una producci\u00f3n televisiva de dos horas, estar\u00e1 bajo la producci\u00f3n de Ram\u00f3n Carmona y Miguel Medina; la comercializaci\u00f3n de Grupo de Medios Panorama, y ser\u00e1 transmitido para toda la Rep\u00fablica Dominicana por Telemicro, Canal 5; para la ciudad de Nueva York en Telemicro Internacional, y para todo el mundo a trav\u00e9s de Prende TV, nueva plataforma de streaming de la cadena Univisi\u00f3n. Adem\u00e1s, ser\u00e1 transmitido por las redes sociales de David Ortiz.<\/p>\n<p style=\"text-align: justify\"><strong>Tour Oficial<\/strong><\/p>\n<p style=\"text-align: justify\">Para los interesados que no se quieren perder este d\u00eda hist\u00f3rico para la Rep\u00fablica Dominicana, Emely Tour organiza el tour oficial al Cooperstown, el cual incluye vuelo privado a la ceremonia, participaci\u00f3n VIP en el \u201cCooperstown Dominican Latin Fest\u201d y acompa\u00f1ar al Big Papi cuando regresa a su casa como inmortal de Cooperstown al FenWay Park en Boston, como invitado de honor en un juego de los Red Sox.<\/p>\n<p style=\"text-align: justify\">El tour parte el jueves 21 de julio en vuelo charter exclusivo para el grupo con cupo limitado de la l\u00ednea a\u00e9rea Sky Cana con destino a Syracuse, Estado de New York, y regresa el mi\u00e9rcoles 27 de julio a Rep\u00fablica Dominicana. Incluye boleto a\u00e9reo, traslados, alojamiento en Syracuse y Boston, desayuno diario en hotel, tour de compras y otras amenidades. Las primeras 50 personas en reservar obtendr\u00e1n una pelota autografiada por David Ortiz.<\/p>\n<p style=\"text-align: justify\">David Ortiz, jugador emblem\u00e1tico de los Medias Rojas de Boston, en el beisbol de las Grandes Ligas, se convirti\u00f3 en el primer jugador dominicano en ingresar al Sal\u00f3n de la Fama de Cooperstown, en su primer a\u00f1o de postulaci\u00f3n con una puntuaci\u00f3n del 77.9% de los votos, siendo esta la primera vez que un dominicano ingresa en su primera aparici\u00f3n, y adem\u00e1s se une a Juan Marichal, Pedro Mart\u00ednez y Vladimir Guerrero.<\/p>\n<p><strong>Fuente: Evelyn Estrella<\/strong><\/p>\n","protected":false},"excerpt":{"rendered":"<p>David Ortiz anuncia el Cooperstown Dominican Latin Fest y estar\u00e1n presentes los artistas Fernando Villalona, Sergio Vargas, El Alfa, entre otros artistas pic.twitter.com\/o7Z1q7NsLQ &mdash; Mezcla Deportiva (@mezcladeportiva) April 25, 2022 SANTO DOMINGO &#8211; El&#46;&#46;&#46;<\/p>\n","protected":false},"author":89,"featured_media":17520,"comment_status":"open","ping_status":"open","sticky":false,"template":"","format":"standard","meta":{"_acf_changed":false,"rop_custom_images_group":[],"rop_custom_messages_group":[],"rop_publish_now":"initial","rop_publish_now_accounts":[],"rop_publish_now_history":[],"rop_publish_now_status":"pending","footnotes":""},"categories":[1726,16],"tags":[273,2319,124,127,123,269],"class_list":["post-17519","post","type-post","status-publish","format-standard","has-post-thumbnail","hentry","category-beisbol","category-deportes","tag-boston-red-sox","tag-cooperstown-dominican-latin-fest","tag-david-ortiz","tag-major-league-baseball","tag-peloteros-dominicanos","tag-salon-de-la-fama-de-cooperstown"],"acf":[],"yoast_head":"<!-- This site is optimized with the Yoast SEO Premium plugin v24.9 (Yoast SEO v27.2) - https:\/\/yoast.com\/product\/yoast-seo-premium-wordpress\/ -->\n<title>David Ortiz invita a celebrar su ingreso al Sal\u00f3n de la Fama con el \u201cCooperstown Dominican Latin Fest\u201d - Rep. Dominicana | Noti-America.com<\/title>\n<meta name=\"robots\" content=\"index, follow, max-snippet:-1, max-image-preview:large, max-video-preview:-1\" \/>\n<link rel=\"canonical\" href=\"https:\/\/noti-america.com\/site\/repdom\/2022\/04\/26\/david-ortiz-invita-a-celebrar-su-ingreso-al-salon-de-la-fama-con-el-cooperstown-dominican-latin-fest\/\" \/>\n<meta property=\"og:locale\" content=\"es_ES\" \/>\n<meta property=\"og:type\" content=\"article\" \/>\n<meta property=\"og:title\" content=\"David Ortiz invita a celebrar su ingreso al Sal\u00f3n de la Fama con el \u201cCooperstown Dominican Latin Fest\u201d\" \/>\n<meta property=\"og:description\" content=\"David Ortiz anuncia el Cooperstown Dominican Latin Fest y estar\u00e1n presentes los artistas Fernando Villalona, Sergio Vargas, El Alfa, entre otros artistas pic.twitter.com\/o7Z1q7NsLQ &mdash; Mezcla Deportiva (@mezcladeportiva) April 25, 2022 SANTO DOMINGO &#8211; El&#046;&#046;&#046;\" \/>\n<meta property=\"og:url\" content=\"https:\/\/noti-america.com\/site\/repdom\/2022\/04\/26\/david-ortiz-invita-a-celebrar-su-ingreso-al-salon-de-la-fama-con-el-cooperstown-dominican-latin-fest\/\" \/>\n<meta property=\"og:site_name\" content=\"Rep. Dominicana | Noti-America.com\" \/>\n<meta property=\"article:published_time\" content=\"2022-04-26T04:53:33+00:00\" \/>\n<meta property=\"og:image\" content=\"https:\/\/noti-america.com\/site\/repdom\/wp-content\/uploads\/sites\/6\/2022\/04\/David-Ortiz.jpg\" \/>\n\t<meta property=\"og:image:width\" content=\"800\" \/>\n\t<meta property=\"og:image:height\" content=\"920\" \/>\n\t<meta property=\"og:image:type\" content=\"image\/jpeg\" \/>\n<meta name=\"author\" content=\"Ad\u00e1n Soriano\" \/>\n<meta name=\"twitter:card\" content=\"summary_large_image\" \/>\n<meta name=\"twitter:creator\" content=\"@adansoriano\" \/>\n<meta name=\"twitter:label1\" content=\"Escrito por\" \/>\n\t<meta name=\"twitter:data1\" content=\"Ad\u00e1n Soriano\" \/>\n\t<meta name=\"twitter:label2\" content=\"Tiempo estimado de lectura\" \/>\n\t<meta name=\"twitter:data2\" content=\"4 minutos\" \/>\n<script type=\"application\/ld+json\" class=\"yoast-schema-graph\">{\"@context\":\"https:\/\/schema.org\",\"@graph\":[{\"@type\":\"Article\",\"@id\":\"https:\/\/noti-america.com\/site\/repdom\/2022\/04\/26\/david-ortiz-invita-a-celebrar-su-ingreso-al-salon-de-la-fama-con-el-cooperstown-dominican-latin-fest\/#article\",\"isPartOf\":{\"@id\":\"https:\/\/noti-america.com\/site\/repdom\/2022\/04\/26\/david-ortiz-invita-a-celebrar-su-ingreso-al-salon-de-la-fama-con-el-cooperstown-dominican-latin-fest\/\"},\"author\":{\"name\":\"Ad\u00e1n Soriano\",\"@id\":\"https:\/\/noti-america.com\/site\/repdom\/#\/schema\/person\/fd0092c1530d275fabaa5cffcbc2b976\"},\"headline\":\"David Ortiz invita a celebrar su ingreso al Sal\u00f3n de la Fama con el \u201cCooperstown Dominican Latin Fest\u201d\",\"datePublished\":\"2022-04-26T04:53:33+00:00\",\"mainEntityOfPage\":{\"@id\":\"https:\/\/noti-america.com\/site\/repdom\/2022\/04\/26\/david-ortiz-invita-a-celebrar-su-ingreso-al-salon-de-la-fama-con-el-cooperstown-dominican-latin-fest\/\"},\"wordCount\":779,\"commentCount\":0,\"publisher\":{\"@id\":\"https:\/\/noti-america.com\/site\/repdom\/#organization\"},\"image\":{\"@id\":\"https:\/\/noti-america.com\/site\/repdom\/2022\/04\/26\/david-ortiz-invita-a-celebrar-su-ingreso-al-salon-de-la-fama-con-el-cooperstown-dominican-latin-fest\/#primaryimage\"},\"thumbnailUrl\":\"https:\/\/noti-america.com\/site\/repdom\/wp-content\/uploads\/sites\/6\/2022\/04\/David-Ortiz.jpg\",\"keywords\":[\"Boston Red Sox\",\"Cooperstown Dominican Latin Fest\",\"David Ortiz\",\"Major League Baseball\",\"Peloteros Dominicanos\",\"Sal\u00f3n de la Fama de Cooperstown\"],\"articleSection\":[\"Beisbol\",\"Deportes\"],\"inLanguage\":\"es\",\"potentialAction\":[{\"@type\":\"CommentAction\",\"name\":\"Comment\",\"target\":[\"https:\/\/noti-america.com\/site\/repdom\/2022\/04\/26\/david-ortiz-invita-a-celebrar-su-ingreso-al-salon-de-la-fama-con-el-cooperstown-dominican-latin-fest\/#respond\"]}]},{\"@type\":\"WebPage\",\"@id\":\"https:\/\/noti-america.com\/site\/repdom\/2022\/04\/26\/david-ortiz-invita-a-celebrar-su-ingreso-al-salon-de-la-fama-con-el-cooperstown-dominican-latin-fest\/\",\"url\":\"https:\/\/noti-america.com\/site\/repdom\/2022\/04\/26\/david-ortiz-invita-a-celebrar-su-ingreso-al-salon-de-la-fama-con-el-cooperstown-dominican-latin-fest\/\",\"name\":\"David Ortiz invita a celebrar su ingreso al Sal\u00f3n de la Fama con el \u201cCooperstown Dominican Latin Fest\u201d - Rep. Dominicana | Noti-America.com\",\"isPartOf\":{\"@id\":\"https:\/\/noti-america.com\/site\/repdom\/#website\"},\"primaryImageOfPage\":{\"@id\":\"https:\/\/noti-america.com\/site\/repdom\/2022\/04\/26\/david-ortiz-invita-a-celebrar-su-ingreso-al-salon-de-la-fama-con-el-cooperstown-dominican-latin-fest\/#primaryimage\"},\"image\":{\"@id\":\"https:\/\/noti-america.com\/site\/repdom\/2022\/04\/26\/david-ortiz-invita-a-celebrar-su-ingreso-al-salon-de-la-fama-con-el-cooperstown-dominican-latin-fest\/#primaryimage\"},\"thumbnailUrl\":\"https:\/\/noti-america.com\/site\/repdom\/wp-content\/uploads\/sites\/6\/2022\/04\/David-Ortiz.jpg\",\"datePublished\":\"2022-04-26T04:53:33+00:00\",\"breadcrumb\":{\"@id\":\"https:\/\/noti-america.com\/site\/repdom\/2022\/04\/26\/david-ortiz-invita-a-celebrar-su-ingreso-al-salon-de-la-fama-con-el-cooperstown-dominican-latin-fest\/#breadcrumb\"},\"inLanguage\":\"es\",\"potentialAction\":[{\"@type\":\"ReadAction\",\"target\":[\"https:\/\/noti-america.com\/site\/repdom\/2022\/04\/26\/david-ortiz-invita-a-celebrar-su-ingreso-al-salon-de-la-fama-con-el-cooperstown-dominican-latin-fest\/\"]}]},{\"@type\":\"ImageObject\",\"inLanguage\":\"es\",\"@id\":\"https:\/\/noti-america.com\/site\/repdom\/2022\/04\/26\/david-ortiz-invita-a-celebrar-su-ingreso-al-salon-de-la-fama-con-el-cooperstown-dominican-latin-fest\/#primaryimage\",\"url\":\"https:\/\/noti-america.com\/site\/repdom\/wp-content\/uploads\/sites\/6\/2022\/04\/David-Ortiz.jpg\",\"contentUrl\":\"https:\/\/noti-america.com\/site\/repdom\/wp-content\/uploads\/sites\/6\/2022\/04\/David-Ortiz.jpg\",\"width\":800,\"height\":920},{\"@type\":\"BreadcrumbList\",\"@id\":\"https:\/\/noti-america.com\/site\/repdom\/2022\/04\/26\/david-ortiz-invita-a-celebrar-su-ingreso-al-salon-de-la-fama-con-el-cooperstown-dominican-latin-fest\/#breadcrumb\",\"itemListElement\":[{\"@type\":\"ListItem\",\"position\":1,\"name\":\"Portada\",\"item\":\"https:\/\/noti-america.com\/site\/repdom\/\"},{\"@type\":\"ListItem\",\"position\":2,\"name\":\"David Ortiz invita a celebrar su ingreso al Sal\u00f3n de la Fama con el \u201cCooperstown Dominican Latin Fest\u201d\"}]},{\"@type\":\"WebSite\",\"@id\":\"https:\/\/noti-america.com\/site\/repdom\/#website\",\"url\":\"https:\/\/noti-america.com\/site\/repdom\/\",\"name\":\"Rep. Dominicana | Noti-America.com\",\"description\":\"\",\"publisher\":{\"@id\":\"https:\/\/noti-america.com\/site\/repdom\/#organization\"},\"potentialAction\":[{\"@type\":\"SearchAction\",\"target\":{\"@type\":\"EntryPoint\",\"urlTemplate\":\"https:\/\/noti-america.com\/site\/repdom\/?s={search_term_string}\"},\"query-input\":{\"@type\":\"PropertyValueSpecification\",\"valueRequired\":true,\"valueName\":\"search_term_string\"}}],\"inLanguage\":\"es\"},{\"@type\":\"Organization\",\"@id\":\"https:\/\/noti-america.com\/site\/repdom\/#organization\",\"name\":\"Noti-America LLC | Rep\u00fablica Dominicana\",\"url\":\"https:\/\/noti-america.com\/site\/repdom\/\",\"logo\":{\"@type\":\"ImageObject\",\"inLanguage\":\"es\",\"@id\":\"https:\/\/noti-america.com\/site\/repdom\/#\/schema\/logo\/image\/\",\"url\":\"https:\/\/noti-america.com\/site\/repdom\/wp-content\/uploads\/sites\/6\/2020\/07\/LogoNA-4x3-1.jpg\",\"contentUrl\":\"https:\/\/noti-america.com\/site\/repdom\/wp-content\/uploads\/sites\/6\/2020\/07\/LogoNA-4x3-1.jpg\",\"width\":1236,\"height\":1080,\"caption\":\"Noti-America LLC | Rep\u00fablica Dominicana\"},\"image\":{\"@id\":\"https:\/\/noti-america.com\/site\/repdom\/#\/schema\/logo\/image\/\"}},{\"@type\":\"Person\",\"@id\":\"https:\/\/noti-america.com\/site\/repdom\/#\/schema\/person\/fd0092c1530d275fabaa5cffcbc2b976\",\"name\":\"Ad\u00e1n Soriano\",\"image\":{\"@type\":\"ImageObject\",\"inLanguage\":\"es\",\"@id\":\"https:\/\/secure.gravatar.com\/avatar\/ecf97ff3aee7ff9efdae670d7e976f3e7e8acc1077e510d73707999a8bfd4467?s=96&d=mm&r=g\",\"url\":\"https:\/\/secure.gravatar.com\/avatar\/ecf97ff3aee7ff9efdae670d7e976f3e7e8acc1077e510d73707999a8bfd4467?s=96&d=mm&r=g\",\"contentUrl\":\"https:\/\/secure.gravatar.com\/avatar\/ecf97ff3aee7ff9efdae670d7e976f3e7e8acc1077e510d73707999a8bfd4467?s=96&d=mm&r=g\",\"caption\":\"Ad\u00e1n Soriano\"},\"description\":\"Soy cronista deportivo con 10 a\u00f1os de experiencia en varios espacios, y conduzco el podcast deportivo llamado Mezcla Deportiva\",\"sameAs\":[\"https:\/\/x.com\/adansoriano\"],\"url\":\"https:\/\/noti-america.com\/site\/repdom\/author\/asoriano\/\"}]}<\/script>\n<!-- \/ Yoast SEO Premium plugin. -->","yoast_head_json":{"title":"David Ortiz invita a celebrar su ingreso al Sal\u00f3n de la Fama con el \u201cCooperstown Dominican Latin Fest\u201d - Rep. Dominicana | Noti-America.com","robots":{"index":"index","follow":"follow","max-snippet":"max-snippet:-1","max-image-preview":"max-image-preview:large","max-video-preview":"max-video-preview:-1"},"canonical":"https:\/\/noti-america.com\/site\/repdom\/2022\/04\/26\/david-ortiz-invita-a-celebrar-su-ingreso-al-salon-de-la-fama-con-el-cooperstown-dominican-latin-fest\/","og_locale":"es_ES","og_type":"article","og_title":"David Ortiz invita a celebrar su ingreso al Sal\u00f3n de la Fama con el \u201cCooperstown Dominican Latin Fest\u201d","og_description":"David Ortiz anuncia el Cooperstown Dominican Latin Fest y estar\u00e1n presentes los artistas Fernando Villalona, Sergio Vargas, El Alfa, entre otros artistas pic.twitter.com\/o7Z1q7NsLQ &mdash; Mezcla Deportiva (@mezcladeportiva) April 25, 2022 SANTO DOMINGO &#8211; El&#46;&#46;&#46;","og_url":"https:\/\/noti-america.com\/site\/repdom\/2022\/04\/26\/david-ortiz-invita-a-celebrar-su-ingreso-al-salon-de-la-fama-con-el-cooperstown-dominican-latin-fest\/","og_site_name":"Rep. Dominicana | Noti-America.com","article_published_time":"2022-04-26T04:53:33+00:00","og_image":[{"width":800,"height":920,"url":"https:\/\/noti-america.com\/site\/repdom\/wp-content\/uploads\/sites\/6\/2022\/04\/David-Ortiz.jpg","type":"image\/jpeg"}],"author":"Ad\u00e1n Soriano","twitter_card":"summary_large_image","twitter_creator":"@adansoriano","twitter_misc":{"Escrito por":"Ad\u00e1n Soriano","Tiempo estimado de lectura":"4 minutos"},"schema":{"@context":"https:\/\/schema.org","@graph":[{"@type":"Article","@id":"https:\/\/noti-america.com\/site\/repdom\/2022\/04\/26\/david-ortiz-invita-a-celebrar-su-ingreso-al-salon-de-la-fama-con-el-cooperstown-dominican-latin-fest\/#article","isPartOf":{"@id":"https:\/\/noti-america.com\/site\/repdom\/2022\/04\/26\/david-ortiz-invita-a-celebrar-su-ingreso-al-salon-de-la-fama-con-el-cooperstown-dominican-latin-fest\/"},"author":{"name":"Ad\u00e1n Soriano","@id":"https:\/\/noti-america.com\/site\/repdom\/#\/schema\/person\/fd0092c1530d275fabaa5cffcbc2b976"},"headline":"David Ortiz invita a celebrar su ingreso al Sal\u00f3n de la Fama con el \u201cCooperstown Dominican Latin Fest\u201d","datePublished":"2022-04-26T04:53:33+00:00","mainEntityOfPage":{"@id":"https:\/\/noti-america.com\/site\/repdom\/2022\/04\/26\/david-ortiz-invita-a-celebrar-su-ingreso-al-salon-de-la-fama-con-el-cooperstown-dominican-latin-fest\/"},"wordCount":779,"commentCount":0,"publisher":{"@id":"https:\/\/noti-america.com\/site\/repdom\/#organization"},"image":{"@id":"https:\/\/noti-america.com\/site\/repdom\/2022\/04\/26\/david-ortiz-invita-a-celebrar-su-ingreso-al-salon-de-la-fama-con-el-cooperstown-dominican-latin-fest\/#primaryimage"},"thumbnailUrl":"https:\/\/noti-america.com\/site\/repdom\/wp-content\/uploads\/sites\/6\/2022\/04\/David-Ortiz.jpg","keywords":["Boston Red Sox","Cooperstown Dominican Latin Fest","David Ortiz","Major League Baseball","Peloteros Dominicanos","Sal\u00f3n de la Fama de Cooperstown"],"articleSection":["Beisbol","Deportes"],"inLanguage":"es","potentialAction":[{"@type":"CommentAction","name":"Comment","target":["https:\/\/noti-america.com\/site\/repdom\/2022\/04\/26\/david-ortiz-invita-a-celebrar-su-ingreso-al-salon-de-la-fama-con-el-cooperstown-dominican-latin-fest\/#respond"]}]},{"@type":"WebPage","@id":"https:\/\/noti-america.com\/site\/repdom\/2022\/04\/26\/david-ortiz-invita-a-celebrar-su-ingreso-al-salon-de-la-fama-con-el-cooperstown-dominican-latin-fest\/","url":"https:\/\/noti-america.com\/site\/repdom\/2022\/04\/26\/david-ortiz-invita-a-celebrar-su-ingreso-al-salon-de-la-fama-con-el-cooperstown-dominican-latin-fest\/","name":"David Ortiz invita a celebrar su ingreso al Sal\u00f3n de la Fama con el \u201cCooperstown Dominican Latin Fest\u201d - Rep. Dominicana | Noti-America.com","isPartOf":{"@id":"https:\/\/noti-america.com\/site\/repdom\/#website"},"primaryImageOfPage":{"@id":"https:\/\/noti-america.com\/site\/repdom\/2022\/04\/26\/david-ortiz-invita-a-celebrar-su-ingreso-al-salon-de-la-fama-con-el-cooperstown-dominican-latin-fest\/#primaryimage"},"image":{"@id":"https:\/\/noti-america.com\/site\/repdom\/2022\/04\/26\/david-ortiz-invita-a-celebrar-su-ingreso-al-salon-de-la-fama-con-el-cooperstown-dominican-latin-fest\/#primaryimage"},"thumbnailUrl":"https:\/\/noti-america.com\/site\/repdom\/wp-content\/uploads\/sites\/6\/2022\/04\/David-Ortiz.jpg","datePublished":"2022-04-26T04:53:33+00:00","breadcrumb":{"@id":"https:\/\/noti-america.com\/site\/repdom\/2022\/04\/26\/david-ortiz-invita-a-celebrar-su-ingreso-al-salon-de-la-fama-con-el-cooperstown-dominican-latin-fest\/#breadcrumb"},"inLanguage":"es","potentialAction":[{"@type":"ReadAction","target":["https:\/\/noti-america.com\/site\/repdom\/2022\/04\/26\/david-ortiz-invita-a-celebrar-su-ingreso-al-salon-de-la-fama-con-el-cooperstown-dominican-latin-fest\/"]}]},{"@type":"ImageObject","inLanguage":"es","@id":"https:\/\/noti-america.com\/site\/repdom\/2022\/04\/26\/david-ortiz-invita-a-celebrar-su-ingreso-al-salon-de-la-fama-con-el-cooperstown-dominican-latin-fest\/#primaryimage","url":"https:\/\/noti-america.com\/site\/repdom\/wp-content\/uploads\/sites\/6\/2022\/04\/David-Ortiz.jpg","contentUrl":"https:\/\/noti-america.com\/site\/repdom\/wp-content\/uploads\/sites\/6\/2022\/04\/David-Ortiz.jpg","width":800,"height":920},{"@type":"BreadcrumbList","@id":"https:\/\/noti-america.com\/site\/repdom\/2022\/04\/26\/david-ortiz-invita-a-celebrar-su-ingreso-al-salon-de-la-fama-con-el-cooperstown-dominican-latin-fest\/#breadcrumb","itemListElement":[{"@type":"ListItem","position":1,"name":"Portada","item":"https:\/\/noti-america.com\/site\/repdom\/"},{"@type":"ListItem","position":2,"name":"David Ortiz invita a celebrar su ingreso al Sal\u00f3n de la Fama con el \u201cCooperstown Dominican Latin Fest\u201d"}]},{"@type":"WebSite","@id":"https:\/\/noti-america.com\/site\/repdom\/#website","url":"https:\/\/noti-america.com\/site\/repdom\/","name":"Rep. Dominicana | Noti-America.com","description":"","publisher":{"@id":"https:\/\/noti-america.com\/site\/repdom\/#organization"},"potentialAction":[{"@type":"SearchAction","target":{"@type":"EntryPoint","urlTemplate":"https:\/\/noti-america.com\/site\/repdom\/?s={search_term_string}"},"query-input":{"@type":"PropertyValueSpecification","valueRequired":true,"valueName":"search_term_string"}}],"inLanguage":"es"},{"@type":"Organization","@id":"https:\/\/noti-america.com\/site\/repdom\/#organization","name":"Noti-America LLC | Rep\u00fablica Dominicana","url":"https:\/\/noti-america.com\/site\/repdom\/","logo":{"@type":"ImageObject","inLanguage":"es","@id":"https:\/\/noti-america.com\/site\/repdom\/#\/schema\/logo\/image\/","url":"https:\/\/noti-america.com\/site\/repdom\/wp-content\/uploads\/sites\/6\/2020\/07\/LogoNA-4x3-1.jpg","contentUrl":"https:\/\/noti-america.com\/site\/repdom\/wp-content\/uploads\/sites\/6\/2020\/07\/LogoNA-4x3-1.jpg","width":1236,"height":1080,"caption":"Noti-America LLC | Rep\u00fablica Dominicana"},"image":{"@id":"https:\/\/noti-america.com\/site\/repdom\/#\/schema\/logo\/image\/"}},{"@type":"Person","@id":"https:\/\/noti-america.com\/site\/repdom\/#\/schema\/person\/fd0092c1530d275fabaa5cffcbc2b976","name":"Ad\u00e1n Soriano","image":{"@type":"ImageObject","inLanguage":"es","@id":"https:\/\/secure.gravatar.com\/avatar\/ecf97ff3aee7ff9efdae670d7e976f3e7e8acc1077e510d73707999a8bfd4467?s=96&d=mm&r=g","url":"https:\/\/secure.gravatar.com\/avatar\/ecf97ff3aee7ff9efdae670d7e976f3e7e8acc1077e510d73707999a8bfd4467?s=96&d=mm&r=g","contentUrl":"https:\/\/secure.gravatar.com\/avatar\/ecf97ff3aee7ff9efdae670d7e976f3e7e8acc1077e510d73707999a8bfd4467?s=96&d=mm&r=g","caption":"Ad\u00e1n Soriano"},"description":"Soy cronista deportivo con 10 a\u00f1os de experiencia en varios espacios, y conduzco el podcast deportivo llamado Mezcla Deportiva","sameAs":["https:\/\/x.com\/adansoriano"],"url":"https:\/\/noti-america.com\/site\/repdom\/author\/asoriano\/"}]}},"_links":{"self":[{"href":"https:\/\/noti-america.com\/site\/repdom\/wp-json\/wp\/v2\/posts\/17519","targetHints":{"allow":["GET"]}}],"collection":[{"href":"https:\/\/noti-america.com\/site\/repdom\/wp-json\/wp\/v2\/posts"}],"about":[{"href":"https:\/\/noti-america.com\/site\/repdom\/wp-json\/wp\/v2\/types\/post"}],"author":[{"embeddable":true,"href":"https:\/\/noti-america.com\/site\/repdom\/wp-json\/wp\/v2\/users\/89"}],"replies":[{"embeddable":true,"href":"https:\/\/noti-america.com\/site\/repdom\/wp-json\/wp\/v2\/comments?post=17519"}],"version-history":[{"count":1,"href":"https:\/\/noti-america.com\/site\/repdom\/wp-json\/wp\/v2\/posts\/17519\/revisions"}],"predecessor-version":[{"id":17521,"href":"https:\/\/noti-america.com\/site\/repdom\/wp-json\/wp\/v2\/posts\/17519\/revisions\/17521"}],"wp:featuredmedia":[{"embeddable":true,"href":"https:\/\/noti-america.com\/site\/repdom\/wp-json\/wp\/v2\/media\/17520"}],"wp:attachment":[{"href":"https:\/\/noti-america.com\/site\/repdom\/wp-json\/wp\/v2\/media?parent=17519"}],"wp:term":[{"taxonomy":"category","embeddable":true,"href":"https:\/\/noti-america.com\/site\/repdom\/wp-json\/wp\/v2\/categories?post=17519"},{"taxonomy":"post_tag","embeddable":true,"href":"https:\/\/noti-america.com\/site\/repdom\/wp-json\/wp\/v2\/tags?post=17519"}],"curies":[{"name":"wp","href":"https:\/\/api.w.org\/{rel}","templated":true}]}}