{"id":17311,"date":"2022-04-07T15:56:28","date_gmt":"2022-04-07T15:56:28","guid":{"rendered":"https:\/\/noti-america.com\/site\/repdom\/?p=17311"},"modified":"2022-04-07T15:56:28","modified_gmt":"2022-04-07T15:56:28","slug":"arrestan-dos-y-ocupan-38-paquetes-de-cocaina-en-santo-domingo-este","status":"publish","type":"post","link":"https:\/\/noti-america.com\/site\/repdom\/2022\/04\/07\/arrestan-dos-y-ocupan-38-paquetes-de-cocaina-en-santo-domingo-este\/","title":{"rendered":"Arrestan dos y ocupan 38 paquetes de coca\u00edna en Santo Domingo Este"},"content":{"rendered":"<div style=\"width: 640px;\" class=\"wp-video\"><video class=\"wp-video-shortcode\" id=\"video-17311-1\" width=\"640\" height=\"352\" preload=\"metadata\" controls=\"controls\"><source type=\"video\/mp4\" src=\"https:\/\/noti-america.com\/site\/repdom\/wp-content\/uploads\/sites\/6\/2022\/04\/Paquetes-de-cocaina.mp4?_=1\" \/><a href=\"https:\/\/noti-america.com\/site\/repdom\/wp-content\/uploads\/sites\/6\/2022\/04\/Paquetes-de-cocaina.mp4\">https:\/\/noti-america.com\/site\/repdom\/wp-content\/uploads\/sites\/6\/2022\/04\/Paquetes-de-cocaina.mp4<\/a><\/video><\/div>\n<p style=\"text-align: justify\">SANTO DOMINGO &#8211; Agentes de la Direcci\u00f3n Nacional de Control de Drogas (DNCD), coordinados por miembros del Ministerio P\u00fablico, incautaron 38 paquetes de coca\u00edna, en medio de un operativo de vigilancia e interdicci\u00f3n, realizado en la autopista del Nordeste (Juan Pablo ll), municipio Santo Domingo Este.<\/p>\n<p style=\"text-align: justify\">Los agentes antinarc\u00f3ticos, de acuerdo a informes de inteligencia, daban seguimiento a una red de narcotr\u00e1fico que se dedica a transportar drogas en veh\u00edculos encaletados, desde Santo Domingo a otros puntos del pa\u00eds.<\/p>\n<p style=\"text-align: justify\">Posteriormente, fueron interceptados pr\u00f3ximo al peaje del Naranjal, los ocupantes de una yipeta marca Suzuki, placa G-505148, la cual, al ser inspeccionada, se detect\u00f3 en la parte trasera un compartimiento secreto (caleta), debajo de la tercera fila de los asientos del veh\u00edculo.<\/p>\n<p style=\"text-align: justify\">Luego y en presencia de un fiscal adjunto, se procedi\u00f3 abrir completamente la caleta, donde se ocuparon los 38 paquetes, con un peso total de 39.16 kilogramos de coca\u00edna, seg\u00fan el an\u00e1lisis del Instituto Nacional de Ciencias Forenses (INACIF).<\/p>\n<p style=\"text-align: justify\">Por el caso, las autoridades arrestaron a un hombre y una mujer de 38 y 34 a\u00f1os respectivamente, quienes est\u00e1n siendo entregados al Ministerio P\u00fablico, para conocerle medidas de coerci\u00f3n en las pr\u00f3ximas horas.<\/p>\n<p style=\"text-align: justify\">A los detenidos se les ocuparon tres celulares, un cargador para pistola calibre nueve mil\u00edmetros, documentos personales, entre otras evidencias.<\/p>\n<p style=\"text-align: justify\">El Ministerio P\u00fablico y la DNCD trabajan de manera coordinada y reforzando las nuevas estrategias para perseguir, apresar y someter a la justicia a los integrantes de redes de narcotr\u00e1fico nacional e internacional.<\/p>\n<p style=\"text-align: justify\"><strong>Fuente: Direcci\u00f3n de Comunicaciones DNCD<\/strong><\/p>\n","protected":false},"excerpt":{"rendered":"<p>SANTO DOMINGO &#8211; Agentes de la Direcci\u00f3n Nacional de Control de Drogas (DNCD), coordinados por miembros del Ministerio P\u00fablico, incautaron 38 paquetes de coca\u00edna, en medio de un operativo de vigilancia e interdicci\u00f3n, realizado&#46;&#46;&#46;<\/p>\n","protected":false},"author":89,"featured_media":17312,"comment_status":"open","ping_status":"open","sticky":false,"template":"","format":"standard","meta":{"_acf_changed":false,"rop_custom_images_group":[],"rop_custom_messages_group":[],"rop_publish_now":"initial","rop_publish_now_accounts":[],"rop_publish_now_history":[],"rop_publish_now_status":"pending","footnotes":""},"categories":[11],"tags":[1704,791],"class_list":["post-17311","post","type-post","status-publish","format-standard","has-post-thumbnail","hentry","category-sucesos","tag-direccion-nacional-de-control-de-drogas","tag-ministerio-publico"],"acf":[],"yoast_head":"<!-- This site is optimized with the Yoast SEO Premium plugin v24.9 (Yoast SEO v27.2) - https:\/\/yoast.com\/product\/yoast-seo-premium-wordpress\/ -->\n<title>Arrestan dos y ocupan 38 paquetes de coca\u00edna en Santo Domingo Este - Rep. Dominicana | Noti-America.com<\/title>\n<meta name=\"robots\" content=\"index, follow, max-snippet:-1, max-image-preview:large, max-video-preview:-1\" \/>\n<link rel=\"canonical\" href=\"https:\/\/noti-america.com\/site\/repdom\/2022\/04\/07\/arrestan-dos-y-ocupan-38-paquetes-de-cocaina-en-santo-domingo-este\/\" \/>\n<meta property=\"og:locale\" content=\"es_ES\" \/>\n<meta property=\"og:type\" content=\"article\" \/>\n<meta property=\"og:title\" content=\"Arrestan dos y ocupan 38 paquetes de coca\u00edna en Santo Domingo Este\" \/>\n<meta property=\"og:description\" content=\"SANTO DOMINGO &#8211; Agentes de la Direcci\u00f3n Nacional de Control de Drogas (DNCD), coordinados por miembros del Ministerio P\u00fablico, incautaron 38 paquetes de coca\u00edna, en medio de un operativo de vigilancia e interdicci\u00f3n, realizado&#046;&#046;&#046;\" \/>\n<meta property=\"og:url\" content=\"https:\/\/noti-america.com\/site\/repdom\/2022\/04\/07\/arrestan-dos-y-ocupan-38-paquetes-de-cocaina-en-santo-domingo-este\/\" \/>\n<meta property=\"og:site_name\" content=\"Rep. Dominicana | Noti-America.com\" \/>\n<meta property=\"article:published_time\" content=\"2022-04-07T15:56:28+00:00\" \/>\n<meta property=\"og:image\" content=\"https:\/\/noti-america.com\/site\/repdom\/wp-content\/uploads\/sites\/6\/2022\/04\/Paquete-de-cocaina.jpg\" \/>\n\t<meta property=\"og:image:width\" content=\"1600\" \/>\n\t<meta property=\"og:image:height\" content=\"1200\" \/>\n\t<meta property=\"og:image:type\" content=\"image\/jpeg\" \/>\n<meta name=\"author\" content=\"Ad\u00e1n Soriano\" \/>\n<meta name=\"twitter:card\" content=\"summary_large_image\" \/>\n<meta name=\"twitter:creator\" content=\"@adansoriano\" \/>\n<meta name=\"twitter:label1\" content=\"Escrito por\" \/>\n\t<meta name=\"twitter:data1\" content=\"Ad\u00e1n Soriano\" \/>\n\t<meta name=\"twitter:label2\" content=\"Tiempo estimado de lectura\" \/>\n\t<meta name=\"twitter:data2\" content=\"2 minutos\" \/>\n<script type=\"application\/ld+json\" class=\"yoast-schema-graph\">{\"@context\":\"https:\/\/schema.org\",\"@graph\":[{\"@type\":\"Article\",\"@id\":\"https:\/\/noti-america.com\/site\/repdom\/2022\/04\/07\/arrestan-dos-y-ocupan-38-paquetes-de-cocaina-en-santo-domingo-este\/#article\",\"isPartOf\":{\"@id\":\"https:\/\/noti-america.com\/site\/repdom\/2022\/04\/07\/arrestan-dos-y-ocupan-38-paquetes-de-cocaina-en-santo-domingo-este\/\"},\"author\":{\"name\":\"Ad\u00e1n Soriano\",\"@id\":\"https:\/\/noti-america.com\/site\/repdom\/#\/schema\/person\/fd0092c1530d275fabaa5cffcbc2b976\"},\"headline\":\"Arrestan dos y ocupan 38 paquetes de coca\u00edna en Santo Domingo Este\",\"datePublished\":\"2022-04-07T15:56:28+00:00\",\"mainEntityOfPage\":{\"@id\":\"https:\/\/noti-america.com\/site\/repdom\/2022\/04\/07\/arrestan-dos-y-ocupan-38-paquetes-de-cocaina-en-santo-domingo-este\/\"},\"wordCount\":296,\"commentCount\":0,\"publisher\":{\"@id\":\"https:\/\/noti-america.com\/site\/repdom\/#organization\"},\"image\":{\"@id\":\"https:\/\/noti-america.com\/site\/repdom\/2022\/04\/07\/arrestan-dos-y-ocupan-38-paquetes-de-cocaina-en-santo-domingo-este\/#primaryimage\"},\"thumbnailUrl\":\"https:\/\/noti-america.com\/site\/repdom\/wp-content\/uploads\/sites\/6\/2022\/04\/Paquete-de-cocaina.jpg\",\"keywords\":[\"Direcci\u00f3n Nacional de Control de Drogas\",\"Ministerio P\u00fablico\"],\"articleSection\":[\"Sucesos\"],\"inLanguage\":\"es\",\"potentialAction\":[{\"@type\":\"CommentAction\",\"name\":\"Comment\",\"target\":[\"https:\/\/noti-america.com\/site\/repdom\/2022\/04\/07\/arrestan-dos-y-ocupan-38-paquetes-de-cocaina-en-santo-domingo-este\/#respond\"]}]},{\"@type\":\"WebPage\",\"@id\":\"https:\/\/noti-america.com\/site\/repdom\/2022\/04\/07\/arrestan-dos-y-ocupan-38-paquetes-de-cocaina-en-santo-domingo-este\/\",\"url\":\"https:\/\/noti-america.com\/site\/repdom\/2022\/04\/07\/arrestan-dos-y-ocupan-38-paquetes-de-cocaina-en-santo-domingo-este\/\",\"name\":\"Arrestan dos y ocupan 38 paquetes de coca\u00edna en Santo Domingo Este - Rep. Dominicana | Noti-America.com\",\"isPartOf\":{\"@id\":\"https:\/\/noti-america.com\/site\/repdom\/#website\"},\"primaryImageOfPage\":{\"@id\":\"https:\/\/noti-america.com\/site\/repdom\/2022\/04\/07\/arrestan-dos-y-ocupan-38-paquetes-de-cocaina-en-santo-domingo-este\/#primaryimage\"},\"image\":{\"@id\":\"https:\/\/noti-america.com\/site\/repdom\/2022\/04\/07\/arrestan-dos-y-ocupan-38-paquetes-de-cocaina-en-santo-domingo-este\/#primaryimage\"},\"thumbnailUrl\":\"https:\/\/noti-america.com\/site\/repdom\/wp-content\/uploads\/sites\/6\/2022\/04\/Paquete-de-cocaina.jpg\",\"datePublished\":\"2022-04-07T15:56:28+00:00\",\"breadcrumb\":{\"@id\":\"https:\/\/noti-america.com\/site\/repdom\/2022\/04\/07\/arrestan-dos-y-ocupan-38-paquetes-de-cocaina-en-santo-domingo-este\/#breadcrumb\"},\"inLanguage\":\"es\",\"potentialAction\":[{\"@type\":\"ReadAction\",\"target\":[\"https:\/\/noti-america.com\/site\/repdom\/2022\/04\/07\/arrestan-dos-y-ocupan-38-paquetes-de-cocaina-en-santo-domingo-este\/\"]}]},{\"@type\":\"ImageObject\",\"inLanguage\":\"es\",\"@id\":\"https:\/\/noti-america.com\/site\/repdom\/2022\/04\/07\/arrestan-dos-y-ocupan-38-paquetes-de-cocaina-en-santo-domingo-este\/#primaryimage\",\"url\":\"https:\/\/noti-america.com\/site\/repdom\/wp-content\/uploads\/sites\/6\/2022\/04\/Paquete-de-cocaina.jpg\",\"contentUrl\":\"https:\/\/noti-america.com\/site\/repdom\/wp-content\/uploads\/sites\/6\/2022\/04\/Paquete-de-cocaina.jpg\",\"width\":1600,\"height\":1200},{\"@type\":\"BreadcrumbList\",\"@id\":\"https:\/\/noti-america.com\/site\/repdom\/2022\/04\/07\/arrestan-dos-y-ocupan-38-paquetes-de-cocaina-en-santo-domingo-este\/#breadcrumb\",\"itemListElement\":[{\"@type\":\"ListItem\",\"position\":1,\"name\":\"Portada\",\"item\":\"https:\/\/noti-america.com\/site\/repdom\/\"},{\"@type\":\"ListItem\",\"position\":2,\"name\":\"Arrestan dos y ocupan 38 paquetes de coca\u00edna en Santo Domingo Este\"}]},{\"@type\":\"WebSite\",\"@id\":\"https:\/\/noti-america.com\/site\/repdom\/#website\",\"url\":\"https:\/\/noti-america.com\/site\/repdom\/\",\"name\":\"Rep. Dominicana | Noti-America.com\",\"description\":\"\",\"publisher\":{\"@id\":\"https:\/\/noti-america.com\/site\/repdom\/#organization\"},\"potentialAction\":[{\"@type\":\"SearchAction\",\"target\":{\"@type\":\"EntryPoint\",\"urlTemplate\":\"https:\/\/noti-america.com\/site\/repdom\/?s={search_term_string}\"},\"query-input\":{\"@type\":\"PropertyValueSpecification\",\"valueRequired\":true,\"valueName\":\"search_term_string\"}}],\"inLanguage\":\"es\"},{\"@type\":\"Organization\",\"@id\":\"https:\/\/noti-america.com\/site\/repdom\/#organization\",\"name\":\"Noti-America LLC | Rep\u00fablica Dominicana\",\"url\":\"https:\/\/noti-america.com\/site\/repdom\/\",\"logo\":{\"@type\":\"ImageObject\",\"inLanguage\":\"es\",\"@id\":\"https:\/\/noti-america.com\/site\/repdom\/#\/schema\/logo\/image\/\",\"url\":\"https:\/\/noti-america.com\/site\/repdom\/wp-content\/uploads\/sites\/6\/2020\/07\/LogoNA-4x3-1.jpg\",\"contentUrl\":\"https:\/\/noti-america.com\/site\/repdom\/wp-content\/uploads\/sites\/6\/2020\/07\/LogoNA-4x3-1.jpg\",\"width\":1236,\"height\":1080,\"caption\":\"Noti-America LLC | Rep\u00fablica Dominicana\"},\"image\":{\"@id\":\"https:\/\/noti-america.com\/site\/repdom\/#\/schema\/logo\/image\/\"}},{\"@type\":\"Person\",\"@id\":\"https:\/\/noti-america.com\/site\/repdom\/#\/schema\/person\/fd0092c1530d275fabaa5cffcbc2b976\",\"name\":\"Ad\u00e1n Soriano\",\"image\":{\"@type\":\"ImageObject\",\"inLanguage\":\"es\",\"@id\":\"https:\/\/secure.gravatar.com\/avatar\/ecf97ff3aee7ff9efdae670d7e976f3e7e8acc1077e510d73707999a8bfd4467?s=96&d=mm&r=g\",\"url\":\"https:\/\/secure.gravatar.com\/avatar\/ecf97ff3aee7ff9efdae670d7e976f3e7e8acc1077e510d73707999a8bfd4467?s=96&d=mm&r=g\",\"contentUrl\":\"https:\/\/secure.gravatar.com\/avatar\/ecf97ff3aee7ff9efdae670d7e976f3e7e8acc1077e510d73707999a8bfd4467?s=96&d=mm&r=g\",\"caption\":\"Ad\u00e1n Soriano\"},\"description\":\"Soy cronista deportivo con 10 a\u00f1os de experiencia en varios espacios, y conduzco el podcast deportivo llamado Mezcla Deportiva\",\"sameAs\":[\"https:\/\/x.com\/adansoriano\"],\"url\":\"https:\/\/noti-america.com\/site\/repdom\/author\/asoriano\/\"}]}<\/script>\n<!-- \/ Yoast SEO Premium plugin. -->","yoast_head_json":{"title":"Arrestan dos y ocupan 38 paquetes de coca\u00edna en Santo Domingo Este - Rep. Dominicana | Noti-America.com","robots":{"index":"index","follow":"follow","max-snippet":"max-snippet:-1","max-image-preview":"max-image-preview:large","max-video-preview":"max-video-preview:-1"},"canonical":"https:\/\/noti-america.com\/site\/repdom\/2022\/04\/07\/arrestan-dos-y-ocupan-38-paquetes-de-cocaina-en-santo-domingo-este\/","og_locale":"es_ES","og_type":"article","og_title":"Arrestan dos y ocupan 38 paquetes de coca\u00edna en Santo Domingo Este","og_description":"SANTO DOMINGO &#8211; Agentes de la Direcci\u00f3n Nacional de Control de Drogas (DNCD), coordinados por miembros del Ministerio P\u00fablico, incautaron 38 paquetes de coca\u00edna, en medio de un operativo de vigilancia e interdicci\u00f3n, realizado&#46;&#46;&#46;","og_url":"https:\/\/noti-america.com\/site\/repdom\/2022\/04\/07\/arrestan-dos-y-ocupan-38-paquetes-de-cocaina-en-santo-domingo-este\/","og_site_name":"Rep. Dominicana | Noti-America.com","article_published_time":"2022-04-07T15:56:28+00:00","og_image":[{"width":1600,"height":1200,"url":"https:\/\/noti-america.com\/site\/repdom\/wp-content\/uploads\/sites\/6\/2022\/04\/Paquete-de-cocaina.jpg","type":"image\/jpeg"}],"author":"Ad\u00e1n Soriano","twitter_card":"summary_large_image","twitter_creator":"@adansoriano","twitter_misc":{"Escrito por":"Ad\u00e1n Soriano","Tiempo estimado de lectura":"2 minutos"},"schema":{"@context":"https:\/\/schema.org","@graph":[{"@type":"Article","@id":"https:\/\/noti-america.com\/site\/repdom\/2022\/04\/07\/arrestan-dos-y-ocupan-38-paquetes-de-cocaina-en-santo-domingo-este\/#article","isPartOf":{"@id":"https:\/\/noti-america.com\/site\/repdom\/2022\/04\/07\/arrestan-dos-y-ocupan-38-paquetes-de-cocaina-en-santo-domingo-este\/"},"author":{"name":"Ad\u00e1n Soriano","@id":"https:\/\/noti-america.com\/site\/repdom\/#\/schema\/person\/fd0092c1530d275fabaa5cffcbc2b976"},"headline":"Arrestan dos y ocupan 38 paquetes de coca\u00edna en Santo Domingo Este","datePublished":"2022-04-07T15:56:28+00:00","mainEntityOfPage":{"@id":"https:\/\/noti-america.com\/site\/repdom\/2022\/04\/07\/arrestan-dos-y-ocupan-38-paquetes-de-cocaina-en-santo-domingo-este\/"},"wordCount":296,"commentCount":0,"publisher":{"@id":"https:\/\/noti-america.com\/site\/repdom\/#organization"},"image":{"@id":"https:\/\/noti-america.com\/site\/repdom\/2022\/04\/07\/arrestan-dos-y-ocupan-38-paquetes-de-cocaina-en-santo-domingo-este\/#primaryimage"},"thumbnailUrl":"https:\/\/noti-america.com\/site\/repdom\/wp-content\/uploads\/sites\/6\/2022\/04\/Paquete-de-cocaina.jpg","keywords":["Direcci\u00f3n Nacional de Control de Drogas","Ministerio P\u00fablico"],"articleSection":["Sucesos"],"inLanguage":"es","potentialAction":[{"@type":"CommentAction","name":"Comment","target":["https:\/\/noti-america.com\/site\/repdom\/2022\/04\/07\/arrestan-dos-y-ocupan-38-paquetes-de-cocaina-en-santo-domingo-este\/#respond"]}]},{"@type":"WebPage","@id":"https:\/\/noti-america.com\/site\/repdom\/2022\/04\/07\/arrestan-dos-y-ocupan-38-paquetes-de-cocaina-en-santo-domingo-este\/","url":"https:\/\/noti-america.com\/site\/repdom\/2022\/04\/07\/arrestan-dos-y-ocupan-38-paquetes-de-cocaina-en-santo-domingo-este\/","name":"Arrestan dos y ocupan 38 paquetes de coca\u00edna en Santo Domingo Este - Rep. Dominicana | Noti-America.com","isPartOf":{"@id":"https:\/\/noti-america.com\/site\/repdom\/#website"},"primaryImageOfPage":{"@id":"https:\/\/noti-america.com\/site\/repdom\/2022\/04\/07\/arrestan-dos-y-ocupan-38-paquetes-de-cocaina-en-santo-domingo-este\/#primaryimage"},"image":{"@id":"https:\/\/noti-america.com\/site\/repdom\/2022\/04\/07\/arrestan-dos-y-ocupan-38-paquetes-de-cocaina-en-santo-domingo-este\/#primaryimage"},"thumbnailUrl":"https:\/\/noti-america.com\/site\/repdom\/wp-content\/uploads\/sites\/6\/2022\/04\/Paquete-de-cocaina.jpg","datePublished":"2022-04-07T15:56:28+00:00","breadcrumb":{"@id":"https:\/\/noti-america.com\/site\/repdom\/2022\/04\/07\/arrestan-dos-y-ocupan-38-paquetes-de-cocaina-en-santo-domingo-este\/#breadcrumb"},"inLanguage":"es","potentialAction":[{"@type":"ReadAction","target":["https:\/\/noti-america.com\/site\/repdom\/2022\/04\/07\/arrestan-dos-y-ocupan-38-paquetes-de-cocaina-en-santo-domingo-este\/"]}]},{"@type":"ImageObject","inLanguage":"es","@id":"https:\/\/noti-america.com\/site\/repdom\/2022\/04\/07\/arrestan-dos-y-ocupan-38-paquetes-de-cocaina-en-santo-domingo-este\/#primaryimage","url":"https:\/\/noti-america.com\/site\/repdom\/wp-content\/uploads\/sites\/6\/2022\/04\/Paquete-de-cocaina.jpg","contentUrl":"https:\/\/noti-america.com\/site\/repdom\/wp-content\/uploads\/sites\/6\/2022\/04\/Paquete-de-cocaina.jpg","width":1600,"height":1200},{"@type":"BreadcrumbList","@id":"https:\/\/noti-america.com\/site\/repdom\/2022\/04\/07\/arrestan-dos-y-ocupan-38-paquetes-de-cocaina-en-santo-domingo-este\/#breadcrumb","itemListElement":[{"@type":"ListItem","position":1,"name":"Portada","item":"https:\/\/noti-america.com\/site\/repdom\/"},{"@type":"ListItem","position":2,"name":"Arrestan dos y ocupan 38 paquetes de coca\u00edna en Santo Domingo Este"}]},{"@type":"WebSite","@id":"https:\/\/noti-america.com\/site\/repdom\/#website","url":"https:\/\/noti-america.com\/site\/repdom\/","name":"Rep. Dominicana | Noti-America.com","description":"","publisher":{"@id":"https:\/\/noti-america.com\/site\/repdom\/#organization"},"potentialAction":[{"@type":"SearchAction","target":{"@type":"EntryPoint","urlTemplate":"https:\/\/noti-america.com\/site\/repdom\/?s={search_term_string}"},"query-input":{"@type":"PropertyValueSpecification","valueRequired":true,"valueName":"search_term_string"}}],"inLanguage":"es"},{"@type":"Organization","@id":"https:\/\/noti-america.com\/site\/repdom\/#organization","name":"Noti-America LLC | Rep\u00fablica Dominicana","url":"https:\/\/noti-america.com\/site\/repdom\/","logo":{"@type":"ImageObject","inLanguage":"es","@id":"https:\/\/noti-america.com\/site\/repdom\/#\/schema\/logo\/image\/","url":"https:\/\/noti-america.com\/site\/repdom\/wp-content\/uploads\/sites\/6\/2020\/07\/LogoNA-4x3-1.jpg","contentUrl":"https:\/\/noti-america.com\/site\/repdom\/wp-content\/uploads\/sites\/6\/2020\/07\/LogoNA-4x3-1.jpg","width":1236,"height":1080,"caption":"Noti-America LLC | Rep\u00fablica Dominicana"},"image":{"@id":"https:\/\/noti-america.com\/site\/repdom\/#\/schema\/logo\/image\/"}},{"@type":"Person","@id":"https:\/\/noti-america.com\/site\/repdom\/#\/schema\/person\/fd0092c1530d275fabaa5cffcbc2b976","name":"Ad\u00e1n Soriano","image":{"@type":"ImageObject","inLanguage":"es","@id":"https:\/\/secure.gravatar.com\/avatar\/ecf97ff3aee7ff9efdae670d7e976f3e7e8acc1077e510d73707999a8bfd4467?s=96&d=mm&r=g","url":"https:\/\/secure.gravatar.com\/avatar\/ecf97ff3aee7ff9efdae670d7e976f3e7e8acc1077e510d73707999a8bfd4467?s=96&d=mm&r=g","contentUrl":"https:\/\/secure.gravatar.com\/avatar\/ecf97ff3aee7ff9efdae670d7e976f3e7e8acc1077e510d73707999a8bfd4467?s=96&d=mm&r=g","caption":"Ad\u00e1n Soriano"},"description":"Soy cronista deportivo con 10 a\u00f1os de experiencia en varios espacios, y conduzco el podcast deportivo llamado Mezcla Deportiva","sameAs":["https:\/\/x.com\/adansoriano"],"url":"https:\/\/noti-america.com\/site\/repdom\/author\/asoriano\/"}]}},"_links":{"self":[{"href":"https:\/\/noti-america.com\/site\/repdom\/wp-json\/wp\/v2\/posts\/17311","targetHints":{"allow":["GET"]}}],"collection":[{"href":"https:\/\/noti-america.com\/site\/repdom\/wp-json\/wp\/v2\/posts"}],"about":[{"href":"https:\/\/noti-america.com\/site\/repdom\/wp-json\/wp\/v2\/types\/post"}],"author":[{"embeddable":true,"href":"https:\/\/noti-america.com\/site\/repdom\/wp-json\/wp\/v2\/users\/89"}],"replies":[{"embeddable":true,"href":"https:\/\/noti-america.com\/site\/repdom\/wp-json\/wp\/v2\/comments?post=17311"}],"version-history":[{"count":1,"href":"https:\/\/noti-america.com\/site\/repdom\/wp-json\/wp\/v2\/posts\/17311\/revisions"}],"predecessor-version":[{"id":17314,"href":"https:\/\/noti-america.com\/site\/repdom\/wp-json\/wp\/v2\/posts\/17311\/revisions\/17314"}],"wp:featuredmedia":[{"embeddable":true,"href":"https:\/\/noti-america.com\/site\/repdom\/wp-json\/wp\/v2\/media\/17312"}],"wp:attachment":[{"href":"https:\/\/noti-america.com\/site\/repdom\/wp-json\/wp\/v2\/media?parent=17311"}],"wp:term":[{"taxonomy":"category","embeddable":true,"href":"https:\/\/noti-america.com\/site\/repdom\/wp-json\/wp\/v2\/categories?post=17311"},{"taxonomy":"post_tag","embeddable":true,"href":"https:\/\/noti-america.com\/site\/repdom\/wp-json\/wp\/v2\/tags?post=17311"}],"curies":[{"name":"wp","href":"https:\/\/api.w.org\/{rel}","templated":true}]}}