{"id":16802,"date":"2022-03-15T23:51:34","date_gmt":"2022-03-15T23:51:34","guid":{"rendered":"https:\/\/noti-america.com\/site\/repdom\/?p=16802"},"modified":"2022-03-15T23:51:34","modified_gmt":"2022-03-15T23:51:34","slug":"inseguridad-en-haiti-lleva-a-los-medicos-a-una-huelga-de-tres-dias","status":"publish","type":"post","link":"https:\/\/noti-america.com\/site\/repdom\/2022\/03\/15\/inseguridad-en-haiti-lleva-a-los-medicos-a-una-huelga-de-tres-dias\/","title":{"rendered":"\u00abInseguridad en Hait\u00ed lleva a los m\u00e9dicos a una huelga de tres d\u00edas\u00bb"},"content":{"rendered":"<p style=\"text-align: justify\"><strong>NOTIAMERICA &#8211; REPUBLICA DOMINICANA\u00a0<\/strong><\/p>\n<p style=\"text-align: justify\"><strong>HAITI_\u00a0<\/strong><strong>Los m\u00e9dicos que trabajan en los hospitales que forman parte de la Asociaci\u00f3n M\u00e9dica Haitiana (AMH) secundaron este lunes su primer d\u00eda de huelga de un total de tres jornadas convocadas para protestar contra el clima de inseguridad que se vive desde hace a\u00f1os en Hait\u00ed.<\/strong><\/p>\n<p style=\"text-align: justify\">Las puertas de todos los hospitales, cl\u00ednicas y centros hospitalarios adheridos a la AMH permanecer\u00e1n cerradas hasta el pr\u00f3ximo mi\u00e9rcoles.<\/p>\n<p style=\"text-align: justify\">La huelga se inici\u00f3 tras el secuestro de dos m\u00e9dicos en sus cl\u00ednicas de Puerto Pr\u00edncipe, el pasado 2 de marzo por parte de individuos que llevaban uniformes de la Polic\u00eda Nacional, sin que a\u00fan se haya producido su liberaci\u00f3n.<\/p>\n<p style=\"text-align: justify\">La AMH exige que se cierren las puertas de los hospitales asociados por estos reiterados casos de secuestro en el pa\u00eds.<\/p>\n<p style=\"text-align: justify\">Adem\u00e1s, la Asociaci\u00f3n de Farmac\u00e9uticos de Hait\u00ed (APH) anim\u00f3 a todos los colectivos organizados de la sociedad civil, como sindicatos, colegios profesionales o asociaciones de estudiantes, a sumarse a las jornadas de huelga.<\/p>\n<p style=\"text-align: justify\">\u201cSe trata de protestar contra la inseguridad, en particular el secuestro, que ya se ha cobrado demasiadas v\u00edctimas en el pa\u00eds\u201d, reza un comunicado de la APH, que cree firmemente que la implicaci\u00f3n colectiva ayudar\u00e1 a frenar este gran mal \u201cque se extiende por el pa\u00eds\u00bb.<\/p>\n<p style=\"text-align: justify\">Frente a este flagelo \u201ces imperativo un frente com\u00fan para tomar el toro por los cuernos\u201d, a\u00f1ade la nota, donde se se\u00f1ala que para contrarrestar \u201ceste problema de seguridad que ahora es nacional, el enfoque hacia una soluci\u00f3n definitiva debe ser inclusivo y nacional\u00bb.<\/p>\n<p style=\"text-align: justify\">Este movimiento de huelga est\u00e1 apoyado por el partido Encuentro de los Dem\u00f3cratas, Nacionales y Progresistas (RDNP, por su sigla en franc\u00e9s), que argumenta que \u201cestos paquetes se ejecutan a plena luz del d\u00eda, a menudo dentro de cl\u00ednicas y hospitales\u00bb.<\/p>\n<p style=\"text-align: justify\">Desde hace al menos dos semanas, el personal de apoyo del Hospital Universitario Estatal de Hait\u00ed y de Hospital Universitario Justinien est\u00e1n en huelga para exigir mejores condiciones de trabajo, un aumento de sueldo y mejores condiciones laborales.<\/p>\n<p style=\"text-align: justify\">Otros hospitales universitarios, como el Hospital de la Paix en Delmas 33, amenazan con seguir las protestas.<\/p>\n<p style=\"text-align: justify\">En los \u00faltimos dos a\u00f1os, los secuestros se han multiplicado en Hait\u00ed por la proliferaci\u00f3n de las bandas armadas, que se financian con los rescates, y la violencia se ha recrudecido en el pa\u00eds tras el asesinato del presidente Jovenel Moise en julio de 2021.<\/p>\n<p style=\"text-align: justify\">Fuente: eldia.com.do<\/p>\n<p style=\"text-align: justify\">Instagram\u00a0 \u00a0@cersocastillo<\/p>\n<p style=\"text-align: justify\">Facebook\u00a0 \u00a0Cerso Felipe Castillo<\/p>\n<p>&nbsp;<\/p>\n<p style=\"text-align: justify\">\n","protected":false},"excerpt":{"rendered":"<p>NOTIAMERICA &#8211; REPUBLICA DOMINICANA\u00a0 HAITI_\u00a0Los m\u00e9dicos que trabajan en los hospitales que forman parte de la Asociaci\u00f3n M\u00e9dica Haitiana (AMH) secundaron este lunes su primer d\u00eda de huelga de un total de tres jornadas&#46;&#46;&#46;<\/p>\n","protected":false},"author":90,"featured_media":16803,"comment_status":"open","ping_status":"open","sticky":false,"template":"","format":"image","meta":{"_acf_changed":false,"rop_custom_images_group":[],"rop_custom_messages_group":[],"rop_publish_now":"initial","rop_publish_now_accounts":[],"rop_publish_now_history":[],"rop_publish_now_status":"pending","footnotes":""},"categories":[4],"tags":[],"class_list":["post-16802","post","type-post","status-publish","format-image","has-post-thumbnail","hentry","category-internacionales","post_format-post-format-image"],"acf":[],"yoast_head":"<!-- This site is optimized with the Yoast SEO Premium plugin v24.9 (Yoast SEO v27.2) - https:\/\/yoast.com\/product\/yoast-seo-premium-wordpress\/ -->\n<title>&quot;Inseguridad en Hait\u00ed lleva a los m\u00e9dicos a una huelga de tres d\u00edas&quot; - Rep. Dominicana | Noti-America.com<\/title>\n<meta name=\"robots\" content=\"index, follow, max-snippet:-1, max-image-preview:large, max-video-preview:-1\" \/>\n<link rel=\"canonical\" href=\"https:\/\/noti-america.com\/site\/repdom\/2022\/03\/15\/inseguridad-en-haiti-lleva-a-los-medicos-a-una-huelga-de-tres-dias\/\" \/>\n<meta property=\"og:locale\" content=\"es_ES\" \/>\n<meta property=\"og:type\" content=\"article\" \/>\n<meta property=\"og:title\" content=\"&quot;Inseguridad en Hait\u00ed lleva a los m\u00e9dicos a una huelga de tres d\u00edas&quot;\" \/>\n<meta property=\"og:description\" content=\"NOTIAMERICA &#8211; REPUBLICA DOMINICANA\u00a0 HAITI_\u00a0Los m\u00e9dicos que trabajan en los hospitales que forman parte de la Asociaci\u00f3n M\u00e9dica Haitiana (AMH) secundaron este lunes su primer d\u00eda de huelga de un total de tres jornadas&#046;&#046;&#046;\" \/>\n<meta property=\"og:url\" content=\"https:\/\/noti-america.com\/site\/repdom\/2022\/03\/15\/inseguridad-en-haiti-lleva-a-los-medicos-a-una-huelga-de-tres-dias\/\" \/>\n<meta property=\"og:site_name\" content=\"Rep. Dominicana | Noti-America.com\" \/>\n<meta property=\"article:published_time\" content=\"2022-03-15T23:51:34+00:00\" \/>\n<meta property=\"og:image\" content=\"https:\/\/noti-america.com\/site\/repdom\/wp-content\/uploads\/sites\/6\/2022\/03\/imagen-e1636149509884.jpg\" \/>\n\t<meta property=\"og:image:width\" content=\"420\" \/>\n\t<meta property=\"og:image:height\" content=\"312\" \/>\n\t<meta property=\"og:image:type\" content=\"image\/jpeg\" \/>\n<meta name=\"author\" content=\"Cerso Castillo\" \/>\n<meta name=\"twitter:card\" content=\"summary_large_image\" \/>\n<meta name=\"twitter:label1\" content=\"Escrito por\" \/>\n\t<meta name=\"twitter:data1\" content=\"Cerso Castillo\" \/>\n\t<meta name=\"twitter:label2\" content=\"Tiempo estimado de lectura\" \/>\n\t<meta name=\"twitter:data2\" content=\"2 minutos\" \/>\n<script type=\"application\/ld+json\" class=\"yoast-schema-graph\">{\"@context\":\"https:\/\/schema.org\",\"@graph\":[{\"@type\":\"Article\",\"@id\":\"https:\/\/noti-america.com\/site\/repdom\/2022\/03\/15\/inseguridad-en-haiti-lleva-a-los-medicos-a-una-huelga-de-tres-dias\/#article\",\"isPartOf\":{\"@id\":\"https:\/\/noti-america.com\/site\/repdom\/2022\/03\/15\/inseguridad-en-haiti-lleva-a-los-medicos-a-una-huelga-de-tres-dias\/\"},\"author\":{\"name\":\"Cerso Castillo\",\"@id\":\"https:\/\/noti-america.com\/site\/repdom\/#\/schema\/person\/408e10184d87f571c50942f1d952011d\"},\"headline\":\"\u00abInseguridad en Hait\u00ed lleva a los m\u00e9dicos a una huelga de tres d\u00edas\u00bb\",\"datePublished\":\"2022-03-15T23:51:34+00:00\",\"mainEntityOfPage\":{\"@id\":\"https:\/\/noti-america.com\/site\/repdom\/2022\/03\/15\/inseguridad-en-haiti-lleva-a-los-medicos-a-una-huelga-de-tres-dias\/\"},\"wordCount\":454,\"commentCount\":0,\"publisher\":{\"@id\":\"https:\/\/noti-america.com\/site\/repdom\/#organization\"},\"image\":{\"@id\":\"https:\/\/noti-america.com\/site\/repdom\/2022\/03\/15\/inseguridad-en-haiti-lleva-a-los-medicos-a-una-huelga-de-tres-dias\/#primaryimage\"},\"thumbnailUrl\":\"https:\/\/noti-america.com\/site\/repdom\/wp-content\/uploads\/sites\/6\/2022\/03\/imagen-e1636149509884.jpg\",\"articleSection\":[\"Internacionales\"],\"inLanguage\":\"es\",\"potentialAction\":[{\"@type\":\"CommentAction\",\"name\":\"Comment\",\"target\":[\"https:\/\/noti-america.com\/site\/repdom\/2022\/03\/15\/inseguridad-en-haiti-lleva-a-los-medicos-a-una-huelga-de-tres-dias\/#respond\"]}]},{\"@type\":\"WebPage\",\"@id\":\"https:\/\/noti-america.com\/site\/repdom\/2022\/03\/15\/inseguridad-en-haiti-lleva-a-los-medicos-a-una-huelga-de-tres-dias\/\",\"url\":\"https:\/\/noti-america.com\/site\/repdom\/2022\/03\/15\/inseguridad-en-haiti-lleva-a-los-medicos-a-una-huelga-de-tres-dias\/\",\"name\":\"\\\"Inseguridad en Hait\u00ed lleva a los m\u00e9dicos a una huelga de tres d\u00edas\\\" - Rep. Dominicana | Noti-America.com\",\"isPartOf\":{\"@id\":\"https:\/\/noti-america.com\/site\/repdom\/#website\"},\"primaryImageOfPage\":{\"@id\":\"https:\/\/noti-america.com\/site\/repdom\/2022\/03\/15\/inseguridad-en-haiti-lleva-a-los-medicos-a-una-huelga-de-tres-dias\/#primaryimage\"},\"image\":{\"@id\":\"https:\/\/noti-america.com\/site\/repdom\/2022\/03\/15\/inseguridad-en-haiti-lleva-a-los-medicos-a-una-huelga-de-tres-dias\/#primaryimage\"},\"thumbnailUrl\":\"https:\/\/noti-america.com\/site\/repdom\/wp-content\/uploads\/sites\/6\/2022\/03\/imagen-e1636149509884.jpg\",\"datePublished\":\"2022-03-15T23:51:34+00:00\",\"breadcrumb\":{\"@id\":\"https:\/\/noti-america.com\/site\/repdom\/2022\/03\/15\/inseguridad-en-haiti-lleva-a-los-medicos-a-una-huelga-de-tres-dias\/#breadcrumb\"},\"inLanguage\":\"es\",\"potentialAction\":[{\"@type\":\"ReadAction\",\"target\":[\"https:\/\/noti-america.com\/site\/repdom\/2022\/03\/15\/inseguridad-en-haiti-lleva-a-los-medicos-a-una-huelga-de-tres-dias\/\"]}]},{\"@type\":\"ImageObject\",\"inLanguage\":\"es\",\"@id\":\"https:\/\/noti-america.com\/site\/repdom\/2022\/03\/15\/inseguridad-en-haiti-lleva-a-los-medicos-a-una-huelga-de-tres-dias\/#primaryimage\",\"url\":\"https:\/\/noti-america.com\/site\/repdom\/wp-content\/uploads\/sites\/6\/2022\/03\/imagen-e1636149509884.jpg\",\"contentUrl\":\"https:\/\/noti-america.com\/site\/repdom\/wp-content\/uploads\/sites\/6\/2022\/03\/imagen-e1636149509884.jpg\",\"width\":420,\"height\":312},{\"@type\":\"BreadcrumbList\",\"@id\":\"https:\/\/noti-america.com\/site\/repdom\/2022\/03\/15\/inseguridad-en-haiti-lleva-a-los-medicos-a-una-huelga-de-tres-dias\/#breadcrumb\",\"itemListElement\":[{\"@type\":\"ListItem\",\"position\":1,\"name\":\"Portada\",\"item\":\"https:\/\/noti-america.com\/site\/repdom\/\"},{\"@type\":\"ListItem\",\"position\":2,\"name\":\"\u00abInseguridad en Hait\u00ed lleva a los m\u00e9dicos a una huelga de tres d\u00edas\u00bb\"}]},{\"@type\":\"WebSite\",\"@id\":\"https:\/\/noti-america.com\/site\/repdom\/#website\",\"url\":\"https:\/\/noti-america.com\/site\/repdom\/\",\"name\":\"Rep. Dominicana | Noti-America.com\",\"description\":\"\",\"publisher\":{\"@id\":\"https:\/\/noti-america.com\/site\/repdom\/#organization\"},\"potentialAction\":[{\"@type\":\"SearchAction\",\"target\":{\"@type\":\"EntryPoint\",\"urlTemplate\":\"https:\/\/noti-america.com\/site\/repdom\/?s={search_term_string}\"},\"query-input\":{\"@type\":\"PropertyValueSpecification\",\"valueRequired\":true,\"valueName\":\"search_term_string\"}}],\"inLanguage\":\"es\"},{\"@type\":\"Organization\",\"@id\":\"https:\/\/noti-america.com\/site\/repdom\/#organization\",\"name\":\"Noti-America LLC | Rep\u00fablica Dominicana\",\"url\":\"https:\/\/noti-america.com\/site\/repdom\/\",\"logo\":{\"@type\":\"ImageObject\",\"inLanguage\":\"es\",\"@id\":\"https:\/\/noti-america.com\/site\/repdom\/#\/schema\/logo\/image\/\",\"url\":\"https:\/\/noti-america.com\/site\/repdom\/wp-content\/uploads\/sites\/6\/2020\/07\/LogoNA-4x3-1.jpg\",\"contentUrl\":\"https:\/\/noti-america.com\/site\/repdom\/wp-content\/uploads\/sites\/6\/2020\/07\/LogoNA-4x3-1.jpg\",\"width\":1236,\"height\":1080,\"caption\":\"Noti-America LLC | Rep\u00fablica Dominicana\"},\"image\":{\"@id\":\"https:\/\/noti-america.com\/site\/repdom\/#\/schema\/logo\/image\/\"}},{\"@type\":\"Person\",\"@id\":\"https:\/\/noti-america.com\/site\/repdom\/#\/schema\/person\/408e10184d87f571c50942f1d952011d\",\"name\":\"Cerso Castillo\",\"image\":{\"@type\":\"ImageObject\",\"inLanguage\":\"es\",\"@id\":\"https:\/\/secure.gravatar.com\/avatar\/cdbd3acf34ce68a34b34df99954821070986715ab3e264b63c5395bd1ddd529d?s=96&d=mm&r=g\",\"url\":\"https:\/\/secure.gravatar.com\/avatar\/cdbd3acf34ce68a34b34df99954821070986715ab3e264b63c5395bd1ddd529d?s=96&d=mm&r=g\",\"contentUrl\":\"https:\/\/secure.gravatar.com\/avatar\/cdbd3acf34ce68a34b34df99954821070986715ab3e264b63c5395bd1ddd529d?s=96&d=mm&r=g\",\"caption\":\"Cerso Castillo\"},\"description\":\"Comunicador &amp; Periodista, Locutor, Maestro de Ceremonias, Animador, Orador, Dominio Escenico, Productor de Tv &amp; Radio, Lider Consejero de Camp., Mentor Honorifico, Coach Comunicacional, Manejo de Paq. De Office, Dominio del Portugues, manejo del Ingles Intermedio &amp; Productor General del Programa Digital Conexi\u00f3n Sin Limites RD.\",\"sameAs\":[\"https:\/\/www.facebook.com\/conexionsinlimitesrd\/\"],\"url\":\"https:\/\/noti-america.com\/site\/repdom\/author\/ccastillo\/\"}]}<\/script>\n<!-- \/ Yoast SEO Premium plugin. -->","yoast_head_json":{"title":"\"Inseguridad en Hait\u00ed lleva a los m\u00e9dicos a una huelga de tres d\u00edas\" - Rep. Dominicana | Noti-America.com","robots":{"index":"index","follow":"follow","max-snippet":"max-snippet:-1","max-image-preview":"max-image-preview:large","max-video-preview":"max-video-preview:-1"},"canonical":"https:\/\/noti-america.com\/site\/repdom\/2022\/03\/15\/inseguridad-en-haiti-lleva-a-los-medicos-a-una-huelga-de-tres-dias\/","og_locale":"es_ES","og_type":"article","og_title":"\"Inseguridad en Hait\u00ed lleva a los m\u00e9dicos a una huelga de tres d\u00edas\"","og_description":"NOTIAMERICA &#8211; REPUBLICA DOMINICANA\u00a0 HAITI_\u00a0Los m\u00e9dicos que trabajan en los hospitales que forman parte de la Asociaci\u00f3n M\u00e9dica Haitiana (AMH) secundaron este lunes su primer d\u00eda de huelga de un total de tres jornadas&#46;&#46;&#46;","og_url":"https:\/\/noti-america.com\/site\/repdom\/2022\/03\/15\/inseguridad-en-haiti-lleva-a-los-medicos-a-una-huelga-de-tres-dias\/","og_site_name":"Rep. Dominicana | Noti-America.com","article_published_time":"2022-03-15T23:51:34+00:00","og_image":[{"width":420,"height":312,"url":"https:\/\/noti-america.com\/site\/repdom\/wp-content\/uploads\/sites\/6\/2022\/03\/imagen-e1636149509884.jpg","type":"image\/jpeg"}],"author":"Cerso Castillo","twitter_card":"summary_large_image","twitter_misc":{"Escrito por":"Cerso Castillo","Tiempo estimado de lectura":"2 minutos"},"schema":{"@context":"https:\/\/schema.org","@graph":[{"@type":"Article","@id":"https:\/\/noti-america.com\/site\/repdom\/2022\/03\/15\/inseguridad-en-haiti-lleva-a-los-medicos-a-una-huelga-de-tres-dias\/#article","isPartOf":{"@id":"https:\/\/noti-america.com\/site\/repdom\/2022\/03\/15\/inseguridad-en-haiti-lleva-a-los-medicos-a-una-huelga-de-tres-dias\/"},"author":{"name":"Cerso Castillo","@id":"https:\/\/noti-america.com\/site\/repdom\/#\/schema\/person\/408e10184d87f571c50942f1d952011d"},"headline":"\u00abInseguridad en Hait\u00ed lleva a los m\u00e9dicos a una huelga de tres d\u00edas\u00bb","datePublished":"2022-03-15T23:51:34+00:00","mainEntityOfPage":{"@id":"https:\/\/noti-america.com\/site\/repdom\/2022\/03\/15\/inseguridad-en-haiti-lleva-a-los-medicos-a-una-huelga-de-tres-dias\/"},"wordCount":454,"commentCount":0,"publisher":{"@id":"https:\/\/noti-america.com\/site\/repdom\/#organization"},"image":{"@id":"https:\/\/noti-america.com\/site\/repdom\/2022\/03\/15\/inseguridad-en-haiti-lleva-a-los-medicos-a-una-huelga-de-tres-dias\/#primaryimage"},"thumbnailUrl":"https:\/\/noti-america.com\/site\/repdom\/wp-content\/uploads\/sites\/6\/2022\/03\/imagen-e1636149509884.jpg","articleSection":["Internacionales"],"inLanguage":"es","potentialAction":[{"@type":"CommentAction","name":"Comment","target":["https:\/\/noti-america.com\/site\/repdom\/2022\/03\/15\/inseguridad-en-haiti-lleva-a-los-medicos-a-una-huelga-de-tres-dias\/#respond"]}]},{"@type":"WebPage","@id":"https:\/\/noti-america.com\/site\/repdom\/2022\/03\/15\/inseguridad-en-haiti-lleva-a-los-medicos-a-una-huelga-de-tres-dias\/","url":"https:\/\/noti-america.com\/site\/repdom\/2022\/03\/15\/inseguridad-en-haiti-lleva-a-los-medicos-a-una-huelga-de-tres-dias\/","name":"\"Inseguridad en Hait\u00ed lleva a los m\u00e9dicos a una huelga de tres d\u00edas\" - Rep. Dominicana | Noti-America.com","isPartOf":{"@id":"https:\/\/noti-america.com\/site\/repdom\/#website"},"primaryImageOfPage":{"@id":"https:\/\/noti-america.com\/site\/repdom\/2022\/03\/15\/inseguridad-en-haiti-lleva-a-los-medicos-a-una-huelga-de-tres-dias\/#primaryimage"},"image":{"@id":"https:\/\/noti-america.com\/site\/repdom\/2022\/03\/15\/inseguridad-en-haiti-lleva-a-los-medicos-a-una-huelga-de-tres-dias\/#primaryimage"},"thumbnailUrl":"https:\/\/noti-america.com\/site\/repdom\/wp-content\/uploads\/sites\/6\/2022\/03\/imagen-e1636149509884.jpg","datePublished":"2022-03-15T23:51:34+00:00","breadcrumb":{"@id":"https:\/\/noti-america.com\/site\/repdom\/2022\/03\/15\/inseguridad-en-haiti-lleva-a-los-medicos-a-una-huelga-de-tres-dias\/#breadcrumb"},"inLanguage":"es","potentialAction":[{"@type":"ReadAction","target":["https:\/\/noti-america.com\/site\/repdom\/2022\/03\/15\/inseguridad-en-haiti-lleva-a-los-medicos-a-una-huelga-de-tres-dias\/"]}]},{"@type":"ImageObject","inLanguage":"es","@id":"https:\/\/noti-america.com\/site\/repdom\/2022\/03\/15\/inseguridad-en-haiti-lleva-a-los-medicos-a-una-huelga-de-tres-dias\/#primaryimage","url":"https:\/\/noti-america.com\/site\/repdom\/wp-content\/uploads\/sites\/6\/2022\/03\/imagen-e1636149509884.jpg","contentUrl":"https:\/\/noti-america.com\/site\/repdom\/wp-content\/uploads\/sites\/6\/2022\/03\/imagen-e1636149509884.jpg","width":420,"height":312},{"@type":"BreadcrumbList","@id":"https:\/\/noti-america.com\/site\/repdom\/2022\/03\/15\/inseguridad-en-haiti-lleva-a-los-medicos-a-una-huelga-de-tres-dias\/#breadcrumb","itemListElement":[{"@type":"ListItem","position":1,"name":"Portada","item":"https:\/\/noti-america.com\/site\/repdom\/"},{"@type":"ListItem","position":2,"name":"\u00abInseguridad en Hait\u00ed lleva a los m\u00e9dicos a una huelga de tres d\u00edas\u00bb"}]},{"@type":"WebSite","@id":"https:\/\/noti-america.com\/site\/repdom\/#website","url":"https:\/\/noti-america.com\/site\/repdom\/","name":"Rep. Dominicana | Noti-America.com","description":"","publisher":{"@id":"https:\/\/noti-america.com\/site\/repdom\/#organization"},"potentialAction":[{"@type":"SearchAction","target":{"@type":"EntryPoint","urlTemplate":"https:\/\/noti-america.com\/site\/repdom\/?s={search_term_string}"},"query-input":{"@type":"PropertyValueSpecification","valueRequired":true,"valueName":"search_term_string"}}],"inLanguage":"es"},{"@type":"Organization","@id":"https:\/\/noti-america.com\/site\/repdom\/#organization","name":"Noti-America LLC | Rep\u00fablica Dominicana","url":"https:\/\/noti-america.com\/site\/repdom\/","logo":{"@type":"ImageObject","inLanguage":"es","@id":"https:\/\/noti-america.com\/site\/repdom\/#\/schema\/logo\/image\/","url":"https:\/\/noti-america.com\/site\/repdom\/wp-content\/uploads\/sites\/6\/2020\/07\/LogoNA-4x3-1.jpg","contentUrl":"https:\/\/noti-america.com\/site\/repdom\/wp-content\/uploads\/sites\/6\/2020\/07\/LogoNA-4x3-1.jpg","width":1236,"height":1080,"caption":"Noti-America LLC | Rep\u00fablica Dominicana"},"image":{"@id":"https:\/\/noti-america.com\/site\/repdom\/#\/schema\/logo\/image\/"}},{"@type":"Person","@id":"https:\/\/noti-america.com\/site\/repdom\/#\/schema\/person\/408e10184d87f571c50942f1d952011d","name":"Cerso Castillo","image":{"@type":"ImageObject","inLanguage":"es","@id":"https:\/\/secure.gravatar.com\/avatar\/cdbd3acf34ce68a34b34df99954821070986715ab3e264b63c5395bd1ddd529d?s=96&d=mm&r=g","url":"https:\/\/secure.gravatar.com\/avatar\/cdbd3acf34ce68a34b34df99954821070986715ab3e264b63c5395bd1ddd529d?s=96&d=mm&r=g","contentUrl":"https:\/\/secure.gravatar.com\/avatar\/cdbd3acf34ce68a34b34df99954821070986715ab3e264b63c5395bd1ddd529d?s=96&d=mm&r=g","caption":"Cerso Castillo"},"description":"Comunicador &amp; Periodista, Locutor, Maestro de Ceremonias, Animador, Orador, Dominio Escenico, Productor de Tv &amp; Radio, Lider Consejero de Camp., Mentor Honorifico, Coach Comunicacional, Manejo de Paq. De Office, Dominio del Portugues, manejo del Ingles Intermedio &amp; Productor General del Programa Digital Conexi\u00f3n Sin Limites RD.","sameAs":["https:\/\/www.facebook.com\/conexionsinlimitesrd\/"],"url":"https:\/\/noti-america.com\/site\/repdom\/author\/ccastillo\/"}]}},"_links":{"self":[{"href":"https:\/\/noti-america.com\/site\/repdom\/wp-json\/wp\/v2\/posts\/16802","targetHints":{"allow":["GET"]}}],"collection":[{"href":"https:\/\/noti-america.com\/site\/repdom\/wp-json\/wp\/v2\/posts"}],"about":[{"href":"https:\/\/noti-america.com\/site\/repdom\/wp-json\/wp\/v2\/types\/post"}],"author":[{"embeddable":true,"href":"https:\/\/noti-america.com\/site\/repdom\/wp-json\/wp\/v2\/users\/90"}],"replies":[{"embeddable":true,"href":"https:\/\/noti-america.com\/site\/repdom\/wp-json\/wp\/v2\/comments?post=16802"}],"version-history":[{"count":1,"href":"https:\/\/noti-america.com\/site\/repdom\/wp-json\/wp\/v2\/posts\/16802\/revisions"}],"predecessor-version":[{"id":16804,"href":"https:\/\/noti-america.com\/site\/repdom\/wp-json\/wp\/v2\/posts\/16802\/revisions\/16804"}],"wp:featuredmedia":[{"embeddable":true,"href":"https:\/\/noti-america.com\/site\/repdom\/wp-json\/wp\/v2\/media\/16803"}],"wp:attachment":[{"href":"https:\/\/noti-america.com\/site\/repdom\/wp-json\/wp\/v2\/media?parent=16802"}],"wp:term":[{"taxonomy":"category","embeddable":true,"href":"https:\/\/noti-america.com\/site\/repdom\/wp-json\/wp\/v2\/categories?post=16802"},{"taxonomy":"post_tag","embeddable":true,"href":"https:\/\/noti-america.com\/site\/repdom\/wp-json\/wp\/v2\/tags?post=16802"}],"curies":[{"name":"wp","href":"https:\/\/api.w.org\/{rel}","templated":true}]}}