{"id":16780,"date":"2022-03-14T15:19:51","date_gmt":"2022-03-14T15:19:51","guid":{"rendered":"https:\/\/noti-america.com\/site\/repdom\/?p=16780"},"modified":"2022-03-14T15:19:51","modified_gmt":"2022-03-14T15:19:51","slug":"arrestan-en-el-aila-dominico-austriaco-con-2-paquetes-y-una-lamina-presumiblemente-cocaina","status":"publish","type":"post","link":"https:\/\/noti-america.com\/site\/repdom\/2022\/03\/14\/arrestan-en-el-aila-dominico-austriaco-con-2-paquetes-y-una-lamina-presumiblemente-cocaina\/","title":{"rendered":"Arrestan en el AILA dominico-austriaco con 2 paquetes y una l\u00e1mina presumiblemente coca\u00edna"},"content":{"rendered":"<p style=\"text-align: justify\">SANTO DOMINGO &#8211; La Direcci\u00f3n Nacional de Control de Drogas (DNCD) con apoyo del Cuerpo Especializado de Seguridad Aeroportuaria y bajo la coordinaci\u00f3n del Ministerio P\u00fablico, ocuparon dos paquetes y una l\u00e1mina presumiblemente de coca\u00edna, en el Aeropuerto Internacional de las Am\u00e9ricas JFPG.<\/p>\n<p style=\"text-align: justify\">Los agentes antinarc\u00f3ticos y efectivos militares destacados en la terminal, realizaban labores de inspecci\u00f3n en el \u00e1rea de abordaje, y al requisar una maleta, encontraron en su interior una mochila con los paquetes y la l\u00e1mina de la sustancia.<\/p>\n<p style=\"text-align: justify\">Por el caso, las autoridades detuvieron a un dominico-austriaco, quien fue entregado al Ministerio P\u00fablico de la provincia Santo Domingo para ser sometido a la justicia por violaci\u00f3n a la ley 50-88, sobre drogas y sustancias controladas.<\/p>\n<p style=\"text-align: justify\">Seg\u00fan el itinerario de vuelo, el extranjero de 34 a\u00f1os, pretend\u00eda viajar a Espa\u00f1a desde la terminal de la Am\u00e9ricas.<\/p>\n<p style=\"text-align: justify\">\u201cLos paquetes y la l\u00e1mina de la sustancia, con un peso preliminar de 2.56 kilogramos fueron ocupados camuflados en el doble fondo de la mochila\u201d se\u00f1ala el comunicado de prensa.<\/p>\n<p style=\"text-align: justify\">El Ministerio P\u00fablico y la DNCD han iniciado una investigaci\u00f3n para determinar si hay otros implicados en el frustrado env\u00edo de la sustancia.<\/p>\n<p style=\"text-align: justify\">Los paquetes y la l\u00e1mina fueron enviadas al Instituto Nacional de Ciencias Forenses (INACIF), para los fines correspondientes.<\/p>\n<p style=\"text-align: justify\"><strong>Fuente: Direcci\u00f3n de Comunicaciones DNCD<\/strong><\/p>\n","protected":false},"excerpt":{"rendered":"<p>SANTO DOMINGO &#8211; La Direcci\u00f3n Nacional de Control de Drogas (DNCD) con apoyo del Cuerpo Especializado de Seguridad Aeroportuaria y bajo la coordinaci\u00f3n del Ministerio P\u00fablico, ocuparon dos paquetes y una l\u00e1mina presumiblemente de&#46;&#46;&#46;<\/p>\n","protected":false},"author":89,"featured_media":16781,"comment_status":"open","ping_status":"open","sticky":false,"template":"","format":"standard","meta":{"_acf_changed":false,"rop_custom_images_group":[],"rop_custom_messages_group":[],"rop_publish_now":"initial","rop_publish_now_accounts":[],"rop_publish_now_history":[],"rop_publish_now_status":"pending","footnotes":""},"categories":[11],"tags":[2172,1704,791],"class_list":["post-16780","post","type-post","status-publish","format-standard","has-post-thumbnail","hentry","category-sucesos","tag-cuerpo-especializado-de-seguridad-aeroportuaria","tag-direccion-nacional-de-control-de-drogas","tag-ministerio-publico"],"acf":[],"yoast_head":"<!-- This site is optimized with the Yoast SEO Premium plugin v24.9 (Yoast SEO v27.2) - https:\/\/yoast.com\/product\/yoast-seo-premium-wordpress\/ -->\n<title>Arrestan en el AILA dominico-austriaco con 2 paquetes y una l\u00e1mina presumiblemente coca\u00edna - Rep. Dominicana | Noti-America.com<\/title>\n<meta name=\"robots\" content=\"index, follow, max-snippet:-1, max-image-preview:large, max-video-preview:-1\" \/>\n<link rel=\"canonical\" href=\"https:\/\/noti-america.com\/site\/repdom\/2022\/03\/14\/arrestan-en-el-aila-dominico-austriaco-con-2-paquetes-y-una-lamina-presumiblemente-cocaina\/\" \/>\n<meta property=\"og:locale\" content=\"es_ES\" \/>\n<meta property=\"og:type\" content=\"article\" \/>\n<meta property=\"og:title\" content=\"Arrestan en el AILA dominico-austriaco con 2 paquetes y una l\u00e1mina presumiblemente coca\u00edna\" \/>\n<meta property=\"og:description\" content=\"SANTO DOMINGO &#8211; La Direcci\u00f3n Nacional de Control de Drogas (DNCD) con apoyo del Cuerpo Especializado de Seguridad Aeroportuaria y bajo la coordinaci\u00f3n del Ministerio P\u00fablico, ocuparon dos paquetes y una l\u00e1mina presumiblemente de&#046;&#046;&#046;\" \/>\n<meta property=\"og:url\" content=\"https:\/\/noti-america.com\/site\/repdom\/2022\/03\/14\/arrestan-en-el-aila-dominico-austriaco-con-2-paquetes-y-una-lamina-presumiblemente-cocaina\/\" \/>\n<meta property=\"og:site_name\" content=\"Rep. Dominicana | Noti-America.com\" \/>\n<meta property=\"article:published_time\" content=\"2022-03-14T15:19:51+00:00\" \/>\n<meta property=\"og:image\" content=\"https:\/\/noti-america.com\/site\/repdom\/wp-content\/uploads\/sites\/6\/2022\/03\/Pesaje-de-droga.jpg\" \/>\n\t<meta property=\"og:image:width\" content=\"1200\" \/>\n\t<meta property=\"og:image:height\" content=\"1600\" \/>\n\t<meta property=\"og:image:type\" content=\"image\/jpeg\" \/>\n<meta name=\"author\" content=\"Ad\u00e1n Soriano\" \/>\n<meta name=\"twitter:card\" content=\"summary_large_image\" \/>\n<meta name=\"twitter:creator\" content=\"@adansoriano\" \/>\n<meta name=\"twitter:label1\" content=\"Escrito por\" \/>\n\t<meta name=\"twitter:data1\" content=\"Ad\u00e1n Soriano\" \/>\n\t<meta name=\"twitter:label2\" content=\"Tiempo estimado de lectura\" \/>\n\t<meta name=\"twitter:data2\" content=\"1 minuto\" \/>\n<script type=\"application\/ld+json\" class=\"yoast-schema-graph\">{\"@context\":\"https:\/\/schema.org\",\"@graph\":[{\"@type\":\"Article\",\"@id\":\"https:\/\/noti-america.com\/site\/repdom\/2022\/03\/14\/arrestan-en-el-aila-dominico-austriaco-con-2-paquetes-y-una-lamina-presumiblemente-cocaina\/#article\",\"isPartOf\":{\"@id\":\"https:\/\/noti-america.com\/site\/repdom\/2022\/03\/14\/arrestan-en-el-aila-dominico-austriaco-con-2-paquetes-y-una-lamina-presumiblemente-cocaina\/\"},\"author\":{\"name\":\"Ad\u00e1n Soriano\",\"@id\":\"https:\/\/noti-america.com\/site\/repdom\/#\/schema\/person\/fd0092c1530d275fabaa5cffcbc2b976\"},\"headline\":\"Arrestan en el AILA dominico-austriaco con 2 paquetes y una l\u00e1mina presumiblemente coca\u00edna\",\"datePublished\":\"2022-03-14T15:19:51+00:00\",\"mainEntityOfPage\":{\"@id\":\"https:\/\/noti-america.com\/site\/repdom\/2022\/03\/14\/arrestan-en-el-aila-dominico-austriaco-con-2-paquetes-y-una-lamina-presumiblemente-cocaina\/\"},\"wordCount\":250,\"commentCount\":0,\"publisher\":{\"@id\":\"https:\/\/noti-america.com\/site\/repdom\/#organization\"},\"image\":{\"@id\":\"https:\/\/noti-america.com\/site\/repdom\/2022\/03\/14\/arrestan-en-el-aila-dominico-austriaco-con-2-paquetes-y-una-lamina-presumiblemente-cocaina\/#primaryimage\"},\"thumbnailUrl\":\"https:\/\/noti-america.com\/site\/repdom\/wp-content\/uploads\/sites\/6\/2022\/03\/Pesaje-de-droga.jpg\",\"keywords\":[\"Cuerpo Especializado de Seguridad Aeroportuaria\",\"Direcci\u00f3n Nacional de Control de Drogas\",\"Ministerio P\u00fablico\"],\"articleSection\":[\"Sucesos\"],\"inLanguage\":\"es\",\"potentialAction\":[{\"@type\":\"CommentAction\",\"name\":\"Comment\",\"target\":[\"https:\/\/noti-america.com\/site\/repdom\/2022\/03\/14\/arrestan-en-el-aila-dominico-austriaco-con-2-paquetes-y-una-lamina-presumiblemente-cocaina\/#respond\"]}]},{\"@type\":\"WebPage\",\"@id\":\"https:\/\/noti-america.com\/site\/repdom\/2022\/03\/14\/arrestan-en-el-aila-dominico-austriaco-con-2-paquetes-y-una-lamina-presumiblemente-cocaina\/\",\"url\":\"https:\/\/noti-america.com\/site\/repdom\/2022\/03\/14\/arrestan-en-el-aila-dominico-austriaco-con-2-paquetes-y-una-lamina-presumiblemente-cocaina\/\",\"name\":\"Arrestan en el AILA dominico-austriaco con 2 paquetes y una l\u00e1mina presumiblemente coca\u00edna - Rep. Dominicana | Noti-America.com\",\"isPartOf\":{\"@id\":\"https:\/\/noti-america.com\/site\/repdom\/#website\"},\"primaryImageOfPage\":{\"@id\":\"https:\/\/noti-america.com\/site\/repdom\/2022\/03\/14\/arrestan-en-el-aila-dominico-austriaco-con-2-paquetes-y-una-lamina-presumiblemente-cocaina\/#primaryimage\"},\"image\":{\"@id\":\"https:\/\/noti-america.com\/site\/repdom\/2022\/03\/14\/arrestan-en-el-aila-dominico-austriaco-con-2-paquetes-y-una-lamina-presumiblemente-cocaina\/#primaryimage\"},\"thumbnailUrl\":\"https:\/\/noti-america.com\/site\/repdom\/wp-content\/uploads\/sites\/6\/2022\/03\/Pesaje-de-droga.jpg\",\"datePublished\":\"2022-03-14T15:19:51+00:00\",\"breadcrumb\":{\"@id\":\"https:\/\/noti-america.com\/site\/repdom\/2022\/03\/14\/arrestan-en-el-aila-dominico-austriaco-con-2-paquetes-y-una-lamina-presumiblemente-cocaina\/#breadcrumb\"},\"inLanguage\":\"es\",\"potentialAction\":[{\"@type\":\"ReadAction\",\"target\":[\"https:\/\/noti-america.com\/site\/repdom\/2022\/03\/14\/arrestan-en-el-aila-dominico-austriaco-con-2-paquetes-y-una-lamina-presumiblemente-cocaina\/\"]}]},{\"@type\":\"ImageObject\",\"inLanguage\":\"es\",\"@id\":\"https:\/\/noti-america.com\/site\/repdom\/2022\/03\/14\/arrestan-en-el-aila-dominico-austriaco-con-2-paquetes-y-una-lamina-presumiblemente-cocaina\/#primaryimage\",\"url\":\"https:\/\/noti-america.com\/site\/repdom\/wp-content\/uploads\/sites\/6\/2022\/03\/Pesaje-de-droga.jpg\",\"contentUrl\":\"https:\/\/noti-america.com\/site\/repdom\/wp-content\/uploads\/sites\/6\/2022\/03\/Pesaje-de-droga.jpg\",\"width\":1200,\"height\":1600},{\"@type\":\"BreadcrumbList\",\"@id\":\"https:\/\/noti-america.com\/site\/repdom\/2022\/03\/14\/arrestan-en-el-aila-dominico-austriaco-con-2-paquetes-y-una-lamina-presumiblemente-cocaina\/#breadcrumb\",\"itemListElement\":[{\"@type\":\"ListItem\",\"position\":1,\"name\":\"Portada\",\"item\":\"https:\/\/noti-america.com\/site\/repdom\/\"},{\"@type\":\"ListItem\",\"position\":2,\"name\":\"Arrestan en el AILA dominico-austriaco con 2 paquetes y una l\u00e1mina presumiblemente coca\u00edna\"}]},{\"@type\":\"WebSite\",\"@id\":\"https:\/\/noti-america.com\/site\/repdom\/#website\",\"url\":\"https:\/\/noti-america.com\/site\/repdom\/\",\"name\":\"Rep. Dominicana | Noti-America.com\",\"description\":\"\",\"publisher\":{\"@id\":\"https:\/\/noti-america.com\/site\/repdom\/#organization\"},\"potentialAction\":[{\"@type\":\"SearchAction\",\"target\":{\"@type\":\"EntryPoint\",\"urlTemplate\":\"https:\/\/noti-america.com\/site\/repdom\/?s={search_term_string}\"},\"query-input\":{\"@type\":\"PropertyValueSpecification\",\"valueRequired\":true,\"valueName\":\"search_term_string\"}}],\"inLanguage\":\"es\"},{\"@type\":\"Organization\",\"@id\":\"https:\/\/noti-america.com\/site\/repdom\/#organization\",\"name\":\"Noti-America LLC | Rep\u00fablica Dominicana\",\"url\":\"https:\/\/noti-america.com\/site\/repdom\/\",\"logo\":{\"@type\":\"ImageObject\",\"inLanguage\":\"es\",\"@id\":\"https:\/\/noti-america.com\/site\/repdom\/#\/schema\/logo\/image\/\",\"url\":\"https:\/\/noti-america.com\/site\/repdom\/wp-content\/uploads\/sites\/6\/2020\/07\/LogoNA-4x3-1.jpg\",\"contentUrl\":\"https:\/\/noti-america.com\/site\/repdom\/wp-content\/uploads\/sites\/6\/2020\/07\/LogoNA-4x3-1.jpg\",\"width\":1236,\"height\":1080,\"caption\":\"Noti-America LLC | Rep\u00fablica Dominicana\"},\"image\":{\"@id\":\"https:\/\/noti-america.com\/site\/repdom\/#\/schema\/logo\/image\/\"}},{\"@type\":\"Person\",\"@id\":\"https:\/\/noti-america.com\/site\/repdom\/#\/schema\/person\/fd0092c1530d275fabaa5cffcbc2b976\",\"name\":\"Ad\u00e1n Soriano\",\"image\":{\"@type\":\"ImageObject\",\"inLanguage\":\"es\",\"@id\":\"https:\/\/secure.gravatar.com\/avatar\/ecf97ff3aee7ff9efdae670d7e976f3e7e8acc1077e510d73707999a8bfd4467?s=96&d=mm&r=g\",\"url\":\"https:\/\/secure.gravatar.com\/avatar\/ecf97ff3aee7ff9efdae670d7e976f3e7e8acc1077e510d73707999a8bfd4467?s=96&d=mm&r=g\",\"contentUrl\":\"https:\/\/secure.gravatar.com\/avatar\/ecf97ff3aee7ff9efdae670d7e976f3e7e8acc1077e510d73707999a8bfd4467?s=96&d=mm&r=g\",\"caption\":\"Ad\u00e1n Soriano\"},\"description\":\"Soy cronista deportivo con 10 a\u00f1os de experiencia en varios espacios, y conduzco el podcast deportivo llamado Mezcla Deportiva\",\"sameAs\":[\"https:\/\/x.com\/adansoriano\"],\"url\":\"https:\/\/noti-america.com\/site\/repdom\/author\/asoriano\/\"}]}<\/script>\n<!-- \/ Yoast SEO Premium plugin. -->","yoast_head_json":{"title":"Arrestan en el AILA dominico-austriaco con 2 paquetes y una l\u00e1mina presumiblemente coca\u00edna - Rep. Dominicana | Noti-America.com","robots":{"index":"index","follow":"follow","max-snippet":"max-snippet:-1","max-image-preview":"max-image-preview:large","max-video-preview":"max-video-preview:-1"},"canonical":"https:\/\/noti-america.com\/site\/repdom\/2022\/03\/14\/arrestan-en-el-aila-dominico-austriaco-con-2-paquetes-y-una-lamina-presumiblemente-cocaina\/","og_locale":"es_ES","og_type":"article","og_title":"Arrestan en el AILA dominico-austriaco con 2 paquetes y una l\u00e1mina presumiblemente coca\u00edna","og_description":"SANTO DOMINGO &#8211; La Direcci\u00f3n Nacional de Control de Drogas (DNCD) con apoyo del Cuerpo Especializado de Seguridad Aeroportuaria y bajo la coordinaci\u00f3n del Ministerio P\u00fablico, ocuparon dos paquetes y una l\u00e1mina presumiblemente de&#46;&#46;&#46;","og_url":"https:\/\/noti-america.com\/site\/repdom\/2022\/03\/14\/arrestan-en-el-aila-dominico-austriaco-con-2-paquetes-y-una-lamina-presumiblemente-cocaina\/","og_site_name":"Rep. Dominicana | Noti-America.com","article_published_time":"2022-03-14T15:19:51+00:00","og_image":[{"width":1200,"height":1600,"url":"https:\/\/noti-america.com\/site\/repdom\/wp-content\/uploads\/sites\/6\/2022\/03\/Pesaje-de-droga.jpg","type":"image\/jpeg"}],"author":"Ad\u00e1n Soriano","twitter_card":"summary_large_image","twitter_creator":"@adansoriano","twitter_misc":{"Escrito por":"Ad\u00e1n Soriano","Tiempo estimado de lectura":"1 minuto"},"schema":{"@context":"https:\/\/schema.org","@graph":[{"@type":"Article","@id":"https:\/\/noti-america.com\/site\/repdom\/2022\/03\/14\/arrestan-en-el-aila-dominico-austriaco-con-2-paquetes-y-una-lamina-presumiblemente-cocaina\/#article","isPartOf":{"@id":"https:\/\/noti-america.com\/site\/repdom\/2022\/03\/14\/arrestan-en-el-aila-dominico-austriaco-con-2-paquetes-y-una-lamina-presumiblemente-cocaina\/"},"author":{"name":"Ad\u00e1n Soriano","@id":"https:\/\/noti-america.com\/site\/repdom\/#\/schema\/person\/fd0092c1530d275fabaa5cffcbc2b976"},"headline":"Arrestan en el AILA dominico-austriaco con 2 paquetes y una l\u00e1mina presumiblemente coca\u00edna","datePublished":"2022-03-14T15:19:51+00:00","mainEntityOfPage":{"@id":"https:\/\/noti-america.com\/site\/repdom\/2022\/03\/14\/arrestan-en-el-aila-dominico-austriaco-con-2-paquetes-y-una-lamina-presumiblemente-cocaina\/"},"wordCount":250,"commentCount":0,"publisher":{"@id":"https:\/\/noti-america.com\/site\/repdom\/#organization"},"image":{"@id":"https:\/\/noti-america.com\/site\/repdom\/2022\/03\/14\/arrestan-en-el-aila-dominico-austriaco-con-2-paquetes-y-una-lamina-presumiblemente-cocaina\/#primaryimage"},"thumbnailUrl":"https:\/\/noti-america.com\/site\/repdom\/wp-content\/uploads\/sites\/6\/2022\/03\/Pesaje-de-droga.jpg","keywords":["Cuerpo Especializado de Seguridad Aeroportuaria","Direcci\u00f3n Nacional de Control de Drogas","Ministerio P\u00fablico"],"articleSection":["Sucesos"],"inLanguage":"es","potentialAction":[{"@type":"CommentAction","name":"Comment","target":["https:\/\/noti-america.com\/site\/repdom\/2022\/03\/14\/arrestan-en-el-aila-dominico-austriaco-con-2-paquetes-y-una-lamina-presumiblemente-cocaina\/#respond"]}]},{"@type":"WebPage","@id":"https:\/\/noti-america.com\/site\/repdom\/2022\/03\/14\/arrestan-en-el-aila-dominico-austriaco-con-2-paquetes-y-una-lamina-presumiblemente-cocaina\/","url":"https:\/\/noti-america.com\/site\/repdom\/2022\/03\/14\/arrestan-en-el-aila-dominico-austriaco-con-2-paquetes-y-una-lamina-presumiblemente-cocaina\/","name":"Arrestan en el AILA dominico-austriaco con 2 paquetes y una l\u00e1mina presumiblemente coca\u00edna - Rep. Dominicana | Noti-America.com","isPartOf":{"@id":"https:\/\/noti-america.com\/site\/repdom\/#website"},"primaryImageOfPage":{"@id":"https:\/\/noti-america.com\/site\/repdom\/2022\/03\/14\/arrestan-en-el-aila-dominico-austriaco-con-2-paquetes-y-una-lamina-presumiblemente-cocaina\/#primaryimage"},"image":{"@id":"https:\/\/noti-america.com\/site\/repdom\/2022\/03\/14\/arrestan-en-el-aila-dominico-austriaco-con-2-paquetes-y-una-lamina-presumiblemente-cocaina\/#primaryimage"},"thumbnailUrl":"https:\/\/noti-america.com\/site\/repdom\/wp-content\/uploads\/sites\/6\/2022\/03\/Pesaje-de-droga.jpg","datePublished":"2022-03-14T15:19:51+00:00","breadcrumb":{"@id":"https:\/\/noti-america.com\/site\/repdom\/2022\/03\/14\/arrestan-en-el-aila-dominico-austriaco-con-2-paquetes-y-una-lamina-presumiblemente-cocaina\/#breadcrumb"},"inLanguage":"es","potentialAction":[{"@type":"ReadAction","target":["https:\/\/noti-america.com\/site\/repdom\/2022\/03\/14\/arrestan-en-el-aila-dominico-austriaco-con-2-paquetes-y-una-lamina-presumiblemente-cocaina\/"]}]},{"@type":"ImageObject","inLanguage":"es","@id":"https:\/\/noti-america.com\/site\/repdom\/2022\/03\/14\/arrestan-en-el-aila-dominico-austriaco-con-2-paquetes-y-una-lamina-presumiblemente-cocaina\/#primaryimage","url":"https:\/\/noti-america.com\/site\/repdom\/wp-content\/uploads\/sites\/6\/2022\/03\/Pesaje-de-droga.jpg","contentUrl":"https:\/\/noti-america.com\/site\/repdom\/wp-content\/uploads\/sites\/6\/2022\/03\/Pesaje-de-droga.jpg","width":1200,"height":1600},{"@type":"BreadcrumbList","@id":"https:\/\/noti-america.com\/site\/repdom\/2022\/03\/14\/arrestan-en-el-aila-dominico-austriaco-con-2-paquetes-y-una-lamina-presumiblemente-cocaina\/#breadcrumb","itemListElement":[{"@type":"ListItem","position":1,"name":"Portada","item":"https:\/\/noti-america.com\/site\/repdom\/"},{"@type":"ListItem","position":2,"name":"Arrestan en el AILA dominico-austriaco con 2 paquetes y una l\u00e1mina presumiblemente coca\u00edna"}]},{"@type":"WebSite","@id":"https:\/\/noti-america.com\/site\/repdom\/#website","url":"https:\/\/noti-america.com\/site\/repdom\/","name":"Rep. Dominicana | Noti-America.com","description":"","publisher":{"@id":"https:\/\/noti-america.com\/site\/repdom\/#organization"},"potentialAction":[{"@type":"SearchAction","target":{"@type":"EntryPoint","urlTemplate":"https:\/\/noti-america.com\/site\/repdom\/?s={search_term_string}"},"query-input":{"@type":"PropertyValueSpecification","valueRequired":true,"valueName":"search_term_string"}}],"inLanguage":"es"},{"@type":"Organization","@id":"https:\/\/noti-america.com\/site\/repdom\/#organization","name":"Noti-America LLC | Rep\u00fablica Dominicana","url":"https:\/\/noti-america.com\/site\/repdom\/","logo":{"@type":"ImageObject","inLanguage":"es","@id":"https:\/\/noti-america.com\/site\/repdom\/#\/schema\/logo\/image\/","url":"https:\/\/noti-america.com\/site\/repdom\/wp-content\/uploads\/sites\/6\/2020\/07\/LogoNA-4x3-1.jpg","contentUrl":"https:\/\/noti-america.com\/site\/repdom\/wp-content\/uploads\/sites\/6\/2020\/07\/LogoNA-4x3-1.jpg","width":1236,"height":1080,"caption":"Noti-America LLC | Rep\u00fablica Dominicana"},"image":{"@id":"https:\/\/noti-america.com\/site\/repdom\/#\/schema\/logo\/image\/"}},{"@type":"Person","@id":"https:\/\/noti-america.com\/site\/repdom\/#\/schema\/person\/fd0092c1530d275fabaa5cffcbc2b976","name":"Ad\u00e1n Soriano","image":{"@type":"ImageObject","inLanguage":"es","@id":"https:\/\/secure.gravatar.com\/avatar\/ecf97ff3aee7ff9efdae670d7e976f3e7e8acc1077e510d73707999a8bfd4467?s=96&d=mm&r=g","url":"https:\/\/secure.gravatar.com\/avatar\/ecf97ff3aee7ff9efdae670d7e976f3e7e8acc1077e510d73707999a8bfd4467?s=96&d=mm&r=g","contentUrl":"https:\/\/secure.gravatar.com\/avatar\/ecf97ff3aee7ff9efdae670d7e976f3e7e8acc1077e510d73707999a8bfd4467?s=96&d=mm&r=g","caption":"Ad\u00e1n Soriano"},"description":"Soy cronista deportivo con 10 a\u00f1os de experiencia en varios espacios, y conduzco el podcast deportivo llamado Mezcla Deportiva","sameAs":["https:\/\/x.com\/adansoriano"],"url":"https:\/\/noti-america.com\/site\/repdom\/author\/asoriano\/"}]}},"_links":{"self":[{"href":"https:\/\/noti-america.com\/site\/repdom\/wp-json\/wp\/v2\/posts\/16780","targetHints":{"allow":["GET"]}}],"collection":[{"href":"https:\/\/noti-america.com\/site\/repdom\/wp-json\/wp\/v2\/posts"}],"about":[{"href":"https:\/\/noti-america.com\/site\/repdom\/wp-json\/wp\/v2\/types\/post"}],"author":[{"embeddable":true,"href":"https:\/\/noti-america.com\/site\/repdom\/wp-json\/wp\/v2\/users\/89"}],"replies":[{"embeddable":true,"href":"https:\/\/noti-america.com\/site\/repdom\/wp-json\/wp\/v2\/comments?post=16780"}],"version-history":[{"count":1,"href":"https:\/\/noti-america.com\/site\/repdom\/wp-json\/wp\/v2\/posts\/16780\/revisions"}],"predecessor-version":[{"id":16782,"href":"https:\/\/noti-america.com\/site\/repdom\/wp-json\/wp\/v2\/posts\/16780\/revisions\/16782"}],"wp:featuredmedia":[{"embeddable":true,"href":"https:\/\/noti-america.com\/site\/repdom\/wp-json\/wp\/v2\/media\/16781"}],"wp:attachment":[{"href":"https:\/\/noti-america.com\/site\/repdom\/wp-json\/wp\/v2\/media?parent=16780"}],"wp:term":[{"taxonomy":"category","embeddable":true,"href":"https:\/\/noti-america.com\/site\/repdom\/wp-json\/wp\/v2\/categories?post=16780"},{"taxonomy":"post_tag","embeddable":true,"href":"https:\/\/noti-america.com\/site\/repdom\/wp-json\/wp\/v2\/tags?post=16780"}],"curies":[{"name":"wp","href":"https:\/\/api.w.org\/{rel}","templated":true}]}}