{"id":16592,"date":"2022-03-01T15:32:04","date_gmt":"2022-03-01T15:32:04","guid":{"rendered":"https:\/\/noti-america.com\/site\/repdom\/?p=16592"},"modified":"2022-03-01T15:32:04","modified_gmt":"2022-03-01T15:32:04","slug":"vicepresidenta-encabezara-actividades-por-el-dia-nacional-de-republica-dominicana-en-expo-dubai-2020","status":"publish","type":"post","link":"https:\/\/noti-america.com\/site\/repdom\/2022\/03\/01\/vicepresidenta-encabezara-actividades-por-el-dia-nacional-de-republica-dominicana-en-expo-dubai-2020\/","title":{"rendered":"Vicepresidenta encabezar\u00e1 actividades por el D\u00eda Nacional de Rep\u00fablica Dominicana en Expo Dubai 2020"},"content":{"rendered":"<p style=\"text-align: justify\">SANTO DOMINGO &#8211; La vicepresidenta de la Rep\u00fablica, Raquel Pe\u00f1a, viajar\u00e1 esta noche a Dubai para participar de las actividades que se estar\u00e1n realizando esta semana por el D\u00eda Nacional de Rep\u00fablica Dominicana, en el pabell\u00f3n dominicano en el marco de Expo Dubai 2020.<\/p>\n<p style=\"text-align: justify\">El viaje obedece a que, desde el pasado mes de octubre, Rep\u00fablica Dominicana exhibe un stand en el evento multisectorial m\u00e1s importante del mundo, Expo Dubai 2020, donde se promueve de manera estrat\u00e9gica la oferta exportable de productos nacionales, as\u00ed como el favorable clima de inversi\u00f3n, atractivos tur\u00edsticos y culturales, y la hospitalidad que distingue a los dominicanos.<\/p>\n<p style=\"text-align: justify\">La vicemandataria y presidenta del Gabinete de Promoci\u00f3n de Inversiones asiste en representaci\u00f3n del presidente Abinader y tiene prevista su salida desde el Aeropuerto Internacional Las Am\u00e9ricas Dr. Jos\u00e9 Francisco Pe\u00f1a G\u00f3mez este martes en la noche, en un vuelo comercial con destino al Aeropuerto de Madrid-Barajas, donde har\u00e1 escala.<\/p>\n<p style=\"text-align: justify\">Durante su estad\u00eda en Dub\u00e1i, Pe\u00f1a sostendr\u00e1 encuentros para promover las exportaciones dominicanas, la inversi\u00f3n extranjera directa y fortalecer las relaciones comerciales entre ambas naciones.<\/p>\n<p style=\"text-align: justify\">Con motivo del D\u00eda Nacional de la Rep\u00fablica Dominicana asistir\u00e1 una delegaci\u00f3n de alto nivel dubait\u00ed al pabell\u00f3n dominicano y participar\u00e1n de las diferentes actividades culturales programadas, entre las que se resalta una presentaci\u00f3n a cargo de Edgar Molina y Riccie Oriach acompa\u00f1ados de instrumentos que representan la m\u00fasica dominicana en conjunto con una coreograf\u00eda organizada por H\u00e9ctor Far\u00edas, director del Ballet Dominicano en Europa con trajes y personajes t\u00edpicos dominicanos.<\/p>\n<p style=\"text-align: justify\">El D\u00eda Nacional culminar\u00e1 con un video sobre la Rep\u00fablica Dominicana de 15 minutos que ser\u00e1 exhibido en el domo del pabell\u00f3n, la proyecci\u00f3n 360 m\u00e1s grande del mundo, ubicada en la Plaza Al Wasl.<\/p>\n<p style=\"text-align: justify\">La participaci\u00f3n del pa\u00eds en Expo Dubai 2020 ha permitido a la Rep\u00fablica Dominicana mostrar durante casi seis meses el potencial nacional ante 190 pa\u00edses que se dan cita en esta importante feria.<\/p>\n<p style=\"text-align: justify\">El objetivo de dicha exposici\u00f3n es estimular el crecimiento econ\u00f3mico, cultural y cient\u00edfico de las naciones participantes. Esta se celebra cada cinco a\u00f1os, la primera realizada en Londres en 1851, hace ya m\u00e1s de 170 a\u00f1os. En esta edici\u00f3n de Expo Dubai 2020 han asistido m\u00e1s de 15 millones de visitantes.<\/p>\n<p style=\"text-align: justify\">Con ello, se persigue estimular la inversi\u00f3n extranjera y el crecimiento econ\u00f3mico, cultural y cient\u00edfico de las naciones participantes, construyendo nuevos paradigmas para la sostenibilidad y la transformaci\u00f3n tecnol\u00f3gica.<\/p>\n<p style=\"text-align: justify\">El pabell\u00f3n dominicano est\u00e1 dise\u00f1ado y ambientado para hacer vivir a los visitantes una experiencia \u00fanica de la cultura y los atractivos del pa\u00eds, con la finalidad de captar turistas, inversionistas y otros posibles socios comerciales y ha llegado a sobrepasar las 4,900 visitas por d\u00eda.<\/p>\n<p style=\"text-align: justify\">La vicepresidenta tiene previsto concluir su agenda el domingo y retornar\u00e1 por vuelo comercial por el Aeropuerto Internacional Las Am\u00e9ricas Dr. Jos\u00e9 Francisco Pe\u00f1a G\u00f3mez.<\/p>\n<p style=\"text-align: justify\"><strong>Fuente: Externa<\/strong><\/p>\n","protected":false},"excerpt":{"rendered":"<p>SANTO DOMINGO &#8211; La vicepresidenta de la Rep\u00fablica, Raquel Pe\u00f1a, viajar\u00e1 esta noche a Dubai para participar de las actividades que se estar\u00e1n realizando esta semana por el D\u00eda Nacional de Rep\u00fablica Dominicana, en&#46;&#46;&#46;<\/p>\n","protected":false},"author":89,"featured_media":16593,"comment_status":"open","ping_status":"open","sticky":false,"template":"","format":"standard","meta":{"_acf_changed":false,"rop_custom_images_group":[],"rop_custom_messages_group":[],"rop_publish_now":"initial","rop_publish_now_accounts":[],"rop_publish_now_history":[],"rop_publish_now_status":"pending","footnotes":""},"categories":[333],"tags":[2148,888],"class_list":["post-16592","post","type-post","status-publish","format-standard","has-post-thumbnail","hentry","category-economia-opinion","tag-expo-dubai-2020","tag-vicepresidenta-raquel-pena"],"acf":[],"yoast_head":"<!-- This site is optimized with the Yoast SEO Premium plugin v24.9 (Yoast SEO v27.2) - https:\/\/yoast.com\/product\/yoast-seo-premium-wordpress\/ -->\n<title>Vicepresidenta encabezar\u00e1 actividades por el D\u00eda Nacional de Rep\u00fablica Dominicana en Expo Dubai 2020 - Rep. Dominicana | Noti-America.com<\/title>\n<meta name=\"robots\" content=\"index, follow, max-snippet:-1, max-image-preview:large, max-video-preview:-1\" \/>\n<link rel=\"canonical\" href=\"https:\/\/noti-america.com\/site\/repdom\/2022\/03\/01\/vicepresidenta-encabezara-actividades-por-el-dia-nacional-de-republica-dominicana-en-expo-dubai-2020\/\" \/>\n<meta property=\"og:locale\" content=\"es_ES\" \/>\n<meta property=\"og:type\" content=\"article\" \/>\n<meta property=\"og:title\" content=\"Vicepresidenta encabezar\u00e1 actividades por el D\u00eda Nacional de Rep\u00fablica Dominicana en Expo Dubai 2020\" \/>\n<meta property=\"og:description\" content=\"SANTO DOMINGO &#8211; La vicepresidenta de la Rep\u00fablica, Raquel Pe\u00f1a, viajar\u00e1 esta noche a Dubai para participar de las actividades que se estar\u00e1n realizando esta semana por el D\u00eda Nacional de Rep\u00fablica Dominicana, en&#046;&#046;&#046;\" \/>\n<meta property=\"og:url\" content=\"https:\/\/noti-america.com\/site\/repdom\/2022\/03\/01\/vicepresidenta-encabezara-actividades-por-el-dia-nacional-de-republica-dominicana-en-expo-dubai-2020\/\" \/>\n<meta property=\"og:site_name\" content=\"Rep. Dominicana | Noti-America.com\" \/>\n<meta property=\"article:published_time\" content=\"2022-03-01T15:32:04+00:00\" \/>\n<meta property=\"og:image\" content=\"https:\/\/noti-america.com\/site\/repdom\/wp-content\/uploads\/sites\/6\/2022\/03\/Raquel-Pena.jpg\" \/>\n\t<meta property=\"og:image:width\" content=\"1600\" \/>\n\t<meta property=\"og:image:height\" content=\"1065\" \/>\n\t<meta property=\"og:image:type\" content=\"image\/jpeg\" \/>\n<meta name=\"author\" content=\"Ad\u00e1n Soriano\" \/>\n<meta name=\"twitter:card\" content=\"summary_large_image\" \/>\n<meta name=\"twitter:creator\" content=\"@adansoriano\" \/>\n<meta name=\"twitter:label1\" content=\"Escrito por\" \/>\n\t<meta name=\"twitter:data1\" content=\"Ad\u00e1n Soriano\" \/>\n\t<meta name=\"twitter:label2\" content=\"Tiempo estimado de lectura\" \/>\n\t<meta name=\"twitter:data2\" content=\"3 minutos\" \/>\n<script type=\"application\/ld+json\" class=\"yoast-schema-graph\">{\"@context\":\"https:\/\/schema.org\",\"@graph\":[{\"@type\":\"Article\",\"@id\":\"https:\/\/noti-america.com\/site\/repdom\/2022\/03\/01\/vicepresidenta-encabezara-actividades-por-el-dia-nacional-de-republica-dominicana-en-expo-dubai-2020\/#article\",\"isPartOf\":{\"@id\":\"https:\/\/noti-america.com\/site\/repdom\/2022\/03\/01\/vicepresidenta-encabezara-actividades-por-el-dia-nacional-de-republica-dominicana-en-expo-dubai-2020\/\"},\"author\":{\"name\":\"Ad\u00e1n Soriano\",\"@id\":\"https:\/\/noti-america.com\/site\/repdom\/#\/schema\/person\/fd0092c1530d275fabaa5cffcbc2b976\"},\"headline\":\"Vicepresidenta encabezar\u00e1 actividades por el D\u00eda Nacional de Rep\u00fablica Dominicana en Expo Dubai 2020\",\"datePublished\":\"2022-03-01T15:32:04+00:00\",\"mainEntityOfPage\":{\"@id\":\"https:\/\/noti-america.com\/site\/repdom\/2022\/03\/01\/vicepresidenta-encabezara-actividades-por-el-dia-nacional-de-republica-dominicana-en-expo-dubai-2020\/\"},\"wordCount\":534,\"commentCount\":0,\"publisher\":{\"@id\":\"https:\/\/noti-america.com\/site\/repdom\/#organization\"},\"image\":{\"@id\":\"https:\/\/noti-america.com\/site\/repdom\/2022\/03\/01\/vicepresidenta-encabezara-actividades-por-el-dia-nacional-de-republica-dominicana-en-expo-dubai-2020\/#primaryimage\"},\"thumbnailUrl\":\"https:\/\/noti-america.com\/site\/repdom\/wp-content\/uploads\/sites\/6\/2022\/03\/Raquel-Pena.jpg\",\"keywords\":[\"Expo Dubai 2020\",\"Vicepresidenta Raquel Pe\u00f1a\"],\"articleSection\":[\"Econom\u00eda\"],\"inLanguage\":\"es\",\"potentialAction\":[{\"@type\":\"CommentAction\",\"name\":\"Comment\",\"target\":[\"https:\/\/noti-america.com\/site\/repdom\/2022\/03\/01\/vicepresidenta-encabezara-actividades-por-el-dia-nacional-de-republica-dominicana-en-expo-dubai-2020\/#respond\"]}]},{\"@type\":\"WebPage\",\"@id\":\"https:\/\/noti-america.com\/site\/repdom\/2022\/03\/01\/vicepresidenta-encabezara-actividades-por-el-dia-nacional-de-republica-dominicana-en-expo-dubai-2020\/\",\"url\":\"https:\/\/noti-america.com\/site\/repdom\/2022\/03\/01\/vicepresidenta-encabezara-actividades-por-el-dia-nacional-de-republica-dominicana-en-expo-dubai-2020\/\",\"name\":\"Vicepresidenta encabezar\u00e1 actividades por el D\u00eda Nacional de Rep\u00fablica Dominicana en Expo Dubai 2020 - Rep. Dominicana | Noti-America.com\",\"isPartOf\":{\"@id\":\"https:\/\/noti-america.com\/site\/repdom\/#website\"},\"primaryImageOfPage\":{\"@id\":\"https:\/\/noti-america.com\/site\/repdom\/2022\/03\/01\/vicepresidenta-encabezara-actividades-por-el-dia-nacional-de-republica-dominicana-en-expo-dubai-2020\/#primaryimage\"},\"image\":{\"@id\":\"https:\/\/noti-america.com\/site\/repdom\/2022\/03\/01\/vicepresidenta-encabezara-actividades-por-el-dia-nacional-de-republica-dominicana-en-expo-dubai-2020\/#primaryimage\"},\"thumbnailUrl\":\"https:\/\/noti-america.com\/site\/repdom\/wp-content\/uploads\/sites\/6\/2022\/03\/Raquel-Pena.jpg\",\"datePublished\":\"2022-03-01T15:32:04+00:00\",\"breadcrumb\":{\"@id\":\"https:\/\/noti-america.com\/site\/repdom\/2022\/03\/01\/vicepresidenta-encabezara-actividades-por-el-dia-nacional-de-republica-dominicana-en-expo-dubai-2020\/#breadcrumb\"},\"inLanguage\":\"es\",\"potentialAction\":[{\"@type\":\"ReadAction\",\"target\":[\"https:\/\/noti-america.com\/site\/repdom\/2022\/03\/01\/vicepresidenta-encabezara-actividades-por-el-dia-nacional-de-republica-dominicana-en-expo-dubai-2020\/\"]}]},{\"@type\":\"ImageObject\",\"inLanguage\":\"es\",\"@id\":\"https:\/\/noti-america.com\/site\/repdom\/2022\/03\/01\/vicepresidenta-encabezara-actividades-por-el-dia-nacional-de-republica-dominicana-en-expo-dubai-2020\/#primaryimage\",\"url\":\"https:\/\/noti-america.com\/site\/repdom\/wp-content\/uploads\/sites\/6\/2022\/03\/Raquel-Pena.jpg\",\"contentUrl\":\"https:\/\/noti-america.com\/site\/repdom\/wp-content\/uploads\/sites\/6\/2022\/03\/Raquel-Pena.jpg\",\"width\":1600,\"height\":1065},{\"@type\":\"BreadcrumbList\",\"@id\":\"https:\/\/noti-america.com\/site\/repdom\/2022\/03\/01\/vicepresidenta-encabezara-actividades-por-el-dia-nacional-de-republica-dominicana-en-expo-dubai-2020\/#breadcrumb\",\"itemListElement\":[{\"@type\":\"ListItem\",\"position\":1,\"name\":\"Portada\",\"item\":\"https:\/\/noti-america.com\/site\/repdom\/\"},{\"@type\":\"ListItem\",\"position\":2,\"name\":\"Vicepresidenta encabezar\u00e1 actividades por el D\u00eda Nacional de Rep\u00fablica Dominicana en Expo Dubai 2020\"}]},{\"@type\":\"WebSite\",\"@id\":\"https:\/\/noti-america.com\/site\/repdom\/#website\",\"url\":\"https:\/\/noti-america.com\/site\/repdom\/\",\"name\":\"Rep. Dominicana | Noti-America.com\",\"description\":\"\",\"publisher\":{\"@id\":\"https:\/\/noti-america.com\/site\/repdom\/#organization\"},\"potentialAction\":[{\"@type\":\"SearchAction\",\"target\":{\"@type\":\"EntryPoint\",\"urlTemplate\":\"https:\/\/noti-america.com\/site\/repdom\/?s={search_term_string}\"},\"query-input\":{\"@type\":\"PropertyValueSpecification\",\"valueRequired\":true,\"valueName\":\"search_term_string\"}}],\"inLanguage\":\"es\"},{\"@type\":\"Organization\",\"@id\":\"https:\/\/noti-america.com\/site\/repdom\/#organization\",\"name\":\"Noti-America LLC | Rep\u00fablica Dominicana\",\"url\":\"https:\/\/noti-america.com\/site\/repdom\/\",\"logo\":{\"@type\":\"ImageObject\",\"inLanguage\":\"es\",\"@id\":\"https:\/\/noti-america.com\/site\/repdom\/#\/schema\/logo\/image\/\",\"url\":\"https:\/\/noti-america.com\/site\/repdom\/wp-content\/uploads\/sites\/6\/2020\/07\/LogoNA-4x3-1.jpg\",\"contentUrl\":\"https:\/\/noti-america.com\/site\/repdom\/wp-content\/uploads\/sites\/6\/2020\/07\/LogoNA-4x3-1.jpg\",\"width\":1236,\"height\":1080,\"caption\":\"Noti-America LLC | Rep\u00fablica Dominicana\"},\"image\":{\"@id\":\"https:\/\/noti-america.com\/site\/repdom\/#\/schema\/logo\/image\/\"}},{\"@type\":\"Person\",\"@id\":\"https:\/\/noti-america.com\/site\/repdom\/#\/schema\/person\/fd0092c1530d275fabaa5cffcbc2b976\",\"name\":\"Ad\u00e1n Soriano\",\"image\":{\"@type\":\"ImageObject\",\"inLanguage\":\"es\",\"@id\":\"https:\/\/secure.gravatar.com\/avatar\/ecf97ff3aee7ff9efdae670d7e976f3e7e8acc1077e510d73707999a8bfd4467?s=96&d=mm&r=g\",\"url\":\"https:\/\/secure.gravatar.com\/avatar\/ecf97ff3aee7ff9efdae670d7e976f3e7e8acc1077e510d73707999a8bfd4467?s=96&d=mm&r=g\",\"contentUrl\":\"https:\/\/secure.gravatar.com\/avatar\/ecf97ff3aee7ff9efdae670d7e976f3e7e8acc1077e510d73707999a8bfd4467?s=96&d=mm&r=g\",\"caption\":\"Ad\u00e1n Soriano\"},\"description\":\"Soy cronista deportivo con 10 a\u00f1os de experiencia en varios espacios, y conduzco el podcast deportivo llamado Mezcla Deportiva\",\"sameAs\":[\"https:\/\/x.com\/adansoriano\"],\"url\":\"https:\/\/noti-america.com\/site\/repdom\/author\/asoriano\/\"}]}<\/script>\n<!-- \/ Yoast SEO Premium plugin. -->","yoast_head_json":{"title":"Vicepresidenta encabezar\u00e1 actividades por el D\u00eda Nacional de Rep\u00fablica Dominicana en Expo Dubai 2020 - Rep. Dominicana | Noti-America.com","robots":{"index":"index","follow":"follow","max-snippet":"max-snippet:-1","max-image-preview":"max-image-preview:large","max-video-preview":"max-video-preview:-1"},"canonical":"https:\/\/noti-america.com\/site\/repdom\/2022\/03\/01\/vicepresidenta-encabezara-actividades-por-el-dia-nacional-de-republica-dominicana-en-expo-dubai-2020\/","og_locale":"es_ES","og_type":"article","og_title":"Vicepresidenta encabezar\u00e1 actividades por el D\u00eda Nacional de Rep\u00fablica Dominicana en Expo Dubai 2020","og_description":"SANTO DOMINGO &#8211; La vicepresidenta de la Rep\u00fablica, Raquel Pe\u00f1a, viajar\u00e1 esta noche a Dubai para participar de las actividades que se estar\u00e1n realizando esta semana por el D\u00eda Nacional de Rep\u00fablica Dominicana, en&#46;&#46;&#46;","og_url":"https:\/\/noti-america.com\/site\/repdom\/2022\/03\/01\/vicepresidenta-encabezara-actividades-por-el-dia-nacional-de-republica-dominicana-en-expo-dubai-2020\/","og_site_name":"Rep. Dominicana | Noti-America.com","article_published_time":"2022-03-01T15:32:04+00:00","og_image":[{"width":1600,"height":1065,"url":"https:\/\/noti-america.com\/site\/repdom\/wp-content\/uploads\/sites\/6\/2022\/03\/Raquel-Pena.jpg","type":"image\/jpeg"}],"author":"Ad\u00e1n Soriano","twitter_card":"summary_large_image","twitter_creator":"@adansoriano","twitter_misc":{"Escrito por":"Ad\u00e1n Soriano","Tiempo estimado de lectura":"3 minutos"},"schema":{"@context":"https:\/\/schema.org","@graph":[{"@type":"Article","@id":"https:\/\/noti-america.com\/site\/repdom\/2022\/03\/01\/vicepresidenta-encabezara-actividades-por-el-dia-nacional-de-republica-dominicana-en-expo-dubai-2020\/#article","isPartOf":{"@id":"https:\/\/noti-america.com\/site\/repdom\/2022\/03\/01\/vicepresidenta-encabezara-actividades-por-el-dia-nacional-de-republica-dominicana-en-expo-dubai-2020\/"},"author":{"name":"Ad\u00e1n Soriano","@id":"https:\/\/noti-america.com\/site\/repdom\/#\/schema\/person\/fd0092c1530d275fabaa5cffcbc2b976"},"headline":"Vicepresidenta encabezar\u00e1 actividades por el D\u00eda Nacional de Rep\u00fablica Dominicana en Expo Dubai 2020","datePublished":"2022-03-01T15:32:04+00:00","mainEntityOfPage":{"@id":"https:\/\/noti-america.com\/site\/repdom\/2022\/03\/01\/vicepresidenta-encabezara-actividades-por-el-dia-nacional-de-republica-dominicana-en-expo-dubai-2020\/"},"wordCount":534,"commentCount":0,"publisher":{"@id":"https:\/\/noti-america.com\/site\/repdom\/#organization"},"image":{"@id":"https:\/\/noti-america.com\/site\/repdom\/2022\/03\/01\/vicepresidenta-encabezara-actividades-por-el-dia-nacional-de-republica-dominicana-en-expo-dubai-2020\/#primaryimage"},"thumbnailUrl":"https:\/\/noti-america.com\/site\/repdom\/wp-content\/uploads\/sites\/6\/2022\/03\/Raquel-Pena.jpg","keywords":["Expo Dubai 2020","Vicepresidenta Raquel Pe\u00f1a"],"articleSection":["Econom\u00eda"],"inLanguage":"es","potentialAction":[{"@type":"CommentAction","name":"Comment","target":["https:\/\/noti-america.com\/site\/repdom\/2022\/03\/01\/vicepresidenta-encabezara-actividades-por-el-dia-nacional-de-republica-dominicana-en-expo-dubai-2020\/#respond"]}]},{"@type":"WebPage","@id":"https:\/\/noti-america.com\/site\/repdom\/2022\/03\/01\/vicepresidenta-encabezara-actividades-por-el-dia-nacional-de-republica-dominicana-en-expo-dubai-2020\/","url":"https:\/\/noti-america.com\/site\/repdom\/2022\/03\/01\/vicepresidenta-encabezara-actividades-por-el-dia-nacional-de-republica-dominicana-en-expo-dubai-2020\/","name":"Vicepresidenta encabezar\u00e1 actividades por el D\u00eda Nacional de Rep\u00fablica Dominicana en Expo Dubai 2020 - Rep. Dominicana | Noti-America.com","isPartOf":{"@id":"https:\/\/noti-america.com\/site\/repdom\/#website"},"primaryImageOfPage":{"@id":"https:\/\/noti-america.com\/site\/repdom\/2022\/03\/01\/vicepresidenta-encabezara-actividades-por-el-dia-nacional-de-republica-dominicana-en-expo-dubai-2020\/#primaryimage"},"image":{"@id":"https:\/\/noti-america.com\/site\/repdom\/2022\/03\/01\/vicepresidenta-encabezara-actividades-por-el-dia-nacional-de-republica-dominicana-en-expo-dubai-2020\/#primaryimage"},"thumbnailUrl":"https:\/\/noti-america.com\/site\/repdom\/wp-content\/uploads\/sites\/6\/2022\/03\/Raquel-Pena.jpg","datePublished":"2022-03-01T15:32:04+00:00","breadcrumb":{"@id":"https:\/\/noti-america.com\/site\/repdom\/2022\/03\/01\/vicepresidenta-encabezara-actividades-por-el-dia-nacional-de-republica-dominicana-en-expo-dubai-2020\/#breadcrumb"},"inLanguage":"es","potentialAction":[{"@type":"ReadAction","target":["https:\/\/noti-america.com\/site\/repdom\/2022\/03\/01\/vicepresidenta-encabezara-actividades-por-el-dia-nacional-de-republica-dominicana-en-expo-dubai-2020\/"]}]},{"@type":"ImageObject","inLanguage":"es","@id":"https:\/\/noti-america.com\/site\/repdom\/2022\/03\/01\/vicepresidenta-encabezara-actividades-por-el-dia-nacional-de-republica-dominicana-en-expo-dubai-2020\/#primaryimage","url":"https:\/\/noti-america.com\/site\/repdom\/wp-content\/uploads\/sites\/6\/2022\/03\/Raquel-Pena.jpg","contentUrl":"https:\/\/noti-america.com\/site\/repdom\/wp-content\/uploads\/sites\/6\/2022\/03\/Raquel-Pena.jpg","width":1600,"height":1065},{"@type":"BreadcrumbList","@id":"https:\/\/noti-america.com\/site\/repdom\/2022\/03\/01\/vicepresidenta-encabezara-actividades-por-el-dia-nacional-de-republica-dominicana-en-expo-dubai-2020\/#breadcrumb","itemListElement":[{"@type":"ListItem","position":1,"name":"Portada","item":"https:\/\/noti-america.com\/site\/repdom\/"},{"@type":"ListItem","position":2,"name":"Vicepresidenta encabezar\u00e1 actividades por el D\u00eda Nacional de Rep\u00fablica Dominicana en Expo Dubai 2020"}]},{"@type":"WebSite","@id":"https:\/\/noti-america.com\/site\/repdom\/#website","url":"https:\/\/noti-america.com\/site\/repdom\/","name":"Rep. Dominicana | Noti-America.com","description":"","publisher":{"@id":"https:\/\/noti-america.com\/site\/repdom\/#organization"},"potentialAction":[{"@type":"SearchAction","target":{"@type":"EntryPoint","urlTemplate":"https:\/\/noti-america.com\/site\/repdom\/?s={search_term_string}"},"query-input":{"@type":"PropertyValueSpecification","valueRequired":true,"valueName":"search_term_string"}}],"inLanguage":"es"},{"@type":"Organization","@id":"https:\/\/noti-america.com\/site\/repdom\/#organization","name":"Noti-America LLC | Rep\u00fablica Dominicana","url":"https:\/\/noti-america.com\/site\/repdom\/","logo":{"@type":"ImageObject","inLanguage":"es","@id":"https:\/\/noti-america.com\/site\/repdom\/#\/schema\/logo\/image\/","url":"https:\/\/noti-america.com\/site\/repdom\/wp-content\/uploads\/sites\/6\/2020\/07\/LogoNA-4x3-1.jpg","contentUrl":"https:\/\/noti-america.com\/site\/repdom\/wp-content\/uploads\/sites\/6\/2020\/07\/LogoNA-4x3-1.jpg","width":1236,"height":1080,"caption":"Noti-America LLC | Rep\u00fablica Dominicana"},"image":{"@id":"https:\/\/noti-america.com\/site\/repdom\/#\/schema\/logo\/image\/"}},{"@type":"Person","@id":"https:\/\/noti-america.com\/site\/repdom\/#\/schema\/person\/fd0092c1530d275fabaa5cffcbc2b976","name":"Ad\u00e1n Soriano","image":{"@type":"ImageObject","inLanguage":"es","@id":"https:\/\/secure.gravatar.com\/avatar\/ecf97ff3aee7ff9efdae670d7e976f3e7e8acc1077e510d73707999a8bfd4467?s=96&d=mm&r=g","url":"https:\/\/secure.gravatar.com\/avatar\/ecf97ff3aee7ff9efdae670d7e976f3e7e8acc1077e510d73707999a8bfd4467?s=96&d=mm&r=g","contentUrl":"https:\/\/secure.gravatar.com\/avatar\/ecf97ff3aee7ff9efdae670d7e976f3e7e8acc1077e510d73707999a8bfd4467?s=96&d=mm&r=g","caption":"Ad\u00e1n Soriano"},"description":"Soy cronista deportivo con 10 a\u00f1os de experiencia en varios espacios, y conduzco el podcast deportivo llamado Mezcla Deportiva","sameAs":["https:\/\/x.com\/adansoriano"],"url":"https:\/\/noti-america.com\/site\/repdom\/author\/asoriano\/"}]}},"_links":{"self":[{"href":"https:\/\/noti-america.com\/site\/repdom\/wp-json\/wp\/v2\/posts\/16592","targetHints":{"allow":["GET"]}}],"collection":[{"href":"https:\/\/noti-america.com\/site\/repdom\/wp-json\/wp\/v2\/posts"}],"about":[{"href":"https:\/\/noti-america.com\/site\/repdom\/wp-json\/wp\/v2\/types\/post"}],"author":[{"embeddable":true,"href":"https:\/\/noti-america.com\/site\/repdom\/wp-json\/wp\/v2\/users\/89"}],"replies":[{"embeddable":true,"href":"https:\/\/noti-america.com\/site\/repdom\/wp-json\/wp\/v2\/comments?post=16592"}],"version-history":[{"count":1,"href":"https:\/\/noti-america.com\/site\/repdom\/wp-json\/wp\/v2\/posts\/16592\/revisions"}],"predecessor-version":[{"id":16594,"href":"https:\/\/noti-america.com\/site\/repdom\/wp-json\/wp\/v2\/posts\/16592\/revisions\/16594"}],"wp:featuredmedia":[{"embeddable":true,"href":"https:\/\/noti-america.com\/site\/repdom\/wp-json\/wp\/v2\/media\/16593"}],"wp:attachment":[{"href":"https:\/\/noti-america.com\/site\/repdom\/wp-json\/wp\/v2\/media?parent=16592"}],"wp:term":[{"taxonomy":"category","embeddable":true,"href":"https:\/\/noti-america.com\/site\/repdom\/wp-json\/wp\/v2\/categories?post=16592"},{"taxonomy":"post_tag","embeddable":true,"href":"https:\/\/noti-america.com\/site\/repdom\/wp-json\/wp\/v2\/tags?post=16592"}],"curies":[{"name":"wp","href":"https:\/\/api.w.org\/{rel}","templated":true}]}}