{"id":15805,"date":"2022-01-26T05:10:41","date_gmt":"2022-01-26T05:10:41","guid":{"rendered":"https:\/\/noti-america.com\/site\/repdom\/?p=15805"},"modified":"2022-01-26T05:10:41","modified_gmt":"2022-01-26T05:10:41","slug":"david-ortiz-es-electo-al-nicho-de-los-inmortales-en-cooperstown","status":"publish","type":"post","link":"https:\/\/noti-america.com\/site\/repdom\/2022\/01\/26\/david-ortiz-es-electo-al-nicho-de-los-inmortales-en-cooperstown\/","title":{"rendered":"David Ortiz es electo al nicho de los inmortales en Cooperstown"},"content":{"rendered":"<div style=\"width: 320px;\" class=\"wp-video\"><video class=\"wp-video-shortcode\" id=\"video-15805-1\" width=\"320\" height=\"320\" preload=\"metadata\" controls=\"controls\"><source type=\"video\/mp4\" src=\"https:\/\/noti-america.com\/site\/repdom\/wp-content\/uploads\/sites\/6\/2022\/01\/Cooperstown_is_calling1.mp4?_=1\" \/><a href=\"https:\/\/noti-america.com\/site\/repdom\/wp-content\/uploads\/sites\/6\/2022\/01\/Cooperstown_is_calling1.mp4\">https:\/\/noti-america.com\/site\/repdom\/wp-content\/uploads\/sites\/6\/2022\/01\/Cooperstown_is_calling1.mp4<\/a><\/video><\/div>\n<div class=\"Styles__StoryPartContainer-sc-1mfrmm0-0 groqnz story-part markdown\">\n<div class=\"Styles__MarkdownContainer-dxqlie-0 eJdqRG\">\n<p style=\"text-align: justify\">NUEVA YORK &#8211; David Ortiz fue elegido al Sal\u00f3n de la Fama en su primera aparici\u00f3n en la papeleta, mientras que Barry Bonds y Roger Clemens perdieron su \u00faltima oportunidad de ser votados como miembros del recinto.<\/p>\n<\/div>\n<\/div>\n<div class=\"Styles__StoryPartContainer-sc-1mfrmm0-0 groqnz story-part markdown\">\n<div class=\"Styles__MarkdownContainer-dxqlie-0 eJdqRG\">\n<p style=\"text-align: justify\">Ortiz, toletero dominicano elegido 10 veces al Juego de Estrellas durante su carrera fulgurante de 20 campa\u00f1as, la mayor\u00eda con los Medias Rojas de Boston, fue mencionado en el 77,9% de las papeletas, de acuerdo con los resultados revelados el martes por la Asociaci\u00f3n de Cronistas de B\u00e9isbol de Norteam\u00e9rica (BBWAA por sus siglas en ingl\u00e9s).<\/p>\n<p style=\"text-align: justify\">Con ello, super\u00f3 el m\u00ednimo requerido del 75% de apoyo para su entronizaci\u00f3n. Es el cuarto pelotero que se desempe\u00f1\u00f3 principalmente como bateador designado y que ingresar\u00e1 en el recinto.<\/p>\n<div class=\"Styles__StoryPartContainer-sc-1mfrmm0-0 groqnz story-part markdown\" style=\"text-align: justify\">\n<div class=\"Styles__MarkdownContainer-dxqlie-0 eJdqRG\">\n<p>\u201cEstoy realmente honrado y bendecido por mi elecci\u00f3n al Sal\u00f3n de la Fama, el mayor honor que un pelotero puede recibir en su vida\u201d, dijo Ortiz en un comunicado que difundieron los Medias Rojas.<\/p>\n<\/div>\n<\/div>\n<div class=\"Styles__StoryPartContainer-sc-1mfrmm0-0 groqnz story-part markdown\">\n<div class=\"Styles__MarkdownContainer-dxqlie-0 eJdqRG\">\n<p style=\"text-align: justify\">\u201cBig Papi\u201d se une a Juan Marichal, Pedro Mart\u00ednez y Vladimir Guerrero padre para dejar en cuatro la cifra de peloteros dominicanos en Cooperstown. Ortiz compareci\u00f3 en MLB Networks con una camisa de estampado floral y colores brillantes.<\/p>\n<div class=\"Styles__StoryPartContainer-sc-1mfrmm0-0 groqnz story-part markdown\" style=\"text-align: justify\">\n<div class=\"Styles__MarkdownContainer-dxqlie-0 eJdqRG\">\n<p>Iba acompa\u00f1ado por Mart\u00ednez.<\/p>\n<\/div>\n<\/div>\n<div class=\"Styles__StoryPartContainer-sc-1mfrmm0-0 groqnz story-part markdown\">\n<div class=\"Styles__MarkdownContainer-dxqlie-0 eJdqRG\">\n<p style=\"text-align: justify\">\u201cPara un chiquillo de Santo Domingo, siempre so\u00f1\u00e9 en jugar pelota profesional\u201d, manifest\u00f3 Ortiz.<\/p>\n<div class=\"Styles__StoryPartContainer-sc-1mfrmm0-0 groqnz story-part markdown\" style=\"text-align: justify\">\n<div class=\"Styles__MarkdownContainer-dxqlie-0 eJdqRG\">\n<p>Con su amplia sonrisa y carisma, \u201cBig Papi\u201d fue uno de los referentes del b\u00e9isbol durante las d\u00e9cadas de 2000 y 2010, gan\u00e1ndose el cari\u00f1o de fan\u00e1ticos propios y extra\u00f1os. En contraste, su corpulenta presencia f\u00edsica intimidaba a los lanzadores, y tuvo un don innato para hacerse sentir en los \u00faltimos innings.<\/p>\n<\/div>\n<\/div>\n<div class=\"Styles__StoryPartContainer-sc-1mfrmm0-0 groqnz story-part markdown\">\n<div class=\"Styles__MarkdownContainer-dxqlie-0 eJdqRG\">\n<p style=\"text-align: justify\">Totaliz\u00f3 23 hits que sentenciaron juegos, incluyendo tres durante la postemporada del 2004 en la que Boston exorciz\u00f3 una maldici\u00f3n de 86 a\u00f1os sin conquistar la Serie Mundial.<\/p>\n<div class=\"Styles__StoryPartContainer-sc-1mfrmm0-0 groqnz story-part markdown\" style=\"text-align: justify\">\n<div class=\"Styles__MarkdownContainer-dxqlie-0 eJdqRG\">\n<p>Ortiz bate\u00f3 para .286 y conect\u00f3 541 jonrones con Boston y Minnesota. El 88% de sus apariciones al plato fueron como bateador designado, la mayor cantidad de alguien en el Sal\u00f3n de la Fama. Deja atr\u00e1s al puertorrique\u00f1o Edgar Mart\u00ednez, quien fue un designado en el 71.7% de sus apariciones. Frank Thomas y Harold Baines son los otros exaltados que se desempe\u00f1aron como designados la mayor parte.<\/p>\n<\/div>\n<\/div>\n<div class=\"Styles__StoryPartContainer-sc-1mfrmm0-0 groqnz story-part markdown\">\n<div class=\"Styles__MarkdownContainer-dxqlie-0 eJdqRG\">\n<p style=\"text-align: justify\">Pero qued\u00f3 exento de los esc\u00e1ndalos por sustancias dopantes. Al final de cuentas, sin embargo, un bloque amplio de votantes pas\u00f3 por alto el resultado positivo detectado en una serie de pruebas en 2003 que se supon\u00eda se mantendr\u00edan en el anonimato.<\/p>\n<div class=\"Styles__StoryPartContainer-sc-1mfrmm0-0 groqnz story-part markdown\" style=\"text-align: justify\">\n<div class=\"Styles__MarkdownContainer-dxqlie-0 eJdqRG\">\n<p>Ortiz siempre ha negado que haya consumido esteroides. Adem\u00e1s, el comisionado Rob Manfred afirm\u00f3 en el 2016 que le parec\u00eda \u201cmal\u201d\u00a0excluirle del Sal\u00f3n de la Fama en base a esa solitaria prueba.<\/p>\n<\/div>\n<\/div>\n<div class=\"Styles__StoryPartContainer-sc-1mfrmm0-0 groqnz story-part markdown\">\n<div class=\"Styles__MarkdownContainer-dxqlie-0 eJdqRG\">\n<p style=\"text-align: justify\">El tres veces campe\u00f3n de la Serie Mundial se ha mantenido en el candelero tras retirarse. Se ha desempe\u00f1ado como analista de la cadena Fox Sports durante la postemporada.<\/p>\n<div class=\"Styles__StoryPartContainer-sc-1mfrmm0-0 groqnz story-part markdown\" style=\"text-align: justify\">\n<div class=\"Styles__MarkdownContainer-dxqlie-0 eJdqRG\">\n<p>Fue hospitalizado en 2019 tras ser baleado en la Rep\u00fablica Dominicana. Su recuperaci\u00f3n requiri\u00f3 de tres cirug\u00edas, y los doctores le extirparon la ves\u00edcula y partes de sus intestinos y el colon.<\/p>\n<\/div>\n<\/div>\n<div class=\"Styles__StoryPartContainer-sc-1mfrmm0-0 groqnz story-part markdown\">\n<div class=\"Styles__MarkdownContainer-dxqlie-0 eJdqRG\">\n<p style=\"text-align: justify\">Ortiz ser\u00e1 exaltado en el museo de Cooperstown, en el norte del estado de Nueva York, el 24 de julio, junto a los cubanos Minnie Mi\u00f1oso y Tony Oliva, adem\u00e1s de Buck O&#8217;Neil, Gil Hodges, Jim Kaat y Bud Fowler, seleccionados por los comit\u00e9s de las eras.<\/p>\n<div class=\"Styles__StoryPartContainer-sc-1mfrmm0-0 groqnz story-part markdown\" style=\"text-align: justify\">\n<div class=\"Styles__MarkdownContainer-dxqlie-0 eJdqRG\">\n<p>En el recinto no estar\u00e1 Clemens, ni Bonds, ni Curt Schilling. Los tres se quedaron por debajo del respaldo requerido, en su d\u00e9cimo y \u00faltimo a\u00f1o en la papeleta de la BBWAA.<\/p>\n<\/div>\n<\/div>\n<div class=\"Styles__StoryPartContainer-sc-1mfrmm0-0 groqnz story-part markdown\" style=\"text-align: justify\">\n<div class=\"Styles__MarkdownContainer-dxqlie-0 eJdqRG\">\n<p>Bonds es el m\u00e1ximo jonronero en la historia de las Grandes Ligas y Clemens impuso un r\u00e9cord con siete premios Cy Young. Los votantes les negaron el m\u00e1ximo honor en el b\u00e9isbol ante las sospechas de que consumieron drogas para mejorar su desempe\u00f1o.<\/p>\n<\/div>\n<\/div>\n<div class=\"Styles__StoryPartContainer-sc-1mfrmm0-0 groqnz story-part markdown\" style=\"text-align: justify\">\n<div class=\"Styles__MarkdownContainer-dxqlie-0 eJdqRG\">\n<p>Bonds obtuvo el 66% de los votos y Clemens el 65.2%.<\/p>\n<\/div>\n<\/div>\n<div class=\"Styles__StoryPartContainer-sc-1mfrmm0-0 groqnz story-part markdown\" style=\"text-align: justify\">\n<div class=\"Styles__MarkdownContainer-dxqlie-0 eJdqRG\">\n<p>El apoyo para Schilling cay\u00f3 abruptamente despu\u00e9s del 2021, cuando se qued\u00f3 a 16 votos de la entronizaci\u00f3n.<\/p>\n<\/div>\n<\/div>\n<div class=\"Styles__StoryPartContainer-sc-1mfrmm0-0 groqnz story-part markdown\">\n<div class=\"Styles__MarkdownContainer-dxqlie-0 eJdqRG\">\n<p style=\"text-align: justify\">Muchos votantes le retiraron el apoyo al lanzador derecho ante las declaraciones intolerantes que ha hecho en el retiro contra los musulmanes, las personas transg\u00e9nero, los periodistas y otros grupos.<\/p>\n<p style=\"text-align: justify\"><strong>Fuente: AP<\/strong><\/p>\n<\/div>\n<\/div>\n<\/div>\n<\/div>\n<\/div>\n<\/div>\n<\/div>\n<\/div>\n<\/div>\n<\/div>\n<\/div>\n<\/div>\n<\/div>\n<\/div>\n<\/div>\n<\/div>\n","protected":false},"excerpt":{"rendered":"<p>NUEVA YORK &#8211; David Ortiz fue elegido al Sal\u00f3n de la Fama en su primera aparici\u00f3n en la papeleta, mientras que Barry Bonds y Roger Clemens perdieron su \u00faltima oportunidad de ser votados como&#46;&#46;&#46;<\/p>\n","protected":false},"author":89,"featured_media":15807,"comment_status":"open","ping_status":"open","sticky":false,"template":"","format":"standard","meta":{"_acf_changed":false,"rop_custom_images_group":[],"rop_custom_messages_group":[],"rop_publish_now":"initial","rop_publish_now_accounts":[],"rop_publish_now_history":[],"rop_publish_now_status":"pending","footnotes":""},"categories":[1726,16],"tags":[273,124,127,123],"class_list":["post-15805","post","type-post","status-publish","format-standard","has-post-thumbnail","hentry","category-beisbol","category-deportes","tag-boston-red-sox","tag-david-ortiz","tag-major-league-baseball","tag-peloteros-dominicanos"],"acf":[],"yoast_head":"<!-- This site is optimized with the Yoast SEO Premium plugin v24.9 (Yoast SEO v27.2) - https:\/\/yoast.com\/product\/yoast-seo-premium-wordpress\/ -->\n<title>David Ortiz es electo al nicho de los inmortales en Cooperstown - Rep. Dominicana | Noti-America.com<\/title>\n<meta name=\"robots\" content=\"index, follow, max-snippet:-1, max-image-preview:large, max-video-preview:-1\" \/>\n<link rel=\"canonical\" href=\"https:\/\/noti-america.com\/site\/repdom\/2022\/01\/26\/david-ortiz-es-electo-al-nicho-de-los-inmortales-en-cooperstown\/\" \/>\n<meta property=\"og:locale\" content=\"es_ES\" \/>\n<meta property=\"og:type\" content=\"article\" \/>\n<meta property=\"og:title\" content=\"David Ortiz es electo al nicho de los inmortales en Cooperstown\" \/>\n<meta property=\"og:description\" content=\"NUEVA YORK &#8211; David Ortiz fue elegido al Sal\u00f3n de la Fama en su primera aparici\u00f3n en la papeleta, mientras que Barry Bonds y Roger Clemens perdieron su \u00faltima oportunidad de ser votados como&#046;&#046;&#046;\" \/>\n<meta property=\"og:url\" content=\"https:\/\/noti-america.com\/site\/repdom\/2022\/01\/26\/david-ortiz-es-electo-al-nicho-de-los-inmortales-en-cooperstown\/\" \/>\n<meta property=\"og:site_name\" content=\"Rep. Dominicana | Noti-America.com\" \/>\n<meta property=\"article:published_time\" content=\"2022-01-26T05:10:41+00:00\" \/>\n<meta property=\"og:image\" content=\"https:\/\/noti-america.com\/site\/repdom\/wp-content\/uploads\/sites\/6\/2022\/01\/IMG_20220125_2230261-scaled.jpg\" \/>\n\t<meta property=\"og:image:width\" content=\"2560\" \/>\n\t<meta property=\"og:image:height\" content=\"1191\" \/>\n\t<meta property=\"og:image:type\" content=\"image\/jpeg\" \/>\n<meta name=\"author\" content=\"Ad\u00e1n Soriano\" \/>\n<meta name=\"twitter:card\" content=\"summary_large_image\" \/>\n<meta name=\"twitter:creator\" content=\"@adansoriano\" \/>\n<meta name=\"twitter:label1\" content=\"Escrito por\" \/>\n\t<meta name=\"twitter:data1\" content=\"Ad\u00e1n Soriano\" \/>\n\t<meta name=\"twitter:label2\" content=\"Tiempo estimado de lectura\" \/>\n\t<meta name=\"twitter:data2\" content=\"4 minutos\" \/>\n<script type=\"application\/ld+json\" class=\"yoast-schema-graph\">{\"@context\":\"https:\/\/schema.org\",\"@graph\":[{\"@type\":\"Article\",\"@id\":\"https:\/\/noti-america.com\/site\/repdom\/2022\/01\/26\/david-ortiz-es-electo-al-nicho-de-los-inmortales-en-cooperstown\/#article\",\"isPartOf\":{\"@id\":\"https:\/\/noti-america.com\/site\/repdom\/2022\/01\/26\/david-ortiz-es-electo-al-nicho-de-los-inmortales-en-cooperstown\/\"},\"author\":{\"name\":\"Ad\u00e1n Soriano\",\"@id\":\"https:\/\/noti-america.com\/site\/repdom\/#\/schema\/person\/fd0092c1530d275fabaa5cffcbc2b976\"},\"headline\":\"David Ortiz es electo al nicho de los inmortales en Cooperstown\",\"datePublished\":\"2022-01-26T05:10:41+00:00\",\"mainEntityOfPage\":{\"@id\":\"https:\/\/noti-america.com\/site\/repdom\/2022\/01\/26\/david-ortiz-es-electo-al-nicho-de-los-inmortales-en-cooperstown\/\"},\"wordCount\":741,\"commentCount\":0,\"publisher\":{\"@id\":\"https:\/\/noti-america.com\/site\/repdom\/#organization\"},\"image\":{\"@id\":\"https:\/\/noti-america.com\/site\/repdom\/2022\/01\/26\/david-ortiz-es-electo-al-nicho-de-los-inmortales-en-cooperstown\/#primaryimage\"},\"thumbnailUrl\":\"https:\/\/noti-america.com\/site\/repdom\/wp-content\/uploads\/sites\/6\/2022\/01\/IMG_20220125_2230261-scaled.jpg\",\"keywords\":[\"Boston Red Sox\",\"David Ortiz\",\"Major League Baseball\",\"Peloteros Dominicanos\"],\"articleSection\":[\"Beisbol\",\"Deportes\"],\"inLanguage\":\"es\",\"potentialAction\":[{\"@type\":\"CommentAction\",\"name\":\"Comment\",\"target\":[\"https:\/\/noti-america.com\/site\/repdom\/2022\/01\/26\/david-ortiz-es-electo-al-nicho-de-los-inmortales-en-cooperstown\/#respond\"]}]},{\"@type\":\"WebPage\",\"@id\":\"https:\/\/noti-america.com\/site\/repdom\/2022\/01\/26\/david-ortiz-es-electo-al-nicho-de-los-inmortales-en-cooperstown\/\",\"url\":\"https:\/\/noti-america.com\/site\/repdom\/2022\/01\/26\/david-ortiz-es-electo-al-nicho-de-los-inmortales-en-cooperstown\/\",\"name\":\"David Ortiz es electo al nicho de los inmortales en Cooperstown - Rep. Dominicana | Noti-America.com\",\"isPartOf\":{\"@id\":\"https:\/\/noti-america.com\/site\/repdom\/#website\"},\"primaryImageOfPage\":{\"@id\":\"https:\/\/noti-america.com\/site\/repdom\/2022\/01\/26\/david-ortiz-es-electo-al-nicho-de-los-inmortales-en-cooperstown\/#primaryimage\"},\"image\":{\"@id\":\"https:\/\/noti-america.com\/site\/repdom\/2022\/01\/26\/david-ortiz-es-electo-al-nicho-de-los-inmortales-en-cooperstown\/#primaryimage\"},\"thumbnailUrl\":\"https:\/\/noti-america.com\/site\/repdom\/wp-content\/uploads\/sites\/6\/2022\/01\/IMG_20220125_2230261-scaled.jpg\",\"datePublished\":\"2022-01-26T05:10:41+00:00\",\"breadcrumb\":{\"@id\":\"https:\/\/noti-america.com\/site\/repdom\/2022\/01\/26\/david-ortiz-es-electo-al-nicho-de-los-inmortales-en-cooperstown\/#breadcrumb\"},\"inLanguage\":\"es\",\"potentialAction\":[{\"@type\":\"ReadAction\",\"target\":[\"https:\/\/noti-america.com\/site\/repdom\/2022\/01\/26\/david-ortiz-es-electo-al-nicho-de-los-inmortales-en-cooperstown\/\"]}]},{\"@type\":\"ImageObject\",\"inLanguage\":\"es\",\"@id\":\"https:\/\/noti-america.com\/site\/repdom\/2022\/01\/26\/david-ortiz-es-electo-al-nicho-de-los-inmortales-en-cooperstown\/#primaryimage\",\"url\":\"https:\/\/noti-america.com\/site\/repdom\/wp-content\/uploads\/sites\/6\/2022\/01\/IMG_20220125_2230261-scaled.jpg\",\"contentUrl\":\"https:\/\/noti-america.com\/site\/repdom\/wp-content\/uploads\/sites\/6\/2022\/01\/IMG_20220125_2230261-scaled.jpg\",\"width\":2560,\"height\":1191},{\"@type\":\"BreadcrumbList\",\"@id\":\"https:\/\/noti-america.com\/site\/repdom\/2022\/01\/26\/david-ortiz-es-electo-al-nicho-de-los-inmortales-en-cooperstown\/#breadcrumb\",\"itemListElement\":[{\"@type\":\"ListItem\",\"position\":1,\"name\":\"Portada\",\"item\":\"https:\/\/noti-america.com\/site\/repdom\/\"},{\"@type\":\"ListItem\",\"position\":2,\"name\":\"David Ortiz es electo al nicho de los inmortales en Cooperstown\"}]},{\"@type\":\"WebSite\",\"@id\":\"https:\/\/noti-america.com\/site\/repdom\/#website\",\"url\":\"https:\/\/noti-america.com\/site\/repdom\/\",\"name\":\"Rep. Dominicana | Noti-America.com\",\"description\":\"\",\"publisher\":{\"@id\":\"https:\/\/noti-america.com\/site\/repdom\/#organization\"},\"potentialAction\":[{\"@type\":\"SearchAction\",\"target\":{\"@type\":\"EntryPoint\",\"urlTemplate\":\"https:\/\/noti-america.com\/site\/repdom\/?s={search_term_string}\"},\"query-input\":{\"@type\":\"PropertyValueSpecification\",\"valueRequired\":true,\"valueName\":\"search_term_string\"}}],\"inLanguage\":\"es\"},{\"@type\":\"Organization\",\"@id\":\"https:\/\/noti-america.com\/site\/repdom\/#organization\",\"name\":\"Noti-America LLC | Rep\u00fablica Dominicana\",\"url\":\"https:\/\/noti-america.com\/site\/repdom\/\",\"logo\":{\"@type\":\"ImageObject\",\"inLanguage\":\"es\",\"@id\":\"https:\/\/noti-america.com\/site\/repdom\/#\/schema\/logo\/image\/\",\"url\":\"https:\/\/noti-america.com\/site\/repdom\/wp-content\/uploads\/sites\/6\/2020\/07\/LogoNA-4x3-1.jpg\",\"contentUrl\":\"https:\/\/noti-america.com\/site\/repdom\/wp-content\/uploads\/sites\/6\/2020\/07\/LogoNA-4x3-1.jpg\",\"width\":1236,\"height\":1080,\"caption\":\"Noti-America LLC | Rep\u00fablica Dominicana\"},\"image\":{\"@id\":\"https:\/\/noti-america.com\/site\/repdom\/#\/schema\/logo\/image\/\"}},{\"@type\":\"Person\",\"@id\":\"https:\/\/noti-america.com\/site\/repdom\/#\/schema\/person\/fd0092c1530d275fabaa5cffcbc2b976\",\"name\":\"Ad\u00e1n Soriano\",\"image\":{\"@type\":\"ImageObject\",\"inLanguage\":\"es\",\"@id\":\"https:\/\/secure.gravatar.com\/avatar\/ecf97ff3aee7ff9efdae670d7e976f3e7e8acc1077e510d73707999a8bfd4467?s=96&d=mm&r=g\",\"url\":\"https:\/\/secure.gravatar.com\/avatar\/ecf97ff3aee7ff9efdae670d7e976f3e7e8acc1077e510d73707999a8bfd4467?s=96&d=mm&r=g\",\"contentUrl\":\"https:\/\/secure.gravatar.com\/avatar\/ecf97ff3aee7ff9efdae670d7e976f3e7e8acc1077e510d73707999a8bfd4467?s=96&d=mm&r=g\",\"caption\":\"Ad\u00e1n Soriano\"},\"description\":\"Soy cronista deportivo con 10 a\u00f1os de experiencia en varios espacios, y conduzco el podcast deportivo llamado Mezcla Deportiva\",\"sameAs\":[\"https:\/\/x.com\/adansoriano\"],\"url\":\"https:\/\/noti-america.com\/site\/repdom\/author\/asoriano\/\"}]}<\/script>\n<!-- \/ Yoast SEO Premium plugin. -->","yoast_head_json":{"title":"David Ortiz es electo al nicho de los inmortales en Cooperstown - Rep. Dominicana | Noti-America.com","robots":{"index":"index","follow":"follow","max-snippet":"max-snippet:-1","max-image-preview":"max-image-preview:large","max-video-preview":"max-video-preview:-1"},"canonical":"https:\/\/noti-america.com\/site\/repdom\/2022\/01\/26\/david-ortiz-es-electo-al-nicho-de-los-inmortales-en-cooperstown\/","og_locale":"es_ES","og_type":"article","og_title":"David Ortiz es electo al nicho de los inmortales en Cooperstown","og_description":"NUEVA YORK &#8211; David Ortiz fue elegido al Sal\u00f3n de la Fama en su primera aparici\u00f3n en la papeleta, mientras que Barry Bonds y Roger Clemens perdieron su \u00faltima oportunidad de ser votados como&#46;&#46;&#46;","og_url":"https:\/\/noti-america.com\/site\/repdom\/2022\/01\/26\/david-ortiz-es-electo-al-nicho-de-los-inmortales-en-cooperstown\/","og_site_name":"Rep. Dominicana | Noti-America.com","article_published_time":"2022-01-26T05:10:41+00:00","og_image":[{"width":2560,"height":1191,"url":"https:\/\/noti-america.com\/site\/repdom\/wp-content\/uploads\/sites\/6\/2022\/01\/IMG_20220125_2230261-scaled.jpg","type":"image\/jpeg"}],"author":"Ad\u00e1n Soriano","twitter_card":"summary_large_image","twitter_creator":"@adansoriano","twitter_misc":{"Escrito por":"Ad\u00e1n Soriano","Tiempo estimado de lectura":"4 minutos"},"schema":{"@context":"https:\/\/schema.org","@graph":[{"@type":"Article","@id":"https:\/\/noti-america.com\/site\/repdom\/2022\/01\/26\/david-ortiz-es-electo-al-nicho-de-los-inmortales-en-cooperstown\/#article","isPartOf":{"@id":"https:\/\/noti-america.com\/site\/repdom\/2022\/01\/26\/david-ortiz-es-electo-al-nicho-de-los-inmortales-en-cooperstown\/"},"author":{"name":"Ad\u00e1n Soriano","@id":"https:\/\/noti-america.com\/site\/repdom\/#\/schema\/person\/fd0092c1530d275fabaa5cffcbc2b976"},"headline":"David Ortiz es electo al nicho de los inmortales en Cooperstown","datePublished":"2022-01-26T05:10:41+00:00","mainEntityOfPage":{"@id":"https:\/\/noti-america.com\/site\/repdom\/2022\/01\/26\/david-ortiz-es-electo-al-nicho-de-los-inmortales-en-cooperstown\/"},"wordCount":741,"commentCount":0,"publisher":{"@id":"https:\/\/noti-america.com\/site\/repdom\/#organization"},"image":{"@id":"https:\/\/noti-america.com\/site\/repdom\/2022\/01\/26\/david-ortiz-es-electo-al-nicho-de-los-inmortales-en-cooperstown\/#primaryimage"},"thumbnailUrl":"https:\/\/noti-america.com\/site\/repdom\/wp-content\/uploads\/sites\/6\/2022\/01\/IMG_20220125_2230261-scaled.jpg","keywords":["Boston Red Sox","David Ortiz","Major League Baseball","Peloteros Dominicanos"],"articleSection":["Beisbol","Deportes"],"inLanguage":"es","potentialAction":[{"@type":"CommentAction","name":"Comment","target":["https:\/\/noti-america.com\/site\/repdom\/2022\/01\/26\/david-ortiz-es-electo-al-nicho-de-los-inmortales-en-cooperstown\/#respond"]}]},{"@type":"WebPage","@id":"https:\/\/noti-america.com\/site\/repdom\/2022\/01\/26\/david-ortiz-es-electo-al-nicho-de-los-inmortales-en-cooperstown\/","url":"https:\/\/noti-america.com\/site\/repdom\/2022\/01\/26\/david-ortiz-es-electo-al-nicho-de-los-inmortales-en-cooperstown\/","name":"David Ortiz es electo al nicho de los inmortales en Cooperstown - Rep. Dominicana | Noti-America.com","isPartOf":{"@id":"https:\/\/noti-america.com\/site\/repdom\/#website"},"primaryImageOfPage":{"@id":"https:\/\/noti-america.com\/site\/repdom\/2022\/01\/26\/david-ortiz-es-electo-al-nicho-de-los-inmortales-en-cooperstown\/#primaryimage"},"image":{"@id":"https:\/\/noti-america.com\/site\/repdom\/2022\/01\/26\/david-ortiz-es-electo-al-nicho-de-los-inmortales-en-cooperstown\/#primaryimage"},"thumbnailUrl":"https:\/\/noti-america.com\/site\/repdom\/wp-content\/uploads\/sites\/6\/2022\/01\/IMG_20220125_2230261-scaled.jpg","datePublished":"2022-01-26T05:10:41+00:00","breadcrumb":{"@id":"https:\/\/noti-america.com\/site\/repdom\/2022\/01\/26\/david-ortiz-es-electo-al-nicho-de-los-inmortales-en-cooperstown\/#breadcrumb"},"inLanguage":"es","potentialAction":[{"@type":"ReadAction","target":["https:\/\/noti-america.com\/site\/repdom\/2022\/01\/26\/david-ortiz-es-electo-al-nicho-de-los-inmortales-en-cooperstown\/"]}]},{"@type":"ImageObject","inLanguage":"es","@id":"https:\/\/noti-america.com\/site\/repdom\/2022\/01\/26\/david-ortiz-es-electo-al-nicho-de-los-inmortales-en-cooperstown\/#primaryimage","url":"https:\/\/noti-america.com\/site\/repdom\/wp-content\/uploads\/sites\/6\/2022\/01\/IMG_20220125_2230261-scaled.jpg","contentUrl":"https:\/\/noti-america.com\/site\/repdom\/wp-content\/uploads\/sites\/6\/2022\/01\/IMG_20220125_2230261-scaled.jpg","width":2560,"height":1191},{"@type":"BreadcrumbList","@id":"https:\/\/noti-america.com\/site\/repdom\/2022\/01\/26\/david-ortiz-es-electo-al-nicho-de-los-inmortales-en-cooperstown\/#breadcrumb","itemListElement":[{"@type":"ListItem","position":1,"name":"Portada","item":"https:\/\/noti-america.com\/site\/repdom\/"},{"@type":"ListItem","position":2,"name":"David Ortiz es electo al nicho de los inmortales en Cooperstown"}]},{"@type":"WebSite","@id":"https:\/\/noti-america.com\/site\/repdom\/#website","url":"https:\/\/noti-america.com\/site\/repdom\/","name":"Rep. Dominicana | Noti-America.com","description":"","publisher":{"@id":"https:\/\/noti-america.com\/site\/repdom\/#organization"},"potentialAction":[{"@type":"SearchAction","target":{"@type":"EntryPoint","urlTemplate":"https:\/\/noti-america.com\/site\/repdom\/?s={search_term_string}"},"query-input":{"@type":"PropertyValueSpecification","valueRequired":true,"valueName":"search_term_string"}}],"inLanguage":"es"},{"@type":"Organization","@id":"https:\/\/noti-america.com\/site\/repdom\/#organization","name":"Noti-America LLC | Rep\u00fablica Dominicana","url":"https:\/\/noti-america.com\/site\/repdom\/","logo":{"@type":"ImageObject","inLanguage":"es","@id":"https:\/\/noti-america.com\/site\/repdom\/#\/schema\/logo\/image\/","url":"https:\/\/noti-america.com\/site\/repdom\/wp-content\/uploads\/sites\/6\/2020\/07\/LogoNA-4x3-1.jpg","contentUrl":"https:\/\/noti-america.com\/site\/repdom\/wp-content\/uploads\/sites\/6\/2020\/07\/LogoNA-4x3-1.jpg","width":1236,"height":1080,"caption":"Noti-America LLC | Rep\u00fablica Dominicana"},"image":{"@id":"https:\/\/noti-america.com\/site\/repdom\/#\/schema\/logo\/image\/"}},{"@type":"Person","@id":"https:\/\/noti-america.com\/site\/repdom\/#\/schema\/person\/fd0092c1530d275fabaa5cffcbc2b976","name":"Ad\u00e1n Soriano","image":{"@type":"ImageObject","inLanguage":"es","@id":"https:\/\/secure.gravatar.com\/avatar\/ecf97ff3aee7ff9efdae670d7e976f3e7e8acc1077e510d73707999a8bfd4467?s=96&d=mm&r=g","url":"https:\/\/secure.gravatar.com\/avatar\/ecf97ff3aee7ff9efdae670d7e976f3e7e8acc1077e510d73707999a8bfd4467?s=96&d=mm&r=g","contentUrl":"https:\/\/secure.gravatar.com\/avatar\/ecf97ff3aee7ff9efdae670d7e976f3e7e8acc1077e510d73707999a8bfd4467?s=96&d=mm&r=g","caption":"Ad\u00e1n Soriano"},"description":"Soy cronista deportivo con 10 a\u00f1os de experiencia en varios espacios, y conduzco el podcast deportivo llamado Mezcla Deportiva","sameAs":["https:\/\/x.com\/adansoriano"],"url":"https:\/\/noti-america.com\/site\/repdom\/author\/asoriano\/"}]}},"_links":{"self":[{"href":"https:\/\/noti-america.com\/site\/repdom\/wp-json\/wp\/v2\/posts\/15805","targetHints":{"allow":["GET"]}}],"collection":[{"href":"https:\/\/noti-america.com\/site\/repdom\/wp-json\/wp\/v2\/posts"}],"about":[{"href":"https:\/\/noti-america.com\/site\/repdom\/wp-json\/wp\/v2\/types\/post"}],"author":[{"embeddable":true,"href":"https:\/\/noti-america.com\/site\/repdom\/wp-json\/wp\/v2\/users\/89"}],"replies":[{"embeddable":true,"href":"https:\/\/noti-america.com\/site\/repdom\/wp-json\/wp\/v2\/comments?post=15805"}],"version-history":[{"count":1,"href":"https:\/\/noti-america.com\/site\/repdom\/wp-json\/wp\/v2\/posts\/15805\/revisions"}],"predecessor-version":[{"id":15808,"href":"https:\/\/noti-america.com\/site\/repdom\/wp-json\/wp\/v2\/posts\/15805\/revisions\/15808"}],"wp:featuredmedia":[{"embeddable":true,"href":"https:\/\/noti-america.com\/site\/repdom\/wp-json\/wp\/v2\/media\/15807"}],"wp:attachment":[{"href":"https:\/\/noti-america.com\/site\/repdom\/wp-json\/wp\/v2\/media?parent=15805"}],"wp:term":[{"taxonomy":"category","embeddable":true,"href":"https:\/\/noti-america.com\/site\/repdom\/wp-json\/wp\/v2\/categories?post=15805"},{"taxonomy":"post_tag","embeddable":true,"href":"https:\/\/noti-america.com\/site\/repdom\/wp-json\/wp\/v2\/tags?post=15805"}],"curies":[{"name":"wp","href":"https:\/\/api.w.org\/{rel}","templated":true}]}}