{"id":15735,"date":"2022-01-21T17:10:03","date_gmt":"2022-01-21T17:10:03","guid":{"rendered":"https:\/\/noti-america.com\/site\/repdom\/?p=15735"},"modified":"2022-01-21T17:10:03","modified_gmt":"2022-01-21T17:10:03","slug":"presidente-abinader-revela-en-proyecto-de-desarrollo-turistico-de-pedernales-se-invertiran-us2245-millones","status":"publish","type":"post","link":"https:\/\/noti-america.com\/site\/repdom\/2022\/01\/21\/presidente-abinader-revela-en-proyecto-de-desarrollo-turistico-de-pedernales-se-invertiran-us2245-millones\/","title":{"rendered":"Presidente Abinader revela en proyecto de Desarrollo Tur\u00edstico de Pedernales se invertir\u00e1n US$2,245 millones"},"content":{"rendered":"<p style=\"text-align: justify\">MADRID, Espa\u00f1a &#8211; El presidente Luis Abinader revel\u00f3 que el Proyecto de Desarrollo Tur\u00edstico de Pedernales, una de las apuestas m\u00e1s importantes de esta gesti\u00f3n de Gobierno, se har\u00e1 en cuatro fases, durante un periodo promedio total de 10 a\u00f1os, y con una inversi\u00f3n estimada de 2,245 millones de d\u00f3lares.<\/p>\n<p style=\"text-align: justify\">Inform\u00f3 que en la primera fase se estipula una inversi\u00f3n de 1,300 millones de d\u00f3lares para la construcci\u00f3n de 4,700 habitaciones, que se convertir\u00e1n en 12,000 habitaciones al final del proyecto.<\/p>\n<p style=\"text-align: justify\">Resalt\u00f3 que el desarrollo de este nuevo y espectacular polo tur\u00edstico crear\u00e1 cerca de 20,000 empleos directos y m\u00e1s de 50,000 indirectos, con todo lo que esto supone para el dinamismo econ\u00f3mico de una regi\u00f3n.<\/p>\n<p style=\"text-align: justify\">El gobernante expuso que seis hoteles iniciar\u00e1n sus operaciones durante la apertura de la primera fase, para lo cual ya las cadenas hoteleras Hilton, Marriott, Sunwing, AmResorts, Iberostar Group y Karisma Hotels &amp; Resort han firmado carta de compromiso para empezar la construcci\u00f3n de sus hoteles a partir de mediados de este a\u00f1o.<\/p>\n<p style=\"text-align: justify\">El presidente Abinader habl\u00f3 durante la presentaci\u00f3n del Plan Maestro de Desarrollo Tur\u00edstico de Pedernales, que inicia en Cabo Rojo, en el afirm\u00f3 trabajan para que el cambio hacia un futuro pr\u00f3spero en esta \u00e9poca post-pandemia sea una realidad irreversible.<\/p>\n<p style=\"text-align: justify\">\u201cNuestra visi\u00f3n sobre el futuro de la Rep\u00fablica Dominicana es compartida, ya que queremos garantizar un pa\u00eds con un crecimiento econ\u00f3mico destacable, con empleos dignos y una redistribuci\u00f3n justa de nuestras riquezas, que alcance a la inmensa mayor\u00eda de los hogares dominicanos, a las familias y a cada ciudadano y ciudadana\u201d, expres\u00f3.<\/p>\n<p style=\"text-align: justify\">Sostuvo que este proyecto transformar\u00e1 de forma absolutamente radical la vida de miles de personas de la Provincia de Pedernales y de toda la regi\u00f3n Sur del pa\u00eds.<\/p>\n<p style=\"text-align: justify\"><strong>Cooperaci\u00f3n entre el Estado y los sectores productivos<\/strong><\/p>\n<p style=\"text-align: justify\">Dijo que durante el tiempo que lleva su gesti\u00f3n de gobierno, ha reiterado que cooperaci\u00f3n entre el Estado y los sectores productivos y econ\u00f3micos del pa\u00eds en el \u00e1mbito privado resulta de vital importancia para el crecimiento y desarrollo de la Rep\u00fablica Dominicana.<\/p>\n<p style=\"text-align: justify\">\u201cLa alianza p\u00fablico-privada que hemos promovido desde el inicio de mi mandato est\u00e1 siendo capaz de asumir muchos de los planes y proyectos del Estado dominicano que llevaban a\u00f1os estancados por falta de voluntad pol\u00edtica para su ejecuci\u00f3n por parte de las anteriores administraciones\u201d.<\/p>\n<p style=\"text-align: justify\">El mandatario se\u00f1al\u00f3 que, en este marco de colaboraci\u00f3n p\u00fablico-privada, en Cabo Rojo se incluye la construcci\u00f3n de varios hoteles de lujo y ecol\u00f3gicos, con una importante capacidad de generaci\u00f3n energ\u00e9tica sostenible.<\/p>\n<p style=\"text-align: justify\">Adem\u00e1s, destac\u00f3, se incorpora la construcci\u00f3n de viviendas econ\u00f3micas para las familias y los trabajadores de la zona, lo que generar\u00e1 un impacto socio-econ\u00f3mico sin precedentes en toda la regi\u00f3n Sur y la zona fronteriza.<\/p>\n<p style=\"text-align: justify\">Anunci\u00f3, que el Gobierno se compromete a crear todas las infraestructuras necesarias para el desarrollo exitoso de la zona.<\/p>\n<p style=\"text-align: justify\">Agreg\u00f3 que en la primera fase se construir\u00e1 tambi\u00e9n un aeropuerto internacional en Pedernales, un centro comercial y se concluir\u00e1n todas las obras de infraestructuras b\u00e1sicas necesarias, como la construcci\u00f3n de un acueducto, una planta de tratamiento de aguas y un sistema de transmisi\u00f3n el\u00e9ctrica.<\/p>\n<p style=\"text-align: justify\">Adem\u00e1s de \u00e1reas comerciales, villas y un campo de golf y est\u00e1n trabajando ya en la identificaci\u00f3n y deslinde de los terrenos para la construcci\u00f3n del aeropuerto de Pedernales, con la realizaci\u00f3n de los estudios de vientos preceptivos para definir la ubicaci\u00f3n de las pistas de aterrizaje.<\/p>\n<p style=\"text-align: justify\"><strong>Protecci\u00f3n del medio ambiente<\/strong><\/p>\n<p><img loading=\"lazy\" decoding=\"async\" class=\"alignnone size-medium wp-image-15743\" src=\"https:\/\/noti-america.com\/site\/repdom\/wp-content\/uploads\/sites\/6\/2022\/01\/Pedernales-300x169.jpg\" alt=\"\" width=\"300\" height=\"169\" srcset=\"https:\/\/noti-america.com\/site\/repdom\/wp-content\/uploads\/sites\/6\/2022\/01\/Pedernales-300x169.jpg 300w, https:\/\/noti-america.com\/site\/repdom\/wp-content\/uploads\/sites\/6\/2022\/01\/Pedernales-768x432.jpg 768w, https:\/\/noti-america.com\/site\/repdom\/wp-content\/uploads\/sites\/6\/2022\/01\/Pedernales.jpg 960w\" sizes=\"auto, (max-width: 300px) 100vw, 300px\" \/><\/p>\n<p style=\"text-align: justify\">El jefe de Estado indic\u00f3 que adem\u00e1s de poner el foco en el crecimiento econ\u00f3mico y la mejora de la vida de la gente, el proyecto promueve activamente el potencial ecotur\u00edstico de la zona, la protecci\u00f3n del medio ambiente y el cuidado de los recursos naturales para el disfrute de los dominicanos y de las personas que visitan.<\/p>\n<p style=\"text-align: justify\">Adem\u00e1s, dijo, fomentar\u00e1n la adecuaci\u00f3n del circuito de atracciones naturales existente, bajo un modelo de sostenibilidad en el que la protecci\u00f3n de la fauna, la flora y nuestros recursos naturales sea uno de los pilares fundamentales.<\/p>\n<p style=\"text-align: justify\">\u201cQueremos dar a conocer al mundo las maravillas que ofrecen parajes tan emblem\u00e1ticos como el Hoyo de Pelempito, la Laguna de Oviedo, la Isla Beata y la exhuberante Bah\u00eda de las \u00c1guilas, entre otros\u201d, signific\u00f3 Abinader.<\/p>\n<p style=\"text-align: justify\">Precis\u00f3 que todo se har\u00e1, siempre dentro del esquema legislativo de protecci\u00f3n del medio ambiente, el respeto irrenunciable de las \u00e1reas protegidas y el valor ecol\u00f3gico de los parques nacionales de la regi\u00f3n Sur.<\/p>\n<p style=\"text-align: justify\">Asimismo, comunic\u00f3 que este proyecto incorporar\u00e1 una senda panor\u00e1mica con miradores, la recuperaci\u00f3n de la antigua pista del aer\u00f3dromo de Cabo Rojo, convertida en una rambla que conectar\u00e1 un paseo bot\u00e1nico con el actual muelle, en el que se integrar\u00e1 una marina y un club n\u00e1utico, as\u00ed como un \u00e1rea comercial.<\/p>\n<p style=\"text-align: justify\">Enfatiz\u00f3 que las distintas actividades econ\u00f3micas de la zona, como son ganader\u00eda, la agricultura y la pesca, tambi\u00e9n tendr\u00e1n su espacio gracias al desarrollo del gran potencial tur\u00edstico con el que cuenta Pedernales.<\/p>\n<p style=\"text-align: justify\">\u201cEsta Reserva de la Biosfera declarada por la UNESCO, es patrimonio de todos los dominicanos y del mundo y queremos protegerla y exponerla. Y es por esa raz\u00f3n que el desarrollo econ\u00f3mico que promovemos desde el Estado dominicano est\u00e1 plenamente enfocado en generar un turismo sostenible, social, cultural y medioambiental\u201d, asegur\u00f3.<\/p>\n<p style=\"text-align: justify\"><strong>Fomento de una econom\u00eda inclusiva<\/strong><\/p>\n<p style=\"text-align: justify\">El presidente Abinader insisti\u00f3 en que la esencia en la implementaci\u00f3n de este proyecto es la promoci\u00f3n de la conservaci\u00f3n de la biodiversidad y el fomento de una econom\u00eda inclusiva y riqueza cultural.<\/p>\n<p style=\"text-align: justify\">Tambi\u00e9n, a\u00f1adi\u00f3, la ordenaci\u00f3n del territorio en sincron\u00eda con el entorno natural y social, la consolidaci\u00f3n y diversificaci\u00f3n de la oferta tur\u00edstica y la creaci\u00f3n de un sistema de infraestructura para el desarrollo tur\u00edstico de bajo impacto.<\/p>\n<p style=\"text-align: justify\">\u201cCabo Rojo-Pedernales ser\u00e1 el primer destino tur\u00edstico del Caribe desarrollado desde cero bajo la alianza p\u00fablico-privada, con una oferta de lujo fundamentada en un turismo sostenible, cuidando cada detalle para ofrecer al turista la mejor experiencia\u201d, expres\u00f3.<\/p>\n<p style=\"text-align: justify\">Asegur\u00f3 que este es uno de los m\u00e1s ambiciosos proyectos, uno de los m\u00e1s demandados y necesarios, que se est\u00e1 haciendo posible, gracias la implicaci\u00f3n de muchas personas e instituciones que creen en la solidez del pa\u00eds, en las oportunidades que se abren y en el futuro que les espera y que est\u00e1n construyendo juntos.<\/p>\n<p style=\"text-align: justify\">\u201cEl momento dominicano ha llegado. Inviertan en \u00e9l. No se arrepentir\u00e1n\u201d, concluy\u00f3 el presidente Abinader.<\/p>\n<p style=\"text-align: justify\">En tanto, el director ejecutivo de la Direcci\u00f3n General de Alianzas P\u00fablico Privadas (DGAPP), Sigmund Freund, destac\u00f3 que adem\u00e1s de tener totalmente listo el M\u00e1ster Plan del Proyecto, han alcanzado notables avances en las obras de infraestructuras b\u00e1sicas que se requieren para iniciar la construcci\u00f3n de los hoteles y del aeropuerto internacional que se edificar\u00e1 en la zona.<\/p>\n<p style=\"text-align: justify\">\u201cEn esta nueva edici\u00f3n de FITUR, venimos con orgullo a decir que ya el nuevo destino tur\u00edstico de Rep\u00fablica Dominicana, Cabo Rojo-Pedernales, no es una idea sino una realidad que tiene un plan maestro aprobado oficialmente por el presidente de la Rep\u00fablica, Luis Abinader, pero, adem\u00e1s, que ya podemos ver y escuchar en el terreno los equipos pesados que crean las condiciones para que inicie el desarrollo hotelero\u201d, manifest\u00f3 Freund.<\/p>\n<p style=\"text-align: justify\">Explic\u00f3 que entre los atractivos para los inversionistas est\u00e1n los que promueve la Ley 12-21, sobre zona especial de desarrollo integral fronterizo, que contempla como exenciones el 100% de la renta neta imponible, derechos e impuestos de importaci\u00f3n, 50% pago por libertad de tr\u00e1nsito y uso de puertos y aeropuertos y la comisi\u00f3n cambiaria de bienes de capital, maquinaria y equipos.<\/p>\n<p style=\"text-align: justify\">As\u00ed como la Ley 158-01, agreg\u00f3, sobre el Fomento del Desarrollo del Turismo, la cual permite una exenci\u00f3n de 100% en el impuesto sobre la renta, en los permisos de construcci\u00f3n, en las compras de tierras y primeras facilidades.<\/p>\n<p style=\"text-align: justify\">Estuvieron presentes en el acto, Jos\u00e9 Ignacio Paliza, ministro Administrativo de la Presidencia; David Collado, ministro de Turismo; Antonio P\u00e9rez Hern\u00e1ndez y Torra, embajador del Reino de Espa\u00f1a acreditado en Rep\u00fablica Dominicana; Juan Bol\u00edvar D\u00edaz, embajador de la Rep\u00fablica Dominicana en Espa\u00f1a; An\u00edbal de Castro, embajador Representante Permanente de la Misi\u00f3n de la Rep\u00fablica Dominicana ante la Organizaci\u00f3n Mundial del Turismo.<\/p>\n<p style=\"text-align: justify\">Tambi\u00e9n, Carlos Peguero, viceministro de Turismo para cooperaci\u00f3n internacional y director ejecutivo del proyecto de Desarrollo Tur\u00edstico Provincia de Pedernales; Samuel Pereyra, administrador general del Banco de Reservas y Biviana Riveiro, directora ejecutiva de Prodominicana.<\/p>\n<p style=\"text-align: justify\"><strong>Fuente: Direcci\u00f3n de Prensa de la Presidencia<\/strong><\/p>\n","protected":false},"excerpt":{"rendered":"<p>MADRID, Espa\u00f1a &#8211; El presidente Luis Abinader revel\u00f3 que el Proyecto de Desarrollo Tur\u00edstico de Pedernales, una de las apuestas m\u00e1s importantes de esta gesti\u00f3n de Gobierno, se har\u00e1 en cuatro fases, durante un&#46;&#46;&#46;<\/p>\n","protected":false},"author":89,"featured_media":15744,"comment_status":"open","ping_status":"open","sticky":false,"template":"","format":"standard","meta":{"_acf_changed":false,"rop_custom_images_group":[],"rop_custom_messages_group":[],"rop_publish_now":"initial","rop_publish_now_accounts":[],"rop_publish_now_history":[],"rop_publish_now_status":"pending","footnotes":""},"categories":[334],"tags":[2028,2011,2030,571,2029],"class_list":["post-15735","post","type-post","status-publish","format-standard","has-post-thumbnail","hentry","category-turismo","tag-direccion-general-de-alianzas-publico-privadas","tag-feria-internacional-de-turismo","tag-pedernales","tag-presidente-luis-abinader","tag-sigmund-freund"],"acf":[],"yoast_head":"<!-- This site is optimized with the Yoast SEO Premium plugin v24.9 (Yoast SEO v27.2) - https:\/\/yoast.com\/product\/yoast-seo-premium-wordpress\/ -->\n<title>Presidente Abinader revela en proyecto de Desarrollo Tur\u00edstico de Pedernales se invertir\u00e1n US$2,245 millones - Rep. Dominicana | Noti-America.com<\/title>\n<meta name=\"robots\" content=\"index, follow, max-snippet:-1, max-image-preview:large, max-video-preview:-1\" \/>\n<link rel=\"canonical\" href=\"https:\/\/noti-america.com\/site\/repdom\/2022\/01\/21\/presidente-abinader-revela-en-proyecto-de-desarrollo-turistico-de-pedernales-se-invertiran-us2245-millones\/\" \/>\n<meta property=\"og:locale\" content=\"es_ES\" \/>\n<meta property=\"og:type\" content=\"article\" \/>\n<meta property=\"og:title\" content=\"Presidente Abinader revela en proyecto de Desarrollo Tur\u00edstico de Pedernales se invertir\u00e1n US$2,245 millones\" \/>\n<meta property=\"og:description\" content=\"MADRID, Espa\u00f1a &#8211; El presidente Luis Abinader revel\u00f3 que el Proyecto de Desarrollo Tur\u00edstico de Pedernales, una de las apuestas m\u00e1s importantes de esta gesti\u00f3n de Gobierno, se har\u00e1 en cuatro fases, durante un&#046;&#046;&#046;\" \/>\n<meta property=\"og:url\" content=\"https:\/\/noti-america.com\/site\/repdom\/2022\/01\/21\/presidente-abinader-revela-en-proyecto-de-desarrollo-turistico-de-pedernales-se-invertiran-us2245-millones\/\" \/>\n<meta property=\"og:site_name\" content=\"Rep. Dominicana | Noti-America.com\" \/>\n<meta property=\"article:published_time\" content=\"2022-01-21T17:10:03+00:00\" \/>\n<meta property=\"og:image\" content=\"https:\/\/noti-america.com\/site\/repdom\/wp-content\/uploads\/sites\/6\/2022\/01\/Presidente-Abinader-1.jpg\" \/>\n\t<meta property=\"og:image:width\" content=\"1280\" \/>\n\t<meta property=\"og:image:height\" content=\"853\" \/>\n\t<meta property=\"og:image:type\" content=\"image\/jpeg\" \/>\n<meta name=\"author\" content=\"Ad\u00e1n Soriano\" \/>\n<meta name=\"twitter:card\" content=\"summary_large_image\" \/>\n<meta name=\"twitter:creator\" content=\"@adansoriano\" \/>\n<meta name=\"twitter:label1\" content=\"Escrito por\" \/>\n\t<meta name=\"twitter:data1\" content=\"Ad\u00e1n Soriano\" \/>\n\t<meta name=\"twitter:label2\" content=\"Tiempo estimado de lectura\" \/>\n\t<meta name=\"twitter:data2\" content=\"7 minutos\" \/>\n<script type=\"application\/ld+json\" class=\"yoast-schema-graph\">{\"@context\":\"https:\/\/schema.org\",\"@graph\":[{\"@type\":\"Article\",\"@id\":\"https:\/\/noti-america.com\/site\/repdom\/2022\/01\/21\/presidente-abinader-revela-en-proyecto-de-desarrollo-turistico-de-pedernales-se-invertiran-us2245-millones\/#article\",\"isPartOf\":{\"@id\":\"https:\/\/noti-america.com\/site\/repdom\/2022\/01\/21\/presidente-abinader-revela-en-proyecto-de-desarrollo-turistico-de-pedernales-se-invertiran-us2245-millones\/\"},\"author\":{\"name\":\"Ad\u00e1n Soriano\",\"@id\":\"https:\/\/noti-america.com\/site\/repdom\/#\/schema\/person\/fd0092c1530d275fabaa5cffcbc2b976\"},\"headline\":\"Presidente Abinader revela en proyecto de Desarrollo Tur\u00edstico de Pedernales se invertir\u00e1n US$2,245 millones\",\"datePublished\":\"2022-01-21T17:10:03+00:00\",\"mainEntityOfPage\":{\"@id\":\"https:\/\/noti-america.com\/site\/repdom\/2022\/01\/21\/presidente-abinader-revela-en-proyecto-de-desarrollo-turistico-de-pedernales-se-invertiran-us2245-millones\/\"},\"wordCount\":1528,\"commentCount\":0,\"publisher\":{\"@id\":\"https:\/\/noti-america.com\/site\/repdom\/#organization\"},\"image\":{\"@id\":\"https:\/\/noti-america.com\/site\/repdom\/2022\/01\/21\/presidente-abinader-revela-en-proyecto-de-desarrollo-turistico-de-pedernales-se-invertiran-us2245-millones\/#primaryimage\"},\"thumbnailUrl\":\"https:\/\/noti-america.com\/site\/repdom\/wp-content\/uploads\/sites\/6\/2022\/01\/Presidente-Abinader-1.jpg\",\"keywords\":[\"Direcci\u00f3n General de Alianzas P\u00fablico Privadas\",\"Feria Internacional de Turismo\",\"Pedernales\",\"Presidente Luis Abinader\",\"Sigmund Freund\"],\"articleSection\":[\"Turismo\"],\"inLanguage\":\"es\",\"potentialAction\":[{\"@type\":\"CommentAction\",\"name\":\"Comment\",\"target\":[\"https:\/\/noti-america.com\/site\/repdom\/2022\/01\/21\/presidente-abinader-revela-en-proyecto-de-desarrollo-turistico-de-pedernales-se-invertiran-us2245-millones\/#respond\"]}]},{\"@type\":\"WebPage\",\"@id\":\"https:\/\/noti-america.com\/site\/repdom\/2022\/01\/21\/presidente-abinader-revela-en-proyecto-de-desarrollo-turistico-de-pedernales-se-invertiran-us2245-millones\/\",\"url\":\"https:\/\/noti-america.com\/site\/repdom\/2022\/01\/21\/presidente-abinader-revela-en-proyecto-de-desarrollo-turistico-de-pedernales-se-invertiran-us2245-millones\/\",\"name\":\"Presidente Abinader revela en proyecto de Desarrollo Tur\u00edstico de Pedernales se invertir\u00e1n US$2,245 millones - Rep. Dominicana | Noti-America.com\",\"isPartOf\":{\"@id\":\"https:\/\/noti-america.com\/site\/repdom\/#website\"},\"primaryImageOfPage\":{\"@id\":\"https:\/\/noti-america.com\/site\/repdom\/2022\/01\/21\/presidente-abinader-revela-en-proyecto-de-desarrollo-turistico-de-pedernales-se-invertiran-us2245-millones\/#primaryimage\"},\"image\":{\"@id\":\"https:\/\/noti-america.com\/site\/repdom\/2022\/01\/21\/presidente-abinader-revela-en-proyecto-de-desarrollo-turistico-de-pedernales-se-invertiran-us2245-millones\/#primaryimage\"},\"thumbnailUrl\":\"https:\/\/noti-america.com\/site\/repdom\/wp-content\/uploads\/sites\/6\/2022\/01\/Presidente-Abinader-1.jpg\",\"datePublished\":\"2022-01-21T17:10:03+00:00\",\"breadcrumb\":{\"@id\":\"https:\/\/noti-america.com\/site\/repdom\/2022\/01\/21\/presidente-abinader-revela-en-proyecto-de-desarrollo-turistico-de-pedernales-se-invertiran-us2245-millones\/#breadcrumb\"},\"inLanguage\":\"es\",\"potentialAction\":[{\"@type\":\"ReadAction\",\"target\":[\"https:\/\/noti-america.com\/site\/repdom\/2022\/01\/21\/presidente-abinader-revela-en-proyecto-de-desarrollo-turistico-de-pedernales-se-invertiran-us2245-millones\/\"]}]},{\"@type\":\"ImageObject\",\"inLanguage\":\"es\",\"@id\":\"https:\/\/noti-america.com\/site\/repdom\/2022\/01\/21\/presidente-abinader-revela-en-proyecto-de-desarrollo-turistico-de-pedernales-se-invertiran-us2245-millones\/#primaryimage\",\"url\":\"https:\/\/noti-america.com\/site\/repdom\/wp-content\/uploads\/sites\/6\/2022\/01\/Presidente-Abinader-1.jpg\",\"contentUrl\":\"https:\/\/noti-america.com\/site\/repdom\/wp-content\/uploads\/sites\/6\/2022\/01\/Presidente-Abinader-1.jpg\",\"width\":1280,\"height\":853},{\"@type\":\"BreadcrumbList\",\"@id\":\"https:\/\/noti-america.com\/site\/repdom\/2022\/01\/21\/presidente-abinader-revela-en-proyecto-de-desarrollo-turistico-de-pedernales-se-invertiran-us2245-millones\/#breadcrumb\",\"itemListElement\":[{\"@type\":\"ListItem\",\"position\":1,\"name\":\"Portada\",\"item\":\"https:\/\/noti-america.com\/site\/repdom\/\"},{\"@type\":\"ListItem\",\"position\":2,\"name\":\"Presidente Abinader revela en proyecto de Desarrollo Tur\u00edstico de Pedernales se invertir\u00e1n US$2,245 millones\"}]},{\"@type\":\"WebSite\",\"@id\":\"https:\/\/noti-america.com\/site\/repdom\/#website\",\"url\":\"https:\/\/noti-america.com\/site\/repdom\/\",\"name\":\"Rep. Dominicana | Noti-America.com\",\"description\":\"\",\"publisher\":{\"@id\":\"https:\/\/noti-america.com\/site\/repdom\/#organization\"},\"potentialAction\":[{\"@type\":\"SearchAction\",\"target\":{\"@type\":\"EntryPoint\",\"urlTemplate\":\"https:\/\/noti-america.com\/site\/repdom\/?s={search_term_string}\"},\"query-input\":{\"@type\":\"PropertyValueSpecification\",\"valueRequired\":true,\"valueName\":\"search_term_string\"}}],\"inLanguage\":\"es\"},{\"@type\":\"Organization\",\"@id\":\"https:\/\/noti-america.com\/site\/repdom\/#organization\",\"name\":\"Noti-America LLC | Rep\u00fablica Dominicana\",\"url\":\"https:\/\/noti-america.com\/site\/repdom\/\",\"logo\":{\"@type\":\"ImageObject\",\"inLanguage\":\"es\",\"@id\":\"https:\/\/noti-america.com\/site\/repdom\/#\/schema\/logo\/image\/\",\"url\":\"https:\/\/noti-america.com\/site\/repdom\/wp-content\/uploads\/sites\/6\/2020\/07\/LogoNA-4x3-1.jpg\",\"contentUrl\":\"https:\/\/noti-america.com\/site\/repdom\/wp-content\/uploads\/sites\/6\/2020\/07\/LogoNA-4x3-1.jpg\",\"width\":1236,\"height\":1080,\"caption\":\"Noti-America LLC | Rep\u00fablica Dominicana\"},\"image\":{\"@id\":\"https:\/\/noti-america.com\/site\/repdom\/#\/schema\/logo\/image\/\"}},{\"@type\":\"Person\",\"@id\":\"https:\/\/noti-america.com\/site\/repdom\/#\/schema\/person\/fd0092c1530d275fabaa5cffcbc2b976\",\"name\":\"Ad\u00e1n Soriano\",\"image\":{\"@type\":\"ImageObject\",\"inLanguage\":\"es\",\"@id\":\"https:\/\/secure.gravatar.com\/avatar\/ecf97ff3aee7ff9efdae670d7e976f3e7e8acc1077e510d73707999a8bfd4467?s=96&d=mm&r=g\",\"url\":\"https:\/\/secure.gravatar.com\/avatar\/ecf97ff3aee7ff9efdae670d7e976f3e7e8acc1077e510d73707999a8bfd4467?s=96&d=mm&r=g\",\"contentUrl\":\"https:\/\/secure.gravatar.com\/avatar\/ecf97ff3aee7ff9efdae670d7e976f3e7e8acc1077e510d73707999a8bfd4467?s=96&d=mm&r=g\",\"caption\":\"Ad\u00e1n Soriano\"},\"description\":\"Soy cronista deportivo con 10 a\u00f1os de experiencia en varios espacios, y conduzco el podcast deportivo llamado Mezcla Deportiva\",\"sameAs\":[\"https:\/\/x.com\/adansoriano\"],\"url\":\"https:\/\/noti-america.com\/site\/repdom\/author\/asoriano\/\"}]}<\/script>\n<!-- \/ Yoast SEO Premium plugin. -->","yoast_head_json":{"title":"Presidente Abinader revela en proyecto de Desarrollo Tur\u00edstico de Pedernales se invertir\u00e1n US$2,245 millones - Rep. Dominicana | Noti-America.com","robots":{"index":"index","follow":"follow","max-snippet":"max-snippet:-1","max-image-preview":"max-image-preview:large","max-video-preview":"max-video-preview:-1"},"canonical":"https:\/\/noti-america.com\/site\/repdom\/2022\/01\/21\/presidente-abinader-revela-en-proyecto-de-desarrollo-turistico-de-pedernales-se-invertiran-us2245-millones\/","og_locale":"es_ES","og_type":"article","og_title":"Presidente Abinader revela en proyecto de Desarrollo Tur\u00edstico de Pedernales se invertir\u00e1n US$2,245 millones","og_description":"MADRID, Espa\u00f1a &#8211; El presidente Luis Abinader revel\u00f3 que el Proyecto de Desarrollo Tur\u00edstico de Pedernales, una de las apuestas m\u00e1s importantes de esta gesti\u00f3n de Gobierno, se har\u00e1 en cuatro fases, durante un&#46;&#46;&#46;","og_url":"https:\/\/noti-america.com\/site\/repdom\/2022\/01\/21\/presidente-abinader-revela-en-proyecto-de-desarrollo-turistico-de-pedernales-se-invertiran-us2245-millones\/","og_site_name":"Rep. Dominicana | Noti-America.com","article_published_time":"2022-01-21T17:10:03+00:00","og_image":[{"width":1280,"height":853,"url":"https:\/\/noti-america.com\/site\/repdom\/wp-content\/uploads\/sites\/6\/2022\/01\/Presidente-Abinader-1.jpg","type":"image\/jpeg"}],"author":"Ad\u00e1n Soriano","twitter_card":"summary_large_image","twitter_creator":"@adansoriano","twitter_misc":{"Escrito por":"Ad\u00e1n Soriano","Tiempo estimado de lectura":"7 minutos"},"schema":{"@context":"https:\/\/schema.org","@graph":[{"@type":"Article","@id":"https:\/\/noti-america.com\/site\/repdom\/2022\/01\/21\/presidente-abinader-revela-en-proyecto-de-desarrollo-turistico-de-pedernales-se-invertiran-us2245-millones\/#article","isPartOf":{"@id":"https:\/\/noti-america.com\/site\/repdom\/2022\/01\/21\/presidente-abinader-revela-en-proyecto-de-desarrollo-turistico-de-pedernales-se-invertiran-us2245-millones\/"},"author":{"name":"Ad\u00e1n Soriano","@id":"https:\/\/noti-america.com\/site\/repdom\/#\/schema\/person\/fd0092c1530d275fabaa5cffcbc2b976"},"headline":"Presidente Abinader revela en proyecto de Desarrollo Tur\u00edstico de Pedernales se invertir\u00e1n US$2,245 millones","datePublished":"2022-01-21T17:10:03+00:00","mainEntityOfPage":{"@id":"https:\/\/noti-america.com\/site\/repdom\/2022\/01\/21\/presidente-abinader-revela-en-proyecto-de-desarrollo-turistico-de-pedernales-se-invertiran-us2245-millones\/"},"wordCount":1528,"commentCount":0,"publisher":{"@id":"https:\/\/noti-america.com\/site\/repdom\/#organization"},"image":{"@id":"https:\/\/noti-america.com\/site\/repdom\/2022\/01\/21\/presidente-abinader-revela-en-proyecto-de-desarrollo-turistico-de-pedernales-se-invertiran-us2245-millones\/#primaryimage"},"thumbnailUrl":"https:\/\/noti-america.com\/site\/repdom\/wp-content\/uploads\/sites\/6\/2022\/01\/Presidente-Abinader-1.jpg","keywords":["Direcci\u00f3n General de Alianzas P\u00fablico Privadas","Feria Internacional de Turismo","Pedernales","Presidente Luis Abinader","Sigmund Freund"],"articleSection":["Turismo"],"inLanguage":"es","potentialAction":[{"@type":"CommentAction","name":"Comment","target":["https:\/\/noti-america.com\/site\/repdom\/2022\/01\/21\/presidente-abinader-revela-en-proyecto-de-desarrollo-turistico-de-pedernales-se-invertiran-us2245-millones\/#respond"]}]},{"@type":"WebPage","@id":"https:\/\/noti-america.com\/site\/repdom\/2022\/01\/21\/presidente-abinader-revela-en-proyecto-de-desarrollo-turistico-de-pedernales-se-invertiran-us2245-millones\/","url":"https:\/\/noti-america.com\/site\/repdom\/2022\/01\/21\/presidente-abinader-revela-en-proyecto-de-desarrollo-turistico-de-pedernales-se-invertiran-us2245-millones\/","name":"Presidente Abinader revela en proyecto de Desarrollo Tur\u00edstico de Pedernales se invertir\u00e1n US$2,245 millones - Rep. Dominicana | Noti-America.com","isPartOf":{"@id":"https:\/\/noti-america.com\/site\/repdom\/#website"},"primaryImageOfPage":{"@id":"https:\/\/noti-america.com\/site\/repdom\/2022\/01\/21\/presidente-abinader-revela-en-proyecto-de-desarrollo-turistico-de-pedernales-se-invertiran-us2245-millones\/#primaryimage"},"image":{"@id":"https:\/\/noti-america.com\/site\/repdom\/2022\/01\/21\/presidente-abinader-revela-en-proyecto-de-desarrollo-turistico-de-pedernales-se-invertiran-us2245-millones\/#primaryimage"},"thumbnailUrl":"https:\/\/noti-america.com\/site\/repdom\/wp-content\/uploads\/sites\/6\/2022\/01\/Presidente-Abinader-1.jpg","datePublished":"2022-01-21T17:10:03+00:00","breadcrumb":{"@id":"https:\/\/noti-america.com\/site\/repdom\/2022\/01\/21\/presidente-abinader-revela-en-proyecto-de-desarrollo-turistico-de-pedernales-se-invertiran-us2245-millones\/#breadcrumb"},"inLanguage":"es","potentialAction":[{"@type":"ReadAction","target":["https:\/\/noti-america.com\/site\/repdom\/2022\/01\/21\/presidente-abinader-revela-en-proyecto-de-desarrollo-turistico-de-pedernales-se-invertiran-us2245-millones\/"]}]},{"@type":"ImageObject","inLanguage":"es","@id":"https:\/\/noti-america.com\/site\/repdom\/2022\/01\/21\/presidente-abinader-revela-en-proyecto-de-desarrollo-turistico-de-pedernales-se-invertiran-us2245-millones\/#primaryimage","url":"https:\/\/noti-america.com\/site\/repdom\/wp-content\/uploads\/sites\/6\/2022\/01\/Presidente-Abinader-1.jpg","contentUrl":"https:\/\/noti-america.com\/site\/repdom\/wp-content\/uploads\/sites\/6\/2022\/01\/Presidente-Abinader-1.jpg","width":1280,"height":853},{"@type":"BreadcrumbList","@id":"https:\/\/noti-america.com\/site\/repdom\/2022\/01\/21\/presidente-abinader-revela-en-proyecto-de-desarrollo-turistico-de-pedernales-se-invertiran-us2245-millones\/#breadcrumb","itemListElement":[{"@type":"ListItem","position":1,"name":"Portada","item":"https:\/\/noti-america.com\/site\/repdom\/"},{"@type":"ListItem","position":2,"name":"Presidente Abinader revela en proyecto de Desarrollo Tur\u00edstico de Pedernales se invertir\u00e1n US$2,245 millones"}]},{"@type":"WebSite","@id":"https:\/\/noti-america.com\/site\/repdom\/#website","url":"https:\/\/noti-america.com\/site\/repdom\/","name":"Rep. Dominicana | Noti-America.com","description":"","publisher":{"@id":"https:\/\/noti-america.com\/site\/repdom\/#organization"},"potentialAction":[{"@type":"SearchAction","target":{"@type":"EntryPoint","urlTemplate":"https:\/\/noti-america.com\/site\/repdom\/?s={search_term_string}"},"query-input":{"@type":"PropertyValueSpecification","valueRequired":true,"valueName":"search_term_string"}}],"inLanguage":"es"},{"@type":"Organization","@id":"https:\/\/noti-america.com\/site\/repdom\/#organization","name":"Noti-America LLC | Rep\u00fablica Dominicana","url":"https:\/\/noti-america.com\/site\/repdom\/","logo":{"@type":"ImageObject","inLanguage":"es","@id":"https:\/\/noti-america.com\/site\/repdom\/#\/schema\/logo\/image\/","url":"https:\/\/noti-america.com\/site\/repdom\/wp-content\/uploads\/sites\/6\/2020\/07\/LogoNA-4x3-1.jpg","contentUrl":"https:\/\/noti-america.com\/site\/repdom\/wp-content\/uploads\/sites\/6\/2020\/07\/LogoNA-4x3-1.jpg","width":1236,"height":1080,"caption":"Noti-America LLC | Rep\u00fablica Dominicana"},"image":{"@id":"https:\/\/noti-america.com\/site\/repdom\/#\/schema\/logo\/image\/"}},{"@type":"Person","@id":"https:\/\/noti-america.com\/site\/repdom\/#\/schema\/person\/fd0092c1530d275fabaa5cffcbc2b976","name":"Ad\u00e1n Soriano","image":{"@type":"ImageObject","inLanguage":"es","@id":"https:\/\/secure.gravatar.com\/avatar\/ecf97ff3aee7ff9efdae670d7e976f3e7e8acc1077e510d73707999a8bfd4467?s=96&d=mm&r=g","url":"https:\/\/secure.gravatar.com\/avatar\/ecf97ff3aee7ff9efdae670d7e976f3e7e8acc1077e510d73707999a8bfd4467?s=96&d=mm&r=g","contentUrl":"https:\/\/secure.gravatar.com\/avatar\/ecf97ff3aee7ff9efdae670d7e976f3e7e8acc1077e510d73707999a8bfd4467?s=96&d=mm&r=g","caption":"Ad\u00e1n Soriano"},"description":"Soy cronista deportivo con 10 a\u00f1os de experiencia en varios espacios, y conduzco el podcast deportivo llamado Mezcla Deportiva","sameAs":["https:\/\/x.com\/adansoriano"],"url":"https:\/\/noti-america.com\/site\/repdom\/author\/asoriano\/"}]}},"_links":{"self":[{"href":"https:\/\/noti-america.com\/site\/repdom\/wp-json\/wp\/v2\/posts\/15735","targetHints":{"allow":["GET"]}}],"collection":[{"href":"https:\/\/noti-america.com\/site\/repdom\/wp-json\/wp\/v2\/posts"}],"about":[{"href":"https:\/\/noti-america.com\/site\/repdom\/wp-json\/wp\/v2\/types\/post"}],"author":[{"embeddable":true,"href":"https:\/\/noti-america.com\/site\/repdom\/wp-json\/wp\/v2\/users\/89"}],"replies":[{"embeddable":true,"href":"https:\/\/noti-america.com\/site\/repdom\/wp-json\/wp\/v2\/comments?post=15735"}],"version-history":[{"count":1,"href":"https:\/\/noti-america.com\/site\/repdom\/wp-json\/wp\/v2\/posts\/15735\/revisions"}],"predecessor-version":[{"id":15745,"href":"https:\/\/noti-america.com\/site\/repdom\/wp-json\/wp\/v2\/posts\/15735\/revisions\/15745"}],"wp:featuredmedia":[{"embeddable":true,"href":"https:\/\/noti-america.com\/site\/repdom\/wp-json\/wp\/v2\/media\/15744"}],"wp:attachment":[{"href":"https:\/\/noti-america.com\/site\/repdom\/wp-json\/wp\/v2\/media?parent=15735"}],"wp:term":[{"taxonomy":"category","embeddable":true,"href":"https:\/\/noti-america.com\/site\/repdom\/wp-json\/wp\/v2\/categories?post=15735"},{"taxonomy":"post_tag","embeddable":true,"href":"https:\/\/noti-america.com\/site\/repdom\/wp-json\/wp\/v2\/tags?post=15735"}],"curies":[{"name":"wp","href":"https:\/\/api.w.org\/{rel}","templated":true}]}}