{"id":15591,"date":"2022-01-15T20:00:56","date_gmt":"2022-01-15T20:00:56","guid":{"rendered":"https:\/\/noti-america.com\/site\/repdom\/?p=15591"},"modified":"2022-01-15T20:51:37","modified_gmt":"2022-01-15T20:51:37","slug":"very-peri-es-el-nuevo-color-del-ano-2022-propuesto-pantone","status":"publish","type":"post","link":"https:\/\/noti-america.com\/site\/repdom\/2022\/01\/15\/very-peri-es-el-nuevo-color-del-ano-2022-propuesto-pantone\/","title":{"rendered":"Very Peri: Ideas para Adaptar el nuevo color del a\u00f1o en tu hogar"},"content":{"rendered":"<p>NOTI-AM\u00c9RICA REP\u00daBLICA DOMINICANA<\/p>\n<p>Por: Arq. Danilka Mej\u00eda Valdez. 15 Enero 2022<\/p>\n<p style=\"text-align: justify\">Very Peri Pantone 17-3938 , es un tono azul b\u00edgaro din\u00e1mico con un matiz rojo violeta vivificante que combina la fidelidad y la constancia del azul con la energ\u00eda y la emoci\u00f3n del rojo.<\/p>\n<p><strong>Consejos para tu hogar<\/strong><\/p>\n<ul>\n<li style=\"text-align: justify\">No tienes que cambiar toda la decoraci\u00f3n\u00a0 de tu hogar, pero si\u00a0 deseas hacerlo, primero debes de preguntarte en \u00bfQu\u00e9 \u00e1rea? y \u00bfCu\u00e1nto usaras?\u00a0 este color.<\/li>\n<li style=\"text-align: justify\">Debes de\u00a0 pensar que vas hacer con la decoraci\u00f3n que tienes instalada en tu casa , antes de colocar la nueva, tienes que analizar en \u00bfD\u00f3nde la vas guardar?, \u00bfTienes espacio?, \u00bfQuieres donar?, para darle entrada al nuevo color.<\/li>\n<li style=\"text-align: justify\">Lo m\u00e1s recomendable es usarlo en las habitaciones porque\u00a0 proyecta serenidad y tambi\u00e9n creatividad. Cuidado con la cantidad que uses para no actuar de manera imperativa en el lugar que se supones que es para descansar. Puedes crear un acento con objetos de este color, que llame la atenci\u00f3n\u00a0 de las personas que asistan a tu casa usando floreros, lamparas, cojines, ropada de cama, entre otres elementos.<\/li>\n<\/ul>\n<p><strong>\u00bfCu\u00e1les colores puedes colocar junto al Very Peri?<\/strong><\/p>\n<p style=\"text-align: justify\">Puedes utilizar los siguientes colores junto al Very Peri: Tonos inspirados en la naturaleza, an\u00e1logos, neutros, complementarios. Si no sabes realizar combinaciones de tonos, desconoces de\u00a0 las t\u00e9cnicas y estrategias en decoraci\u00f3n, entonces recuerda no utilizar en todo el espacio este color, para que puedas lograr armon\u00eda visual.<\/p>\n<p><strong>\u00bfCu\u00e1l es el proceso de selecci\u00f3n del Pantone Color of the Year?<\/strong><\/p>\n<p style=\"text-align: justify\">Los expertos del Pantone Color Institute para llegar a la selecci\u00f3n final de cada a\u00f1o, analizan a fondo el mercado en busca de nuevas influencias entre estas se incluye la industria del entretenimiento, pel\u00edculas en fase de rodaje, colecciones itinerantes de arte, nuevos artistas, moda, todas las \u00e1reas del dise\u00f1o, destinos tur\u00edsticos populares , nuevos estilos de vida, tendencias de juego , de diversi\u00f3n y condiciones socioecon\u00f3micas.<\/p>\n<p style=\"text-align: justify\">Durante m\u00e1s de 23 a\u00f1os, el Pantone Color of the Year ha influido en el desarrollo de los productos y en las decisiones de compra de m\u00faltiples sectores, como el de la moda, la decoraci\u00f3n de interiores dise\u00f1o industrial, as\u00ed como el embalaje , envasado de productos y el dise\u00f1o gr\u00e1fico.<\/p>\n<p style=\"text-align: justify\">Pantone es la unidad de negocio encargada de destacar los principales colores de la pasarela estacional, seleccionar el color del a\u00f1o , pronosticar las tendencias de color globales, asesorar a las empresas en materia de color para el desarrollo de productos y la identidad visual de las marcas.<\/p>\n<p><strong>Fuentes:<\/strong><\/p>\n<ul>\n<li style=\"text-align: justify\">elmueble.com<\/li>\n<li style=\"text-align: justify\">lavanguardia.com<\/li>\n<li style=\"text-align: justify\">pantone.com<\/li>\n<li style=\"text-align: justify\">cnnespanol.cnn.com<\/li>\n<li style=\"text-align: justify\">20minutos.es<\/li>\n<li style=\"text-align: justify\">elcomercio.pe<\/li>\n<li style=\"text-align: justify\">hoy.com.do<\/li>\n<li style=\"text-align: justify\">realestatemarket.com.mx<\/li>\n<li style=\"text-align: justify\">diariovasco.com<\/li>\n<li style=\"text-align: justify\">cocinaintegral.net<\/li>\n<li style=\"text-align: justify\">laestrella.com.pa<\/li>\n<li style=\"text-align: justify\">laprensa.hn<\/li>\n<li style=\"text-align: justify\">hoaregroup.com<\/li>\n<li style=\"text-align: justify\">Pinterest<\/li>\n<li style=\"text-align: justify\">Decor Tips<\/li>\n<li style=\"text-align: justify\">Deco Ideas con estilo<\/li>\n<li style=\"text-align: justify\">Masquespacio<\/li>\n<\/ul>\n<p>Redes sociales:<\/p>\n<ul>\n<li>Facebook: <a href=\"https:\/\/www.facebook.com\/MejiaValdezdesign\">Mej\u00eda Valdez<\/a><\/li>\n<li>Instagram:<a href=\"https:\/\/www.instagram.com\/mejiavaldezdesign\/\"> @mejiavaldezdesign<\/a><\/li>\n<\/ul>\n<p>&nbsp;<\/p>\n","protected":false},"excerpt":{"rendered":"<p>NOTI-AM\u00c9RICA REP\u00daBLICA DOMINICANA Por: Arq. Danilka Mej\u00eda Valdez. 15 Enero 2022 Very Peri Pantone 17-3938 , es un tono azul b\u00edgaro din\u00e1mico con un matiz rojo violeta vivificante que combina la fidelidad y la&#46;&#46;&#46;<\/p>\n","protected":false},"author":97,"featured_media":15592,"comment_status":"open","ping_status":"open","sticky":false,"template":"","format":"gallery","meta":{"_acf_changed":false,"rop_custom_images_group":[],"rop_custom_messages_group":[],"rop_publish_now":"initial","rop_publish_now_accounts":[],"rop_publish_now_history":[],"rop_publish_now_status":"pending","footnotes":""},"categories":[277],"tags":[2010,2003,2007,2002,2006,2005,2008,2004,2009],"class_list":["post-15591","post","type-post","status-publish","format-gallery","has-post-thumbnail","hentry","category-acturalidad","tag-color-del-ano","tag-decoracion-hogar","tag-diseno-hogar","tag-hogar-dulce-hogar","tag-hogares","tag-mi-hogar","tag-pantone-2022","tag-textil-hogar","tag-very-peri","post_format-post-format-gallery"],"acf":[],"yoast_head":"<!-- This site is optimized with the Yoast SEO Premium plugin v24.9 (Yoast SEO v27.2) - https:\/\/yoast.com\/product\/yoast-seo-premium-wordpress\/ -->\n<title>Very Peri: Ideas para Adaptar el nuevo color del a\u00f1o en tu hogar - Rep. Dominicana | Noti-America.com<\/title>\n<meta name=\"robots\" content=\"index, follow, max-snippet:-1, max-image-preview:large, max-video-preview:-1\" \/>\n<link rel=\"canonical\" href=\"https:\/\/noti-america.com\/site\/repdom\/2022\/01\/15\/very-peri-es-el-nuevo-color-del-ano-2022-propuesto-pantone\/\" \/>\n<meta property=\"og:locale\" content=\"es_ES\" \/>\n<meta property=\"og:type\" content=\"article\" \/>\n<meta property=\"og:title\" content=\"Very Peri: Ideas para Adaptar el nuevo color del a\u00f1o en tu hogar\" \/>\n<meta property=\"og:description\" content=\"NOTI-AM\u00c9RICA REP\u00daBLICA DOMINICANA Por: Arq. Danilka Mej\u00eda Valdez. 15 Enero 2022 Very Peri Pantone 17-3938 , es un tono azul b\u00edgaro din\u00e1mico con un matiz rojo violeta vivificante que combina la fidelidad y la&#046;&#046;&#046;\" \/>\n<meta property=\"og:url\" content=\"https:\/\/noti-america.com\/site\/repdom\/2022\/01\/15\/very-peri-es-el-nuevo-color-del-ano-2022-propuesto-pantone\/\" \/>\n<meta property=\"og:site_name\" content=\"Rep. Dominicana | Noti-America.com\" \/>\n<meta property=\"article:published_time\" content=\"2022-01-15T20:00:56+00:00\" \/>\n<meta property=\"article:modified_time\" content=\"2022-01-15T20:51:37+00:00\" \/>\n<meta property=\"og:image\" content=\"https:\/\/noti-america.com\/site\/repdom\/wp-content\/uploads\/sites\/6\/2022\/01\/gp1601coy22-color-of-the-year-2022-very-peri-1.jpg\" \/>\n\t<meta property=\"og:image:width\" content=\"1500\" \/>\n\t<meta property=\"og:image:height\" content=\"1500\" \/>\n\t<meta property=\"og:image:type\" content=\"image\/jpeg\" \/>\n<meta name=\"author\" content=\"Danilka Mejia\" \/>\n<meta name=\"twitter:card\" content=\"summary_large_image\" \/>\n<meta name=\"twitter:creator\" content=\"@MejiaValdezRD\" \/>\n<meta name=\"twitter:label1\" content=\"Escrito por\" \/>\n\t<meta name=\"twitter:data1\" content=\"Danilka Mejia\" \/>\n\t<meta name=\"twitter:label2\" content=\"Tiempo estimado de lectura\" \/>\n\t<meta name=\"twitter:data2\" content=\"3 minutos\" \/>\n<script type=\"application\/ld+json\" class=\"yoast-schema-graph\">{\"@context\":\"https:\/\/schema.org\",\"@graph\":[{\"@type\":\"Article\",\"@id\":\"https:\/\/noti-america.com\/site\/repdom\/2022\/01\/15\/very-peri-es-el-nuevo-color-del-ano-2022-propuesto-pantone\/#article\",\"isPartOf\":{\"@id\":\"https:\/\/noti-america.com\/site\/repdom\/2022\/01\/15\/very-peri-es-el-nuevo-color-del-ano-2022-propuesto-pantone\/\"},\"author\":{\"name\":\"Danilka Mejia\",\"@id\":\"https:\/\/noti-america.com\/site\/repdom\/#\/schema\/person\/5bde7c8614301322fd0fce621af68ac9\"},\"headline\":\"Very Peri: Ideas para Adaptar el nuevo color del a\u00f1o en tu hogar\",\"datePublished\":\"2022-01-15T20:00:56+00:00\",\"dateModified\":\"2022-01-15T20:51:37+00:00\",\"mainEntityOfPage\":{\"@id\":\"https:\/\/noti-america.com\/site\/repdom\/2022\/01\/15\/very-peri-es-el-nuevo-color-del-ano-2022-propuesto-pantone\/\"},\"wordCount\":504,\"commentCount\":0,\"publisher\":{\"@id\":\"https:\/\/noti-america.com\/site\/repdom\/#organization\"},\"image\":{\"@id\":\"https:\/\/noti-america.com\/site\/repdom\/2022\/01\/15\/very-peri-es-el-nuevo-color-del-ano-2022-propuesto-pantone\/#primaryimage\"},\"thumbnailUrl\":\"https:\/\/noti-america.com\/site\/repdom\/wp-content\/uploads\/sites\/6\/2022\/01\/gp1601coy22-color-of-the-year-2022-very-peri-1.jpg\",\"keywords\":[\"Color del a\u00f1o\",\"Decoraci\u00f3n hogar\",\"Dise\u00f1o hogar\",\"Hogar dulce hogar\",\"Hogares\",\"Mi hogar\",\"Pantone 2022\",\"Textil hogar\",\"Very Peri\"],\"articleSection\":[\"Actualidad\"],\"inLanguage\":\"es\",\"potentialAction\":[{\"@type\":\"CommentAction\",\"name\":\"Comment\",\"target\":[\"https:\/\/noti-america.com\/site\/repdom\/2022\/01\/15\/very-peri-es-el-nuevo-color-del-ano-2022-propuesto-pantone\/#respond\"]}]},{\"@type\":\"WebPage\",\"@id\":\"https:\/\/noti-america.com\/site\/repdom\/2022\/01\/15\/very-peri-es-el-nuevo-color-del-ano-2022-propuesto-pantone\/\",\"url\":\"https:\/\/noti-america.com\/site\/repdom\/2022\/01\/15\/very-peri-es-el-nuevo-color-del-ano-2022-propuesto-pantone\/\",\"name\":\"Very Peri: Ideas para Adaptar el nuevo color del a\u00f1o en tu hogar - Rep. Dominicana | Noti-America.com\",\"isPartOf\":{\"@id\":\"https:\/\/noti-america.com\/site\/repdom\/#website\"},\"primaryImageOfPage\":{\"@id\":\"https:\/\/noti-america.com\/site\/repdom\/2022\/01\/15\/very-peri-es-el-nuevo-color-del-ano-2022-propuesto-pantone\/#primaryimage\"},\"image\":{\"@id\":\"https:\/\/noti-america.com\/site\/repdom\/2022\/01\/15\/very-peri-es-el-nuevo-color-del-ano-2022-propuesto-pantone\/#primaryimage\"},\"thumbnailUrl\":\"https:\/\/noti-america.com\/site\/repdom\/wp-content\/uploads\/sites\/6\/2022\/01\/gp1601coy22-color-of-the-year-2022-very-peri-1.jpg\",\"datePublished\":\"2022-01-15T20:00:56+00:00\",\"dateModified\":\"2022-01-15T20:51:37+00:00\",\"breadcrumb\":{\"@id\":\"https:\/\/noti-america.com\/site\/repdom\/2022\/01\/15\/very-peri-es-el-nuevo-color-del-ano-2022-propuesto-pantone\/#breadcrumb\"},\"inLanguage\":\"es\",\"potentialAction\":[{\"@type\":\"ReadAction\",\"target\":[\"https:\/\/noti-america.com\/site\/repdom\/2022\/01\/15\/very-peri-es-el-nuevo-color-del-ano-2022-propuesto-pantone\/\"]}]},{\"@type\":\"ImageObject\",\"inLanguage\":\"es\",\"@id\":\"https:\/\/noti-america.com\/site\/repdom\/2022\/01\/15\/very-peri-es-el-nuevo-color-del-ano-2022-propuesto-pantone\/#primaryimage\",\"url\":\"https:\/\/noti-america.com\/site\/repdom\/wp-content\/uploads\/sites\/6\/2022\/01\/gp1601coy22-color-of-the-year-2022-very-peri-1.jpg\",\"contentUrl\":\"https:\/\/noti-america.com\/site\/repdom\/wp-content\/uploads\/sites\/6\/2022\/01\/gp1601coy22-color-of-the-year-2022-very-peri-1.jpg\",\"width\":1500,\"height\":1500},{\"@type\":\"BreadcrumbList\",\"@id\":\"https:\/\/noti-america.com\/site\/repdom\/2022\/01\/15\/very-peri-es-el-nuevo-color-del-ano-2022-propuesto-pantone\/#breadcrumb\",\"itemListElement\":[{\"@type\":\"ListItem\",\"position\":1,\"name\":\"Portada\",\"item\":\"https:\/\/noti-america.com\/site\/repdom\/\"},{\"@type\":\"ListItem\",\"position\":2,\"name\":\"Very Peri: Ideas para Adaptar el nuevo color del a\u00f1o en tu hogar\"}]},{\"@type\":\"WebSite\",\"@id\":\"https:\/\/noti-america.com\/site\/repdom\/#website\",\"url\":\"https:\/\/noti-america.com\/site\/repdom\/\",\"name\":\"Rep. Dominicana | Noti-America.com\",\"description\":\"\",\"publisher\":{\"@id\":\"https:\/\/noti-america.com\/site\/repdom\/#organization\"},\"potentialAction\":[{\"@type\":\"SearchAction\",\"target\":{\"@type\":\"EntryPoint\",\"urlTemplate\":\"https:\/\/noti-america.com\/site\/repdom\/?s={search_term_string}\"},\"query-input\":{\"@type\":\"PropertyValueSpecification\",\"valueRequired\":true,\"valueName\":\"search_term_string\"}}],\"inLanguage\":\"es\"},{\"@type\":\"Organization\",\"@id\":\"https:\/\/noti-america.com\/site\/repdom\/#organization\",\"name\":\"Noti-America LLC | Rep\u00fablica Dominicana\",\"url\":\"https:\/\/noti-america.com\/site\/repdom\/\",\"logo\":{\"@type\":\"ImageObject\",\"inLanguage\":\"es\",\"@id\":\"https:\/\/noti-america.com\/site\/repdom\/#\/schema\/logo\/image\/\",\"url\":\"https:\/\/noti-america.com\/site\/repdom\/wp-content\/uploads\/sites\/6\/2020\/07\/LogoNA-4x3-1.jpg\",\"contentUrl\":\"https:\/\/noti-america.com\/site\/repdom\/wp-content\/uploads\/sites\/6\/2020\/07\/LogoNA-4x3-1.jpg\",\"width\":1236,\"height\":1080,\"caption\":\"Noti-America LLC | Rep\u00fablica Dominicana\"},\"image\":{\"@id\":\"https:\/\/noti-america.com\/site\/repdom\/#\/schema\/logo\/image\/\"}},{\"@type\":\"Person\",\"@id\":\"https:\/\/noti-america.com\/site\/repdom\/#\/schema\/person\/5bde7c8614301322fd0fce621af68ac9\",\"name\":\"Danilka Mejia\",\"image\":{\"@type\":\"ImageObject\",\"inLanguage\":\"es\",\"@id\":\"https:\/\/secure.gravatar.com\/avatar\/9bcb08bb5654a80ea1803fd02d1cf7a6ae004f047558403ab4c074be762ba8d5?s=96&d=mm&r=g\",\"url\":\"https:\/\/secure.gravatar.com\/avatar\/9bcb08bb5654a80ea1803fd02d1cf7a6ae004f047558403ab4c074be762ba8d5?s=96&d=mm&r=g\",\"contentUrl\":\"https:\/\/secure.gravatar.com\/avatar\/9bcb08bb5654a80ea1803fd02d1cf7a6ae004f047558403ab4c074be762ba8d5?s=96&d=mm&r=g\",\"caption\":\"Danilka Mejia\"},\"description\":\"Soy Speaker del segmento: \u201cDescubre, Transforma y Decora\u201d , tambi\u00e9n formo parte del equipo del dise\u00f1o gr\u00e1fico del programa Juntos En Familia (Galardonado como mejor programa de emisora digital de la Rep. Dom.) .Arquitecta en Rodr\u00edguez Plumbing Contractors Internacional,LLC. Creadora de contenido para Redes Sociales . Soy asesora sobre Arquitectura, Dise\u00f1o, Orden y Limpieza.\",\"sameAs\":[\"https:\/\/x.com\/MejiaValdezRD\"],\"url\":\"https:\/\/noti-america.com\/site\/repdom\/author\/dmejia\/\"}]}<\/script>\n<!-- \/ Yoast SEO Premium plugin. -->","yoast_head_json":{"title":"Very Peri: Ideas para Adaptar el nuevo color del a\u00f1o en tu hogar - Rep. Dominicana | Noti-America.com","robots":{"index":"index","follow":"follow","max-snippet":"max-snippet:-1","max-image-preview":"max-image-preview:large","max-video-preview":"max-video-preview:-1"},"canonical":"https:\/\/noti-america.com\/site\/repdom\/2022\/01\/15\/very-peri-es-el-nuevo-color-del-ano-2022-propuesto-pantone\/","og_locale":"es_ES","og_type":"article","og_title":"Very Peri: Ideas para Adaptar el nuevo color del a\u00f1o en tu hogar","og_description":"NOTI-AM\u00c9RICA REP\u00daBLICA DOMINICANA Por: Arq. Danilka Mej\u00eda Valdez. 15 Enero 2022 Very Peri Pantone 17-3938 , es un tono azul b\u00edgaro din\u00e1mico con un matiz rojo violeta vivificante que combina la fidelidad y la&#46;&#46;&#46;","og_url":"https:\/\/noti-america.com\/site\/repdom\/2022\/01\/15\/very-peri-es-el-nuevo-color-del-ano-2022-propuesto-pantone\/","og_site_name":"Rep. Dominicana | Noti-America.com","article_published_time":"2022-01-15T20:00:56+00:00","article_modified_time":"2022-01-15T20:51:37+00:00","og_image":[{"width":1500,"height":1500,"url":"https:\/\/noti-america.com\/site\/repdom\/wp-content\/uploads\/sites\/6\/2022\/01\/gp1601coy22-color-of-the-year-2022-very-peri-1.jpg","type":"image\/jpeg"}],"author":"Danilka Mejia","twitter_card":"summary_large_image","twitter_creator":"@MejiaValdezRD","twitter_misc":{"Escrito por":"Danilka Mejia","Tiempo estimado de lectura":"3 minutos"},"schema":{"@context":"https:\/\/schema.org","@graph":[{"@type":"Article","@id":"https:\/\/noti-america.com\/site\/repdom\/2022\/01\/15\/very-peri-es-el-nuevo-color-del-ano-2022-propuesto-pantone\/#article","isPartOf":{"@id":"https:\/\/noti-america.com\/site\/repdom\/2022\/01\/15\/very-peri-es-el-nuevo-color-del-ano-2022-propuesto-pantone\/"},"author":{"name":"Danilka Mejia","@id":"https:\/\/noti-america.com\/site\/repdom\/#\/schema\/person\/5bde7c8614301322fd0fce621af68ac9"},"headline":"Very Peri: Ideas para Adaptar el nuevo color del a\u00f1o en tu hogar","datePublished":"2022-01-15T20:00:56+00:00","dateModified":"2022-01-15T20:51:37+00:00","mainEntityOfPage":{"@id":"https:\/\/noti-america.com\/site\/repdom\/2022\/01\/15\/very-peri-es-el-nuevo-color-del-ano-2022-propuesto-pantone\/"},"wordCount":504,"commentCount":0,"publisher":{"@id":"https:\/\/noti-america.com\/site\/repdom\/#organization"},"image":{"@id":"https:\/\/noti-america.com\/site\/repdom\/2022\/01\/15\/very-peri-es-el-nuevo-color-del-ano-2022-propuesto-pantone\/#primaryimage"},"thumbnailUrl":"https:\/\/noti-america.com\/site\/repdom\/wp-content\/uploads\/sites\/6\/2022\/01\/gp1601coy22-color-of-the-year-2022-very-peri-1.jpg","keywords":["Color del a\u00f1o","Decoraci\u00f3n hogar","Dise\u00f1o hogar","Hogar dulce hogar","Hogares","Mi hogar","Pantone 2022","Textil hogar","Very Peri"],"articleSection":["Actualidad"],"inLanguage":"es","potentialAction":[{"@type":"CommentAction","name":"Comment","target":["https:\/\/noti-america.com\/site\/repdom\/2022\/01\/15\/very-peri-es-el-nuevo-color-del-ano-2022-propuesto-pantone\/#respond"]}]},{"@type":"WebPage","@id":"https:\/\/noti-america.com\/site\/repdom\/2022\/01\/15\/very-peri-es-el-nuevo-color-del-ano-2022-propuesto-pantone\/","url":"https:\/\/noti-america.com\/site\/repdom\/2022\/01\/15\/very-peri-es-el-nuevo-color-del-ano-2022-propuesto-pantone\/","name":"Very Peri: Ideas para Adaptar el nuevo color del a\u00f1o en tu hogar - Rep. Dominicana | Noti-America.com","isPartOf":{"@id":"https:\/\/noti-america.com\/site\/repdom\/#website"},"primaryImageOfPage":{"@id":"https:\/\/noti-america.com\/site\/repdom\/2022\/01\/15\/very-peri-es-el-nuevo-color-del-ano-2022-propuesto-pantone\/#primaryimage"},"image":{"@id":"https:\/\/noti-america.com\/site\/repdom\/2022\/01\/15\/very-peri-es-el-nuevo-color-del-ano-2022-propuesto-pantone\/#primaryimage"},"thumbnailUrl":"https:\/\/noti-america.com\/site\/repdom\/wp-content\/uploads\/sites\/6\/2022\/01\/gp1601coy22-color-of-the-year-2022-very-peri-1.jpg","datePublished":"2022-01-15T20:00:56+00:00","dateModified":"2022-01-15T20:51:37+00:00","breadcrumb":{"@id":"https:\/\/noti-america.com\/site\/repdom\/2022\/01\/15\/very-peri-es-el-nuevo-color-del-ano-2022-propuesto-pantone\/#breadcrumb"},"inLanguage":"es","potentialAction":[{"@type":"ReadAction","target":["https:\/\/noti-america.com\/site\/repdom\/2022\/01\/15\/very-peri-es-el-nuevo-color-del-ano-2022-propuesto-pantone\/"]}]},{"@type":"ImageObject","inLanguage":"es","@id":"https:\/\/noti-america.com\/site\/repdom\/2022\/01\/15\/very-peri-es-el-nuevo-color-del-ano-2022-propuesto-pantone\/#primaryimage","url":"https:\/\/noti-america.com\/site\/repdom\/wp-content\/uploads\/sites\/6\/2022\/01\/gp1601coy22-color-of-the-year-2022-very-peri-1.jpg","contentUrl":"https:\/\/noti-america.com\/site\/repdom\/wp-content\/uploads\/sites\/6\/2022\/01\/gp1601coy22-color-of-the-year-2022-very-peri-1.jpg","width":1500,"height":1500},{"@type":"BreadcrumbList","@id":"https:\/\/noti-america.com\/site\/repdom\/2022\/01\/15\/very-peri-es-el-nuevo-color-del-ano-2022-propuesto-pantone\/#breadcrumb","itemListElement":[{"@type":"ListItem","position":1,"name":"Portada","item":"https:\/\/noti-america.com\/site\/repdom\/"},{"@type":"ListItem","position":2,"name":"Very Peri: Ideas para Adaptar el nuevo color del a\u00f1o en tu hogar"}]},{"@type":"WebSite","@id":"https:\/\/noti-america.com\/site\/repdom\/#website","url":"https:\/\/noti-america.com\/site\/repdom\/","name":"Rep. Dominicana | Noti-America.com","description":"","publisher":{"@id":"https:\/\/noti-america.com\/site\/repdom\/#organization"},"potentialAction":[{"@type":"SearchAction","target":{"@type":"EntryPoint","urlTemplate":"https:\/\/noti-america.com\/site\/repdom\/?s={search_term_string}"},"query-input":{"@type":"PropertyValueSpecification","valueRequired":true,"valueName":"search_term_string"}}],"inLanguage":"es"},{"@type":"Organization","@id":"https:\/\/noti-america.com\/site\/repdom\/#organization","name":"Noti-America LLC | Rep\u00fablica Dominicana","url":"https:\/\/noti-america.com\/site\/repdom\/","logo":{"@type":"ImageObject","inLanguage":"es","@id":"https:\/\/noti-america.com\/site\/repdom\/#\/schema\/logo\/image\/","url":"https:\/\/noti-america.com\/site\/repdom\/wp-content\/uploads\/sites\/6\/2020\/07\/LogoNA-4x3-1.jpg","contentUrl":"https:\/\/noti-america.com\/site\/repdom\/wp-content\/uploads\/sites\/6\/2020\/07\/LogoNA-4x3-1.jpg","width":1236,"height":1080,"caption":"Noti-America LLC | Rep\u00fablica Dominicana"},"image":{"@id":"https:\/\/noti-america.com\/site\/repdom\/#\/schema\/logo\/image\/"}},{"@type":"Person","@id":"https:\/\/noti-america.com\/site\/repdom\/#\/schema\/person\/5bde7c8614301322fd0fce621af68ac9","name":"Danilka Mejia","image":{"@type":"ImageObject","inLanguage":"es","@id":"https:\/\/secure.gravatar.com\/avatar\/9bcb08bb5654a80ea1803fd02d1cf7a6ae004f047558403ab4c074be762ba8d5?s=96&d=mm&r=g","url":"https:\/\/secure.gravatar.com\/avatar\/9bcb08bb5654a80ea1803fd02d1cf7a6ae004f047558403ab4c074be762ba8d5?s=96&d=mm&r=g","contentUrl":"https:\/\/secure.gravatar.com\/avatar\/9bcb08bb5654a80ea1803fd02d1cf7a6ae004f047558403ab4c074be762ba8d5?s=96&d=mm&r=g","caption":"Danilka Mejia"},"description":"Soy Speaker del segmento: \u201cDescubre, Transforma y Decora\u201d , tambi\u00e9n formo parte del equipo del dise\u00f1o gr\u00e1fico del programa Juntos En Familia (Galardonado como mejor programa de emisora digital de la Rep. Dom.) .Arquitecta en Rodr\u00edguez Plumbing Contractors Internacional,LLC. Creadora de contenido para Redes Sociales . Soy asesora sobre Arquitectura, Dise\u00f1o, Orden y Limpieza.","sameAs":["https:\/\/x.com\/MejiaValdezRD"],"url":"https:\/\/noti-america.com\/site\/repdom\/author\/dmejia\/"}]}},"_links":{"self":[{"href":"https:\/\/noti-america.com\/site\/repdom\/wp-json\/wp\/v2\/posts\/15591","targetHints":{"allow":["GET"]}}],"collection":[{"href":"https:\/\/noti-america.com\/site\/repdom\/wp-json\/wp\/v2\/posts"}],"about":[{"href":"https:\/\/noti-america.com\/site\/repdom\/wp-json\/wp\/v2\/types\/post"}],"author":[{"embeddable":true,"href":"https:\/\/noti-america.com\/site\/repdom\/wp-json\/wp\/v2\/users\/97"}],"replies":[{"embeddable":true,"href":"https:\/\/noti-america.com\/site\/repdom\/wp-json\/wp\/v2\/comments?post=15591"}],"version-history":[{"count":4,"href":"https:\/\/noti-america.com\/site\/repdom\/wp-json\/wp\/v2\/posts\/15591\/revisions"}],"predecessor-version":[{"id":15609,"href":"https:\/\/noti-america.com\/site\/repdom\/wp-json\/wp\/v2\/posts\/15591\/revisions\/15609"}],"wp:featuredmedia":[{"embeddable":true,"href":"https:\/\/noti-america.com\/site\/repdom\/wp-json\/wp\/v2\/media\/15592"}],"wp:attachment":[{"href":"https:\/\/noti-america.com\/site\/repdom\/wp-json\/wp\/v2\/media?parent=15591"}],"wp:term":[{"taxonomy":"category","embeddable":true,"href":"https:\/\/noti-america.com\/site\/repdom\/wp-json\/wp\/v2\/categories?post=15591"},{"taxonomy":"post_tag","embeddable":true,"href":"https:\/\/noti-america.com\/site\/repdom\/wp-json\/wp\/v2\/tags?post=15591"}],"curies":[{"name":"wp","href":"https:\/\/api.w.org\/{rel}","templated":true}]}}