{"id":15437,"date":"2022-01-07T01:55:00","date_gmt":"2022-01-07T01:55:00","guid":{"rendered":"https:\/\/noti-america.com\/site\/repdom\/?p=15437"},"modified":"2022-01-07T01:55:00","modified_gmt":"2022-01-07T01:55:00","slug":"entidades-publicas-contrataron-mas-de-rd874-millones-para-la-adquisicion-de-articulos-textiles-durante-el-2021","status":"publish","type":"post","link":"https:\/\/noti-america.com\/site\/repdom\/2022\/01\/07\/entidades-publicas-contrataron-mas-de-rd874-millones-para-la-adquisicion-de-articulos-textiles-durante-el-2021\/","title":{"rendered":"Entidades p\u00fablicas contrataron m\u00e1s de RD$874 millones para la adquisici\u00f3n de art\u00edculos textiles durante el 2021"},"content":{"rendered":"<p style=\"text-align: justify\">SANTO DOMINGO &#8211; El Director General de Contrataciones P\u00fablicas, Carlos Pimentel, se reuni\u00f3 este jueves con representantes de tres asociaciones de textileros para presentarles un balance del desempe\u00f1o alcanzado por este sector productivo durante el 2021 en el Sistema Nacional de Compras y Contrataciones P\u00fablicas (SNCCP).<\/p>\n<p style=\"text-align: justify\">Pimentel revel\u00f3 que, en el a\u00f1o reci\u00e9n concluido, fue transado a trav\u00e9s del Portal Transaccional un monto de m\u00e1s de RD$874 millones en 4,800 contratos dirigidos a la adquisici\u00f3n de art\u00edculos textiles, de los cuales, el 56% fueron realizados bajo la modalidad de licitaci\u00f3n p\u00fablica nacional.<\/p>\n<p style=\"text-align: justify\">Entre las adjudicaciones realizadas se destacan los contratos para la adquisici\u00f3n o confecci\u00f3n de uniformes escolares y mochilas, as\u00ed como uniformes para empleados p\u00fablicos y para presidiarios de los recintos penitenciarios.<\/p>\n<p style=\"text-align: justify\">Seg\u00fan las estad\u00edsticas de la DGCP, durante este periodo se adjudicaron 695 proveedores diferentes del sector textil, lo que representa un 15% del total de proveedores activos asociados al sector y registrados como proveedores del Estado dominicano.<\/p>\n<p style=\"text-align: justify\">Del monto total adjudicado a empresas textiles proveedoras del Estado, el 62% fue otorgado a empresas mipymes certificadas, de los cuales, el 28% estuvo dirigido a medianas y peque\u00f1as empresas lideradas por mujeres.<\/p>\n<p style=\"text-align: justify\">Pimentel tambi\u00e9n destac\u00f3 que, en el periodo 2018-2021 solamente el Instituto Nacional de Bienestar Estudiantil (INABIE) contrat\u00f3 m\u00e1s de RD$1,549 millones para la confecci\u00f3n, importaci\u00f3n o adquisici\u00f3n de uniformes escolares, es decir, camisetas, pantalones y zapatos.<\/p>\n<p style=\"text-align: justify\">En tanto, entre los procesos publicados por la Polic\u00eda Nacional se destaca uno dirigido a la \u201cCompra de prendas de vestir y calzados para el ingreso de 1,000 nuevos miembros al Sistema Nacional de Atenci\u00f3n a Emergencias y Seguridad (911)\u201d por un monto de RD$ 773,153,231.00<\/p>\n<p style=\"text-align: justify\">Durante la reuni\u00f3n sostenida con los se\u00f1ores Fernando Pinales, Eduardo Grull\u00f3n y Antonio Colon, presidentes de la Asociaci\u00f3n de Peque\u00f1as y Medianas Empresas Textileras (APYMETEX), de la Asociaci\u00f3n de Industriales Textiles del Cibao (ASITEC) y de la Asociaci\u00f3n Dominicana de la Industria Textil (ADITEX), respectivamente, Pimentel aprovech\u00f3 para aclarar el estatus de los contratos del Estado dominicano con el Instituto Nacional de la Aguja (INAGUJA).<\/p>\n<p style=\"text-align: justify\">Al respecto, el director de la DGCP les aclar\u00f3 que la normativa vigente establece en su art\u00edculo 6 que se excluyen de la aplicaci\u00f3n de la Ley 340-06 los procesos de compras y contrataciones relacionados con la actividad que se contrate entre entidades del sector p\u00fablico; implicando lo anterior que podr\u00e1n realizarse, siempre y cuando la instituci\u00f3n no subcontrate los bienes y\/o servicios a suplir.<\/p>\n<p style=\"text-align: justify\">En tal sentido, destac\u00f3 que esa instituci\u00f3n figura registrada como proveedora en calidad de oficina gubernamental junto a la Escuela de Formaci\u00f3n T\u00e9cnica Vocacional Sabaneta, Astilleros Navales Dominicanos, la Gobernaci\u00f3n provincial de Hato Mayor, la Direcci\u00f3n General de Escuelas Vocacionales de las Fuerzas Armadas y la Polic\u00eda Nacional, y la Direcci\u00f3n General de la Industria Militar de las Fuerzas Armadas.<\/p>\n<p style=\"text-align: justify\">Pimentel subray\u00f3 que seguir\u00e1n investigando a profundidad este y otros casos para fortalecer la transparencia en el SNCCP.<\/p>\n<p style=\"text-align: justify\"><strong>Fuente: Departamento de Comunicaciones DGCP<\/strong><\/p>\n","protected":false},"excerpt":{"rendered":"<p>SANTO DOMINGO &#8211; El Director General de Contrataciones P\u00fablicas, Carlos Pimentel, se reuni\u00f3 este jueves con representantes de tres asociaciones de textileros para presentarles un balance del desempe\u00f1o alcanzado por este sector productivo durante&#46;&#46;&#46;<\/p>\n","protected":false},"author":89,"featured_media":15439,"comment_status":"open","ping_status":"open","sticky":false,"template":"","format":"standard","meta":{"_acf_changed":false,"rop_custom_images_group":[],"rop_custom_messages_group":[],"rop_publish_now":"initial","rop_publish_now_accounts":[],"rop_publish_now_history":[],"rop_publish_now_status":"pending","footnotes":""},"categories":[333],"tags":[1972,1973],"class_list":["post-15437","post","type-post","status-publish","format-standard","has-post-thumbnail","hentry","category-economia-opinion","tag-carlos-pimentel","tag-direccion-general-de-compras-y-contrataciones-publicas"],"acf":[],"yoast_head":"<!-- This site is optimized with the Yoast SEO Premium plugin v24.9 (Yoast SEO v27.2) - https:\/\/yoast.com\/product\/yoast-seo-premium-wordpress\/ -->\n<title>Entidades p\u00fablicas contrataron m\u00e1s de RD$874 millones para la adquisici\u00f3n de art\u00edculos textiles durante el 2021 - Rep. Dominicana | Noti-America.com<\/title>\n<meta name=\"robots\" content=\"index, follow, max-snippet:-1, max-image-preview:large, max-video-preview:-1\" \/>\n<link rel=\"canonical\" href=\"https:\/\/noti-america.com\/site\/repdom\/2022\/01\/07\/entidades-publicas-contrataron-mas-de-rd874-millones-para-la-adquisicion-de-articulos-textiles-durante-el-2021\/\" \/>\n<meta property=\"og:locale\" content=\"es_ES\" \/>\n<meta property=\"og:type\" content=\"article\" \/>\n<meta property=\"og:title\" content=\"Entidades p\u00fablicas contrataron m\u00e1s de RD$874 millones para la adquisici\u00f3n de art\u00edculos textiles durante el 2021\" \/>\n<meta property=\"og:description\" content=\"SANTO DOMINGO &#8211; El Director General de Contrataciones P\u00fablicas, Carlos Pimentel, se reuni\u00f3 este jueves con representantes de tres asociaciones de textileros para presentarles un balance del desempe\u00f1o alcanzado por este sector productivo durante&#046;&#046;&#046;\" \/>\n<meta property=\"og:url\" content=\"https:\/\/noti-america.com\/site\/repdom\/2022\/01\/07\/entidades-publicas-contrataron-mas-de-rd874-millones-para-la-adquisicion-de-articulos-textiles-durante-el-2021\/\" \/>\n<meta property=\"og:site_name\" content=\"Rep. Dominicana | Noti-America.com\" \/>\n<meta property=\"article:published_time\" content=\"2022-01-07T01:55:00+00:00\" \/>\n<meta property=\"og:image\" content=\"https:\/\/noti-america.com\/site\/repdom\/wp-content\/uploads\/sites\/6\/2022\/01\/Compras-y-Contrataciones.jpg\" \/>\n\t<meta property=\"og:image:width\" content=\"1280\" \/>\n\t<meta property=\"og:image:height\" content=\"853\" \/>\n\t<meta property=\"og:image:type\" content=\"image\/jpeg\" \/>\n<meta name=\"author\" content=\"Ad\u00e1n Soriano\" \/>\n<meta name=\"twitter:card\" content=\"summary_large_image\" \/>\n<meta name=\"twitter:creator\" content=\"@adansoriano\" \/>\n<meta name=\"twitter:label1\" content=\"Escrito por\" \/>\n\t<meta name=\"twitter:data1\" content=\"Ad\u00e1n Soriano\" \/>\n\t<meta name=\"twitter:label2\" content=\"Tiempo estimado de lectura\" \/>\n\t<meta name=\"twitter:data2\" content=\"3 minutos\" \/>\n<script type=\"application\/ld+json\" class=\"yoast-schema-graph\">{\"@context\":\"https:\/\/schema.org\",\"@graph\":[{\"@type\":\"Article\",\"@id\":\"https:\/\/noti-america.com\/site\/repdom\/2022\/01\/07\/entidades-publicas-contrataron-mas-de-rd874-millones-para-la-adquisicion-de-articulos-textiles-durante-el-2021\/#article\",\"isPartOf\":{\"@id\":\"https:\/\/noti-america.com\/site\/repdom\/2022\/01\/07\/entidades-publicas-contrataron-mas-de-rd874-millones-para-la-adquisicion-de-articulos-textiles-durante-el-2021\/\"},\"author\":{\"name\":\"Ad\u00e1n Soriano\",\"@id\":\"https:\/\/noti-america.com\/site\/repdom\/#\/schema\/person\/fd0092c1530d275fabaa5cffcbc2b976\"},\"headline\":\"Entidades p\u00fablicas contrataron m\u00e1s de RD$874 millones para la adquisici\u00f3n de art\u00edculos textiles durante el 2021\",\"datePublished\":\"2022-01-07T01:55:00+00:00\",\"mainEntityOfPage\":{\"@id\":\"https:\/\/noti-america.com\/site\/repdom\/2022\/01\/07\/entidades-publicas-contrataron-mas-de-rd874-millones-para-la-adquisicion-de-articulos-textiles-durante-el-2021\/\"},\"wordCount\":541,\"commentCount\":0,\"publisher\":{\"@id\":\"https:\/\/noti-america.com\/site\/repdom\/#organization\"},\"image\":{\"@id\":\"https:\/\/noti-america.com\/site\/repdom\/2022\/01\/07\/entidades-publicas-contrataron-mas-de-rd874-millones-para-la-adquisicion-de-articulos-textiles-durante-el-2021\/#primaryimage\"},\"thumbnailUrl\":\"https:\/\/noti-america.com\/site\/repdom\/wp-content\/uploads\/sites\/6\/2022\/01\/Compras-y-Contrataciones.jpg\",\"keywords\":[\"Carlos Pimentel\",\"Direcci\u00f3n General de Compras y Contrataciones P\u00fablicas\"],\"articleSection\":[\"Econom\u00eda\"],\"inLanguage\":\"es\",\"potentialAction\":[{\"@type\":\"CommentAction\",\"name\":\"Comment\",\"target\":[\"https:\/\/noti-america.com\/site\/repdom\/2022\/01\/07\/entidades-publicas-contrataron-mas-de-rd874-millones-para-la-adquisicion-de-articulos-textiles-durante-el-2021\/#respond\"]}]},{\"@type\":\"WebPage\",\"@id\":\"https:\/\/noti-america.com\/site\/repdom\/2022\/01\/07\/entidades-publicas-contrataron-mas-de-rd874-millones-para-la-adquisicion-de-articulos-textiles-durante-el-2021\/\",\"url\":\"https:\/\/noti-america.com\/site\/repdom\/2022\/01\/07\/entidades-publicas-contrataron-mas-de-rd874-millones-para-la-adquisicion-de-articulos-textiles-durante-el-2021\/\",\"name\":\"Entidades p\u00fablicas contrataron m\u00e1s de RD$874 millones para la adquisici\u00f3n de art\u00edculos textiles durante el 2021 - Rep. Dominicana | Noti-America.com\",\"isPartOf\":{\"@id\":\"https:\/\/noti-america.com\/site\/repdom\/#website\"},\"primaryImageOfPage\":{\"@id\":\"https:\/\/noti-america.com\/site\/repdom\/2022\/01\/07\/entidades-publicas-contrataron-mas-de-rd874-millones-para-la-adquisicion-de-articulos-textiles-durante-el-2021\/#primaryimage\"},\"image\":{\"@id\":\"https:\/\/noti-america.com\/site\/repdom\/2022\/01\/07\/entidades-publicas-contrataron-mas-de-rd874-millones-para-la-adquisicion-de-articulos-textiles-durante-el-2021\/#primaryimage\"},\"thumbnailUrl\":\"https:\/\/noti-america.com\/site\/repdom\/wp-content\/uploads\/sites\/6\/2022\/01\/Compras-y-Contrataciones.jpg\",\"datePublished\":\"2022-01-07T01:55:00+00:00\",\"breadcrumb\":{\"@id\":\"https:\/\/noti-america.com\/site\/repdom\/2022\/01\/07\/entidades-publicas-contrataron-mas-de-rd874-millones-para-la-adquisicion-de-articulos-textiles-durante-el-2021\/#breadcrumb\"},\"inLanguage\":\"es\",\"potentialAction\":[{\"@type\":\"ReadAction\",\"target\":[\"https:\/\/noti-america.com\/site\/repdom\/2022\/01\/07\/entidades-publicas-contrataron-mas-de-rd874-millones-para-la-adquisicion-de-articulos-textiles-durante-el-2021\/\"]}]},{\"@type\":\"ImageObject\",\"inLanguage\":\"es\",\"@id\":\"https:\/\/noti-america.com\/site\/repdom\/2022\/01\/07\/entidades-publicas-contrataron-mas-de-rd874-millones-para-la-adquisicion-de-articulos-textiles-durante-el-2021\/#primaryimage\",\"url\":\"https:\/\/noti-america.com\/site\/repdom\/wp-content\/uploads\/sites\/6\/2022\/01\/Compras-y-Contrataciones.jpg\",\"contentUrl\":\"https:\/\/noti-america.com\/site\/repdom\/wp-content\/uploads\/sites\/6\/2022\/01\/Compras-y-Contrataciones.jpg\",\"width\":1280,\"height\":853},{\"@type\":\"BreadcrumbList\",\"@id\":\"https:\/\/noti-america.com\/site\/repdom\/2022\/01\/07\/entidades-publicas-contrataron-mas-de-rd874-millones-para-la-adquisicion-de-articulos-textiles-durante-el-2021\/#breadcrumb\",\"itemListElement\":[{\"@type\":\"ListItem\",\"position\":1,\"name\":\"Portada\",\"item\":\"https:\/\/noti-america.com\/site\/repdom\/\"},{\"@type\":\"ListItem\",\"position\":2,\"name\":\"Entidades p\u00fablicas contrataron m\u00e1s de RD$874 millones para la adquisici\u00f3n de art\u00edculos textiles durante el 2021\"}]},{\"@type\":\"WebSite\",\"@id\":\"https:\/\/noti-america.com\/site\/repdom\/#website\",\"url\":\"https:\/\/noti-america.com\/site\/repdom\/\",\"name\":\"Rep. Dominicana | Noti-America.com\",\"description\":\"\",\"publisher\":{\"@id\":\"https:\/\/noti-america.com\/site\/repdom\/#organization\"},\"potentialAction\":[{\"@type\":\"SearchAction\",\"target\":{\"@type\":\"EntryPoint\",\"urlTemplate\":\"https:\/\/noti-america.com\/site\/repdom\/?s={search_term_string}\"},\"query-input\":{\"@type\":\"PropertyValueSpecification\",\"valueRequired\":true,\"valueName\":\"search_term_string\"}}],\"inLanguage\":\"es\"},{\"@type\":\"Organization\",\"@id\":\"https:\/\/noti-america.com\/site\/repdom\/#organization\",\"name\":\"Noti-America LLC | Rep\u00fablica Dominicana\",\"url\":\"https:\/\/noti-america.com\/site\/repdom\/\",\"logo\":{\"@type\":\"ImageObject\",\"inLanguage\":\"es\",\"@id\":\"https:\/\/noti-america.com\/site\/repdom\/#\/schema\/logo\/image\/\",\"url\":\"https:\/\/noti-america.com\/site\/repdom\/wp-content\/uploads\/sites\/6\/2020\/07\/LogoNA-4x3-1.jpg\",\"contentUrl\":\"https:\/\/noti-america.com\/site\/repdom\/wp-content\/uploads\/sites\/6\/2020\/07\/LogoNA-4x3-1.jpg\",\"width\":1236,\"height\":1080,\"caption\":\"Noti-America LLC | Rep\u00fablica Dominicana\"},\"image\":{\"@id\":\"https:\/\/noti-america.com\/site\/repdom\/#\/schema\/logo\/image\/\"}},{\"@type\":\"Person\",\"@id\":\"https:\/\/noti-america.com\/site\/repdom\/#\/schema\/person\/fd0092c1530d275fabaa5cffcbc2b976\",\"name\":\"Ad\u00e1n Soriano\",\"image\":{\"@type\":\"ImageObject\",\"inLanguage\":\"es\",\"@id\":\"https:\/\/secure.gravatar.com\/avatar\/ecf97ff3aee7ff9efdae670d7e976f3e7e8acc1077e510d73707999a8bfd4467?s=96&d=mm&r=g\",\"url\":\"https:\/\/secure.gravatar.com\/avatar\/ecf97ff3aee7ff9efdae670d7e976f3e7e8acc1077e510d73707999a8bfd4467?s=96&d=mm&r=g\",\"contentUrl\":\"https:\/\/secure.gravatar.com\/avatar\/ecf97ff3aee7ff9efdae670d7e976f3e7e8acc1077e510d73707999a8bfd4467?s=96&d=mm&r=g\",\"caption\":\"Ad\u00e1n Soriano\"},\"description\":\"Soy cronista deportivo con 10 a\u00f1os de experiencia en varios espacios, y conduzco el podcast deportivo llamado Mezcla Deportiva\",\"sameAs\":[\"https:\/\/x.com\/adansoriano\"],\"url\":\"https:\/\/noti-america.com\/site\/repdom\/author\/asoriano\/\"}]}<\/script>\n<!-- \/ Yoast SEO Premium plugin. -->","yoast_head_json":{"title":"Entidades p\u00fablicas contrataron m\u00e1s de RD$874 millones para la adquisici\u00f3n de art\u00edculos textiles durante el 2021 - Rep. Dominicana | Noti-America.com","robots":{"index":"index","follow":"follow","max-snippet":"max-snippet:-1","max-image-preview":"max-image-preview:large","max-video-preview":"max-video-preview:-1"},"canonical":"https:\/\/noti-america.com\/site\/repdom\/2022\/01\/07\/entidades-publicas-contrataron-mas-de-rd874-millones-para-la-adquisicion-de-articulos-textiles-durante-el-2021\/","og_locale":"es_ES","og_type":"article","og_title":"Entidades p\u00fablicas contrataron m\u00e1s de RD$874 millones para la adquisici\u00f3n de art\u00edculos textiles durante el 2021","og_description":"SANTO DOMINGO &#8211; El Director General de Contrataciones P\u00fablicas, Carlos Pimentel, se reuni\u00f3 este jueves con representantes de tres asociaciones de textileros para presentarles un balance del desempe\u00f1o alcanzado por este sector productivo durante&#46;&#46;&#46;","og_url":"https:\/\/noti-america.com\/site\/repdom\/2022\/01\/07\/entidades-publicas-contrataron-mas-de-rd874-millones-para-la-adquisicion-de-articulos-textiles-durante-el-2021\/","og_site_name":"Rep. Dominicana | Noti-America.com","article_published_time":"2022-01-07T01:55:00+00:00","og_image":[{"width":1280,"height":853,"url":"https:\/\/noti-america.com\/site\/repdom\/wp-content\/uploads\/sites\/6\/2022\/01\/Compras-y-Contrataciones.jpg","type":"image\/jpeg"}],"author":"Ad\u00e1n Soriano","twitter_card":"summary_large_image","twitter_creator":"@adansoriano","twitter_misc":{"Escrito por":"Ad\u00e1n Soriano","Tiempo estimado de lectura":"3 minutos"},"schema":{"@context":"https:\/\/schema.org","@graph":[{"@type":"Article","@id":"https:\/\/noti-america.com\/site\/repdom\/2022\/01\/07\/entidades-publicas-contrataron-mas-de-rd874-millones-para-la-adquisicion-de-articulos-textiles-durante-el-2021\/#article","isPartOf":{"@id":"https:\/\/noti-america.com\/site\/repdom\/2022\/01\/07\/entidades-publicas-contrataron-mas-de-rd874-millones-para-la-adquisicion-de-articulos-textiles-durante-el-2021\/"},"author":{"name":"Ad\u00e1n Soriano","@id":"https:\/\/noti-america.com\/site\/repdom\/#\/schema\/person\/fd0092c1530d275fabaa5cffcbc2b976"},"headline":"Entidades p\u00fablicas contrataron m\u00e1s de RD$874 millones para la adquisici\u00f3n de art\u00edculos textiles durante el 2021","datePublished":"2022-01-07T01:55:00+00:00","mainEntityOfPage":{"@id":"https:\/\/noti-america.com\/site\/repdom\/2022\/01\/07\/entidades-publicas-contrataron-mas-de-rd874-millones-para-la-adquisicion-de-articulos-textiles-durante-el-2021\/"},"wordCount":541,"commentCount":0,"publisher":{"@id":"https:\/\/noti-america.com\/site\/repdom\/#organization"},"image":{"@id":"https:\/\/noti-america.com\/site\/repdom\/2022\/01\/07\/entidades-publicas-contrataron-mas-de-rd874-millones-para-la-adquisicion-de-articulos-textiles-durante-el-2021\/#primaryimage"},"thumbnailUrl":"https:\/\/noti-america.com\/site\/repdom\/wp-content\/uploads\/sites\/6\/2022\/01\/Compras-y-Contrataciones.jpg","keywords":["Carlos Pimentel","Direcci\u00f3n General de Compras y Contrataciones P\u00fablicas"],"articleSection":["Econom\u00eda"],"inLanguage":"es","potentialAction":[{"@type":"CommentAction","name":"Comment","target":["https:\/\/noti-america.com\/site\/repdom\/2022\/01\/07\/entidades-publicas-contrataron-mas-de-rd874-millones-para-la-adquisicion-de-articulos-textiles-durante-el-2021\/#respond"]}]},{"@type":"WebPage","@id":"https:\/\/noti-america.com\/site\/repdom\/2022\/01\/07\/entidades-publicas-contrataron-mas-de-rd874-millones-para-la-adquisicion-de-articulos-textiles-durante-el-2021\/","url":"https:\/\/noti-america.com\/site\/repdom\/2022\/01\/07\/entidades-publicas-contrataron-mas-de-rd874-millones-para-la-adquisicion-de-articulos-textiles-durante-el-2021\/","name":"Entidades p\u00fablicas contrataron m\u00e1s de RD$874 millones para la adquisici\u00f3n de art\u00edculos textiles durante el 2021 - Rep. Dominicana | Noti-America.com","isPartOf":{"@id":"https:\/\/noti-america.com\/site\/repdom\/#website"},"primaryImageOfPage":{"@id":"https:\/\/noti-america.com\/site\/repdom\/2022\/01\/07\/entidades-publicas-contrataron-mas-de-rd874-millones-para-la-adquisicion-de-articulos-textiles-durante-el-2021\/#primaryimage"},"image":{"@id":"https:\/\/noti-america.com\/site\/repdom\/2022\/01\/07\/entidades-publicas-contrataron-mas-de-rd874-millones-para-la-adquisicion-de-articulos-textiles-durante-el-2021\/#primaryimage"},"thumbnailUrl":"https:\/\/noti-america.com\/site\/repdom\/wp-content\/uploads\/sites\/6\/2022\/01\/Compras-y-Contrataciones.jpg","datePublished":"2022-01-07T01:55:00+00:00","breadcrumb":{"@id":"https:\/\/noti-america.com\/site\/repdom\/2022\/01\/07\/entidades-publicas-contrataron-mas-de-rd874-millones-para-la-adquisicion-de-articulos-textiles-durante-el-2021\/#breadcrumb"},"inLanguage":"es","potentialAction":[{"@type":"ReadAction","target":["https:\/\/noti-america.com\/site\/repdom\/2022\/01\/07\/entidades-publicas-contrataron-mas-de-rd874-millones-para-la-adquisicion-de-articulos-textiles-durante-el-2021\/"]}]},{"@type":"ImageObject","inLanguage":"es","@id":"https:\/\/noti-america.com\/site\/repdom\/2022\/01\/07\/entidades-publicas-contrataron-mas-de-rd874-millones-para-la-adquisicion-de-articulos-textiles-durante-el-2021\/#primaryimage","url":"https:\/\/noti-america.com\/site\/repdom\/wp-content\/uploads\/sites\/6\/2022\/01\/Compras-y-Contrataciones.jpg","contentUrl":"https:\/\/noti-america.com\/site\/repdom\/wp-content\/uploads\/sites\/6\/2022\/01\/Compras-y-Contrataciones.jpg","width":1280,"height":853},{"@type":"BreadcrumbList","@id":"https:\/\/noti-america.com\/site\/repdom\/2022\/01\/07\/entidades-publicas-contrataron-mas-de-rd874-millones-para-la-adquisicion-de-articulos-textiles-durante-el-2021\/#breadcrumb","itemListElement":[{"@type":"ListItem","position":1,"name":"Portada","item":"https:\/\/noti-america.com\/site\/repdom\/"},{"@type":"ListItem","position":2,"name":"Entidades p\u00fablicas contrataron m\u00e1s de RD$874 millones para la adquisici\u00f3n de art\u00edculos textiles durante el 2021"}]},{"@type":"WebSite","@id":"https:\/\/noti-america.com\/site\/repdom\/#website","url":"https:\/\/noti-america.com\/site\/repdom\/","name":"Rep. Dominicana | Noti-America.com","description":"","publisher":{"@id":"https:\/\/noti-america.com\/site\/repdom\/#organization"},"potentialAction":[{"@type":"SearchAction","target":{"@type":"EntryPoint","urlTemplate":"https:\/\/noti-america.com\/site\/repdom\/?s={search_term_string}"},"query-input":{"@type":"PropertyValueSpecification","valueRequired":true,"valueName":"search_term_string"}}],"inLanguage":"es"},{"@type":"Organization","@id":"https:\/\/noti-america.com\/site\/repdom\/#organization","name":"Noti-America LLC | Rep\u00fablica Dominicana","url":"https:\/\/noti-america.com\/site\/repdom\/","logo":{"@type":"ImageObject","inLanguage":"es","@id":"https:\/\/noti-america.com\/site\/repdom\/#\/schema\/logo\/image\/","url":"https:\/\/noti-america.com\/site\/repdom\/wp-content\/uploads\/sites\/6\/2020\/07\/LogoNA-4x3-1.jpg","contentUrl":"https:\/\/noti-america.com\/site\/repdom\/wp-content\/uploads\/sites\/6\/2020\/07\/LogoNA-4x3-1.jpg","width":1236,"height":1080,"caption":"Noti-America LLC | Rep\u00fablica Dominicana"},"image":{"@id":"https:\/\/noti-america.com\/site\/repdom\/#\/schema\/logo\/image\/"}},{"@type":"Person","@id":"https:\/\/noti-america.com\/site\/repdom\/#\/schema\/person\/fd0092c1530d275fabaa5cffcbc2b976","name":"Ad\u00e1n Soriano","image":{"@type":"ImageObject","inLanguage":"es","@id":"https:\/\/secure.gravatar.com\/avatar\/ecf97ff3aee7ff9efdae670d7e976f3e7e8acc1077e510d73707999a8bfd4467?s=96&d=mm&r=g","url":"https:\/\/secure.gravatar.com\/avatar\/ecf97ff3aee7ff9efdae670d7e976f3e7e8acc1077e510d73707999a8bfd4467?s=96&d=mm&r=g","contentUrl":"https:\/\/secure.gravatar.com\/avatar\/ecf97ff3aee7ff9efdae670d7e976f3e7e8acc1077e510d73707999a8bfd4467?s=96&d=mm&r=g","caption":"Ad\u00e1n Soriano"},"description":"Soy cronista deportivo con 10 a\u00f1os de experiencia en varios espacios, y conduzco el podcast deportivo llamado Mezcla Deportiva","sameAs":["https:\/\/x.com\/adansoriano"],"url":"https:\/\/noti-america.com\/site\/repdom\/author\/asoriano\/"}]}},"_links":{"self":[{"href":"https:\/\/noti-america.com\/site\/repdom\/wp-json\/wp\/v2\/posts\/15437","targetHints":{"allow":["GET"]}}],"collection":[{"href":"https:\/\/noti-america.com\/site\/repdom\/wp-json\/wp\/v2\/posts"}],"about":[{"href":"https:\/\/noti-america.com\/site\/repdom\/wp-json\/wp\/v2\/types\/post"}],"author":[{"embeddable":true,"href":"https:\/\/noti-america.com\/site\/repdom\/wp-json\/wp\/v2\/users\/89"}],"replies":[{"embeddable":true,"href":"https:\/\/noti-america.com\/site\/repdom\/wp-json\/wp\/v2\/comments?post=15437"}],"version-history":[{"count":1,"href":"https:\/\/noti-america.com\/site\/repdom\/wp-json\/wp\/v2\/posts\/15437\/revisions"}],"predecessor-version":[{"id":15440,"href":"https:\/\/noti-america.com\/site\/repdom\/wp-json\/wp\/v2\/posts\/15437\/revisions\/15440"}],"wp:featuredmedia":[{"embeddable":true,"href":"https:\/\/noti-america.com\/site\/repdom\/wp-json\/wp\/v2\/media\/15439"}],"wp:attachment":[{"href":"https:\/\/noti-america.com\/site\/repdom\/wp-json\/wp\/v2\/media?parent=15437"}],"wp:term":[{"taxonomy":"category","embeddable":true,"href":"https:\/\/noti-america.com\/site\/repdom\/wp-json\/wp\/v2\/categories?post=15437"},{"taxonomy":"post_tag","embeddable":true,"href":"https:\/\/noti-america.com\/site\/repdom\/wp-json\/wp\/v2\/tags?post=15437"}],"curies":[{"name":"wp","href":"https:\/\/api.w.org\/{rel}","templated":true}]}}