{"id":14991,"date":"2021-12-10T19:49:33","date_gmt":"2021-12-10T19:49:33","guid":{"rendered":"https:\/\/noti-america.com\/site\/repdom\/2021\/12\/10\/mescyt-aclara-no-otorga-becas-de-grado-para-estudios-internacionales-2\/"},"modified":"2021-12-10T19:49:33","modified_gmt":"2021-12-10T19:49:33","slug":"mescyt-aclara-no-otorga-becas-de-grado-para-estudios-internacionales-2","status":"publish","type":"post","link":"https:\/\/noti-america.com\/site\/repdom\/2021\/12\/10\/mescyt-aclara-no-otorga-becas-de-grado-para-estudios-internacionales-2\/","title":{"rendered":"Mescyt aclara no otorga becas de grado para estudios internacionales"},"content":{"rendered":"<div dir=\"auto\"><img loading=\"lazy\" decoding=\"async\" class=\"alignnone size-medium wp-image-14987\" src=\"https:\/\/noti-america.com\/site\/repdom\/wp-content\/uploads\/sites\/6\/2021\/12\/IMG-20211210-WA0028-300x225.jpg\" alt=\"\" width=\"300\" height=\"225\" srcset=\"https:\/\/noti-america.com\/site\/repdom\/wp-content\/uploads\/sites\/6\/2021\/12\/IMG-20211210-WA0028-300x225.jpg 300w, https:\/\/noti-america.com\/site\/repdom\/wp-content\/uploads\/sites\/6\/2021\/12\/IMG-20211210-WA0028-1024x768.jpg 1024w, https:\/\/noti-america.com\/site\/repdom\/wp-content\/uploads\/sites\/6\/2021\/12\/IMG-20211210-WA0028-768x576.jpg 768w, https:\/\/noti-america.com\/site\/repdom\/wp-content\/uploads\/sites\/6\/2021\/12\/IMG-20211210-WA0028-1536x1152.jpg 1536w, https:\/\/noti-america.com\/site\/repdom\/wp-content\/uploads\/sites\/6\/2021\/12\/IMG-20211210-WA0028.jpg 1600w\" sizes=\"auto, (max-width: 300px) 100vw, 300px\" \/><\/div>\n<div dir=\"auto\"><\/div>\n<div dir=\"auto\">NOTI-AMERICA REP\u00daBLICA DOMINICANA<\/div>\n<div dir=\"auto\"><\/div>\n<div dir=\"auto\" style=\"text-align: justify\"><strong>SANTO DOMINGO<\/strong>. &#8211; El Ministerio de Educaci\u00f3n Superior, Ciencia y Tecnolog\u00eda (Mescyt) inform\u00f3 que en su gesti\u00f3n las becas internacionales que se est\u00e1n otorgado a nivel de especialidades, maestr\u00eda y doctorado, han sido dirigidas a beneficiar a estudiantes de universidades dominicanas.<\/div>\n<div dir=\"auto\" style=\"text-align: justify\"><\/div>\n<div dir=\"auto\" style=\"text-align: justify\">El titular del Mescyt, doctor Franklin Garc\u00eda Ferm\u00edn, hizo la aclaraci\u00f3n tras referirse al caso de la joven Mar\u00eda Isabel Del Rosario, quien habr\u00eda recibido una beca de Berklee College of Music para estudiar m\u00fasica en esa academia de los Estados Unidos.<\/div>\n<div dir=\"auto\" style=\"text-align: justify\"><\/div>\n<div dir=\"auto\" style=\"text-align: justify\">El funcionario asegur\u00f3 que ese Ministerio no otorga becas de grado para estudiar en universidades extranjeras.<\/div>\n<div dir=\"auto\" style=\"text-align: justify\"><\/div>\n<div dir=\"auto\" style=\"text-align: justify\">Record\u00f3 que en dos ocasiones recibi\u00f3 en su despacho a la joven, oriunda de la ciudad de La Vega, con quien analiz\u00f3 lo referente a la Escuela Musical de los Estados Unidos. Tambi\u00e9n la estudiante ha sido recibida en varias ocasiones por la Encargada de Becas Internacionales del Mescyt, Roselia P\u00e9rez.<\/div>\n<div dir=\"auto\" style=\"text-align: justify\"><\/div>\n<div dir=\"auto\" style=\"text-align: justify\">\u201cPrimero, es bueno precisar que nosotros no otorgamos becas para cursar licenciatura, y en el caso de la joven se trata de ese tipo de becas\u201d, subray\u00f3.<\/div>\n<div dir=\"auto\" style=\"text-align: justify\"><\/div>\n<div dir=\"auto\" style=\"text-align: justify\">Agreg\u00f3 que, no obstante, convers\u00f3 con Del Rosario y la joven explic\u00f3 que se trata de una beca para licenciatura que le costar\u00eda al Estado US$70 mil por a\u00f1o para un total de 280 mil d\u00f3lares, sin incluir la manutenci\u00f3n de la violinista en territorio estadounidense, que sumar\u00eda, unos US$33, 600. Eso en total durante el per\u00edodo de la carrera representar\u00eda unos RD$18 millones.<\/div>\n<div dir=\"auto\" style=\"text-align: justify\"><\/div>\n<div dir=\"auto\" style=\"text-align: justify\">El titular del Mescyt explic\u00f3 que con ese monto se podr\u00edan beneficiar en maestr\u00edas cerca de 100 j\u00f3venes para estudiar en diferentes universidades del mundo.<\/div>\n<div dir=\"auto\" style=\"text-align: justify\"><\/div>\n<div dir=\"auto\" style=\"text-align: justify\">Garc\u00eda Ferm\u00edn se\u00f1al\u00f3 que despu\u00e9s que Del Rosario termine su licenciatura en base a la beca otorgada por Berklee, el Mescyt la ayudar\u00eda \u201ccon una maestr\u00eda en otra universidad de prestigio mundial\u201d.<\/div>\n<div dir=\"auto\" style=\"text-align: justify\"><\/div>\n<div dir=\"auto\" style=\"text-align: justify\">Asegur\u00f3 que las puertas del Ministerio de Educaci\u00f3n Superior, Ciencia y Tecnolog\u00eda est\u00e1n abiertas para todos los j\u00f3venes dominicanos que deseen especializarse en cualquiera de las universidades extranjeras en carreras que est\u00e9n acorde con las necesidades del pa\u00eds en t\u00e9rmino de su desarrollo sostenible.<\/div>\n<div dir=\"auto\" style=\"text-align: justify\"><\/div>\n<div dir=\"auto\" style=\"text-align: justify\">\u201cEstamos siempre en la mejor disposici\u00f3n de recibir y darle acompa\u00f1amiento a la joven Mar\u00eda Isabel Del Rosario para que siga desarroll\u00e1ndose en el campo de la m\u00fasica\u201d, asegur\u00f3.<\/div>\n<div dir=\"auto\" style=\"text-align: justify\"><\/div>\n<div dir=\"auto\" style=\"text-align: justify\">El Mescyt ha otorgado dos mil becas de postgrado y maestr\u00eda a j\u00f3venes dominicanos de acuerdo con los objetivos establecidos por el Gobierno del presidente Luis Abinader para favorecer a la juventud dominicana.<\/div>\n<div dir=\"auto\" style=\"text-align: justify\"><\/div>\n<div dir=\"auto\" style=\"text-align: justify\"><\/div>\n<div dir=\"auto\" style=\"text-align: justify\"><\/div>\n<div dir=\"auto\" style=\"text-align: justify\"><\/div>\n<div dir=\"auto\" style=\"text-align: justify\"><\/div>\n","protected":false},"excerpt":{"rendered":"<p>NOTI-AMERICA REP\u00daBLICA DOMINICANA SANTO DOMINGO. &#8211; El Ministerio de Educaci\u00f3n Superior, Ciencia y Tecnolog\u00eda (Mescyt) inform\u00f3 que en su gesti\u00f3n las becas internacionales que se est\u00e1n otorgado a nivel de especialidades, maestr\u00eda y doctorado,&#46;&#46;&#46;<\/p>\n","protected":false},"author":92,"featured_media":14987,"comment_status":"open","ping_status":"open","sticky":false,"template":"","format":"standard","meta":{"_acf_changed":false,"rop_custom_images_group":[],"rop_custom_messages_group":[],"rop_publish_now":"initial","rop_publish_now_accounts":[],"rop_publish_now_history":[],"rop_publish_now_status":"pending","footnotes":""},"categories":[10,338,105],"tags":[],"class_list":["post-14991","post","type-post","status-publish","format-standard","has-post-thumbnail","hentry","category-actualidad","category-nacionales","category-noticias"],"acf":[],"yoast_head":"<!-- This site is optimized with the Yoast SEO Premium plugin v24.9 (Yoast SEO v27.2) - https:\/\/yoast.com\/product\/yoast-seo-premium-wordpress\/ -->\n<title>Mescyt aclara no otorga becas de grado para estudios internacionales - Rep. Dominicana | Noti-America.com<\/title>\n<meta name=\"robots\" content=\"index, follow, max-snippet:-1, max-image-preview:large, max-video-preview:-1\" \/>\n<link rel=\"canonical\" href=\"https:\/\/noti-america.com\/site\/repdom\/2021\/12\/10\/mescyt-aclara-no-otorga-becas-de-grado-para-estudios-internacionales-2\/\" \/>\n<meta property=\"og:locale\" content=\"es_ES\" \/>\n<meta property=\"og:type\" content=\"article\" \/>\n<meta property=\"og:title\" content=\"Mescyt aclara no otorga becas de grado para estudios internacionales\" \/>\n<meta property=\"og:description\" content=\"NOTI-AMERICA REP\u00daBLICA DOMINICANA SANTO DOMINGO. &#8211; El Ministerio de Educaci\u00f3n Superior, Ciencia y Tecnolog\u00eda (Mescyt) inform\u00f3 que en su gesti\u00f3n las becas internacionales que se est\u00e1n otorgado a nivel de especialidades, maestr\u00eda y doctorado,&#046;&#046;&#046;\" \/>\n<meta property=\"og:url\" content=\"https:\/\/noti-america.com\/site\/repdom\/2021\/12\/10\/mescyt-aclara-no-otorga-becas-de-grado-para-estudios-internacionales-2\/\" \/>\n<meta property=\"og:site_name\" content=\"Rep. Dominicana | Noti-America.com\" \/>\n<meta property=\"article:published_time\" content=\"2021-12-10T19:49:33+00:00\" \/>\n<meta property=\"og:image\" content=\"https:\/\/noti-america.com\/site\/repdom\/wp-content\/uploads\/sites\/6\/2021\/12\/IMG-20211210-WA0028.jpg\" \/>\n\t<meta property=\"og:image:width\" content=\"1600\" \/>\n\t<meta property=\"og:image:height\" content=\"1200\" \/>\n\t<meta property=\"og:image:type\" content=\"image\/jpeg\" \/>\n<meta name=\"author\" content=\"Sueanny Guzm\u00e1n\" \/>\n<meta name=\"twitter:card\" content=\"summary_large_image\" \/>\n<meta name=\"twitter:creator\" content=\"@sueannyguzmanrd\" \/>\n<meta name=\"twitter:label1\" content=\"Escrito por\" \/>\n\t<meta name=\"twitter:data1\" content=\"Sueanny Guzm\u00e1n\" \/>\n\t<meta name=\"twitter:label2\" content=\"Tiempo estimado de lectura\" \/>\n\t<meta name=\"twitter:data2\" content=\"2 minutos\" \/>\n<script type=\"application\/ld+json\" class=\"yoast-schema-graph\">{\"@context\":\"https:\/\/schema.org\",\"@graph\":[{\"@type\":\"Article\",\"@id\":\"https:\/\/noti-america.com\/site\/repdom\/2021\/12\/10\/mescyt-aclara-no-otorga-becas-de-grado-para-estudios-internacionales-2\/#article\",\"isPartOf\":{\"@id\":\"https:\/\/noti-america.com\/site\/repdom\/2021\/12\/10\/mescyt-aclara-no-otorga-becas-de-grado-para-estudios-internacionales-2\/\"},\"author\":{\"name\":\"Sueanny Guzm\u00e1n\",\"@id\":\"https:\/\/noti-america.com\/site\/repdom\/#\/schema\/person\/3e41f2e0a88de2dbfa74310de6e08c3b\"},\"headline\":\"Mescyt aclara no otorga becas de grado para estudios internacionales\",\"datePublished\":\"2021-12-10T19:49:33+00:00\",\"mainEntityOfPage\":{\"@id\":\"https:\/\/noti-america.com\/site\/repdom\/2021\/12\/10\/mescyt-aclara-no-otorga-becas-de-grado-para-estudios-internacionales-2\/\"},\"wordCount\":458,\"commentCount\":0,\"publisher\":{\"@id\":\"https:\/\/noti-america.com\/site\/repdom\/#organization\"},\"image\":{\"@id\":\"https:\/\/noti-america.com\/site\/repdom\/2021\/12\/10\/mescyt-aclara-no-otorga-becas-de-grado-para-estudios-internacionales-2\/#primaryimage\"},\"thumbnailUrl\":\"https:\/\/noti-america.com\/site\/repdom\/wp-content\/uploads\/sites\/6\/2021\/12\/IMG-20211210-WA0028.jpg\",\"articleSection\":[\"Actualidad\",\"Nacionales\",\"Noticias\"],\"inLanguage\":\"es\",\"potentialAction\":[{\"@type\":\"CommentAction\",\"name\":\"Comment\",\"target\":[\"https:\/\/noti-america.com\/site\/repdom\/2021\/12\/10\/mescyt-aclara-no-otorga-becas-de-grado-para-estudios-internacionales-2\/#respond\"]}]},{\"@type\":\"WebPage\",\"@id\":\"https:\/\/noti-america.com\/site\/repdom\/2021\/12\/10\/mescyt-aclara-no-otorga-becas-de-grado-para-estudios-internacionales-2\/\",\"url\":\"https:\/\/noti-america.com\/site\/repdom\/2021\/12\/10\/mescyt-aclara-no-otorga-becas-de-grado-para-estudios-internacionales-2\/\",\"name\":\"Mescyt aclara no otorga becas de grado para estudios internacionales - Rep. Dominicana | Noti-America.com\",\"isPartOf\":{\"@id\":\"https:\/\/noti-america.com\/site\/repdom\/#website\"},\"primaryImageOfPage\":{\"@id\":\"https:\/\/noti-america.com\/site\/repdom\/2021\/12\/10\/mescyt-aclara-no-otorga-becas-de-grado-para-estudios-internacionales-2\/#primaryimage\"},\"image\":{\"@id\":\"https:\/\/noti-america.com\/site\/repdom\/2021\/12\/10\/mescyt-aclara-no-otorga-becas-de-grado-para-estudios-internacionales-2\/#primaryimage\"},\"thumbnailUrl\":\"https:\/\/noti-america.com\/site\/repdom\/wp-content\/uploads\/sites\/6\/2021\/12\/IMG-20211210-WA0028.jpg\",\"datePublished\":\"2021-12-10T19:49:33+00:00\",\"breadcrumb\":{\"@id\":\"https:\/\/noti-america.com\/site\/repdom\/2021\/12\/10\/mescyt-aclara-no-otorga-becas-de-grado-para-estudios-internacionales-2\/#breadcrumb\"},\"inLanguage\":\"es\",\"potentialAction\":[{\"@type\":\"ReadAction\",\"target\":[\"https:\/\/noti-america.com\/site\/repdom\/2021\/12\/10\/mescyt-aclara-no-otorga-becas-de-grado-para-estudios-internacionales-2\/\"]}]},{\"@type\":\"ImageObject\",\"inLanguage\":\"es\",\"@id\":\"https:\/\/noti-america.com\/site\/repdom\/2021\/12\/10\/mescyt-aclara-no-otorga-becas-de-grado-para-estudios-internacionales-2\/#primaryimage\",\"url\":\"https:\/\/noti-america.com\/site\/repdom\/wp-content\/uploads\/sites\/6\/2021\/12\/IMG-20211210-WA0028.jpg\",\"contentUrl\":\"https:\/\/noti-america.com\/site\/repdom\/wp-content\/uploads\/sites\/6\/2021\/12\/IMG-20211210-WA0028.jpg\",\"width\":1600,\"height\":1200},{\"@type\":\"BreadcrumbList\",\"@id\":\"https:\/\/noti-america.com\/site\/repdom\/2021\/12\/10\/mescyt-aclara-no-otorga-becas-de-grado-para-estudios-internacionales-2\/#breadcrumb\",\"itemListElement\":[{\"@type\":\"ListItem\",\"position\":1,\"name\":\"Portada\",\"item\":\"https:\/\/noti-america.com\/site\/repdom\/\"},{\"@type\":\"ListItem\",\"position\":2,\"name\":\"Mescyt aclara no otorga becas de grado para estudios internacionales\"}]},{\"@type\":\"WebSite\",\"@id\":\"https:\/\/noti-america.com\/site\/repdom\/#website\",\"url\":\"https:\/\/noti-america.com\/site\/repdom\/\",\"name\":\"Rep. Dominicana | Noti-America.com\",\"description\":\"\",\"publisher\":{\"@id\":\"https:\/\/noti-america.com\/site\/repdom\/#organization\"},\"potentialAction\":[{\"@type\":\"SearchAction\",\"target\":{\"@type\":\"EntryPoint\",\"urlTemplate\":\"https:\/\/noti-america.com\/site\/repdom\/?s={search_term_string}\"},\"query-input\":{\"@type\":\"PropertyValueSpecification\",\"valueRequired\":true,\"valueName\":\"search_term_string\"}}],\"inLanguage\":\"es\"},{\"@type\":\"Organization\",\"@id\":\"https:\/\/noti-america.com\/site\/repdom\/#organization\",\"name\":\"Noti-America LLC | Rep\u00fablica Dominicana\",\"url\":\"https:\/\/noti-america.com\/site\/repdom\/\",\"logo\":{\"@type\":\"ImageObject\",\"inLanguage\":\"es\",\"@id\":\"https:\/\/noti-america.com\/site\/repdom\/#\/schema\/logo\/image\/\",\"url\":\"https:\/\/noti-america.com\/site\/repdom\/wp-content\/uploads\/sites\/6\/2020\/07\/LogoNA-4x3-1.jpg\",\"contentUrl\":\"https:\/\/noti-america.com\/site\/repdom\/wp-content\/uploads\/sites\/6\/2020\/07\/LogoNA-4x3-1.jpg\",\"width\":1236,\"height\":1080,\"caption\":\"Noti-America LLC | Rep\u00fablica Dominicana\"},\"image\":{\"@id\":\"https:\/\/noti-america.com\/site\/repdom\/#\/schema\/logo\/image\/\"}},{\"@type\":\"Person\",\"@id\":\"https:\/\/noti-america.com\/site\/repdom\/#\/schema\/person\/3e41f2e0a88de2dbfa74310de6e08c3b\",\"name\":\"Sueanny Guzm\u00e1n\",\"image\":{\"@type\":\"ImageObject\",\"inLanguage\":\"es\",\"@id\":\"https:\/\/secure.gravatar.com\/avatar\/743180685ef4657e50d4fb7ec792c2c316119f5a7db45e029570122e8cd05065?s=96&d=mm&r=g\",\"url\":\"https:\/\/secure.gravatar.com\/avatar\/743180685ef4657e50d4fb7ec792c2c316119f5a7db45e029570122e8cd05065?s=96&d=mm&r=g\",\"contentUrl\":\"https:\/\/secure.gravatar.com\/avatar\/743180685ef4657e50d4fb7ec792c2c316119f5a7db45e029570122e8cd05065?s=96&d=mm&r=g\",\"caption\":\"Sueanny Guzm\u00e1n\"},\"sameAs\":[\"https:\/\/x.com\/sueannyguzmanrd\"],\"url\":\"https:\/\/noti-america.com\/site\/repdom\/author\/sguzman\/\"}]}<\/script>\n<!-- \/ Yoast SEO Premium plugin. -->","yoast_head_json":{"title":"Mescyt aclara no otorga becas de grado para estudios internacionales - Rep. Dominicana | Noti-America.com","robots":{"index":"index","follow":"follow","max-snippet":"max-snippet:-1","max-image-preview":"max-image-preview:large","max-video-preview":"max-video-preview:-1"},"canonical":"https:\/\/noti-america.com\/site\/repdom\/2021\/12\/10\/mescyt-aclara-no-otorga-becas-de-grado-para-estudios-internacionales-2\/","og_locale":"es_ES","og_type":"article","og_title":"Mescyt aclara no otorga becas de grado para estudios internacionales","og_description":"NOTI-AMERICA REP\u00daBLICA DOMINICANA SANTO DOMINGO. &#8211; El Ministerio de Educaci\u00f3n Superior, Ciencia y Tecnolog\u00eda (Mescyt) inform\u00f3 que en su gesti\u00f3n las becas internacionales que se est\u00e1n otorgado a nivel de especialidades, maestr\u00eda y doctorado,&#46;&#46;&#46;","og_url":"https:\/\/noti-america.com\/site\/repdom\/2021\/12\/10\/mescyt-aclara-no-otorga-becas-de-grado-para-estudios-internacionales-2\/","og_site_name":"Rep. Dominicana | Noti-America.com","article_published_time":"2021-12-10T19:49:33+00:00","og_image":[{"width":1600,"height":1200,"url":"https:\/\/noti-america.com\/site\/repdom\/wp-content\/uploads\/sites\/6\/2021\/12\/IMG-20211210-WA0028.jpg","type":"image\/jpeg"}],"author":"Sueanny Guzm\u00e1n","twitter_card":"summary_large_image","twitter_creator":"@sueannyguzmanrd","twitter_misc":{"Escrito por":"Sueanny Guzm\u00e1n","Tiempo estimado de lectura":"2 minutos"},"schema":{"@context":"https:\/\/schema.org","@graph":[{"@type":"Article","@id":"https:\/\/noti-america.com\/site\/repdom\/2021\/12\/10\/mescyt-aclara-no-otorga-becas-de-grado-para-estudios-internacionales-2\/#article","isPartOf":{"@id":"https:\/\/noti-america.com\/site\/repdom\/2021\/12\/10\/mescyt-aclara-no-otorga-becas-de-grado-para-estudios-internacionales-2\/"},"author":{"name":"Sueanny Guzm\u00e1n","@id":"https:\/\/noti-america.com\/site\/repdom\/#\/schema\/person\/3e41f2e0a88de2dbfa74310de6e08c3b"},"headline":"Mescyt aclara no otorga becas de grado para estudios internacionales","datePublished":"2021-12-10T19:49:33+00:00","mainEntityOfPage":{"@id":"https:\/\/noti-america.com\/site\/repdom\/2021\/12\/10\/mescyt-aclara-no-otorga-becas-de-grado-para-estudios-internacionales-2\/"},"wordCount":458,"commentCount":0,"publisher":{"@id":"https:\/\/noti-america.com\/site\/repdom\/#organization"},"image":{"@id":"https:\/\/noti-america.com\/site\/repdom\/2021\/12\/10\/mescyt-aclara-no-otorga-becas-de-grado-para-estudios-internacionales-2\/#primaryimage"},"thumbnailUrl":"https:\/\/noti-america.com\/site\/repdom\/wp-content\/uploads\/sites\/6\/2021\/12\/IMG-20211210-WA0028.jpg","articleSection":["Actualidad","Nacionales","Noticias"],"inLanguage":"es","potentialAction":[{"@type":"CommentAction","name":"Comment","target":["https:\/\/noti-america.com\/site\/repdom\/2021\/12\/10\/mescyt-aclara-no-otorga-becas-de-grado-para-estudios-internacionales-2\/#respond"]}]},{"@type":"WebPage","@id":"https:\/\/noti-america.com\/site\/repdom\/2021\/12\/10\/mescyt-aclara-no-otorga-becas-de-grado-para-estudios-internacionales-2\/","url":"https:\/\/noti-america.com\/site\/repdom\/2021\/12\/10\/mescyt-aclara-no-otorga-becas-de-grado-para-estudios-internacionales-2\/","name":"Mescyt aclara no otorga becas de grado para estudios internacionales - Rep. Dominicana | Noti-America.com","isPartOf":{"@id":"https:\/\/noti-america.com\/site\/repdom\/#website"},"primaryImageOfPage":{"@id":"https:\/\/noti-america.com\/site\/repdom\/2021\/12\/10\/mescyt-aclara-no-otorga-becas-de-grado-para-estudios-internacionales-2\/#primaryimage"},"image":{"@id":"https:\/\/noti-america.com\/site\/repdom\/2021\/12\/10\/mescyt-aclara-no-otorga-becas-de-grado-para-estudios-internacionales-2\/#primaryimage"},"thumbnailUrl":"https:\/\/noti-america.com\/site\/repdom\/wp-content\/uploads\/sites\/6\/2021\/12\/IMG-20211210-WA0028.jpg","datePublished":"2021-12-10T19:49:33+00:00","breadcrumb":{"@id":"https:\/\/noti-america.com\/site\/repdom\/2021\/12\/10\/mescyt-aclara-no-otorga-becas-de-grado-para-estudios-internacionales-2\/#breadcrumb"},"inLanguage":"es","potentialAction":[{"@type":"ReadAction","target":["https:\/\/noti-america.com\/site\/repdom\/2021\/12\/10\/mescyt-aclara-no-otorga-becas-de-grado-para-estudios-internacionales-2\/"]}]},{"@type":"ImageObject","inLanguage":"es","@id":"https:\/\/noti-america.com\/site\/repdom\/2021\/12\/10\/mescyt-aclara-no-otorga-becas-de-grado-para-estudios-internacionales-2\/#primaryimage","url":"https:\/\/noti-america.com\/site\/repdom\/wp-content\/uploads\/sites\/6\/2021\/12\/IMG-20211210-WA0028.jpg","contentUrl":"https:\/\/noti-america.com\/site\/repdom\/wp-content\/uploads\/sites\/6\/2021\/12\/IMG-20211210-WA0028.jpg","width":1600,"height":1200},{"@type":"BreadcrumbList","@id":"https:\/\/noti-america.com\/site\/repdom\/2021\/12\/10\/mescyt-aclara-no-otorga-becas-de-grado-para-estudios-internacionales-2\/#breadcrumb","itemListElement":[{"@type":"ListItem","position":1,"name":"Portada","item":"https:\/\/noti-america.com\/site\/repdom\/"},{"@type":"ListItem","position":2,"name":"Mescyt aclara no otorga becas de grado para estudios internacionales"}]},{"@type":"WebSite","@id":"https:\/\/noti-america.com\/site\/repdom\/#website","url":"https:\/\/noti-america.com\/site\/repdom\/","name":"Rep. Dominicana | Noti-America.com","description":"","publisher":{"@id":"https:\/\/noti-america.com\/site\/repdom\/#organization"},"potentialAction":[{"@type":"SearchAction","target":{"@type":"EntryPoint","urlTemplate":"https:\/\/noti-america.com\/site\/repdom\/?s={search_term_string}"},"query-input":{"@type":"PropertyValueSpecification","valueRequired":true,"valueName":"search_term_string"}}],"inLanguage":"es"},{"@type":"Organization","@id":"https:\/\/noti-america.com\/site\/repdom\/#organization","name":"Noti-America LLC | Rep\u00fablica Dominicana","url":"https:\/\/noti-america.com\/site\/repdom\/","logo":{"@type":"ImageObject","inLanguage":"es","@id":"https:\/\/noti-america.com\/site\/repdom\/#\/schema\/logo\/image\/","url":"https:\/\/noti-america.com\/site\/repdom\/wp-content\/uploads\/sites\/6\/2020\/07\/LogoNA-4x3-1.jpg","contentUrl":"https:\/\/noti-america.com\/site\/repdom\/wp-content\/uploads\/sites\/6\/2020\/07\/LogoNA-4x3-1.jpg","width":1236,"height":1080,"caption":"Noti-America LLC | Rep\u00fablica Dominicana"},"image":{"@id":"https:\/\/noti-america.com\/site\/repdom\/#\/schema\/logo\/image\/"}},{"@type":"Person","@id":"https:\/\/noti-america.com\/site\/repdom\/#\/schema\/person\/3e41f2e0a88de2dbfa74310de6e08c3b","name":"Sueanny Guzm\u00e1n","image":{"@type":"ImageObject","inLanguage":"es","@id":"https:\/\/secure.gravatar.com\/avatar\/743180685ef4657e50d4fb7ec792c2c316119f5a7db45e029570122e8cd05065?s=96&d=mm&r=g","url":"https:\/\/secure.gravatar.com\/avatar\/743180685ef4657e50d4fb7ec792c2c316119f5a7db45e029570122e8cd05065?s=96&d=mm&r=g","contentUrl":"https:\/\/secure.gravatar.com\/avatar\/743180685ef4657e50d4fb7ec792c2c316119f5a7db45e029570122e8cd05065?s=96&d=mm&r=g","caption":"Sueanny Guzm\u00e1n"},"sameAs":["https:\/\/x.com\/sueannyguzmanrd"],"url":"https:\/\/noti-america.com\/site\/repdom\/author\/sguzman\/"}]}},"_links":{"self":[{"href":"https:\/\/noti-america.com\/site\/repdom\/wp-json\/wp\/v2\/posts\/14991","targetHints":{"allow":["GET"]}}],"collection":[{"href":"https:\/\/noti-america.com\/site\/repdom\/wp-json\/wp\/v2\/posts"}],"about":[{"href":"https:\/\/noti-america.com\/site\/repdom\/wp-json\/wp\/v2\/types\/post"}],"author":[{"embeddable":true,"href":"https:\/\/noti-america.com\/site\/repdom\/wp-json\/wp\/v2\/users\/92"}],"replies":[{"embeddable":true,"href":"https:\/\/noti-america.com\/site\/repdom\/wp-json\/wp\/v2\/comments?post=14991"}],"version-history":[{"count":0,"href":"https:\/\/noti-america.com\/site\/repdom\/wp-json\/wp\/v2\/posts\/14991\/revisions"}],"wp:featuredmedia":[{"embeddable":true,"href":"https:\/\/noti-america.com\/site\/repdom\/wp-json\/wp\/v2\/media\/14987"}],"wp:attachment":[{"href":"https:\/\/noti-america.com\/site\/repdom\/wp-json\/wp\/v2\/media?parent=14991"}],"wp:term":[{"taxonomy":"category","embeddable":true,"href":"https:\/\/noti-america.com\/site\/repdom\/wp-json\/wp\/v2\/categories?post=14991"},{"taxonomy":"post_tag","embeddable":true,"href":"https:\/\/noti-america.com\/site\/repdom\/wp-json\/wp\/v2\/tags?post=14991"}],"curies":[{"name":"wp","href":"https:\/\/api.w.org\/{rel}","templated":true}]}}