{"id":14768,"date":"2021-11-29T12:47:07","date_gmt":"2021-11-29T12:47:07","guid":{"rendered":"https:\/\/noti-america.com\/site\/repdom\/?p=14768"},"modified":"2021-11-29T14:16:25","modified_gmt":"2021-11-29T14:16:25","slug":"ministerio-salud-se-mantiene-vigilante-ante-variante-del-covid-19-omicron","status":"publish","type":"post","link":"https:\/\/noti-america.com\/site\/repdom\/2021\/11\/29\/ministerio-salud-se-mantiene-vigilante-ante-variante-del-covid-19-omicron\/","title":{"rendered":"Ministerio Salud  se mantiene vigilante ante variante del COVID-19 \u00d3micron"},"content":{"rendered":"<p><img loading=\"lazy\" decoding=\"async\" class=\"alignnone size-medium wp-image-14769\" src=\"https:\/\/noti-america.com\/site\/repdom\/wp-content\/uploads\/sites\/6\/2021\/11\/daniel-rivera_17718066_20211128165434-300x192.jpg\" alt=\"\" width=\"300\" height=\"192\" srcset=\"https:\/\/noti-america.com\/site\/repdom\/wp-content\/uploads\/sites\/6\/2021\/11\/daniel-rivera_17718066_20211128165434-300x192.jpg 300w, https:\/\/noti-america.com\/site\/repdom\/wp-content\/uploads\/sites\/6\/2021\/11\/daniel-rivera_17718066_20211128165434.jpg 546w\" sizes=\"auto, (max-width: 300px) 100vw, 300px\" \/><\/p>\n<p><strong>Noti-America Republica Dominicana<\/strong><\/p>\n<p>&nbsp;<\/p>\n<p>&nbsp;<\/p>\n<p>El ministro Daniel Rivera dijo a Diario Libre que ante el surgimiento de nuevas y preocupantes variantes omicron del coronavirus, el Ministerio de Salud P\u00fablica se mantiene alerta ante tales mutaciones.<\/p>\n<p>Seg\u00fan la Organizaci\u00f3n Mundial de la Salud (OMS), algunas mutaciones nuevas en esta variante parecen indicar una mayor capacidad de transmisi\u00f3n que la cepa anterior. La variante fue descubierta en Sud\u00e1frica el 24 de noviembre.<\/p>\n<p>En ese sentido, el ministro indic\u00f3 que la primera medida y la m\u00e1s r\u00e1pida ya fue tomada, la cual consiste en la suspensi\u00f3n de la entrada de pasajeros desde Sud\u00e1frica, para ser m\u00e1s exactos desde Botsuana, Lesoto, Namibia, Suazilandia y Angola.<\/p>\n<p>Sin embargo, Rivera explic\u00f3 que la vacunaci\u00f3n es la medida m\u00e1s segura que la poblaci\u00f3n puede adoptar, por lo que recomend\u00f3 completar los esquemas de inoculaci\u00f3n.<\/p>\n<p>\u201cSeguir con su esquema de vacunaci\u00f3n es lo m\u00e1s seguro, al que le falta la segunda dosis completar y al que le falta la tercera dosis o de refuerzo completar ese esquema\u201d, dijo.<\/p>\n<p>Al 27 de noviembre 6,866,072 personas cuentan con la primera dosis de la vacuna, 5,583,029 con la segunda y 1,329,249 con la tercera.<\/p>\n<p>Desde el jueves, varios pa\u00edses empezaron a tomar medidas para prevenir la llegada de la nueva mutaci\u00f3n a su territorio, dentro de estos se encuentran Argentina, Brasil, Estados Unidos, Italia, Guatemala, Austria, Francia, Alemania, Australia, Reino Unido, Rep\u00fablica Checa, Pa\u00edses Bajos, Israel, Jap\u00f3n, Singapur, Malasia, Filipinas, Tailandia, Malta, Marruecos, Om\u00e1n, Dubai, Pakist\u00e1n, Jordania y Kuwait.<\/p>\n<p>Ayer en Nueva York, la gobernadora Kathy Hochul declar\u00f3 el estado de emergencia en la Gran Manzana para prepararse ante la \u201cllegada inminente\u201d de la variante sudafricana \u00f3micron, seg\u00fan reportaron varios medios estadounidenses.<\/p>\n<p>Mientras, informaciones de agencias internacionales dan cuenta de que Holanda confirm\u00f3 este domingo 13 casos de la nueva variante \u00f3micron del coronavirus y Australia encontr\u00f3 dos, los pa\u00edses m\u00e1s recientes en detectarla en viajeros que llegan desde el sur de \u00c1frica.<\/p>\n<p>&nbsp;<\/p>\n<p>&nbsp;<\/p>\n<p>&nbsp;<\/p>\n<p>&nbsp;<\/p>\n<p>&nbsp;<\/p>\n<p>&nbsp;<\/p>\n<p>&nbsp;<\/p>\n<p>Fuente DL<\/p>\n<p>&nbsp;<\/p>\n","protected":false},"excerpt":{"rendered":"<p>Noti-America Republica Dominicana &nbsp; &nbsp; El ministro Daniel Rivera dijo a Diario Libre que ante el surgimiento de nuevas y preocupantes variantes omicron del coronavirus, el Ministerio de Salud P\u00fablica se mantiene alerta ante&#46;&#46;&#46;<\/p>\n","protected":false},"author":96,"featured_media":14769,"comment_status":"open","ping_status":"open","sticky":false,"template":"","format":"standard","meta":{"_acf_changed":false,"rop_custom_images_group":[],"rop_custom_messages_group":[],"rop_publish_now":"initial","rop_publish_now_accounts":[],"rop_publish_now_history":[],"rop_publish_now_status":"pending","footnotes":""},"categories":[105],"tags":[],"class_list":["post-14768","post","type-post","status-publish","format-standard","has-post-thumbnail","hentry","category-noticias"],"acf":[],"yoast_head":"<!-- This site is optimized with the Yoast SEO Premium plugin v24.9 (Yoast SEO v27.2) - https:\/\/yoast.com\/product\/yoast-seo-premium-wordpress\/ -->\n<title>Ministerio Salud se mantiene vigilante ante variante del COVID-19 \u00d3micron - Rep. Dominicana | Noti-America.com<\/title>\n<meta name=\"robots\" content=\"index, follow, max-snippet:-1, max-image-preview:large, max-video-preview:-1\" \/>\n<link rel=\"canonical\" href=\"https:\/\/noti-america.com\/site\/repdom\/2021\/11\/29\/ministerio-salud-se-mantiene-vigilante-ante-variante-del-covid-19-omicron\/\" \/>\n<meta property=\"og:locale\" content=\"es_ES\" \/>\n<meta property=\"og:type\" content=\"article\" \/>\n<meta property=\"og:title\" content=\"Ministerio Salud se mantiene vigilante ante variante del COVID-19 \u00d3micron\" \/>\n<meta property=\"og:description\" content=\"Noti-America Republica Dominicana &nbsp; &nbsp; El ministro Daniel Rivera dijo a Diario Libre que ante el surgimiento de nuevas y preocupantes variantes omicron del coronavirus, el Ministerio de Salud P\u00fablica se mantiene alerta ante&#046;&#046;&#046;\" \/>\n<meta property=\"og:url\" content=\"https:\/\/noti-america.com\/site\/repdom\/2021\/11\/29\/ministerio-salud-se-mantiene-vigilante-ante-variante-del-covid-19-omicron\/\" \/>\n<meta property=\"og:site_name\" content=\"Rep. Dominicana | Noti-America.com\" \/>\n<meta property=\"article:author\" content=\"https:\/\/www.facebook.com\/share\/1HVE1qCqVk\/?mibextid=wwXIfr\" \/>\n<meta property=\"article:published_time\" content=\"2021-11-29T12:47:07+00:00\" \/>\n<meta property=\"article:modified_time\" content=\"2021-11-29T14:16:25+00:00\" \/>\n<meta property=\"og:image\" content=\"https:\/\/noti-america.com\/site\/repdom\/wp-content\/uploads\/sites\/6\/2021\/11\/daniel-rivera_17718066_20211128165434.jpg\" \/>\n\t<meta property=\"og:image:width\" content=\"546\" \/>\n\t<meta property=\"og:image:height\" content=\"350\" \/>\n\t<meta property=\"og:image:type\" content=\"image\/jpeg\" \/>\n<meta name=\"author\" content=\"Miguel Ramirez\" \/>\n<meta name=\"twitter:card\" content=\"summary_large_image\" \/>\n<meta name=\"twitter:label1\" content=\"Escrito por\" \/>\n\t<meta name=\"twitter:data1\" content=\"Miguel Ramirez\" \/>\n\t<meta name=\"twitter:label2\" content=\"Tiempo estimado de lectura\" \/>\n\t<meta name=\"twitter:data2\" content=\"2 minutos\" \/>\n<script type=\"application\/ld+json\" class=\"yoast-schema-graph\">{\"@context\":\"https:\/\/schema.org\",\"@graph\":[{\"@type\":\"Article\",\"@id\":\"https:\/\/noti-america.com\/site\/repdom\/2021\/11\/29\/ministerio-salud-se-mantiene-vigilante-ante-variante-del-covid-19-omicron\/#article\",\"isPartOf\":{\"@id\":\"https:\/\/noti-america.com\/site\/repdom\/2021\/11\/29\/ministerio-salud-se-mantiene-vigilante-ante-variante-del-covid-19-omicron\/\"},\"author\":{\"name\":\"Miguel Ramirez\",\"@id\":\"https:\/\/noti-america.com\/site\/repdom\/#\/schema\/person\/8027db7d71a0328e6e4474fa188c6fb3\"},\"headline\":\"Ministerio Salud se mantiene vigilante ante variante del COVID-19 \u00d3micron\",\"datePublished\":\"2021-11-29T12:47:07+00:00\",\"dateModified\":\"2021-11-29T14:16:25+00:00\",\"mainEntityOfPage\":{\"@id\":\"https:\/\/noti-america.com\/site\/repdom\/2021\/11\/29\/ministerio-salud-se-mantiene-vigilante-ante-variante-del-covid-19-omicron\/\"},\"wordCount\":363,\"commentCount\":0,\"publisher\":{\"@id\":\"https:\/\/noti-america.com\/site\/repdom\/#organization\"},\"image\":{\"@id\":\"https:\/\/noti-america.com\/site\/repdom\/2021\/11\/29\/ministerio-salud-se-mantiene-vigilante-ante-variante-del-covid-19-omicron\/#primaryimage\"},\"thumbnailUrl\":\"https:\/\/noti-america.com\/site\/repdom\/wp-content\/uploads\/sites\/6\/2021\/11\/daniel-rivera_17718066_20211128165434.jpg\",\"articleSection\":[\"Noticias\"],\"inLanguage\":\"es\",\"potentialAction\":[{\"@type\":\"CommentAction\",\"name\":\"Comment\",\"target\":[\"https:\/\/noti-america.com\/site\/repdom\/2021\/11\/29\/ministerio-salud-se-mantiene-vigilante-ante-variante-del-covid-19-omicron\/#respond\"]}]},{\"@type\":\"WebPage\",\"@id\":\"https:\/\/noti-america.com\/site\/repdom\/2021\/11\/29\/ministerio-salud-se-mantiene-vigilante-ante-variante-del-covid-19-omicron\/\",\"url\":\"https:\/\/noti-america.com\/site\/repdom\/2021\/11\/29\/ministerio-salud-se-mantiene-vigilante-ante-variante-del-covid-19-omicron\/\",\"name\":\"Ministerio Salud se mantiene vigilante ante variante del COVID-19 \u00d3micron - Rep. Dominicana | Noti-America.com\",\"isPartOf\":{\"@id\":\"https:\/\/noti-america.com\/site\/repdom\/#website\"},\"primaryImageOfPage\":{\"@id\":\"https:\/\/noti-america.com\/site\/repdom\/2021\/11\/29\/ministerio-salud-se-mantiene-vigilante-ante-variante-del-covid-19-omicron\/#primaryimage\"},\"image\":{\"@id\":\"https:\/\/noti-america.com\/site\/repdom\/2021\/11\/29\/ministerio-salud-se-mantiene-vigilante-ante-variante-del-covid-19-omicron\/#primaryimage\"},\"thumbnailUrl\":\"https:\/\/noti-america.com\/site\/repdom\/wp-content\/uploads\/sites\/6\/2021\/11\/daniel-rivera_17718066_20211128165434.jpg\",\"datePublished\":\"2021-11-29T12:47:07+00:00\",\"dateModified\":\"2021-11-29T14:16:25+00:00\",\"breadcrumb\":{\"@id\":\"https:\/\/noti-america.com\/site\/repdom\/2021\/11\/29\/ministerio-salud-se-mantiene-vigilante-ante-variante-del-covid-19-omicron\/#breadcrumb\"},\"inLanguage\":\"es\",\"potentialAction\":[{\"@type\":\"ReadAction\",\"target\":[\"https:\/\/noti-america.com\/site\/repdom\/2021\/11\/29\/ministerio-salud-se-mantiene-vigilante-ante-variante-del-covid-19-omicron\/\"]}]},{\"@type\":\"ImageObject\",\"inLanguage\":\"es\",\"@id\":\"https:\/\/noti-america.com\/site\/repdom\/2021\/11\/29\/ministerio-salud-se-mantiene-vigilante-ante-variante-del-covid-19-omicron\/#primaryimage\",\"url\":\"https:\/\/noti-america.com\/site\/repdom\/wp-content\/uploads\/sites\/6\/2021\/11\/daniel-rivera_17718066_20211128165434.jpg\",\"contentUrl\":\"https:\/\/noti-america.com\/site\/repdom\/wp-content\/uploads\/sites\/6\/2021\/11\/daniel-rivera_17718066_20211128165434.jpg\",\"width\":546,\"height\":350},{\"@type\":\"BreadcrumbList\",\"@id\":\"https:\/\/noti-america.com\/site\/repdom\/2021\/11\/29\/ministerio-salud-se-mantiene-vigilante-ante-variante-del-covid-19-omicron\/#breadcrumb\",\"itemListElement\":[{\"@type\":\"ListItem\",\"position\":1,\"name\":\"Portada\",\"item\":\"https:\/\/noti-america.com\/site\/repdom\/\"},{\"@type\":\"ListItem\",\"position\":2,\"name\":\"Ministerio Salud se mantiene vigilante ante variante del COVID-19 \u00d3micron\"}]},{\"@type\":\"WebSite\",\"@id\":\"https:\/\/noti-america.com\/site\/repdom\/#website\",\"url\":\"https:\/\/noti-america.com\/site\/repdom\/\",\"name\":\"Rep. Dominicana | Noti-America.com\",\"description\":\"\",\"publisher\":{\"@id\":\"https:\/\/noti-america.com\/site\/repdom\/#organization\"},\"potentialAction\":[{\"@type\":\"SearchAction\",\"target\":{\"@type\":\"EntryPoint\",\"urlTemplate\":\"https:\/\/noti-america.com\/site\/repdom\/?s={search_term_string}\"},\"query-input\":{\"@type\":\"PropertyValueSpecification\",\"valueRequired\":true,\"valueName\":\"search_term_string\"}}],\"inLanguage\":\"es\"},{\"@type\":\"Organization\",\"@id\":\"https:\/\/noti-america.com\/site\/repdom\/#organization\",\"name\":\"Noti-America LLC | Rep\u00fablica Dominicana\",\"url\":\"https:\/\/noti-america.com\/site\/repdom\/\",\"logo\":{\"@type\":\"ImageObject\",\"inLanguage\":\"es\",\"@id\":\"https:\/\/noti-america.com\/site\/repdom\/#\/schema\/logo\/image\/\",\"url\":\"https:\/\/noti-america.com\/site\/repdom\/wp-content\/uploads\/sites\/6\/2020\/07\/LogoNA-4x3-1.jpg\",\"contentUrl\":\"https:\/\/noti-america.com\/site\/repdom\/wp-content\/uploads\/sites\/6\/2020\/07\/LogoNA-4x3-1.jpg\",\"width\":1236,\"height\":1080,\"caption\":\"Noti-America LLC | Rep\u00fablica Dominicana\"},\"image\":{\"@id\":\"https:\/\/noti-america.com\/site\/repdom\/#\/schema\/logo\/image\/\"}},{\"@type\":\"Person\",\"@id\":\"https:\/\/noti-america.com\/site\/repdom\/#\/schema\/person\/8027db7d71a0328e6e4474fa188c6fb3\",\"name\":\"Miguel Ramirez\",\"image\":{\"@type\":\"ImageObject\",\"inLanguage\":\"es\",\"@id\":\"https:\/\/secure.gravatar.com\/avatar\/41a78fb2cdab3e2dc5831d3591f1dab499ed0c22acc464195b09f37c2b3ac2cf?s=96&d=mm&r=g\",\"url\":\"https:\/\/secure.gravatar.com\/avatar\/41a78fb2cdab3e2dc5831d3591f1dab499ed0c22acc464195b09f37c2b3ac2cf?s=96&d=mm&r=g\",\"contentUrl\":\"https:\/\/secure.gravatar.com\/avatar\/41a78fb2cdab3e2dc5831d3591f1dab499ed0c22acc464195b09f37c2b3ac2cf?s=96&d=mm&r=g\",\"caption\":\"Miguel Ramirez\"},\"description\":\"Locutor y periodista digital y coach comunicaci\u00f3n\",\"sameAs\":[\"https:\/\/www.facebook.com\/share\/1HVE1qCqVk\/?mibextid=wwXIfr\"],\"url\":\"https:\/\/noti-america.com\/site\/repdom\/author\/mramirez\/\"}]}<\/script>\n<!-- \/ Yoast SEO Premium plugin. -->","yoast_head_json":{"title":"Ministerio Salud se mantiene vigilante ante variante del COVID-19 \u00d3micron - Rep. Dominicana | Noti-America.com","robots":{"index":"index","follow":"follow","max-snippet":"max-snippet:-1","max-image-preview":"max-image-preview:large","max-video-preview":"max-video-preview:-1"},"canonical":"https:\/\/noti-america.com\/site\/repdom\/2021\/11\/29\/ministerio-salud-se-mantiene-vigilante-ante-variante-del-covid-19-omicron\/","og_locale":"es_ES","og_type":"article","og_title":"Ministerio Salud se mantiene vigilante ante variante del COVID-19 \u00d3micron","og_description":"Noti-America Republica Dominicana &nbsp; &nbsp; El ministro Daniel Rivera dijo a Diario Libre que ante el surgimiento de nuevas y preocupantes variantes omicron del coronavirus, el Ministerio de Salud P\u00fablica se mantiene alerta ante&#46;&#46;&#46;","og_url":"https:\/\/noti-america.com\/site\/repdom\/2021\/11\/29\/ministerio-salud-se-mantiene-vigilante-ante-variante-del-covid-19-omicron\/","og_site_name":"Rep. Dominicana | Noti-America.com","article_author":"https:\/\/www.facebook.com\/share\/1HVE1qCqVk\/?mibextid=wwXIfr","article_published_time":"2021-11-29T12:47:07+00:00","article_modified_time":"2021-11-29T14:16:25+00:00","og_image":[{"width":546,"height":350,"url":"https:\/\/noti-america.com\/site\/repdom\/wp-content\/uploads\/sites\/6\/2021\/11\/daniel-rivera_17718066_20211128165434.jpg","type":"image\/jpeg"}],"author":"Miguel Ramirez","twitter_card":"summary_large_image","twitter_misc":{"Escrito por":"Miguel Ramirez","Tiempo estimado de lectura":"2 minutos"},"schema":{"@context":"https:\/\/schema.org","@graph":[{"@type":"Article","@id":"https:\/\/noti-america.com\/site\/repdom\/2021\/11\/29\/ministerio-salud-se-mantiene-vigilante-ante-variante-del-covid-19-omicron\/#article","isPartOf":{"@id":"https:\/\/noti-america.com\/site\/repdom\/2021\/11\/29\/ministerio-salud-se-mantiene-vigilante-ante-variante-del-covid-19-omicron\/"},"author":{"name":"Miguel Ramirez","@id":"https:\/\/noti-america.com\/site\/repdom\/#\/schema\/person\/8027db7d71a0328e6e4474fa188c6fb3"},"headline":"Ministerio Salud se mantiene vigilante ante variante del COVID-19 \u00d3micron","datePublished":"2021-11-29T12:47:07+00:00","dateModified":"2021-11-29T14:16:25+00:00","mainEntityOfPage":{"@id":"https:\/\/noti-america.com\/site\/repdom\/2021\/11\/29\/ministerio-salud-se-mantiene-vigilante-ante-variante-del-covid-19-omicron\/"},"wordCount":363,"commentCount":0,"publisher":{"@id":"https:\/\/noti-america.com\/site\/repdom\/#organization"},"image":{"@id":"https:\/\/noti-america.com\/site\/repdom\/2021\/11\/29\/ministerio-salud-se-mantiene-vigilante-ante-variante-del-covid-19-omicron\/#primaryimage"},"thumbnailUrl":"https:\/\/noti-america.com\/site\/repdom\/wp-content\/uploads\/sites\/6\/2021\/11\/daniel-rivera_17718066_20211128165434.jpg","articleSection":["Noticias"],"inLanguage":"es","potentialAction":[{"@type":"CommentAction","name":"Comment","target":["https:\/\/noti-america.com\/site\/repdom\/2021\/11\/29\/ministerio-salud-se-mantiene-vigilante-ante-variante-del-covid-19-omicron\/#respond"]}]},{"@type":"WebPage","@id":"https:\/\/noti-america.com\/site\/repdom\/2021\/11\/29\/ministerio-salud-se-mantiene-vigilante-ante-variante-del-covid-19-omicron\/","url":"https:\/\/noti-america.com\/site\/repdom\/2021\/11\/29\/ministerio-salud-se-mantiene-vigilante-ante-variante-del-covid-19-omicron\/","name":"Ministerio Salud se mantiene vigilante ante variante del COVID-19 \u00d3micron - Rep. Dominicana | Noti-America.com","isPartOf":{"@id":"https:\/\/noti-america.com\/site\/repdom\/#website"},"primaryImageOfPage":{"@id":"https:\/\/noti-america.com\/site\/repdom\/2021\/11\/29\/ministerio-salud-se-mantiene-vigilante-ante-variante-del-covid-19-omicron\/#primaryimage"},"image":{"@id":"https:\/\/noti-america.com\/site\/repdom\/2021\/11\/29\/ministerio-salud-se-mantiene-vigilante-ante-variante-del-covid-19-omicron\/#primaryimage"},"thumbnailUrl":"https:\/\/noti-america.com\/site\/repdom\/wp-content\/uploads\/sites\/6\/2021\/11\/daniel-rivera_17718066_20211128165434.jpg","datePublished":"2021-11-29T12:47:07+00:00","dateModified":"2021-11-29T14:16:25+00:00","breadcrumb":{"@id":"https:\/\/noti-america.com\/site\/repdom\/2021\/11\/29\/ministerio-salud-se-mantiene-vigilante-ante-variante-del-covid-19-omicron\/#breadcrumb"},"inLanguage":"es","potentialAction":[{"@type":"ReadAction","target":["https:\/\/noti-america.com\/site\/repdom\/2021\/11\/29\/ministerio-salud-se-mantiene-vigilante-ante-variante-del-covid-19-omicron\/"]}]},{"@type":"ImageObject","inLanguage":"es","@id":"https:\/\/noti-america.com\/site\/repdom\/2021\/11\/29\/ministerio-salud-se-mantiene-vigilante-ante-variante-del-covid-19-omicron\/#primaryimage","url":"https:\/\/noti-america.com\/site\/repdom\/wp-content\/uploads\/sites\/6\/2021\/11\/daniel-rivera_17718066_20211128165434.jpg","contentUrl":"https:\/\/noti-america.com\/site\/repdom\/wp-content\/uploads\/sites\/6\/2021\/11\/daniel-rivera_17718066_20211128165434.jpg","width":546,"height":350},{"@type":"BreadcrumbList","@id":"https:\/\/noti-america.com\/site\/repdom\/2021\/11\/29\/ministerio-salud-se-mantiene-vigilante-ante-variante-del-covid-19-omicron\/#breadcrumb","itemListElement":[{"@type":"ListItem","position":1,"name":"Portada","item":"https:\/\/noti-america.com\/site\/repdom\/"},{"@type":"ListItem","position":2,"name":"Ministerio Salud se mantiene vigilante ante variante del COVID-19 \u00d3micron"}]},{"@type":"WebSite","@id":"https:\/\/noti-america.com\/site\/repdom\/#website","url":"https:\/\/noti-america.com\/site\/repdom\/","name":"Rep. Dominicana | Noti-America.com","description":"","publisher":{"@id":"https:\/\/noti-america.com\/site\/repdom\/#organization"},"potentialAction":[{"@type":"SearchAction","target":{"@type":"EntryPoint","urlTemplate":"https:\/\/noti-america.com\/site\/repdom\/?s={search_term_string}"},"query-input":{"@type":"PropertyValueSpecification","valueRequired":true,"valueName":"search_term_string"}}],"inLanguage":"es"},{"@type":"Organization","@id":"https:\/\/noti-america.com\/site\/repdom\/#organization","name":"Noti-America LLC | Rep\u00fablica Dominicana","url":"https:\/\/noti-america.com\/site\/repdom\/","logo":{"@type":"ImageObject","inLanguage":"es","@id":"https:\/\/noti-america.com\/site\/repdom\/#\/schema\/logo\/image\/","url":"https:\/\/noti-america.com\/site\/repdom\/wp-content\/uploads\/sites\/6\/2020\/07\/LogoNA-4x3-1.jpg","contentUrl":"https:\/\/noti-america.com\/site\/repdom\/wp-content\/uploads\/sites\/6\/2020\/07\/LogoNA-4x3-1.jpg","width":1236,"height":1080,"caption":"Noti-America LLC | Rep\u00fablica Dominicana"},"image":{"@id":"https:\/\/noti-america.com\/site\/repdom\/#\/schema\/logo\/image\/"}},{"@type":"Person","@id":"https:\/\/noti-america.com\/site\/repdom\/#\/schema\/person\/8027db7d71a0328e6e4474fa188c6fb3","name":"Miguel Ramirez","image":{"@type":"ImageObject","inLanguage":"es","@id":"https:\/\/secure.gravatar.com\/avatar\/41a78fb2cdab3e2dc5831d3591f1dab499ed0c22acc464195b09f37c2b3ac2cf?s=96&d=mm&r=g","url":"https:\/\/secure.gravatar.com\/avatar\/41a78fb2cdab3e2dc5831d3591f1dab499ed0c22acc464195b09f37c2b3ac2cf?s=96&d=mm&r=g","contentUrl":"https:\/\/secure.gravatar.com\/avatar\/41a78fb2cdab3e2dc5831d3591f1dab499ed0c22acc464195b09f37c2b3ac2cf?s=96&d=mm&r=g","caption":"Miguel Ramirez"},"description":"Locutor y periodista digital y coach comunicaci\u00f3n","sameAs":["https:\/\/www.facebook.com\/share\/1HVE1qCqVk\/?mibextid=wwXIfr"],"url":"https:\/\/noti-america.com\/site\/repdom\/author\/mramirez\/"}]}},"_links":{"self":[{"href":"https:\/\/noti-america.com\/site\/repdom\/wp-json\/wp\/v2\/posts\/14768","targetHints":{"allow":["GET"]}}],"collection":[{"href":"https:\/\/noti-america.com\/site\/repdom\/wp-json\/wp\/v2\/posts"}],"about":[{"href":"https:\/\/noti-america.com\/site\/repdom\/wp-json\/wp\/v2\/types\/post"}],"author":[{"embeddable":true,"href":"https:\/\/noti-america.com\/site\/repdom\/wp-json\/wp\/v2\/users\/96"}],"replies":[{"embeddable":true,"href":"https:\/\/noti-america.com\/site\/repdom\/wp-json\/wp\/v2\/comments?post=14768"}],"version-history":[{"count":5,"href":"https:\/\/noti-america.com\/site\/repdom\/wp-json\/wp\/v2\/posts\/14768\/revisions"}],"predecessor-version":[{"id":14774,"href":"https:\/\/noti-america.com\/site\/repdom\/wp-json\/wp\/v2\/posts\/14768\/revisions\/14774"}],"wp:featuredmedia":[{"embeddable":true,"href":"https:\/\/noti-america.com\/site\/repdom\/wp-json\/wp\/v2\/media\/14769"}],"wp:attachment":[{"href":"https:\/\/noti-america.com\/site\/repdom\/wp-json\/wp\/v2\/media?parent=14768"}],"wp:term":[{"taxonomy":"category","embeddable":true,"href":"https:\/\/noti-america.com\/site\/repdom\/wp-json\/wp\/v2\/categories?post=14768"},{"taxonomy":"post_tag","embeddable":true,"href":"https:\/\/noti-america.com\/site\/repdom\/wp-json\/wp\/v2\/tags?post=14768"}],"curies":[{"name":"wp","href":"https:\/\/api.w.org\/{rel}","templated":true}]}}