{"id":14693,"date":"2021-11-24T12:21:37","date_gmt":"2021-11-24T12:21:37","guid":{"rendered":"https:\/\/noti-america.com\/site\/repdom\/2021\/11\/24\/jueza-avanza-en-la-coercion-del-caso-operacion-larva-3\/"},"modified":"2021-11-24T12:21:37","modified_gmt":"2021-11-24T12:21:37","slug":"jueza-avanza-en-la-coercion-del-caso-operacion-larva-3","status":"publish","type":"post","link":"https:\/\/noti-america.com\/site\/repdom\/2021\/11\/24\/jueza-avanza-en-la-coercion-del-caso-operacion-larva-3\/","title":{"rendered":"Jueza avanza en la coerci\u00f3n del caso Operaci\u00f3n Larva"},"content":{"rendered":"<p><img loading=\"lazy\" decoding=\"async\" class=\"alignnone size-medium wp-image-14688\" src=\"https:\/\/noti-america.com\/site\/repdom\/wp-content\/uploads\/sites\/6\/2021\/11\/caso-larva-francisco-arias_17688922_20211123235102-300x192.jpg\" alt=\"\" width=\"300\" height=\"192\" srcset=\"https:\/\/noti-america.com\/site\/repdom\/wp-content\/uploads\/sites\/6\/2021\/11\/caso-larva-francisco-arias_17688922_20211123235102-300x192.jpg 300w, https:\/\/noti-america.com\/site\/repdom\/wp-content\/uploads\/sites\/6\/2021\/11\/caso-larva-francisco-arias_17688922_20211123235102.jpg 546w\" sizes=\"auto, (max-width: 300px) 100vw, 300px\" \/><\/p>\n<p>Noti-America Republica Dominiana<\/p>\n<p>El Ministerio P\u00fablico ley\u00f3 expediente, pidi\u00f3 prisi\u00f3n preventiva para los imputados<\/p>\n<p>&nbsp;<\/p>\n<p>Luego de varias semanas de incidentes, la jueza Katerine Lugo de la Oficina Permanente de Preocupaci\u00f3n de San Crist\u00f3bal logr\u00f3 ayer comprender las circunstancias de la solicitud de medidas coercitivas contra 14 personas acusadas de lavado de activos detenidas en el Operativo Larva.<\/p>\n<p>El magistrado rechaz\u00f3 el \u00faltimo incidente y no permiti\u00f3 que los archivos de Domingo Ventura se fusionaran con los de otros 14 imputados.<\/p>\n<p>Luego de esa etapa, orden\u00f3 al Departamento de Asuntos P\u00fablicos leer los documentos para conocer el hecho de que la organizaci\u00f3n estaba imputada.<\/p>\n<p>El Ministerio de Asuntos P\u00fablicos determin\u00f3 que la v\u00edctima era miembro de una red que invert\u00eda ganancias del narcotr\u00e1fico en el sector inmobiliario, y supuestamente utiliz\u00f3 a familiares de miembros clave de la estructura y empresa fantasma para comprar bienes ra\u00edces de lujo en el departamento exclusivo de la organizaci\u00f3n. . Zona Nacional, Punta Cana y Santiago, as\u00ed como veh\u00edculos de alta gama y ca\u00f1ones de alto y bajo calibre.<\/p>\n<p>Establecen que los miembros de la red adquir\u00edan inmuebles de alto costo a t\u00edtulo personal, no acorde con el perfil econ\u00f3mico reportado por las entidades oficiales como la Tesorer\u00eda de Seguridad Social (TSS) y la Direcci\u00f3n General de Impuestos Internos.<\/p>\n<p>Despu\u00e9s del Ministerio P\u00fablico los abogados tendr\u00e1n la oportunidad de hacer su defensa y presentar presupuestos para evitar la prisi\u00f3n preventiva.<\/p>\n<p>Para terminar de conocer el caso el tribunal ha organizado un calendario de audiencias que incluye hoy mi\u00e9rcoles y ma\u00f1ana jueves a las 2:00 de la tarde.<\/p>\n<p>Por estos hechos est\u00e1n sometidos a la Justicia Domingo Ventura, Jorge Luis Herasme Estrella, Mar\u00eda Mercedes Ramona Estrella, Sarai Esther Herasme Estrella, Luis Ney Herasme Pe\u00f1a, James Alexander Gonz\u00e1lez Cubilette, Joivel Alexander Gonz\u00e1lez Cubilette, \u00c1ngelo Spataro Rodr\u00edguez (Soni y\/o el Italiano), Elizabeth Spataro Rodr\u00edguez, Santa Fausta Rodr\u00edguez, Ram\u00f3n Eduardo Pi\u00f1a Reyes (Bomb\u00f3n y\/o Guardia), Luis Jim\u00e9nez (Bons\u00e1i y\/o Luis Hookah), Miguel Ram\u00f3n Santos Compr\u00e9s (Ray), Yira Mariela Zimmermann y Rusber Jos\u00e9 Su\u00e1rez D\u00edaz (Ojitos).<\/p>\n<p>La mayor\u00eda de estos imputados fueron apresados el 27 de octubre, cuando el Ministerio P\u00fablico, en coordinaci\u00f3n con el Centro de Informaci\u00f3n y Coordinaci\u00f3n Conjuntas (CICC) y la Direcci\u00f3n de Investigaciones Financieras (Difla) de la Direcci\u00f3n Nacional de Control de Drogas (DNCD) realizaron una serie de allanamientos.<\/p>\n<p>El Ministerio P\u00fablico asegura que el presunto entramado criminal est\u00e1 vinculado a una red de narcotr\u00e1fico denominada Corona, que el 16 de marzo de 2020 introdujo al pa\u00eds la cantidad de 724.35 kilogramos de coca\u00edna clorhidratada, por la costa de Nigua, provincia San Crist\u00f3bal, en una embarcaci\u00f3n proveniente de Colombia.<\/p>\n<p>El 15 de septiembre de 2020 la Fiscal\u00eda de San Crist\u00f3bal y la Procuradur\u00eda Especializada de Antilavado de Activos y Financiamiento del Terrorismo presentaron acusaci\u00f3n contra Jos\u00e9 An\u00edbal Gonz\u00e1lez Luna, Jos\u00e9 An\u00edbal Gonz\u00e1lez Cubilete (el Don), Manuel Alejandro Lara Mart\u00ednez, Julio Ignacio Morel Adames y otros 12 implicados en el Caso Corona, en el que las autoridades ocuparon un arsenal, incluyendo tres fusiles y una metralleta.<\/p>\n<p>&nbsp;<\/p>\n<p>&nbsp;<\/p>\n<p>&nbsp;<\/p>\n<p>&nbsp;<\/p>\n<p>&nbsp;<\/p>\n<p>&nbsp;<\/p>\n<p>&nbsp;<\/p>\n<p>Fuente DL<\/p>\n<p>&nbsp;<\/p>\n","protected":false},"excerpt":{"rendered":"<p>Noti-America Republica Dominiana El Ministerio P\u00fablico ley\u00f3 expediente, pidi\u00f3 prisi\u00f3n preventiva para los imputados &nbsp; Luego de varias semanas de incidentes, la jueza Katerine Lugo de la Oficina Permanente de Preocupaci\u00f3n de San Crist\u00f3bal&#46;&#46;&#46;<\/p>\n","protected":false},"author":96,"featured_media":14691,"comment_status":"open","ping_status":"open","sticky":false,"template":"","format":"standard","meta":{"_acf_changed":false,"rop_custom_images_group":[],"rop_custom_messages_group":[],"rop_publish_now":"initial","rop_publish_now_accounts":[],"rop_publish_now_history":[],"rop_publish_now_status":"pending","footnotes":""},"categories":[10],"tags":[],"class_list":["post-14693","post","type-post","status-publish","format-standard","has-post-thumbnail","hentry","category-actualidad"],"acf":[],"yoast_head":"<!-- This site is optimized with the Yoast SEO Premium plugin v24.9 (Yoast SEO v27.2) - https:\/\/yoast.com\/product\/yoast-seo-premium-wordpress\/ -->\n<title>Jueza avanza en la coerci\u00f3n del caso Operaci\u00f3n Larva - Rep. Dominicana | Noti-America.com<\/title>\n<meta name=\"robots\" content=\"index, follow, max-snippet:-1, max-image-preview:large, max-video-preview:-1\" \/>\n<link rel=\"canonical\" href=\"https:\/\/noti-america.com\/site\/repdom\/2021\/11\/24\/jueza-avanza-en-la-coercion-del-caso-operacion-larva-3\/\" \/>\n<meta property=\"og:locale\" content=\"es_ES\" \/>\n<meta property=\"og:type\" content=\"article\" \/>\n<meta property=\"og:title\" content=\"Jueza avanza en la coerci\u00f3n del caso Operaci\u00f3n Larva\" \/>\n<meta property=\"og:description\" content=\"Noti-America Republica Dominiana El Ministerio P\u00fablico ley\u00f3 expediente, pidi\u00f3 prisi\u00f3n preventiva para los imputados &nbsp; Luego de varias semanas de incidentes, la jueza Katerine Lugo de la Oficina Permanente de Preocupaci\u00f3n de San Crist\u00f3bal&#046;&#046;&#046;\" \/>\n<meta property=\"og:url\" content=\"https:\/\/noti-america.com\/site\/repdom\/2021\/11\/24\/jueza-avanza-en-la-coercion-del-caso-operacion-larva-3\/\" \/>\n<meta property=\"og:site_name\" content=\"Rep. Dominicana | Noti-America.com\" \/>\n<meta property=\"article:author\" content=\"https:\/\/www.facebook.com\/share\/1HVE1qCqVk\/?mibextid=wwXIfr\" \/>\n<meta property=\"article:published_time\" content=\"2021-11-24T12:21:37+00:00\" \/>\n<meta property=\"og:image\" content=\"https:\/\/noti-america.com\/site\/repdom\/wp-content\/uploads\/sites\/6\/2021\/11\/caso-larva-francisco-arias_17688922_20211123235102.jpg\" \/>\n\t<meta property=\"og:image:width\" content=\"546\" \/>\n\t<meta property=\"og:image:height\" content=\"350\" \/>\n\t<meta property=\"og:image:type\" content=\"image\/jpeg\" \/>\n<meta name=\"author\" content=\"Miguel Ramirez\" \/>\n<meta name=\"twitter:card\" content=\"summary_large_image\" \/>\n<meta name=\"twitter:label1\" content=\"Escrito por\" \/>\n\t<meta name=\"twitter:data1\" content=\"Miguel Ramirez\" \/>\n\t<meta name=\"twitter:label2\" content=\"Tiempo estimado de lectura\" \/>\n\t<meta name=\"twitter:data2\" content=\"3 minutos\" \/>\n<script type=\"application\/ld+json\" class=\"yoast-schema-graph\">{\"@context\":\"https:\/\/schema.org\",\"@graph\":[{\"@type\":\"Article\",\"@id\":\"https:\/\/noti-america.com\/site\/repdom\/2021\/11\/24\/jueza-avanza-en-la-coercion-del-caso-operacion-larva-3\/#article\",\"isPartOf\":{\"@id\":\"https:\/\/noti-america.com\/site\/repdom\/2021\/11\/24\/jueza-avanza-en-la-coercion-del-caso-operacion-larva-3\/\"},\"author\":{\"name\":\"Miguel Ramirez\",\"@id\":\"https:\/\/noti-america.com\/site\/repdom\/#\/schema\/person\/8027db7d71a0328e6e4474fa188c6fb3\"},\"headline\":\"Jueza avanza en la coerci\u00f3n del caso Operaci\u00f3n Larva\",\"datePublished\":\"2021-11-24T12:21:37+00:00\",\"mainEntityOfPage\":{\"@id\":\"https:\/\/noti-america.com\/site\/repdom\/2021\/11\/24\/jueza-avanza-en-la-coercion-del-caso-operacion-larva-3\/\"},\"wordCount\":576,\"commentCount\":0,\"publisher\":{\"@id\":\"https:\/\/noti-america.com\/site\/repdom\/#organization\"},\"image\":{\"@id\":\"https:\/\/noti-america.com\/site\/repdom\/2021\/11\/24\/jueza-avanza-en-la-coercion-del-caso-operacion-larva-3\/#primaryimage\"},\"thumbnailUrl\":\"https:\/\/noti-america.com\/site\/repdom\/wp-content\/uploads\/sites\/6\/2021\/11\/caso-larva-francisco-arias_17688922_20211123235102.jpg\",\"articleSection\":[\"Actualidad\"],\"inLanguage\":\"es\",\"potentialAction\":[{\"@type\":\"CommentAction\",\"name\":\"Comment\",\"target\":[\"https:\/\/noti-america.com\/site\/repdom\/2021\/11\/24\/jueza-avanza-en-la-coercion-del-caso-operacion-larva-3\/#respond\"]}]},{\"@type\":\"WebPage\",\"@id\":\"https:\/\/noti-america.com\/site\/repdom\/2021\/11\/24\/jueza-avanza-en-la-coercion-del-caso-operacion-larva-3\/\",\"url\":\"https:\/\/noti-america.com\/site\/repdom\/2021\/11\/24\/jueza-avanza-en-la-coercion-del-caso-operacion-larva-3\/\",\"name\":\"Jueza avanza en la coerci\u00f3n del caso Operaci\u00f3n Larva - Rep. Dominicana | Noti-America.com\",\"isPartOf\":{\"@id\":\"https:\/\/noti-america.com\/site\/repdom\/#website\"},\"primaryImageOfPage\":{\"@id\":\"https:\/\/noti-america.com\/site\/repdom\/2021\/11\/24\/jueza-avanza-en-la-coercion-del-caso-operacion-larva-3\/#primaryimage\"},\"image\":{\"@id\":\"https:\/\/noti-america.com\/site\/repdom\/2021\/11\/24\/jueza-avanza-en-la-coercion-del-caso-operacion-larva-3\/#primaryimage\"},\"thumbnailUrl\":\"https:\/\/noti-america.com\/site\/repdom\/wp-content\/uploads\/sites\/6\/2021\/11\/caso-larva-francisco-arias_17688922_20211123235102.jpg\",\"datePublished\":\"2021-11-24T12:21:37+00:00\",\"breadcrumb\":{\"@id\":\"https:\/\/noti-america.com\/site\/repdom\/2021\/11\/24\/jueza-avanza-en-la-coercion-del-caso-operacion-larva-3\/#breadcrumb\"},\"inLanguage\":\"es\",\"potentialAction\":[{\"@type\":\"ReadAction\",\"target\":[\"https:\/\/noti-america.com\/site\/repdom\/2021\/11\/24\/jueza-avanza-en-la-coercion-del-caso-operacion-larva-3\/\"]}]},{\"@type\":\"ImageObject\",\"inLanguage\":\"es\",\"@id\":\"https:\/\/noti-america.com\/site\/repdom\/2021\/11\/24\/jueza-avanza-en-la-coercion-del-caso-operacion-larva-3\/#primaryimage\",\"url\":\"https:\/\/noti-america.com\/site\/repdom\/wp-content\/uploads\/sites\/6\/2021\/11\/caso-larva-francisco-arias_17688922_20211123235102.jpg\",\"contentUrl\":\"https:\/\/noti-america.com\/site\/repdom\/wp-content\/uploads\/sites\/6\/2021\/11\/caso-larva-francisco-arias_17688922_20211123235102.jpg\",\"width\":546,\"height\":350},{\"@type\":\"BreadcrumbList\",\"@id\":\"https:\/\/noti-america.com\/site\/repdom\/2021\/11\/24\/jueza-avanza-en-la-coercion-del-caso-operacion-larva-3\/#breadcrumb\",\"itemListElement\":[{\"@type\":\"ListItem\",\"position\":1,\"name\":\"Portada\",\"item\":\"https:\/\/noti-america.com\/site\/repdom\/\"},{\"@type\":\"ListItem\",\"position\":2,\"name\":\"Jueza avanza en la coerci\u00f3n del caso Operaci\u00f3n Larva\"}]},{\"@type\":\"WebSite\",\"@id\":\"https:\/\/noti-america.com\/site\/repdom\/#website\",\"url\":\"https:\/\/noti-america.com\/site\/repdom\/\",\"name\":\"Rep. Dominicana | Noti-America.com\",\"description\":\"\",\"publisher\":{\"@id\":\"https:\/\/noti-america.com\/site\/repdom\/#organization\"},\"potentialAction\":[{\"@type\":\"SearchAction\",\"target\":{\"@type\":\"EntryPoint\",\"urlTemplate\":\"https:\/\/noti-america.com\/site\/repdom\/?s={search_term_string}\"},\"query-input\":{\"@type\":\"PropertyValueSpecification\",\"valueRequired\":true,\"valueName\":\"search_term_string\"}}],\"inLanguage\":\"es\"},{\"@type\":\"Organization\",\"@id\":\"https:\/\/noti-america.com\/site\/repdom\/#organization\",\"name\":\"Noti-America LLC | Rep\u00fablica Dominicana\",\"url\":\"https:\/\/noti-america.com\/site\/repdom\/\",\"logo\":{\"@type\":\"ImageObject\",\"inLanguage\":\"es\",\"@id\":\"https:\/\/noti-america.com\/site\/repdom\/#\/schema\/logo\/image\/\",\"url\":\"https:\/\/noti-america.com\/site\/repdom\/wp-content\/uploads\/sites\/6\/2020\/07\/LogoNA-4x3-1.jpg\",\"contentUrl\":\"https:\/\/noti-america.com\/site\/repdom\/wp-content\/uploads\/sites\/6\/2020\/07\/LogoNA-4x3-1.jpg\",\"width\":1236,\"height\":1080,\"caption\":\"Noti-America LLC | Rep\u00fablica Dominicana\"},\"image\":{\"@id\":\"https:\/\/noti-america.com\/site\/repdom\/#\/schema\/logo\/image\/\"}},{\"@type\":\"Person\",\"@id\":\"https:\/\/noti-america.com\/site\/repdom\/#\/schema\/person\/8027db7d71a0328e6e4474fa188c6fb3\",\"name\":\"Miguel Ramirez\",\"image\":{\"@type\":\"ImageObject\",\"inLanguage\":\"es\",\"@id\":\"https:\/\/secure.gravatar.com\/avatar\/41a78fb2cdab3e2dc5831d3591f1dab499ed0c22acc464195b09f37c2b3ac2cf?s=96&d=mm&r=g\",\"url\":\"https:\/\/secure.gravatar.com\/avatar\/41a78fb2cdab3e2dc5831d3591f1dab499ed0c22acc464195b09f37c2b3ac2cf?s=96&d=mm&r=g\",\"contentUrl\":\"https:\/\/secure.gravatar.com\/avatar\/41a78fb2cdab3e2dc5831d3591f1dab499ed0c22acc464195b09f37c2b3ac2cf?s=96&d=mm&r=g\",\"caption\":\"Miguel Ramirez\"},\"description\":\"Locutor y periodista digital y coach comunicaci\u00f3n\",\"sameAs\":[\"https:\/\/www.facebook.com\/share\/1HVE1qCqVk\/?mibextid=wwXIfr\"],\"url\":\"https:\/\/noti-america.com\/site\/repdom\/author\/mramirez\/\"}]}<\/script>\n<!-- \/ Yoast SEO Premium plugin. -->","yoast_head_json":{"title":"Jueza avanza en la coerci\u00f3n del caso Operaci\u00f3n Larva - Rep. Dominicana | Noti-America.com","robots":{"index":"index","follow":"follow","max-snippet":"max-snippet:-1","max-image-preview":"max-image-preview:large","max-video-preview":"max-video-preview:-1"},"canonical":"https:\/\/noti-america.com\/site\/repdom\/2021\/11\/24\/jueza-avanza-en-la-coercion-del-caso-operacion-larva-3\/","og_locale":"es_ES","og_type":"article","og_title":"Jueza avanza en la coerci\u00f3n del caso Operaci\u00f3n Larva","og_description":"Noti-America Republica Dominiana El Ministerio P\u00fablico ley\u00f3 expediente, pidi\u00f3 prisi\u00f3n preventiva para los imputados &nbsp; Luego de varias semanas de incidentes, la jueza Katerine Lugo de la Oficina Permanente de Preocupaci\u00f3n de San Crist\u00f3bal&#46;&#46;&#46;","og_url":"https:\/\/noti-america.com\/site\/repdom\/2021\/11\/24\/jueza-avanza-en-la-coercion-del-caso-operacion-larva-3\/","og_site_name":"Rep. Dominicana | Noti-America.com","article_author":"https:\/\/www.facebook.com\/share\/1HVE1qCqVk\/?mibextid=wwXIfr","article_published_time":"2021-11-24T12:21:37+00:00","og_image":[{"width":546,"height":350,"url":"https:\/\/noti-america.com\/site\/repdom\/wp-content\/uploads\/sites\/6\/2021\/11\/caso-larva-francisco-arias_17688922_20211123235102.jpg","type":"image\/jpeg"}],"author":"Miguel Ramirez","twitter_card":"summary_large_image","twitter_misc":{"Escrito por":"Miguel Ramirez","Tiempo estimado de lectura":"3 minutos"},"schema":{"@context":"https:\/\/schema.org","@graph":[{"@type":"Article","@id":"https:\/\/noti-america.com\/site\/repdom\/2021\/11\/24\/jueza-avanza-en-la-coercion-del-caso-operacion-larva-3\/#article","isPartOf":{"@id":"https:\/\/noti-america.com\/site\/repdom\/2021\/11\/24\/jueza-avanza-en-la-coercion-del-caso-operacion-larva-3\/"},"author":{"name":"Miguel Ramirez","@id":"https:\/\/noti-america.com\/site\/repdom\/#\/schema\/person\/8027db7d71a0328e6e4474fa188c6fb3"},"headline":"Jueza avanza en la coerci\u00f3n del caso Operaci\u00f3n Larva","datePublished":"2021-11-24T12:21:37+00:00","mainEntityOfPage":{"@id":"https:\/\/noti-america.com\/site\/repdom\/2021\/11\/24\/jueza-avanza-en-la-coercion-del-caso-operacion-larva-3\/"},"wordCount":576,"commentCount":0,"publisher":{"@id":"https:\/\/noti-america.com\/site\/repdom\/#organization"},"image":{"@id":"https:\/\/noti-america.com\/site\/repdom\/2021\/11\/24\/jueza-avanza-en-la-coercion-del-caso-operacion-larva-3\/#primaryimage"},"thumbnailUrl":"https:\/\/noti-america.com\/site\/repdom\/wp-content\/uploads\/sites\/6\/2021\/11\/caso-larva-francisco-arias_17688922_20211123235102.jpg","articleSection":["Actualidad"],"inLanguage":"es","potentialAction":[{"@type":"CommentAction","name":"Comment","target":["https:\/\/noti-america.com\/site\/repdom\/2021\/11\/24\/jueza-avanza-en-la-coercion-del-caso-operacion-larva-3\/#respond"]}]},{"@type":"WebPage","@id":"https:\/\/noti-america.com\/site\/repdom\/2021\/11\/24\/jueza-avanza-en-la-coercion-del-caso-operacion-larva-3\/","url":"https:\/\/noti-america.com\/site\/repdom\/2021\/11\/24\/jueza-avanza-en-la-coercion-del-caso-operacion-larva-3\/","name":"Jueza avanza en la coerci\u00f3n del caso Operaci\u00f3n Larva - Rep. Dominicana | Noti-America.com","isPartOf":{"@id":"https:\/\/noti-america.com\/site\/repdom\/#website"},"primaryImageOfPage":{"@id":"https:\/\/noti-america.com\/site\/repdom\/2021\/11\/24\/jueza-avanza-en-la-coercion-del-caso-operacion-larva-3\/#primaryimage"},"image":{"@id":"https:\/\/noti-america.com\/site\/repdom\/2021\/11\/24\/jueza-avanza-en-la-coercion-del-caso-operacion-larva-3\/#primaryimage"},"thumbnailUrl":"https:\/\/noti-america.com\/site\/repdom\/wp-content\/uploads\/sites\/6\/2021\/11\/caso-larva-francisco-arias_17688922_20211123235102.jpg","datePublished":"2021-11-24T12:21:37+00:00","breadcrumb":{"@id":"https:\/\/noti-america.com\/site\/repdom\/2021\/11\/24\/jueza-avanza-en-la-coercion-del-caso-operacion-larva-3\/#breadcrumb"},"inLanguage":"es","potentialAction":[{"@type":"ReadAction","target":["https:\/\/noti-america.com\/site\/repdom\/2021\/11\/24\/jueza-avanza-en-la-coercion-del-caso-operacion-larva-3\/"]}]},{"@type":"ImageObject","inLanguage":"es","@id":"https:\/\/noti-america.com\/site\/repdom\/2021\/11\/24\/jueza-avanza-en-la-coercion-del-caso-operacion-larva-3\/#primaryimage","url":"https:\/\/noti-america.com\/site\/repdom\/wp-content\/uploads\/sites\/6\/2021\/11\/caso-larva-francisco-arias_17688922_20211123235102.jpg","contentUrl":"https:\/\/noti-america.com\/site\/repdom\/wp-content\/uploads\/sites\/6\/2021\/11\/caso-larva-francisco-arias_17688922_20211123235102.jpg","width":546,"height":350},{"@type":"BreadcrumbList","@id":"https:\/\/noti-america.com\/site\/repdom\/2021\/11\/24\/jueza-avanza-en-la-coercion-del-caso-operacion-larva-3\/#breadcrumb","itemListElement":[{"@type":"ListItem","position":1,"name":"Portada","item":"https:\/\/noti-america.com\/site\/repdom\/"},{"@type":"ListItem","position":2,"name":"Jueza avanza en la coerci\u00f3n del caso Operaci\u00f3n Larva"}]},{"@type":"WebSite","@id":"https:\/\/noti-america.com\/site\/repdom\/#website","url":"https:\/\/noti-america.com\/site\/repdom\/","name":"Rep. Dominicana | Noti-America.com","description":"","publisher":{"@id":"https:\/\/noti-america.com\/site\/repdom\/#organization"},"potentialAction":[{"@type":"SearchAction","target":{"@type":"EntryPoint","urlTemplate":"https:\/\/noti-america.com\/site\/repdom\/?s={search_term_string}"},"query-input":{"@type":"PropertyValueSpecification","valueRequired":true,"valueName":"search_term_string"}}],"inLanguage":"es"},{"@type":"Organization","@id":"https:\/\/noti-america.com\/site\/repdom\/#organization","name":"Noti-America LLC | Rep\u00fablica Dominicana","url":"https:\/\/noti-america.com\/site\/repdom\/","logo":{"@type":"ImageObject","inLanguage":"es","@id":"https:\/\/noti-america.com\/site\/repdom\/#\/schema\/logo\/image\/","url":"https:\/\/noti-america.com\/site\/repdom\/wp-content\/uploads\/sites\/6\/2020\/07\/LogoNA-4x3-1.jpg","contentUrl":"https:\/\/noti-america.com\/site\/repdom\/wp-content\/uploads\/sites\/6\/2020\/07\/LogoNA-4x3-1.jpg","width":1236,"height":1080,"caption":"Noti-America LLC | Rep\u00fablica Dominicana"},"image":{"@id":"https:\/\/noti-america.com\/site\/repdom\/#\/schema\/logo\/image\/"}},{"@type":"Person","@id":"https:\/\/noti-america.com\/site\/repdom\/#\/schema\/person\/8027db7d71a0328e6e4474fa188c6fb3","name":"Miguel Ramirez","image":{"@type":"ImageObject","inLanguage":"es","@id":"https:\/\/secure.gravatar.com\/avatar\/41a78fb2cdab3e2dc5831d3591f1dab499ed0c22acc464195b09f37c2b3ac2cf?s=96&d=mm&r=g","url":"https:\/\/secure.gravatar.com\/avatar\/41a78fb2cdab3e2dc5831d3591f1dab499ed0c22acc464195b09f37c2b3ac2cf?s=96&d=mm&r=g","contentUrl":"https:\/\/secure.gravatar.com\/avatar\/41a78fb2cdab3e2dc5831d3591f1dab499ed0c22acc464195b09f37c2b3ac2cf?s=96&d=mm&r=g","caption":"Miguel Ramirez"},"description":"Locutor y periodista digital y coach comunicaci\u00f3n","sameAs":["https:\/\/www.facebook.com\/share\/1HVE1qCqVk\/?mibextid=wwXIfr"],"url":"https:\/\/noti-america.com\/site\/repdom\/author\/mramirez\/"}]}},"_links":{"self":[{"href":"https:\/\/noti-america.com\/site\/repdom\/wp-json\/wp\/v2\/posts\/14693","targetHints":{"allow":["GET"]}}],"collection":[{"href":"https:\/\/noti-america.com\/site\/repdom\/wp-json\/wp\/v2\/posts"}],"about":[{"href":"https:\/\/noti-america.com\/site\/repdom\/wp-json\/wp\/v2\/types\/post"}],"author":[{"embeddable":true,"href":"https:\/\/noti-america.com\/site\/repdom\/wp-json\/wp\/v2\/users\/96"}],"replies":[{"embeddable":true,"href":"https:\/\/noti-america.com\/site\/repdom\/wp-json\/wp\/v2\/comments?post=14693"}],"version-history":[{"count":0,"href":"https:\/\/noti-america.com\/site\/repdom\/wp-json\/wp\/v2\/posts\/14693\/revisions"}],"wp:featuredmedia":[{"embeddable":true,"href":"https:\/\/noti-america.com\/site\/repdom\/wp-json\/wp\/v2\/media\/14691"}],"wp:attachment":[{"href":"https:\/\/noti-america.com\/site\/repdom\/wp-json\/wp\/v2\/media?parent=14693"}],"wp:term":[{"taxonomy":"category","embeddable":true,"href":"https:\/\/noti-america.com\/site\/repdom\/wp-json\/wp\/v2\/categories?post=14693"},{"taxonomy":"post_tag","embeddable":true,"href":"https:\/\/noti-america.com\/site\/repdom\/wp-json\/wp\/v2\/tags?post=14693"}],"curies":[{"name":"wp","href":"https:\/\/api.w.org\/{rel}","templated":true}]}}