{"id":14383,"date":"2021-11-12T21:33:35","date_gmt":"2021-11-12T21:33:35","guid":{"rendered":"https:\/\/noti-america.com\/site\/repdom\/?p=14383"},"modified":"2021-11-12T21:33:35","modified_gmt":"2021-11-12T21:33:35","slug":"industria-y-comercio-gana-galardon-premio-a-la-calidad-administrativa","status":"publish","type":"post","link":"https:\/\/noti-america.com\/site\/repdom\/2021\/11\/12\/industria-y-comercio-gana-galardon-premio-a-la-calidad-administrativa\/","title":{"rendered":"Industria y Comercio gana galard\u00f3n Premio a la Calidad Administrativa"},"content":{"rendered":"<p style=\"text-align: justify\">El acto de entrega del premio lo encabez\u00f3 el presidente Abinader.<\/p>\n<p style=\"text-align: justify\">Santo Domingo, RD.- El Ministerio de Industria,\u00a0Comercio\u00a0y Mipymes (<a href=\"https:\/\/www.micm.gob.do\/\">MICM<\/a>) gan\u00f3 la medalla de oro del\u00a0<strong>Premio Nacional de Calidad en la Administraci\u00f3n P\u00fablica<\/strong>.<\/p>\n<p style=\"text-align: justify\">El reconocimiento fue compartido con la Direcci\u00f3n General de Contabilidad Gubernamental, que se alz\u00f3 con una medalla de oro, tambi\u00e9n.<\/p>\n<p style=\"text-align: justify\">El acto de entrega del premio lo encabez\u00f3 el presidente\u00a0<a href=\"https:\/\/cdn.com.do\/nacionales\/luis-abinader-visitara-cuatro-provincias-este-fin-de-semana\/\">Luis Abinader\u00a0<\/a>en el Palacio Nacional, donde se reconocieron siete instituciones p\u00fablicas.<\/p>\n<p style=\"text-align: justify\">La medalla de Industria y Comercio la recibi\u00f3 por el ministro\u00a0<strong>Victor-Ito-Bison\u00f3<\/strong>. Durante la actividad, el jefe de Estado manifest\u00f3 que la administraci\u00f3n p\u00fablica, sus servicios y sus servidores, son la piedra angular sobre la que descansa una parte importante de la calidad democr\u00e1tica de cualquier pa\u00eds.<\/p>\n<p style=\"text-align: justify\">La Comisi\u00f3n Nacional de Energ\u00eda (CNE), la Direcci\u00f3n General de Contrataciones P\u00fablicas (DGCP), y la Direcci\u00f3n General de Impuestos Internos (DGII) recibieron Medalla de Plata.<\/p>\n<p style=\"text-align: justify\">Adem\u00e1s, la Empresa de Transmisi\u00f3n El\u00e9ctrica Dominicana (ETED) y la Direcci\u00f3n General de Informaci\u00f3n y Defensa de los Afiliados a la Seguridad Social (DIDA) se alzaron con medallas de Bronce.<\/p>\n<h3 style=\"text-align: justify\">Sobre el premio a la calidad<\/h3>\n<p style=\"text-align: justify\">El ministro de Administraci\u00f3n P\u00fablica, Dar\u00edo Castillo Lugo, explic\u00f3 que en esa premiaci\u00f3n destaca las instituciones p\u00fablicas enfocadas en mejores resultados en los ciudadanos-clientes.<\/p>\n<p style=\"text-align: justify\">Al destacar la importancia de la aplicaci\u00f3n del Modelo CAF, asegur\u00f3 que el mismo impulsa la excelencia en la gesti\u00f3n de los recursos.<\/p>\n<p style=\"text-align: justify\">Castillo Lugo inform\u00f3, adem\u00e1s, que el MAP est\u00e1 impulsando la creaci\u00f3n de premiaciones sectoriales, para incentivar buenas pr\u00e1cticas de calidad.<\/p>\n<div class=\"td-a-rec td-a-rec-id-content_bottom  \" style=\"text-align: justify\">Fuente: CDN<\/div>\n<p style=\"text-align: justify\">\n","protected":false},"excerpt":{"rendered":"<p>El acto de entrega del premio lo encabez\u00f3 el presidente Abinader. Santo Domingo, RD.- El Ministerio de Industria,\u00a0Comercio\u00a0y Mipymes (MICM) gan\u00f3 la medalla de oro del\u00a0Premio Nacional de Calidad en la Administraci\u00f3n P\u00fablica. El&#46;&#46;&#46;<\/p>\n","protected":false},"author":99,"featured_media":14384,"comment_status":"open","ping_status":"open","sticky":false,"template":"","format":"standard","meta":{"_acf_changed":false,"rop_custom_images_group":[],"rop_custom_messages_group":[],"rop_publish_now":"initial","rop_publish_now_accounts":[],"rop_publish_now_history":[],"rop_publish_now_status":"pending","footnotes":""},"categories":[10],"tags":[1820],"class_list":["post-14383","post","type-post","status-publish","format-standard","has-post-thumbnail","hentry","category-actualidad","tag-micmescalidad"],"acf":[],"yoast_head":"<!-- This site is optimized with the Yoast SEO Premium plugin v24.9 (Yoast SEO v27.2) - https:\/\/yoast.com\/product\/yoast-seo-premium-wordpress\/ -->\n<title>Industria y Comercio gana galard\u00f3n Premio a la Calidad Administrativa - Rep. Dominicana | Noti-America.com<\/title>\n<meta name=\"robots\" content=\"index, follow, max-snippet:-1, max-image-preview:large, max-video-preview:-1\" \/>\n<link rel=\"canonical\" href=\"https:\/\/noti-america.com\/site\/repdom\/2021\/11\/12\/industria-y-comercio-gana-galardon-premio-a-la-calidad-administrativa\/\" \/>\n<meta property=\"og:locale\" content=\"es_ES\" \/>\n<meta property=\"og:type\" content=\"article\" \/>\n<meta property=\"og:title\" content=\"Industria y Comercio gana galard\u00f3n Premio a la Calidad Administrativa\" \/>\n<meta property=\"og:description\" content=\"El acto de entrega del premio lo encabez\u00f3 el presidente Abinader. Santo Domingo, RD.- El Ministerio de Industria,\u00a0Comercio\u00a0y Mipymes (MICM) gan\u00f3 la medalla de oro del\u00a0Premio Nacional de Calidad en la Administraci\u00f3n P\u00fablica. El&#046;&#046;&#046;\" \/>\n<meta property=\"og:url\" content=\"https:\/\/noti-america.com\/site\/repdom\/2021\/11\/12\/industria-y-comercio-gana-galardon-premio-a-la-calidad-administrativa\/\" \/>\n<meta property=\"og:site_name\" content=\"Rep. Dominicana | Noti-America.com\" \/>\n<meta property=\"article:published_time\" content=\"2021-11-12T21:33:35+00:00\" \/>\n<meta property=\"og:image\" content=\"https:\/\/noti-america.com\/site\/repdom\/wp-content\/uploads\/sites\/6\/2021\/11\/IMG-20211112-WA0026-1.jpg\" \/>\n\t<meta property=\"og:image:width\" content=\"1600\" \/>\n\t<meta property=\"og:image:height\" content=\"1068\" \/>\n\t<meta property=\"og:image:type\" content=\"image\/jpeg\" \/>\n<meta name=\"author\" content=\"Ann\u00e9 Cruz\" \/>\n<meta name=\"twitter:card\" content=\"summary_large_image\" \/>\n<meta name=\"twitter:label1\" content=\"Escrito por\" \/>\n\t<meta name=\"twitter:data1\" content=\"Ann\u00e9 Cruz\" \/>\n\t<meta name=\"twitter:label2\" content=\"Tiempo estimado de lectura\" \/>\n\t<meta name=\"twitter:data2\" content=\"2 minutos\" \/>\n<script type=\"application\/ld+json\" class=\"yoast-schema-graph\">{\"@context\":\"https:\/\/schema.org\",\"@graph\":[{\"@type\":\"Article\",\"@id\":\"https:\/\/noti-america.com\/site\/repdom\/2021\/11\/12\/industria-y-comercio-gana-galardon-premio-a-la-calidad-administrativa\/#article\",\"isPartOf\":{\"@id\":\"https:\/\/noti-america.com\/site\/repdom\/2021\/11\/12\/industria-y-comercio-gana-galardon-premio-a-la-calidad-administrativa\/\"},\"author\":{\"name\":\"Ann\u00e9 Cruz\",\"@id\":\"https:\/\/noti-america.com\/site\/repdom\/#\/schema\/person\/01b6a5fcca2b30bc220da2842f0b6060\"},\"headline\":\"Industria y Comercio gana galard\u00f3n Premio a la Calidad Administrativa\",\"datePublished\":\"2021-11-12T21:33:35+00:00\",\"mainEntityOfPage\":{\"@id\":\"https:\/\/noti-america.com\/site\/repdom\/2021\/11\/12\/industria-y-comercio-gana-galardon-premio-a-la-calidad-administrativa\/\"},\"wordCount\":296,\"commentCount\":0,\"publisher\":{\"@id\":\"https:\/\/noti-america.com\/site\/repdom\/#organization\"},\"image\":{\"@id\":\"https:\/\/noti-america.com\/site\/repdom\/2021\/11\/12\/industria-y-comercio-gana-galardon-premio-a-la-calidad-administrativa\/#primaryimage\"},\"thumbnailUrl\":\"https:\/\/noti-america.com\/site\/repdom\/wp-content\/uploads\/sites\/6\/2021\/11\/IMG-20211112-WA0026-1.jpg\",\"keywords\":[\"#MICMEsCalidad\"],\"articleSection\":[\"Actualidad\"],\"inLanguage\":\"es\",\"potentialAction\":[{\"@type\":\"CommentAction\",\"name\":\"Comment\",\"target\":[\"https:\/\/noti-america.com\/site\/repdom\/2021\/11\/12\/industria-y-comercio-gana-galardon-premio-a-la-calidad-administrativa\/#respond\"]}]},{\"@type\":\"WebPage\",\"@id\":\"https:\/\/noti-america.com\/site\/repdom\/2021\/11\/12\/industria-y-comercio-gana-galardon-premio-a-la-calidad-administrativa\/\",\"url\":\"https:\/\/noti-america.com\/site\/repdom\/2021\/11\/12\/industria-y-comercio-gana-galardon-premio-a-la-calidad-administrativa\/\",\"name\":\"Industria y Comercio gana galard\u00f3n Premio a la Calidad Administrativa - Rep. Dominicana | Noti-America.com\",\"isPartOf\":{\"@id\":\"https:\/\/noti-america.com\/site\/repdom\/#website\"},\"primaryImageOfPage\":{\"@id\":\"https:\/\/noti-america.com\/site\/repdom\/2021\/11\/12\/industria-y-comercio-gana-galardon-premio-a-la-calidad-administrativa\/#primaryimage\"},\"image\":{\"@id\":\"https:\/\/noti-america.com\/site\/repdom\/2021\/11\/12\/industria-y-comercio-gana-galardon-premio-a-la-calidad-administrativa\/#primaryimage\"},\"thumbnailUrl\":\"https:\/\/noti-america.com\/site\/repdom\/wp-content\/uploads\/sites\/6\/2021\/11\/IMG-20211112-WA0026-1.jpg\",\"datePublished\":\"2021-11-12T21:33:35+00:00\",\"breadcrumb\":{\"@id\":\"https:\/\/noti-america.com\/site\/repdom\/2021\/11\/12\/industria-y-comercio-gana-galardon-premio-a-la-calidad-administrativa\/#breadcrumb\"},\"inLanguage\":\"es\",\"potentialAction\":[{\"@type\":\"ReadAction\",\"target\":[\"https:\/\/noti-america.com\/site\/repdom\/2021\/11\/12\/industria-y-comercio-gana-galardon-premio-a-la-calidad-administrativa\/\"]}]},{\"@type\":\"ImageObject\",\"inLanguage\":\"es\",\"@id\":\"https:\/\/noti-america.com\/site\/repdom\/2021\/11\/12\/industria-y-comercio-gana-galardon-premio-a-la-calidad-administrativa\/#primaryimage\",\"url\":\"https:\/\/noti-america.com\/site\/repdom\/wp-content\/uploads\/sites\/6\/2021\/11\/IMG-20211112-WA0026-1.jpg\",\"contentUrl\":\"https:\/\/noti-america.com\/site\/repdom\/wp-content\/uploads\/sites\/6\/2021\/11\/IMG-20211112-WA0026-1.jpg\",\"width\":1600,\"height\":1068},{\"@type\":\"BreadcrumbList\",\"@id\":\"https:\/\/noti-america.com\/site\/repdom\/2021\/11\/12\/industria-y-comercio-gana-galardon-premio-a-la-calidad-administrativa\/#breadcrumb\",\"itemListElement\":[{\"@type\":\"ListItem\",\"position\":1,\"name\":\"Portada\",\"item\":\"https:\/\/noti-america.com\/site\/repdom\/\"},{\"@type\":\"ListItem\",\"position\":2,\"name\":\"Industria y Comercio gana galard\u00f3n Premio a la Calidad Administrativa\"}]},{\"@type\":\"WebSite\",\"@id\":\"https:\/\/noti-america.com\/site\/repdom\/#website\",\"url\":\"https:\/\/noti-america.com\/site\/repdom\/\",\"name\":\"Rep. Dominicana | Noti-America.com\",\"description\":\"\",\"publisher\":{\"@id\":\"https:\/\/noti-america.com\/site\/repdom\/#organization\"},\"potentialAction\":[{\"@type\":\"SearchAction\",\"target\":{\"@type\":\"EntryPoint\",\"urlTemplate\":\"https:\/\/noti-america.com\/site\/repdom\/?s={search_term_string}\"},\"query-input\":{\"@type\":\"PropertyValueSpecification\",\"valueRequired\":true,\"valueName\":\"search_term_string\"}}],\"inLanguage\":\"es\"},{\"@type\":\"Organization\",\"@id\":\"https:\/\/noti-america.com\/site\/repdom\/#organization\",\"name\":\"Noti-America LLC | Rep\u00fablica Dominicana\",\"url\":\"https:\/\/noti-america.com\/site\/repdom\/\",\"logo\":{\"@type\":\"ImageObject\",\"inLanguage\":\"es\",\"@id\":\"https:\/\/noti-america.com\/site\/repdom\/#\/schema\/logo\/image\/\",\"url\":\"https:\/\/noti-america.com\/site\/repdom\/wp-content\/uploads\/sites\/6\/2020\/07\/LogoNA-4x3-1.jpg\",\"contentUrl\":\"https:\/\/noti-america.com\/site\/repdom\/wp-content\/uploads\/sites\/6\/2020\/07\/LogoNA-4x3-1.jpg\",\"width\":1236,\"height\":1080,\"caption\":\"Noti-America LLC | Rep\u00fablica Dominicana\"},\"image\":{\"@id\":\"https:\/\/noti-america.com\/site\/repdom\/#\/schema\/logo\/image\/\"}},{\"@type\":\"Person\",\"@id\":\"https:\/\/noti-america.com\/site\/repdom\/#\/schema\/person\/01b6a5fcca2b30bc220da2842f0b6060\",\"name\":\"Ann\u00e9 Cruz\",\"image\":{\"@type\":\"ImageObject\",\"inLanguage\":\"es\",\"@id\":\"https:\/\/secure.gravatar.com\/avatar\/f5aaeb3fd16b65f7d601dd99d7f1dcaaf7065ea361b219976bcf5d43d0980e1b?s=96&d=mm&r=g\",\"url\":\"https:\/\/secure.gravatar.com\/avatar\/f5aaeb3fd16b65f7d601dd99d7f1dcaaf7065ea361b219976bcf5d43d0980e1b?s=96&d=mm&r=g\",\"contentUrl\":\"https:\/\/secure.gravatar.com\/avatar\/f5aaeb3fd16b65f7d601dd99d7f1dcaaf7065ea361b219976bcf5d43d0980e1b?s=96&d=mm&r=g\",\"caption\":\"Ann\u00e9 Cruz\"},\"description\":\"Emprendedora, publirrelacionista y periodista especializada en Comunicaci\u00f3n Pol\u00edtica e Institucional.\",\"url\":\"https:\/\/noti-america.com\/site\/repdom\/author\/adelacruz\/\"}]}<\/script>\n<!-- \/ Yoast SEO Premium plugin. -->","yoast_head_json":{"title":"Industria y Comercio gana galard\u00f3n Premio a la Calidad Administrativa - Rep. Dominicana | Noti-America.com","robots":{"index":"index","follow":"follow","max-snippet":"max-snippet:-1","max-image-preview":"max-image-preview:large","max-video-preview":"max-video-preview:-1"},"canonical":"https:\/\/noti-america.com\/site\/repdom\/2021\/11\/12\/industria-y-comercio-gana-galardon-premio-a-la-calidad-administrativa\/","og_locale":"es_ES","og_type":"article","og_title":"Industria y Comercio gana galard\u00f3n Premio a la Calidad Administrativa","og_description":"El acto de entrega del premio lo encabez\u00f3 el presidente Abinader. Santo Domingo, RD.- El Ministerio de Industria,\u00a0Comercio\u00a0y Mipymes (MICM) gan\u00f3 la medalla de oro del\u00a0Premio Nacional de Calidad en la Administraci\u00f3n P\u00fablica. El&#46;&#46;&#46;","og_url":"https:\/\/noti-america.com\/site\/repdom\/2021\/11\/12\/industria-y-comercio-gana-galardon-premio-a-la-calidad-administrativa\/","og_site_name":"Rep. Dominicana | Noti-America.com","article_published_time":"2021-11-12T21:33:35+00:00","og_image":[{"width":1600,"height":1068,"url":"https:\/\/noti-america.com\/site\/repdom\/wp-content\/uploads\/sites\/6\/2021\/11\/IMG-20211112-WA0026-1.jpg","type":"image\/jpeg"}],"author":"Ann\u00e9 Cruz","twitter_card":"summary_large_image","twitter_misc":{"Escrito por":"Ann\u00e9 Cruz","Tiempo estimado de lectura":"2 minutos"},"schema":{"@context":"https:\/\/schema.org","@graph":[{"@type":"Article","@id":"https:\/\/noti-america.com\/site\/repdom\/2021\/11\/12\/industria-y-comercio-gana-galardon-premio-a-la-calidad-administrativa\/#article","isPartOf":{"@id":"https:\/\/noti-america.com\/site\/repdom\/2021\/11\/12\/industria-y-comercio-gana-galardon-premio-a-la-calidad-administrativa\/"},"author":{"name":"Ann\u00e9 Cruz","@id":"https:\/\/noti-america.com\/site\/repdom\/#\/schema\/person\/01b6a5fcca2b30bc220da2842f0b6060"},"headline":"Industria y Comercio gana galard\u00f3n Premio a la Calidad Administrativa","datePublished":"2021-11-12T21:33:35+00:00","mainEntityOfPage":{"@id":"https:\/\/noti-america.com\/site\/repdom\/2021\/11\/12\/industria-y-comercio-gana-galardon-premio-a-la-calidad-administrativa\/"},"wordCount":296,"commentCount":0,"publisher":{"@id":"https:\/\/noti-america.com\/site\/repdom\/#organization"},"image":{"@id":"https:\/\/noti-america.com\/site\/repdom\/2021\/11\/12\/industria-y-comercio-gana-galardon-premio-a-la-calidad-administrativa\/#primaryimage"},"thumbnailUrl":"https:\/\/noti-america.com\/site\/repdom\/wp-content\/uploads\/sites\/6\/2021\/11\/IMG-20211112-WA0026-1.jpg","keywords":["#MICMEsCalidad"],"articleSection":["Actualidad"],"inLanguage":"es","potentialAction":[{"@type":"CommentAction","name":"Comment","target":["https:\/\/noti-america.com\/site\/repdom\/2021\/11\/12\/industria-y-comercio-gana-galardon-premio-a-la-calidad-administrativa\/#respond"]}]},{"@type":"WebPage","@id":"https:\/\/noti-america.com\/site\/repdom\/2021\/11\/12\/industria-y-comercio-gana-galardon-premio-a-la-calidad-administrativa\/","url":"https:\/\/noti-america.com\/site\/repdom\/2021\/11\/12\/industria-y-comercio-gana-galardon-premio-a-la-calidad-administrativa\/","name":"Industria y Comercio gana galard\u00f3n Premio a la Calidad Administrativa - Rep. Dominicana | Noti-America.com","isPartOf":{"@id":"https:\/\/noti-america.com\/site\/repdom\/#website"},"primaryImageOfPage":{"@id":"https:\/\/noti-america.com\/site\/repdom\/2021\/11\/12\/industria-y-comercio-gana-galardon-premio-a-la-calidad-administrativa\/#primaryimage"},"image":{"@id":"https:\/\/noti-america.com\/site\/repdom\/2021\/11\/12\/industria-y-comercio-gana-galardon-premio-a-la-calidad-administrativa\/#primaryimage"},"thumbnailUrl":"https:\/\/noti-america.com\/site\/repdom\/wp-content\/uploads\/sites\/6\/2021\/11\/IMG-20211112-WA0026-1.jpg","datePublished":"2021-11-12T21:33:35+00:00","breadcrumb":{"@id":"https:\/\/noti-america.com\/site\/repdom\/2021\/11\/12\/industria-y-comercio-gana-galardon-premio-a-la-calidad-administrativa\/#breadcrumb"},"inLanguage":"es","potentialAction":[{"@type":"ReadAction","target":["https:\/\/noti-america.com\/site\/repdom\/2021\/11\/12\/industria-y-comercio-gana-galardon-premio-a-la-calidad-administrativa\/"]}]},{"@type":"ImageObject","inLanguage":"es","@id":"https:\/\/noti-america.com\/site\/repdom\/2021\/11\/12\/industria-y-comercio-gana-galardon-premio-a-la-calidad-administrativa\/#primaryimage","url":"https:\/\/noti-america.com\/site\/repdom\/wp-content\/uploads\/sites\/6\/2021\/11\/IMG-20211112-WA0026-1.jpg","contentUrl":"https:\/\/noti-america.com\/site\/repdom\/wp-content\/uploads\/sites\/6\/2021\/11\/IMG-20211112-WA0026-1.jpg","width":1600,"height":1068},{"@type":"BreadcrumbList","@id":"https:\/\/noti-america.com\/site\/repdom\/2021\/11\/12\/industria-y-comercio-gana-galardon-premio-a-la-calidad-administrativa\/#breadcrumb","itemListElement":[{"@type":"ListItem","position":1,"name":"Portada","item":"https:\/\/noti-america.com\/site\/repdom\/"},{"@type":"ListItem","position":2,"name":"Industria y Comercio gana galard\u00f3n Premio a la Calidad Administrativa"}]},{"@type":"WebSite","@id":"https:\/\/noti-america.com\/site\/repdom\/#website","url":"https:\/\/noti-america.com\/site\/repdom\/","name":"Rep. Dominicana | Noti-America.com","description":"","publisher":{"@id":"https:\/\/noti-america.com\/site\/repdom\/#organization"},"potentialAction":[{"@type":"SearchAction","target":{"@type":"EntryPoint","urlTemplate":"https:\/\/noti-america.com\/site\/repdom\/?s={search_term_string}"},"query-input":{"@type":"PropertyValueSpecification","valueRequired":true,"valueName":"search_term_string"}}],"inLanguage":"es"},{"@type":"Organization","@id":"https:\/\/noti-america.com\/site\/repdom\/#organization","name":"Noti-America LLC | Rep\u00fablica Dominicana","url":"https:\/\/noti-america.com\/site\/repdom\/","logo":{"@type":"ImageObject","inLanguage":"es","@id":"https:\/\/noti-america.com\/site\/repdom\/#\/schema\/logo\/image\/","url":"https:\/\/noti-america.com\/site\/repdom\/wp-content\/uploads\/sites\/6\/2020\/07\/LogoNA-4x3-1.jpg","contentUrl":"https:\/\/noti-america.com\/site\/repdom\/wp-content\/uploads\/sites\/6\/2020\/07\/LogoNA-4x3-1.jpg","width":1236,"height":1080,"caption":"Noti-America LLC | Rep\u00fablica Dominicana"},"image":{"@id":"https:\/\/noti-america.com\/site\/repdom\/#\/schema\/logo\/image\/"}},{"@type":"Person","@id":"https:\/\/noti-america.com\/site\/repdom\/#\/schema\/person\/01b6a5fcca2b30bc220da2842f0b6060","name":"Ann\u00e9 Cruz","image":{"@type":"ImageObject","inLanguage":"es","@id":"https:\/\/secure.gravatar.com\/avatar\/f5aaeb3fd16b65f7d601dd99d7f1dcaaf7065ea361b219976bcf5d43d0980e1b?s=96&d=mm&r=g","url":"https:\/\/secure.gravatar.com\/avatar\/f5aaeb3fd16b65f7d601dd99d7f1dcaaf7065ea361b219976bcf5d43d0980e1b?s=96&d=mm&r=g","contentUrl":"https:\/\/secure.gravatar.com\/avatar\/f5aaeb3fd16b65f7d601dd99d7f1dcaaf7065ea361b219976bcf5d43d0980e1b?s=96&d=mm&r=g","caption":"Ann\u00e9 Cruz"},"description":"Emprendedora, publirrelacionista y periodista especializada en Comunicaci\u00f3n Pol\u00edtica e Institucional.","url":"https:\/\/noti-america.com\/site\/repdom\/author\/adelacruz\/"}]}},"_links":{"self":[{"href":"https:\/\/noti-america.com\/site\/repdom\/wp-json\/wp\/v2\/posts\/14383","targetHints":{"allow":["GET"]}}],"collection":[{"href":"https:\/\/noti-america.com\/site\/repdom\/wp-json\/wp\/v2\/posts"}],"about":[{"href":"https:\/\/noti-america.com\/site\/repdom\/wp-json\/wp\/v2\/types\/post"}],"author":[{"embeddable":true,"href":"https:\/\/noti-america.com\/site\/repdom\/wp-json\/wp\/v2\/users\/99"}],"replies":[{"embeddable":true,"href":"https:\/\/noti-america.com\/site\/repdom\/wp-json\/wp\/v2\/comments?post=14383"}],"version-history":[{"count":1,"href":"https:\/\/noti-america.com\/site\/repdom\/wp-json\/wp\/v2\/posts\/14383\/revisions"}],"predecessor-version":[{"id":14385,"href":"https:\/\/noti-america.com\/site\/repdom\/wp-json\/wp\/v2\/posts\/14383\/revisions\/14385"}],"wp:featuredmedia":[{"embeddable":true,"href":"https:\/\/noti-america.com\/site\/repdom\/wp-json\/wp\/v2\/media\/14384"}],"wp:attachment":[{"href":"https:\/\/noti-america.com\/site\/repdom\/wp-json\/wp\/v2\/media?parent=14383"}],"wp:term":[{"taxonomy":"category","embeddable":true,"href":"https:\/\/noti-america.com\/site\/repdom\/wp-json\/wp\/v2\/categories?post=14383"},{"taxonomy":"post_tag","embeddable":true,"href":"https:\/\/noti-america.com\/site\/repdom\/wp-json\/wp\/v2\/tags?post=14383"}],"curies":[{"name":"wp","href":"https:\/\/api.w.org\/{rel}","templated":true}]}}