{"id":13936,"date":"2021-10-17T14:01:00","date_gmt":"2021-10-17T14:01:00","guid":{"rendered":"https:\/\/noti-america.com\/site\/repdom\/?p=13936"},"modified":"2021-10-17T14:01:00","modified_gmt":"2021-10-17T14:01:00","slug":"un-proyecto-para-embellecer-colores-rd","status":"publish","type":"post","link":"https:\/\/noti-america.com\/site\/repdom\/2021\/10\/17\/un-proyecto-para-embellecer-colores-rd\/","title":{"rendered":"Un proyecto para embellecer  \u201cColores RD\u201d"},"content":{"rendered":"<p>NOTI-AM\u00c9RICA REP\u00daBLICA DOMINICANA<\/p>\n<p>Por: Arq. Danilka Mej\u00eda Valdez. 17 Octubre 2021<\/p>\n<p style=\"text-align: justify\">\u00a0\u201cColores RD\u201d es una iniciativa de la Direcci\u00f3n General de Proyectos Estrat\u00e9gicos y Especiales de la Presidencia (Propeep) que dirige el ministro Jos\u00e9 Leonel Cabera (Neney), que junto a Oniel Salcedo se propuso hacer m\u00e1s atractivo el pa\u00eds buscando embellecer y revitalizar espacios de visibilidad p\u00fablica.<\/p>\n<p style=\"text-align: justify\">Se desea convertir las paredes o espacios fr\u00edos, sin vida, en obras de arte con coloridos vivientes y vibrantes plasmados en llamativos murales pintados por artistas con sus creativas manos, armados de pinceles y una paleta de colores para combinar.<\/p>\n<p style=\"text-align: justify\">Laura Mart\u00ednez Bison\u00f3 es la directora de \u201cColores RD\u201d, dependencia de Propeep, y cuenta que se trata de un proyecto nacional que hasta la fecha se ha desarrollado en el Distrito Nacional, Santo Domingo Este, San Pedro de Macor\u00eds y Sosua.<\/p>\n<p style=\"text-align: justify\">\u201cEste proyecto se genera mediante la econom\u00eda naranja, un conjunto de actividades basado en ideas y creatividades, en la cual contribuye a agregar valor como la limpieza\u201d.<\/p>\n<p>Fuentes escritas:<\/p>\n<ul>\n<li>diariolibre.com<\/li>\n<\/ul>\n<p>Fuentes Fotogr\u00e1ficas:<\/p>\n<ul>\n<li>diariolibre.com<\/li>\n<\/ul>\n<p>Redes sociales:<\/p>\n<ul>\n<li>Facebook: <a href=\"https:\/\/www.facebook.com\/MejiaValdezdesign\">Mejia Valdez<\/a><\/li>\n<li>Instagram:<a href=\"https:\/\/www.instagram.com\/mejiavaldezdesign\/\"> @mejiavaldezdesign<\/a><\/li>\n<\/ul>\n","protected":false},"excerpt":{"rendered":"<p>NOTI-AM\u00c9RICA REP\u00daBLICA DOMINICANA Por: Arq. Danilka Mej\u00eda Valdez. 17 Octubre 2021 \u00a0\u201cColores RD\u201d es una iniciativa de la Direcci\u00f3n General de Proyectos Estrat\u00e9gicos y Especiales de la Presidencia (Propeep) que dirige el ministro Jos\u00e9&#46;&#46;&#46;<\/p>\n","protected":false},"author":97,"featured_media":13937,"comment_status":"open","ping_status":"open","sticky":false,"template":"","format":"gallery","meta":{"_acf_changed":false,"rop_custom_images_group":[],"rop_custom_messages_group":[],"rop_publish_now":"initial","rop_publish_now_accounts":[],"rop_publish_now_history":[],"rop_publish_now_status":"pending","footnotes":""},"categories":[8],"tags":[300,1734,1735,108],"class_list":["post-13936","post","type-post","status-publish","format-gallery","has-post-thumbnail","hentry","category-arte-y-espectaculos","tag-artistas","tag-murales","tag-pinturas","tag-republica-dominicana","post_format-post-format-gallery"],"acf":[],"yoast_head":"<!-- This site is optimized with the Yoast SEO Premium plugin v24.9 (Yoast SEO v27.2) - https:\/\/yoast.com\/product\/yoast-seo-premium-wordpress\/ -->\n<title>Un proyecto para embellecer \u201cColores RD\u201d - Rep. Dominicana | Noti-America.com<\/title>\n<meta name=\"robots\" content=\"index, follow, max-snippet:-1, max-image-preview:large, max-video-preview:-1\" \/>\n<link rel=\"canonical\" href=\"https:\/\/noti-america.com\/site\/repdom\/2021\/10\/17\/un-proyecto-para-embellecer-colores-rd\/\" \/>\n<meta property=\"og:locale\" content=\"es_ES\" \/>\n<meta property=\"og:type\" content=\"article\" \/>\n<meta property=\"og:title\" content=\"Un proyecto para embellecer \u201cColores RD\u201d\" \/>\n<meta property=\"og:description\" content=\"NOTI-AM\u00c9RICA REP\u00daBLICA DOMINICANA Por: Arq. Danilka Mej\u00eda Valdez. 17 Octubre 2021 \u00a0\u201cColores RD\u201d es una iniciativa de la Direcci\u00f3n General de Proyectos Estrat\u00e9gicos y Especiales de la Presidencia (Propeep) que dirige el ministro Jos\u00e9&#046;&#046;&#046;\" \/>\n<meta property=\"og:url\" content=\"https:\/\/noti-america.com\/site\/repdom\/2021\/10\/17\/un-proyecto-para-embellecer-colores-rd\/\" \/>\n<meta property=\"og:site_name\" content=\"Rep. Dominicana | Noti-America.com\" \/>\n<meta property=\"article:published_time\" content=\"2021-10-17T14:01:00+00:00\" \/>\n<meta property=\"og:image\" content=\"https:\/\/noti-america.com\/site\/repdom\/wp-content\/uploads\/sites\/6\/2021\/10\/16337252172842278486994962899209_17391205_20211008164140.jpg\" \/>\n\t<meta property=\"og:image:width\" content=\"525\" \/>\n\t<meta property=\"og:image:height\" content=\"350\" \/>\n\t<meta property=\"og:image:type\" content=\"image\/jpeg\" \/>\n<meta name=\"author\" content=\"Danilka Mejia\" \/>\n<meta name=\"twitter:card\" content=\"summary_large_image\" \/>\n<meta name=\"twitter:creator\" content=\"@MejiaValdezRD\" \/>\n<meta name=\"twitter:label1\" content=\"Escrito por\" \/>\n\t<meta name=\"twitter:data1\" content=\"Danilka Mejia\" \/>\n\t<meta name=\"twitter:label2\" content=\"Tiempo estimado de lectura\" \/>\n\t<meta name=\"twitter:data2\" content=\"1 minuto\" \/>\n<script type=\"application\/ld+json\" class=\"yoast-schema-graph\">{\"@context\":\"https:\/\/schema.org\",\"@graph\":[{\"@type\":\"Article\",\"@id\":\"https:\/\/noti-america.com\/site\/repdom\/2021\/10\/17\/un-proyecto-para-embellecer-colores-rd\/#article\",\"isPartOf\":{\"@id\":\"https:\/\/noti-america.com\/site\/repdom\/2021\/10\/17\/un-proyecto-para-embellecer-colores-rd\/\"},\"author\":{\"name\":\"Danilka Mejia\",\"@id\":\"https:\/\/noti-america.com\/site\/repdom\/#\/schema\/person\/5bde7c8614301322fd0fce621af68ac9\"},\"headline\":\"Un proyecto para embellecer \u201cColores RD\u201d\",\"datePublished\":\"2021-10-17T14:01:00+00:00\",\"mainEntityOfPage\":{\"@id\":\"https:\/\/noti-america.com\/site\/repdom\/2021\/10\/17\/un-proyecto-para-embellecer-colores-rd\/\"},\"wordCount\":197,\"commentCount\":0,\"publisher\":{\"@id\":\"https:\/\/noti-america.com\/site\/repdom\/#organization\"},\"image\":{\"@id\":\"https:\/\/noti-america.com\/site\/repdom\/2021\/10\/17\/un-proyecto-para-embellecer-colores-rd\/#primaryimage\"},\"thumbnailUrl\":\"https:\/\/noti-america.com\/site\/repdom\/wp-content\/uploads\/sites\/6\/2021\/10\/16337252172842278486994962899209_17391205_20211008164140.jpg\",\"keywords\":[\"Artistas\",\"Murales\",\"Pinturas\",\"Rep\u00fablica Dominicana\"],\"articleSection\":[\"Arte y Espect\u00e1culos\"],\"inLanguage\":\"es\",\"potentialAction\":[{\"@type\":\"CommentAction\",\"name\":\"Comment\",\"target\":[\"https:\/\/noti-america.com\/site\/repdom\/2021\/10\/17\/un-proyecto-para-embellecer-colores-rd\/#respond\"]}]},{\"@type\":\"WebPage\",\"@id\":\"https:\/\/noti-america.com\/site\/repdom\/2021\/10\/17\/un-proyecto-para-embellecer-colores-rd\/\",\"url\":\"https:\/\/noti-america.com\/site\/repdom\/2021\/10\/17\/un-proyecto-para-embellecer-colores-rd\/\",\"name\":\"Un proyecto para embellecer \u201cColores RD\u201d - Rep. Dominicana | Noti-America.com\",\"isPartOf\":{\"@id\":\"https:\/\/noti-america.com\/site\/repdom\/#website\"},\"primaryImageOfPage\":{\"@id\":\"https:\/\/noti-america.com\/site\/repdom\/2021\/10\/17\/un-proyecto-para-embellecer-colores-rd\/#primaryimage\"},\"image\":{\"@id\":\"https:\/\/noti-america.com\/site\/repdom\/2021\/10\/17\/un-proyecto-para-embellecer-colores-rd\/#primaryimage\"},\"thumbnailUrl\":\"https:\/\/noti-america.com\/site\/repdom\/wp-content\/uploads\/sites\/6\/2021\/10\/16337252172842278486994962899209_17391205_20211008164140.jpg\",\"datePublished\":\"2021-10-17T14:01:00+00:00\",\"breadcrumb\":{\"@id\":\"https:\/\/noti-america.com\/site\/repdom\/2021\/10\/17\/un-proyecto-para-embellecer-colores-rd\/#breadcrumb\"},\"inLanguage\":\"es\",\"potentialAction\":[{\"@type\":\"ReadAction\",\"target\":[\"https:\/\/noti-america.com\/site\/repdom\/2021\/10\/17\/un-proyecto-para-embellecer-colores-rd\/\"]}]},{\"@type\":\"ImageObject\",\"inLanguage\":\"es\",\"@id\":\"https:\/\/noti-america.com\/site\/repdom\/2021\/10\/17\/un-proyecto-para-embellecer-colores-rd\/#primaryimage\",\"url\":\"https:\/\/noti-america.com\/site\/repdom\/wp-content\/uploads\/sites\/6\/2021\/10\/16337252172842278486994962899209_17391205_20211008164140.jpg\",\"contentUrl\":\"https:\/\/noti-america.com\/site\/repdom\/wp-content\/uploads\/sites\/6\/2021\/10\/16337252172842278486994962899209_17391205_20211008164140.jpg\",\"width\":525,\"height\":350},{\"@type\":\"BreadcrumbList\",\"@id\":\"https:\/\/noti-america.com\/site\/repdom\/2021\/10\/17\/un-proyecto-para-embellecer-colores-rd\/#breadcrumb\",\"itemListElement\":[{\"@type\":\"ListItem\",\"position\":1,\"name\":\"Portada\",\"item\":\"https:\/\/noti-america.com\/site\/repdom\/\"},{\"@type\":\"ListItem\",\"position\":2,\"name\":\"Un proyecto para embellecer \u201cColores RD\u201d\"}]},{\"@type\":\"WebSite\",\"@id\":\"https:\/\/noti-america.com\/site\/repdom\/#website\",\"url\":\"https:\/\/noti-america.com\/site\/repdom\/\",\"name\":\"Rep. Dominicana | Noti-America.com\",\"description\":\"\",\"publisher\":{\"@id\":\"https:\/\/noti-america.com\/site\/repdom\/#organization\"},\"potentialAction\":[{\"@type\":\"SearchAction\",\"target\":{\"@type\":\"EntryPoint\",\"urlTemplate\":\"https:\/\/noti-america.com\/site\/repdom\/?s={search_term_string}\"},\"query-input\":{\"@type\":\"PropertyValueSpecification\",\"valueRequired\":true,\"valueName\":\"search_term_string\"}}],\"inLanguage\":\"es\"},{\"@type\":\"Organization\",\"@id\":\"https:\/\/noti-america.com\/site\/repdom\/#organization\",\"name\":\"Noti-America LLC | Rep\u00fablica Dominicana\",\"url\":\"https:\/\/noti-america.com\/site\/repdom\/\",\"logo\":{\"@type\":\"ImageObject\",\"inLanguage\":\"es\",\"@id\":\"https:\/\/noti-america.com\/site\/repdom\/#\/schema\/logo\/image\/\",\"url\":\"https:\/\/noti-america.com\/site\/repdom\/wp-content\/uploads\/sites\/6\/2020\/07\/LogoNA-4x3-1.jpg\",\"contentUrl\":\"https:\/\/noti-america.com\/site\/repdom\/wp-content\/uploads\/sites\/6\/2020\/07\/LogoNA-4x3-1.jpg\",\"width\":1236,\"height\":1080,\"caption\":\"Noti-America LLC | Rep\u00fablica Dominicana\"},\"image\":{\"@id\":\"https:\/\/noti-america.com\/site\/repdom\/#\/schema\/logo\/image\/\"}},{\"@type\":\"Person\",\"@id\":\"https:\/\/noti-america.com\/site\/repdom\/#\/schema\/person\/5bde7c8614301322fd0fce621af68ac9\",\"name\":\"Danilka Mejia\",\"image\":{\"@type\":\"ImageObject\",\"inLanguage\":\"es\",\"@id\":\"https:\/\/secure.gravatar.com\/avatar\/9bcb08bb5654a80ea1803fd02d1cf7a6ae004f047558403ab4c074be762ba8d5?s=96&d=mm&r=g\",\"url\":\"https:\/\/secure.gravatar.com\/avatar\/9bcb08bb5654a80ea1803fd02d1cf7a6ae004f047558403ab4c074be762ba8d5?s=96&d=mm&r=g\",\"contentUrl\":\"https:\/\/secure.gravatar.com\/avatar\/9bcb08bb5654a80ea1803fd02d1cf7a6ae004f047558403ab4c074be762ba8d5?s=96&d=mm&r=g\",\"caption\":\"Danilka Mejia\"},\"description\":\"Soy Speaker del segmento: \u201cDescubre, Transforma y Decora\u201d , tambi\u00e9n formo parte del equipo del dise\u00f1o gr\u00e1fico del programa Juntos En Familia (Galardonado como mejor programa de emisora digital de la Rep. Dom.) .Arquitecta en Rodr\u00edguez Plumbing Contractors Internacional,LLC. Creadora de contenido para Redes Sociales . Soy asesora sobre Arquitectura, Dise\u00f1o, Orden y Limpieza.\",\"sameAs\":[\"https:\/\/x.com\/MejiaValdezRD\"],\"url\":\"https:\/\/noti-america.com\/site\/repdom\/author\/dmejia\/\"}]}<\/script>\n<!-- \/ Yoast SEO Premium plugin. -->","yoast_head_json":{"title":"Un proyecto para embellecer \u201cColores RD\u201d - Rep. Dominicana | Noti-America.com","robots":{"index":"index","follow":"follow","max-snippet":"max-snippet:-1","max-image-preview":"max-image-preview:large","max-video-preview":"max-video-preview:-1"},"canonical":"https:\/\/noti-america.com\/site\/repdom\/2021\/10\/17\/un-proyecto-para-embellecer-colores-rd\/","og_locale":"es_ES","og_type":"article","og_title":"Un proyecto para embellecer \u201cColores RD\u201d","og_description":"NOTI-AM\u00c9RICA REP\u00daBLICA DOMINICANA Por: Arq. Danilka Mej\u00eda Valdez. 17 Octubre 2021 \u00a0\u201cColores RD\u201d es una iniciativa de la Direcci\u00f3n General de Proyectos Estrat\u00e9gicos y Especiales de la Presidencia (Propeep) que dirige el ministro Jos\u00e9&#46;&#46;&#46;","og_url":"https:\/\/noti-america.com\/site\/repdom\/2021\/10\/17\/un-proyecto-para-embellecer-colores-rd\/","og_site_name":"Rep. Dominicana | Noti-America.com","article_published_time":"2021-10-17T14:01:00+00:00","og_image":[{"width":525,"height":350,"url":"https:\/\/noti-america.com\/site\/repdom\/wp-content\/uploads\/sites\/6\/2021\/10\/16337252172842278486994962899209_17391205_20211008164140.jpg","type":"image\/jpeg"}],"author":"Danilka Mejia","twitter_card":"summary_large_image","twitter_creator":"@MejiaValdezRD","twitter_misc":{"Escrito por":"Danilka Mejia","Tiempo estimado de lectura":"1 minuto"},"schema":{"@context":"https:\/\/schema.org","@graph":[{"@type":"Article","@id":"https:\/\/noti-america.com\/site\/repdom\/2021\/10\/17\/un-proyecto-para-embellecer-colores-rd\/#article","isPartOf":{"@id":"https:\/\/noti-america.com\/site\/repdom\/2021\/10\/17\/un-proyecto-para-embellecer-colores-rd\/"},"author":{"name":"Danilka Mejia","@id":"https:\/\/noti-america.com\/site\/repdom\/#\/schema\/person\/5bde7c8614301322fd0fce621af68ac9"},"headline":"Un proyecto para embellecer \u201cColores RD\u201d","datePublished":"2021-10-17T14:01:00+00:00","mainEntityOfPage":{"@id":"https:\/\/noti-america.com\/site\/repdom\/2021\/10\/17\/un-proyecto-para-embellecer-colores-rd\/"},"wordCount":197,"commentCount":0,"publisher":{"@id":"https:\/\/noti-america.com\/site\/repdom\/#organization"},"image":{"@id":"https:\/\/noti-america.com\/site\/repdom\/2021\/10\/17\/un-proyecto-para-embellecer-colores-rd\/#primaryimage"},"thumbnailUrl":"https:\/\/noti-america.com\/site\/repdom\/wp-content\/uploads\/sites\/6\/2021\/10\/16337252172842278486994962899209_17391205_20211008164140.jpg","keywords":["Artistas","Murales","Pinturas","Rep\u00fablica Dominicana"],"articleSection":["Arte y Espect\u00e1culos"],"inLanguage":"es","potentialAction":[{"@type":"CommentAction","name":"Comment","target":["https:\/\/noti-america.com\/site\/repdom\/2021\/10\/17\/un-proyecto-para-embellecer-colores-rd\/#respond"]}]},{"@type":"WebPage","@id":"https:\/\/noti-america.com\/site\/repdom\/2021\/10\/17\/un-proyecto-para-embellecer-colores-rd\/","url":"https:\/\/noti-america.com\/site\/repdom\/2021\/10\/17\/un-proyecto-para-embellecer-colores-rd\/","name":"Un proyecto para embellecer \u201cColores RD\u201d - Rep. Dominicana | Noti-America.com","isPartOf":{"@id":"https:\/\/noti-america.com\/site\/repdom\/#website"},"primaryImageOfPage":{"@id":"https:\/\/noti-america.com\/site\/repdom\/2021\/10\/17\/un-proyecto-para-embellecer-colores-rd\/#primaryimage"},"image":{"@id":"https:\/\/noti-america.com\/site\/repdom\/2021\/10\/17\/un-proyecto-para-embellecer-colores-rd\/#primaryimage"},"thumbnailUrl":"https:\/\/noti-america.com\/site\/repdom\/wp-content\/uploads\/sites\/6\/2021\/10\/16337252172842278486994962899209_17391205_20211008164140.jpg","datePublished":"2021-10-17T14:01:00+00:00","breadcrumb":{"@id":"https:\/\/noti-america.com\/site\/repdom\/2021\/10\/17\/un-proyecto-para-embellecer-colores-rd\/#breadcrumb"},"inLanguage":"es","potentialAction":[{"@type":"ReadAction","target":["https:\/\/noti-america.com\/site\/repdom\/2021\/10\/17\/un-proyecto-para-embellecer-colores-rd\/"]}]},{"@type":"ImageObject","inLanguage":"es","@id":"https:\/\/noti-america.com\/site\/repdom\/2021\/10\/17\/un-proyecto-para-embellecer-colores-rd\/#primaryimage","url":"https:\/\/noti-america.com\/site\/repdom\/wp-content\/uploads\/sites\/6\/2021\/10\/16337252172842278486994962899209_17391205_20211008164140.jpg","contentUrl":"https:\/\/noti-america.com\/site\/repdom\/wp-content\/uploads\/sites\/6\/2021\/10\/16337252172842278486994962899209_17391205_20211008164140.jpg","width":525,"height":350},{"@type":"BreadcrumbList","@id":"https:\/\/noti-america.com\/site\/repdom\/2021\/10\/17\/un-proyecto-para-embellecer-colores-rd\/#breadcrumb","itemListElement":[{"@type":"ListItem","position":1,"name":"Portada","item":"https:\/\/noti-america.com\/site\/repdom\/"},{"@type":"ListItem","position":2,"name":"Un proyecto para embellecer \u201cColores RD\u201d"}]},{"@type":"WebSite","@id":"https:\/\/noti-america.com\/site\/repdom\/#website","url":"https:\/\/noti-america.com\/site\/repdom\/","name":"Rep. Dominicana | Noti-America.com","description":"","publisher":{"@id":"https:\/\/noti-america.com\/site\/repdom\/#organization"},"potentialAction":[{"@type":"SearchAction","target":{"@type":"EntryPoint","urlTemplate":"https:\/\/noti-america.com\/site\/repdom\/?s={search_term_string}"},"query-input":{"@type":"PropertyValueSpecification","valueRequired":true,"valueName":"search_term_string"}}],"inLanguage":"es"},{"@type":"Organization","@id":"https:\/\/noti-america.com\/site\/repdom\/#organization","name":"Noti-America LLC | Rep\u00fablica Dominicana","url":"https:\/\/noti-america.com\/site\/repdom\/","logo":{"@type":"ImageObject","inLanguage":"es","@id":"https:\/\/noti-america.com\/site\/repdom\/#\/schema\/logo\/image\/","url":"https:\/\/noti-america.com\/site\/repdom\/wp-content\/uploads\/sites\/6\/2020\/07\/LogoNA-4x3-1.jpg","contentUrl":"https:\/\/noti-america.com\/site\/repdom\/wp-content\/uploads\/sites\/6\/2020\/07\/LogoNA-4x3-1.jpg","width":1236,"height":1080,"caption":"Noti-America LLC | Rep\u00fablica Dominicana"},"image":{"@id":"https:\/\/noti-america.com\/site\/repdom\/#\/schema\/logo\/image\/"}},{"@type":"Person","@id":"https:\/\/noti-america.com\/site\/repdom\/#\/schema\/person\/5bde7c8614301322fd0fce621af68ac9","name":"Danilka Mejia","image":{"@type":"ImageObject","inLanguage":"es","@id":"https:\/\/secure.gravatar.com\/avatar\/9bcb08bb5654a80ea1803fd02d1cf7a6ae004f047558403ab4c074be762ba8d5?s=96&d=mm&r=g","url":"https:\/\/secure.gravatar.com\/avatar\/9bcb08bb5654a80ea1803fd02d1cf7a6ae004f047558403ab4c074be762ba8d5?s=96&d=mm&r=g","contentUrl":"https:\/\/secure.gravatar.com\/avatar\/9bcb08bb5654a80ea1803fd02d1cf7a6ae004f047558403ab4c074be762ba8d5?s=96&d=mm&r=g","caption":"Danilka Mejia"},"description":"Soy Speaker del segmento: \u201cDescubre, Transforma y Decora\u201d , tambi\u00e9n formo parte del equipo del dise\u00f1o gr\u00e1fico del programa Juntos En Familia (Galardonado como mejor programa de emisora digital de la Rep. Dom.) .Arquitecta en Rodr\u00edguez Plumbing Contractors Internacional,LLC. Creadora de contenido para Redes Sociales . Soy asesora sobre Arquitectura, Dise\u00f1o, Orden y Limpieza.","sameAs":["https:\/\/x.com\/MejiaValdezRD"],"url":"https:\/\/noti-america.com\/site\/repdom\/author\/dmejia\/"}]}},"_links":{"self":[{"href":"https:\/\/noti-america.com\/site\/repdom\/wp-json\/wp\/v2\/posts\/13936","targetHints":{"allow":["GET"]}}],"collection":[{"href":"https:\/\/noti-america.com\/site\/repdom\/wp-json\/wp\/v2\/posts"}],"about":[{"href":"https:\/\/noti-america.com\/site\/repdom\/wp-json\/wp\/v2\/types\/post"}],"author":[{"embeddable":true,"href":"https:\/\/noti-america.com\/site\/repdom\/wp-json\/wp\/v2\/users\/97"}],"replies":[{"embeddable":true,"href":"https:\/\/noti-america.com\/site\/repdom\/wp-json\/wp\/v2\/comments?post=13936"}],"version-history":[{"count":1,"href":"https:\/\/noti-america.com\/site\/repdom\/wp-json\/wp\/v2\/posts\/13936\/revisions"}],"predecessor-version":[{"id":13938,"href":"https:\/\/noti-america.com\/site\/repdom\/wp-json\/wp\/v2\/posts\/13936\/revisions\/13938"}],"wp:featuredmedia":[{"embeddable":true,"href":"https:\/\/noti-america.com\/site\/repdom\/wp-json\/wp\/v2\/media\/13937"}],"wp:attachment":[{"href":"https:\/\/noti-america.com\/site\/repdom\/wp-json\/wp\/v2\/media?parent=13936"}],"wp:term":[{"taxonomy":"category","embeddable":true,"href":"https:\/\/noti-america.com\/site\/repdom\/wp-json\/wp\/v2\/categories?post=13936"},{"taxonomy":"post_tag","embeddable":true,"href":"https:\/\/noti-america.com\/site\/repdom\/wp-json\/wp\/v2\/tags?post=13936"}],"curies":[{"name":"wp","href":"https:\/\/api.w.org\/{rel}","templated":true}]}}