{"id":13914,"date":"2021-10-16T19:39:52","date_gmt":"2021-10-16T19:39:52","guid":{"rendered":"https:\/\/noti-america.com\/site\/repdom\/?p=13914"},"modified":"2021-10-16T19:39:52","modified_gmt":"2021-10-16T19:39:52","slug":"presidente-de-lidom-visita-a-director-de-la-omsa","status":"publish","type":"post","link":"https:\/\/noti-america.com\/site\/repdom\/2021\/10\/16\/presidente-de-lidom-visita-a-director-de-la-omsa\/","title":{"rendered":"Presidente de LIDOM visita a director de la OMSA"},"content":{"rendered":"<p style=\"text-align: justify\"><span data-contrast=\"none\">El presidente de la Liga de B\u00e9isbol Profesional de Rep\u00fablica Dominicana (LIDOM), Vitelio Mej\u00eda Ortiz, gir\u00f3 este viernes una visita de cortes\u00eda al director de la Oficina Metropolitana de Servicios de Autobuses (OMSA),\u00a0Radham\u00e9s\u00a0Gonz\u00e1lez.<\/span><\/p>\n<p style=\"text-align: justify\"><span data-contrast=\"none\">Mej\u00eda y Gonz\u00e1lez conversaron sobre la posibilidad de renovar un acuerdo de cooperaci\u00f3n entre ambas instituciones que ir\u00e1 en beneficio de la gran fanaticada nacional.<\/span><\/p>\n<p style=\"text-align: justify\"><span data-contrast=\"none\">Gonz\u00e1lez se mostr\u00f3 muy receptivo con la iniciativa de Mej\u00eda Ortiz y garantiz\u00f3 que la OMSA caminar\u00e1 de la mano con la LIDOM, en procura de que los aficionados tengan asegurado el transporte desde y hasta los cinco estadios donde se juega el campeonato de b\u00e9isbol invernal.<\/span><\/p>\n<p style=\"text-align: justify\"><span data-contrast=\"none\">De su lado, Mej\u00eda Ortiz agradeci\u00f3 el recibimiento por parte de Gonz\u00e1lez al tiempo de felicitarlo por su gesti\u00f3n al frente de esa oficina.<\/span><\/p>\n<p style=\"text-align: justify\"><span data-contrast=\"none\">Dijo que es inter\u00e9s primordial de la liga brindarle todo tipo de facilidades a los aficionados para que acudan con mayor frecuencia y comodidad a ver los juegos de pelota.<\/span><\/p>\n<p style=\"text-align: justify\"><span data-contrast=\"none\">El campeonato de 2021-2022 comienza el pr\u00f3ximo mi\u00e9rcoles 27 de este mes con tres duelos regionales.<\/span><\/p>\n<p style=\"text-align: justify\"><span data-contrast=\"none\">En Santiago, donde ser\u00e1 la inauguraci\u00f3n oficial del certamen, las \u00c1guilas Cibae\u00f1as recibir\u00e1n a los Gigantes del Cibao; en Santo Domingo, los Leones del Escogido visitan a los Tigres del Licey, mientras en San Pedro de Macor\u00eds, las Estrellas Orientales ir\u00e1n contra los Toros del Este.<\/span><\/p>\n<p style=\"text-align: justify\"><strong>Fuente: Prensa LIDOM<\/strong><\/p>\n","protected":false},"excerpt":{"rendered":"<p>El presidente de la Liga de B\u00e9isbol Profesional de Rep\u00fablica Dominicana (LIDOM), Vitelio Mej\u00eda Ortiz, gir\u00f3 este viernes una visita de cortes\u00eda al director de la Oficina Metropolitana de Servicios de Autobuses (OMSA),\u00a0Radham\u00e9s\u00a0Gonz\u00e1lez. Mej\u00eda&#46;&#46;&#46;<\/p>\n","protected":false},"author":89,"featured_media":13915,"comment_status":"open","ping_status":"open","sticky":false,"template":"","format":"standard","meta":{"_acf_changed":false,"rop_custom_images_group":[],"rop_custom_messages_group":[],"rop_publish_now":"initial","rop_publish_now_accounts":[],"rop_publish_now_history":[],"rop_publish_now_status":"pending","footnotes":""},"categories":[1726,16],"tags":[119,122,1728,1729,901],"class_list":["post-13914","post","type-post","status-publish","format-standard","has-post-thumbnail","hentry","category-beisbol","category-deportes","tag-beisbol-dominicano","tag-liga-dominicana-de-beisbol-profesional","tag-oficina-metropolitana-de-servicios-de-autobuses","tag-radhames-gonzalez","tag-vitelio-mejia-ortiz"],"acf":[],"yoast_head":"<!-- This site is optimized with the Yoast SEO Premium plugin v24.9 (Yoast SEO v27.2) - https:\/\/yoast.com\/product\/yoast-seo-premium-wordpress\/ -->\n<title>Presidente de LIDOM visita a director de la OMSA - Rep. Dominicana | Noti-America.com<\/title>\n<meta name=\"robots\" content=\"index, follow, max-snippet:-1, max-image-preview:large, max-video-preview:-1\" \/>\n<link rel=\"canonical\" href=\"https:\/\/noti-america.com\/site\/repdom\/2021\/10\/16\/presidente-de-lidom-visita-a-director-de-la-omsa\/\" \/>\n<meta property=\"og:locale\" content=\"es_ES\" \/>\n<meta property=\"og:type\" content=\"article\" \/>\n<meta property=\"og:title\" content=\"Presidente de LIDOM visita a director de la OMSA\" \/>\n<meta property=\"og:description\" content=\"El presidente de la Liga de B\u00e9isbol Profesional de Rep\u00fablica Dominicana (LIDOM), Vitelio Mej\u00eda Ortiz, gir\u00f3 este viernes una visita de cortes\u00eda al director de la Oficina Metropolitana de Servicios de Autobuses (OMSA),\u00a0Radham\u00e9s\u00a0Gonz\u00e1lez. Mej\u00eda&#046;&#046;&#046;\" \/>\n<meta property=\"og:url\" content=\"https:\/\/noti-america.com\/site\/repdom\/2021\/10\/16\/presidente-de-lidom-visita-a-director-de-la-omsa\/\" \/>\n<meta property=\"og:site_name\" content=\"Rep. Dominicana | Noti-America.com\" \/>\n<meta property=\"article:published_time\" content=\"2021-10-16T19:39:52+00:00\" \/>\n<meta property=\"og:image\" content=\"https:\/\/noti-america.com\/site\/repdom\/wp-content\/uploads\/sites\/6\/2021\/10\/LIDOM-OMSA.jpeg\" \/>\n\t<meta property=\"og:image:width\" content=\"1066\" \/>\n\t<meta property=\"og:image:height\" content=\"1600\" \/>\n\t<meta property=\"og:image:type\" content=\"image\/jpeg\" \/>\n<meta name=\"author\" content=\"Ad\u00e1n Soriano\" \/>\n<meta name=\"twitter:card\" content=\"summary_large_image\" \/>\n<meta name=\"twitter:creator\" content=\"@adansoriano\" \/>\n<meta name=\"twitter:label1\" content=\"Escrito por\" \/>\n\t<meta name=\"twitter:data1\" content=\"Ad\u00e1n Soriano\" \/>\n\t<meta name=\"twitter:label2\" content=\"Tiempo estimado de lectura\" \/>\n\t<meta name=\"twitter:data2\" content=\"1 minuto\" \/>\n<script type=\"application\/ld+json\" class=\"yoast-schema-graph\">{\"@context\":\"https:\/\/schema.org\",\"@graph\":[{\"@type\":\"Article\",\"@id\":\"https:\/\/noti-america.com\/site\/repdom\/2021\/10\/16\/presidente-de-lidom-visita-a-director-de-la-omsa\/#article\",\"isPartOf\":{\"@id\":\"https:\/\/noti-america.com\/site\/repdom\/2021\/10\/16\/presidente-de-lidom-visita-a-director-de-la-omsa\/\"},\"author\":{\"name\":\"Ad\u00e1n Soriano\",\"@id\":\"https:\/\/noti-america.com\/site\/repdom\/#\/schema\/person\/fd0092c1530d275fabaa5cffcbc2b976\"},\"headline\":\"Presidente de LIDOM visita a director de la OMSA\",\"datePublished\":\"2021-10-16T19:39:52+00:00\",\"mainEntityOfPage\":{\"@id\":\"https:\/\/noti-america.com\/site\/repdom\/2021\/10\/16\/presidente-de-lidom-visita-a-director-de-la-omsa\/\"},\"wordCount\":257,\"commentCount\":0,\"publisher\":{\"@id\":\"https:\/\/noti-america.com\/site\/repdom\/#organization\"},\"image\":{\"@id\":\"https:\/\/noti-america.com\/site\/repdom\/2021\/10\/16\/presidente-de-lidom-visita-a-director-de-la-omsa\/#primaryimage\"},\"thumbnailUrl\":\"https:\/\/noti-america.com\/site\/repdom\/wp-content\/uploads\/sites\/6\/2021\/10\/LIDOM-OMSA.jpeg\",\"keywords\":[\"B\u00e9isbol Dominicano\",\"Liga Dominicana de B\u00e9isbol Profesional\",\"Oficina Metropolitana de Servicios de Autobuses\",\"Radham\u00e9s\u00a0Gonz\u00e1lez\",\"Vitelio Mej\u00eda Ortiz\"],\"articleSection\":[\"Beisbol\",\"Deportes\"],\"inLanguage\":\"es\",\"potentialAction\":[{\"@type\":\"CommentAction\",\"name\":\"Comment\",\"target\":[\"https:\/\/noti-america.com\/site\/repdom\/2021\/10\/16\/presidente-de-lidom-visita-a-director-de-la-omsa\/#respond\"]}]},{\"@type\":\"WebPage\",\"@id\":\"https:\/\/noti-america.com\/site\/repdom\/2021\/10\/16\/presidente-de-lidom-visita-a-director-de-la-omsa\/\",\"url\":\"https:\/\/noti-america.com\/site\/repdom\/2021\/10\/16\/presidente-de-lidom-visita-a-director-de-la-omsa\/\",\"name\":\"Presidente de LIDOM visita a director de la OMSA - Rep. Dominicana | Noti-America.com\",\"isPartOf\":{\"@id\":\"https:\/\/noti-america.com\/site\/repdom\/#website\"},\"primaryImageOfPage\":{\"@id\":\"https:\/\/noti-america.com\/site\/repdom\/2021\/10\/16\/presidente-de-lidom-visita-a-director-de-la-omsa\/#primaryimage\"},\"image\":{\"@id\":\"https:\/\/noti-america.com\/site\/repdom\/2021\/10\/16\/presidente-de-lidom-visita-a-director-de-la-omsa\/#primaryimage\"},\"thumbnailUrl\":\"https:\/\/noti-america.com\/site\/repdom\/wp-content\/uploads\/sites\/6\/2021\/10\/LIDOM-OMSA.jpeg\",\"datePublished\":\"2021-10-16T19:39:52+00:00\",\"breadcrumb\":{\"@id\":\"https:\/\/noti-america.com\/site\/repdom\/2021\/10\/16\/presidente-de-lidom-visita-a-director-de-la-omsa\/#breadcrumb\"},\"inLanguage\":\"es\",\"potentialAction\":[{\"@type\":\"ReadAction\",\"target\":[\"https:\/\/noti-america.com\/site\/repdom\/2021\/10\/16\/presidente-de-lidom-visita-a-director-de-la-omsa\/\"]}]},{\"@type\":\"ImageObject\",\"inLanguage\":\"es\",\"@id\":\"https:\/\/noti-america.com\/site\/repdom\/2021\/10\/16\/presidente-de-lidom-visita-a-director-de-la-omsa\/#primaryimage\",\"url\":\"https:\/\/noti-america.com\/site\/repdom\/wp-content\/uploads\/sites\/6\/2021\/10\/LIDOM-OMSA.jpeg\",\"contentUrl\":\"https:\/\/noti-america.com\/site\/repdom\/wp-content\/uploads\/sites\/6\/2021\/10\/LIDOM-OMSA.jpeg\",\"width\":1066,\"height\":1600},{\"@type\":\"BreadcrumbList\",\"@id\":\"https:\/\/noti-america.com\/site\/repdom\/2021\/10\/16\/presidente-de-lidom-visita-a-director-de-la-omsa\/#breadcrumb\",\"itemListElement\":[{\"@type\":\"ListItem\",\"position\":1,\"name\":\"Portada\",\"item\":\"https:\/\/noti-america.com\/site\/repdom\/\"},{\"@type\":\"ListItem\",\"position\":2,\"name\":\"Presidente de LIDOM visita a director de la OMSA\"}]},{\"@type\":\"WebSite\",\"@id\":\"https:\/\/noti-america.com\/site\/repdom\/#website\",\"url\":\"https:\/\/noti-america.com\/site\/repdom\/\",\"name\":\"Rep. Dominicana | Noti-America.com\",\"description\":\"\",\"publisher\":{\"@id\":\"https:\/\/noti-america.com\/site\/repdom\/#organization\"},\"potentialAction\":[{\"@type\":\"SearchAction\",\"target\":{\"@type\":\"EntryPoint\",\"urlTemplate\":\"https:\/\/noti-america.com\/site\/repdom\/?s={search_term_string}\"},\"query-input\":{\"@type\":\"PropertyValueSpecification\",\"valueRequired\":true,\"valueName\":\"search_term_string\"}}],\"inLanguage\":\"es\"},{\"@type\":\"Organization\",\"@id\":\"https:\/\/noti-america.com\/site\/repdom\/#organization\",\"name\":\"Noti-America LLC | Rep\u00fablica Dominicana\",\"url\":\"https:\/\/noti-america.com\/site\/repdom\/\",\"logo\":{\"@type\":\"ImageObject\",\"inLanguage\":\"es\",\"@id\":\"https:\/\/noti-america.com\/site\/repdom\/#\/schema\/logo\/image\/\",\"url\":\"https:\/\/noti-america.com\/site\/repdom\/wp-content\/uploads\/sites\/6\/2020\/07\/LogoNA-4x3-1.jpg\",\"contentUrl\":\"https:\/\/noti-america.com\/site\/repdom\/wp-content\/uploads\/sites\/6\/2020\/07\/LogoNA-4x3-1.jpg\",\"width\":1236,\"height\":1080,\"caption\":\"Noti-America LLC | Rep\u00fablica Dominicana\"},\"image\":{\"@id\":\"https:\/\/noti-america.com\/site\/repdom\/#\/schema\/logo\/image\/\"}},{\"@type\":\"Person\",\"@id\":\"https:\/\/noti-america.com\/site\/repdom\/#\/schema\/person\/fd0092c1530d275fabaa5cffcbc2b976\",\"name\":\"Ad\u00e1n Soriano\",\"image\":{\"@type\":\"ImageObject\",\"inLanguage\":\"es\",\"@id\":\"https:\/\/secure.gravatar.com\/avatar\/ecf97ff3aee7ff9efdae670d7e976f3e7e8acc1077e510d73707999a8bfd4467?s=96&d=mm&r=g\",\"url\":\"https:\/\/secure.gravatar.com\/avatar\/ecf97ff3aee7ff9efdae670d7e976f3e7e8acc1077e510d73707999a8bfd4467?s=96&d=mm&r=g\",\"contentUrl\":\"https:\/\/secure.gravatar.com\/avatar\/ecf97ff3aee7ff9efdae670d7e976f3e7e8acc1077e510d73707999a8bfd4467?s=96&d=mm&r=g\",\"caption\":\"Ad\u00e1n Soriano\"},\"description\":\"Soy cronista deportivo con 10 a\u00f1os de experiencia en varios espacios, y conduzco el podcast deportivo llamado Mezcla Deportiva\",\"sameAs\":[\"https:\/\/x.com\/adansoriano\"],\"url\":\"https:\/\/noti-america.com\/site\/repdom\/author\/asoriano\/\"}]}<\/script>\n<!-- \/ Yoast SEO Premium plugin. -->","yoast_head_json":{"title":"Presidente de LIDOM visita a director de la OMSA - Rep. Dominicana | Noti-America.com","robots":{"index":"index","follow":"follow","max-snippet":"max-snippet:-1","max-image-preview":"max-image-preview:large","max-video-preview":"max-video-preview:-1"},"canonical":"https:\/\/noti-america.com\/site\/repdom\/2021\/10\/16\/presidente-de-lidom-visita-a-director-de-la-omsa\/","og_locale":"es_ES","og_type":"article","og_title":"Presidente de LIDOM visita a director de la OMSA","og_description":"El presidente de la Liga de B\u00e9isbol Profesional de Rep\u00fablica Dominicana (LIDOM), Vitelio Mej\u00eda Ortiz, gir\u00f3 este viernes una visita de cortes\u00eda al director de la Oficina Metropolitana de Servicios de Autobuses (OMSA),\u00a0Radham\u00e9s\u00a0Gonz\u00e1lez. Mej\u00eda&#46;&#46;&#46;","og_url":"https:\/\/noti-america.com\/site\/repdom\/2021\/10\/16\/presidente-de-lidom-visita-a-director-de-la-omsa\/","og_site_name":"Rep. Dominicana | Noti-America.com","article_published_time":"2021-10-16T19:39:52+00:00","og_image":[{"width":1066,"height":1600,"url":"https:\/\/noti-america.com\/site\/repdom\/wp-content\/uploads\/sites\/6\/2021\/10\/LIDOM-OMSA.jpeg","type":"image\/jpeg"}],"author":"Ad\u00e1n Soriano","twitter_card":"summary_large_image","twitter_creator":"@adansoriano","twitter_misc":{"Escrito por":"Ad\u00e1n Soriano","Tiempo estimado de lectura":"1 minuto"},"schema":{"@context":"https:\/\/schema.org","@graph":[{"@type":"Article","@id":"https:\/\/noti-america.com\/site\/repdom\/2021\/10\/16\/presidente-de-lidom-visita-a-director-de-la-omsa\/#article","isPartOf":{"@id":"https:\/\/noti-america.com\/site\/repdom\/2021\/10\/16\/presidente-de-lidom-visita-a-director-de-la-omsa\/"},"author":{"name":"Ad\u00e1n Soriano","@id":"https:\/\/noti-america.com\/site\/repdom\/#\/schema\/person\/fd0092c1530d275fabaa5cffcbc2b976"},"headline":"Presidente de LIDOM visita a director de la OMSA","datePublished":"2021-10-16T19:39:52+00:00","mainEntityOfPage":{"@id":"https:\/\/noti-america.com\/site\/repdom\/2021\/10\/16\/presidente-de-lidom-visita-a-director-de-la-omsa\/"},"wordCount":257,"commentCount":0,"publisher":{"@id":"https:\/\/noti-america.com\/site\/repdom\/#organization"},"image":{"@id":"https:\/\/noti-america.com\/site\/repdom\/2021\/10\/16\/presidente-de-lidom-visita-a-director-de-la-omsa\/#primaryimage"},"thumbnailUrl":"https:\/\/noti-america.com\/site\/repdom\/wp-content\/uploads\/sites\/6\/2021\/10\/LIDOM-OMSA.jpeg","keywords":["B\u00e9isbol Dominicano","Liga Dominicana de B\u00e9isbol Profesional","Oficina Metropolitana de Servicios de Autobuses","Radham\u00e9s\u00a0Gonz\u00e1lez","Vitelio Mej\u00eda Ortiz"],"articleSection":["Beisbol","Deportes"],"inLanguage":"es","potentialAction":[{"@type":"CommentAction","name":"Comment","target":["https:\/\/noti-america.com\/site\/repdom\/2021\/10\/16\/presidente-de-lidom-visita-a-director-de-la-omsa\/#respond"]}]},{"@type":"WebPage","@id":"https:\/\/noti-america.com\/site\/repdom\/2021\/10\/16\/presidente-de-lidom-visita-a-director-de-la-omsa\/","url":"https:\/\/noti-america.com\/site\/repdom\/2021\/10\/16\/presidente-de-lidom-visita-a-director-de-la-omsa\/","name":"Presidente de LIDOM visita a director de la OMSA - Rep. Dominicana | Noti-America.com","isPartOf":{"@id":"https:\/\/noti-america.com\/site\/repdom\/#website"},"primaryImageOfPage":{"@id":"https:\/\/noti-america.com\/site\/repdom\/2021\/10\/16\/presidente-de-lidom-visita-a-director-de-la-omsa\/#primaryimage"},"image":{"@id":"https:\/\/noti-america.com\/site\/repdom\/2021\/10\/16\/presidente-de-lidom-visita-a-director-de-la-omsa\/#primaryimage"},"thumbnailUrl":"https:\/\/noti-america.com\/site\/repdom\/wp-content\/uploads\/sites\/6\/2021\/10\/LIDOM-OMSA.jpeg","datePublished":"2021-10-16T19:39:52+00:00","breadcrumb":{"@id":"https:\/\/noti-america.com\/site\/repdom\/2021\/10\/16\/presidente-de-lidom-visita-a-director-de-la-omsa\/#breadcrumb"},"inLanguage":"es","potentialAction":[{"@type":"ReadAction","target":["https:\/\/noti-america.com\/site\/repdom\/2021\/10\/16\/presidente-de-lidom-visita-a-director-de-la-omsa\/"]}]},{"@type":"ImageObject","inLanguage":"es","@id":"https:\/\/noti-america.com\/site\/repdom\/2021\/10\/16\/presidente-de-lidom-visita-a-director-de-la-omsa\/#primaryimage","url":"https:\/\/noti-america.com\/site\/repdom\/wp-content\/uploads\/sites\/6\/2021\/10\/LIDOM-OMSA.jpeg","contentUrl":"https:\/\/noti-america.com\/site\/repdom\/wp-content\/uploads\/sites\/6\/2021\/10\/LIDOM-OMSA.jpeg","width":1066,"height":1600},{"@type":"BreadcrumbList","@id":"https:\/\/noti-america.com\/site\/repdom\/2021\/10\/16\/presidente-de-lidom-visita-a-director-de-la-omsa\/#breadcrumb","itemListElement":[{"@type":"ListItem","position":1,"name":"Portada","item":"https:\/\/noti-america.com\/site\/repdom\/"},{"@type":"ListItem","position":2,"name":"Presidente de LIDOM visita a director de la OMSA"}]},{"@type":"WebSite","@id":"https:\/\/noti-america.com\/site\/repdom\/#website","url":"https:\/\/noti-america.com\/site\/repdom\/","name":"Rep. Dominicana | Noti-America.com","description":"","publisher":{"@id":"https:\/\/noti-america.com\/site\/repdom\/#organization"},"potentialAction":[{"@type":"SearchAction","target":{"@type":"EntryPoint","urlTemplate":"https:\/\/noti-america.com\/site\/repdom\/?s={search_term_string}"},"query-input":{"@type":"PropertyValueSpecification","valueRequired":true,"valueName":"search_term_string"}}],"inLanguage":"es"},{"@type":"Organization","@id":"https:\/\/noti-america.com\/site\/repdom\/#organization","name":"Noti-America LLC | Rep\u00fablica Dominicana","url":"https:\/\/noti-america.com\/site\/repdom\/","logo":{"@type":"ImageObject","inLanguage":"es","@id":"https:\/\/noti-america.com\/site\/repdom\/#\/schema\/logo\/image\/","url":"https:\/\/noti-america.com\/site\/repdom\/wp-content\/uploads\/sites\/6\/2020\/07\/LogoNA-4x3-1.jpg","contentUrl":"https:\/\/noti-america.com\/site\/repdom\/wp-content\/uploads\/sites\/6\/2020\/07\/LogoNA-4x3-1.jpg","width":1236,"height":1080,"caption":"Noti-America LLC | Rep\u00fablica Dominicana"},"image":{"@id":"https:\/\/noti-america.com\/site\/repdom\/#\/schema\/logo\/image\/"}},{"@type":"Person","@id":"https:\/\/noti-america.com\/site\/repdom\/#\/schema\/person\/fd0092c1530d275fabaa5cffcbc2b976","name":"Ad\u00e1n Soriano","image":{"@type":"ImageObject","inLanguage":"es","@id":"https:\/\/secure.gravatar.com\/avatar\/ecf97ff3aee7ff9efdae670d7e976f3e7e8acc1077e510d73707999a8bfd4467?s=96&d=mm&r=g","url":"https:\/\/secure.gravatar.com\/avatar\/ecf97ff3aee7ff9efdae670d7e976f3e7e8acc1077e510d73707999a8bfd4467?s=96&d=mm&r=g","contentUrl":"https:\/\/secure.gravatar.com\/avatar\/ecf97ff3aee7ff9efdae670d7e976f3e7e8acc1077e510d73707999a8bfd4467?s=96&d=mm&r=g","caption":"Ad\u00e1n Soriano"},"description":"Soy cronista deportivo con 10 a\u00f1os de experiencia en varios espacios, y conduzco el podcast deportivo llamado Mezcla Deportiva","sameAs":["https:\/\/x.com\/adansoriano"],"url":"https:\/\/noti-america.com\/site\/repdom\/author\/asoriano\/"}]}},"_links":{"self":[{"href":"https:\/\/noti-america.com\/site\/repdom\/wp-json\/wp\/v2\/posts\/13914","targetHints":{"allow":["GET"]}}],"collection":[{"href":"https:\/\/noti-america.com\/site\/repdom\/wp-json\/wp\/v2\/posts"}],"about":[{"href":"https:\/\/noti-america.com\/site\/repdom\/wp-json\/wp\/v2\/types\/post"}],"author":[{"embeddable":true,"href":"https:\/\/noti-america.com\/site\/repdom\/wp-json\/wp\/v2\/users\/89"}],"replies":[{"embeddable":true,"href":"https:\/\/noti-america.com\/site\/repdom\/wp-json\/wp\/v2\/comments?post=13914"}],"version-history":[{"count":1,"href":"https:\/\/noti-america.com\/site\/repdom\/wp-json\/wp\/v2\/posts\/13914\/revisions"}],"predecessor-version":[{"id":13916,"href":"https:\/\/noti-america.com\/site\/repdom\/wp-json\/wp\/v2\/posts\/13914\/revisions\/13916"}],"wp:featuredmedia":[{"embeddable":true,"href":"https:\/\/noti-america.com\/site\/repdom\/wp-json\/wp\/v2\/media\/13915"}],"wp:attachment":[{"href":"https:\/\/noti-america.com\/site\/repdom\/wp-json\/wp\/v2\/media?parent=13914"}],"wp:term":[{"taxonomy":"category","embeddable":true,"href":"https:\/\/noti-america.com\/site\/repdom\/wp-json\/wp\/v2\/categories?post=13914"},{"taxonomy":"post_tag","embeddable":true,"href":"https:\/\/noti-america.com\/site\/repdom\/wp-json\/wp\/v2\/tags?post=13914"}],"curies":[{"name":"wp","href":"https:\/\/api.w.org\/{rel}","templated":true}]}}