{"id":13911,"date":"2021-10-16T18:56:29","date_gmt":"2021-10-16T18:56:29","guid":{"rendered":"https:\/\/noti-america.com\/site\/repdom\/?p=13911"},"modified":"2021-10-16T18:56:29","modified_gmt":"2021-10-16T18:56:29","slug":"mopc-y-jompeame-formalizan-alianza-para-asistir-a-personas-necesitadas","status":"publish","type":"post","link":"https:\/\/noti-america.com\/site\/repdom\/2021\/10\/16\/mopc-y-jompeame-formalizan-alianza-para-asistir-a-personas-necesitadas\/","title":{"rendered":"MOPC y Jomp\u00e9ame formalizan alianza para asistir a personas necesitadas"},"content":{"rendered":"<p style=\"text-align: justify\">El Ministerio de Obras P\u00fablicas y Comunicaciones (MOPC) y la Organizaci\u00f3n No Gubernamental Jompeame, formalizaron una alianza que persigue llevar esperanzas de vida a personas necesitadas, canalizando soluciones a familias que viven en estado de extrema pobreza.<\/p>\n<p style=\"text-align: justify\">El acuerdo fue firmado en el marco de una visita que directivos de la ONGs realizaron al ministro Deligne Ascenci\u00f3n, en su despacho, el cual expres\u00f3: \u201cnos sentimos como Ministerio, muy honrados de tener la visita de esta instituci\u00f3n (Jomp\u00e9ame), que se est\u00e1 convirtiendo en un \u00edcono social en el pa\u00eds, primero por las causas que asume, por la credibilidad que se han ido ganando en buena parte de la poblaci\u00f3n dominicana\u201d.<\/p>\n<p style=\"text-align: justify\">Afirm\u00f3 que le llena de orgullo y satisfacci\u00f3n, el que j\u00f3venes en Rep\u00fablica Dominicana asuman causas como esta, y, sobre todo, que las canalicen a trav\u00e9s de los medios que la tecnolog\u00eda de la informaci\u00f3n pone a disposici\u00f3n, que llegue a tantas personas, y que estos medios est\u00e9n al servicio de causas como estas.<\/p>\n<p style=\"text-align: justify\">Dijo que como responsable de un \u00e1rea del gobierno que tiene que ver con soluciones de infraestructura de distinta naturaleza, y por tener dentro del MOPC una instancia que coordina trabajos sociales, como es la Direcci\u00f3n de Programas Sociales, \u201cno hemos visto un mejor espacio, ni una mejor instituci\u00f3n que Jomp\u00e9ame para mancomunar esfuerzos para llegar a los dominicanos, en especial a comunidades enteras que tienen necesidades muy espec\u00edficas\u201d.<\/p>\n<p style=\"text-align: justify\">\u201cTodo el cr\u00e9dito corresponde a estos j\u00f3venes, que han tenido una iniciativa que ha ido cambiando la vida de muchos dominicanos, pero que, sobre todo, reafirma esa condici\u00f3n de valores que tiene nuestra juventud, y que nos hace sentir satisfechos de que tenemos Rep\u00fablica Dominicana para siempre, que existen j\u00f3venes como ellos\u201d, destac\u00f3 Ascenci\u00f3n, quien estuvo acompa\u00f1ado de la directora de Programas Sociales de Obras P\u00fablicas, Yasmina Veras.<\/p>\n<p style=\"text-align: justify\">Mientras que Katherine de Le\u00f3n, presidenta de Jomp\u00e9ame, dijo que con esta alianza se busca poder impactar a m\u00e1s dominicanos.<\/p>\n<p style=\"text-align: justify\">\u201cYa hemos trabajado en diferentes campos con el MOPC, y esperamos seguir trabajando de la mano, porque cuando se trabaja en equipo se tiene un mayor impacto. Este es solo el ejemplo de que vamos a cambiar muchas vidas\u201d, afirm\u00f3.<\/p>\n<p style=\"text-align: justify\">De Le\u00f3n, quien estuvo acompa\u00f1ada de Mar\u00eda Aquino, directora creativa de Jomp\u00e9ame, dijo que este 13 de octubre esa entidad arrib\u00f3 a seis a\u00f1os de existencia, tiempo en el cual -destac\u00f3- ha impactado en la vida de m\u00e1s de 5 mil dominicanos.<\/p>\n<p style=\"text-align: justify\">\u201cHemos tenido cientos de casos, y gracias al apoyo de much\u00edsima gente, no lo pagamos nosotras, sino gracias al apoyo de mucha gente, lo que incluye ayuda para reconstruir casas, tratamientos m\u00e9dicos, entre otros\u201d, se\u00f1al\u00f3.<\/p>\n<p style=\"text-align: justify\"><strong>Fuente: Direcci\u00f3n de Comunicaciones y Prensa MOPC<\/strong><\/p>\n","protected":false},"excerpt":{"rendered":"<p>El Ministerio de Obras P\u00fablicas y Comunicaciones (MOPC) y la Organizaci\u00f3n No Gubernamental Jompeame, formalizaron una alianza que persigue llevar esperanzas de vida a personas necesitadas, canalizando soluciones a familias que viven en estado&#46;&#46;&#46;<\/p>\n","protected":false},"author":89,"featured_media":13912,"comment_status":"open","ping_status":"open","sticky":false,"template":"","format":"standard","meta":{"_acf_changed":false,"rop_custom_images_group":[],"rop_custom_messages_group":[],"rop_publish_now":"initial","rop_publish_now_accounts":[],"rop_publish_now_history":[],"rop_publish_now_status":"pending","footnotes":""},"categories":[338],"tags":[350,1727,349],"class_list":["post-13911","post","type-post","status-publish","format-standard","has-post-thumbnail","hentry","category-nacionales","tag-deligne-ascencion-burgos","tag-jompeame","tag-ministerio-de-obras-publicas-y-comunicaciones"],"acf":[],"yoast_head":"<!-- This site is optimized with the Yoast SEO Premium plugin v24.9 (Yoast SEO v27.2) - https:\/\/yoast.com\/product\/yoast-seo-premium-wordpress\/ -->\n<title>MOPC y Jomp\u00e9ame formalizan alianza para asistir a personas necesitadas - Rep. Dominicana | Noti-America.com<\/title>\n<meta name=\"robots\" content=\"index, follow, max-snippet:-1, max-image-preview:large, max-video-preview:-1\" \/>\n<link rel=\"canonical\" href=\"https:\/\/noti-america.com\/site\/repdom\/2021\/10\/16\/mopc-y-jompeame-formalizan-alianza-para-asistir-a-personas-necesitadas\/\" \/>\n<meta property=\"og:locale\" content=\"es_ES\" \/>\n<meta property=\"og:type\" content=\"article\" \/>\n<meta property=\"og:title\" content=\"MOPC y Jomp\u00e9ame formalizan alianza para asistir a personas necesitadas\" \/>\n<meta property=\"og:description\" content=\"El Ministerio de Obras P\u00fablicas y Comunicaciones (MOPC) y la Organizaci\u00f3n No Gubernamental Jompeame, formalizaron una alianza que persigue llevar esperanzas de vida a personas necesitadas, canalizando soluciones a familias que viven en estado&#046;&#046;&#046;\" \/>\n<meta property=\"og:url\" content=\"https:\/\/noti-america.com\/site\/repdom\/2021\/10\/16\/mopc-y-jompeame-formalizan-alianza-para-asistir-a-personas-necesitadas\/\" \/>\n<meta property=\"og:site_name\" content=\"Rep. Dominicana | Noti-America.com\" \/>\n<meta property=\"article:published_time\" content=\"2021-10-16T18:56:29+00:00\" \/>\n<meta property=\"og:image\" content=\"https:\/\/noti-america.com\/site\/repdom\/wp-content\/uploads\/sites\/6\/2021\/10\/Obras-Publicas.jpg\" \/>\n\t<meta property=\"og:image:width\" content=\"1030\" \/>\n\t<meta property=\"og:image:height\" content=\"700\" \/>\n\t<meta property=\"og:image:type\" content=\"image\/jpeg\" \/>\n<meta name=\"author\" content=\"Ad\u00e1n Soriano\" \/>\n<meta name=\"twitter:card\" content=\"summary_large_image\" \/>\n<meta name=\"twitter:creator\" content=\"@adansoriano\" \/>\n<meta name=\"twitter:label1\" content=\"Escrito por\" \/>\n\t<meta name=\"twitter:data1\" content=\"Ad\u00e1n Soriano\" \/>\n\t<meta name=\"twitter:label2\" content=\"Tiempo estimado de lectura\" \/>\n\t<meta name=\"twitter:data2\" content=\"2 minutos\" \/>\n<script type=\"application\/ld+json\" class=\"yoast-schema-graph\">{\"@context\":\"https:\/\/schema.org\",\"@graph\":[{\"@type\":\"Article\",\"@id\":\"https:\/\/noti-america.com\/site\/repdom\/2021\/10\/16\/mopc-y-jompeame-formalizan-alianza-para-asistir-a-personas-necesitadas\/#article\",\"isPartOf\":{\"@id\":\"https:\/\/noti-america.com\/site\/repdom\/2021\/10\/16\/mopc-y-jompeame-formalizan-alianza-para-asistir-a-personas-necesitadas\/\"},\"author\":{\"name\":\"Ad\u00e1n Soriano\",\"@id\":\"https:\/\/noti-america.com\/site\/repdom\/#\/schema\/person\/fd0092c1530d275fabaa5cffcbc2b976\"},\"headline\":\"MOPC y Jomp\u00e9ame formalizan alianza para asistir a personas necesitadas\",\"datePublished\":\"2021-10-16T18:56:29+00:00\",\"mainEntityOfPage\":{\"@id\":\"https:\/\/noti-america.com\/site\/repdom\/2021\/10\/16\/mopc-y-jompeame-formalizan-alianza-para-asistir-a-personas-necesitadas\/\"},\"wordCount\":494,\"commentCount\":0,\"publisher\":{\"@id\":\"https:\/\/noti-america.com\/site\/repdom\/#organization\"},\"image\":{\"@id\":\"https:\/\/noti-america.com\/site\/repdom\/2021\/10\/16\/mopc-y-jompeame-formalizan-alianza-para-asistir-a-personas-necesitadas\/#primaryimage\"},\"thumbnailUrl\":\"https:\/\/noti-america.com\/site\/repdom\/wp-content\/uploads\/sites\/6\/2021\/10\/Obras-Publicas.jpg\",\"keywords\":[\"Deligne Ascenci\u00f3n Burgos\",\"Jompeame\",\"Ministerio de Obras P\u00fablicas y Comunicaciones\"],\"articleSection\":[\"Nacionales\"],\"inLanguage\":\"es\",\"potentialAction\":[{\"@type\":\"CommentAction\",\"name\":\"Comment\",\"target\":[\"https:\/\/noti-america.com\/site\/repdom\/2021\/10\/16\/mopc-y-jompeame-formalizan-alianza-para-asistir-a-personas-necesitadas\/#respond\"]}]},{\"@type\":\"WebPage\",\"@id\":\"https:\/\/noti-america.com\/site\/repdom\/2021\/10\/16\/mopc-y-jompeame-formalizan-alianza-para-asistir-a-personas-necesitadas\/\",\"url\":\"https:\/\/noti-america.com\/site\/repdom\/2021\/10\/16\/mopc-y-jompeame-formalizan-alianza-para-asistir-a-personas-necesitadas\/\",\"name\":\"MOPC y Jomp\u00e9ame formalizan alianza para asistir a personas necesitadas - Rep. Dominicana | Noti-America.com\",\"isPartOf\":{\"@id\":\"https:\/\/noti-america.com\/site\/repdom\/#website\"},\"primaryImageOfPage\":{\"@id\":\"https:\/\/noti-america.com\/site\/repdom\/2021\/10\/16\/mopc-y-jompeame-formalizan-alianza-para-asistir-a-personas-necesitadas\/#primaryimage\"},\"image\":{\"@id\":\"https:\/\/noti-america.com\/site\/repdom\/2021\/10\/16\/mopc-y-jompeame-formalizan-alianza-para-asistir-a-personas-necesitadas\/#primaryimage\"},\"thumbnailUrl\":\"https:\/\/noti-america.com\/site\/repdom\/wp-content\/uploads\/sites\/6\/2021\/10\/Obras-Publicas.jpg\",\"datePublished\":\"2021-10-16T18:56:29+00:00\",\"breadcrumb\":{\"@id\":\"https:\/\/noti-america.com\/site\/repdom\/2021\/10\/16\/mopc-y-jompeame-formalizan-alianza-para-asistir-a-personas-necesitadas\/#breadcrumb\"},\"inLanguage\":\"es\",\"potentialAction\":[{\"@type\":\"ReadAction\",\"target\":[\"https:\/\/noti-america.com\/site\/repdom\/2021\/10\/16\/mopc-y-jompeame-formalizan-alianza-para-asistir-a-personas-necesitadas\/\"]}]},{\"@type\":\"ImageObject\",\"inLanguage\":\"es\",\"@id\":\"https:\/\/noti-america.com\/site\/repdom\/2021\/10\/16\/mopc-y-jompeame-formalizan-alianza-para-asistir-a-personas-necesitadas\/#primaryimage\",\"url\":\"https:\/\/noti-america.com\/site\/repdom\/wp-content\/uploads\/sites\/6\/2021\/10\/Obras-Publicas.jpg\",\"contentUrl\":\"https:\/\/noti-america.com\/site\/repdom\/wp-content\/uploads\/sites\/6\/2021\/10\/Obras-Publicas.jpg\",\"width\":1030,\"height\":700},{\"@type\":\"BreadcrumbList\",\"@id\":\"https:\/\/noti-america.com\/site\/repdom\/2021\/10\/16\/mopc-y-jompeame-formalizan-alianza-para-asistir-a-personas-necesitadas\/#breadcrumb\",\"itemListElement\":[{\"@type\":\"ListItem\",\"position\":1,\"name\":\"Portada\",\"item\":\"https:\/\/noti-america.com\/site\/repdom\/\"},{\"@type\":\"ListItem\",\"position\":2,\"name\":\"MOPC y Jomp\u00e9ame formalizan alianza para asistir a personas necesitadas\"}]},{\"@type\":\"WebSite\",\"@id\":\"https:\/\/noti-america.com\/site\/repdom\/#website\",\"url\":\"https:\/\/noti-america.com\/site\/repdom\/\",\"name\":\"Rep. Dominicana | Noti-America.com\",\"description\":\"\",\"publisher\":{\"@id\":\"https:\/\/noti-america.com\/site\/repdom\/#organization\"},\"potentialAction\":[{\"@type\":\"SearchAction\",\"target\":{\"@type\":\"EntryPoint\",\"urlTemplate\":\"https:\/\/noti-america.com\/site\/repdom\/?s={search_term_string}\"},\"query-input\":{\"@type\":\"PropertyValueSpecification\",\"valueRequired\":true,\"valueName\":\"search_term_string\"}}],\"inLanguage\":\"es\"},{\"@type\":\"Organization\",\"@id\":\"https:\/\/noti-america.com\/site\/repdom\/#organization\",\"name\":\"Noti-America LLC | Rep\u00fablica Dominicana\",\"url\":\"https:\/\/noti-america.com\/site\/repdom\/\",\"logo\":{\"@type\":\"ImageObject\",\"inLanguage\":\"es\",\"@id\":\"https:\/\/noti-america.com\/site\/repdom\/#\/schema\/logo\/image\/\",\"url\":\"https:\/\/noti-america.com\/site\/repdom\/wp-content\/uploads\/sites\/6\/2020\/07\/LogoNA-4x3-1.jpg\",\"contentUrl\":\"https:\/\/noti-america.com\/site\/repdom\/wp-content\/uploads\/sites\/6\/2020\/07\/LogoNA-4x3-1.jpg\",\"width\":1236,\"height\":1080,\"caption\":\"Noti-America LLC | Rep\u00fablica Dominicana\"},\"image\":{\"@id\":\"https:\/\/noti-america.com\/site\/repdom\/#\/schema\/logo\/image\/\"}},{\"@type\":\"Person\",\"@id\":\"https:\/\/noti-america.com\/site\/repdom\/#\/schema\/person\/fd0092c1530d275fabaa5cffcbc2b976\",\"name\":\"Ad\u00e1n Soriano\",\"image\":{\"@type\":\"ImageObject\",\"inLanguage\":\"es\",\"@id\":\"https:\/\/secure.gravatar.com\/avatar\/ecf97ff3aee7ff9efdae670d7e976f3e7e8acc1077e510d73707999a8bfd4467?s=96&d=mm&r=g\",\"url\":\"https:\/\/secure.gravatar.com\/avatar\/ecf97ff3aee7ff9efdae670d7e976f3e7e8acc1077e510d73707999a8bfd4467?s=96&d=mm&r=g\",\"contentUrl\":\"https:\/\/secure.gravatar.com\/avatar\/ecf97ff3aee7ff9efdae670d7e976f3e7e8acc1077e510d73707999a8bfd4467?s=96&d=mm&r=g\",\"caption\":\"Ad\u00e1n Soriano\"},\"description\":\"Soy cronista deportivo con 10 a\u00f1os de experiencia en varios espacios, y conduzco el podcast deportivo llamado Mezcla Deportiva\",\"sameAs\":[\"https:\/\/x.com\/adansoriano\"],\"url\":\"https:\/\/noti-america.com\/site\/repdom\/author\/asoriano\/\"}]}<\/script>\n<!-- \/ Yoast SEO Premium plugin. -->","yoast_head_json":{"title":"MOPC y Jomp\u00e9ame formalizan alianza para asistir a personas necesitadas - Rep. Dominicana | Noti-America.com","robots":{"index":"index","follow":"follow","max-snippet":"max-snippet:-1","max-image-preview":"max-image-preview:large","max-video-preview":"max-video-preview:-1"},"canonical":"https:\/\/noti-america.com\/site\/repdom\/2021\/10\/16\/mopc-y-jompeame-formalizan-alianza-para-asistir-a-personas-necesitadas\/","og_locale":"es_ES","og_type":"article","og_title":"MOPC y Jomp\u00e9ame formalizan alianza para asistir a personas necesitadas","og_description":"El Ministerio de Obras P\u00fablicas y Comunicaciones (MOPC) y la Organizaci\u00f3n No Gubernamental Jompeame, formalizaron una alianza que persigue llevar esperanzas de vida a personas necesitadas, canalizando soluciones a familias que viven en estado&#46;&#46;&#46;","og_url":"https:\/\/noti-america.com\/site\/repdom\/2021\/10\/16\/mopc-y-jompeame-formalizan-alianza-para-asistir-a-personas-necesitadas\/","og_site_name":"Rep. Dominicana | Noti-America.com","article_published_time":"2021-10-16T18:56:29+00:00","og_image":[{"width":1030,"height":700,"url":"https:\/\/noti-america.com\/site\/repdom\/wp-content\/uploads\/sites\/6\/2021\/10\/Obras-Publicas.jpg","type":"image\/jpeg"}],"author":"Ad\u00e1n Soriano","twitter_card":"summary_large_image","twitter_creator":"@adansoriano","twitter_misc":{"Escrito por":"Ad\u00e1n Soriano","Tiempo estimado de lectura":"2 minutos"},"schema":{"@context":"https:\/\/schema.org","@graph":[{"@type":"Article","@id":"https:\/\/noti-america.com\/site\/repdom\/2021\/10\/16\/mopc-y-jompeame-formalizan-alianza-para-asistir-a-personas-necesitadas\/#article","isPartOf":{"@id":"https:\/\/noti-america.com\/site\/repdom\/2021\/10\/16\/mopc-y-jompeame-formalizan-alianza-para-asistir-a-personas-necesitadas\/"},"author":{"name":"Ad\u00e1n Soriano","@id":"https:\/\/noti-america.com\/site\/repdom\/#\/schema\/person\/fd0092c1530d275fabaa5cffcbc2b976"},"headline":"MOPC y Jomp\u00e9ame formalizan alianza para asistir a personas necesitadas","datePublished":"2021-10-16T18:56:29+00:00","mainEntityOfPage":{"@id":"https:\/\/noti-america.com\/site\/repdom\/2021\/10\/16\/mopc-y-jompeame-formalizan-alianza-para-asistir-a-personas-necesitadas\/"},"wordCount":494,"commentCount":0,"publisher":{"@id":"https:\/\/noti-america.com\/site\/repdom\/#organization"},"image":{"@id":"https:\/\/noti-america.com\/site\/repdom\/2021\/10\/16\/mopc-y-jompeame-formalizan-alianza-para-asistir-a-personas-necesitadas\/#primaryimage"},"thumbnailUrl":"https:\/\/noti-america.com\/site\/repdom\/wp-content\/uploads\/sites\/6\/2021\/10\/Obras-Publicas.jpg","keywords":["Deligne Ascenci\u00f3n Burgos","Jompeame","Ministerio de Obras P\u00fablicas y Comunicaciones"],"articleSection":["Nacionales"],"inLanguage":"es","potentialAction":[{"@type":"CommentAction","name":"Comment","target":["https:\/\/noti-america.com\/site\/repdom\/2021\/10\/16\/mopc-y-jompeame-formalizan-alianza-para-asistir-a-personas-necesitadas\/#respond"]}]},{"@type":"WebPage","@id":"https:\/\/noti-america.com\/site\/repdom\/2021\/10\/16\/mopc-y-jompeame-formalizan-alianza-para-asistir-a-personas-necesitadas\/","url":"https:\/\/noti-america.com\/site\/repdom\/2021\/10\/16\/mopc-y-jompeame-formalizan-alianza-para-asistir-a-personas-necesitadas\/","name":"MOPC y Jomp\u00e9ame formalizan alianza para asistir a personas necesitadas - Rep. Dominicana | Noti-America.com","isPartOf":{"@id":"https:\/\/noti-america.com\/site\/repdom\/#website"},"primaryImageOfPage":{"@id":"https:\/\/noti-america.com\/site\/repdom\/2021\/10\/16\/mopc-y-jompeame-formalizan-alianza-para-asistir-a-personas-necesitadas\/#primaryimage"},"image":{"@id":"https:\/\/noti-america.com\/site\/repdom\/2021\/10\/16\/mopc-y-jompeame-formalizan-alianza-para-asistir-a-personas-necesitadas\/#primaryimage"},"thumbnailUrl":"https:\/\/noti-america.com\/site\/repdom\/wp-content\/uploads\/sites\/6\/2021\/10\/Obras-Publicas.jpg","datePublished":"2021-10-16T18:56:29+00:00","breadcrumb":{"@id":"https:\/\/noti-america.com\/site\/repdom\/2021\/10\/16\/mopc-y-jompeame-formalizan-alianza-para-asistir-a-personas-necesitadas\/#breadcrumb"},"inLanguage":"es","potentialAction":[{"@type":"ReadAction","target":["https:\/\/noti-america.com\/site\/repdom\/2021\/10\/16\/mopc-y-jompeame-formalizan-alianza-para-asistir-a-personas-necesitadas\/"]}]},{"@type":"ImageObject","inLanguage":"es","@id":"https:\/\/noti-america.com\/site\/repdom\/2021\/10\/16\/mopc-y-jompeame-formalizan-alianza-para-asistir-a-personas-necesitadas\/#primaryimage","url":"https:\/\/noti-america.com\/site\/repdom\/wp-content\/uploads\/sites\/6\/2021\/10\/Obras-Publicas.jpg","contentUrl":"https:\/\/noti-america.com\/site\/repdom\/wp-content\/uploads\/sites\/6\/2021\/10\/Obras-Publicas.jpg","width":1030,"height":700},{"@type":"BreadcrumbList","@id":"https:\/\/noti-america.com\/site\/repdom\/2021\/10\/16\/mopc-y-jompeame-formalizan-alianza-para-asistir-a-personas-necesitadas\/#breadcrumb","itemListElement":[{"@type":"ListItem","position":1,"name":"Portada","item":"https:\/\/noti-america.com\/site\/repdom\/"},{"@type":"ListItem","position":2,"name":"MOPC y Jomp\u00e9ame formalizan alianza para asistir a personas necesitadas"}]},{"@type":"WebSite","@id":"https:\/\/noti-america.com\/site\/repdom\/#website","url":"https:\/\/noti-america.com\/site\/repdom\/","name":"Rep. Dominicana | Noti-America.com","description":"","publisher":{"@id":"https:\/\/noti-america.com\/site\/repdom\/#organization"},"potentialAction":[{"@type":"SearchAction","target":{"@type":"EntryPoint","urlTemplate":"https:\/\/noti-america.com\/site\/repdom\/?s={search_term_string}"},"query-input":{"@type":"PropertyValueSpecification","valueRequired":true,"valueName":"search_term_string"}}],"inLanguage":"es"},{"@type":"Organization","@id":"https:\/\/noti-america.com\/site\/repdom\/#organization","name":"Noti-America LLC | Rep\u00fablica Dominicana","url":"https:\/\/noti-america.com\/site\/repdom\/","logo":{"@type":"ImageObject","inLanguage":"es","@id":"https:\/\/noti-america.com\/site\/repdom\/#\/schema\/logo\/image\/","url":"https:\/\/noti-america.com\/site\/repdom\/wp-content\/uploads\/sites\/6\/2020\/07\/LogoNA-4x3-1.jpg","contentUrl":"https:\/\/noti-america.com\/site\/repdom\/wp-content\/uploads\/sites\/6\/2020\/07\/LogoNA-4x3-1.jpg","width":1236,"height":1080,"caption":"Noti-America LLC | Rep\u00fablica Dominicana"},"image":{"@id":"https:\/\/noti-america.com\/site\/repdom\/#\/schema\/logo\/image\/"}},{"@type":"Person","@id":"https:\/\/noti-america.com\/site\/repdom\/#\/schema\/person\/fd0092c1530d275fabaa5cffcbc2b976","name":"Ad\u00e1n Soriano","image":{"@type":"ImageObject","inLanguage":"es","@id":"https:\/\/secure.gravatar.com\/avatar\/ecf97ff3aee7ff9efdae670d7e976f3e7e8acc1077e510d73707999a8bfd4467?s=96&d=mm&r=g","url":"https:\/\/secure.gravatar.com\/avatar\/ecf97ff3aee7ff9efdae670d7e976f3e7e8acc1077e510d73707999a8bfd4467?s=96&d=mm&r=g","contentUrl":"https:\/\/secure.gravatar.com\/avatar\/ecf97ff3aee7ff9efdae670d7e976f3e7e8acc1077e510d73707999a8bfd4467?s=96&d=mm&r=g","caption":"Ad\u00e1n Soriano"},"description":"Soy cronista deportivo con 10 a\u00f1os de experiencia en varios espacios, y conduzco el podcast deportivo llamado Mezcla Deportiva","sameAs":["https:\/\/x.com\/adansoriano"],"url":"https:\/\/noti-america.com\/site\/repdom\/author\/asoriano\/"}]}},"_links":{"self":[{"href":"https:\/\/noti-america.com\/site\/repdom\/wp-json\/wp\/v2\/posts\/13911","targetHints":{"allow":["GET"]}}],"collection":[{"href":"https:\/\/noti-america.com\/site\/repdom\/wp-json\/wp\/v2\/posts"}],"about":[{"href":"https:\/\/noti-america.com\/site\/repdom\/wp-json\/wp\/v2\/types\/post"}],"author":[{"embeddable":true,"href":"https:\/\/noti-america.com\/site\/repdom\/wp-json\/wp\/v2\/users\/89"}],"replies":[{"embeddable":true,"href":"https:\/\/noti-america.com\/site\/repdom\/wp-json\/wp\/v2\/comments?post=13911"}],"version-history":[{"count":1,"href":"https:\/\/noti-america.com\/site\/repdom\/wp-json\/wp\/v2\/posts\/13911\/revisions"}],"predecessor-version":[{"id":13913,"href":"https:\/\/noti-america.com\/site\/repdom\/wp-json\/wp\/v2\/posts\/13911\/revisions\/13913"}],"wp:featuredmedia":[{"embeddable":true,"href":"https:\/\/noti-america.com\/site\/repdom\/wp-json\/wp\/v2\/media\/13912"}],"wp:attachment":[{"href":"https:\/\/noti-america.com\/site\/repdom\/wp-json\/wp\/v2\/media?parent=13911"}],"wp:term":[{"taxonomy":"category","embeddable":true,"href":"https:\/\/noti-america.com\/site\/repdom\/wp-json\/wp\/v2\/categories?post=13911"},{"taxonomy":"post_tag","embeddable":true,"href":"https:\/\/noti-america.com\/site\/repdom\/wp-json\/wp\/v2\/tags?post=13911"}],"curies":[{"name":"wp","href":"https:\/\/api.w.org\/{rel}","templated":true}]}}