{"id":13892,"date":"2021-10-16T16:09:45","date_gmt":"2021-10-16T16:09:45","guid":{"rendered":"https:\/\/noti-america.com\/site\/repdom\/?p=13892"},"modified":"2021-10-16T16:16:56","modified_gmt":"2021-10-16T16:16:56","slug":"noti-america-republica-dominicana-entrega-reconocimientos-de-excelencia-profesional-a-sus-periodistas","status":"publish","type":"post","link":"https:\/\/noti-america.com\/site\/repdom\/2021\/10\/16\/noti-america-republica-dominicana-entrega-reconocimientos-de-excelencia-profesional-a-sus-periodistas\/","title":{"rendered":"Noti-Am\u00e9rica Rep\u00fablica Dominicana entrega Reconocimientos de Excelencia Period\u00edstica 2021"},"content":{"rendered":"<p><strong>Noti-Am\u00e9rica (Rep\u00fablica Dominicana)<\/strong><br \/>\n<strong>Santo Domingo,RD.<\/strong><\/p>\n<p>&nbsp;<\/p>\n<p style=\"text-align: justify\">El periodismo dominicano est\u00e1 de enhorabuena. Nuestro noticiero digital bajo la autorizaci\u00f3n y\u00a0 respaldo de su Presidente Abogado Rafael Pi\u00f1a y en Rep\u00fablica Dominicana representado por la Ingeniero Carbery Mitchell\u00a0 han querido hacer visible la labor, contribuci\u00f3n y compromiso de los periodistas resaltando su Excelencia Period\u00edstica en una velada sencilla pero organizada con mucho aprecio para todos, nuestros periodistas han tenido un protagonismo destacando informaci\u00f3n libre, veraz, rigurosa y transparente durante un a\u00f1o ininterrumpido.<\/p>\n<p style=\"text-align: justify\"><strong>Este es nuestro peque\u00f1o homenaje para dar visibilidad a los 10 periodistas<\/strong> y poner rostro a su trabajo diario. No est\u00e1n todos los que son, pero s\u00ed son todos los que est\u00e1n. Son muchos m\u00e1s los que han apostado y apuestan en Rep\u00fablica Dominicana por el periodismo de calidad, pero sirva esta muestra como representaci\u00f3n.<\/p>\n<p style=\"text-align: justify\">Los periodistas dominicanos reconocidos son:<\/p>\n<p>Sueanny Guzm\u00e1n\u00a0 @sueannyguzm\u00e1n<br \/>\nAd\u00e1n Soriano @ad257<br \/>\nCerso Castillo\u00a0 @cersocastillo<br \/>\nRossana Adames\u00a0 @03adames<br \/>\nBerenice S\u00e1nchez @1402bere<br \/>\nAnn\u00e9 De La Cruz @annecruzj<br \/>\nFelipe Castillo @felipecersocastillo<br \/>\nMiguel Ram\u00edrez @lidermiguelr<br \/>\nDanilka Mej\u00edas @mejiavaldezdes<br \/>\nJulianniz Ram\u00edrez @rossy7710<\/p>\n<p>Adem\u00e1s destacamos el patrocinio de algunas empresas y emprendedores dominicanos que nos apoyaron para que esta actividad se realizara con total \u00e9xito:<\/p>\n<p>Reconocimientos por @ecotrofeos<br \/>\nEspacios del evento @lateteradesheila<br \/>\nPostres por @Yuris_bakery<br \/>\nFlores por @amyflorrd<br \/>\nTablas de embustidos asturianos @DeliAsturias<\/p>\n<p style=\"text-align: justify\">Por \u00faltimo, felicitarlos y desearles \u00e9xitos en su quehacer diario, que desde sus oficinas, cabinas, computadores y salas de producci\u00f3n contin\u00faen salvaguardando la libertad de expresi\u00f3n, los derechos humanos, la \u00e9tica period\u00edstica y la voz de los que no tienen voz. Estamos seguros que as\u00ed ser\u00e1, porque como expresa el maestro Ryszard Kapuscinski, \u201cLas malas personas no pueden ser buenos periodistas\u201d.<\/p>\n<p>&nbsp;<\/p>\n<p>&nbsp;<\/p>\n<p>&nbsp;<\/p>\n","protected":false},"excerpt":{"rendered":"<p>Noti-Am\u00e9rica (Rep\u00fablica Dominicana) Santo Domingo,RD. &nbsp; El periodismo dominicano est\u00e1 de enhorabuena. Nuestro noticiero digital bajo la autorizaci\u00f3n y\u00a0 respaldo de su Presidente Abogado Rafael Pi\u00f1a y en Rep\u00fablica Dominicana representado por la Ingeniero&#46;&#46;&#46;<\/p>\n","protected":false},"author":87,"featured_media":13895,"comment_status":"open","ping_status":"open","sticky":false,"template":"","format":"gallery","meta":{"_acf_changed":false,"rop_custom_images_group":[],"rop_custom_messages_group":[],"rop_publish_now":"initial","rop_publish_now_accounts":[],"rop_publish_now_history":[],"rop_publish_now_status":"pending","footnotes":""},"categories":[10],"tags":[],"class_list":["post-13892","post","type-post","status-publish","format-gallery","has-post-thumbnail","hentry","category-actualidad","post_format-post-format-gallery"],"acf":[],"yoast_head":"<!-- This site is optimized with the Yoast SEO Premium plugin v24.9 (Yoast SEO v27.2) - https:\/\/yoast.com\/product\/yoast-seo-premium-wordpress\/ -->\n<title>Noti-Am\u00e9rica Rep\u00fablica Dominicana entrega Reconocimientos de Excelencia Period\u00edstica 2021 - Rep. Dominicana | Noti-America.com<\/title>\n<meta name=\"robots\" content=\"index, follow, max-snippet:-1, max-image-preview:large, max-video-preview:-1\" \/>\n<link rel=\"canonical\" href=\"https:\/\/noti-america.com\/site\/repdom\/2021\/10\/16\/noti-america-republica-dominicana-entrega-reconocimientos-de-excelencia-profesional-a-sus-periodistas\/\" \/>\n<meta property=\"og:locale\" content=\"es_ES\" \/>\n<meta property=\"og:type\" content=\"article\" \/>\n<meta property=\"og:title\" content=\"Noti-Am\u00e9rica Rep\u00fablica Dominicana entrega Reconocimientos de Excelencia Period\u00edstica 2021\" \/>\n<meta property=\"og:description\" content=\"Noti-Am\u00e9rica (Rep\u00fablica Dominicana) Santo Domingo,RD. &nbsp; El periodismo dominicano est\u00e1 de enhorabuena. Nuestro noticiero digital bajo la autorizaci\u00f3n y\u00a0 respaldo de su Presidente Abogado Rafael Pi\u00f1a y en Rep\u00fablica Dominicana representado por la Ingeniero&#046;&#046;&#046;\" \/>\n<meta property=\"og:url\" content=\"https:\/\/noti-america.com\/site\/repdom\/2021\/10\/16\/noti-america-republica-dominicana-entrega-reconocimientos-de-excelencia-profesional-a-sus-periodistas\/\" \/>\n<meta property=\"og:site_name\" content=\"Rep. Dominicana | Noti-America.com\" \/>\n<meta property=\"article:published_time\" content=\"2021-10-16T16:09:45+00:00\" \/>\n<meta property=\"article:modified_time\" content=\"2021-10-16T16:16:56+00:00\" \/>\n<meta property=\"og:image\" content=\"https:\/\/noti-america.com\/site\/repdom\/wp-content\/uploads\/sites\/6\/2021\/10\/242552275_1022039775305771_3050284593846202980_n-1.jpg\" \/>\n\t<meta property=\"og:image:width\" content=\"1094\" \/>\n\t<meta property=\"og:image:height\" content=\"534\" \/>\n\t<meta property=\"og:image:type\" content=\"image\/jpeg\" \/>\n<meta name=\"author\" content=\"CAMH\" \/>\n<meta name=\"twitter:card\" content=\"summary_large_image\" \/>\n<meta name=\"twitter:label1\" content=\"Escrito por\" \/>\n\t<meta name=\"twitter:data1\" content=\"CAMH\" \/>\n\t<meta name=\"twitter:label2\" content=\"Tiempo estimado de lectura\" \/>\n\t<meta name=\"twitter:data2\" content=\"2 minutos\" \/>\n<script type=\"application\/ld+json\" class=\"yoast-schema-graph\">{\"@context\":\"https:\/\/schema.org\",\"@graph\":[{\"@type\":\"Article\",\"@id\":\"https:\/\/noti-america.com\/site\/repdom\/2021\/10\/16\/noti-america-republica-dominicana-entrega-reconocimientos-de-excelencia-profesional-a-sus-periodistas\/#article\",\"isPartOf\":{\"@id\":\"https:\/\/noti-america.com\/site\/repdom\/2021\/10\/16\/noti-america-republica-dominicana-entrega-reconocimientos-de-excelencia-profesional-a-sus-periodistas\/\"},\"author\":{\"name\":\"CAMH\",\"@id\":\"https:\/\/noti-america.com\/site\/repdom\/#\/schema\/person\/e13880b4308eea6926b271284605ef72\"},\"headline\":\"Noti-Am\u00e9rica Rep\u00fablica Dominicana entrega Reconocimientos de Excelencia Period\u00edstica 2021\",\"datePublished\":\"2021-10-16T16:09:45+00:00\",\"dateModified\":\"2021-10-16T16:16:56+00:00\",\"mainEntityOfPage\":{\"@id\":\"https:\/\/noti-america.com\/site\/repdom\/2021\/10\/16\/noti-america-republica-dominicana-entrega-reconocimientos-de-excelencia-profesional-a-sus-periodistas\/\"},\"wordCount\":315,\"commentCount\":0,\"publisher\":{\"@id\":\"https:\/\/noti-america.com\/site\/repdom\/#organization\"},\"image\":{\"@id\":\"https:\/\/noti-america.com\/site\/repdom\/2021\/10\/16\/noti-america-republica-dominicana-entrega-reconocimientos-de-excelencia-profesional-a-sus-periodistas\/#primaryimage\"},\"thumbnailUrl\":\"https:\/\/noti-america.com\/site\/repdom\/wp-content\/uploads\/sites\/6\/2021\/10\/242552275_1022039775305771_3050284593846202980_n-1.jpg\",\"articleSection\":[\"Actualidad\"],\"inLanguage\":\"es\",\"potentialAction\":[{\"@type\":\"CommentAction\",\"name\":\"Comment\",\"target\":[\"https:\/\/noti-america.com\/site\/repdom\/2021\/10\/16\/noti-america-republica-dominicana-entrega-reconocimientos-de-excelencia-profesional-a-sus-periodistas\/#respond\"]}]},{\"@type\":\"WebPage\",\"@id\":\"https:\/\/noti-america.com\/site\/repdom\/2021\/10\/16\/noti-america-republica-dominicana-entrega-reconocimientos-de-excelencia-profesional-a-sus-periodistas\/\",\"url\":\"https:\/\/noti-america.com\/site\/repdom\/2021\/10\/16\/noti-america-republica-dominicana-entrega-reconocimientos-de-excelencia-profesional-a-sus-periodistas\/\",\"name\":\"Noti-Am\u00e9rica Rep\u00fablica Dominicana entrega Reconocimientos de Excelencia Period\u00edstica 2021 - Rep. Dominicana | Noti-America.com\",\"isPartOf\":{\"@id\":\"https:\/\/noti-america.com\/site\/repdom\/#website\"},\"primaryImageOfPage\":{\"@id\":\"https:\/\/noti-america.com\/site\/repdom\/2021\/10\/16\/noti-america-republica-dominicana-entrega-reconocimientos-de-excelencia-profesional-a-sus-periodistas\/#primaryimage\"},\"image\":{\"@id\":\"https:\/\/noti-america.com\/site\/repdom\/2021\/10\/16\/noti-america-republica-dominicana-entrega-reconocimientos-de-excelencia-profesional-a-sus-periodistas\/#primaryimage\"},\"thumbnailUrl\":\"https:\/\/noti-america.com\/site\/repdom\/wp-content\/uploads\/sites\/6\/2021\/10\/242552275_1022039775305771_3050284593846202980_n-1.jpg\",\"datePublished\":\"2021-10-16T16:09:45+00:00\",\"dateModified\":\"2021-10-16T16:16:56+00:00\",\"breadcrumb\":{\"@id\":\"https:\/\/noti-america.com\/site\/repdom\/2021\/10\/16\/noti-america-republica-dominicana-entrega-reconocimientos-de-excelencia-profesional-a-sus-periodistas\/#breadcrumb\"},\"inLanguage\":\"es\",\"potentialAction\":[{\"@type\":\"ReadAction\",\"target\":[\"https:\/\/noti-america.com\/site\/repdom\/2021\/10\/16\/noti-america-republica-dominicana-entrega-reconocimientos-de-excelencia-profesional-a-sus-periodistas\/\"]}]},{\"@type\":\"ImageObject\",\"inLanguage\":\"es\",\"@id\":\"https:\/\/noti-america.com\/site\/repdom\/2021\/10\/16\/noti-america-republica-dominicana-entrega-reconocimientos-de-excelencia-profesional-a-sus-periodistas\/#primaryimage\",\"url\":\"https:\/\/noti-america.com\/site\/repdom\/wp-content\/uploads\/sites\/6\/2021\/10\/242552275_1022039775305771_3050284593846202980_n-1.jpg\",\"contentUrl\":\"https:\/\/noti-america.com\/site\/repdom\/wp-content\/uploads\/sites\/6\/2021\/10\/242552275_1022039775305771_3050284593846202980_n-1.jpg\",\"width\":1094,\"height\":534},{\"@type\":\"BreadcrumbList\",\"@id\":\"https:\/\/noti-america.com\/site\/repdom\/2021\/10\/16\/noti-america-republica-dominicana-entrega-reconocimientos-de-excelencia-profesional-a-sus-periodistas\/#breadcrumb\",\"itemListElement\":[{\"@type\":\"ListItem\",\"position\":1,\"name\":\"Portada\",\"item\":\"https:\/\/noti-america.com\/site\/repdom\/\"},{\"@type\":\"ListItem\",\"position\":2,\"name\":\"Noti-Am\u00e9rica Rep\u00fablica Dominicana entrega Reconocimientos de Excelencia Period\u00edstica 2021\"}]},{\"@type\":\"WebSite\",\"@id\":\"https:\/\/noti-america.com\/site\/repdom\/#website\",\"url\":\"https:\/\/noti-america.com\/site\/repdom\/\",\"name\":\"Rep. Dominicana | Noti-America.com\",\"description\":\"\",\"publisher\":{\"@id\":\"https:\/\/noti-america.com\/site\/repdom\/#organization\"},\"potentialAction\":[{\"@type\":\"SearchAction\",\"target\":{\"@type\":\"EntryPoint\",\"urlTemplate\":\"https:\/\/noti-america.com\/site\/repdom\/?s={search_term_string}\"},\"query-input\":{\"@type\":\"PropertyValueSpecification\",\"valueRequired\":true,\"valueName\":\"search_term_string\"}}],\"inLanguage\":\"es\"},{\"@type\":\"Organization\",\"@id\":\"https:\/\/noti-america.com\/site\/repdom\/#organization\",\"name\":\"Noti-America LLC | Rep\u00fablica Dominicana\",\"url\":\"https:\/\/noti-america.com\/site\/repdom\/\",\"logo\":{\"@type\":\"ImageObject\",\"inLanguage\":\"es\",\"@id\":\"https:\/\/noti-america.com\/site\/repdom\/#\/schema\/logo\/image\/\",\"url\":\"https:\/\/noti-america.com\/site\/repdom\/wp-content\/uploads\/sites\/6\/2020\/07\/LogoNA-4x3-1.jpg\",\"contentUrl\":\"https:\/\/noti-america.com\/site\/repdom\/wp-content\/uploads\/sites\/6\/2020\/07\/LogoNA-4x3-1.jpg\",\"width\":1236,\"height\":1080,\"caption\":\"Noti-America LLC | Rep\u00fablica Dominicana\"},\"image\":{\"@id\":\"https:\/\/noti-america.com\/site\/repdom\/#\/schema\/logo\/image\/\"}},{\"@type\":\"Person\",\"@id\":\"https:\/\/noti-america.com\/site\/repdom\/#\/schema\/person\/e13880b4308eea6926b271284605ef72\",\"name\":\"CAMH\",\"image\":{\"@type\":\"ImageObject\",\"inLanguage\":\"es\",\"@id\":\"https:\/\/secure.gravatar.com\/avatar\/82aa99c723cbed2b304797bc218a5542b5a94d7f5d0ba3b39650aef53c28ecf5?s=96&d=mm&r=g\",\"url\":\"https:\/\/secure.gravatar.com\/avatar\/82aa99c723cbed2b304797bc218a5542b5a94d7f5d0ba3b39650aef53c28ecf5?s=96&d=mm&r=g\",\"contentUrl\":\"https:\/\/secure.gravatar.com\/avatar\/82aa99c723cbed2b304797bc218a5542b5a94d7f5d0ba3b39650aef53c28ecf5?s=96&d=mm&r=g\",\"caption\":\"CAMH\"},\"url\":\"https:\/\/noti-america.com\/site\/repdom\/author\/cmitchell\/\"}]}<\/script>\n<!-- \/ Yoast SEO Premium plugin. -->","yoast_head_json":{"title":"Noti-Am\u00e9rica Rep\u00fablica Dominicana entrega Reconocimientos de Excelencia Period\u00edstica 2021 - Rep. Dominicana | Noti-America.com","robots":{"index":"index","follow":"follow","max-snippet":"max-snippet:-1","max-image-preview":"max-image-preview:large","max-video-preview":"max-video-preview:-1"},"canonical":"https:\/\/noti-america.com\/site\/repdom\/2021\/10\/16\/noti-america-republica-dominicana-entrega-reconocimientos-de-excelencia-profesional-a-sus-periodistas\/","og_locale":"es_ES","og_type":"article","og_title":"Noti-Am\u00e9rica Rep\u00fablica Dominicana entrega Reconocimientos de Excelencia Period\u00edstica 2021","og_description":"Noti-Am\u00e9rica (Rep\u00fablica Dominicana) Santo Domingo,RD. &nbsp; El periodismo dominicano est\u00e1 de enhorabuena. Nuestro noticiero digital bajo la autorizaci\u00f3n y\u00a0 respaldo de su Presidente Abogado Rafael Pi\u00f1a y en Rep\u00fablica Dominicana representado por la Ingeniero&#46;&#46;&#46;","og_url":"https:\/\/noti-america.com\/site\/repdom\/2021\/10\/16\/noti-america-republica-dominicana-entrega-reconocimientos-de-excelencia-profesional-a-sus-periodistas\/","og_site_name":"Rep. Dominicana | Noti-America.com","article_published_time":"2021-10-16T16:09:45+00:00","article_modified_time":"2021-10-16T16:16:56+00:00","og_image":[{"width":1094,"height":534,"url":"https:\/\/noti-america.com\/site\/repdom\/wp-content\/uploads\/sites\/6\/2021\/10\/242552275_1022039775305771_3050284593846202980_n-1.jpg","type":"image\/jpeg"}],"author":"CAMH","twitter_card":"summary_large_image","twitter_misc":{"Escrito por":"CAMH","Tiempo estimado de lectura":"2 minutos"},"schema":{"@context":"https:\/\/schema.org","@graph":[{"@type":"Article","@id":"https:\/\/noti-america.com\/site\/repdom\/2021\/10\/16\/noti-america-republica-dominicana-entrega-reconocimientos-de-excelencia-profesional-a-sus-periodistas\/#article","isPartOf":{"@id":"https:\/\/noti-america.com\/site\/repdom\/2021\/10\/16\/noti-america-republica-dominicana-entrega-reconocimientos-de-excelencia-profesional-a-sus-periodistas\/"},"author":{"name":"CAMH","@id":"https:\/\/noti-america.com\/site\/repdom\/#\/schema\/person\/e13880b4308eea6926b271284605ef72"},"headline":"Noti-Am\u00e9rica Rep\u00fablica Dominicana entrega Reconocimientos de Excelencia Period\u00edstica 2021","datePublished":"2021-10-16T16:09:45+00:00","dateModified":"2021-10-16T16:16:56+00:00","mainEntityOfPage":{"@id":"https:\/\/noti-america.com\/site\/repdom\/2021\/10\/16\/noti-america-republica-dominicana-entrega-reconocimientos-de-excelencia-profesional-a-sus-periodistas\/"},"wordCount":315,"commentCount":0,"publisher":{"@id":"https:\/\/noti-america.com\/site\/repdom\/#organization"},"image":{"@id":"https:\/\/noti-america.com\/site\/repdom\/2021\/10\/16\/noti-america-republica-dominicana-entrega-reconocimientos-de-excelencia-profesional-a-sus-periodistas\/#primaryimage"},"thumbnailUrl":"https:\/\/noti-america.com\/site\/repdom\/wp-content\/uploads\/sites\/6\/2021\/10\/242552275_1022039775305771_3050284593846202980_n-1.jpg","articleSection":["Actualidad"],"inLanguage":"es","potentialAction":[{"@type":"CommentAction","name":"Comment","target":["https:\/\/noti-america.com\/site\/repdom\/2021\/10\/16\/noti-america-republica-dominicana-entrega-reconocimientos-de-excelencia-profesional-a-sus-periodistas\/#respond"]}]},{"@type":"WebPage","@id":"https:\/\/noti-america.com\/site\/repdom\/2021\/10\/16\/noti-america-republica-dominicana-entrega-reconocimientos-de-excelencia-profesional-a-sus-periodistas\/","url":"https:\/\/noti-america.com\/site\/repdom\/2021\/10\/16\/noti-america-republica-dominicana-entrega-reconocimientos-de-excelencia-profesional-a-sus-periodistas\/","name":"Noti-Am\u00e9rica Rep\u00fablica Dominicana entrega Reconocimientos de Excelencia Period\u00edstica 2021 - Rep. Dominicana | Noti-America.com","isPartOf":{"@id":"https:\/\/noti-america.com\/site\/repdom\/#website"},"primaryImageOfPage":{"@id":"https:\/\/noti-america.com\/site\/repdom\/2021\/10\/16\/noti-america-republica-dominicana-entrega-reconocimientos-de-excelencia-profesional-a-sus-periodistas\/#primaryimage"},"image":{"@id":"https:\/\/noti-america.com\/site\/repdom\/2021\/10\/16\/noti-america-republica-dominicana-entrega-reconocimientos-de-excelencia-profesional-a-sus-periodistas\/#primaryimage"},"thumbnailUrl":"https:\/\/noti-america.com\/site\/repdom\/wp-content\/uploads\/sites\/6\/2021\/10\/242552275_1022039775305771_3050284593846202980_n-1.jpg","datePublished":"2021-10-16T16:09:45+00:00","dateModified":"2021-10-16T16:16:56+00:00","breadcrumb":{"@id":"https:\/\/noti-america.com\/site\/repdom\/2021\/10\/16\/noti-america-republica-dominicana-entrega-reconocimientos-de-excelencia-profesional-a-sus-periodistas\/#breadcrumb"},"inLanguage":"es","potentialAction":[{"@type":"ReadAction","target":["https:\/\/noti-america.com\/site\/repdom\/2021\/10\/16\/noti-america-republica-dominicana-entrega-reconocimientos-de-excelencia-profesional-a-sus-periodistas\/"]}]},{"@type":"ImageObject","inLanguage":"es","@id":"https:\/\/noti-america.com\/site\/repdom\/2021\/10\/16\/noti-america-republica-dominicana-entrega-reconocimientos-de-excelencia-profesional-a-sus-periodistas\/#primaryimage","url":"https:\/\/noti-america.com\/site\/repdom\/wp-content\/uploads\/sites\/6\/2021\/10\/242552275_1022039775305771_3050284593846202980_n-1.jpg","contentUrl":"https:\/\/noti-america.com\/site\/repdom\/wp-content\/uploads\/sites\/6\/2021\/10\/242552275_1022039775305771_3050284593846202980_n-1.jpg","width":1094,"height":534},{"@type":"BreadcrumbList","@id":"https:\/\/noti-america.com\/site\/repdom\/2021\/10\/16\/noti-america-republica-dominicana-entrega-reconocimientos-de-excelencia-profesional-a-sus-periodistas\/#breadcrumb","itemListElement":[{"@type":"ListItem","position":1,"name":"Portada","item":"https:\/\/noti-america.com\/site\/repdom\/"},{"@type":"ListItem","position":2,"name":"Noti-Am\u00e9rica Rep\u00fablica Dominicana entrega Reconocimientos de Excelencia Period\u00edstica 2021"}]},{"@type":"WebSite","@id":"https:\/\/noti-america.com\/site\/repdom\/#website","url":"https:\/\/noti-america.com\/site\/repdom\/","name":"Rep. Dominicana | Noti-America.com","description":"","publisher":{"@id":"https:\/\/noti-america.com\/site\/repdom\/#organization"},"potentialAction":[{"@type":"SearchAction","target":{"@type":"EntryPoint","urlTemplate":"https:\/\/noti-america.com\/site\/repdom\/?s={search_term_string}"},"query-input":{"@type":"PropertyValueSpecification","valueRequired":true,"valueName":"search_term_string"}}],"inLanguage":"es"},{"@type":"Organization","@id":"https:\/\/noti-america.com\/site\/repdom\/#organization","name":"Noti-America LLC | Rep\u00fablica Dominicana","url":"https:\/\/noti-america.com\/site\/repdom\/","logo":{"@type":"ImageObject","inLanguage":"es","@id":"https:\/\/noti-america.com\/site\/repdom\/#\/schema\/logo\/image\/","url":"https:\/\/noti-america.com\/site\/repdom\/wp-content\/uploads\/sites\/6\/2020\/07\/LogoNA-4x3-1.jpg","contentUrl":"https:\/\/noti-america.com\/site\/repdom\/wp-content\/uploads\/sites\/6\/2020\/07\/LogoNA-4x3-1.jpg","width":1236,"height":1080,"caption":"Noti-America LLC | Rep\u00fablica Dominicana"},"image":{"@id":"https:\/\/noti-america.com\/site\/repdom\/#\/schema\/logo\/image\/"}},{"@type":"Person","@id":"https:\/\/noti-america.com\/site\/repdom\/#\/schema\/person\/e13880b4308eea6926b271284605ef72","name":"CAMH","image":{"@type":"ImageObject","inLanguage":"es","@id":"https:\/\/secure.gravatar.com\/avatar\/82aa99c723cbed2b304797bc218a5542b5a94d7f5d0ba3b39650aef53c28ecf5?s=96&d=mm&r=g","url":"https:\/\/secure.gravatar.com\/avatar\/82aa99c723cbed2b304797bc218a5542b5a94d7f5d0ba3b39650aef53c28ecf5?s=96&d=mm&r=g","contentUrl":"https:\/\/secure.gravatar.com\/avatar\/82aa99c723cbed2b304797bc218a5542b5a94d7f5d0ba3b39650aef53c28ecf5?s=96&d=mm&r=g","caption":"CAMH"},"url":"https:\/\/noti-america.com\/site\/repdom\/author\/cmitchell\/"}]}},"_links":{"self":[{"href":"https:\/\/noti-america.com\/site\/repdom\/wp-json\/wp\/v2\/posts\/13892","targetHints":{"allow":["GET"]}}],"collection":[{"href":"https:\/\/noti-america.com\/site\/repdom\/wp-json\/wp\/v2\/posts"}],"about":[{"href":"https:\/\/noti-america.com\/site\/repdom\/wp-json\/wp\/v2\/types\/post"}],"author":[{"embeddable":true,"href":"https:\/\/noti-america.com\/site\/repdom\/wp-json\/wp\/v2\/users\/87"}],"replies":[{"embeddable":true,"href":"https:\/\/noti-america.com\/site\/repdom\/wp-json\/wp\/v2\/comments?post=13892"}],"version-history":[{"count":2,"href":"https:\/\/noti-america.com\/site\/repdom\/wp-json\/wp\/v2\/posts\/13892\/revisions"}],"predecessor-version":[{"id":13906,"href":"https:\/\/noti-america.com\/site\/repdom\/wp-json\/wp\/v2\/posts\/13892\/revisions\/13906"}],"wp:featuredmedia":[{"embeddable":true,"href":"https:\/\/noti-america.com\/site\/repdom\/wp-json\/wp\/v2\/media\/13895"}],"wp:attachment":[{"href":"https:\/\/noti-america.com\/site\/repdom\/wp-json\/wp\/v2\/media?parent=13892"}],"wp:term":[{"taxonomy":"category","embeddable":true,"href":"https:\/\/noti-america.com\/site\/repdom\/wp-json\/wp\/v2\/categories?post=13892"},{"taxonomy":"post_tag","embeddable":true,"href":"https:\/\/noti-america.com\/site\/repdom\/wp-json\/wp\/v2\/tags?post=13892"}],"curies":[{"name":"wp","href":"https:\/\/api.w.org\/{rel}","templated":true}]}}