{"id":13885,"date":"2021-10-15T15:00:26","date_gmt":"2021-10-15T15:00:26","guid":{"rendered":"https:\/\/noti-america.com\/site\/repdom\/2021\/10\/15\/diputado-aclara-pena-por-violacion-sexual-no-se-redujo-en-proyecto-de-ley-codigo-penal-2\/"},"modified":"2021-10-15T15:00:26","modified_gmt":"2021-10-15T15:00:26","slug":"diputado-aclara-pena-por-violacion-sexual-no-se-redujo-en-proyecto-de-ley-codigo-penal-2","status":"publish","type":"post","link":"https:\/\/noti-america.com\/site\/repdom\/2021\/10\/15\/diputado-aclara-pena-por-violacion-sexual-no-se-redujo-en-proyecto-de-ley-codigo-penal-2\/","title":{"rendered":"Diputado aclara pena por violaci\u00f3n sexual no se redujo en proyecto de ley C\u00f3digo Penal"},"content":{"rendered":"<div id=\"td-outer-wrap\">\n<div class=\"td-outer-container\">\n<div class=\"hola td-container td-post-template-default\">\n<div class=\"td-container-border\">\n<div class=\"td-pb-row\">\n<div class=\"td-pb-span8 td-main-content\" role=\"main\">\n<div class=\"td-ss-main-content\">\n<article id=\"martepost-1215531\" class=\"post-1215531 post type-post status-publish format-standard has-post-thumbnail hentry category-actualidad category-destacado category-pais tag-codigo-penal tag-d3 tag-diputado-aclara-pena-por-violacion-sexual-no-se-redujo-en-codigo-penal\">\n<div class=\"td-post-header td-pb-padding-side\">\n<p style=\"text-align: justify\"><b>NOTI &#8211; AM\u00c9RICA (REP\u00daBLICA DOMINICANA)<\/b><\/p>\n<p style=\"text-align: justify\">Realmente estoy llegando a creer que nuestros legisladores est\u00e1n incapacitados de analizar los pro y los contra antes de emitir un juicio con temas tan neur\u00e1lgicos como es la \u00bb Violaci\u00f3n O Agresi\u00f3n Sexual\u00bb uno de los delitos m\u00e1s aberrantes que existen en este mundo .<\/p>\n<p style=\"text-align: justify\">Tambi\u00e9n he llegado a creer que nuestros diputados y senadores siguen una especie de agenda muy contraria al bienestar de la ciudadan\u00eda .<\/p>\n<p style=\"text-align: justify\">Veamos los siguientes datos y sea usted el juez.<\/p>\n<\/div>\n<div class=\"td-post-content td-pb-padding-side\">\n<ul style=\"text-align: justify\">\n<li><strong><a href=\"https:\/\/www.elcaribe.com.do\/destacado\/correcciones-tecnicas-retrasan-aprobacion-del-codigo-penal\/\">\u201cCorrecciones t\u00e9cnicas\u201d retrasan aprobaci\u00f3n del C\u00f3digo Penal<\/a><\/strong><\/li>\n<\/ul>\n<p style=\"text-align: justify\">A continuaci\u00f3n, los art\u00edculos aprobados que tienen que ver con la violaci\u00f3n sexual<\/p>\n<p style=\"text-align: justify\" data-kiosked-context-name=\"kskdUIContext_01fj25s4zkqdpktgcvdzzrv9pf\">Art\u00edculo 132.- Agresi\u00f3n sexual. Constituye agresi\u00f3n sexual todo atentado lascivo o lujurioso cometido contra una persona con violencia, constre\u00f1imiento, amenaza, sorpresa, enga\u00f1o o por cualquier otro medio que invalide o anule su voluntad.<\/p>\n<div id=\"kskd01fj25s58sp9t09y88dmdg5m29\" class=\"kskdDiv kskdCls\" style=\"text-align: justify\" data-kiosked-role=\"anchor\" data-kiosked-type=\"in-line\" data-kioskid=\"01fj25s58sp9t09y88dmdg5m29\" data-kiosked-cntrid=\"12054_b5a4d627f4ec18396d0884eee536f848\">\n<div class=\"kskdDiv\" data-kiosked-role=\"boundary\">\n<div class=\"kskdDiv\" data-kioskid=\"01fj25s58sp9t09y88dmdg5m29\" data-kiosked-role=\"ad-container\">\n<div class=\"kskdDiv\" data-kskd-type=\"banner\" data-width=\"300\" data-height=\"250\" data-kskd-filled=\"true\">P\u00e1rrafo I.- Las agresiones sexuales diferentes a la violaci\u00f3n y al incesto ser\u00e1n sancionadas con cuatro a diez a\u00f1os de prisi\u00f3n mayor y multa de cuatro a diez salarios m\u00ednimos del sector p\u00fablico.<\/div>\n<\/div>\n<\/div>\n<\/div>\n<p style=\"text-align: justify\">P\u00e1rrafo II.- Si la agresi\u00f3n sexual se comete contra un ni\u00f1o, ni\u00f1a o adolescente por un adulto, ser\u00e1 sancionado con diez a veinte a\u00f1os de prisi\u00f3n mayor.<\/p>\n<p style=\"text-align: justify\">P\u00e1rrafo III.- Se presumir\u00e1 que la persona menor de edad no es capaz de consentimiento y, por tanto, que cualquier agresi\u00f3n sexual perpetrada contra ella es violenta, sin importar el modo en que se ejecute.<\/p>\n<h2 style=\"text-align: justify\"><strong>De la violaci\u00f3n y del incesto<\/strong><\/h2>\n<p style=\"text-align: justify\">Art\u00edculo 133.- Violaci\u00f3n sexual. Constituye violaci\u00f3n sexual todo hecho de penetraci\u00f3n sexual perpetrado por una persona contra otra por la vagina, el ano o la boca, o si se realiza cualquier otro acto an\u00e1logo con la introducci\u00f3n de un objeto o parte del cuerpo por alguna de las dos primeras v\u00edas, sin consentimiento; mediante violencia, constre\u00f1imiento, amenaza, sorpresa, enga\u00f1o o por cualquier otro medio que invalide o anule la voluntad de la v\u00edctima o que no permita que la misma manifieste su consentimiento. La violaci\u00f3n sexual ser\u00e1 sancionada con diez a veinte a\u00f1os de prisi\u00f3n mayor y multa de diez a veinte salarios m\u00ednimos del sector p\u00fablico.<\/p>\n<p style=\"text-align: justify\">Art\u00edculo 134.- Actividad sexual no consentida. Quien en una relaci\u00f3n de pareja incurra en una actividad sexual no consentida ser\u00e1 sancionado con las penas establecidas para la violaci\u00f3n en los casos siguientes:<\/p>\n<p style=\"text-align: justify\">1)\u00a0\u00a0\u00a0\u00a0\u00a0 Si ha empleado enga\u00f1o, fuerza, violencia, intimidaci\u00f3n, amenaza o coacci\u00f3n.<\/p>\n<p style=\"text-align: justify\">2)\u00a0\u00a0\u00a0\u00a0\u00a0 Si la v\u00edctima se encuentra imposibilitada para comprender la naturaleza del acto en el momento en que se realiza a causa de una enfermedad o incapacidad mental, sea temporal o permanente.<\/p>\n<p style=\"text-align: justify\">3)\u00a0\u00a0\u00a0\u00a0\u00a0 Si la v\u00edctima se encuentra imposibilitada para comprender la naturaleza del acto en el momento en que se realiza a causa de una enfermedad o incapacidad mental, sea temporal o permanente.<\/p>\n<p style=\"text-align: justify\">Fuente: www. elcaribe.com<\/p>\n<p style=\"text-align: justify\">Facebook: Felipe Cerso Castillo Carri\u00f3n<\/p>\n<p style=\"text-align: justify\">Instagram: @felipecersocastillo<\/p>\n<p style=\"text-align: justify\">Twitter: @felipecersoc<\/p>\n<p style=\"text-align: justify\">\n<\/div>\n<\/article>\n<\/div>\n<\/div>\n<\/div>\n<\/div>\n<\/div>\n<\/div>\n<\/div>\n","protected":false},"excerpt":{"rendered":"<p>NOTI &#8211; AM\u00c9RICA (REP\u00daBLICA DOMINICANA) Realmente estoy llegando a creer que nuestros legisladores est\u00e1n incapacitados de analizar los pro y los contra antes de emitir un juicio con temas tan neur\u00e1lgicos como es la&#46;&#46;&#46;<\/p>\n","protected":false},"author":94,"featured_media":13886,"comment_status":"open","ping_status":"open","sticky":false,"template":"","format":"gallery","meta":{"_acf_changed":false,"rop_custom_images_group":[],"rop_custom_messages_group":[],"rop_publish_now":"initial","rop_publish_now_accounts":[],"rop_publish_now_history":[],"rop_publish_now_status":"pending","footnotes":""},"categories":[12],"tags":[],"class_list":["post-13885","post","type-post","status-publish","format-gallery","has-post-thumbnail","hentry","category-opinion","post_format-post-format-gallery"],"acf":[],"yoast_head":"<!-- This site is optimized with the Yoast SEO Premium plugin v24.9 (Yoast SEO v27.2) - https:\/\/yoast.com\/product\/yoast-seo-premium-wordpress\/ -->\n<title>Diputado aclara pena por violaci\u00f3n sexual no se redujo en proyecto de ley C\u00f3digo Penal - Rep. Dominicana | Noti-America.com<\/title>\n<meta name=\"robots\" content=\"index, follow, max-snippet:-1, max-image-preview:large, max-video-preview:-1\" \/>\n<link rel=\"canonical\" href=\"https:\/\/noti-america.com\/site\/repdom\/2021\/10\/15\/diputado-aclara-pena-por-violacion-sexual-no-se-redujo-en-proyecto-de-ley-codigo-penal-2\/\" \/>\n<meta property=\"og:locale\" content=\"es_ES\" \/>\n<meta property=\"og:type\" content=\"article\" \/>\n<meta property=\"og:title\" content=\"Diputado aclara pena por violaci\u00f3n sexual no se redujo en proyecto de ley C\u00f3digo Penal\" \/>\n<meta property=\"og:description\" content=\"NOTI &#8211; AM\u00c9RICA (REP\u00daBLICA DOMINICANA) Realmente estoy llegando a creer que nuestros legisladores est\u00e1n incapacitados de analizar los pro y los contra antes de emitir un juicio con temas tan neur\u00e1lgicos como es la&#046;&#046;&#046;\" \/>\n<meta property=\"og:url\" content=\"https:\/\/noti-america.com\/site\/repdom\/2021\/10\/15\/diputado-aclara-pena-por-violacion-sexual-no-se-redujo-en-proyecto-de-ley-codigo-penal-2\/\" \/>\n<meta property=\"og:site_name\" content=\"Rep. Dominicana | Noti-America.com\" \/>\n<meta property=\"article:published_time\" content=\"2021-10-15T15:00:26+00:00\" \/>\n<meta property=\"og:image\" content=\"https:\/\/noti-america.com\/site\/repdom\/wp-content\/uploads\/sites\/6\/2021\/10\/11070b12-alexisjimenezprm-6167973aeb494-681x454-1.jpg\" \/>\n\t<meta property=\"og:image:width\" content=\"681\" \/>\n\t<meta property=\"og:image:height\" content=\"454\" \/>\n\t<meta property=\"og:image:type\" content=\"image\/jpeg\" \/>\n<meta name=\"author\" content=\"Felipe Castillo\" \/>\n<meta name=\"twitter:card\" content=\"summary_large_image\" \/>\n<meta name=\"twitter:creator\" content=\"@felipecersoc\" \/>\n<meta name=\"twitter:label1\" content=\"Escrito por\" \/>\n\t<meta name=\"twitter:data1\" content=\"Felipe Castillo\" \/>\n\t<meta name=\"twitter:label2\" content=\"Tiempo estimado de lectura\" \/>\n\t<meta name=\"twitter:data2\" content=\"3 minutos\" \/>\n<script type=\"application\/ld+json\" class=\"yoast-schema-graph\">{\"@context\":\"https:\/\/schema.org\",\"@graph\":[{\"@type\":\"Article\",\"@id\":\"https:\/\/noti-america.com\/site\/repdom\/2021\/10\/15\/diputado-aclara-pena-por-violacion-sexual-no-se-redujo-en-proyecto-de-ley-codigo-penal-2\/#article\",\"isPartOf\":{\"@id\":\"https:\/\/noti-america.com\/site\/repdom\/2021\/10\/15\/diputado-aclara-pena-por-violacion-sexual-no-se-redujo-en-proyecto-de-ley-codigo-penal-2\/\"},\"author\":{\"name\":\"Felipe Castillo\",\"@id\":\"https:\/\/noti-america.com\/site\/repdom\/#\/schema\/person\/5771742f15e3fe0e4f35a8db2d4c93b9\"},\"headline\":\"Diputado aclara pena por violaci\u00f3n sexual no se redujo en proyecto de ley C\u00f3digo Penal\",\"datePublished\":\"2021-10-15T15:00:26+00:00\",\"mainEntityOfPage\":{\"@id\":\"https:\/\/noti-america.com\/site\/repdom\/2021\/10\/15\/diputado-aclara-pena-por-violacion-sexual-no-se-redujo-en-proyecto-de-ley-codigo-penal-2\/\"},\"wordCount\":538,\"commentCount\":0,\"publisher\":{\"@id\":\"https:\/\/noti-america.com\/site\/repdom\/#organization\"},\"image\":{\"@id\":\"https:\/\/noti-america.com\/site\/repdom\/2021\/10\/15\/diputado-aclara-pena-por-violacion-sexual-no-se-redujo-en-proyecto-de-ley-codigo-penal-2\/#primaryimage\"},\"thumbnailUrl\":\"https:\/\/noti-america.com\/site\/repdom\/wp-content\/uploads\/sites\/6\/2021\/10\/11070b12-alexisjimenezprm-6167973aeb494-681x454-1.jpg\",\"articleSection\":[\"Opini\u00f3n\"],\"inLanguage\":\"es\",\"potentialAction\":[{\"@type\":\"CommentAction\",\"name\":\"Comment\",\"target\":[\"https:\/\/noti-america.com\/site\/repdom\/2021\/10\/15\/diputado-aclara-pena-por-violacion-sexual-no-se-redujo-en-proyecto-de-ley-codigo-penal-2\/#respond\"]}]},{\"@type\":\"WebPage\",\"@id\":\"https:\/\/noti-america.com\/site\/repdom\/2021\/10\/15\/diputado-aclara-pena-por-violacion-sexual-no-se-redujo-en-proyecto-de-ley-codigo-penal-2\/\",\"url\":\"https:\/\/noti-america.com\/site\/repdom\/2021\/10\/15\/diputado-aclara-pena-por-violacion-sexual-no-se-redujo-en-proyecto-de-ley-codigo-penal-2\/\",\"name\":\"Diputado aclara pena por violaci\u00f3n sexual no se redujo en proyecto de ley C\u00f3digo Penal - Rep. Dominicana | Noti-America.com\",\"isPartOf\":{\"@id\":\"https:\/\/noti-america.com\/site\/repdom\/#website\"},\"primaryImageOfPage\":{\"@id\":\"https:\/\/noti-america.com\/site\/repdom\/2021\/10\/15\/diputado-aclara-pena-por-violacion-sexual-no-se-redujo-en-proyecto-de-ley-codigo-penal-2\/#primaryimage\"},\"image\":{\"@id\":\"https:\/\/noti-america.com\/site\/repdom\/2021\/10\/15\/diputado-aclara-pena-por-violacion-sexual-no-se-redujo-en-proyecto-de-ley-codigo-penal-2\/#primaryimage\"},\"thumbnailUrl\":\"https:\/\/noti-america.com\/site\/repdom\/wp-content\/uploads\/sites\/6\/2021\/10\/11070b12-alexisjimenezprm-6167973aeb494-681x454-1.jpg\",\"datePublished\":\"2021-10-15T15:00:26+00:00\",\"breadcrumb\":{\"@id\":\"https:\/\/noti-america.com\/site\/repdom\/2021\/10\/15\/diputado-aclara-pena-por-violacion-sexual-no-se-redujo-en-proyecto-de-ley-codigo-penal-2\/#breadcrumb\"},\"inLanguage\":\"es\",\"potentialAction\":[{\"@type\":\"ReadAction\",\"target\":[\"https:\/\/noti-america.com\/site\/repdom\/2021\/10\/15\/diputado-aclara-pena-por-violacion-sexual-no-se-redujo-en-proyecto-de-ley-codigo-penal-2\/\"]}]},{\"@type\":\"ImageObject\",\"inLanguage\":\"es\",\"@id\":\"https:\/\/noti-america.com\/site\/repdom\/2021\/10\/15\/diputado-aclara-pena-por-violacion-sexual-no-se-redujo-en-proyecto-de-ley-codigo-penal-2\/#primaryimage\",\"url\":\"https:\/\/noti-america.com\/site\/repdom\/wp-content\/uploads\/sites\/6\/2021\/10\/11070b12-alexisjimenezprm-6167973aeb494-681x454-1.jpg\",\"contentUrl\":\"https:\/\/noti-america.com\/site\/repdom\/wp-content\/uploads\/sites\/6\/2021\/10\/11070b12-alexisjimenezprm-6167973aeb494-681x454-1.jpg\",\"width\":681,\"height\":454},{\"@type\":\"BreadcrumbList\",\"@id\":\"https:\/\/noti-america.com\/site\/repdom\/2021\/10\/15\/diputado-aclara-pena-por-violacion-sexual-no-se-redujo-en-proyecto-de-ley-codigo-penal-2\/#breadcrumb\",\"itemListElement\":[{\"@type\":\"ListItem\",\"position\":1,\"name\":\"Portada\",\"item\":\"https:\/\/noti-america.com\/site\/repdom\/\"},{\"@type\":\"ListItem\",\"position\":2,\"name\":\"Diputado aclara pena por violaci\u00f3n sexual no se redujo en proyecto de ley C\u00f3digo Penal\"}]},{\"@type\":\"WebSite\",\"@id\":\"https:\/\/noti-america.com\/site\/repdom\/#website\",\"url\":\"https:\/\/noti-america.com\/site\/repdom\/\",\"name\":\"Rep. Dominicana | Noti-America.com\",\"description\":\"\",\"publisher\":{\"@id\":\"https:\/\/noti-america.com\/site\/repdom\/#organization\"},\"potentialAction\":[{\"@type\":\"SearchAction\",\"target\":{\"@type\":\"EntryPoint\",\"urlTemplate\":\"https:\/\/noti-america.com\/site\/repdom\/?s={search_term_string}\"},\"query-input\":{\"@type\":\"PropertyValueSpecification\",\"valueRequired\":true,\"valueName\":\"search_term_string\"}}],\"inLanguage\":\"es\"},{\"@type\":\"Organization\",\"@id\":\"https:\/\/noti-america.com\/site\/repdom\/#organization\",\"name\":\"Noti-America LLC | Rep\u00fablica Dominicana\",\"url\":\"https:\/\/noti-america.com\/site\/repdom\/\",\"logo\":{\"@type\":\"ImageObject\",\"inLanguage\":\"es\",\"@id\":\"https:\/\/noti-america.com\/site\/repdom\/#\/schema\/logo\/image\/\",\"url\":\"https:\/\/noti-america.com\/site\/repdom\/wp-content\/uploads\/sites\/6\/2020\/07\/LogoNA-4x3-1.jpg\",\"contentUrl\":\"https:\/\/noti-america.com\/site\/repdom\/wp-content\/uploads\/sites\/6\/2020\/07\/LogoNA-4x3-1.jpg\",\"width\":1236,\"height\":1080,\"caption\":\"Noti-America LLC | Rep\u00fablica Dominicana\"},\"image\":{\"@id\":\"https:\/\/noti-america.com\/site\/repdom\/#\/schema\/logo\/image\/\"}},{\"@type\":\"Person\",\"@id\":\"https:\/\/noti-america.com\/site\/repdom\/#\/schema\/person\/5771742f15e3fe0e4f35a8db2d4c93b9\",\"name\":\"Felipe Castillo\",\"image\":{\"@type\":\"ImageObject\",\"inLanguage\":\"es\",\"@id\":\"https:\/\/secure.gravatar.com\/avatar\/2f897233f9dfdbc119eb070afcf1c07aea6ab7f9313d4b966cb42d24ea8b52e6?s=96&d=mm&r=g\",\"url\":\"https:\/\/secure.gravatar.com\/avatar\/2f897233f9dfdbc119eb070afcf1c07aea6ab7f9313d4b966cb42d24ea8b52e6?s=96&d=mm&r=g\",\"contentUrl\":\"https:\/\/secure.gravatar.com\/avatar\/2f897233f9dfdbc119eb070afcf1c07aea6ab7f9313d4b966cb42d24ea8b52e6?s=96&d=mm&r=g\",\"caption\":\"Felipe Castillo\"},\"description\":\"Locutor, Maestro de Ceremonias, Animador, Orador, Coach Comunicacional, Mentor Honorifico, Manejo del Idioma Portugues, Manejo de Paquete de Office, Control Master, Manejo del Idioma English Intermedio, Comunicador, Lider - Consejero de Campamentos, Productor de Contenido del Proyecto Comunicacional \\\"Conexi\u00f3n Sin Limites RD\\\"\",\"sameAs\":[\"https:\/\/x.com\/felipecersoc\"],\"url\":\"https:\/\/noti-america.com\/site\/repdom\/author\/fcastillo\/\"}]}<\/script>\n<!-- \/ Yoast SEO Premium plugin. -->","yoast_head_json":{"title":"Diputado aclara pena por violaci\u00f3n sexual no se redujo en proyecto de ley C\u00f3digo Penal - Rep. Dominicana | Noti-America.com","robots":{"index":"index","follow":"follow","max-snippet":"max-snippet:-1","max-image-preview":"max-image-preview:large","max-video-preview":"max-video-preview:-1"},"canonical":"https:\/\/noti-america.com\/site\/repdom\/2021\/10\/15\/diputado-aclara-pena-por-violacion-sexual-no-se-redujo-en-proyecto-de-ley-codigo-penal-2\/","og_locale":"es_ES","og_type":"article","og_title":"Diputado aclara pena por violaci\u00f3n sexual no se redujo en proyecto de ley C\u00f3digo Penal","og_description":"NOTI &#8211; AM\u00c9RICA (REP\u00daBLICA DOMINICANA) Realmente estoy llegando a creer que nuestros legisladores est\u00e1n incapacitados de analizar los pro y los contra antes de emitir un juicio con temas tan neur\u00e1lgicos como es la&#46;&#46;&#46;","og_url":"https:\/\/noti-america.com\/site\/repdom\/2021\/10\/15\/diputado-aclara-pena-por-violacion-sexual-no-se-redujo-en-proyecto-de-ley-codigo-penal-2\/","og_site_name":"Rep. Dominicana | Noti-America.com","article_published_time":"2021-10-15T15:00:26+00:00","og_image":[{"width":681,"height":454,"url":"https:\/\/noti-america.com\/site\/repdom\/wp-content\/uploads\/sites\/6\/2021\/10\/11070b12-alexisjimenezprm-6167973aeb494-681x454-1.jpg","type":"image\/jpeg"}],"author":"Felipe Castillo","twitter_card":"summary_large_image","twitter_creator":"@felipecersoc","twitter_misc":{"Escrito por":"Felipe Castillo","Tiempo estimado de lectura":"3 minutos"},"schema":{"@context":"https:\/\/schema.org","@graph":[{"@type":"Article","@id":"https:\/\/noti-america.com\/site\/repdom\/2021\/10\/15\/diputado-aclara-pena-por-violacion-sexual-no-se-redujo-en-proyecto-de-ley-codigo-penal-2\/#article","isPartOf":{"@id":"https:\/\/noti-america.com\/site\/repdom\/2021\/10\/15\/diputado-aclara-pena-por-violacion-sexual-no-se-redujo-en-proyecto-de-ley-codigo-penal-2\/"},"author":{"name":"Felipe Castillo","@id":"https:\/\/noti-america.com\/site\/repdom\/#\/schema\/person\/5771742f15e3fe0e4f35a8db2d4c93b9"},"headline":"Diputado aclara pena por violaci\u00f3n sexual no se redujo en proyecto de ley C\u00f3digo Penal","datePublished":"2021-10-15T15:00:26+00:00","mainEntityOfPage":{"@id":"https:\/\/noti-america.com\/site\/repdom\/2021\/10\/15\/diputado-aclara-pena-por-violacion-sexual-no-se-redujo-en-proyecto-de-ley-codigo-penal-2\/"},"wordCount":538,"commentCount":0,"publisher":{"@id":"https:\/\/noti-america.com\/site\/repdom\/#organization"},"image":{"@id":"https:\/\/noti-america.com\/site\/repdom\/2021\/10\/15\/diputado-aclara-pena-por-violacion-sexual-no-se-redujo-en-proyecto-de-ley-codigo-penal-2\/#primaryimage"},"thumbnailUrl":"https:\/\/noti-america.com\/site\/repdom\/wp-content\/uploads\/sites\/6\/2021\/10\/11070b12-alexisjimenezprm-6167973aeb494-681x454-1.jpg","articleSection":["Opini\u00f3n"],"inLanguage":"es","potentialAction":[{"@type":"CommentAction","name":"Comment","target":["https:\/\/noti-america.com\/site\/repdom\/2021\/10\/15\/diputado-aclara-pena-por-violacion-sexual-no-se-redujo-en-proyecto-de-ley-codigo-penal-2\/#respond"]}]},{"@type":"WebPage","@id":"https:\/\/noti-america.com\/site\/repdom\/2021\/10\/15\/diputado-aclara-pena-por-violacion-sexual-no-se-redujo-en-proyecto-de-ley-codigo-penal-2\/","url":"https:\/\/noti-america.com\/site\/repdom\/2021\/10\/15\/diputado-aclara-pena-por-violacion-sexual-no-se-redujo-en-proyecto-de-ley-codigo-penal-2\/","name":"Diputado aclara pena por violaci\u00f3n sexual no se redujo en proyecto de ley C\u00f3digo Penal - Rep. Dominicana | Noti-America.com","isPartOf":{"@id":"https:\/\/noti-america.com\/site\/repdom\/#website"},"primaryImageOfPage":{"@id":"https:\/\/noti-america.com\/site\/repdom\/2021\/10\/15\/diputado-aclara-pena-por-violacion-sexual-no-se-redujo-en-proyecto-de-ley-codigo-penal-2\/#primaryimage"},"image":{"@id":"https:\/\/noti-america.com\/site\/repdom\/2021\/10\/15\/diputado-aclara-pena-por-violacion-sexual-no-se-redujo-en-proyecto-de-ley-codigo-penal-2\/#primaryimage"},"thumbnailUrl":"https:\/\/noti-america.com\/site\/repdom\/wp-content\/uploads\/sites\/6\/2021\/10\/11070b12-alexisjimenezprm-6167973aeb494-681x454-1.jpg","datePublished":"2021-10-15T15:00:26+00:00","breadcrumb":{"@id":"https:\/\/noti-america.com\/site\/repdom\/2021\/10\/15\/diputado-aclara-pena-por-violacion-sexual-no-se-redujo-en-proyecto-de-ley-codigo-penal-2\/#breadcrumb"},"inLanguage":"es","potentialAction":[{"@type":"ReadAction","target":["https:\/\/noti-america.com\/site\/repdom\/2021\/10\/15\/diputado-aclara-pena-por-violacion-sexual-no-se-redujo-en-proyecto-de-ley-codigo-penal-2\/"]}]},{"@type":"ImageObject","inLanguage":"es","@id":"https:\/\/noti-america.com\/site\/repdom\/2021\/10\/15\/diputado-aclara-pena-por-violacion-sexual-no-se-redujo-en-proyecto-de-ley-codigo-penal-2\/#primaryimage","url":"https:\/\/noti-america.com\/site\/repdom\/wp-content\/uploads\/sites\/6\/2021\/10\/11070b12-alexisjimenezprm-6167973aeb494-681x454-1.jpg","contentUrl":"https:\/\/noti-america.com\/site\/repdom\/wp-content\/uploads\/sites\/6\/2021\/10\/11070b12-alexisjimenezprm-6167973aeb494-681x454-1.jpg","width":681,"height":454},{"@type":"BreadcrumbList","@id":"https:\/\/noti-america.com\/site\/repdom\/2021\/10\/15\/diputado-aclara-pena-por-violacion-sexual-no-se-redujo-en-proyecto-de-ley-codigo-penal-2\/#breadcrumb","itemListElement":[{"@type":"ListItem","position":1,"name":"Portada","item":"https:\/\/noti-america.com\/site\/repdom\/"},{"@type":"ListItem","position":2,"name":"Diputado aclara pena por violaci\u00f3n sexual no se redujo en proyecto de ley C\u00f3digo Penal"}]},{"@type":"WebSite","@id":"https:\/\/noti-america.com\/site\/repdom\/#website","url":"https:\/\/noti-america.com\/site\/repdom\/","name":"Rep. Dominicana | Noti-America.com","description":"","publisher":{"@id":"https:\/\/noti-america.com\/site\/repdom\/#organization"},"potentialAction":[{"@type":"SearchAction","target":{"@type":"EntryPoint","urlTemplate":"https:\/\/noti-america.com\/site\/repdom\/?s={search_term_string}"},"query-input":{"@type":"PropertyValueSpecification","valueRequired":true,"valueName":"search_term_string"}}],"inLanguage":"es"},{"@type":"Organization","@id":"https:\/\/noti-america.com\/site\/repdom\/#organization","name":"Noti-America LLC | Rep\u00fablica Dominicana","url":"https:\/\/noti-america.com\/site\/repdom\/","logo":{"@type":"ImageObject","inLanguage":"es","@id":"https:\/\/noti-america.com\/site\/repdom\/#\/schema\/logo\/image\/","url":"https:\/\/noti-america.com\/site\/repdom\/wp-content\/uploads\/sites\/6\/2020\/07\/LogoNA-4x3-1.jpg","contentUrl":"https:\/\/noti-america.com\/site\/repdom\/wp-content\/uploads\/sites\/6\/2020\/07\/LogoNA-4x3-1.jpg","width":1236,"height":1080,"caption":"Noti-America LLC | Rep\u00fablica Dominicana"},"image":{"@id":"https:\/\/noti-america.com\/site\/repdom\/#\/schema\/logo\/image\/"}},{"@type":"Person","@id":"https:\/\/noti-america.com\/site\/repdom\/#\/schema\/person\/5771742f15e3fe0e4f35a8db2d4c93b9","name":"Felipe Castillo","image":{"@type":"ImageObject","inLanguage":"es","@id":"https:\/\/secure.gravatar.com\/avatar\/2f897233f9dfdbc119eb070afcf1c07aea6ab7f9313d4b966cb42d24ea8b52e6?s=96&d=mm&r=g","url":"https:\/\/secure.gravatar.com\/avatar\/2f897233f9dfdbc119eb070afcf1c07aea6ab7f9313d4b966cb42d24ea8b52e6?s=96&d=mm&r=g","contentUrl":"https:\/\/secure.gravatar.com\/avatar\/2f897233f9dfdbc119eb070afcf1c07aea6ab7f9313d4b966cb42d24ea8b52e6?s=96&d=mm&r=g","caption":"Felipe Castillo"},"description":"Locutor, Maestro de Ceremonias, Animador, Orador, Coach Comunicacional, Mentor Honorifico, Manejo del Idioma Portugues, Manejo de Paquete de Office, Control Master, Manejo del Idioma English Intermedio, Comunicador, Lider - Consejero de Campamentos, Productor de Contenido del Proyecto Comunicacional \"Conexi\u00f3n Sin Limites RD\"","sameAs":["https:\/\/x.com\/felipecersoc"],"url":"https:\/\/noti-america.com\/site\/repdom\/author\/fcastillo\/"}]}},"_links":{"self":[{"href":"https:\/\/noti-america.com\/site\/repdom\/wp-json\/wp\/v2\/posts\/13885","targetHints":{"allow":["GET"]}}],"collection":[{"href":"https:\/\/noti-america.com\/site\/repdom\/wp-json\/wp\/v2\/posts"}],"about":[{"href":"https:\/\/noti-america.com\/site\/repdom\/wp-json\/wp\/v2\/types\/post"}],"author":[{"embeddable":true,"href":"https:\/\/noti-america.com\/site\/repdom\/wp-json\/wp\/v2\/users\/94"}],"replies":[{"embeddable":true,"href":"https:\/\/noti-america.com\/site\/repdom\/wp-json\/wp\/v2\/comments?post=13885"}],"version-history":[{"count":0,"href":"https:\/\/noti-america.com\/site\/repdom\/wp-json\/wp\/v2\/posts\/13885\/revisions"}],"wp:featuredmedia":[{"embeddable":true,"href":"https:\/\/noti-america.com\/site\/repdom\/wp-json\/wp\/v2\/media\/13886"}],"wp:attachment":[{"href":"https:\/\/noti-america.com\/site\/repdom\/wp-json\/wp\/v2\/media?parent=13885"}],"wp:term":[{"taxonomy":"category","embeddable":true,"href":"https:\/\/noti-america.com\/site\/repdom\/wp-json\/wp\/v2\/categories?post=13885"},{"taxonomy":"post_tag","embeddable":true,"href":"https:\/\/noti-america.com\/site\/repdom\/wp-json\/wp\/v2\/tags?post=13885"}],"curies":[{"name":"wp","href":"https:\/\/api.w.org\/{rel}","templated":true}]}}