{"id":13815,"date":"2021-10-12T15:08:39","date_gmt":"2021-10-12T15:08:39","guid":{"rendered":"https:\/\/noti-america.com\/site\/repdom\/?p=13815"},"modified":"2021-10-12T15:08:39","modified_gmt":"2021-10-12T15:08:39","slug":"cole-y-warner-reforzaran-el-pitcheo-del-licey","status":"publish","type":"post","link":"https:\/\/noti-america.com\/site\/repdom\/2021\/10\/12\/cole-y-warner-reforzaran-el-pitcheo-del-licey\/","title":{"rendered":"Cole y Warner reforzar\u00e1n el pitcheo del Licey"},"content":{"rendered":"<p style=\"text-align: justify\">SANTO DOMINGO &#8211; Los Tigres del Licey anunciaron la contrataci\u00f3n de los lanzadores Taylor Cole y Austin Warner como parte de sus jugadores importados para la temporada 2021-2022 de la Liga Dominicana de B\u00e9isbol Profesional, pautada para iniciar el d\u00eda 27.<\/p>\n<p style=\"text-align: justify\">Cole es un pitcher derecho de 6-1 de estatura, 200 libras y 32 a\u00f1os con experiencia de Grandes Ligas con los Angelinos de Los \u00c1ngeles y los Azulejos de Toronto. En la actualidad es agente libre.<\/p>\n<p style=\"text-align: justify\">Drafteado en tres ocasiones distintas (Dodgers, ronda 26, 2007, Arizona, ronda 31, 2008 y Azulejos, ronda 29, 2011) tiene una marca de 7-6 con porcentaje de carreras limpias de 4.97 en 57 partidos, ocho de ellos como abridor en MLB. Labor\u00f3 en 88.2 innings, permiti\u00f3 84 imparables, cinco vuelacercas, 50 vueltas, 49 merecidas con 90 ponchados y 37 transferencias.<\/p>\n<p style=\"text-align: justify\">Su \u00faltima presentaci\u00f3n en las Ligas Mayores fue en el 2019 con los Angelinos. Tuvo foja de 3-4 con efectividad de 5.92 en 38 encuentros, seis como iniciador. Lanz\u00f3 51.2 entradas, cedi\u00f3 58 hits, dos jonrones, 35 carreras (34 limpias) con 50 ponches y 24 bases por bolas.<\/p>\n<p style=\"text-align: justify\">Warner es un lanzador zurdo de 27 a\u00f1os, 5-11 de estatura y 180 libras que milita con la organizaci\u00f3n de los Cardenales de San Luis.<\/p>\n<p style=\"text-align: justify\">Fue firmado como agente libre el 23 de junio del 2017 y en cuatro temporadas en las ligas menores presenta r\u00e9cord de 25-23 con porcentaje de carreras limpias de 3.89. En 105 partidos, 66 como abridor, ha lanzado 419 entradas en las que ha permitido 427 hits, 48 jonrones, 206 vueltas, 181 limpias, con 416 ponches y 135 boletos. Su WHIP es de 1.34.<\/p>\n<p style=\"text-align: justify\">Este verano ha trabajado con Memphis, clasificaci\u00f3n Triple A. Compil\u00f3 foja de 7-3 con efectividad de 3.34 en 41 partidos, cinco como iniciador. Finaliz\u00f3 10 encuentros y registr\u00f3 dos salvamentos. En 72.2 innings, cedi\u00f3 57 imparables, ocho cuadrangulares, 33 carreras, 27 merecidas, con 75 ponchados, 22 bases por bolas y un WHIP de 1.08.<\/p>\n<p style=\"text-align: justify\">Anteriormente, los Tigres hab\u00edan anunciado el regreso del jardinero Nick Heath (Arizona), as\u00ed como las contrataciones del lanzador abridor zurdo Ryan Rolison (Colorado), el jardinero y jugador del cuadro Samad Taylor (Toronto), el inicialista Vinnie Pasquantino (Kansas City) y el lanzador relevista Aaron Barrett (Washington).<\/p>\n<p style=\"text-align: justify\"><strong>Fuente: Prensa Licey<\/strong><\/p>\n","protected":false},"excerpt":{"rendered":"<p>SANTO DOMINGO &#8211; Los Tigres del Licey anunciaron la contrataci\u00f3n de los lanzadores Taylor Cole y Austin Warner como parte de sus jugadores importados para la temporada 2021-2022 de la Liga Dominicana de B\u00e9isbol&#46;&#46;&#46;<\/p>\n","protected":false},"author":89,"featured_media":13816,"comment_status":"open","ping_status":"open","sticky":false,"template":"","format":"standard","meta":{"_acf_changed":false,"rop_custom_images_group":[],"rop_custom_messages_group":[],"rop_publish_now":"initial","rop_publish_now_accounts":[],"rop_publish_now_history":[],"rop_publish_now_status":"pending","footnotes":""},"categories":[16],"tags":[1715,119,122,1714,296],"class_list":["post-13815","post","type-post","status-publish","format-standard","has-post-thumbnail","hentry","category-deportes","tag-austin-warner","tag-beisbol-dominicano","tag-liga-dominicana-de-beisbol-profesional","tag-taylor-cole","tag-tigres-del-licey"],"acf":[],"yoast_head":"<!-- This site is optimized with the Yoast SEO Premium plugin v24.9 (Yoast SEO v27.2) - https:\/\/yoast.com\/product\/yoast-seo-premium-wordpress\/ -->\n<title>Cole y Warner reforzar\u00e1n el pitcheo del Licey - Rep. Dominicana | Noti-America.com<\/title>\n<meta name=\"robots\" content=\"index, follow, max-snippet:-1, max-image-preview:large, max-video-preview:-1\" \/>\n<link rel=\"canonical\" href=\"https:\/\/noti-america.com\/site\/repdom\/2021\/10\/12\/cole-y-warner-reforzaran-el-pitcheo-del-licey\/\" \/>\n<meta property=\"og:locale\" content=\"es_ES\" \/>\n<meta property=\"og:type\" content=\"article\" \/>\n<meta property=\"og:title\" content=\"Cole y Warner reforzar\u00e1n el pitcheo del Licey\" \/>\n<meta property=\"og:description\" content=\"SANTO DOMINGO &#8211; Los Tigres del Licey anunciaron la contrataci\u00f3n de los lanzadores Taylor Cole y Austin Warner como parte de sus jugadores importados para la temporada 2021-2022 de la Liga Dominicana de B\u00e9isbol&#046;&#046;&#046;\" \/>\n<meta property=\"og:url\" content=\"https:\/\/noti-america.com\/site\/repdom\/2021\/10\/12\/cole-y-warner-reforzaran-el-pitcheo-del-licey\/\" \/>\n<meta property=\"og:site_name\" content=\"Rep. Dominicana | Noti-America.com\" \/>\n<meta property=\"article:published_time\" content=\"2021-10-12T15:08:39+00:00\" \/>\n<meta property=\"og:image\" content=\"https:\/\/noti-america.com\/site\/repdom\/wp-content\/uploads\/sites\/6\/2021\/10\/Refuerzos-Licey.jpg\" \/>\n\t<meta property=\"og:image:width\" content=\"2048\" \/>\n\t<meta property=\"og:image:height\" content=\"2048\" \/>\n\t<meta property=\"og:image:type\" content=\"image\/jpeg\" \/>\n<meta name=\"author\" content=\"Ad\u00e1n Soriano\" \/>\n<meta name=\"twitter:card\" content=\"summary_large_image\" \/>\n<meta name=\"twitter:creator\" content=\"@adansoriano\" \/>\n<meta name=\"twitter:label1\" content=\"Escrito por\" \/>\n\t<meta name=\"twitter:data1\" content=\"Ad\u00e1n Soriano\" \/>\n\t<meta name=\"twitter:label2\" content=\"Tiempo estimado de lectura\" \/>\n\t<meta name=\"twitter:data2\" content=\"2 minutos\" \/>\n<script type=\"application\/ld+json\" class=\"yoast-schema-graph\">{\"@context\":\"https:\/\/schema.org\",\"@graph\":[{\"@type\":\"Article\",\"@id\":\"https:\/\/noti-america.com\/site\/repdom\/2021\/10\/12\/cole-y-warner-reforzaran-el-pitcheo-del-licey\/#article\",\"isPartOf\":{\"@id\":\"https:\/\/noti-america.com\/site\/repdom\/2021\/10\/12\/cole-y-warner-reforzaran-el-pitcheo-del-licey\/\"},\"author\":{\"name\":\"Ad\u00e1n Soriano\",\"@id\":\"https:\/\/noti-america.com\/site\/repdom\/#\/schema\/person\/fd0092c1530d275fabaa5cffcbc2b976\"},\"headline\":\"Cole y Warner reforzar\u00e1n el pitcheo del Licey\",\"datePublished\":\"2021-10-12T15:08:39+00:00\",\"mainEntityOfPage\":{\"@id\":\"https:\/\/noti-america.com\/site\/repdom\/2021\/10\/12\/cole-y-warner-reforzaran-el-pitcheo-del-licey\/\"},\"wordCount\":343,\"commentCount\":0,\"publisher\":{\"@id\":\"https:\/\/noti-america.com\/site\/repdom\/#organization\"},\"image\":{\"@id\":\"https:\/\/noti-america.com\/site\/repdom\/2021\/10\/12\/cole-y-warner-reforzaran-el-pitcheo-del-licey\/#primaryimage\"},\"thumbnailUrl\":\"https:\/\/noti-america.com\/site\/repdom\/wp-content\/uploads\/sites\/6\/2021\/10\/Refuerzos-Licey.jpg\",\"keywords\":[\"Austin Warner\",\"B\u00e9isbol Dominicano\",\"Liga Dominicana de B\u00e9isbol Profesional\",\"Taylor Cole\",\"Tigres del Licey\"],\"articleSection\":[\"Deportes\"],\"inLanguage\":\"es\",\"potentialAction\":[{\"@type\":\"CommentAction\",\"name\":\"Comment\",\"target\":[\"https:\/\/noti-america.com\/site\/repdom\/2021\/10\/12\/cole-y-warner-reforzaran-el-pitcheo-del-licey\/#respond\"]}]},{\"@type\":\"WebPage\",\"@id\":\"https:\/\/noti-america.com\/site\/repdom\/2021\/10\/12\/cole-y-warner-reforzaran-el-pitcheo-del-licey\/\",\"url\":\"https:\/\/noti-america.com\/site\/repdom\/2021\/10\/12\/cole-y-warner-reforzaran-el-pitcheo-del-licey\/\",\"name\":\"Cole y Warner reforzar\u00e1n el pitcheo del Licey - Rep. Dominicana | Noti-America.com\",\"isPartOf\":{\"@id\":\"https:\/\/noti-america.com\/site\/repdom\/#website\"},\"primaryImageOfPage\":{\"@id\":\"https:\/\/noti-america.com\/site\/repdom\/2021\/10\/12\/cole-y-warner-reforzaran-el-pitcheo-del-licey\/#primaryimage\"},\"image\":{\"@id\":\"https:\/\/noti-america.com\/site\/repdom\/2021\/10\/12\/cole-y-warner-reforzaran-el-pitcheo-del-licey\/#primaryimage\"},\"thumbnailUrl\":\"https:\/\/noti-america.com\/site\/repdom\/wp-content\/uploads\/sites\/6\/2021\/10\/Refuerzos-Licey.jpg\",\"datePublished\":\"2021-10-12T15:08:39+00:00\",\"breadcrumb\":{\"@id\":\"https:\/\/noti-america.com\/site\/repdom\/2021\/10\/12\/cole-y-warner-reforzaran-el-pitcheo-del-licey\/#breadcrumb\"},\"inLanguage\":\"es\",\"potentialAction\":[{\"@type\":\"ReadAction\",\"target\":[\"https:\/\/noti-america.com\/site\/repdom\/2021\/10\/12\/cole-y-warner-reforzaran-el-pitcheo-del-licey\/\"]}]},{\"@type\":\"ImageObject\",\"inLanguage\":\"es\",\"@id\":\"https:\/\/noti-america.com\/site\/repdom\/2021\/10\/12\/cole-y-warner-reforzaran-el-pitcheo-del-licey\/#primaryimage\",\"url\":\"https:\/\/noti-america.com\/site\/repdom\/wp-content\/uploads\/sites\/6\/2021\/10\/Refuerzos-Licey.jpg\",\"contentUrl\":\"https:\/\/noti-america.com\/site\/repdom\/wp-content\/uploads\/sites\/6\/2021\/10\/Refuerzos-Licey.jpg\",\"width\":2048,\"height\":2048},{\"@type\":\"BreadcrumbList\",\"@id\":\"https:\/\/noti-america.com\/site\/repdom\/2021\/10\/12\/cole-y-warner-reforzaran-el-pitcheo-del-licey\/#breadcrumb\",\"itemListElement\":[{\"@type\":\"ListItem\",\"position\":1,\"name\":\"Portada\",\"item\":\"https:\/\/noti-america.com\/site\/repdom\/\"},{\"@type\":\"ListItem\",\"position\":2,\"name\":\"Cole y Warner reforzar\u00e1n el pitcheo del Licey\"}]},{\"@type\":\"WebSite\",\"@id\":\"https:\/\/noti-america.com\/site\/repdom\/#website\",\"url\":\"https:\/\/noti-america.com\/site\/repdom\/\",\"name\":\"Rep. Dominicana | Noti-America.com\",\"description\":\"\",\"publisher\":{\"@id\":\"https:\/\/noti-america.com\/site\/repdom\/#organization\"},\"potentialAction\":[{\"@type\":\"SearchAction\",\"target\":{\"@type\":\"EntryPoint\",\"urlTemplate\":\"https:\/\/noti-america.com\/site\/repdom\/?s={search_term_string}\"},\"query-input\":{\"@type\":\"PropertyValueSpecification\",\"valueRequired\":true,\"valueName\":\"search_term_string\"}}],\"inLanguage\":\"es\"},{\"@type\":\"Organization\",\"@id\":\"https:\/\/noti-america.com\/site\/repdom\/#organization\",\"name\":\"Noti-America LLC | Rep\u00fablica Dominicana\",\"url\":\"https:\/\/noti-america.com\/site\/repdom\/\",\"logo\":{\"@type\":\"ImageObject\",\"inLanguage\":\"es\",\"@id\":\"https:\/\/noti-america.com\/site\/repdom\/#\/schema\/logo\/image\/\",\"url\":\"https:\/\/noti-america.com\/site\/repdom\/wp-content\/uploads\/sites\/6\/2020\/07\/LogoNA-4x3-1.jpg\",\"contentUrl\":\"https:\/\/noti-america.com\/site\/repdom\/wp-content\/uploads\/sites\/6\/2020\/07\/LogoNA-4x3-1.jpg\",\"width\":1236,\"height\":1080,\"caption\":\"Noti-America LLC | Rep\u00fablica Dominicana\"},\"image\":{\"@id\":\"https:\/\/noti-america.com\/site\/repdom\/#\/schema\/logo\/image\/\"}},{\"@type\":\"Person\",\"@id\":\"https:\/\/noti-america.com\/site\/repdom\/#\/schema\/person\/fd0092c1530d275fabaa5cffcbc2b976\",\"name\":\"Ad\u00e1n Soriano\",\"image\":{\"@type\":\"ImageObject\",\"inLanguage\":\"es\",\"@id\":\"https:\/\/secure.gravatar.com\/avatar\/ecf97ff3aee7ff9efdae670d7e976f3e7e8acc1077e510d73707999a8bfd4467?s=96&d=mm&r=g\",\"url\":\"https:\/\/secure.gravatar.com\/avatar\/ecf97ff3aee7ff9efdae670d7e976f3e7e8acc1077e510d73707999a8bfd4467?s=96&d=mm&r=g\",\"contentUrl\":\"https:\/\/secure.gravatar.com\/avatar\/ecf97ff3aee7ff9efdae670d7e976f3e7e8acc1077e510d73707999a8bfd4467?s=96&d=mm&r=g\",\"caption\":\"Ad\u00e1n Soriano\"},\"description\":\"Soy cronista deportivo con 10 a\u00f1os de experiencia en varios espacios, y conduzco el podcast deportivo llamado Mezcla Deportiva\",\"sameAs\":[\"https:\/\/x.com\/adansoriano\"],\"url\":\"https:\/\/noti-america.com\/site\/repdom\/author\/asoriano\/\"}]}<\/script>\n<!-- \/ Yoast SEO Premium plugin. -->","yoast_head_json":{"title":"Cole y Warner reforzar\u00e1n el pitcheo del Licey - Rep. Dominicana | Noti-America.com","robots":{"index":"index","follow":"follow","max-snippet":"max-snippet:-1","max-image-preview":"max-image-preview:large","max-video-preview":"max-video-preview:-1"},"canonical":"https:\/\/noti-america.com\/site\/repdom\/2021\/10\/12\/cole-y-warner-reforzaran-el-pitcheo-del-licey\/","og_locale":"es_ES","og_type":"article","og_title":"Cole y Warner reforzar\u00e1n el pitcheo del Licey","og_description":"SANTO DOMINGO &#8211; Los Tigres del Licey anunciaron la contrataci\u00f3n de los lanzadores Taylor Cole y Austin Warner como parte de sus jugadores importados para la temporada 2021-2022 de la Liga Dominicana de B\u00e9isbol&#46;&#46;&#46;","og_url":"https:\/\/noti-america.com\/site\/repdom\/2021\/10\/12\/cole-y-warner-reforzaran-el-pitcheo-del-licey\/","og_site_name":"Rep. Dominicana | Noti-America.com","article_published_time":"2021-10-12T15:08:39+00:00","og_image":[{"width":2048,"height":2048,"url":"https:\/\/noti-america.com\/site\/repdom\/wp-content\/uploads\/sites\/6\/2021\/10\/Refuerzos-Licey.jpg","type":"image\/jpeg"}],"author":"Ad\u00e1n Soriano","twitter_card":"summary_large_image","twitter_creator":"@adansoriano","twitter_misc":{"Escrito por":"Ad\u00e1n Soriano","Tiempo estimado de lectura":"2 minutos"},"schema":{"@context":"https:\/\/schema.org","@graph":[{"@type":"Article","@id":"https:\/\/noti-america.com\/site\/repdom\/2021\/10\/12\/cole-y-warner-reforzaran-el-pitcheo-del-licey\/#article","isPartOf":{"@id":"https:\/\/noti-america.com\/site\/repdom\/2021\/10\/12\/cole-y-warner-reforzaran-el-pitcheo-del-licey\/"},"author":{"name":"Ad\u00e1n Soriano","@id":"https:\/\/noti-america.com\/site\/repdom\/#\/schema\/person\/fd0092c1530d275fabaa5cffcbc2b976"},"headline":"Cole y Warner reforzar\u00e1n el pitcheo del Licey","datePublished":"2021-10-12T15:08:39+00:00","mainEntityOfPage":{"@id":"https:\/\/noti-america.com\/site\/repdom\/2021\/10\/12\/cole-y-warner-reforzaran-el-pitcheo-del-licey\/"},"wordCount":343,"commentCount":0,"publisher":{"@id":"https:\/\/noti-america.com\/site\/repdom\/#organization"},"image":{"@id":"https:\/\/noti-america.com\/site\/repdom\/2021\/10\/12\/cole-y-warner-reforzaran-el-pitcheo-del-licey\/#primaryimage"},"thumbnailUrl":"https:\/\/noti-america.com\/site\/repdom\/wp-content\/uploads\/sites\/6\/2021\/10\/Refuerzos-Licey.jpg","keywords":["Austin Warner","B\u00e9isbol Dominicano","Liga Dominicana de B\u00e9isbol Profesional","Taylor Cole","Tigres del Licey"],"articleSection":["Deportes"],"inLanguage":"es","potentialAction":[{"@type":"CommentAction","name":"Comment","target":["https:\/\/noti-america.com\/site\/repdom\/2021\/10\/12\/cole-y-warner-reforzaran-el-pitcheo-del-licey\/#respond"]}]},{"@type":"WebPage","@id":"https:\/\/noti-america.com\/site\/repdom\/2021\/10\/12\/cole-y-warner-reforzaran-el-pitcheo-del-licey\/","url":"https:\/\/noti-america.com\/site\/repdom\/2021\/10\/12\/cole-y-warner-reforzaran-el-pitcheo-del-licey\/","name":"Cole y Warner reforzar\u00e1n el pitcheo del Licey - Rep. Dominicana | Noti-America.com","isPartOf":{"@id":"https:\/\/noti-america.com\/site\/repdom\/#website"},"primaryImageOfPage":{"@id":"https:\/\/noti-america.com\/site\/repdom\/2021\/10\/12\/cole-y-warner-reforzaran-el-pitcheo-del-licey\/#primaryimage"},"image":{"@id":"https:\/\/noti-america.com\/site\/repdom\/2021\/10\/12\/cole-y-warner-reforzaran-el-pitcheo-del-licey\/#primaryimage"},"thumbnailUrl":"https:\/\/noti-america.com\/site\/repdom\/wp-content\/uploads\/sites\/6\/2021\/10\/Refuerzos-Licey.jpg","datePublished":"2021-10-12T15:08:39+00:00","breadcrumb":{"@id":"https:\/\/noti-america.com\/site\/repdom\/2021\/10\/12\/cole-y-warner-reforzaran-el-pitcheo-del-licey\/#breadcrumb"},"inLanguage":"es","potentialAction":[{"@type":"ReadAction","target":["https:\/\/noti-america.com\/site\/repdom\/2021\/10\/12\/cole-y-warner-reforzaran-el-pitcheo-del-licey\/"]}]},{"@type":"ImageObject","inLanguage":"es","@id":"https:\/\/noti-america.com\/site\/repdom\/2021\/10\/12\/cole-y-warner-reforzaran-el-pitcheo-del-licey\/#primaryimage","url":"https:\/\/noti-america.com\/site\/repdom\/wp-content\/uploads\/sites\/6\/2021\/10\/Refuerzos-Licey.jpg","contentUrl":"https:\/\/noti-america.com\/site\/repdom\/wp-content\/uploads\/sites\/6\/2021\/10\/Refuerzos-Licey.jpg","width":2048,"height":2048},{"@type":"BreadcrumbList","@id":"https:\/\/noti-america.com\/site\/repdom\/2021\/10\/12\/cole-y-warner-reforzaran-el-pitcheo-del-licey\/#breadcrumb","itemListElement":[{"@type":"ListItem","position":1,"name":"Portada","item":"https:\/\/noti-america.com\/site\/repdom\/"},{"@type":"ListItem","position":2,"name":"Cole y Warner reforzar\u00e1n el pitcheo del Licey"}]},{"@type":"WebSite","@id":"https:\/\/noti-america.com\/site\/repdom\/#website","url":"https:\/\/noti-america.com\/site\/repdom\/","name":"Rep. Dominicana | Noti-America.com","description":"","publisher":{"@id":"https:\/\/noti-america.com\/site\/repdom\/#organization"},"potentialAction":[{"@type":"SearchAction","target":{"@type":"EntryPoint","urlTemplate":"https:\/\/noti-america.com\/site\/repdom\/?s={search_term_string}"},"query-input":{"@type":"PropertyValueSpecification","valueRequired":true,"valueName":"search_term_string"}}],"inLanguage":"es"},{"@type":"Organization","@id":"https:\/\/noti-america.com\/site\/repdom\/#organization","name":"Noti-America LLC | Rep\u00fablica Dominicana","url":"https:\/\/noti-america.com\/site\/repdom\/","logo":{"@type":"ImageObject","inLanguage":"es","@id":"https:\/\/noti-america.com\/site\/repdom\/#\/schema\/logo\/image\/","url":"https:\/\/noti-america.com\/site\/repdom\/wp-content\/uploads\/sites\/6\/2020\/07\/LogoNA-4x3-1.jpg","contentUrl":"https:\/\/noti-america.com\/site\/repdom\/wp-content\/uploads\/sites\/6\/2020\/07\/LogoNA-4x3-1.jpg","width":1236,"height":1080,"caption":"Noti-America LLC | Rep\u00fablica Dominicana"},"image":{"@id":"https:\/\/noti-america.com\/site\/repdom\/#\/schema\/logo\/image\/"}},{"@type":"Person","@id":"https:\/\/noti-america.com\/site\/repdom\/#\/schema\/person\/fd0092c1530d275fabaa5cffcbc2b976","name":"Ad\u00e1n Soriano","image":{"@type":"ImageObject","inLanguage":"es","@id":"https:\/\/secure.gravatar.com\/avatar\/ecf97ff3aee7ff9efdae670d7e976f3e7e8acc1077e510d73707999a8bfd4467?s=96&d=mm&r=g","url":"https:\/\/secure.gravatar.com\/avatar\/ecf97ff3aee7ff9efdae670d7e976f3e7e8acc1077e510d73707999a8bfd4467?s=96&d=mm&r=g","contentUrl":"https:\/\/secure.gravatar.com\/avatar\/ecf97ff3aee7ff9efdae670d7e976f3e7e8acc1077e510d73707999a8bfd4467?s=96&d=mm&r=g","caption":"Ad\u00e1n Soriano"},"description":"Soy cronista deportivo con 10 a\u00f1os de experiencia en varios espacios, y conduzco el podcast deportivo llamado Mezcla Deportiva","sameAs":["https:\/\/x.com\/adansoriano"],"url":"https:\/\/noti-america.com\/site\/repdom\/author\/asoriano\/"}]}},"_links":{"self":[{"href":"https:\/\/noti-america.com\/site\/repdom\/wp-json\/wp\/v2\/posts\/13815","targetHints":{"allow":["GET"]}}],"collection":[{"href":"https:\/\/noti-america.com\/site\/repdom\/wp-json\/wp\/v2\/posts"}],"about":[{"href":"https:\/\/noti-america.com\/site\/repdom\/wp-json\/wp\/v2\/types\/post"}],"author":[{"embeddable":true,"href":"https:\/\/noti-america.com\/site\/repdom\/wp-json\/wp\/v2\/users\/89"}],"replies":[{"embeddable":true,"href":"https:\/\/noti-america.com\/site\/repdom\/wp-json\/wp\/v2\/comments?post=13815"}],"version-history":[{"count":1,"href":"https:\/\/noti-america.com\/site\/repdom\/wp-json\/wp\/v2\/posts\/13815\/revisions"}],"predecessor-version":[{"id":13817,"href":"https:\/\/noti-america.com\/site\/repdom\/wp-json\/wp\/v2\/posts\/13815\/revisions\/13817"}],"wp:featuredmedia":[{"embeddable":true,"href":"https:\/\/noti-america.com\/site\/repdom\/wp-json\/wp\/v2\/media\/13816"}],"wp:attachment":[{"href":"https:\/\/noti-america.com\/site\/repdom\/wp-json\/wp\/v2\/media?parent=13815"}],"wp:term":[{"taxonomy":"category","embeddable":true,"href":"https:\/\/noti-america.com\/site\/repdom\/wp-json\/wp\/v2\/categories?post=13815"},{"taxonomy":"post_tag","embeddable":true,"href":"https:\/\/noti-america.com\/site\/repdom\/wp-json\/wp\/v2\/tags?post=13815"}],"curies":[{"name":"wp","href":"https:\/\/api.w.org\/{rel}","templated":true}]}}