{"id":13806,"date":"2021-10-12T03:24:28","date_gmt":"2021-10-12T03:24:28","guid":{"rendered":"https:\/\/noti-america.com\/site\/repdom\/?p=13806"},"modified":"2021-10-12T03:24:28","modified_gmt":"2021-10-12T03:24:28","slug":"uce-y-mescyt-firman-acuerdo-para-otorgar-becas-en-tecnico-superior","status":"publish","type":"post","link":"https:\/\/noti-america.com\/site\/repdom\/2021\/10\/12\/uce-y-mescyt-firman-acuerdo-para-otorgar-becas-en-tecnico-superior\/","title":{"rendered":"UCE y MESCYT firman acuerdo para otorgar becas en T\u00e9cnico Superior"},"content":{"rendered":"<p style=\"text-align: justify\">SAN PEDRO DE MACOR\u00cdS &#8211; La Universidad Central del Este (UCE) y el Ministerio de Educaci\u00f3n Superior, Ciencia y Tecnolog\u00eda (MESCyT), firmaron este lunes un acuerdo interinstitucional para otorgar becas de carreras T\u00e9cnico Profesional, en aras de facilitar la preparaci\u00f3n t\u00e9cnica de calidad a trav\u00e9s de esta alternativa de menor tiempo de estudio.<\/p>\n<p style=\"text-align: justify\">La r\u00fabrica fue suscrita por los representantes de ambas instituciones, licenciado Jos\u00e9 Altagracia Hazim Torres, rector magn\u00edfico de la UCE y el doctor Franklin Garc\u00eda Ferm\u00edn, Ministro del MESCyT, en el Sal\u00f3n de Consejo de la Casa de altos estudios.<\/p>\n<p style=\"text-align: justify\">Luego de la bendici\u00f3n dada por Monse\u00f1or Santiago Rodr\u00edguez, obispo de la di\u00f3cesis de San Pedro de Macor\u00eds, el licenciado Hazim Torres y el doctor Garc\u00eda Ferm\u00edn, manifestaron la satisfacci\u00f3n que les produce el acuerdo y el compromiso que representa para ellos y las instituciones que dirigen de lograr que la poblaci\u00f3n pueda prepararse con una carrera t\u00e9cnica que permitir\u00e1 suplir las necesidades del mercado laboral en posiciones de soporte muy importantes en las organizaciones y el sector productivo nacional.<\/p>\n<p style=\"text-align: justify\">Posterior a la firma, el licenciado Hazim Torres y el doctor Garc\u00eda Ferm\u00edn entregaron becas de t\u00e9cnico superior a Angela Rivera Soto (Asistencia Gerencial), Ganimede Rosado (Contabilidad), Ciprian V\u00e1squez (Hardware Administraci\u00f3n de Redes) y a Jos\u00e9 Rijo (Agrimensura).<\/p>\n<p style=\"text-align: justify\">Adem\u00e1s de los antes mencionados, al acto asisti\u00f3, el viceministro financiero del MESCyT, doctor Jos\u00e9 Cancel; el senador, doctor Franklin Pe\u00f1a; la gobernadora, doctora Aracelis Villanueva; el alcalde municipal, Raymundo Ortiz; el director Regional de Educaci\u00f3n 05, licenciado Isidro Santana, y los diputados, Luis G\u00f3mez, Fiordaliza Peguero, Pedro Mota, Calixta Paula, el presidente del Consejo de Regidores, doctor Miguel Arredondo, y, el director de la C\u00e1mara de Cuenta de esta ciudad, se\u00f1or Fellito Luna.<\/p>\n<p style=\"text-align: justify\">Por la Universidad Central del Este particip\u00f3, el vicerrector ejecutivo, licenciado Richard Peguero, el vicerrector Administrativo, licenciado George Bournigal, la vicerrectora Acad\u00e9mica, licenciada \u00c1mbar Zorrilla, la vicerrectora de Posgrado, doctora Ninoshka Gonz\u00e1lez, la vicerrectora de Comunicaciones y Servicios, licenciada Kamel Hazim, y la vicerrectora de Proyectos Interinstitucionales, doctora Cristiana Molina.<\/p>\n<p style=\"text-align: justify\">Tambi\u00e9n, la directora de Servicios Estudiantiles, licenciada Celeste Rivera, la directora de Admisiones, doctora Elizabeth Reyes, el director de T\u00e9cnicos Superiores, se\u00f1or Cecilio Ortega, directora de la Facultad Ciencias Administrativas, licenciada, Ana Leydi Santos, el decano de la Facultad Ciencias de la Ingenier\u00edas, ingeniero Dar\u00edo Ramos, el director de la Escuela de Ingenier\u00eda Civil, ingeniero Carmelo Monegro, y la directora del departamento de departamento de Vinculaci\u00f3n Nacional e Internacional, doctora Sandra Olaya, qui\u00e9n tuvo a cargo la organizaci\u00f3n de la firma del acuerdo.<\/p>\n<p style=\"text-align: justify\"><strong>Fuente: Junior Noticias<\/strong><\/p>\n","protected":false},"excerpt":{"rendered":"<p>SAN PEDRO DE MACOR\u00cdS &#8211; La Universidad Central del Este (UCE) y el Ministerio de Educaci\u00f3n Superior, Ciencia y Tecnolog\u00eda (MESCyT), firmaron este lunes un acuerdo interinstitucional para otorgar becas de carreras T\u00e9cnico Profesional,&#46;&#46;&#46;<\/p>\n","protected":false},"author":89,"featured_media":13807,"comment_status":"open","ping_status":"open","sticky":false,"template":"","format":"standard","meta":{"_acf_changed":false,"rop_custom_images_group":[],"rop_custom_messages_group":[],"rop_publish_now":"initial","rop_publish_now_accounts":[],"rop_publish_now_history":[],"rop_publish_now_status":"pending","footnotes":""},"categories":[1059],"tags":[1709,1708,1706,1707],"class_list":["post-13806","post","type-post","status-publish","format-standard","has-post-thumbnail","hentry","category-educacion","tag-franklin-garcia-fermin","tag-jose-altagracia-hazim-torres","tag-mescyt","tag-universidad-central-del-este"],"acf":[],"yoast_head":"<!-- This site is optimized with the Yoast SEO Premium plugin v24.9 (Yoast SEO v27.2) - https:\/\/yoast.com\/product\/yoast-seo-premium-wordpress\/ -->\n<title>UCE y MESCYT firman acuerdo para otorgar becas en T\u00e9cnico Superior - Rep. Dominicana | Noti-America.com<\/title>\n<meta name=\"robots\" content=\"index, follow, max-snippet:-1, max-image-preview:large, max-video-preview:-1\" \/>\n<link rel=\"canonical\" href=\"https:\/\/noti-america.com\/site\/repdom\/2021\/10\/12\/uce-y-mescyt-firman-acuerdo-para-otorgar-becas-en-tecnico-superior\/\" \/>\n<meta property=\"og:locale\" content=\"es_ES\" \/>\n<meta property=\"og:type\" content=\"article\" \/>\n<meta property=\"og:title\" content=\"UCE y MESCYT firman acuerdo para otorgar becas en T\u00e9cnico Superior\" \/>\n<meta property=\"og:description\" content=\"SAN PEDRO DE MACOR\u00cdS &#8211; La Universidad Central del Este (UCE) y el Ministerio de Educaci\u00f3n Superior, Ciencia y Tecnolog\u00eda (MESCyT), firmaron este lunes un acuerdo interinstitucional para otorgar becas de carreras T\u00e9cnico Profesional,&#046;&#046;&#046;\" \/>\n<meta property=\"og:url\" content=\"https:\/\/noti-america.com\/site\/repdom\/2021\/10\/12\/uce-y-mescyt-firman-acuerdo-para-otorgar-becas-en-tecnico-superior\/\" \/>\n<meta property=\"og:site_name\" content=\"Rep. Dominicana | Noti-America.com\" \/>\n<meta property=\"article:published_time\" content=\"2021-10-12T03:24:28+00:00\" \/>\n<meta property=\"og:image\" content=\"https:\/\/noti-america.com\/site\/repdom\/wp-content\/uploads\/sites\/6\/2021\/10\/Firma-UCE-MESCYT.jpg\" \/>\n\t<meta property=\"og:image:width\" content=\"1280\" \/>\n\t<meta property=\"og:image:height\" content=\"720\" \/>\n\t<meta property=\"og:image:type\" content=\"image\/jpeg\" \/>\n<meta name=\"author\" content=\"Ad\u00e1n Soriano\" \/>\n<meta name=\"twitter:card\" content=\"summary_large_image\" \/>\n<meta name=\"twitter:creator\" content=\"@adansoriano\" \/>\n<meta name=\"twitter:label1\" content=\"Escrito por\" \/>\n\t<meta name=\"twitter:data1\" content=\"Ad\u00e1n Soriano\" \/>\n\t<meta name=\"twitter:label2\" content=\"Tiempo estimado de lectura\" \/>\n\t<meta name=\"twitter:data2\" content=\"2 minutos\" \/>\n<script type=\"application\/ld+json\" class=\"yoast-schema-graph\">{\"@context\":\"https:\/\/schema.org\",\"@graph\":[{\"@type\":\"Article\",\"@id\":\"https:\/\/noti-america.com\/site\/repdom\/2021\/10\/12\/uce-y-mescyt-firman-acuerdo-para-otorgar-becas-en-tecnico-superior\/#article\",\"isPartOf\":{\"@id\":\"https:\/\/noti-america.com\/site\/repdom\/2021\/10\/12\/uce-y-mescyt-firman-acuerdo-para-otorgar-becas-en-tecnico-superior\/\"},\"author\":{\"name\":\"Ad\u00e1n Soriano\",\"@id\":\"https:\/\/noti-america.com\/site\/repdom\/#\/schema\/person\/fd0092c1530d275fabaa5cffcbc2b976\"},\"headline\":\"UCE y MESCYT firman acuerdo para otorgar becas en T\u00e9cnico Superior\",\"datePublished\":\"2021-10-12T03:24:28+00:00\",\"mainEntityOfPage\":{\"@id\":\"https:\/\/noti-america.com\/site\/repdom\/2021\/10\/12\/uce-y-mescyt-firman-acuerdo-para-otorgar-becas-en-tecnico-superior\/\"},\"wordCount\":476,\"commentCount\":0,\"publisher\":{\"@id\":\"https:\/\/noti-america.com\/site\/repdom\/#organization\"},\"image\":{\"@id\":\"https:\/\/noti-america.com\/site\/repdom\/2021\/10\/12\/uce-y-mescyt-firman-acuerdo-para-otorgar-becas-en-tecnico-superior\/#primaryimage\"},\"thumbnailUrl\":\"https:\/\/noti-america.com\/site\/repdom\/wp-content\/uploads\/sites\/6\/2021\/10\/Firma-UCE-MESCYT.jpg\",\"keywords\":[\"Franklin Garc\u00eda Ferm\u00edn\",\"Jos\u00e9 Altagracia Hazim Torres\",\"MESCyT\",\"Universidad Central del Este\"],\"articleSection\":[\"Educaci\u00f3n\"],\"inLanguage\":\"es\",\"potentialAction\":[{\"@type\":\"CommentAction\",\"name\":\"Comment\",\"target\":[\"https:\/\/noti-america.com\/site\/repdom\/2021\/10\/12\/uce-y-mescyt-firman-acuerdo-para-otorgar-becas-en-tecnico-superior\/#respond\"]}]},{\"@type\":\"WebPage\",\"@id\":\"https:\/\/noti-america.com\/site\/repdom\/2021\/10\/12\/uce-y-mescyt-firman-acuerdo-para-otorgar-becas-en-tecnico-superior\/\",\"url\":\"https:\/\/noti-america.com\/site\/repdom\/2021\/10\/12\/uce-y-mescyt-firman-acuerdo-para-otorgar-becas-en-tecnico-superior\/\",\"name\":\"UCE y MESCYT firman acuerdo para otorgar becas en T\u00e9cnico Superior - Rep. Dominicana | Noti-America.com\",\"isPartOf\":{\"@id\":\"https:\/\/noti-america.com\/site\/repdom\/#website\"},\"primaryImageOfPage\":{\"@id\":\"https:\/\/noti-america.com\/site\/repdom\/2021\/10\/12\/uce-y-mescyt-firman-acuerdo-para-otorgar-becas-en-tecnico-superior\/#primaryimage\"},\"image\":{\"@id\":\"https:\/\/noti-america.com\/site\/repdom\/2021\/10\/12\/uce-y-mescyt-firman-acuerdo-para-otorgar-becas-en-tecnico-superior\/#primaryimage\"},\"thumbnailUrl\":\"https:\/\/noti-america.com\/site\/repdom\/wp-content\/uploads\/sites\/6\/2021\/10\/Firma-UCE-MESCYT.jpg\",\"datePublished\":\"2021-10-12T03:24:28+00:00\",\"breadcrumb\":{\"@id\":\"https:\/\/noti-america.com\/site\/repdom\/2021\/10\/12\/uce-y-mescyt-firman-acuerdo-para-otorgar-becas-en-tecnico-superior\/#breadcrumb\"},\"inLanguage\":\"es\",\"potentialAction\":[{\"@type\":\"ReadAction\",\"target\":[\"https:\/\/noti-america.com\/site\/repdom\/2021\/10\/12\/uce-y-mescyt-firman-acuerdo-para-otorgar-becas-en-tecnico-superior\/\"]}]},{\"@type\":\"ImageObject\",\"inLanguage\":\"es\",\"@id\":\"https:\/\/noti-america.com\/site\/repdom\/2021\/10\/12\/uce-y-mescyt-firman-acuerdo-para-otorgar-becas-en-tecnico-superior\/#primaryimage\",\"url\":\"https:\/\/noti-america.com\/site\/repdom\/wp-content\/uploads\/sites\/6\/2021\/10\/Firma-UCE-MESCYT.jpg\",\"contentUrl\":\"https:\/\/noti-america.com\/site\/repdom\/wp-content\/uploads\/sites\/6\/2021\/10\/Firma-UCE-MESCYT.jpg\",\"width\":1280,\"height\":720},{\"@type\":\"BreadcrumbList\",\"@id\":\"https:\/\/noti-america.com\/site\/repdom\/2021\/10\/12\/uce-y-mescyt-firman-acuerdo-para-otorgar-becas-en-tecnico-superior\/#breadcrumb\",\"itemListElement\":[{\"@type\":\"ListItem\",\"position\":1,\"name\":\"Portada\",\"item\":\"https:\/\/noti-america.com\/site\/repdom\/\"},{\"@type\":\"ListItem\",\"position\":2,\"name\":\"UCE y MESCYT firman acuerdo para otorgar becas en T\u00e9cnico Superior\"}]},{\"@type\":\"WebSite\",\"@id\":\"https:\/\/noti-america.com\/site\/repdom\/#website\",\"url\":\"https:\/\/noti-america.com\/site\/repdom\/\",\"name\":\"Rep. Dominicana | Noti-America.com\",\"description\":\"\",\"publisher\":{\"@id\":\"https:\/\/noti-america.com\/site\/repdom\/#organization\"},\"potentialAction\":[{\"@type\":\"SearchAction\",\"target\":{\"@type\":\"EntryPoint\",\"urlTemplate\":\"https:\/\/noti-america.com\/site\/repdom\/?s={search_term_string}\"},\"query-input\":{\"@type\":\"PropertyValueSpecification\",\"valueRequired\":true,\"valueName\":\"search_term_string\"}}],\"inLanguage\":\"es\"},{\"@type\":\"Organization\",\"@id\":\"https:\/\/noti-america.com\/site\/repdom\/#organization\",\"name\":\"Noti-America LLC | Rep\u00fablica Dominicana\",\"url\":\"https:\/\/noti-america.com\/site\/repdom\/\",\"logo\":{\"@type\":\"ImageObject\",\"inLanguage\":\"es\",\"@id\":\"https:\/\/noti-america.com\/site\/repdom\/#\/schema\/logo\/image\/\",\"url\":\"https:\/\/noti-america.com\/site\/repdom\/wp-content\/uploads\/sites\/6\/2020\/07\/LogoNA-4x3-1.jpg\",\"contentUrl\":\"https:\/\/noti-america.com\/site\/repdom\/wp-content\/uploads\/sites\/6\/2020\/07\/LogoNA-4x3-1.jpg\",\"width\":1236,\"height\":1080,\"caption\":\"Noti-America LLC | Rep\u00fablica Dominicana\"},\"image\":{\"@id\":\"https:\/\/noti-america.com\/site\/repdom\/#\/schema\/logo\/image\/\"}},{\"@type\":\"Person\",\"@id\":\"https:\/\/noti-america.com\/site\/repdom\/#\/schema\/person\/fd0092c1530d275fabaa5cffcbc2b976\",\"name\":\"Ad\u00e1n Soriano\",\"image\":{\"@type\":\"ImageObject\",\"inLanguage\":\"es\",\"@id\":\"https:\/\/secure.gravatar.com\/avatar\/ecf97ff3aee7ff9efdae670d7e976f3e7e8acc1077e510d73707999a8bfd4467?s=96&d=mm&r=g\",\"url\":\"https:\/\/secure.gravatar.com\/avatar\/ecf97ff3aee7ff9efdae670d7e976f3e7e8acc1077e510d73707999a8bfd4467?s=96&d=mm&r=g\",\"contentUrl\":\"https:\/\/secure.gravatar.com\/avatar\/ecf97ff3aee7ff9efdae670d7e976f3e7e8acc1077e510d73707999a8bfd4467?s=96&d=mm&r=g\",\"caption\":\"Ad\u00e1n Soriano\"},\"description\":\"Soy cronista deportivo con 10 a\u00f1os de experiencia en varios espacios, y conduzco el podcast deportivo llamado Mezcla Deportiva\",\"sameAs\":[\"https:\/\/x.com\/adansoriano\"],\"url\":\"https:\/\/noti-america.com\/site\/repdom\/author\/asoriano\/\"}]}<\/script>\n<!-- \/ Yoast SEO Premium plugin. -->","yoast_head_json":{"title":"UCE y MESCYT firman acuerdo para otorgar becas en T\u00e9cnico Superior - Rep. Dominicana | Noti-America.com","robots":{"index":"index","follow":"follow","max-snippet":"max-snippet:-1","max-image-preview":"max-image-preview:large","max-video-preview":"max-video-preview:-1"},"canonical":"https:\/\/noti-america.com\/site\/repdom\/2021\/10\/12\/uce-y-mescyt-firman-acuerdo-para-otorgar-becas-en-tecnico-superior\/","og_locale":"es_ES","og_type":"article","og_title":"UCE y MESCYT firman acuerdo para otorgar becas en T\u00e9cnico Superior","og_description":"SAN PEDRO DE MACOR\u00cdS &#8211; La Universidad Central del Este (UCE) y el Ministerio de Educaci\u00f3n Superior, Ciencia y Tecnolog\u00eda (MESCyT), firmaron este lunes un acuerdo interinstitucional para otorgar becas de carreras T\u00e9cnico Profesional,&#46;&#46;&#46;","og_url":"https:\/\/noti-america.com\/site\/repdom\/2021\/10\/12\/uce-y-mescyt-firman-acuerdo-para-otorgar-becas-en-tecnico-superior\/","og_site_name":"Rep. Dominicana | Noti-America.com","article_published_time":"2021-10-12T03:24:28+00:00","og_image":[{"width":1280,"height":720,"url":"https:\/\/noti-america.com\/site\/repdom\/wp-content\/uploads\/sites\/6\/2021\/10\/Firma-UCE-MESCYT.jpg","type":"image\/jpeg"}],"author":"Ad\u00e1n Soriano","twitter_card":"summary_large_image","twitter_creator":"@adansoriano","twitter_misc":{"Escrito por":"Ad\u00e1n Soriano","Tiempo estimado de lectura":"2 minutos"},"schema":{"@context":"https:\/\/schema.org","@graph":[{"@type":"Article","@id":"https:\/\/noti-america.com\/site\/repdom\/2021\/10\/12\/uce-y-mescyt-firman-acuerdo-para-otorgar-becas-en-tecnico-superior\/#article","isPartOf":{"@id":"https:\/\/noti-america.com\/site\/repdom\/2021\/10\/12\/uce-y-mescyt-firman-acuerdo-para-otorgar-becas-en-tecnico-superior\/"},"author":{"name":"Ad\u00e1n Soriano","@id":"https:\/\/noti-america.com\/site\/repdom\/#\/schema\/person\/fd0092c1530d275fabaa5cffcbc2b976"},"headline":"UCE y MESCYT firman acuerdo para otorgar becas en T\u00e9cnico Superior","datePublished":"2021-10-12T03:24:28+00:00","mainEntityOfPage":{"@id":"https:\/\/noti-america.com\/site\/repdom\/2021\/10\/12\/uce-y-mescyt-firman-acuerdo-para-otorgar-becas-en-tecnico-superior\/"},"wordCount":476,"commentCount":0,"publisher":{"@id":"https:\/\/noti-america.com\/site\/repdom\/#organization"},"image":{"@id":"https:\/\/noti-america.com\/site\/repdom\/2021\/10\/12\/uce-y-mescyt-firman-acuerdo-para-otorgar-becas-en-tecnico-superior\/#primaryimage"},"thumbnailUrl":"https:\/\/noti-america.com\/site\/repdom\/wp-content\/uploads\/sites\/6\/2021\/10\/Firma-UCE-MESCYT.jpg","keywords":["Franklin Garc\u00eda Ferm\u00edn","Jos\u00e9 Altagracia Hazim Torres","MESCyT","Universidad Central del Este"],"articleSection":["Educaci\u00f3n"],"inLanguage":"es","potentialAction":[{"@type":"CommentAction","name":"Comment","target":["https:\/\/noti-america.com\/site\/repdom\/2021\/10\/12\/uce-y-mescyt-firman-acuerdo-para-otorgar-becas-en-tecnico-superior\/#respond"]}]},{"@type":"WebPage","@id":"https:\/\/noti-america.com\/site\/repdom\/2021\/10\/12\/uce-y-mescyt-firman-acuerdo-para-otorgar-becas-en-tecnico-superior\/","url":"https:\/\/noti-america.com\/site\/repdom\/2021\/10\/12\/uce-y-mescyt-firman-acuerdo-para-otorgar-becas-en-tecnico-superior\/","name":"UCE y MESCYT firman acuerdo para otorgar becas en T\u00e9cnico Superior - Rep. Dominicana | Noti-America.com","isPartOf":{"@id":"https:\/\/noti-america.com\/site\/repdom\/#website"},"primaryImageOfPage":{"@id":"https:\/\/noti-america.com\/site\/repdom\/2021\/10\/12\/uce-y-mescyt-firman-acuerdo-para-otorgar-becas-en-tecnico-superior\/#primaryimage"},"image":{"@id":"https:\/\/noti-america.com\/site\/repdom\/2021\/10\/12\/uce-y-mescyt-firman-acuerdo-para-otorgar-becas-en-tecnico-superior\/#primaryimage"},"thumbnailUrl":"https:\/\/noti-america.com\/site\/repdom\/wp-content\/uploads\/sites\/6\/2021\/10\/Firma-UCE-MESCYT.jpg","datePublished":"2021-10-12T03:24:28+00:00","breadcrumb":{"@id":"https:\/\/noti-america.com\/site\/repdom\/2021\/10\/12\/uce-y-mescyt-firman-acuerdo-para-otorgar-becas-en-tecnico-superior\/#breadcrumb"},"inLanguage":"es","potentialAction":[{"@type":"ReadAction","target":["https:\/\/noti-america.com\/site\/repdom\/2021\/10\/12\/uce-y-mescyt-firman-acuerdo-para-otorgar-becas-en-tecnico-superior\/"]}]},{"@type":"ImageObject","inLanguage":"es","@id":"https:\/\/noti-america.com\/site\/repdom\/2021\/10\/12\/uce-y-mescyt-firman-acuerdo-para-otorgar-becas-en-tecnico-superior\/#primaryimage","url":"https:\/\/noti-america.com\/site\/repdom\/wp-content\/uploads\/sites\/6\/2021\/10\/Firma-UCE-MESCYT.jpg","contentUrl":"https:\/\/noti-america.com\/site\/repdom\/wp-content\/uploads\/sites\/6\/2021\/10\/Firma-UCE-MESCYT.jpg","width":1280,"height":720},{"@type":"BreadcrumbList","@id":"https:\/\/noti-america.com\/site\/repdom\/2021\/10\/12\/uce-y-mescyt-firman-acuerdo-para-otorgar-becas-en-tecnico-superior\/#breadcrumb","itemListElement":[{"@type":"ListItem","position":1,"name":"Portada","item":"https:\/\/noti-america.com\/site\/repdom\/"},{"@type":"ListItem","position":2,"name":"UCE y MESCYT firman acuerdo para otorgar becas en T\u00e9cnico Superior"}]},{"@type":"WebSite","@id":"https:\/\/noti-america.com\/site\/repdom\/#website","url":"https:\/\/noti-america.com\/site\/repdom\/","name":"Rep. Dominicana | Noti-America.com","description":"","publisher":{"@id":"https:\/\/noti-america.com\/site\/repdom\/#organization"},"potentialAction":[{"@type":"SearchAction","target":{"@type":"EntryPoint","urlTemplate":"https:\/\/noti-america.com\/site\/repdom\/?s={search_term_string}"},"query-input":{"@type":"PropertyValueSpecification","valueRequired":true,"valueName":"search_term_string"}}],"inLanguage":"es"},{"@type":"Organization","@id":"https:\/\/noti-america.com\/site\/repdom\/#organization","name":"Noti-America LLC | Rep\u00fablica Dominicana","url":"https:\/\/noti-america.com\/site\/repdom\/","logo":{"@type":"ImageObject","inLanguage":"es","@id":"https:\/\/noti-america.com\/site\/repdom\/#\/schema\/logo\/image\/","url":"https:\/\/noti-america.com\/site\/repdom\/wp-content\/uploads\/sites\/6\/2020\/07\/LogoNA-4x3-1.jpg","contentUrl":"https:\/\/noti-america.com\/site\/repdom\/wp-content\/uploads\/sites\/6\/2020\/07\/LogoNA-4x3-1.jpg","width":1236,"height":1080,"caption":"Noti-America LLC | Rep\u00fablica Dominicana"},"image":{"@id":"https:\/\/noti-america.com\/site\/repdom\/#\/schema\/logo\/image\/"}},{"@type":"Person","@id":"https:\/\/noti-america.com\/site\/repdom\/#\/schema\/person\/fd0092c1530d275fabaa5cffcbc2b976","name":"Ad\u00e1n Soriano","image":{"@type":"ImageObject","inLanguage":"es","@id":"https:\/\/secure.gravatar.com\/avatar\/ecf97ff3aee7ff9efdae670d7e976f3e7e8acc1077e510d73707999a8bfd4467?s=96&d=mm&r=g","url":"https:\/\/secure.gravatar.com\/avatar\/ecf97ff3aee7ff9efdae670d7e976f3e7e8acc1077e510d73707999a8bfd4467?s=96&d=mm&r=g","contentUrl":"https:\/\/secure.gravatar.com\/avatar\/ecf97ff3aee7ff9efdae670d7e976f3e7e8acc1077e510d73707999a8bfd4467?s=96&d=mm&r=g","caption":"Ad\u00e1n Soriano"},"description":"Soy cronista deportivo con 10 a\u00f1os de experiencia en varios espacios, y conduzco el podcast deportivo llamado Mezcla Deportiva","sameAs":["https:\/\/x.com\/adansoriano"],"url":"https:\/\/noti-america.com\/site\/repdom\/author\/asoriano\/"}]}},"_links":{"self":[{"href":"https:\/\/noti-america.com\/site\/repdom\/wp-json\/wp\/v2\/posts\/13806","targetHints":{"allow":["GET"]}}],"collection":[{"href":"https:\/\/noti-america.com\/site\/repdom\/wp-json\/wp\/v2\/posts"}],"about":[{"href":"https:\/\/noti-america.com\/site\/repdom\/wp-json\/wp\/v2\/types\/post"}],"author":[{"embeddable":true,"href":"https:\/\/noti-america.com\/site\/repdom\/wp-json\/wp\/v2\/users\/89"}],"replies":[{"embeddable":true,"href":"https:\/\/noti-america.com\/site\/repdom\/wp-json\/wp\/v2\/comments?post=13806"}],"version-history":[{"count":1,"href":"https:\/\/noti-america.com\/site\/repdom\/wp-json\/wp\/v2\/posts\/13806\/revisions"}],"predecessor-version":[{"id":13808,"href":"https:\/\/noti-america.com\/site\/repdom\/wp-json\/wp\/v2\/posts\/13806\/revisions\/13808"}],"wp:featuredmedia":[{"embeddable":true,"href":"https:\/\/noti-america.com\/site\/repdom\/wp-json\/wp\/v2\/media\/13807"}],"wp:attachment":[{"href":"https:\/\/noti-america.com\/site\/repdom\/wp-json\/wp\/v2\/media?parent=13806"}],"wp:term":[{"taxonomy":"category","embeddable":true,"href":"https:\/\/noti-america.com\/site\/repdom\/wp-json\/wp\/v2\/categories?post=13806"},{"taxonomy":"post_tag","embeddable":true,"href":"https:\/\/noti-america.com\/site\/repdom\/wp-json\/wp\/v2\/tags?post=13806"}],"curies":[{"name":"wp","href":"https:\/\/api.w.org\/{rel}","templated":true}]}}