{"id":13799,"date":"2021-10-11T17:36:00","date_gmt":"2021-10-11T17:36:00","guid":{"rendered":"https:\/\/noti-america.com\/site\/repdom\/?p=13799"},"modified":"2021-10-11T17:36:00","modified_gmt":"2021-10-11T17:36:00","slug":"ocupan-en-el-aila-cinco-paquetes-presumiblemente-de-cocaina","status":"publish","type":"post","link":"https:\/\/noti-america.com\/site\/repdom\/2021\/10\/11\/ocupan-en-el-aila-cinco-paquetes-presumiblemente-de-cocaina\/","title":{"rendered":"Ocupan en el AILA cinco paquetes presumiblemente de coca\u00edna"},"content":{"rendered":"<p style=\"text-align: justify\">SANTO DOMINGO &#8211; La Direcci\u00f3n Nacional de Control de Drogas (DNCD), apoyados por miembros del Cuerpo Especializado de Seguridad Aeroportuaria y bajo la coordinaci\u00f3n del Ministerio P\u00fablico, incautaron cinco paquetes presumiblemente coca\u00edna o hero\u00edna, en el Aeropuerto Internacional de las Am\u00e9ricas JFPG.<\/p>\n<p style=\"text-align: justify\">Agentes antinarc\u00f3ticos y efectivos militares destacados en la terminal, realizaban labores de inspecci\u00f3n, en el \u00e1rea de abordaje de los vuelos con destino a Espa\u00f1a, cuando encontraron un equipaje que no fue reclamado por ning\u00fan pasajero.<\/p>\n<p style=\"text-align: justify\">En ese momento y en presencia de un fiscal adjunto se procedi\u00f3 a requisar en el equipaje, ocupando en su interior un bulto de color negro con cinco paquetes presumiblemente coca\u00edna o hero\u00edna, con un peso preliminar de 6.20 kilogramos.<\/p>\n<p style=\"text-align: justify\">El Ministerio P\u00fablico y la DNCD han iniciado una exhaustiva investigaci\u00f3n en relaci\u00f3n al caso y espera conforme avance el proceso se ofrezcan mayores detalles.<\/p>\n<p style=\"text-align: justify\">\u201cHasta el momento se han interrogado a m\u00e1s de cinco personas en relaci\u00f3n al decomiso de esta sustancia que pretend\u00edan llevar a Espa\u00f1a\u201d, se\u00f1ala el comunicado de prensa.<\/p>\n<p style=\"text-align: justify\">Las autoridades siguen redoblando sus acciones de inteligencia e interdicci\u00f3n en contra del tr\u00e1fico il\u00edcito de sustancias narc\u00f3ticas.<\/p>\n<p style=\"text-align: justify\">Los cinco paquetes fueron enviados al Instituto Nacional de Ciencias Forenses (INACIF) para los fines correspondientes.<\/p>\n<p style=\"text-align: justify\"><strong>Fuente: Direcci\u00f3n de Comunicaciones DNCD<\/strong><\/p>\n","protected":false},"excerpt":{"rendered":"<p>SANTO DOMINGO &#8211; La Direcci\u00f3n Nacional de Control de Drogas (DNCD), apoyados por miembros del Cuerpo Especializado de Seguridad Aeroportuaria y bajo la coordinaci\u00f3n del Ministerio P\u00fablico, incautaron cinco paquetes presumiblemente coca\u00edna o hero\u00edna,&#46;&#46;&#46;<\/p>\n","protected":false},"author":89,"featured_media":13800,"comment_status":"open","ping_status":"open","sticky":false,"template":"","format":"standard","meta":{"_acf_changed":false,"rop_custom_images_group":[],"rop_custom_messages_group":[],"rop_publish_now":"initial","rop_publish_now_accounts":[],"rop_publish_now_history":[],"rop_publish_now_status":"pending","footnotes":""},"categories":[11],"tags":[1705,1704],"class_list":["post-13799","post","type-post","status-publish","format-standard","has-post-thumbnail","hentry","category-sucesos","tag-cocaina","tag-direccion-nacional-de-control-de-drogas"],"acf":[],"yoast_head":"<!-- This site is optimized with the Yoast SEO Premium plugin v24.9 (Yoast SEO v27.2) - https:\/\/yoast.com\/product\/yoast-seo-premium-wordpress\/ -->\n<title>Ocupan en el AILA cinco paquetes presumiblemente de coca\u00edna - Rep. Dominicana | Noti-America.com<\/title>\n<meta name=\"robots\" content=\"index, follow, max-snippet:-1, max-image-preview:large, max-video-preview:-1\" \/>\n<link rel=\"canonical\" href=\"https:\/\/noti-america.com\/site\/repdom\/2021\/10\/11\/ocupan-en-el-aila-cinco-paquetes-presumiblemente-de-cocaina\/\" \/>\n<meta property=\"og:locale\" content=\"es_ES\" \/>\n<meta property=\"og:type\" content=\"article\" \/>\n<meta property=\"og:title\" content=\"Ocupan en el AILA cinco paquetes presumiblemente de coca\u00edna\" \/>\n<meta property=\"og:description\" content=\"SANTO DOMINGO &#8211; La Direcci\u00f3n Nacional de Control de Drogas (DNCD), apoyados por miembros del Cuerpo Especializado de Seguridad Aeroportuaria y bajo la coordinaci\u00f3n del Ministerio P\u00fablico, incautaron cinco paquetes presumiblemente coca\u00edna o hero\u00edna,&#046;&#046;&#046;\" \/>\n<meta property=\"og:url\" content=\"https:\/\/noti-america.com\/site\/repdom\/2021\/10\/11\/ocupan-en-el-aila-cinco-paquetes-presumiblemente-de-cocaina\/\" \/>\n<meta property=\"og:site_name\" content=\"Rep. Dominicana | Noti-America.com\" \/>\n<meta property=\"article:published_time\" content=\"2021-10-11T17:36:00+00:00\" \/>\n<meta property=\"og:image\" content=\"https:\/\/noti-america.com\/site\/repdom\/wp-content\/uploads\/sites\/6\/2021\/10\/Droga.jpg\" \/>\n\t<meta property=\"og:image:width\" content=\"1280\" \/>\n\t<meta property=\"og:image:height\" content=\"1280\" \/>\n\t<meta property=\"og:image:type\" content=\"image\/jpeg\" \/>\n<meta name=\"author\" content=\"Ad\u00e1n Soriano\" \/>\n<meta name=\"twitter:card\" content=\"summary_large_image\" \/>\n<meta name=\"twitter:creator\" content=\"@adansoriano\" \/>\n<meta name=\"twitter:label1\" content=\"Escrito por\" \/>\n\t<meta name=\"twitter:data1\" content=\"Ad\u00e1n Soriano\" \/>\n\t<meta name=\"twitter:label2\" content=\"Tiempo estimado de lectura\" \/>\n\t<meta name=\"twitter:data2\" content=\"1 minuto\" \/>\n<script type=\"application\/ld+json\" class=\"yoast-schema-graph\">{\"@context\":\"https:\/\/schema.org\",\"@graph\":[{\"@type\":\"Article\",\"@id\":\"https:\/\/noti-america.com\/site\/repdom\/2021\/10\/11\/ocupan-en-el-aila-cinco-paquetes-presumiblemente-de-cocaina\/#article\",\"isPartOf\":{\"@id\":\"https:\/\/noti-america.com\/site\/repdom\/2021\/10\/11\/ocupan-en-el-aila-cinco-paquetes-presumiblemente-de-cocaina\/\"},\"author\":{\"name\":\"Ad\u00e1n Soriano\",\"@id\":\"https:\/\/noti-america.com\/site\/repdom\/#\/schema\/person\/fd0092c1530d275fabaa5cffcbc2b976\"},\"headline\":\"Ocupan en el AILA cinco paquetes presumiblemente de coca\u00edna\",\"datePublished\":\"2021-10-11T17:36:00+00:00\",\"mainEntityOfPage\":{\"@id\":\"https:\/\/noti-america.com\/site\/repdom\/2021\/10\/11\/ocupan-en-el-aila-cinco-paquetes-presumiblemente-de-cocaina\/\"},\"wordCount\":244,\"commentCount\":0,\"publisher\":{\"@id\":\"https:\/\/noti-america.com\/site\/repdom\/#organization\"},\"image\":{\"@id\":\"https:\/\/noti-america.com\/site\/repdom\/2021\/10\/11\/ocupan-en-el-aila-cinco-paquetes-presumiblemente-de-cocaina\/#primaryimage\"},\"thumbnailUrl\":\"https:\/\/noti-america.com\/site\/repdom\/wp-content\/uploads\/sites\/6\/2021\/10\/Droga.jpg\",\"keywords\":[\"Coca\u00edna\",\"Direcci\u00f3n Nacional de Control de Drogas\"],\"articleSection\":[\"Sucesos\"],\"inLanguage\":\"es\",\"potentialAction\":[{\"@type\":\"CommentAction\",\"name\":\"Comment\",\"target\":[\"https:\/\/noti-america.com\/site\/repdom\/2021\/10\/11\/ocupan-en-el-aila-cinco-paquetes-presumiblemente-de-cocaina\/#respond\"]}]},{\"@type\":\"WebPage\",\"@id\":\"https:\/\/noti-america.com\/site\/repdom\/2021\/10\/11\/ocupan-en-el-aila-cinco-paquetes-presumiblemente-de-cocaina\/\",\"url\":\"https:\/\/noti-america.com\/site\/repdom\/2021\/10\/11\/ocupan-en-el-aila-cinco-paquetes-presumiblemente-de-cocaina\/\",\"name\":\"Ocupan en el AILA cinco paquetes presumiblemente de coca\u00edna - Rep. Dominicana | Noti-America.com\",\"isPartOf\":{\"@id\":\"https:\/\/noti-america.com\/site\/repdom\/#website\"},\"primaryImageOfPage\":{\"@id\":\"https:\/\/noti-america.com\/site\/repdom\/2021\/10\/11\/ocupan-en-el-aila-cinco-paquetes-presumiblemente-de-cocaina\/#primaryimage\"},\"image\":{\"@id\":\"https:\/\/noti-america.com\/site\/repdom\/2021\/10\/11\/ocupan-en-el-aila-cinco-paquetes-presumiblemente-de-cocaina\/#primaryimage\"},\"thumbnailUrl\":\"https:\/\/noti-america.com\/site\/repdom\/wp-content\/uploads\/sites\/6\/2021\/10\/Droga.jpg\",\"datePublished\":\"2021-10-11T17:36:00+00:00\",\"breadcrumb\":{\"@id\":\"https:\/\/noti-america.com\/site\/repdom\/2021\/10\/11\/ocupan-en-el-aila-cinco-paquetes-presumiblemente-de-cocaina\/#breadcrumb\"},\"inLanguage\":\"es\",\"potentialAction\":[{\"@type\":\"ReadAction\",\"target\":[\"https:\/\/noti-america.com\/site\/repdom\/2021\/10\/11\/ocupan-en-el-aila-cinco-paquetes-presumiblemente-de-cocaina\/\"]}]},{\"@type\":\"ImageObject\",\"inLanguage\":\"es\",\"@id\":\"https:\/\/noti-america.com\/site\/repdom\/2021\/10\/11\/ocupan-en-el-aila-cinco-paquetes-presumiblemente-de-cocaina\/#primaryimage\",\"url\":\"https:\/\/noti-america.com\/site\/repdom\/wp-content\/uploads\/sites\/6\/2021\/10\/Droga.jpg\",\"contentUrl\":\"https:\/\/noti-america.com\/site\/repdom\/wp-content\/uploads\/sites\/6\/2021\/10\/Droga.jpg\",\"width\":1280,\"height\":1280},{\"@type\":\"BreadcrumbList\",\"@id\":\"https:\/\/noti-america.com\/site\/repdom\/2021\/10\/11\/ocupan-en-el-aila-cinco-paquetes-presumiblemente-de-cocaina\/#breadcrumb\",\"itemListElement\":[{\"@type\":\"ListItem\",\"position\":1,\"name\":\"Portada\",\"item\":\"https:\/\/noti-america.com\/site\/repdom\/\"},{\"@type\":\"ListItem\",\"position\":2,\"name\":\"Ocupan en el AILA cinco paquetes presumiblemente de coca\u00edna\"}]},{\"@type\":\"WebSite\",\"@id\":\"https:\/\/noti-america.com\/site\/repdom\/#website\",\"url\":\"https:\/\/noti-america.com\/site\/repdom\/\",\"name\":\"Rep. Dominicana | Noti-America.com\",\"description\":\"\",\"publisher\":{\"@id\":\"https:\/\/noti-america.com\/site\/repdom\/#organization\"},\"potentialAction\":[{\"@type\":\"SearchAction\",\"target\":{\"@type\":\"EntryPoint\",\"urlTemplate\":\"https:\/\/noti-america.com\/site\/repdom\/?s={search_term_string}\"},\"query-input\":{\"@type\":\"PropertyValueSpecification\",\"valueRequired\":true,\"valueName\":\"search_term_string\"}}],\"inLanguage\":\"es\"},{\"@type\":\"Organization\",\"@id\":\"https:\/\/noti-america.com\/site\/repdom\/#organization\",\"name\":\"Noti-America LLC | Rep\u00fablica Dominicana\",\"url\":\"https:\/\/noti-america.com\/site\/repdom\/\",\"logo\":{\"@type\":\"ImageObject\",\"inLanguage\":\"es\",\"@id\":\"https:\/\/noti-america.com\/site\/repdom\/#\/schema\/logo\/image\/\",\"url\":\"https:\/\/noti-america.com\/site\/repdom\/wp-content\/uploads\/sites\/6\/2020\/07\/LogoNA-4x3-1.jpg\",\"contentUrl\":\"https:\/\/noti-america.com\/site\/repdom\/wp-content\/uploads\/sites\/6\/2020\/07\/LogoNA-4x3-1.jpg\",\"width\":1236,\"height\":1080,\"caption\":\"Noti-America LLC | Rep\u00fablica Dominicana\"},\"image\":{\"@id\":\"https:\/\/noti-america.com\/site\/repdom\/#\/schema\/logo\/image\/\"}},{\"@type\":\"Person\",\"@id\":\"https:\/\/noti-america.com\/site\/repdom\/#\/schema\/person\/fd0092c1530d275fabaa5cffcbc2b976\",\"name\":\"Ad\u00e1n Soriano\",\"image\":{\"@type\":\"ImageObject\",\"inLanguage\":\"es\",\"@id\":\"https:\/\/secure.gravatar.com\/avatar\/ecf97ff3aee7ff9efdae670d7e976f3e7e8acc1077e510d73707999a8bfd4467?s=96&d=mm&r=g\",\"url\":\"https:\/\/secure.gravatar.com\/avatar\/ecf97ff3aee7ff9efdae670d7e976f3e7e8acc1077e510d73707999a8bfd4467?s=96&d=mm&r=g\",\"contentUrl\":\"https:\/\/secure.gravatar.com\/avatar\/ecf97ff3aee7ff9efdae670d7e976f3e7e8acc1077e510d73707999a8bfd4467?s=96&d=mm&r=g\",\"caption\":\"Ad\u00e1n Soriano\"},\"description\":\"Soy cronista deportivo con 10 a\u00f1os de experiencia en varios espacios, y conduzco el podcast deportivo llamado Mezcla Deportiva\",\"sameAs\":[\"https:\/\/x.com\/adansoriano\"],\"url\":\"https:\/\/noti-america.com\/site\/repdom\/author\/asoriano\/\"}]}<\/script>\n<!-- \/ Yoast SEO Premium plugin. -->","yoast_head_json":{"title":"Ocupan en el AILA cinco paquetes presumiblemente de coca\u00edna - Rep. Dominicana | Noti-America.com","robots":{"index":"index","follow":"follow","max-snippet":"max-snippet:-1","max-image-preview":"max-image-preview:large","max-video-preview":"max-video-preview:-1"},"canonical":"https:\/\/noti-america.com\/site\/repdom\/2021\/10\/11\/ocupan-en-el-aila-cinco-paquetes-presumiblemente-de-cocaina\/","og_locale":"es_ES","og_type":"article","og_title":"Ocupan en el AILA cinco paquetes presumiblemente de coca\u00edna","og_description":"SANTO DOMINGO &#8211; La Direcci\u00f3n Nacional de Control de Drogas (DNCD), apoyados por miembros del Cuerpo Especializado de Seguridad Aeroportuaria y bajo la coordinaci\u00f3n del Ministerio P\u00fablico, incautaron cinco paquetes presumiblemente coca\u00edna o hero\u00edna,&#46;&#46;&#46;","og_url":"https:\/\/noti-america.com\/site\/repdom\/2021\/10\/11\/ocupan-en-el-aila-cinco-paquetes-presumiblemente-de-cocaina\/","og_site_name":"Rep. Dominicana | Noti-America.com","article_published_time":"2021-10-11T17:36:00+00:00","og_image":[{"width":1280,"height":1280,"url":"https:\/\/noti-america.com\/site\/repdom\/wp-content\/uploads\/sites\/6\/2021\/10\/Droga.jpg","type":"image\/jpeg"}],"author":"Ad\u00e1n Soriano","twitter_card":"summary_large_image","twitter_creator":"@adansoriano","twitter_misc":{"Escrito por":"Ad\u00e1n Soriano","Tiempo estimado de lectura":"1 minuto"},"schema":{"@context":"https:\/\/schema.org","@graph":[{"@type":"Article","@id":"https:\/\/noti-america.com\/site\/repdom\/2021\/10\/11\/ocupan-en-el-aila-cinco-paquetes-presumiblemente-de-cocaina\/#article","isPartOf":{"@id":"https:\/\/noti-america.com\/site\/repdom\/2021\/10\/11\/ocupan-en-el-aila-cinco-paquetes-presumiblemente-de-cocaina\/"},"author":{"name":"Ad\u00e1n Soriano","@id":"https:\/\/noti-america.com\/site\/repdom\/#\/schema\/person\/fd0092c1530d275fabaa5cffcbc2b976"},"headline":"Ocupan en el AILA cinco paquetes presumiblemente de coca\u00edna","datePublished":"2021-10-11T17:36:00+00:00","mainEntityOfPage":{"@id":"https:\/\/noti-america.com\/site\/repdom\/2021\/10\/11\/ocupan-en-el-aila-cinco-paquetes-presumiblemente-de-cocaina\/"},"wordCount":244,"commentCount":0,"publisher":{"@id":"https:\/\/noti-america.com\/site\/repdom\/#organization"},"image":{"@id":"https:\/\/noti-america.com\/site\/repdom\/2021\/10\/11\/ocupan-en-el-aila-cinco-paquetes-presumiblemente-de-cocaina\/#primaryimage"},"thumbnailUrl":"https:\/\/noti-america.com\/site\/repdom\/wp-content\/uploads\/sites\/6\/2021\/10\/Droga.jpg","keywords":["Coca\u00edna","Direcci\u00f3n Nacional de Control de Drogas"],"articleSection":["Sucesos"],"inLanguage":"es","potentialAction":[{"@type":"CommentAction","name":"Comment","target":["https:\/\/noti-america.com\/site\/repdom\/2021\/10\/11\/ocupan-en-el-aila-cinco-paquetes-presumiblemente-de-cocaina\/#respond"]}]},{"@type":"WebPage","@id":"https:\/\/noti-america.com\/site\/repdom\/2021\/10\/11\/ocupan-en-el-aila-cinco-paquetes-presumiblemente-de-cocaina\/","url":"https:\/\/noti-america.com\/site\/repdom\/2021\/10\/11\/ocupan-en-el-aila-cinco-paquetes-presumiblemente-de-cocaina\/","name":"Ocupan en el AILA cinco paquetes presumiblemente de coca\u00edna - Rep. Dominicana | Noti-America.com","isPartOf":{"@id":"https:\/\/noti-america.com\/site\/repdom\/#website"},"primaryImageOfPage":{"@id":"https:\/\/noti-america.com\/site\/repdom\/2021\/10\/11\/ocupan-en-el-aila-cinco-paquetes-presumiblemente-de-cocaina\/#primaryimage"},"image":{"@id":"https:\/\/noti-america.com\/site\/repdom\/2021\/10\/11\/ocupan-en-el-aila-cinco-paquetes-presumiblemente-de-cocaina\/#primaryimage"},"thumbnailUrl":"https:\/\/noti-america.com\/site\/repdom\/wp-content\/uploads\/sites\/6\/2021\/10\/Droga.jpg","datePublished":"2021-10-11T17:36:00+00:00","breadcrumb":{"@id":"https:\/\/noti-america.com\/site\/repdom\/2021\/10\/11\/ocupan-en-el-aila-cinco-paquetes-presumiblemente-de-cocaina\/#breadcrumb"},"inLanguage":"es","potentialAction":[{"@type":"ReadAction","target":["https:\/\/noti-america.com\/site\/repdom\/2021\/10\/11\/ocupan-en-el-aila-cinco-paquetes-presumiblemente-de-cocaina\/"]}]},{"@type":"ImageObject","inLanguage":"es","@id":"https:\/\/noti-america.com\/site\/repdom\/2021\/10\/11\/ocupan-en-el-aila-cinco-paquetes-presumiblemente-de-cocaina\/#primaryimage","url":"https:\/\/noti-america.com\/site\/repdom\/wp-content\/uploads\/sites\/6\/2021\/10\/Droga.jpg","contentUrl":"https:\/\/noti-america.com\/site\/repdom\/wp-content\/uploads\/sites\/6\/2021\/10\/Droga.jpg","width":1280,"height":1280},{"@type":"BreadcrumbList","@id":"https:\/\/noti-america.com\/site\/repdom\/2021\/10\/11\/ocupan-en-el-aila-cinco-paquetes-presumiblemente-de-cocaina\/#breadcrumb","itemListElement":[{"@type":"ListItem","position":1,"name":"Portada","item":"https:\/\/noti-america.com\/site\/repdom\/"},{"@type":"ListItem","position":2,"name":"Ocupan en el AILA cinco paquetes presumiblemente de coca\u00edna"}]},{"@type":"WebSite","@id":"https:\/\/noti-america.com\/site\/repdom\/#website","url":"https:\/\/noti-america.com\/site\/repdom\/","name":"Rep. Dominicana | Noti-America.com","description":"","publisher":{"@id":"https:\/\/noti-america.com\/site\/repdom\/#organization"},"potentialAction":[{"@type":"SearchAction","target":{"@type":"EntryPoint","urlTemplate":"https:\/\/noti-america.com\/site\/repdom\/?s={search_term_string}"},"query-input":{"@type":"PropertyValueSpecification","valueRequired":true,"valueName":"search_term_string"}}],"inLanguage":"es"},{"@type":"Organization","@id":"https:\/\/noti-america.com\/site\/repdom\/#organization","name":"Noti-America LLC | Rep\u00fablica Dominicana","url":"https:\/\/noti-america.com\/site\/repdom\/","logo":{"@type":"ImageObject","inLanguage":"es","@id":"https:\/\/noti-america.com\/site\/repdom\/#\/schema\/logo\/image\/","url":"https:\/\/noti-america.com\/site\/repdom\/wp-content\/uploads\/sites\/6\/2020\/07\/LogoNA-4x3-1.jpg","contentUrl":"https:\/\/noti-america.com\/site\/repdom\/wp-content\/uploads\/sites\/6\/2020\/07\/LogoNA-4x3-1.jpg","width":1236,"height":1080,"caption":"Noti-America LLC | Rep\u00fablica Dominicana"},"image":{"@id":"https:\/\/noti-america.com\/site\/repdom\/#\/schema\/logo\/image\/"}},{"@type":"Person","@id":"https:\/\/noti-america.com\/site\/repdom\/#\/schema\/person\/fd0092c1530d275fabaa5cffcbc2b976","name":"Ad\u00e1n Soriano","image":{"@type":"ImageObject","inLanguage":"es","@id":"https:\/\/secure.gravatar.com\/avatar\/ecf97ff3aee7ff9efdae670d7e976f3e7e8acc1077e510d73707999a8bfd4467?s=96&d=mm&r=g","url":"https:\/\/secure.gravatar.com\/avatar\/ecf97ff3aee7ff9efdae670d7e976f3e7e8acc1077e510d73707999a8bfd4467?s=96&d=mm&r=g","contentUrl":"https:\/\/secure.gravatar.com\/avatar\/ecf97ff3aee7ff9efdae670d7e976f3e7e8acc1077e510d73707999a8bfd4467?s=96&d=mm&r=g","caption":"Ad\u00e1n Soriano"},"description":"Soy cronista deportivo con 10 a\u00f1os de experiencia en varios espacios, y conduzco el podcast deportivo llamado Mezcla Deportiva","sameAs":["https:\/\/x.com\/adansoriano"],"url":"https:\/\/noti-america.com\/site\/repdom\/author\/asoriano\/"}]}},"_links":{"self":[{"href":"https:\/\/noti-america.com\/site\/repdom\/wp-json\/wp\/v2\/posts\/13799","targetHints":{"allow":["GET"]}}],"collection":[{"href":"https:\/\/noti-america.com\/site\/repdom\/wp-json\/wp\/v2\/posts"}],"about":[{"href":"https:\/\/noti-america.com\/site\/repdom\/wp-json\/wp\/v2\/types\/post"}],"author":[{"embeddable":true,"href":"https:\/\/noti-america.com\/site\/repdom\/wp-json\/wp\/v2\/users\/89"}],"replies":[{"embeddable":true,"href":"https:\/\/noti-america.com\/site\/repdom\/wp-json\/wp\/v2\/comments?post=13799"}],"version-history":[{"count":1,"href":"https:\/\/noti-america.com\/site\/repdom\/wp-json\/wp\/v2\/posts\/13799\/revisions"}],"predecessor-version":[{"id":13801,"href":"https:\/\/noti-america.com\/site\/repdom\/wp-json\/wp\/v2\/posts\/13799\/revisions\/13801"}],"wp:featuredmedia":[{"embeddable":true,"href":"https:\/\/noti-america.com\/site\/repdom\/wp-json\/wp\/v2\/media\/13800"}],"wp:attachment":[{"href":"https:\/\/noti-america.com\/site\/repdom\/wp-json\/wp\/v2\/media?parent=13799"}],"wp:term":[{"taxonomy":"category","embeddable":true,"href":"https:\/\/noti-america.com\/site\/repdom\/wp-json\/wp\/v2\/categories?post=13799"},{"taxonomy":"post_tag","embeddable":true,"href":"https:\/\/noti-america.com\/site\/repdom\/wp-json\/wp\/v2\/tags?post=13799"}],"curies":[{"name":"wp","href":"https:\/\/api.w.org\/{rel}","templated":true}]}}