{"id":13745,"date":"2021-10-09T15:00:34","date_gmt":"2021-10-09T15:00:34","guid":{"rendered":"https:\/\/noti-america.com\/site\/repdom\/?p=13745"},"modified":"2021-10-09T15:00:34","modified_gmt":"2021-10-09T15:00:34","slug":"rd-y-espana-firman-acuerdo-cinematografico-2","status":"publish","type":"post","link":"https:\/\/noti-america.com\/site\/repdom\/2021\/10\/09\/rd-y-espana-firman-acuerdo-cinematografico-2\/","title":{"rendered":"RD y Espa\u00f1a firman acuerdo cinematogr\u00e1fico"},"content":{"rendered":"<p>NOTI-AM\u00c9RICA REP\u00daBLICA DOMINICANA<\/p>\n<p>Por: Arq. Danilka Mej\u00eda Valdez. 09 de Octubre 2021<\/p>\n<p style=\"text-align: justify\">La Rep\u00fablica Dominicana y Espa\u00f1a suscribieron un acuerdo de coproducci\u00f3n en el marco de Iberseries Platino Industria, firmado por Marianna Vargas Gurilieva, directora general de la Direcci\u00f3n General de Cine (DGCine), y Beatriz Navas, directora general del Instituto de la Cinematograf\u00eda y las Artes Audiovisuales (ICAA).<\/p>\n<p style=\"text-align: justify\">\nEspa\u00f1a ocupa el tercer lugar entre los pa\u00edses con los que hemos realizado m\u00e1s coproducciones, de las cuales se destacan Juanita, Falling apart, Miriam miente, Dos mejor que una, El rey de la Habana y Noel\u00ed en los pa\u00edses, 15 horas, entre otras. Estas han participado en importantes festivales internacionales, tales como Karlovy Vary International Film Festival, Festival de Cine Iberoamericano de Huelva, Festival de Gij\u00f3n, London Film Festival y Festival de M\u00e1laga.<\/p>\n<p style=\"text-align: justify\">Para la directora general de la DGCine, \u201ceste acuerdo permitir\u00e1 fortalecer el intercambio cultural entre ambos pa\u00edses; proporcionar\u00e1 oportunidades de financiamiento y acceso a mercados internacionales; permitir\u00e1 captar nuevos p\u00fablicos y, por supuesto, suscitar\u00e1 el intercambio de conocimiento y personal t\u00e9cnico entre ambas naciones. \u00a1Enhorabuena!, un logro m\u00e1s para la cinematograf\u00eda iberoamericana\u201d.<\/p>\n<p style=\"text-align: justify\">El acuerdo contempla que tanto los largometrajes, documentales, series de televisi\u00f3n entre otros formatos que califiquen para aplicar a los incentivos fiscales de la Ley n\u00fam. 108-10 pueden beneficiarse del mismo.<\/p>\n<p style=\"text-align: justify\">Para optar por los beneficios del convenio, los productores deber\u00e1n demostrar sus competencias, garantizando que disponen de organizaci\u00f3n t\u00e9cnica, apoyo financiero, categor\u00eda profesional reconocida por las autoridades competentes y las aptitudes adecuadas para realizar con \u00e9xito la producci\u00f3n.<\/p>\n<p>Personas que se encuentran en la foto:<\/p>\n<ul>\n<li>Beatriz Navas y Marianna Vargas Gurilieva durante la firma del acuerdo.<\/li>\n<\/ul>\n<p>Fuentes Escritas:<\/p>\n<ul>\n<li>elcaribe.com<\/li>\n<\/ul>\n<p>Fuentes Fotogr\u00e1ficas:<\/p>\n<ul>\n<li>elcaribe.com<\/li>\n<\/ul>\n<p>Redes sociales:<\/p>\n<ul>\n<li>Facebook: <a href=\"https:\/\/www.facebook.com\/MejiaValdezdesign\">Mejia Valdez<\/a><\/li>\n<li>Instagram:<a href=\"https:\/\/www.instagram.com\/mejiavaldezdesign\/\"> @mejiavaldezdesign<\/a><\/li>\n<\/ul>\n","protected":false},"excerpt":{"rendered":"<p>NOTI-AM\u00c9RICA REP\u00daBLICA DOMINICANA Por: Arq. Danilka Mej\u00eda Valdez. 09 de Octubre 2021 La Rep\u00fablica Dominicana y Espa\u00f1a suscribieron un acuerdo de coproducci\u00f3n en el marco de Iberseries Platino Industria, firmado por Marianna Vargas Gurilieva,&#46;&#46;&#46;<\/p>\n","protected":false},"author":97,"featured_media":13746,"comment_status":"open","ping_status":"open","sticky":false,"template":"","format":"gallery","meta":{"_acf_changed":false,"rop_custom_images_group":[],"rop_custom_messages_group":[],"rop_publish_now":"initial","rop_publish_now_accounts":[],"rop_publish_now_history":[],"rop_publish_now_status":"pending","footnotes":""},"categories":[8],"tags":[],"class_list":["post-13745","post","type-post","status-publish","format-gallery","has-post-thumbnail","hentry","category-arte-y-espectaculos","post_format-post-format-gallery"],"acf":[],"yoast_head":"<!-- This site is optimized with the Yoast SEO Premium plugin v24.9 (Yoast SEO v27.2) - https:\/\/yoast.com\/product\/yoast-seo-premium-wordpress\/ -->\n<title>RD y Espa\u00f1a firman acuerdo cinematogr\u00e1fico - Rep. Dominicana | Noti-America.com<\/title>\n<meta name=\"robots\" content=\"index, follow, max-snippet:-1, max-image-preview:large, max-video-preview:-1\" \/>\n<link rel=\"canonical\" href=\"https:\/\/noti-america.com\/site\/repdom\/2021\/10\/09\/rd-y-espana-firman-acuerdo-cinematografico-2\/\" \/>\n<meta property=\"og:locale\" content=\"es_ES\" \/>\n<meta property=\"og:type\" content=\"article\" \/>\n<meta property=\"og:title\" content=\"RD y Espa\u00f1a firman acuerdo cinematogr\u00e1fico\" \/>\n<meta property=\"og:description\" content=\"NOTI-AM\u00c9RICA REP\u00daBLICA DOMINICANA Por: Arq. Danilka Mej\u00eda Valdez. 09 de Octubre 2021 La Rep\u00fablica Dominicana y Espa\u00f1a suscribieron un acuerdo de coproducci\u00f3n en el marco de Iberseries Platino Industria, firmado por Marianna Vargas Gurilieva,&#046;&#046;&#046;\" \/>\n<meta property=\"og:url\" content=\"https:\/\/noti-america.com\/site\/repdom\/2021\/10\/09\/rd-y-espana-firman-acuerdo-cinematografico-2\/\" \/>\n<meta property=\"og:site_name\" content=\"Rep. Dominicana | Noti-America.com\" \/>\n<meta property=\"article:published_time\" content=\"2021-10-09T15:00:34+00:00\" \/>\n<meta property=\"og:image\" content=\"https:\/\/noti-america.com\/site\/repdom\/wp-content\/uploads\/sites\/6\/2021\/10\/a2dd1df9-beatriz-navas-y-marianna-vargas-gurilieva-durante-la-firma-del-acuerdo-6157a03131fc8.jpg\" \/>\n\t<meta property=\"og:image:width\" content=\"1000\" \/>\n\t<meta property=\"og:image:height\" content=\"600\" \/>\n\t<meta property=\"og:image:type\" content=\"image\/jpeg\" \/>\n<meta name=\"author\" content=\"Danilka Mejia\" \/>\n<meta name=\"twitter:card\" content=\"summary_large_image\" \/>\n<meta name=\"twitter:creator\" content=\"@MejiaValdezRD\" \/>\n<meta name=\"twitter:label1\" content=\"Escrito por\" \/>\n\t<meta name=\"twitter:data1\" content=\"Danilka Mejia\" \/>\n\t<meta name=\"twitter:label2\" content=\"Tiempo estimado de lectura\" \/>\n\t<meta name=\"twitter:data2\" content=\"2 minutos\" \/>\n<script type=\"application\/ld+json\" class=\"yoast-schema-graph\">{\"@context\":\"https:\/\/schema.org\",\"@graph\":[{\"@type\":\"Article\",\"@id\":\"https:\/\/noti-america.com\/site\/repdom\/2021\/10\/09\/rd-y-espana-firman-acuerdo-cinematografico-2\/#article\",\"isPartOf\":{\"@id\":\"https:\/\/noti-america.com\/site\/repdom\/2021\/10\/09\/rd-y-espana-firman-acuerdo-cinematografico-2\/\"},\"author\":{\"name\":\"Danilka Mejia\",\"@id\":\"https:\/\/noti-america.com\/site\/repdom\/#\/schema\/person\/5bde7c8614301322fd0fce621af68ac9\"},\"headline\":\"RD y Espa\u00f1a firman acuerdo cinematogr\u00e1fico\",\"datePublished\":\"2021-10-09T15:00:34+00:00\",\"mainEntityOfPage\":{\"@id\":\"https:\/\/noti-america.com\/site\/repdom\/2021\/10\/09\/rd-y-espana-firman-acuerdo-cinematografico-2\/\"},\"wordCount\":317,\"commentCount\":0,\"publisher\":{\"@id\":\"https:\/\/noti-america.com\/site\/repdom\/#organization\"},\"image\":{\"@id\":\"https:\/\/noti-america.com\/site\/repdom\/2021\/10\/09\/rd-y-espana-firman-acuerdo-cinematografico-2\/#primaryimage\"},\"thumbnailUrl\":\"https:\/\/noti-america.com\/site\/repdom\/wp-content\/uploads\/sites\/6\/2021\/10\/a2dd1df9-beatriz-navas-y-marianna-vargas-gurilieva-durante-la-firma-del-acuerdo-6157a03131fc8.jpg\",\"articleSection\":[\"Arte y Espect\u00e1culos\"],\"inLanguage\":\"es\",\"potentialAction\":[{\"@type\":\"CommentAction\",\"name\":\"Comment\",\"target\":[\"https:\/\/noti-america.com\/site\/repdom\/2021\/10\/09\/rd-y-espana-firman-acuerdo-cinematografico-2\/#respond\"]}]},{\"@type\":\"WebPage\",\"@id\":\"https:\/\/noti-america.com\/site\/repdom\/2021\/10\/09\/rd-y-espana-firman-acuerdo-cinematografico-2\/\",\"url\":\"https:\/\/noti-america.com\/site\/repdom\/2021\/10\/09\/rd-y-espana-firman-acuerdo-cinematografico-2\/\",\"name\":\"RD y Espa\u00f1a firman acuerdo cinematogr\u00e1fico - Rep. Dominicana | Noti-America.com\",\"isPartOf\":{\"@id\":\"https:\/\/noti-america.com\/site\/repdom\/#website\"},\"primaryImageOfPage\":{\"@id\":\"https:\/\/noti-america.com\/site\/repdom\/2021\/10\/09\/rd-y-espana-firman-acuerdo-cinematografico-2\/#primaryimage\"},\"image\":{\"@id\":\"https:\/\/noti-america.com\/site\/repdom\/2021\/10\/09\/rd-y-espana-firman-acuerdo-cinematografico-2\/#primaryimage\"},\"thumbnailUrl\":\"https:\/\/noti-america.com\/site\/repdom\/wp-content\/uploads\/sites\/6\/2021\/10\/a2dd1df9-beatriz-navas-y-marianna-vargas-gurilieva-durante-la-firma-del-acuerdo-6157a03131fc8.jpg\",\"datePublished\":\"2021-10-09T15:00:34+00:00\",\"breadcrumb\":{\"@id\":\"https:\/\/noti-america.com\/site\/repdom\/2021\/10\/09\/rd-y-espana-firman-acuerdo-cinematografico-2\/#breadcrumb\"},\"inLanguage\":\"es\",\"potentialAction\":[{\"@type\":\"ReadAction\",\"target\":[\"https:\/\/noti-america.com\/site\/repdom\/2021\/10\/09\/rd-y-espana-firman-acuerdo-cinematografico-2\/\"]}]},{\"@type\":\"ImageObject\",\"inLanguage\":\"es\",\"@id\":\"https:\/\/noti-america.com\/site\/repdom\/2021\/10\/09\/rd-y-espana-firman-acuerdo-cinematografico-2\/#primaryimage\",\"url\":\"https:\/\/noti-america.com\/site\/repdom\/wp-content\/uploads\/sites\/6\/2021\/10\/a2dd1df9-beatriz-navas-y-marianna-vargas-gurilieva-durante-la-firma-del-acuerdo-6157a03131fc8.jpg\",\"contentUrl\":\"https:\/\/noti-america.com\/site\/repdom\/wp-content\/uploads\/sites\/6\/2021\/10\/a2dd1df9-beatriz-navas-y-marianna-vargas-gurilieva-durante-la-firma-del-acuerdo-6157a03131fc8.jpg\",\"width\":1000,\"height\":600},{\"@type\":\"BreadcrumbList\",\"@id\":\"https:\/\/noti-america.com\/site\/repdom\/2021\/10\/09\/rd-y-espana-firman-acuerdo-cinematografico-2\/#breadcrumb\",\"itemListElement\":[{\"@type\":\"ListItem\",\"position\":1,\"name\":\"Portada\",\"item\":\"https:\/\/noti-america.com\/site\/repdom\/\"},{\"@type\":\"ListItem\",\"position\":2,\"name\":\"RD y Espa\u00f1a firman acuerdo cinematogr\u00e1fico\"}]},{\"@type\":\"WebSite\",\"@id\":\"https:\/\/noti-america.com\/site\/repdom\/#website\",\"url\":\"https:\/\/noti-america.com\/site\/repdom\/\",\"name\":\"Rep. Dominicana | Noti-America.com\",\"description\":\"\",\"publisher\":{\"@id\":\"https:\/\/noti-america.com\/site\/repdom\/#organization\"},\"potentialAction\":[{\"@type\":\"SearchAction\",\"target\":{\"@type\":\"EntryPoint\",\"urlTemplate\":\"https:\/\/noti-america.com\/site\/repdom\/?s={search_term_string}\"},\"query-input\":{\"@type\":\"PropertyValueSpecification\",\"valueRequired\":true,\"valueName\":\"search_term_string\"}}],\"inLanguage\":\"es\"},{\"@type\":\"Organization\",\"@id\":\"https:\/\/noti-america.com\/site\/repdom\/#organization\",\"name\":\"Noti-America LLC | Rep\u00fablica Dominicana\",\"url\":\"https:\/\/noti-america.com\/site\/repdom\/\",\"logo\":{\"@type\":\"ImageObject\",\"inLanguage\":\"es\",\"@id\":\"https:\/\/noti-america.com\/site\/repdom\/#\/schema\/logo\/image\/\",\"url\":\"https:\/\/noti-america.com\/site\/repdom\/wp-content\/uploads\/sites\/6\/2020\/07\/LogoNA-4x3-1.jpg\",\"contentUrl\":\"https:\/\/noti-america.com\/site\/repdom\/wp-content\/uploads\/sites\/6\/2020\/07\/LogoNA-4x3-1.jpg\",\"width\":1236,\"height\":1080,\"caption\":\"Noti-America LLC | Rep\u00fablica Dominicana\"},\"image\":{\"@id\":\"https:\/\/noti-america.com\/site\/repdom\/#\/schema\/logo\/image\/\"}},{\"@type\":\"Person\",\"@id\":\"https:\/\/noti-america.com\/site\/repdom\/#\/schema\/person\/5bde7c8614301322fd0fce621af68ac9\",\"name\":\"Danilka Mejia\",\"image\":{\"@type\":\"ImageObject\",\"inLanguage\":\"es\",\"@id\":\"https:\/\/secure.gravatar.com\/avatar\/9bcb08bb5654a80ea1803fd02d1cf7a6ae004f047558403ab4c074be762ba8d5?s=96&d=mm&r=g\",\"url\":\"https:\/\/secure.gravatar.com\/avatar\/9bcb08bb5654a80ea1803fd02d1cf7a6ae004f047558403ab4c074be762ba8d5?s=96&d=mm&r=g\",\"contentUrl\":\"https:\/\/secure.gravatar.com\/avatar\/9bcb08bb5654a80ea1803fd02d1cf7a6ae004f047558403ab4c074be762ba8d5?s=96&d=mm&r=g\",\"caption\":\"Danilka Mejia\"},\"description\":\"Soy Speaker del segmento: \u201cDescubre, Transforma y Decora\u201d , tambi\u00e9n formo parte del equipo del dise\u00f1o gr\u00e1fico del programa Juntos En Familia (Galardonado como mejor programa de emisora digital de la Rep. Dom.) .Arquitecta en Rodr\u00edguez Plumbing Contractors Internacional,LLC. Creadora de contenido para Redes Sociales . Soy asesora sobre Arquitectura, Dise\u00f1o, Orden y Limpieza.\",\"sameAs\":[\"https:\/\/x.com\/MejiaValdezRD\"],\"url\":\"https:\/\/noti-america.com\/site\/repdom\/author\/dmejia\/\"}]}<\/script>\n<!-- \/ Yoast SEO Premium plugin. -->","yoast_head_json":{"title":"RD y Espa\u00f1a firman acuerdo cinematogr\u00e1fico - Rep. Dominicana | Noti-America.com","robots":{"index":"index","follow":"follow","max-snippet":"max-snippet:-1","max-image-preview":"max-image-preview:large","max-video-preview":"max-video-preview:-1"},"canonical":"https:\/\/noti-america.com\/site\/repdom\/2021\/10\/09\/rd-y-espana-firman-acuerdo-cinematografico-2\/","og_locale":"es_ES","og_type":"article","og_title":"RD y Espa\u00f1a firman acuerdo cinematogr\u00e1fico","og_description":"NOTI-AM\u00c9RICA REP\u00daBLICA DOMINICANA Por: Arq. Danilka Mej\u00eda Valdez. 09 de Octubre 2021 La Rep\u00fablica Dominicana y Espa\u00f1a suscribieron un acuerdo de coproducci\u00f3n en el marco de Iberseries Platino Industria, firmado por Marianna Vargas Gurilieva,&#46;&#46;&#46;","og_url":"https:\/\/noti-america.com\/site\/repdom\/2021\/10\/09\/rd-y-espana-firman-acuerdo-cinematografico-2\/","og_site_name":"Rep. Dominicana | Noti-America.com","article_published_time":"2021-10-09T15:00:34+00:00","og_image":[{"width":1000,"height":600,"url":"https:\/\/noti-america.com\/site\/repdom\/wp-content\/uploads\/sites\/6\/2021\/10\/a2dd1df9-beatriz-navas-y-marianna-vargas-gurilieva-durante-la-firma-del-acuerdo-6157a03131fc8.jpg","type":"image\/jpeg"}],"author":"Danilka Mejia","twitter_card":"summary_large_image","twitter_creator":"@MejiaValdezRD","twitter_misc":{"Escrito por":"Danilka Mejia","Tiempo estimado de lectura":"2 minutos"},"schema":{"@context":"https:\/\/schema.org","@graph":[{"@type":"Article","@id":"https:\/\/noti-america.com\/site\/repdom\/2021\/10\/09\/rd-y-espana-firman-acuerdo-cinematografico-2\/#article","isPartOf":{"@id":"https:\/\/noti-america.com\/site\/repdom\/2021\/10\/09\/rd-y-espana-firman-acuerdo-cinematografico-2\/"},"author":{"name":"Danilka Mejia","@id":"https:\/\/noti-america.com\/site\/repdom\/#\/schema\/person\/5bde7c8614301322fd0fce621af68ac9"},"headline":"RD y Espa\u00f1a firman acuerdo cinematogr\u00e1fico","datePublished":"2021-10-09T15:00:34+00:00","mainEntityOfPage":{"@id":"https:\/\/noti-america.com\/site\/repdom\/2021\/10\/09\/rd-y-espana-firman-acuerdo-cinematografico-2\/"},"wordCount":317,"commentCount":0,"publisher":{"@id":"https:\/\/noti-america.com\/site\/repdom\/#organization"},"image":{"@id":"https:\/\/noti-america.com\/site\/repdom\/2021\/10\/09\/rd-y-espana-firman-acuerdo-cinematografico-2\/#primaryimage"},"thumbnailUrl":"https:\/\/noti-america.com\/site\/repdom\/wp-content\/uploads\/sites\/6\/2021\/10\/a2dd1df9-beatriz-navas-y-marianna-vargas-gurilieva-durante-la-firma-del-acuerdo-6157a03131fc8.jpg","articleSection":["Arte y Espect\u00e1culos"],"inLanguage":"es","potentialAction":[{"@type":"CommentAction","name":"Comment","target":["https:\/\/noti-america.com\/site\/repdom\/2021\/10\/09\/rd-y-espana-firman-acuerdo-cinematografico-2\/#respond"]}]},{"@type":"WebPage","@id":"https:\/\/noti-america.com\/site\/repdom\/2021\/10\/09\/rd-y-espana-firman-acuerdo-cinematografico-2\/","url":"https:\/\/noti-america.com\/site\/repdom\/2021\/10\/09\/rd-y-espana-firman-acuerdo-cinematografico-2\/","name":"RD y Espa\u00f1a firman acuerdo cinematogr\u00e1fico - Rep. Dominicana | Noti-America.com","isPartOf":{"@id":"https:\/\/noti-america.com\/site\/repdom\/#website"},"primaryImageOfPage":{"@id":"https:\/\/noti-america.com\/site\/repdom\/2021\/10\/09\/rd-y-espana-firman-acuerdo-cinematografico-2\/#primaryimage"},"image":{"@id":"https:\/\/noti-america.com\/site\/repdom\/2021\/10\/09\/rd-y-espana-firman-acuerdo-cinematografico-2\/#primaryimage"},"thumbnailUrl":"https:\/\/noti-america.com\/site\/repdom\/wp-content\/uploads\/sites\/6\/2021\/10\/a2dd1df9-beatriz-navas-y-marianna-vargas-gurilieva-durante-la-firma-del-acuerdo-6157a03131fc8.jpg","datePublished":"2021-10-09T15:00:34+00:00","breadcrumb":{"@id":"https:\/\/noti-america.com\/site\/repdom\/2021\/10\/09\/rd-y-espana-firman-acuerdo-cinematografico-2\/#breadcrumb"},"inLanguage":"es","potentialAction":[{"@type":"ReadAction","target":["https:\/\/noti-america.com\/site\/repdom\/2021\/10\/09\/rd-y-espana-firman-acuerdo-cinematografico-2\/"]}]},{"@type":"ImageObject","inLanguage":"es","@id":"https:\/\/noti-america.com\/site\/repdom\/2021\/10\/09\/rd-y-espana-firman-acuerdo-cinematografico-2\/#primaryimage","url":"https:\/\/noti-america.com\/site\/repdom\/wp-content\/uploads\/sites\/6\/2021\/10\/a2dd1df9-beatriz-navas-y-marianna-vargas-gurilieva-durante-la-firma-del-acuerdo-6157a03131fc8.jpg","contentUrl":"https:\/\/noti-america.com\/site\/repdom\/wp-content\/uploads\/sites\/6\/2021\/10\/a2dd1df9-beatriz-navas-y-marianna-vargas-gurilieva-durante-la-firma-del-acuerdo-6157a03131fc8.jpg","width":1000,"height":600},{"@type":"BreadcrumbList","@id":"https:\/\/noti-america.com\/site\/repdom\/2021\/10\/09\/rd-y-espana-firman-acuerdo-cinematografico-2\/#breadcrumb","itemListElement":[{"@type":"ListItem","position":1,"name":"Portada","item":"https:\/\/noti-america.com\/site\/repdom\/"},{"@type":"ListItem","position":2,"name":"RD y Espa\u00f1a firman acuerdo cinematogr\u00e1fico"}]},{"@type":"WebSite","@id":"https:\/\/noti-america.com\/site\/repdom\/#website","url":"https:\/\/noti-america.com\/site\/repdom\/","name":"Rep. Dominicana | Noti-America.com","description":"","publisher":{"@id":"https:\/\/noti-america.com\/site\/repdom\/#organization"},"potentialAction":[{"@type":"SearchAction","target":{"@type":"EntryPoint","urlTemplate":"https:\/\/noti-america.com\/site\/repdom\/?s={search_term_string}"},"query-input":{"@type":"PropertyValueSpecification","valueRequired":true,"valueName":"search_term_string"}}],"inLanguage":"es"},{"@type":"Organization","@id":"https:\/\/noti-america.com\/site\/repdom\/#organization","name":"Noti-America LLC | Rep\u00fablica Dominicana","url":"https:\/\/noti-america.com\/site\/repdom\/","logo":{"@type":"ImageObject","inLanguage":"es","@id":"https:\/\/noti-america.com\/site\/repdom\/#\/schema\/logo\/image\/","url":"https:\/\/noti-america.com\/site\/repdom\/wp-content\/uploads\/sites\/6\/2020\/07\/LogoNA-4x3-1.jpg","contentUrl":"https:\/\/noti-america.com\/site\/repdom\/wp-content\/uploads\/sites\/6\/2020\/07\/LogoNA-4x3-1.jpg","width":1236,"height":1080,"caption":"Noti-America LLC | Rep\u00fablica Dominicana"},"image":{"@id":"https:\/\/noti-america.com\/site\/repdom\/#\/schema\/logo\/image\/"}},{"@type":"Person","@id":"https:\/\/noti-america.com\/site\/repdom\/#\/schema\/person\/5bde7c8614301322fd0fce621af68ac9","name":"Danilka Mejia","image":{"@type":"ImageObject","inLanguage":"es","@id":"https:\/\/secure.gravatar.com\/avatar\/9bcb08bb5654a80ea1803fd02d1cf7a6ae004f047558403ab4c074be762ba8d5?s=96&d=mm&r=g","url":"https:\/\/secure.gravatar.com\/avatar\/9bcb08bb5654a80ea1803fd02d1cf7a6ae004f047558403ab4c074be762ba8d5?s=96&d=mm&r=g","contentUrl":"https:\/\/secure.gravatar.com\/avatar\/9bcb08bb5654a80ea1803fd02d1cf7a6ae004f047558403ab4c074be762ba8d5?s=96&d=mm&r=g","caption":"Danilka Mejia"},"description":"Soy Speaker del segmento: \u201cDescubre, Transforma y Decora\u201d , tambi\u00e9n formo parte del equipo del dise\u00f1o gr\u00e1fico del programa Juntos En Familia (Galardonado como mejor programa de emisora digital de la Rep. Dom.) .Arquitecta en Rodr\u00edguez Plumbing Contractors Internacional,LLC. Creadora de contenido para Redes Sociales . Soy asesora sobre Arquitectura, Dise\u00f1o, Orden y Limpieza.","sameAs":["https:\/\/x.com\/MejiaValdezRD"],"url":"https:\/\/noti-america.com\/site\/repdom\/author\/dmejia\/"}]}},"_links":{"self":[{"href":"https:\/\/noti-america.com\/site\/repdom\/wp-json\/wp\/v2\/posts\/13745","targetHints":{"allow":["GET"]}}],"collection":[{"href":"https:\/\/noti-america.com\/site\/repdom\/wp-json\/wp\/v2\/posts"}],"about":[{"href":"https:\/\/noti-america.com\/site\/repdom\/wp-json\/wp\/v2\/types\/post"}],"author":[{"embeddable":true,"href":"https:\/\/noti-america.com\/site\/repdom\/wp-json\/wp\/v2\/users\/97"}],"replies":[{"embeddable":true,"href":"https:\/\/noti-america.com\/site\/repdom\/wp-json\/wp\/v2\/comments?post=13745"}],"version-history":[{"count":0,"href":"https:\/\/noti-america.com\/site\/repdom\/wp-json\/wp\/v2\/posts\/13745\/revisions"}],"wp:featuredmedia":[{"embeddable":true,"href":"https:\/\/noti-america.com\/site\/repdom\/wp-json\/wp\/v2\/media\/13746"}],"wp:attachment":[{"href":"https:\/\/noti-america.com\/site\/repdom\/wp-json\/wp\/v2\/media?parent=13745"}],"wp:term":[{"taxonomy":"category","embeddable":true,"href":"https:\/\/noti-america.com\/site\/repdom\/wp-json\/wp\/v2\/categories?post=13745"},{"taxonomy":"post_tag","embeddable":true,"href":"https:\/\/noti-america.com\/site\/repdom\/wp-json\/wp\/v2\/tags?post=13745"}],"curies":[{"name":"wp","href":"https:\/\/api.w.org\/{rel}","templated":true}]}}