{"id":13675,"date":"2021-10-06T14:38:50","date_gmt":"2021-10-06T14:38:50","guid":{"rendered":"https:\/\/noti-america.com\/site\/repdom\/?p=13675"},"modified":"2021-10-06T14:38:50","modified_gmt":"2021-10-06T14:38:50","slug":"asociacion-de-boxeo-de-santiago-sigue-preparacion-de-atletas-con-intercambio-interprovincial","status":"publish","type":"post","link":"https:\/\/noti-america.com\/site\/repdom\/2021\/10\/06\/asociacion-de-boxeo-de-santiago-sigue-preparacion-de-atletas-con-intercambio-interprovincial\/","title":{"rendered":"Asociaci\u00f3n de Boxeo de Santiago sigue preparaci\u00f3n de atletas con intercambio interprovincial"},"content":{"rendered":"<p class=\"x_gmail-MsoNoSpacing\" style=\"text-align: justify\"><span lang=\"ES-DO\">SANTIAGO &#8211;<\/span><span lang=\"ES-DO\"> La Asociaci\u00f3n de Boxeo de Santiago con un intercambio regional, el s\u00e1bado, con motivo del D\u00eda Nacional de los Clubes, sigue la preparaci\u00f3n de atletas para su participaci\u00f3n en el torneo \u00e9lite nacional federado.<\/span><\/p>\n<p class=\"x_gmail-MsoNoSpacing\" style=\"text-align: justify\"><span lang=\"ES-DO\">A<\/span><span lang=\"ES-DO\">s\u00ed fue declarado por el se\u00f1or Ariel Acosta, presidente de la Asociaci\u00f3n de Boxeo de Santiago, quien dijo que, el maestro Guelo P\u00e9rez, es quien prepara a los atletas teniendo como centro principal el gimnasio del club Rub\u00e9n Espino, de Los Salados.<\/span><\/p>\n<p class=\"x_gmail-MsoNoSpacing\" style=\"text-align: justify\"><span lang=\"ES-DO\">\u201c<\/span><span lang=\"ES-DO\">El maestro P\u00e9rez acelera su trabajo en la preparaci\u00f3n de atletas y para el s\u00e1bado contin\u00faa su escogencia en ese intercambio regional\u201d, dijo Acosta.<\/span><\/p>\n<p class=\"x_gmail-MsoNoSpacing\" style=\"text-align: justify\"><span lang=\"ES-DO\">A<\/span><span lang=\"ES-DO\">greg\u00f3 que, los atletas est\u00e1n y seguir\u00e1n siendo observados en eventos como el regional del s\u00e1bado y otros en los que participar\u00e1n midi\u00e9ndose a los de otras provincias, as\u00ed como en los intercambios locales venideros entre los clubes.<\/span><\/p>\n<p class=\"x_gmail-MsoNoSpacing\" style=\"text-align: justify\"><span lang=\"ES-DO\">\u201cE<\/span><span lang=\"ES-DO\">l pr\u00f3ximo s\u00e1bado a partir de las cuatro de la tarde, con motivo del D\u00eda Nacional de los Clubes, se realizar\u00e1 el triangular de boxeo entre equipos de San Francisco de Macor\u00eds, Espaillat (Moca) y Santiago, en el techado del club Rub\u00e9n Espino\u201d, dio a conocer el se\u00f1or Acosta.<\/span><\/p>\n<p class=\"x_gmail-MsoNoSpacing\" style=\"text-align: justify\"><span lang=\"ES-DO\">L<\/span><span lang=\"ES-DO\">uego de conformada la selecci\u00f3n de Santiago, bajo la direcci\u00f3n del maestro Guelo P\u00e9rez, los atletas participar\u00e1n en el torneo nacional \u00e9lite de la Federaci\u00f3n Dominicana de Boxeo.<\/span><\/p>\n<p style=\"text-align: justify\"><strong>Fuente: \u00d3scar Polanco<\/strong><\/p>\n","protected":false},"excerpt":{"rendered":"<p>SANTIAGO &#8211; La Asociaci\u00f3n de Boxeo de Santiago con un intercambio regional, el s\u00e1bado, con motivo del D\u00eda Nacional de los Clubes, sigue la preparaci\u00f3n de atletas para su participaci\u00f3n en el torneo \u00e9lite&#46;&#46;&#46;<\/p>\n","protected":false},"author":89,"featured_media":13676,"comment_status":"open","ping_status":"open","sticky":false,"template":"","format":"standard","meta":{"_acf_changed":false,"rop_custom_images_group":[],"rop_custom_messages_group":[],"rop_publish_now":"initial","rop_publish_now_accounts":[],"rop_publish_now_history":[],"rop_publish_now_status":"pending","footnotes":""},"categories":[16],"tags":[1676,1677,1678],"class_list":["post-13675","post","type-post","status-publish","format-standard","has-post-thumbnail","hentry","category-deportes","tag-ariel-acosta","tag-asociacion-de-boxeo-de-santiago","tag-federacion-dominicana-de-boxeo"],"acf":[],"yoast_head":"<!-- This site is optimized with the Yoast SEO Premium plugin v24.9 (Yoast SEO v27.2) - https:\/\/yoast.com\/product\/yoast-seo-premium-wordpress\/ -->\n<title>Asociaci\u00f3n de Boxeo de Santiago sigue preparaci\u00f3n de atletas con intercambio interprovincial - Rep. Dominicana | Noti-America.com<\/title>\n<meta name=\"robots\" content=\"index, follow, max-snippet:-1, max-image-preview:large, max-video-preview:-1\" \/>\n<link rel=\"canonical\" href=\"https:\/\/noti-america.com\/site\/repdom\/2021\/10\/06\/asociacion-de-boxeo-de-santiago-sigue-preparacion-de-atletas-con-intercambio-interprovincial\/\" \/>\n<meta property=\"og:locale\" content=\"es_ES\" \/>\n<meta property=\"og:type\" content=\"article\" \/>\n<meta property=\"og:title\" content=\"Asociaci\u00f3n de Boxeo de Santiago sigue preparaci\u00f3n de atletas con intercambio interprovincial\" \/>\n<meta property=\"og:description\" content=\"SANTIAGO &#8211; La Asociaci\u00f3n de Boxeo de Santiago con un intercambio regional, el s\u00e1bado, con motivo del D\u00eda Nacional de los Clubes, sigue la preparaci\u00f3n de atletas para su participaci\u00f3n en el torneo \u00e9lite&#046;&#046;&#046;\" \/>\n<meta property=\"og:url\" content=\"https:\/\/noti-america.com\/site\/repdom\/2021\/10\/06\/asociacion-de-boxeo-de-santiago-sigue-preparacion-de-atletas-con-intercambio-interprovincial\/\" \/>\n<meta property=\"og:site_name\" content=\"Rep. Dominicana | Noti-America.com\" \/>\n<meta property=\"article:published_time\" content=\"2021-10-06T14:38:50+00:00\" \/>\n<meta property=\"og:image\" content=\"https:\/\/noti-america.com\/site\/repdom\/wp-content\/uploads\/sites\/6\/2021\/10\/Boxeo.jpg\" \/>\n\t<meta property=\"og:image:width\" content=\"672\" \/>\n\t<meta property=\"og:image:height\" content=\"639\" \/>\n\t<meta property=\"og:image:type\" content=\"image\/jpeg\" \/>\n<meta name=\"author\" content=\"Ad\u00e1n Soriano\" \/>\n<meta name=\"twitter:card\" content=\"summary_large_image\" \/>\n<meta name=\"twitter:creator\" content=\"@adansoriano\" \/>\n<meta name=\"twitter:label1\" content=\"Escrito por\" \/>\n\t<meta name=\"twitter:data1\" content=\"Ad\u00e1n Soriano\" \/>\n\t<meta name=\"twitter:label2\" content=\"Tiempo estimado de lectura\" \/>\n\t<meta name=\"twitter:data2\" content=\"1 minuto\" \/>\n<script type=\"application\/ld+json\" class=\"yoast-schema-graph\">{\"@context\":\"https:\/\/schema.org\",\"@graph\":[{\"@type\":\"Article\",\"@id\":\"https:\/\/noti-america.com\/site\/repdom\/2021\/10\/06\/asociacion-de-boxeo-de-santiago-sigue-preparacion-de-atletas-con-intercambio-interprovincial\/#article\",\"isPartOf\":{\"@id\":\"https:\/\/noti-america.com\/site\/repdom\/2021\/10\/06\/asociacion-de-boxeo-de-santiago-sigue-preparacion-de-atletas-con-intercambio-interprovincial\/\"},\"author\":{\"name\":\"Ad\u00e1n Soriano\",\"@id\":\"https:\/\/noti-america.com\/site\/repdom\/#\/schema\/person\/fd0092c1530d275fabaa5cffcbc2b976\"},\"headline\":\"Asociaci\u00f3n de Boxeo de Santiago sigue preparaci\u00f3n de atletas con intercambio interprovincial\",\"datePublished\":\"2021-10-06T14:38:50+00:00\",\"mainEntityOfPage\":{\"@id\":\"https:\/\/noti-america.com\/site\/repdom\/2021\/10\/06\/asociacion-de-boxeo-de-santiago-sigue-preparacion-de-atletas-con-intercambio-interprovincial\/\"},\"wordCount\":267,\"commentCount\":0,\"publisher\":{\"@id\":\"https:\/\/noti-america.com\/site\/repdom\/#organization\"},\"image\":{\"@id\":\"https:\/\/noti-america.com\/site\/repdom\/2021\/10\/06\/asociacion-de-boxeo-de-santiago-sigue-preparacion-de-atletas-con-intercambio-interprovincial\/#primaryimage\"},\"thumbnailUrl\":\"https:\/\/noti-america.com\/site\/repdom\/wp-content\/uploads\/sites\/6\/2021\/10\/Boxeo.jpg\",\"keywords\":[\"Ariel Acosta\",\"Asociaci\u00f3n de Boxeo de Santiago\",\"Federaci\u00f3n Dominicana de Boxeo\"],\"articleSection\":[\"Deportes\"],\"inLanguage\":\"es\",\"potentialAction\":[{\"@type\":\"CommentAction\",\"name\":\"Comment\",\"target\":[\"https:\/\/noti-america.com\/site\/repdom\/2021\/10\/06\/asociacion-de-boxeo-de-santiago-sigue-preparacion-de-atletas-con-intercambio-interprovincial\/#respond\"]}]},{\"@type\":\"WebPage\",\"@id\":\"https:\/\/noti-america.com\/site\/repdom\/2021\/10\/06\/asociacion-de-boxeo-de-santiago-sigue-preparacion-de-atletas-con-intercambio-interprovincial\/\",\"url\":\"https:\/\/noti-america.com\/site\/repdom\/2021\/10\/06\/asociacion-de-boxeo-de-santiago-sigue-preparacion-de-atletas-con-intercambio-interprovincial\/\",\"name\":\"Asociaci\u00f3n de Boxeo de Santiago sigue preparaci\u00f3n de atletas con intercambio interprovincial - Rep. Dominicana | Noti-America.com\",\"isPartOf\":{\"@id\":\"https:\/\/noti-america.com\/site\/repdom\/#website\"},\"primaryImageOfPage\":{\"@id\":\"https:\/\/noti-america.com\/site\/repdom\/2021\/10\/06\/asociacion-de-boxeo-de-santiago-sigue-preparacion-de-atletas-con-intercambio-interprovincial\/#primaryimage\"},\"image\":{\"@id\":\"https:\/\/noti-america.com\/site\/repdom\/2021\/10\/06\/asociacion-de-boxeo-de-santiago-sigue-preparacion-de-atletas-con-intercambio-interprovincial\/#primaryimage\"},\"thumbnailUrl\":\"https:\/\/noti-america.com\/site\/repdom\/wp-content\/uploads\/sites\/6\/2021\/10\/Boxeo.jpg\",\"datePublished\":\"2021-10-06T14:38:50+00:00\",\"breadcrumb\":{\"@id\":\"https:\/\/noti-america.com\/site\/repdom\/2021\/10\/06\/asociacion-de-boxeo-de-santiago-sigue-preparacion-de-atletas-con-intercambio-interprovincial\/#breadcrumb\"},\"inLanguage\":\"es\",\"potentialAction\":[{\"@type\":\"ReadAction\",\"target\":[\"https:\/\/noti-america.com\/site\/repdom\/2021\/10\/06\/asociacion-de-boxeo-de-santiago-sigue-preparacion-de-atletas-con-intercambio-interprovincial\/\"]}]},{\"@type\":\"ImageObject\",\"inLanguage\":\"es\",\"@id\":\"https:\/\/noti-america.com\/site\/repdom\/2021\/10\/06\/asociacion-de-boxeo-de-santiago-sigue-preparacion-de-atletas-con-intercambio-interprovincial\/#primaryimage\",\"url\":\"https:\/\/noti-america.com\/site\/repdom\/wp-content\/uploads\/sites\/6\/2021\/10\/Boxeo.jpg\",\"contentUrl\":\"https:\/\/noti-america.com\/site\/repdom\/wp-content\/uploads\/sites\/6\/2021\/10\/Boxeo.jpg\",\"width\":672,\"height\":639},{\"@type\":\"BreadcrumbList\",\"@id\":\"https:\/\/noti-america.com\/site\/repdom\/2021\/10\/06\/asociacion-de-boxeo-de-santiago-sigue-preparacion-de-atletas-con-intercambio-interprovincial\/#breadcrumb\",\"itemListElement\":[{\"@type\":\"ListItem\",\"position\":1,\"name\":\"Portada\",\"item\":\"https:\/\/noti-america.com\/site\/repdom\/\"},{\"@type\":\"ListItem\",\"position\":2,\"name\":\"Asociaci\u00f3n de Boxeo de Santiago sigue preparaci\u00f3n de atletas con intercambio interprovincial\"}]},{\"@type\":\"WebSite\",\"@id\":\"https:\/\/noti-america.com\/site\/repdom\/#website\",\"url\":\"https:\/\/noti-america.com\/site\/repdom\/\",\"name\":\"Rep. Dominicana | Noti-America.com\",\"description\":\"\",\"publisher\":{\"@id\":\"https:\/\/noti-america.com\/site\/repdom\/#organization\"},\"potentialAction\":[{\"@type\":\"SearchAction\",\"target\":{\"@type\":\"EntryPoint\",\"urlTemplate\":\"https:\/\/noti-america.com\/site\/repdom\/?s={search_term_string}\"},\"query-input\":{\"@type\":\"PropertyValueSpecification\",\"valueRequired\":true,\"valueName\":\"search_term_string\"}}],\"inLanguage\":\"es\"},{\"@type\":\"Organization\",\"@id\":\"https:\/\/noti-america.com\/site\/repdom\/#organization\",\"name\":\"Noti-America LLC | Rep\u00fablica Dominicana\",\"url\":\"https:\/\/noti-america.com\/site\/repdom\/\",\"logo\":{\"@type\":\"ImageObject\",\"inLanguage\":\"es\",\"@id\":\"https:\/\/noti-america.com\/site\/repdom\/#\/schema\/logo\/image\/\",\"url\":\"https:\/\/noti-america.com\/site\/repdom\/wp-content\/uploads\/sites\/6\/2020\/07\/LogoNA-4x3-1.jpg\",\"contentUrl\":\"https:\/\/noti-america.com\/site\/repdom\/wp-content\/uploads\/sites\/6\/2020\/07\/LogoNA-4x3-1.jpg\",\"width\":1236,\"height\":1080,\"caption\":\"Noti-America LLC | Rep\u00fablica Dominicana\"},\"image\":{\"@id\":\"https:\/\/noti-america.com\/site\/repdom\/#\/schema\/logo\/image\/\"}},{\"@type\":\"Person\",\"@id\":\"https:\/\/noti-america.com\/site\/repdom\/#\/schema\/person\/fd0092c1530d275fabaa5cffcbc2b976\",\"name\":\"Ad\u00e1n Soriano\",\"image\":{\"@type\":\"ImageObject\",\"inLanguage\":\"es\",\"@id\":\"https:\/\/secure.gravatar.com\/avatar\/ecf97ff3aee7ff9efdae670d7e976f3e7e8acc1077e510d73707999a8bfd4467?s=96&d=mm&r=g\",\"url\":\"https:\/\/secure.gravatar.com\/avatar\/ecf97ff3aee7ff9efdae670d7e976f3e7e8acc1077e510d73707999a8bfd4467?s=96&d=mm&r=g\",\"contentUrl\":\"https:\/\/secure.gravatar.com\/avatar\/ecf97ff3aee7ff9efdae670d7e976f3e7e8acc1077e510d73707999a8bfd4467?s=96&d=mm&r=g\",\"caption\":\"Ad\u00e1n Soriano\"},\"description\":\"Soy cronista deportivo con 10 a\u00f1os de experiencia en varios espacios, y conduzco el podcast deportivo llamado Mezcla Deportiva\",\"sameAs\":[\"https:\/\/x.com\/adansoriano\"],\"url\":\"https:\/\/noti-america.com\/site\/repdom\/author\/asoriano\/\"}]}<\/script>\n<!-- \/ Yoast SEO Premium plugin. -->","yoast_head_json":{"title":"Asociaci\u00f3n de Boxeo de Santiago sigue preparaci\u00f3n de atletas con intercambio interprovincial - Rep. Dominicana | Noti-America.com","robots":{"index":"index","follow":"follow","max-snippet":"max-snippet:-1","max-image-preview":"max-image-preview:large","max-video-preview":"max-video-preview:-1"},"canonical":"https:\/\/noti-america.com\/site\/repdom\/2021\/10\/06\/asociacion-de-boxeo-de-santiago-sigue-preparacion-de-atletas-con-intercambio-interprovincial\/","og_locale":"es_ES","og_type":"article","og_title":"Asociaci\u00f3n de Boxeo de Santiago sigue preparaci\u00f3n de atletas con intercambio interprovincial","og_description":"SANTIAGO &#8211; La Asociaci\u00f3n de Boxeo de Santiago con un intercambio regional, el s\u00e1bado, con motivo del D\u00eda Nacional de los Clubes, sigue la preparaci\u00f3n de atletas para su participaci\u00f3n en el torneo \u00e9lite&#46;&#46;&#46;","og_url":"https:\/\/noti-america.com\/site\/repdom\/2021\/10\/06\/asociacion-de-boxeo-de-santiago-sigue-preparacion-de-atletas-con-intercambio-interprovincial\/","og_site_name":"Rep. Dominicana | Noti-America.com","article_published_time":"2021-10-06T14:38:50+00:00","og_image":[{"width":672,"height":639,"url":"https:\/\/noti-america.com\/site\/repdom\/wp-content\/uploads\/sites\/6\/2021\/10\/Boxeo.jpg","type":"image\/jpeg"}],"author":"Ad\u00e1n Soriano","twitter_card":"summary_large_image","twitter_creator":"@adansoriano","twitter_misc":{"Escrito por":"Ad\u00e1n Soriano","Tiempo estimado de lectura":"1 minuto"},"schema":{"@context":"https:\/\/schema.org","@graph":[{"@type":"Article","@id":"https:\/\/noti-america.com\/site\/repdom\/2021\/10\/06\/asociacion-de-boxeo-de-santiago-sigue-preparacion-de-atletas-con-intercambio-interprovincial\/#article","isPartOf":{"@id":"https:\/\/noti-america.com\/site\/repdom\/2021\/10\/06\/asociacion-de-boxeo-de-santiago-sigue-preparacion-de-atletas-con-intercambio-interprovincial\/"},"author":{"name":"Ad\u00e1n Soriano","@id":"https:\/\/noti-america.com\/site\/repdom\/#\/schema\/person\/fd0092c1530d275fabaa5cffcbc2b976"},"headline":"Asociaci\u00f3n de Boxeo de Santiago sigue preparaci\u00f3n de atletas con intercambio interprovincial","datePublished":"2021-10-06T14:38:50+00:00","mainEntityOfPage":{"@id":"https:\/\/noti-america.com\/site\/repdom\/2021\/10\/06\/asociacion-de-boxeo-de-santiago-sigue-preparacion-de-atletas-con-intercambio-interprovincial\/"},"wordCount":267,"commentCount":0,"publisher":{"@id":"https:\/\/noti-america.com\/site\/repdom\/#organization"},"image":{"@id":"https:\/\/noti-america.com\/site\/repdom\/2021\/10\/06\/asociacion-de-boxeo-de-santiago-sigue-preparacion-de-atletas-con-intercambio-interprovincial\/#primaryimage"},"thumbnailUrl":"https:\/\/noti-america.com\/site\/repdom\/wp-content\/uploads\/sites\/6\/2021\/10\/Boxeo.jpg","keywords":["Ariel Acosta","Asociaci\u00f3n de Boxeo de Santiago","Federaci\u00f3n Dominicana de Boxeo"],"articleSection":["Deportes"],"inLanguage":"es","potentialAction":[{"@type":"CommentAction","name":"Comment","target":["https:\/\/noti-america.com\/site\/repdom\/2021\/10\/06\/asociacion-de-boxeo-de-santiago-sigue-preparacion-de-atletas-con-intercambio-interprovincial\/#respond"]}]},{"@type":"WebPage","@id":"https:\/\/noti-america.com\/site\/repdom\/2021\/10\/06\/asociacion-de-boxeo-de-santiago-sigue-preparacion-de-atletas-con-intercambio-interprovincial\/","url":"https:\/\/noti-america.com\/site\/repdom\/2021\/10\/06\/asociacion-de-boxeo-de-santiago-sigue-preparacion-de-atletas-con-intercambio-interprovincial\/","name":"Asociaci\u00f3n de Boxeo de Santiago sigue preparaci\u00f3n de atletas con intercambio interprovincial - Rep. Dominicana | Noti-America.com","isPartOf":{"@id":"https:\/\/noti-america.com\/site\/repdom\/#website"},"primaryImageOfPage":{"@id":"https:\/\/noti-america.com\/site\/repdom\/2021\/10\/06\/asociacion-de-boxeo-de-santiago-sigue-preparacion-de-atletas-con-intercambio-interprovincial\/#primaryimage"},"image":{"@id":"https:\/\/noti-america.com\/site\/repdom\/2021\/10\/06\/asociacion-de-boxeo-de-santiago-sigue-preparacion-de-atletas-con-intercambio-interprovincial\/#primaryimage"},"thumbnailUrl":"https:\/\/noti-america.com\/site\/repdom\/wp-content\/uploads\/sites\/6\/2021\/10\/Boxeo.jpg","datePublished":"2021-10-06T14:38:50+00:00","breadcrumb":{"@id":"https:\/\/noti-america.com\/site\/repdom\/2021\/10\/06\/asociacion-de-boxeo-de-santiago-sigue-preparacion-de-atletas-con-intercambio-interprovincial\/#breadcrumb"},"inLanguage":"es","potentialAction":[{"@type":"ReadAction","target":["https:\/\/noti-america.com\/site\/repdom\/2021\/10\/06\/asociacion-de-boxeo-de-santiago-sigue-preparacion-de-atletas-con-intercambio-interprovincial\/"]}]},{"@type":"ImageObject","inLanguage":"es","@id":"https:\/\/noti-america.com\/site\/repdom\/2021\/10\/06\/asociacion-de-boxeo-de-santiago-sigue-preparacion-de-atletas-con-intercambio-interprovincial\/#primaryimage","url":"https:\/\/noti-america.com\/site\/repdom\/wp-content\/uploads\/sites\/6\/2021\/10\/Boxeo.jpg","contentUrl":"https:\/\/noti-america.com\/site\/repdom\/wp-content\/uploads\/sites\/6\/2021\/10\/Boxeo.jpg","width":672,"height":639},{"@type":"BreadcrumbList","@id":"https:\/\/noti-america.com\/site\/repdom\/2021\/10\/06\/asociacion-de-boxeo-de-santiago-sigue-preparacion-de-atletas-con-intercambio-interprovincial\/#breadcrumb","itemListElement":[{"@type":"ListItem","position":1,"name":"Portada","item":"https:\/\/noti-america.com\/site\/repdom\/"},{"@type":"ListItem","position":2,"name":"Asociaci\u00f3n de Boxeo de Santiago sigue preparaci\u00f3n de atletas con intercambio interprovincial"}]},{"@type":"WebSite","@id":"https:\/\/noti-america.com\/site\/repdom\/#website","url":"https:\/\/noti-america.com\/site\/repdom\/","name":"Rep. Dominicana | Noti-America.com","description":"","publisher":{"@id":"https:\/\/noti-america.com\/site\/repdom\/#organization"},"potentialAction":[{"@type":"SearchAction","target":{"@type":"EntryPoint","urlTemplate":"https:\/\/noti-america.com\/site\/repdom\/?s={search_term_string}"},"query-input":{"@type":"PropertyValueSpecification","valueRequired":true,"valueName":"search_term_string"}}],"inLanguage":"es"},{"@type":"Organization","@id":"https:\/\/noti-america.com\/site\/repdom\/#organization","name":"Noti-America LLC | Rep\u00fablica Dominicana","url":"https:\/\/noti-america.com\/site\/repdom\/","logo":{"@type":"ImageObject","inLanguage":"es","@id":"https:\/\/noti-america.com\/site\/repdom\/#\/schema\/logo\/image\/","url":"https:\/\/noti-america.com\/site\/repdom\/wp-content\/uploads\/sites\/6\/2020\/07\/LogoNA-4x3-1.jpg","contentUrl":"https:\/\/noti-america.com\/site\/repdom\/wp-content\/uploads\/sites\/6\/2020\/07\/LogoNA-4x3-1.jpg","width":1236,"height":1080,"caption":"Noti-America LLC | Rep\u00fablica Dominicana"},"image":{"@id":"https:\/\/noti-america.com\/site\/repdom\/#\/schema\/logo\/image\/"}},{"@type":"Person","@id":"https:\/\/noti-america.com\/site\/repdom\/#\/schema\/person\/fd0092c1530d275fabaa5cffcbc2b976","name":"Ad\u00e1n Soriano","image":{"@type":"ImageObject","inLanguage":"es","@id":"https:\/\/secure.gravatar.com\/avatar\/ecf97ff3aee7ff9efdae670d7e976f3e7e8acc1077e510d73707999a8bfd4467?s=96&d=mm&r=g","url":"https:\/\/secure.gravatar.com\/avatar\/ecf97ff3aee7ff9efdae670d7e976f3e7e8acc1077e510d73707999a8bfd4467?s=96&d=mm&r=g","contentUrl":"https:\/\/secure.gravatar.com\/avatar\/ecf97ff3aee7ff9efdae670d7e976f3e7e8acc1077e510d73707999a8bfd4467?s=96&d=mm&r=g","caption":"Ad\u00e1n Soriano"},"description":"Soy cronista deportivo con 10 a\u00f1os de experiencia en varios espacios, y conduzco el podcast deportivo llamado Mezcla Deportiva","sameAs":["https:\/\/x.com\/adansoriano"],"url":"https:\/\/noti-america.com\/site\/repdom\/author\/asoriano\/"}]}},"_links":{"self":[{"href":"https:\/\/noti-america.com\/site\/repdom\/wp-json\/wp\/v2\/posts\/13675","targetHints":{"allow":["GET"]}}],"collection":[{"href":"https:\/\/noti-america.com\/site\/repdom\/wp-json\/wp\/v2\/posts"}],"about":[{"href":"https:\/\/noti-america.com\/site\/repdom\/wp-json\/wp\/v2\/types\/post"}],"author":[{"embeddable":true,"href":"https:\/\/noti-america.com\/site\/repdom\/wp-json\/wp\/v2\/users\/89"}],"replies":[{"embeddable":true,"href":"https:\/\/noti-america.com\/site\/repdom\/wp-json\/wp\/v2\/comments?post=13675"}],"version-history":[{"count":1,"href":"https:\/\/noti-america.com\/site\/repdom\/wp-json\/wp\/v2\/posts\/13675\/revisions"}],"predecessor-version":[{"id":13677,"href":"https:\/\/noti-america.com\/site\/repdom\/wp-json\/wp\/v2\/posts\/13675\/revisions\/13677"}],"wp:featuredmedia":[{"embeddable":true,"href":"https:\/\/noti-america.com\/site\/repdom\/wp-json\/wp\/v2\/media\/13676"}],"wp:attachment":[{"href":"https:\/\/noti-america.com\/site\/repdom\/wp-json\/wp\/v2\/media?parent=13675"}],"wp:term":[{"taxonomy":"category","embeddable":true,"href":"https:\/\/noti-america.com\/site\/repdom\/wp-json\/wp\/v2\/categories?post=13675"},{"taxonomy":"post_tag","embeddable":true,"href":"https:\/\/noti-america.com\/site\/repdom\/wp-json\/wp\/v2\/tags?post=13675"}],"curies":[{"name":"wp","href":"https:\/\/api.w.org\/{rel}","templated":true}]}}