{"id":13479,"date":"2021-09-29T13:08:13","date_gmt":"2021-09-29T13:08:13","guid":{"rendered":"https:\/\/noti-america.com\/site\/repdom\/2021\/09\/29\/el-gobierno-ajustara-el-gasto-y-reducira-el-endeudamiento-en-2022-3\/"},"modified":"2021-09-29T13:08:13","modified_gmt":"2021-09-29T13:08:13","slug":"el-gobierno-ajustara-el-gasto-y-reducira-el-endeudamiento-en-2022-3","status":"publish","type":"post","link":"https:\/\/noti-america.com\/site\/repdom\/2021\/09\/29\/el-gobierno-ajustara-el-gasto-y-reducira-el-endeudamiento-en-2022-3\/","title":{"rendered":"El gobierno ajustar\u00e1 el gasto y reducir\u00e1 el endeudamiento en 2022"},"content":{"rendered":"<p><img loading=\"lazy\" decoding=\"async\" class=\"alignnone size-medium wp-image-13474\" src=\"https:\/\/noti-america.com\/site\/repdom\/wp-content\/uploads\/sites\/6\/2021\/09\/images_17322880_20210928183343-300x192.jpg\" alt=\"\" width=\"300\" height=\"192\" srcset=\"https:\/\/noti-america.com\/site\/repdom\/wp-content\/uploads\/sites\/6\/2021\/09\/images_17322880_20210928183343-300x192.jpg 300w, https:\/\/noti-america.com\/site\/repdom\/wp-content\/uploads\/sites\/6\/2021\/09\/images_17322880_20210928183343.jpg 546w\" sizes=\"auto, (max-width: 300px) 100vw, 300px\" \/><\/p>\n<p>&nbsp;<\/p>\n<p>A medida que se desacelera el crecimiento del gasto p\u00fablico y aumenta la tributaci\u00f3n, la administraci\u00f3n intentar\u00e1 reducir el d\u00e9ficit fiscal a alrededor del 3% del producto interno bruto (PIB) por segundo a\u00f1o consecutivo, pero el techo de deuda es menor que el techo autorizado para tal fin. .<\/p>\n<p>De acuerdo con los datos que se conocen del Proyecto de Ley General de Presupuesto 2022, el gasto total subir\u00e1 de los 977,793.19 millones de pesos actuales (seg\u00fan el presupuesto complementario 2021) hasta 1 bill\u00f3n 46,280.72 millones de pesos que el Ejecutivo calcula para el pr\u00f3ximo a\u00f1o, un aumento interanual de 7 %.<\/p>\n<p>Mientras tanto, para el pr\u00f3ximo a\u00f1o se estima que los ingresos fiscales crezcan con un mayor impulso, un 13.7 % con respecto a 2021. As\u00ed, pasar\u00edan de los 766,365.42 millones de pesos este a\u00f1o hasta 871,485.92 millones de pesos que se calculan para el a\u00f1o 2022, seg\u00fan el proyecto presupuestario aprobado este lunes en Consejo de Ministros.<\/p>\n<p>Con ello, el d\u00e9ficit fiscal se espera que el pr\u00f3ximo a\u00f1o sea de 2.99 % del PIB (equivalente a 174,794.81 millones de pesos), una meta que el gobierno de Luis Abinader ya intent\u00f3 este a\u00f1o, cuando se fij\u00f3 en 3 % del PIB la brecha entre los ingresos y los gastos para este a\u00f1o.<\/p>\n<div class=\"entretitulo\">El manejo de la deuda<\/div>\n<div class=\"paragraph\">\n<p>Para 2022 se estiman aplicaciones financieras \u2014que son los pagos de amortizaciones de deuda\u2014 por cerca de 109,284.60 millones de pesos.<\/p>\n<p>Mientras tanto, el proyecto indica que las necesidades de financiamiento ser\u00e1n de 284,079.41 millones de pesos como tope para el pr\u00f3ximo a\u00f1o. El nivel de endeudamiento aprobado para este a\u00f1o fue de 309,155 millones, con lo que el tope propuesto para 2022 es 8.1 % menor que el autorizado para este a\u00f1o.<\/p>\n<p>El Poder Ejecutivo tiene plazo hasta este viernes 1 de octubre para entregar el Proyecto de Ley de Presupuesto General del Estado 2022 al Congreso Nacional.<\/p>\n<p>Julito Fulcar, vocero del bloque de diputados del Partido Revolucionario Moderno (PRM), dijo que espera que las dependencias m\u00e1s neur\u00e1lgicas est\u00e9n bien atendidas en cuanto a necesidades de recursos.<\/p>\n<\/div>\n<p>&nbsp;<\/p>\n<p>&nbsp;<\/p>\n<p>Fuente DL.<\/p>\n","protected":false},"excerpt":{"rendered":"<p>&nbsp; A medida que se desacelera el crecimiento del gasto p\u00fablico y aumenta la tributaci\u00f3n, la administraci\u00f3n intentar\u00e1 reducir el d\u00e9ficit fiscal a alrededor del 3% del producto interno bruto (PIB) por segundo a\u00f1o&#46;&#46;&#46;<\/p>\n","protected":false},"author":96,"featured_media":13477,"comment_status":"open","ping_status":"open","sticky":false,"template":"","format":"standard","meta":{"_acf_changed":false,"rop_custom_images_group":[],"rop_custom_messages_group":[],"rop_publish_now":"initial","rop_publish_now_accounts":[],"rop_publish_now_history":[],"rop_publish_now_status":"pending","footnotes":""},"categories":[105],"tags":[],"class_list":["post-13479","post","type-post","status-publish","format-standard","has-post-thumbnail","hentry","category-noticias"],"acf":[],"yoast_head":"<!-- This site is optimized with the Yoast SEO Premium plugin v24.9 (Yoast SEO v27.2) - https:\/\/yoast.com\/product\/yoast-seo-premium-wordpress\/ -->\n<title>El gobierno ajustar\u00e1 el gasto y reducir\u00e1 el endeudamiento en 2022 - Rep. Dominicana | Noti-America.com<\/title>\n<meta name=\"robots\" content=\"index, follow, max-snippet:-1, max-image-preview:large, max-video-preview:-1\" \/>\n<link rel=\"canonical\" href=\"https:\/\/noti-america.com\/site\/repdom\/2021\/09\/29\/el-gobierno-ajustara-el-gasto-y-reducira-el-endeudamiento-en-2022-3\/\" \/>\n<meta property=\"og:locale\" content=\"es_ES\" \/>\n<meta property=\"og:type\" content=\"article\" \/>\n<meta property=\"og:title\" content=\"El gobierno ajustar\u00e1 el gasto y reducir\u00e1 el endeudamiento en 2022\" \/>\n<meta property=\"og:description\" content=\"&nbsp; A medida que se desacelera el crecimiento del gasto p\u00fablico y aumenta la tributaci\u00f3n, la administraci\u00f3n intentar\u00e1 reducir el d\u00e9ficit fiscal a alrededor del 3% del producto interno bruto (PIB) por segundo a\u00f1o&#046;&#046;&#046;\" \/>\n<meta property=\"og:url\" content=\"https:\/\/noti-america.com\/site\/repdom\/2021\/09\/29\/el-gobierno-ajustara-el-gasto-y-reducira-el-endeudamiento-en-2022-3\/\" \/>\n<meta property=\"og:site_name\" content=\"Rep. Dominicana | Noti-America.com\" \/>\n<meta property=\"article:author\" content=\"https:\/\/www.facebook.com\/share\/1HVE1qCqVk\/?mibextid=wwXIfr\" \/>\n<meta property=\"article:published_time\" content=\"2021-09-29T13:08:13+00:00\" \/>\n<meta property=\"og:image\" content=\"https:\/\/noti-america.com\/site\/repdom\/wp-content\/uploads\/sites\/6\/2021\/09\/images_17322880_20210928183343.jpg\" \/>\n\t<meta property=\"og:image:width\" content=\"546\" \/>\n\t<meta property=\"og:image:height\" content=\"350\" \/>\n\t<meta property=\"og:image:type\" content=\"image\/jpeg\" \/>\n<meta name=\"author\" content=\"Miguel Ramirez\" \/>\n<meta name=\"twitter:card\" content=\"summary_large_image\" \/>\n<meta name=\"twitter:label1\" content=\"Escrito por\" \/>\n\t<meta name=\"twitter:data1\" content=\"Miguel Ramirez\" \/>\n\t<meta name=\"twitter:label2\" content=\"Tiempo estimado de lectura\" \/>\n\t<meta name=\"twitter:data2\" content=\"2 minutos\" \/>\n<script type=\"application\/ld+json\" class=\"yoast-schema-graph\">{\"@context\":\"https:\/\/schema.org\",\"@graph\":[{\"@type\":\"Article\",\"@id\":\"https:\/\/noti-america.com\/site\/repdom\/2021\/09\/29\/el-gobierno-ajustara-el-gasto-y-reducira-el-endeudamiento-en-2022-3\/#article\",\"isPartOf\":{\"@id\":\"https:\/\/noti-america.com\/site\/repdom\/2021\/09\/29\/el-gobierno-ajustara-el-gasto-y-reducira-el-endeudamiento-en-2022-3\/\"},\"author\":{\"name\":\"Miguel Ramirez\",\"@id\":\"https:\/\/noti-america.com\/site\/repdom\/#\/schema\/person\/8027db7d71a0328e6e4474fa188c6fb3\"},\"headline\":\"El gobierno ajustar\u00e1 el gasto y reducir\u00e1 el endeudamiento en 2022\",\"datePublished\":\"2021-09-29T13:08:13+00:00\",\"mainEntityOfPage\":{\"@id\":\"https:\/\/noti-america.com\/site\/repdom\/2021\/09\/29\/el-gobierno-ajustara-el-gasto-y-reducira-el-endeudamiento-en-2022-3\/\"},\"wordCount\":360,\"commentCount\":0,\"publisher\":{\"@id\":\"https:\/\/noti-america.com\/site\/repdom\/#organization\"},\"image\":{\"@id\":\"https:\/\/noti-america.com\/site\/repdom\/2021\/09\/29\/el-gobierno-ajustara-el-gasto-y-reducira-el-endeudamiento-en-2022-3\/#primaryimage\"},\"thumbnailUrl\":\"https:\/\/noti-america.com\/site\/repdom\/wp-content\/uploads\/sites\/6\/2021\/09\/images_17322880_20210928183343.jpg\",\"articleSection\":[\"Noticias\"],\"inLanguage\":\"es\",\"potentialAction\":[{\"@type\":\"CommentAction\",\"name\":\"Comment\",\"target\":[\"https:\/\/noti-america.com\/site\/repdom\/2021\/09\/29\/el-gobierno-ajustara-el-gasto-y-reducira-el-endeudamiento-en-2022-3\/#respond\"]}]},{\"@type\":\"WebPage\",\"@id\":\"https:\/\/noti-america.com\/site\/repdom\/2021\/09\/29\/el-gobierno-ajustara-el-gasto-y-reducira-el-endeudamiento-en-2022-3\/\",\"url\":\"https:\/\/noti-america.com\/site\/repdom\/2021\/09\/29\/el-gobierno-ajustara-el-gasto-y-reducira-el-endeudamiento-en-2022-3\/\",\"name\":\"El gobierno ajustar\u00e1 el gasto y reducir\u00e1 el endeudamiento en 2022 - Rep. Dominicana | Noti-America.com\",\"isPartOf\":{\"@id\":\"https:\/\/noti-america.com\/site\/repdom\/#website\"},\"primaryImageOfPage\":{\"@id\":\"https:\/\/noti-america.com\/site\/repdom\/2021\/09\/29\/el-gobierno-ajustara-el-gasto-y-reducira-el-endeudamiento-en-2022-3\/#primaryimage\"},\"image\":{\"@id\":\"https:\/\/noti-america.com\/site\/repdom\/2021\/09\/29\/el-gobierno-ajustara-el-gasto-y-reducira-el-endeudamiento-en-2022-3\/#primaryimage\"},\"thumbnailUrl\":\"https:\/\/noti-america.com\/site\/repdom\/wp-content\/uploads\/sites\/6\/2021\/09\/images_17322880_20210928183343.jpg\",\"datePublished\":\"2021-09-29T13:08:13+00:00\",\"breadcrumb\":{\"@id\":\"https:\/\/noti-america.com\/site\/repdom\/2021\/09\/29\/el-gobierno-ajustara-el-gasto-y-reducira-el-endeudamiento-en-2022-3\/#breadcrumb\"},\"inLanguage\":\"es\",\"potentialAction\":[{\"@type\":\"ReadAction\",\"target\":[\"https:\/\/noti-america.com\/site\/repdom\/2021\/09\/29\/el-gobierno-ajustara-el-gasto-y-reducira-el-endeudamiento-en-2022-3\/\"]}]},{\"@type\":\"ImageObject\",\"inLanguage\":\"es\",\"@id\":\"https:\/\/noti-america.com\/site\/repdom\/2021\/09\/29\/el-gobierno-ajustara-el-gasto-y-reducira-el-endeudamiento-en-2022-3\/#primaryimage\",\"url\":\"https:\/\/noti-america.com\/site\/repdom\/wp-content\/uploads\/sites\/6\/2021\/09\/images_17322880_20210928183343.jpg\",\"contentUrl\":\"https:\/\/noti-america.com\/site\/repdom\/wp-content\/uploads\/sites\/6\/2021\/09\/images_17322880_20210928183343.jpg\",\"width\":546,\"height\":350},{\"@type\":\"BreadcrumbList\",\"@id\":\"https:\/\/noti-america.com\/site\/repdom\/2021\/09\/29\/el-gobierno-ajustara-el-gasto-y-reducira-el-endeudamiento-en-2022-3\/#breadcrumb\",\"itemListElement\":[{\"@type\":\"ListItem\",\"position\":1,\"name\":\"Portada\",\"item\":\"https:\/\/noti-america.com\/site\/repdom\/\"},{\"@type\":\"ListItem\",\"position\":2,\"name\":\"El gobierno ajustar\u00e1 el gasto y reducir\u00e1 el endeudamiento en 2022\"}]},{\"@type\":\"WebSite\",\"@id\":\"https:\/\/noti-america.com\/site\/repdom\/#website\",\"url\":\"https:\/\/noti-america.com\/site\/repdom\/\",\"name\":\"Rep. Dominicana | Noti-America.com\",\"description\":\"\",\"publisher\":{\"@id\":\"https:\/\/noti-america.com\/site\/repdom\/#organization\"},\"potentialAction\":[{\"@type\":\"SearchAction\",\"target\":{\"@type\":\"EntryPoint\",\"urlTemplate\":\"https:\/\/noti-america.com\/site\/repdom\/?s={search_term_string}\"},\"query-input\":{\"@type\":\"PropertyValueSpecification\",\"valueRequired\":true,\"valueName\":\"search_term_string\"}}],\"inLanguage\":\"es\"},{\"@type\":\"Organization\",\"@id\":\"https:\/\/noti-america.com\/site\/repdom\/#organization\",\"name\":\"Noti-America LLC | Rep\u00fablica Dominicana\",\"url\":\"https:\/\/noti-america.com\/site\/repdom\/\",\"logo\":{\"@type\":\"ImageObject\",\"inLanguage\":\"es\",\"@id\":\"https:\/\/noti-america.com\/site\/repdom\/#\/schema\/logo\/image\/\",\"url\":\"https:\/\/noti-america.com\/site\/repdom\/wp-content\/uploads\/sites\/6\/2020\/07\/LogoNA-4x3-1.jpg\",\"contentUrl\":\"https:\/\/noti-america.com\/site\/repdom\/wp-content\/uploads\/sites\/6\/2020\/07\/LogoNA-4x3-1.jpg\",\"width\":1236,\"height\":1080,\"caption\":\"Noti-America LLC | Rep\u00fablica Dominicana\"},\"image\":{\"@id\":\"https:\/\/noti-america.com\/site\/repdom\/#\/schema\/logo\/image\/\"}},{\"@type\":\"Person\",\"@id\":\"https:\/\/noti-america.com\/site\/repdom\/#\/schema\/person\/8027db7d71a0328e6e4474fa188c6fb3\",\"name\":\"Miguel Ramirez\",\"image\":{\"@type\":\"ImageObject\",\"inLanguage\":\"es\",\"@id\":\"https:\/\/secure.gravatar.com\/avatar\/41a78fb2cdab3e2dc5831d3591f1dab499ed0c22acc464195b09f37c2b3ac2cf?s=96&d=mm&r=g\",\"url\":\"https:\/\/secure.gravatar.com\/avatar\/41a78fb2cdab3e2dc5831d3591f1dab499ed0c22acc464195b09f37c2b3ac2cf?s=96&d=mm&r=g\",\"contentUrl\":\"https:\/\/secure.gravatar.com\/avatar\/41a78fb2cdab3e2dc5831d3591f1dab499ed0c22acc464195b09f37c2b3ac2cf?s=96&d=mm&r=g\",\"caption\":\"Miguel Ramirez\"},\"description\":\"Locutor y periodista digital y coach comunicaci\u00f3n\",\"sameAs\":[\"https:\/\/www.facebook.com\/share\/1HVE1qCqVk\/?mibextid=wwXIfr\"],\"url\":\"https:\/\/noti-america.com\/site\/repdom\/author\/mramirez\/\"}]}<\/script>\n<!-- \/ Yoast SEO Premium plugin. -->","yoast_head_json":{"title":"El gobierno ajustar\u00e1 el gasto y reducir\u00e1 el endeudamiento en 2022 - Rep. Dominicana | Noti-America.com","robots":{"index":"index","follow":"follow","max-snippet":"max-snippet:-1","max-image-preview":"max-image-preview:large","max-video-preview":"max-video-preview:-1"},"canonical":"https:\/\/noti-america.com\/site\/repdom\/2021\/09\/29\/el-gobierno-ajustara-el-gasto-y-reducira-el-endeudamiento-en-2022-3\/","og_locale":"es_ES","og_type":"article","og_title":"El gobierno ajustar\u00e1 el gasto y reducir\u00e1 el endeudamiento en 2022","og_description":"&nbsp; A medida que se desacelera el crecimiento del gasto p\u00fablico y aumenta la tributaci\u00f3n, la administraci\u00f3n intentar\u00e1 reducir el d\u00e9ficit fiscal a alrededor del 3% del producto interno bruto (PIB) por segundo a\u00f1o&#46;&#46;&#46;","og_url":"https:\/\/noti-america.com\/site\/repdom\/2021\/09\/29\/el-gobierno-ajustara-el-gasto-y-reducira-el-endeudamiento-en-2022-3\/","og_site_name":"Rep. Dominicana | Noti-America.com","article_author":"https:\/\/www.facebook.com\/share\/1HVE1qCqVk\/?mibextid=wwXIfr","article_published_time":"2021-09-29T13:08:13+00:00","og_image":[{"width":546,"height":350,"url":"https:\/\/noti-america.com\/site\/repdom\/wp-content\/uploads\/sites\/6\/2021\/09\/images_17322880_20210928183343.jpg","type":"image\/jpeg"}],"author":"Miguel Ramirez","twitter_card":"summary_large_image","twitter_misc":{"Escrito por":"Miguel Ramirez","Tiempo estimado de lectura":"2 minutos"},"schema":{"@context":"https:\/\/schema.org","@graph":[{"@type":"Article","@id":"https:\/\/noti-america.com\/site\/repdom\/2021\/09\/29\/el-gobierno-ajustara-el-gasto-y-reducira-el-endeudamiento-en-2022-3\/#article","isPartOf":{"@id":"https:\/\/noti-america.com\/site\/repdom\/2021\/09\/29\/el-gobierno-ajustara-el-gasto-y-reducira-el-endeudamiento-en-2022-3\/"},"author":{"name":"Miguel Ramirez","@id":"https:\/\/noti-america.com\/site\/repdom\/#\/schema\/person\/8027db7d71a0328e6e4474fa188c6fb3"},"headline":"El gobierno ajustar\u00e1 el gasto y reducir\u00e1 el endeudamiento en 2022","datePublished":"2021-09-29T13:08:13+00:00","mainEntityOfPage":{"@id":"https:\/\/noti-america.com\/site\/repdom\/2021\/09\/29\/el-gobierno-ajustara-el-gasto-y-reducira-el-endeudamiento-en-2022-3\/"},"wordCount":360,"commentCount":0,"publisher":{"@id":"https:\/\/noti-america.com\/site\/repdom\/#organization"},"image":{"@id":"https:\/\/noti-america.com\/site\/repdom\/2021\/09\/29\/el-gobierno-ajustara-el-gasto-y-reducira-el-endeudamiento-en-2022-3\/#primaryimage"},"thumbnailUrl":"https:\/\/noti-america.com\/site\/repdom\/wp-content\/uploads\/sites\/6\/2021\/09\/images_17322880_20210928183343.jpg","articleSection":["Noticias"],"inLanguage":"es","potentialAction":[{"@type":"CommentAction","name":"Comment","target":["https:\/\/noti-america.com\/site\/repdom\/2021\/09\/29\/el-gobierno-ajustara-el-gasto-y-reducira-el-endeudamiento-en-2022-3\/#respond"]}]},{"@type":"WebPage","@id":"https:\/\/noti-america.com\/site\/repdom\/2021\/09\/29\/el-gobierno-ajustara-el-gasto-y-reducira-el-endeudamiento-en-2022-3\/","url":"https:\/\/noti-america.com\/site\/repdom\/2021\/09\/29\/el-gobierno-ajustara-el-gasto-y-reducira-el-endeudamiento-en-2022-3\/","name":"El gobierno ajustar\u00e1 el gasto y reducir\u00e1 el endeudamiento en 2022 - Rep. Dominicana | Noti-America.com","isPartOf":{"@id":"https:\/\/noti-america.com\/site\/repdom\/#website"},"primaryImageOfPage":{"@id":"https:\/\/noti-america.com\/site\/repdom\/2021\/09\/29\/el-gobierno-ajustara-el-gasto-y-reducira-el-endeudamiento-en-2022-3\/#primaryimage"},"image":{"@id":"https:\/\/noti-america.com\/site\/repdom\/2021\/09\/29\/el-gobierno-ajustara-el-gasto-y-reducira-el-endeudamiento-en-2022-3\/#primaryimage"},"thumbnailUrl":"https:\/\/noti-america.com\/site\/repdom\/wp-content\/uploads\/sites\/6\/2021\/09\/images_17322880_20210928183343.jpg","datePublished":"2021-09-29T13:08:13+00:00","breadcrumb":{"@id":"https:\/\/noti-america.com\/site\/repdom\/2021\/09\/29\/el-gobierno-ajustara-el-gasto-y-reducira-el-endeudamiento-en-2022-3\/#breadcrumb"},"inLanguage":"es","potentialAction":[{"@type":"ReadAction","target":["https:\/\/noti-america.com\/site\/repdom\/2021\/09\/29\/el-gobierno-ajustara-el-gasto-y-reducira-el-endeudamiento-en-2022-3\/"]}]},{"@type":"ImageObject","inLanguage":"es","@id":"https:\/\/noti-america.com\/site\/repdom\/2021\/09\/29\/el-gobierno-ajustara-el-gasto-y-reducira-el-endeudamiento-en-2022-3\/#primaryimage","url":"https:\/\/noti-america.com\/site\/repdom\/wp-content\/uploads\/sites\/6\/2021\/09\/images_17322880_20210928183343.jpg","contentUrl":"https:\/\/noti-america.com\/site\/repdom\/wp-content\/uploads\/sites\/6\/2021\/09\/images_17322880_20210928183343.jpg","width":546,"height":350},{"@type":"BreadcrumbList","@id":"https:\/\/noti-america.com\/site\/repdom\/2021\/09\/29\/el-gobierno-ajustara-el-gasto-y-reducira-el-endeudamiento-en-2022-3\/#breadcrumb","itemListElement":[{"@type":"ListItem","position":1,"name":"Portada","item":"https:\/\/noti-america.com\/site\/repdom\/"},{"@type":"ListItem","position":2,"name":"El gobierno ajustar\u00e1 el gasto y reducir\u00e1 el endeudamiento en 2022"}]},{"@type":"WebSite","@id":"https:\/\/noti-america.com\/site\/repdom\/#website","url":"https:\/\/noti-america.com\/site\/repdom\/","name":"Rep. Dominicana | Noti-America.com","description":"","publisher":{"@id":"https:\/\/noti-america.com\/site\/repdom\/#organization"},"potentialAction":[{"@type":"SearchAction","target":{"@type":"EntryPoint","urlTemplate":"https:\/\/noti-america.com\/site\/repdom\/?s={search_term_string}"},"query-input":{"@type":"PropertyValueSpecification","valueRequired":true,"valueName":"search_term_string"}}],"inLanguage":"es"},{"@type":"Organization","@id":"https:\/\/noti-america.com\/site\/repdom\/#organization","name":"Noti-America LLC | Rep\u00fablica Dominicana","url":"https:\/\/noti-america.com\/site\/repdom\/","logo":{"@type":"ImageObject","inLanguage":"es","@id":"https:\/\/noti-america.com\/site\/repdom\/#\/schema\/logo\/image\/","url":"https:\/\/noti-america.com\/site\/repdom\/wp-content\/uploads\/sites\/6\/2020\/07\/LogoNA-4x3-1.jpg","contentUrl":"https:\/\/noti-america.com\/site\/repdom\/wp-content\/uploads\/sites\/6\/2020\/07\/LogoNA-4x3-1.jpg","width":1236,"height":1080,"caption":"Noti-America LLC | Rep\u00fablica Dominicana"},"image":{"@id":"https:\/\/noti-america.com\/site\/repdom\/#\/schema\/logo\/image\/"}},{"@type":"Person","@id":"https:\/\/noti-america.com\/site\/repdom\/#\/schema\/person\/8027db7d71a0328e6e4474fa188c6fb3","name":"Miguel Ramirez","image":{"@type":"ImageObject","inLanguage":"es","@id":"https:\/\/secure.gravatar.com\/avatar\/41a78fb2cdab3e2dc5831d3591f1dab499ed0c22acc464195b09f37c2b3ac2cf?s=96&d=mm&r=g","url":"https:\/\/secure.gravatar.com\/avatar\/41a78fb2cdab3e2dc5831d3591f1dab499ed0c22acc464195b09f37c2b3ac2cf?s=96&d=mm&r=g","contentUrl":"https:\/\/secure.gravatar.com\/avatar\/41a78fb2cdab3e2dc5831d3591f1dab499ed0c22acc464195b09f37c2b3ac2cf?s=96&d=mm&r=g","caption":"Miguel Ramirez"},"description":"Locutor y periodista digital y coach comunicaci\u00f3n","sameAs":["https:\/\/www.facebook.com\/share\/1HVE1qCqVk\/?mibextid=wwXIfr"],"url":"https:\/\/noti-america.com\/site\/repdom\/author\/mramirez\/"}]}},"_links":{"self":[{"href":"https:\/\/noti-america.com\/site\/repdom\/wp-json\/wp\/v2\/posts\/13479","targetHints":{"allow":["GET"]}}],"collection":[{"href":"https:\/\/noti-america.com\/site\/repdom\/wp-json\/wp\/v2\/posts"}],"about":[{"href":"https:\/\/noti-america.com\/site\/repdom\/wp-json\/wp\/v2\/types\/post"}],"author":[{"embeddable":true,"href":"https:\/\/noti-america.com\/site\/repdom\/wp-json\/wp\/v2\/users\/96"}],"replies":[{"embeddable":true,"href":"https:\/\/noti-america.com\/site\/repdom\/wp-json\/wp\/v2\/comments?post=13479"}],"version-history":[{"count":0,"href":"https:\/\/noti-america.com\/site\/repdom\/wp-json\/wp\/v2\/posts\/13479\/revisions"}],"wp:featuredmedia":[{"embeddable":true,"href":"https:\/\/noti-america.com\/site\/repdom\/wp-json\/wp\/v2\/media\/13477"}],"wp:attachment":[{"href":"https:\/\/noti-america.com\/site\/repdom\/wp-json\/wp\/v2\/media?parent=13479"}],"wp:term":[{"taxonomy":"category","embeddable":true,"href":"https:\/\/noti-america.com\/site\/repdom\/wp-json\/wp\/v2\/categories?post=13479"},{"taxonomy":"post_tag","embeddable":true,"href":"https:\/\/noti-america.com\/site\/repdom\/wp-json\/wp\/v2\/tags?post=13479"}],"curies":[{"name":"wp","href":"https:\/\/api.w.org\/{rel}","templated":true}]}}