{"id":13470,"date":"2021-09-29T04:55:43","date_gmt":"2021-09-29T04:55:43","guid":{"rendered":"https:\/\/noti-america.com\/site\/repdom\/?p=13470"},"modified":"2021-09-29T04:55:43","modified_gmt":"2021-09-29T04:55:43","slug":"motored-respaldara-segunda-prueba-de-autos-en-las-americas","status":"publish","type":"post","link":"https:\/\/noti-america.com\/site\/repdom\/2021\/09\/29\/motored-respaldara-segunda-prueba-de-autos-en-las-americas\/","title":{"rendered":"MOTORED respaldar\u00e1 segunda prueba de autos en Las Am\u00e9ricas"},"content":{"rendered":"<p class=\"x_MsoNormal\" style=\"text-align: justify\"><span lang=\"ES-DO\">SANTO DOMINGO &#8211; Luego de un gran inicio del campeonato nacional, el Club Dominicano de Corredores de Circuito (CDCC)\u00a0llevar\u00e1 a cabo el\u00a0Gran Premio MOTORED\u00a0el domingo 3 de octubre en las instalaciones del\u00a0Aut\u00f3dromo Internacional Las Am\u00e9ricas\u00a0a partir de las 10 de la ma\u00f1ana.<\/span><\/p>\n<p class=\"x_MsoNormal\" style=\"text-align: justify\"><b><\/b><span lang=\"ES-DO\">Con el regreso de la categor\u00eda m\u00e1xima DTS y lo re\u00f1ida que est\u00e1 la Racing Sedan (RS), el p\u00fablico recibir\u00e1 un gran espect\u00e1culo en la segunda fecha v\u00e1lida de autos, siguiendo todos los protocolos usados en la primera, que fueron muy elogiados por las autoridades correspondiente debido al manejo de los organizadores.<\/span><\/p>\n<p class=\"x_MsoNormal\" style=\"text-align: justify\"><span lang=\"ES-DO\">El piloto Jos\u00e9 Lora, presidente del CDCC, dijo sentirse conforme con el respaldo de los pilotos en la prueba anterior percibiendo un gran aumento de las expectativas: \u201cComo directiva hemos hecho contacto con la mayor\u00eda de los pilotos del club y todos dicen que quieren participar en los eventos, algunos a\u00fan no tendr\u00e1n sus autos listos pero otros que no estuvieron en la pasada fecha ya est\u00e1n ready para competir por el entusiasmo que se vivi\u00f3 en el aut\u00f3dromo\u201d, enfatiz\u00f3 Lora.<\/span><\/p>\n<p class=\"x_MsoNormal\" style=\"text-align: justify\"><span lang=\"ES-DO\">El presidente de la empresa MOTORED, Edwin Ram\u00edrez, expuso que no se escatimar\u00e1n esfuerzos para llevar un evento por todo lo alto como la fanaticada de la velocidad se lo merece: \u201cHemos visto la log\u00edstica planificada por el comit\u00e9 organizador y contar\u00e1n con todo nuestro apoyo para que los que asistan al evento se lleven una grata experiencia y quieran volver\u201d, se\u00f1al\u00f3.<\/span><\/p>\n<p class=\"x_MsoNormal\" style=\"text-align: justify\"><strong><span lang=\"ES-DO\">As\u00ed va el Campeonato<\/span><\/strong><\/p>\n<p class=\"x_MsoNormal\" style=\"text-align: justify\"><span lang=\"ES-DO\">Harold Robles l\u00edder la\u00a0<\/span><span lang=\"ES-DO\">categor\u00eda\u00a0Racing Sedan RS\u00a0con 37 puntos, seguido de Giusseppe Rivas 36. En la\u00a0Street Touring ST,\u00a0la pareja compuesta por Bertico Willis y Jose Liz jr., est\u00e1n batallando con Jontahan Basden el liderato de la misma donde los primeros tienen 36 tantos y el segundo 32. De lleno en la competencia por la conocida \u201cNascar del Caribe\u201d tambi\u00e9n est\u00e1n Yorky Mateo y Mimo Tomasellos, quienes tienen 31 y 30 puntos respectivamente.<\/span><\/p>\n<p class=\"x_MsoNormal\" style=\"text-align: justify\"><span lang=\"ES-DO\">Jos\u00e9 Lora y Lenin Hern\u00e1ndez est\u00e1n peleando la cima de la\u00a0Stock Dominican Series<\/span><span lang=\"ES-DO\">\u00a0SDS<\/span><span lang=\"ES-DO\">\u00a0por solo un punto de diferencia entre ambos pilotos, mientras la\u00a0Turismo Nacional TN\u00a0est\u00e1 dominada por el piloto Motored \u00c1ngel Acosta\u00a0quien se llev\u00f3 la totalidad de los puntos en la pasada carrera para totalizar 41. La categor\u00eda\u00a0Index\u00a0llam\u00f3 la atenci\u00f3n de los asistentes al ver la variedad de autos que participaron y la reglamentaci\u00f3n que los emparejaba con el tiempo por vueltas.<\/span><\/p>\n<p class=\"x_MsoNormal\" style=\"text-align: justify\"><span lang=\"ES-DO\">Lora volvi\u00f3 a enfatizar que cuentan con los permisos correspondientes del Ministerio de Salud P\u00fablica, que autorizaron un 40% de la capacidad de fan\u00e1ticos elevando ese porcentaje con respecto a la anterior, as\u00ed mismo indic\u00f3 que tienen el aval de la FDA para celebrar dicho evento con las seis categor\u00edas que forman el programa de competencia.<\/span><\/p>\n<p class=\"x_MsoNormal\" style=\"text-align: justify\"><span lang=\"ES-DO\">Las puertas del aut\u00f3dromo estar\u00e1n abiertas desde las 10 de la ma\u00f1ana y las boletas estar\u00e1n a la venta en las instalaciones del parque de velocidad con precios de RD$3,500.00 el Special Guest, RD$1,500.00 VIP, RD$800.00 Paddoks, RD$400.00 Gradas. El Club Dominicano de Corredores de Circuito cuenta con el apoyo de Lubricantes Mobil, Delta Comercial, Toyota, Agencia Bella, Honda, LubriStar, Motored y La Peluquer\u00eda.<\/span><\/p>\n<p style=\"text-align: justify\"><strong>Fuente: Aquiles Ram\u00edrez<\/strong><\/p>\n","protected":false},"excerpt":{"rendered":"<p>SANTO DOMINGO &#8211; Luego de un gran inicio del campeonato nacional, el Club Dominicano de Corredores de Circuito (CDCC)\u00a0llevar\u00e1 a cabo el\u00a0Gran Premio MOTORED\u00a0el domingo 3 de octubre en las instalaciones del\u00a0Aut\u00f3dromo Internacional Las&#46;&#46;&#46;<\/p>\n","protected":false},"author":89,"featured_media":13471,"comment_status":"open","ping_status":"open","sticky":false,"template":"","format":"standard","meta":{"_acf_changed":false,"rop_custom_images_group":[],"rop_custom_messages_group":[],"rop_publish_now":"initial","rop_publish_now_accounts":[],"rop_publish_now_history":[],"rop_publish_now_status":"pending","footnotes":""},"categories":[16],"tags":[1542,1648,1543],"class_list":["post-13470","post","type-post","status-publish","format-standard","has-post-thumbnail","hentry","category-deportes","tag-club-dominicano-de-corredores-de-circuito","tag-gran-premio-motored","tag-jose-lora"],"acf":[],"yoast_head":"<!-- This site is optimized with the Yoast SEO Premium plugin v24.9 (Yoast SEO v27.2) - https:\/\/yoast.com\/product\/yoast-seo-premium-wordpress\/ -->\n<title>MOTORED respaldar\u00e1 segunda prueba de autos en Las Am\u00e9ricas - Rep. Dominicana | Noti-America.com<\/title>\n<meta name=\"robots\" content=\"index, follow, max-snippet:-1, max-image-preview:large, max-video-preview:-1\" \/>\n<link rel=\"canonical\" href=\"https:\/\/noti-america.com\/site\/repdom\/2021\/09\/29\/motored-respaldara-segunda-prueba-de-autos-en-las-americas\/\" \/>\n<meta property=\"og:locale\" content=\"es_ES\" \/>\n<meta property=\"og:type\" content=\"article\" \/>\n<meta property=\"og:title\" content=\"MOTORED respaldar\u00e1 segunda prueba de autos en Las Am\u00e9ricas\" \/>\n<meta property=\"og:description\" content=\"SANTO DOMINGO &#8211; Luego de un gran inicio del campeonato nacional, el Club Dominicano de Corredores de Circuito (CDCC)\u00a0llevar\u00e1 a cabo el\u00a0Gran Premio MOTORED\u00a0el domingo 3 de octubre en las instalaciones del\u00a0Aut\u00f3dromo Internacional Las&#046;&#046;&#046;\" \/>\n<meta property=\"og:url\" content=\"https:\/\/noti-america.com\/site\/repdom\/2021\/09\/29\/motored-respaldara-segunda-prueba-de-autos-en-las-americas\/\" \/>\n<meta property=\"og:site_name\" content=\"Rep. Dominicana | Noti-America.com\" \/>\n<meta property=\"article:published_time\" content=\"2021-09-29T04:55:43+00:00\" \/>\n<meta property=\"og:image\" content=\"https:\/\/noti-america.com\/site\/repdom\/wp-content\/uploads\/sites\/6\/2021\/09\/Rueda-de-prensa-MOTORED-scaled.jpg\" \/>\n\t<meta property=\"og:image:width\" content=\"2560\" \/>\n\t<meta property=\"og:image:height\" content=\"1191\" \/>\n\t<meta property=\"og:image:type\" content=\"image\/jpeg\" \/>\n<meta name=\"author\" content=\"Ad\u00e1n Soriano\" \/>\n<meta name=\"twitter:card\" content=\"summary_large_image\" \/>\n<meta name=\"twitter:creator\" content=\"@adansoriano\" \/>\n<meta name=\"twitter:label1\" content=\"Escrito por\" \/>\n\t<meta name=\"twitter:data1\" content=\"Ad\u00e1n Soriano\" \/>\n\t<meta name=\"twitter:label2\" content=\"Tiempo estimado de lectura\" \/>\n\t<meta name=\"twitter:data2\" content=\"3 minutos\" \/>\n<script type=\"application\/ld+json\" class=\"yoast-schema-graph\">{\"@context\":\"https:\/\/schema.org\",\"@graph\":[{\"@type\":\"Article\",\"@id\":\"https:\/\/noti-america.com\/site\/repdom\/2021\/09\/29\/motored-respaldara-segunda-prueba-de-autos-en-las-americas\/#article\",\"isPartOf\":{\"@id\":\"https:\/\/noti-america.com\/site\/repdom\/2021\/09\/29\/motored-respaldara-segunda-prueba-de-autos-en-las-americas\/\"},\"author\":{\"name\":\"Ad\u00e1n Soriano\",\"@id\":\"https:\/\/noti-america.com\/site\/repdom\/#\/schema\/person\/fd0092c1530d275fabaa5cffcbc2b976\"},\"headline\":\"MOTORED respaldar\u00e1 segunda prueba de autos en Las Am\u00e9ricas\",\"datePublished\":\"2021-09-29T04:55:43+00:00\",\"mainEntityOfPage\":{\"@id\":\"https:\/\/noti-america.com\/site\/repdom\/2021\/09\/29\/motored-respaldara-segunda-prueba-de-autos-en-las-americas\/\"},\"wordCount\":562,\"commentCount\":0,\"publisher\":{\"@id\":\"https:\/\/noti-america.com\/site\/repdom\/#organization\"},\"image\":{\"@id\":\"https:\/\/noti-america.com\/site\/repdom\/2021\/09\/29\/motored-respaldara-segunda-prueba-de-autos-en-las-americas\/#primaryimage\"},\"thumbnailUrl\":\"https:\/\/noti-america.com\/site\/repdom\/wp-content\/uploads\/sites\/6\/2021\/09\/Rueda-de-prensa-MOTORED-scaled.jpg\",\"keywords\":[\"Club Dominicano de Corredores de Circuito\",\"Gran Premio MOTORED\",\"Jos\u00e9 Lora\"],\"articleSection\":[\"Deportes\"],\"inLanguage\":\"es\",\"potentialAction\":[{\"@type\":\"CommentAction\",\"name\":\"Comment\",\"target\":[\"https:\/\/noti-america.com\/site\/repdom\/2021\/09\/29\/motored-respaldara-segunda-prueba-de-autos-en-las-americas\/#respond\"]}]},{\"@type\":\"WebPage\",\"@id\":\"https:\/\/noti-america.com\/site\/repdom\/2021\/09\/29\/motored-respaldara-segunda-prueba-de-autos-en-las-americas\/\",\"url\":\"https:\/\/noti-america.com\/site\/repdom\/2021\/09\/29\/motored-respaldara-segunda-prueba-de-autos-en-las-americas\/\",\"name\":\"MOTORED respaldar\u00e1 segunda prueba de autos en Las Am\u00e9ricas - Rep. Dominicana | Noti-America.com\",\"isPartOf\":{\"@id\":\"https:\/\/noti-america.com\/site\/repdom\/#website\"},\"primaryImageOfPage\":{\"@id\":\"https:\/\/noti-america.com\/site\/repdom\/2021\/09\/29\/motored-respaldara-segunda-prueba-de-autos-en-las-americas\/#primaryimage\"},\"image\":{\"@id\":\"https:\/\/noti-america.com\/site\/repdom\/2021\/09\/29\/motored-respaldara-segunda-prueba-de-autos-en-las-americas\/#primaryimage\"},\"thumbnailUrl\":\"https:\/\/noti-america.com\/site\/repdom\/wp-content\/uploads\/sites\/6\/2021\/09\/Rueda-de-prensa-MOTORED-scaled.jpg\",\"datePublished\":\"2021-09-29T04:55:43+00:00\",\"breadcrumb\":{\"@id\":\"https:\/\/noti-america.com\/site\/repdom\/2021\/09\/29\/motored-respaldara-segunda-prueba-de-autos-en-las-americas\/#breadcrumb\"},\"inLanguage\":\"es\",\"potentialAction\":[{\"@type\":\"ReadAction\",\"target\":[\"https:\/\/noti-america.com\/site\/repdom\/2021\/09\/29\/motored-respaldara-segunda-prueba-de-autos-en-las-americas\/\"]}]},{\"@type\":\"ImageObject\",\"inLanguage\":\"es\",\"@id\":\"https:\/\/noti-america.com\/site\/repdom\/2021\/09\/29\/motored-respaldara-segunda-prueba-de-autos-en-las-americas\/#primaryimage\",\"url\":\"https:\/\/noti-america.com\/site\/repdom\/wp-content\/uploads\/sites\/6\/2021\/09\/Rueda-de-prensa-MOTORED-scaled.jpg\",\"contentUrl\":\"https:\/\/noti-america.com\/site\/repdom\/wp-content\/uploads\/sites\/6\/2021\/09\/Rueda-de-prensa-MOTORED-scaled.jpg\",\"width\":2560,\"height\":1191},{\"@type\":\"BreadcrumbList\",\"@id\":\"https:\/\/noti-america.com\/site\/repdom\/2021\/09\/29\/motored-respaldara-segunda-prueba-de-autos-en-las-americas\/#breadcrumb\",\"itemListElement\":[{\"@type\":\"ListItem\",\"position\":1,\"name\":\"Portada\",\"item\":\"https:\/\/noti-america.com\/site\/repdom\/\"},{\"@type\":\"ListItem\",\"position\":2,\"name\":\"MOTORED respaldar\u00e1 segunda prueba de autos en Las Am\u00e9ricas\"}]},{\"@type\":\"WebSite\",\"@id\":\"https:\/\/noti-america.com\/site\/repdom\/#website\",\"url\":\"https:\/\/noti-america.com\/site\/repdom\/\",\"name\":\"Rep. Dominicana | Noti-America.com\",\"description\":\"\",\"publisher\":{\"@id\":\"https:\/\/noti-america.com\/site\/repdom\/#organization\"},\"potentialAction\":[{\"@type\":\"SearchAction\",\"target\":{\"@type\":\"EntryPoint\",\"urlTemplate\":\"https:\/\/noti-america.com\/site\/repdom\/?s={search_term_string}\"},\"query-input\":{\"@type\":\"PropertyValueSpecification\",\"valueRequired\":true,\"valueName\":\"search_term_string\"}}],\"inLanguage\":\"es\"},{\"@type\":\"Organization\",\"@id\":\"https:\/\/noti-america.com\/site\/repdom\/#organization\",\"name\":\"Noti-America LLC | Rep\u00fablica Dominicana\",\"url\":\"https:\/\/noti-america.com\/site\/repdom\/\",\"logo\":{\"@type\":\"ImageObject\",\"inLanguage\":\"es\",\"@id\":\"https:\/\/noti-america.com\/site\/repdom\/#\/schema\/logo\/image\/\",\"url\":\"https:\/\/noti-america.com\/site\/repdom\/wp-content\/uploads\/sites\/6\/2020\/07\/LogoNA-4x3-1.jpg\",\"contentUrl\":\"https:\/\/noti-america.com\/site\/repdom\/wp-content\/uploads\/sites\/6\/2020\/07\/LogoNA-4x3-1.jpg\",\"width\":1236,\"height\":1080,\"caption\":\"Noti-America LLC | Rep\u00fablica Dominicana\"},\"image\":{\"@id\":\"https:\/\/noti-america.com\/site\/repdom\/#\/schema\/logo\/image\/\"}},{\"@type\":\"Person\",\"@id\":\"https:\/\/noti-america.com\/site\/repdom\/#\/schema\/person\/fd0092c1530d275fabaa5cffcbc2b976\",\"name\":\"Ad\u00e1n Soriano\",\"image\":{\"@type\":\"ImageObject\",\"inLanguage\":\"es\",\"@id\":\"https:\/\/secure.gravatar.com\/avatar\/ecf97ff3aee7ff9efdae670d7e976f3e7e8acc1077e510d73707999a8bfd4467?s=96&d=mm&r=g\",\"url\":\"https:\/\/secure.gravatar.com\/avatar\/ecf97ff3aee7ff9efdae670d7e976f3e7e8acc1077e510d73707999a8bfd4467?s=96&d=mm&r=g\",\"contentUrl\":\"https:\/\/secure.gravatar.com\/avatar\/ecf97ff3aee7ff9efdae670d7e976f3e7e8acc1077e510d73707999a8bfd4467?s=96&d=mm&r=g\",\"caption\":\"Ad\u00e1n Soriano\"},\"description\":\"Soy cronista deportivo con 10 a\u00f1os de experiencia en varios espacios, y conduzco el podcast deportivo llamado Mezcla Deportiva\",\"sameAs\":[\"https:\/\/x.com\/adansoriano\"],\"url\":\"https:\/\/noti-america.com\/site\/repdom\/author\/asoriano\/\"}]}<\/script>\n<!-- \/ Yoast SEO Premium plugin. -->","yoast_head_json":{"title":"MOTORED respaldar\u00e1 segunda prueba de autos en Las Am\u00e9ricas - Rep. Dominicana | Noti-America.com","robots":{"index":"index","follow":"follow","max-snippet":"max-snippet:-1","max-image-preview":"max-image-preview:large","max-video-preview":"max-video-preview:-1"},"canonical":"https:\/\/noti-america.com\/site\/repdom\/2021\/09\/29\/motored-respaldara-segunda-prueba-de-autos-en-las-americas\/","og_locale":"es_ES","og_type":"article","og_title":"MOTORED respaldar\u00e1 segunda prueba de autos en Las Am\u00e9ricas","og_description":"SANTO DOMINGO &#8211; Luego de un gran inicio del campeonato nacional, el Club Dominicano de Corredores de Circuito (CDCC)\u00a0llevar\u00e1 a cabo el\u00a0Gran Premio MOTORED\u00a0el domingo 3 de octubre en las instalaciones del\u00a0Aut\u00f3dromo Internacional Las&#46;&#46;&#46;","og_url":"https:\/\/noti-america.com\/site\/repdom\/2021\/09\/29\/motored-respaldara-segunda-prueba-de-autos-en-las-americas\/","og_site_name":"Rep. Dominicana | Noti-America.com","article_published_time":"2021-09-29T04:55:43+00:00","og_image":[{"width":2560,"height":1191,"url":"https:\/\/noti-america.com\/site\/repdom\/wp-content\/uploads\/sites\/6\/2021\/09\/Rueda-de-prensa-MOTORED-scaled.jpg","type":"image\/jpeg"}],"author":"Ad\u00e1n Soriano","twitter_card":"summary_large_image","twitter_creator":"@adansoriano","twitter_misc":{"Escrito por":"Ad\u00e1n Soriano","Tiempo estimado de lectura":"3 minutos"},"schema":{"@context":"https:\/\/schema.org","@graph":[{"@type":"Article","@id":"https:\/\/noti-america.com\/site\/repdom\/2021\/09\/29\/motored-respaldara-segunda-prueba-de-autos-en-las-americas\/#article","isPartOf":{"@id":"https:\/\/noti-america.com\/site\/repdom\/2021\/09\/29\/motored-respaldara-segunda-prueba-de-autos-en-las-americas\/"},"author":{"name":"Ad\u00e1n Soriano","@id":"https:\/\/noti-america.com\/site\/repdom\/#\/schema\/person\/fd0092c1530d275fabaa5cffcbc2b976"},"headline":"MOTORED respaldar\u00e1 segunda prueba de autos en Las Am\u00e9ricas","datePublished":"2021-09-29T04:55:43+00:00","mainEntityOfPage":{"@id":"https:\/\/noti-america.com\/site\/repdom\/2021\/09\/29\/motored-respaldara-segunda-prueba-de-autos-en-las-americas\/"},"wordCount":562,"commentCount":0,"publisher":{"@id":"https:\/\/noti-america.com\/site\/repdom\/#organization"},"image":{"@id":"https:\/\/noti-america.com\/site\/repdom\/2021\/09\/29\/motored-respaldara-segunda-prueba-de-autos-en-las-americas\/#primaryimage"},"thumbnailUrl":"https:\/\/noti-america.com\/site\/repdom\/wp-content\/uploads\/sites\/6\/2021\/09\/Rueda-de-prensa-MOTORED-scaled.jpg","keywords":["Club Dominicano de Corredores de Circuito","Gran Premio MOTORED","Jos\u00e9 Lora"],"articleSection":["Deportes"],"inLanguage":"es","potentialAction":[{"@type":"CommentAction","name":"Comment","target":["https:\/\/noti-america.com\/site\/repdom\/2021\/09\/29\/motored-respaldara-segunda-prueba-de-autos-en-las-americas\/#respond"]}]},{"@type":"WebPage","@id":"https:\/\/noti-america.com\/site\/repdom\/2021\/09\/29\/motored-respaldara-segunda-prueba-de-autos-en-las-americas\/","url":"https:\/\/noti-america.com\/site\/repdom\/2021\/09\/29\/motored-respaldara-segunda-prueba-de-autos-en-las-americas\/","name":"MOTORED respaldar\u00e1 segunda prueba de autos en Las Am\u00e9ricas - Rep. Dominicana | Noti-America.com","isPartOf":{"@id":"https:\/\/noti-america.com\/site\/repdom\/#website"},"primaryImageOfPage":{"@id":"https:\/\/noti-america.com\/site\/repdom\/2021\/09\/29\/motored-respaldara-segunda-prueba-de-autos-en-las-americas\/#primaryimage"},"image":{"@id":"https:\/\/noti-america.com\/site\/repdom\/2021\/09\/29\/motored-respaldara-segunda-prueba-de-autos-en-las-americas\/#primaryimage"},"thumbnailUrl":"https:\/\/noti-america.com\/site\/repdom\/wp-content\/uploads\/sites\/6\/2021\/09\/Rueda-de-prensa-MOTORED-scaled.jpg","datePublished":"2021-09-29T04:55:43+00:00","breadcrumb":{"@id":"https:\/\/noti-america.com\/site\/repdom\/2021\/09\/29\/motored-respaldara-segunda-prueba-de-autos-en-las-americas\/#breadcrumb"},"inLanguage":"es","potentialAction":[{"@type":"ReadAction","target":["https:\/\/noti-america.com\/site\/repdom\/2021\/09\/29\/motored-respaldara-segunda-prueba-de-autos-en-las-americas\/"]}]},{"@type":"ImageObject","inLanguage":"es","@id":"https:\/\/noti-america.com\/site\/repdom\/2021\/09\/29\/motored-respaldara-segunda-prueba-de-autos-en-las-americas\/#primaryimage","url":"https:\/\/noti-america.com\/site\/repdom\/wp-content\/uploads\/sites\/6\/2021\/09\/Rueda-de-prensa-MOTORED-scaled.jpg","contentUrl":"https:\/\/noti-america.com\/site\/repdom\/wp-content\/uploads\/sites\/6\/2021\/09\/Rueda-de-prensa-MOTORED-scaled.jpg","width":2560,"height":1191},{"@type":"BreadcrumbList","@id":"https:\/\/noti-america.com\/site\/repdom\/2021\/09\/29\/motored-respaldara-segunda-prueba-de-autos-en-las-americas\/#breadcrumb","itemListElement":[{"@type":"ListItem","position":1,"name":"Portada","item":"https:\/\/noti-america.com\/site\/repdom\/"},{"@type":"ListItem","position":2,"name":"MOTORED respaldar\u00e1 segunda prueba de autos en Las Am\u00e9ricas"}]},{"@type":"WebSite","@id":"https:\/\/noti-america.com\/site\/repdom\/#website","url":"https:\/\/noti-america.com\/site\/repdom\/","name":"Rep. Dominicana | Noti-America.com","description":"","publisher":{"@id":"https:\/\/noti-america.com\/site\/repdom\/#organization"},"potentialAction":[{"@type":"SearchAction","target":{"@type":"EntryPoint","urlTemplate":"https:\/\/noti-america.com\/site\/repdom\/?s={search_term_string}"},"query-input":{"@type":"PropertyValueSpecification","valueRequired":true,"valueName":"search_term_string"}}],"inLanguage":"es"},{"@type":"Organization","@id":"https:\/\/noti-america.com\/site\/repdom\/#organization","name":"Noti-America LLC | Rep\u00fablica Dominicana","url":"https:\/\/noti-america.com\/site\/repdom\/","logo":{"@type":"ImageObject","inLanguage":"es","@id":"https:\/\/noti-america.com\/site\/repdom\/#\/schema\/logo\/image\/","url":"https:\/\/noti-america.com\/site\/repdom\/wp-content\/uploads\/sites\/6\/2020\/07\/LogoNA-4x3-1.jpg","contentUrl":"https:\/\/noti-america.com\/site\/repdom\/wp-content\/uploads\/sites\/6\/2020\/07\/LogoNA-4x3-1.jpg","width":1236,"height":1080,"caption":"Noti-America LLC | Rep\u00fablica Dominicana"},"image":{"@id":"https:\/\/noti-america.com\/site\/repdom\/#\/schema\/logo\/image\/"}},{"@type":"Person","@id":"https:\/\/noti-america.com\/site\/repdom\/#\/schema\/person\/fd0092c1530d275fabaa5cffcbc2b976","name":"Ad\u00e1n Soriano","image":{"@type":"ImageObject","inLanguage":"es","@id":"https:\/\/secure.gravatar.com\/avatar\/ecf97ff3aee7ff9efdae670d7e976f3e7e8acc1077e510d73707999a8bfd4467?s=96&d=mm&r=g","url":"https:\/\/secure.gravatar.com\/avatar\/ecf97ff3aee7ff9efdae670d7e976f3e7e8acc1077e510d73707999a8bfd4467?s=96&d=mm&r=g","contentUrl":"https:\/\/secure.gravatar.com\/avatar\/ecf97ff3aee7ff9efdae670d7e976f3e7e8acc1077e510d73707999a8bfd4467?s=96&d=mm&r=g","caption":"Ad\u00e1n Soriano"},"description":"Soy cronista deportivo con 10 a\u00f1os de experiencia en varios espacios, y conduzco el podcast deportivo llamado Mezcla Deportiva","sameAs":["https:\/\/x.com\/adansoriano"],"url":"https:\/\/noti-america.com\/site\/repdom\/author\/asoriano\/"}]}},"_links":{"self":[{"href":"https:\/\/noti-america.com\/site\/repdom\/wp-json\/wp\/v2\/posts\/13470","targetHints":{"allow":["GET"]}}],"collection":[{"href":"https:\/\/noti-america.com\/site\/repdom\/wp-json\/wp\/v2\/posts"}],"about":[{"href":"https:\/\/noti-america.com\/site\/repdom\/wp-json\/wp\/v2\/types\/post"}],"author":[{"embeddable":true,"href":"https:\/\/noti-america.com\/site\/repdom\/wp-json\/wp\/v2\/users\/89"}],"replies":[{"embeddable":true,"href":"https:\/\/noti-america.com\/site\/repdom\/wp-json\/wp\/v2\/comments?post=13470"}],"version-history":[{"count":1,"href":"https:\/\/noti-america.com\/site\/repdom\/wp-json\/wp\/v2\/posts\/13470\/revisions"}],"predecessor-version":[{"id":13472,"href":"https:\/\/noti-america.com\/site\/repdom\/wp-json\/wp\/v2\/posts\/13470\/revisions\/13472"}],"wp:featuredmedia":[{"embeddable":true,"href":"https:\/\/noti-america.com\/site\/repdom\/wp-json\/wp\/v2\/media\/13471"}],"wp:attachment":[{"href":"https:\/\/noti-america.com\/site\/repdom\/wp-json\/wp\/v2\/media?parent=13470"}],"wp:term":[{"taxonomy":"category","embeddable":true,"href":"https:\/\/noti-america.com\/site\/repdom\/wp-json\/wp\/v2\/categories?post=13470"},{"taxonomy":"post_tag","embeddable":true,"href":"https:\/\/noti-america.com\/site\/repdom\/wp-json\/wp\/v2\/tags?post=13470"}],"curies":[{"name":"wp","href":"https:\/\/api.w.org\/{rel}","templated":true}]}}