{"id":13359,"date":"2021-09-24T05:03:33","date_gmt":"2021-09-24T05:03:33","guid":{"rendered":"https:\/\/noti-america.com\/site\/repdom\/?p=13359"},"modified":"2021-09-24T05:03:33","modified_gmt":"2021-09-24T05:03:33","slug":"imputados-caso-odebrecht-declararan-ante-tribunal-el-lunes-mp-espera-condena-ejemplar","status":"publish","type":"post","link":"https:\/\/noti-america.com\/site\/repdom\/2021\/09\/24\/imputados-caso-odebrecht-declararan-ante-tribunal-el-lunes-mp-espera-condena-ejemplar\/","title":{"rendered":"Imputados caso Odebrecht declarar\u00e1n ante tribunal el lunes; MP espera condena ejemplar"},"content":{"rendered":"<p><img loading=\"lazy\" decoding=\"async\" class=\"\" src=\"https:\/\/eldia.com.do\/wp-content\/uploads\/2021\/08\/6_Nacionales_02-1p01.jpg\" alt=\"Imputados caso Odebrecht declarar\u00e1n ante tribunal el lunes; MP espera condena ejemplar\" width=\"536\" height=\"314\" \/><\/p>\n<p><em>NOTI-AMERICA REP\u00daBLICA DOMINICANA<\/em><\/p>\n<p style=\"text-align: justify\"><em><strong>SANTO DOMINGO<\/strong><\/em>.-\u00a0\u00a0<strong>Las juezas del Primer Tribunal Colegiado del Distrito Nacional suspendieron\u00a0 este jueves el juicio de fondo que se le sigue a los seis implicados en el caso Odebrecht, el cual continuar\u00e1 el lunes a las 9:00 de la ma\u00f1ana con las declaraciones finales\u00a0 de los imputados.<\/strong><\/p>\n<p style=\"text-align: justify\">La fiscal Mirna Ortiz resalt\u00f3 que el Ministerio P\u00fablico se mantiene firme y en espera de una condena ejemplar, basada en las pruebas aportadas en el proceso judicial contra los imputados por los sobornos que distribuy\u00f3 la empresa Odebrecht en Rep\u00fablica Dominicana.<\/p>\n<p style=\"text-align: justify\">Ortiz, coordinadora de Litigaci\u00f3n de la Procuradur\u00eda Especializada de Persecuci\u00f3n de la Corrupci\u00f3n Administrativa (Pepca), calific\u00f3 de \u201ctotalmente vac\u00edas\u201d las contrarr\u00e9plicas de las defensas al Ministerio P\u00fablico.<\/p>\n<p style=\"text-align: justify\">En ese sentido, se\u00f1al\u00f3 que los argumentos de los abogados \u201cen nada han afectado el caso del Ministerio P\u00fablico, y seguimos igual que como siempre, firmes y en espera de una condena justa que es lo que el Ministerio P\u00fablico le ha pedido al tribunal\u201d.<\/p>\n<p style=\"text-align: justify\">La fiscal se refiri\u00f3 al proceso en su etapa final al responder preguntas de los periodistas a la salida del Primer Tribunal Colegiado del Distrito Nacional, que encabezan la jueza Esmirna Giselle M\u00e9ndez, Tania Yunes y Jissel Naranjo, quienes tienen la responsabilidad de fallar el caso en el que el Ministerio P\u00fablico busca evitar que haya impunidad.<\/p>\n<p style=\"text-align: justify\">\u201cEsperamos una condena basada en las pruebas, basada en las evidencias que se han presentado, que les demuestre a los y las dominicanas que en este pa\u00eds el que es corrupto, el que toma dinero p\u00fablico, no sale impune, y que le demuestre a los que vean este proceso que, si tienen conductas similares, tendr\u00e1n consecuencias similares\u201d, recalc\u00f3 Ortiz.<\/p>\n<p style=\"text-align: justify\"><strong>Explic\u00f3 que el soborno qued\u00f3 claramente demostrado con las pruebas testimoniales y, tambi\u00e9n, con todo el esquema documental que demostr\u00f3 la ruta del dinero que sale de Odebrecht para pago de corrupci\u00f3n y lleg\u00f3 a las cuentas del imputado V\u00edctor D\u00edaz R\u00faa, a trav\u00e9s del abogado Conrado Pittaluga, as\u00ed como a las de \u00c1ngel Rond\u00f3n y de los legisladores.<\/strong><\/p>\n<p style=\"text-align: justify\">El juicio que se conoce en el Primer Tribunal Colegiado del Distrito Nacional sigue avanzando en la \u00faltima etapa, al concluir las contrarr\u00e9plicas de las defensas de los acusados de recibir y distribuir los US$92 millones que entreg\u00f3 en sobornos Odebrecht para lograr la adjudicaci\u00f3n de contratos para la construcci\u00f3n y reconstrucci\u00f3n de diferentes obras p\u00fablicas.<\/p>\n<p style=\"text-align: justify\">En la audiencia de este jueves, que inici\u00f3 a las 9:00 de la ma\u00f1ana, las juezas Esmirna Giselle M\u00e9ndez, Tania Yunes y Jissel Naranjo escucharon a los abogados defensores de los procesados, quienes se refirieron a las r\u00e9plicas del Ministerio P\u00fablico expuestas en la jornada anterior.<\/p>\n<p style=\"text-align: justify\">El pasado martes, durante las r\u00e9plicas sobre los discursos de la defensa t\u00e9cnica de los encartados, el titular de la Pepca,\u00a0<a href=\"https:\/\/eldia.com.do\/wilson-camacho-afirma-tribunal-tiene-bastantes-pruebas-para-condenar-a-implicados-caso-odebrecht\/\">Wilson Camacho,<\/a>\u00a0resalt\u00f3 que en el proceso el Ministerio P\u00fablico demostr\u00f3 las imputaciones por los sobornos con diferentes pruebas documentales y testimoniales, destacando que el testigo Mauricio Dantas Bezerra traz\u00f3 la ruta del dinero.<\/p>\n<p style=\"text-align: justify\">En su discurso, Camacho afirm\u00f3 que \u201cel Ministerio P\u00fablico demostr\u00f3 c\u00f3mo el dinero se recibi\u00f3 a trav\u00e9s de Lashan y Conansa, empresas de\u00a0<strong>\u00c1ngel Rond\u00f3n,<\/strong>\u00a0y c\u00f3mo se recibi\u00f3 a trav\u00e9s de Newport, la empresa de\u00a0<strong>Conrado Pittaluga<\/strong>, y c\u00f3mo las pruebas, incluso, indicaron que el dinero que recib\u00eda Conrado Pittaluga era para V\u00edctor D\u00edaz R\u00faa, y c\u00f3mo se invirti\u00f3 parte de ese dinero en Indoequipesa y en Solaris que era una empresa presidida por\u00a0<strong>V\u00edctor D\u00edaz R\u00faa<\/strong>\u00a0al momento de que Conrado invirti\u00f3 ese dinero\u201d.<\/p>\n<p style=\"text-align: justify\">Camacho resalt\u00f3 que \u201chay evidencias suficientes para que el tribunal dicte sentencia condenatoria\u201d, al tiempo que dijo confiar en que cuando el tribunal se retire a deliberar y a valorar las evidencias que ha presentado el Ministerio P\u00fablico, dictar\u00e1 una sentencia condenatoria.<\/p>\n<p style=\"text-align: justify\">Al dirigirse a las juezas en ese momento, manifest\u00f3 \u201cSi es mala la corrupci\u00f3n, peor es la impunidad; los corruptos no solo se roban el dinero de todos y todas; se roban nuestra salud, se roban nuestra educaci\u00f3n, se roban nuestras oportunidades de desarrollo y se roban nuestro tiempo\u201d.<\/p>\n<p style=\"text-align: justify\">El titular la Pepca calific\u00f3 la corrupci\u00f3n como \u201cun c\u00e1ncer\u201d, al tiempo de expresar que \u201ces un c\u00e1ncer que ha intentado adue\u00f1arse del cuerpo de este pa\u00eds, un c\u00e1ncer que si ustedes no se comportan a la altura de su rol hist\u00f3rico har\u00e1 met\u00e1stasis y nos quitar\u00e1 las esperanzas \u00e1tomo por \u00e1tomo, c\u00e9lula por c\u00e9lula, tejido por tejido, \u00f3rgano por \u00f3rgano\u201d.<\/p>\n<p style=\"text-align: justify\">Al concluir su exposici\u00f3n en la sesi\u00f3n del pasado 21 de septiembre, Camacho ratific\u00f3 las conclusiones que present\u00f3 en el proceso y solicit\u00f3 al tribunal rechazar las conclusiones de la defensa, incluyendo la solicitud de prescripci\u00f3n que hizo la defensa de Pittaluga Arzeno.<\/p>\n<p style=\"text-align: justify\">El Ministerio P\u00fablico pidi\u00f3 al tribunal condenas de 10 a\u00f1os de prisi\u00f3n para los coacusados \u00c1ngel Rond\u00f3n Rijo, representante empresarial de Odebrecht, as\u00ed como para V\u00edctor D\u00edaz R\u00faa, exdirector del Instituto Nacional de Aguas Potables y Alcantarillados (Inapa) y exministro de Obras P\u00fablicas.<\/p>\n<p style=\"text-align: justify\">Para el abogado Conrado Pittaluga pidi\u00f3 7 a\u00f1os de prisi\u00f3n, mientras que condenas de 5 a\u00f1os de reclusi\u00f3n para los tambi\u00e9n coimputados Andr\u00e9s Bautista Garc\u00eda, expresidente del Senado; Tommy Alberto Gal\u00e1n Grull\u00f3n, exsenador por San Crist\u00f3bal, y Juan Roberto Rodr\u00edguez Hern\u00e1ndez, tambi\u00e9n exdirector del Inapa.<\/p>\n<p style=\"text-align: justify\">El \u00f3rgano persecutor del crimen, adem\u00e1s solicit\u00f3 que todos los imputados paguen una multa de 200 salarios m\u00ednimos y que el tribunal ordene el decomiso de bienes en favor y provecho del Estado y el pago de las costas del proceso, adem\u00e1s de que se les var\u00ede la medida de coerci\u00f3n por prisi\u00f3n preventiva.<\/p>\n<p style=\"text-align: justify\">Este jueves, el tribunal orden\u00f3 un receso alrededor de la 1:00 de la tarde para retornar a las 2:30, cuando los abogados continuaron presentando las contrarr\u00e9plicas hasta pasadas las 4:00 de la tarde.<\/p>\n<p style=\"text-align: justify\">Posteriormente, las juezas ordenaron la suspensi\u00f3n del juicio hasta el pr\u00f3ximo lunes 27 de septiembre, a partir de las 9:00 de la ma\u00f1ana, sesi\u00f3n en la que los imputados tendr\u00e1n la oportunidad de dirigirse al tribunal con su defensa material.<\/p>\n<p>Fuente: El Dia.<\/p>\n","protected":false},"excerpt":{"rendered":"<p>NOTI-AMERICA REP\u00daBLICA DOMINICANA SANTO DOMINGO.-\u00a0\u00a0Las juezas del Primer Tribunal Colegiado del Distrito Nacional suspendieron\u00a0 este jueves el juicio de fondo que se le sigue a los seis implicados en el caso Odebrecht, el cual&#46;&#46;&#46;<\/p>\n","protected":false},"author":92,"featured_media":13360,"comment_status":"open","ping_status":"open","sticky":false,"template":"","format":"standard","meta":{"_acf_changed":false,"rop_custom_images_group":[],"rop_custom_messages_group":[],"rop_publish_now":"initial","rop_publish_now_accounts":[],"rop_publish_now_history":[],"rop_publish_now_status":"pending","footnotes":""},"categories":[105],"tags":[],"class_list":["post-13359","post","type-post","status-publish","format-standard","has-post-thumbnail","hentry","category-noticias"],"acf":[],"yoast_head":"<!-- This site is optimized with the Yoast SEO Premium plugin v24.9 (Yoast SEO v27.2) - https:\/\/yoast.com\/product\/yoast-seo-premium-wordpress\/ -->\n<title>Imputados caso Odebrecht declarar\u00e1n ante tribunal el lunes; MP espera condena ejemplar - Rep. Dominicana | Noti-America.com<\/title>\n<meta name=\"robots\" content=\"index, follow, max-snippet:-1, max-image-preview:large, max-video-preview:-1\" \/>\n<link rel=\"canonical\" href=\"https:\/\/noti-america.com\/site\/repdom\/2021\/09\/24\/imputados-caso-odebrecht-declararan-ante-tribunal-el-lunes-mp-espera-condena-ejemplar\/\" \/>\n<meta property=\"og:locale\" content=\"es_ES\" \/>\n<meta property=\"og:type\" content=\"article\" \/>\n<meta property=\"og:title\" content=\"Imputados caso Odebrecht declarar\u00e1n ante tribunal el lunes; MP espera condena ejemplar\" \/>\n<meta property=\"og:description\" content=\"NOTI-AMERICA REP\u00daBLICA DOMINICANA SANTO DOMINGO.-\u00a0\u00a0Las juezas del Primer Tribunal Colegiado del Distrito Nacional suspendieron\u00a0 este jueves el juicio de fondo que se le sigue a los seis implicados en el caso Odebrecht, el cual&#046;&#046;&#046;\" \/>\n<meta property=\"og:url\" content=\"https:\/\/noti-america.com\/site\/repdom\/2021\/09\/24\/imputados-caso-odebrecht-declararan-ante-tribunal-el-lunes-mp-espera-condena-ejemplar\/\" \/>\n<meta property=\"og:site_name\" content=\"Rep. Dominicana | Noti-America.com\" \/>\n<meta property=\"article:published_time\" content=\"2021-09-24T05:03:33+00:00\" \/>\n<meta property=\"og:image\" content=\"https:\/\/noti-america.com\/site\/repdom\/wp-content\/uploads\/sites\/6\/2021\/09\/41953305_101.jpg\" \/>\n\t<meta property=\"og:image:width\" content=\"1024\" \/>\n\t<meta property=\"og:image:height\" content=\"576\" \/>\n\t<meta property=\"og:image:type\" content=\"image\/jpeg\" \/>\n<meta name=\"author\" content=\"Sueanny Guzm\u00e1n\" \/>\n<meta name=\"twitter:card\" content=\"summary_large_image\" \/>\n<meta name=\"twitter:creator\" content=\"@sueannyguzmanrd\" \/>\n<meta name=\"twitter:label1\" content=\"Escrito por\" \/>\n\t<meta name=\"twitter:data1\" content=\"Sueanny Guzm\u00e1n\" \/>\n\t<meta name=\"twitter:label2\" content=\"Tiempo estimado de lectura\" \/>\n\t<meta name=\"twitter:data2\" content=\"5 minutos\" \/>\n<script type=\"application\/ld+json\" class=\"yoast-schema-graph\">{\"@context\":\"https:\/\/schema.org\",\"@graph\":[{\"@type\":\"Article\",\"@id\":\"https:\/\/noti-america.com\/site\/repdom\/2021\/09\/24\/imputados-caso-odebrecht-declararan-ante-tribunal-el-lunes-mp-espera-condena-ejemplar\/#article\",\"isPartOf\":{\"@id\":\"https:\/\/noti-america.com\/site\/repdom\/2021\/09\/24\/imputados-caso-odebrecht-declararan-ante-tribunal-el-lunes-mp-espera-condena-ejemplar\/\"},\"author\":{\"name\":\"Sueanny Guzm\u00e1n\",\"@id\":\"https:\/\/noti-america.com\/site\/repdom\/#\/schema\/person\/3e41f2e0a88de2dbfa74310de6e08c3b\"},\"headline\":\"Imputados caso Odebrecht declarar\u00e1n ante tribunal el lunes; MP espera condena ejemplar\",\"datePublished\":\"2021-09-24T05:03:33+00:00\",\"mainEntityOfPage\":{\"@id\":\"https:\/\/noti-america.com\/site\/repdom\/2021\/09\/24\/imputados-caso-odebrecht-declararan-ante-tribunal-el-lunes-mp-espera-condena-ejemplar\/\"},\"wordCount\":1100,\"commentCount\":0,\"publisher\":{\"@id\":\"https:\/\/noti-america.com\/site\/repdom\/#organization\"},\"image\":{\"@id\":\"https:\/\/noti-america.com\/site\/repdom\/2021\/09\/24\/imputados-caso-odebrecht-declararan-ante-tribunal-el-lunes-mp-espera-condena-ejemplar\/#primaryimage\"},\"thumbnailUrl\":\"https:\/\/noti-america.com\/site\/repdom\/wp-content\/uploads\/sites\/6\/2021\/09\/41953305_101.jpg\",\"articleSection\":[\"Noticias\"],\"inLanguage\":\"es\",\"potentialAction\":[{\"@type\":\"CommentAction\",\"name\":\"Comment\",\"target\":[\"https:\/\/noti-america.com\/site\/repdom\/2021\/09\/24\/imputados-caso-odebrecht-declararan-ante-tribunal-el-lunes-mp-espera-condena-ejemplar\/#respond\"]}]},{\"@type\":\"WebPage\",\"@id\":\"https:\/\/noti-america.com\/site\/repdom\/2021\/09\/24\/imputados-caso-odebrecht-declararan-ante-tribunal-el-lunes-mp-espera-condena-ejemplar\/\",\"url\":\"https:\/\/noti-america.com\/site\/repdom\/2021\/09\/24\/imputados-caso-odebrecht-declararan-ante-tribunal-el-lunes-mp-espera-condena-ejemplar\/\",\"name\":\"Imputados caso Odebrecht declarar\u00e1n ante tribunal el lunes; MP espera condena ejemplar - Rep. Dominicana | Noti-America.com\",\"isPartOf\":{\"@id\":\"https:\/\/noti-america.com\/site\/repdom\/#website\"},\"primaryImageOfPage\":{\"@id\":\"https:\/\/noti-america.com\/site\/repdom\/2021\/09\/24\/imputados-caso-odebrecht-declararan-ante-tribunal-el-lunes-mp-espera-condena-ejemplar\/#primaryimage\"},\"image\":{\"@id\":\"https:\/\/noti-america.com\/site\/repdom\/2021\/09\/24\/imputados-caso-odebrecht-declararan-ante-tribunal-el-lunes-mp-espera-condena-ejemplar\/#primaryimage\"},\"thumbnailUrl\":\"https:\/\/noti-america.com\/site\/repdom\/wp-content\/uploads\/sites\/6\/2021\/09\/41953305_101.jpg\",\"datePublished\":\"2021-09-24T05:03:33+00:00\",\"breadcrumb\":{\"@id\":\"https:\/\/noti-america.com\/site\/repdom\/2021\/09\/24\/imputados-caso-odebrecht-declararan-ante-tribunal-el-lunes-mp-espera-condena-ejemplar\/#breadcrumb\"},\"inLanguage\":\"es\",\"potentialAction\":[{\"@type\":\"ReadAction\",\"target\":[\"https:\/\/noti-america.com\/site\/repdom\/2021\/09\/24\/imputados-caso-odebrecht-declararan-ante-tribunal-el-lunes-mp-espera-condena-ejemplar\/\"]}]},{\"@type\":\"ImageObject\",\"inLanguage\":\"es\",\"@id\":\"https:\/\/noti-america.com\/site\/repdom\/2021\/09\/24\/imputados-caso-odebrecht-declararan-ante-tribunal-el-lunes-mp-espera-condena-ejemplar\/#primaryimage\",\"url\":\"https:\/\/noti-america.com\/site\/repdom\/wp-content\/uploads\/sites\/6\/2021\/09\/41953305_101.jpg\",\"contentUrl\":\"https:\/\/noti-america.com\/site\/repdom\/wp-content\/uploads\/sites\/6\/2021\/09\/41953305_101.jpg\",\"width\":1024,\"height\":576},{\"@type\":\"BreadcrumbList\",\"@id\":\"https:\/\/noti-america.com\/site\/repdom\/2021\/09\/24\/imputados-caso-odebrecht-declararan-ante-tribunal-el-lunes-mp-espera-condena-ejemplar\/#breadcrumb\",\"itemListElement\":[{\"@type\":\"ListItem\",\"position\":1,\"name\":\"Portada\",\"item\":\"https:\/\/noti-america.com\/site\/repdom\/\"},{\"@type\":\"ListItem\",\"position\":2,\"name\":\"Imputados caso Odebrecht declarar\u00e1n ante tribunal el lunes; MP espera condena ejemplar\"}]},{\"@type\":\"WebSite\",\"@id\":\"https:\/\/noti-america.com\/site\/repdom\/#website\",\"url\":\"https:\/\/noti-america.com\/site\/repdom\/\",\"name\":\"Rep. Dominicana | Noti-America.com\",\"description\":\"\",\"publisher\":{\"@id\":\"https:\/\/noti-america.com\/site\/repdom\/#organization\"},\"potentialAction\":[{\"@type\":\"SearchAction\",\"target\":{\"@type\":\"EntryPoint\",\"urlTemplate\":\"https:\/\/noti-america.com\/site\/repdom\/?s={search_term_string}\"},\"query-input\":{\"@type\":\"PropertyValueSpecification\",\"valueRequired\":true,\"valueName\":\"search_term_string\"}}],\"inLanguage\":\"es\"},{\"@type\":\"Organization\",\"@id\":\"https:\/\/noti-america.com\/site\/repdom\/#organization\",\"name\":\"Noti-America LLC | Rep\u00fablica Dominicana\",\"url\":\"https:\/\/noti-america.com\/site\/repdom\/\",\"logo\":{\"@type\":\"ImageObject\",\"inLanguage\":\"es\",\"@id\":\"https:\/\/noti-america.com\/site\/repdom\/#\/schema\/logo\/image\/\",\"url\":\"https:\/\/noti-america.com\/site\/repdom\/wp-content\/uploads\/sites\/6\/2020\/07\/LogoNA-4x3-1.jpg\",\"contentUrl\":\"https:\/\/noti-america.com\/site\/repdom\/wp-content\/uploads\/sites\/6\/2020\/07\/LogoNA-4x3-1.jpg\",\"width\":1236,\"height\":1080,\"caption\":\"Noti-America LLC | Rep\u00fablica Dominicana\"},\"image\":{\"@id\":\"https:\/\/noti-america.com\/site\/repdom\/#\/schema\/logo\/image\/\"}},{\"@type\":\"Person\",\"@id\":\"https:\/\/noti-america.com\/site\/repdom\/#\/schema\/person\/3e41f2e0a88de2dbfa74310de6e08c3b\",\"name\":\"Sueanny Guzm\u00e1n\",\"image\":{\"@type\":\"ImageObject\",\"inLanguage\":\"es\",\"@id\":\"https:\/\/secure.gravatar.com\/avatar\/743180685ef4657e50d4fb7ec792c2c316119f5a7db45e029570122e8cd05065?s=96&d=mm&r=g\",\"url\":\"https:\/\/secure.gravatar.com\/avatar\/743180685ef4657e50d4fb7ec792c2c316119f5a7db45e029570122e8cd05065?s=96&d=mm&r=g\",\"contentUrl\":\"https:\/\/secure.gravatar.com\/avatar\/743180685ef4657e50d4fb7ec792c2c316119f5a7db45e029570122e8cd05065?s=96&d=mm&r=g\",\"caption\":\"Sueanny Guzm\u00e1n\"},\"sameAs\":[\"https:\/\/x.com\/sueannyguzmanrd\"],\"url\":\"https:\/\/noti-america.com\/site\/repdom\/author\/sguzman\/\"}]}<\/script>\n<!-- \/ Yoast SEO Premium plugin. -->","yoast_head_json":{"title":"Imputados caso Odebrecht declarar\u00e1n ante tribunal el lunes; MP espera condena ejemplar - Rep. Dominicana | Noti-America.com","robots":{"index":"index","follow":"follow","max-snippet":"max-snippet:-1","max-image-preview":"max-image-preview:large","max-video-preview":"max-video-preview:-1"},"canonical":"https:\/\/noti-america.com\/site\/repdom\/2021\/09\/24\/imputados-caso-odebrecht-declararan-ante-tribunal-el-lunes-mp-espera-condena-ejemplar\/","og_locale":"es_ES","og_type":"article","og_title":"Imputados caso Odebrecht declarar\u00e1n ante tribunal el lunes; MP espera condena ejemplar","og_description":"NOTI-AMERICA REP\u00daBLICA DOMINICANA SANTO DOMINGO.-\u00a0\u00a0Las juezas del Primer Tribunal Colegiado del Distrito Nacional suspendieron\u00a0 este jueves el juicio de fondo que se le sigue a los seis implicados en el caso Odebrecht, el cual&#46;&#46;&#46;","og_url":"https:\/\/noti-america.com\/site\/repdom\/2021\/09\/24\/imputados-caso-odebrecht-declararan-ante-tribunal-el-lunes-mp-espera-condena-ejemplar\/","og_site_name":"Rep. Dominicana | Noti-America.com","article_published_time":"2021-09-24T05:03:33+00:00","og_image":[{"width":1024,"height":576,"url":"https:\/\/noti-america.com\/site\/repdom\/wp-content\/uploads\/sites\/6\/2021\/09\/41953305_101.jpg","type":"image\/jpeg"}],"author":"Sueanny Guzm\u00e1n","twitter_card":"summary_large_image","twitter_creator":"@sueannyguzmanrd","twitter_misc":{"Escrito por":"Sueanny Guzm\u00e1n","Tiempo estimado de lectura":"5 minutos"},"schema":{"@context":"https:\/\/schema.org","@graph":[{"@type":"Article","@id":"https:\/\/noti-america.com\/site\/repdom\/2021\/09\/24\/imputados-caso-odebrecht-declararan-ante-tribunal-el-lunes-mp-espera-condena-ejemplar\/#article","isPartOf":{"@id":"https:\/\/noti-america.com\/site\/repdom\/2021\/09\/24\/imputados-caso-odebrecht-declararan-ante-tribunal-el-lunes-mp-espera-condena-ejemplar\/"},"author":{"name":"Sueanny Guzm\u00e1n","@id":"https:\/\/noti-america.com\/site\/repdom\/#\/schema\/person\/3e41f2e0a88de2dbfa74310de6e08c3b"},"headline":"Imputados caso Odebrecht declarar\u00e1n ante tribunal el lunes; MP espera condena ejemplar","datePublished":"2021-09-24T05:03:33+00:00","mainEntityOfPage":{"@id":"https:\/\/noti-america.com\/site\/repdom\/2021\/09\/24\/imputados-caso-odebrecht-declararan-ante-tribunal-el-lunes-mp-espera-condena-ejemplar\/"},"wordCount":1100,"commentCount":0,"publisher":{"@id":"https:\/\/noti-america.com\/site\/repdom\/#organization"},"image":{"@id":"https:\/\/noti-america.com\/site\/repdom\/2021\/09\/24\/imputados-caso-odebrecht-declararan-ante-tribunal-el-lunes-mp-espera-condena-ejemplar\/#primaryimage"},"thumbnailUrl":"https:\/\/noti-america.com\/site\/repdom\/wp-content\/uploads\/sites\/6\/2021\/09\/41953305_101.jpg","articleSection":["Noticias"],"inLanguage":"es","potentialAction":[{"@type":"CommentAction","name":"Comment","target":["https:\/\/noti-america.com\/site\/repdom\/2021\/09\/24\/imputados-caso-odebrecht-declararan-ante-tribunal-el-lunes-mp-espera-condena-ejemplar\/#respond"]}]},{"@type":"WebPage","@id":"https:\/\/noti-america.com\/site\/repdom\/2021\/09\/24\/imputados-caso-odebrecht-declararan-ante-tribunal-el-lunes-mp-espera-condena-ejemplar\/","url":"https:\/\/noti-america.com\/site\/repdom\/2021\/09\/24\/imputados-caso-odebrecht-declararan-ante-tribunal-el-lunes-mp-espera-condena-ejemplar\/","name":"Imputados caso Odebrecht declarar\u00e1n ante tribunal el lunes; MP espera condena ejemplar - Rep. Dominicana | Noti-America.com","isPartOf":{"@id":"https:\/\/noti-america.com\/site\/repdom\/#website"},"primaryImageOfPage":{"@id":"https:\/\/noti-america.com\/site\/repdom\/2021\/09\/24\/imputados-caso-odebrecht-declararan-ante-tribunal-el-lunes-mp-espera-condena-ejemplar\/#primaryimage"},"image":{"@id":"https:\/\/noti-america.com\/site\/repdom\/2021\/09\/24\/imputados-caso-odebrecht-declararan-ante-tribunal-el-lunes-mp-espera-condena-ejemplar\/#primaryimage"},"thumbnailUrl":"https:\/\/noti-america.com\/site\/repdom\/wp-content\/uploads\/sites\/6\/2021\/09\/41953305_101.jpg","datePublished":"2021-09-24T05:03:33+00:00","breadcrumb":{"@id":"https:\/\/noti-america.com\/site\/repdom\/2021\/09\/24\/imputados-caso-odebrecht-declararan-ante-tribunal-el-lunes-mp-espera-condena-ejemplar\/#breadcrumb"},"inLanguage":"es","potentialAction":[{"@type":"ReadAction","target":["https:\/\/noti-america.com\/site\/repdom\/2021\/09\/24\/imputados-caso-odebrecht-declararan-ante-tribunal-el-lunes-mp-espera-condena-ejemplar\/"]}]},{"@type":"ImageObject","inLanguage":"es","@id":"https:\/\/noti-america.com\/site\/repdom\/2021\/09\/24\/imputados-caso-odebrecht-declararan-ante-tribunal-el-lunes-mp-espera-condena-ejemplar\/#primaryimage","url":"https:\/\/noti-america.com\/site\/repdom\/wp-content\/uploads\/sites\/6\/2021\/09\/41953305_101.jpg","contentUrl":"https:\/\/noti-america.com\/site\/repdom\/wp-content\/uploads\/sites\/6\/2021\/09\/41953305_101.jpg","width":1024,"height":576},{"@type":"BreadcrumbList","@id":"https:\/\/noti-america.com\/site\/repdom\/2021\/09\/24\/imputados-caso-odebrecht-declararan-ante-tribunal-el-lunes-mp-espera-condena-ejemplar\/#breadcrumb","itemListElement":[{"@type":"ListItem","position":1,"name":"Portada","item":"https:\/\/noti-america.com\/site\/repdom\/"},{"@type":"ListItem","position":2,"name":"Imputados caso Odebrecht declarar\u00e1n ante tribunal el lunes; MP espera condena ejemplar"}]},{"@type":"WebSite","@id":"https:\/\/noti-america.com\/site\/repdom\/#website","url":"https:\/\/noti-america.com\/site\/repdom\/","name":"Rep. Dominicana | Noti-America.com","description":"","publisher":{"@id":"https:\/\/noti-america.com\/site\/repdom\/#organization"},"potentialAction":[{"@type":"SearchAction","target":{"@type":"EntryPoint","urlTemplate":"https:\/\/noti-america.com\/site\/repdom\/?s={search_term_string}"},"query-input":{"@type":"PropertyValueSpecification","valueRequired":true,"valueName":"search_term_string"}}],"inLanguage":"es"},{"@type":"Organization","@id":"https:\/\/noti-america.com\/site\/repdom\/#organization","name":"Noti-America LLC | Rep\u00fablica Dominicana","url":"https:\/\/noti-america.com\/site\/repdom\/","logo":{"@type":"ImageObject","inLanguage":"es","@id":"https:\/\/noti-america.com\/site\/repdom\/#\/schema\/logo\/image\/","url":"https:\/\/noti-america.com\/site\/repdom\/wp-content\/uploads\/sites\/6\/2020\/07\/LogoNA-4x3-1.jpg","contentUrl":"https:\/\/noti-america.com\/site\/repdom\/wp-content\/uploads\/sites\/6\/2020\/07\/LogoNA-4x3-1.jpg","width":1236,"height":1080,"caption":"Noti-America LLC | Rep\u00fablica Dominicana"},"image":{"@id":"https:\/\/noti-america.com\/site\/repdom\/#\/schema\/logo\/image\/"}},{"@type":"Person","@id":"https:\/\/noti-america.com\/site\/repdom\/#\/schema\/person\/3e41f2e0a88de2dbfa74310de6e08c3b","name":"Sueanny Guzm\u00e1n","image":{"@type":"ImageObject","inLanguage":"es","@id":"https:\/\/secure.gravatar.com\/avatar\/743180685ef4657e50d4fb7ec792c2c316119f5a7db45e029570122e8cd05065?s=96&d=mm&r=g","url":"https:\/\/secure.gravatar.com\/avatar\/743180685ef4657e50d4fb7ec792c2c316119f5a7db45e029570122e8cd05065?s=96&d=mm&r=g","contentUrl":"https:\/\/secure.gravatar.com\/avatar\/743180685ef4657e50d4fb7ec792c2c316119f5a7db45e029570122e8cd05065?s=96&d=mm&r=g","caption":"Sueanny Guzm\u00e1n"},"sameAs":["https:\/\/x.com\/sueannyguzmanrd"],"url":"https:\/\/noti-america.com\/site\/repdom\/author\/sguzman\/"}]}},"_links":{"self":[{"href":"https:\/\/noti-america.com\/site\/repdom\/wp-json\/wp\/v2\/posts\/13359","targetHints":{"allow":["GET"]}}],"collection":[{"href":"https:\/\/noti-america.com\/site\/repdom\/wp-json\/wp\/v2\/posts"}],"about":[{"href":"https:\/\/noti-america.com\/site\/repdom\/wp-json\/wp\/v2\/types\/post"}],"author":[{"embeddable":true,"href":"https:\/\/noti-america.com\/site\/repdom\/wp-json\/wp\/v2\/users\/92"}],"replies":[{"embeddable":true,"href":"https:\/\/noti-america.com\/site\/repdom\/wp-json\/wp\/v2\/comments?post=13359"}],"version-history":[{"count":1,"href":"https:\/\/noti-america.com\/site\/repdom\/wp-json\/wp\/v2\/posts\/13359\/revisions"}],"predecessor-version":[{"id":13361,"href":"https:\/\/noti-america.com\/site\/repdom\/wp-json\/wp\/v2\/posts\/13359\/revisions\/13361"}],"wp:featuredmedia":[{"embeddable":true,"href":"https:\/\/noti-america.com\/site\/repdom\/wp-json\/wp\/v2\/media\/13360"}],"wp:attachment":[{"href":"https:\/\/noti-america.com\/site\/repdom\/wp-json\/wp\/v2\/media?parent=13359"}],"wp:term":[{"taxonomy":"category","embeddable":true,"href":"https:\/\/noti-america.com\/site\/repdom\/wp-json\/wp\/v2\/categories?post=13359"},{"taxonomy":"post_tag","embeddable":true,"href":"https:\/\/noti-america.com\/site\/repdom\/wp-json\/wp\/v2\/tags?post=13359"}],"curies":[{"name":"wp","href":"https:\/\/api.w.org\/{rel}","templated":true}]}}