{"id":13277,"date":"2021-09-20T16:13:50","date_gmt":"2021-09-20T16:13:50","guid":{"rendered":"https:\/\/noti-america.com\/site\/repdom\/2021\/09\/20\/el-desafiante-ano-escolar-2021-2022-comienza-hoy-8\/"},"modified":"2021-09-20T16:13:50","modified_gmt":"2021-09-20T16:13:50","slug":"el-desafiante-ano-escolar-2021-2022-comienza-hoy-8","status":"publish","type":"post","link":"https:\/\/noti-america.com\/site\/repdom\/2021\/09\/20\/el-desafiante-ano-escolar-2021-2022-comienza-hoy-8\/","title":{"rendered":"El desafiante a\u00f1o escolar 2021-2022 comienza hoy"},"content":{"rendered":"<p><img loading=\"lazy\" decoding=\"async\" class=\"alignnone size-medium wp-image-13267\" src=\"https:\/\/noti-america.com\/site\/repdom\/wp-content\/uploads\/sites\/6\/2021\/09\/060421-presidente-abinader-encabeza-el-retorno-gradual-a-la-de-educacion-presencial-tras-un-ano-de-pandemia-eddy-vittini-076_17257199_20210919204859-1-300x192.jpg\" alt=\"\" width=\"300\" height=\"192\" srcset=\"https:\/\/noti-america.com\/site\/repdom\/wp-content\/uploads\/sites\/6\/2021\/09\/060421-presidente-abinader-encabeza-el-retorno-gradual-a-la-de-educacion-presencial-tras-un-ano-de-pandemia-eddy-vittini-076_17257199_20210919204859-1-300x192.jpg 300w, https:\/\/noti-america.com\/site\/repdom\/wp-content\/uploads\/sites\/6\/2021\/09\/060421-presidente-abinader-encabeza-el-retorno-gradual-a-la-de-educacion-presencial-tras-un-ano-de-pandemia-eddy-vittini-076_17257199_20210919204859-1.jpg 546w\" sizes=\"auto, (max-width: 300px) 100vw, 300px\" \/><\/p>\n<p><strong>Noti-America Republica Dominicana<\/strong><\/p>\n<p>&nbsp;<\/p>\n<p>Hoy comienza el a\u00f1o escolar 2021-2022 en el sistema p\u00fablico dominicano. Hay escasez de 19,181 maestros. Los libros de texto est\u00e1n en proceso de licitaci\u00f3n y la matr\u00edcula es muy demandada. Cientos de escuelas han intervenido debido a renovaciones que no comenzar\u00e1n esta semana. todos los cuales se preparan para responder al COVID -19 El marco de un nuevo acuerdo de salud para la pandemia.<\/p>\n<div class=\"paragraph\">\n<p>El Ministerio de Educaci\u00f3n, con el regreso a las aulas de alrededor de 2 millones de estudiantes, enfrenta el retorno escolar con el optimismo de que todo se ir\u00e1 resolviendo sobre la marcha y afirma que 4,765 centros educativos de los 5,159 intervenidos est\u00e1n listos, mientras que en 394 no se comenzar\u00e1n las clases debido a que fueron sometidos a intervenciones profundas que todav\u00eda no concluyen. El alquiler de infraestructuras y la apertura de aulas m\u00f3viles en los centros educativos que no est\u00e1n preparados para la docencia, es la alternativa que las autoridades implementar\u00e1n para evitar que los estudiantes se queden sin clases.<\/p>\n<p>Adem\u00e1s, la suspensi\u00f3n del concurso de oposici\u00f3n docente retrasar\u00e1 el ingreso al sistema de los 19,181 maestros que se necesitan de los niveles Primario, Inicial, Secundario y directores de Centros Educativos, as\u00ed como a docentes de Educaci\u00f3n F\u00edsica, Educaci\u00f3n Art\u00edstica, Idiomas, Educaci\u00f3n menci\u00f3n Inform\u00e1tica, Orientaci\u00f3n y Psicolog\u00eda Educativa.<\/p>\n<div class=\"in-content-info 3 0\"><\/div>\n<div class=\"in-content\">\n<div id=\"div-gpt-ad-1628546146407-0\"><\/div>\n<\/div>\n<\/div>\n<div class=\"entretitulo\">Vacunas y protocolo<\/div>\n<div class=\"paragraph\">\n<p>La vuelta a la presencialidad luego de m\u00e1s de un a\u00f1o con las clases a distancia supone un gran reto para las autoridades educativas, docentes, estudiantes y personal de apoyo que tendr\u00e1n que cumplir con los protocolos establecidos para minimizar posibles rebrotes de COVID-19.<\/p>\n<div class=\"in-content-info w-100 blueconic-content 4 0\"><\/div>\n<p>A pesar de que las autoridades afirman que la mayor\u00eda de los docentes y el personal de apoyo de los centros educativos est\u00e1n vacunados, se realiza una nueva jornada de vacunaci\u00f3n en la sede central del Ministerio y en 122 centros educativos a nivel nacional, a fin de que todo su personal \u201ctenga la oportunidad de ser vacunado\u201d.<\/p>\n<p>El ministro Roberto Fulcar, al anunciar el protocolo que se seguir\u00e1, dijo que los centros educativos garantizar\u00e1n que su personal docente, administrativo y de apoyo, as\u00ed como estudiantes mayores de doce a\u00f1os, est\u00e9n vacunados,\u201d ya que se trata de la medida m\u00e1s efectiva pautada a la fecha para la prevenci\u00f3n de la COVID-19\u201d.<\/p>\n<p>Como una forma de prevenci\u00f3n, se inici\u00f3 una jornada de pruebas PCR para el personal docente y administrativo de los centros educativos p\u00fablicos y privados de todo el pa\u00eds para evitar posibles contagios por COVID-19 en los planteles escolares durante las clases presenciales.<\/p>\n<p>Desde la pasada semana se est\u00e1n repartiendo kits de bioseguridad, que incluyen mascarillas, alcohol, gel desinfectante y jab\u00f3n l\u00edquido.<\/p>\n<p>&nbsp;<\/p>\n<\/div>\n<div class=\"entretitulo\">Sobredemanda<\/div>\n<div class=\"paragraph\">\n<p>El Minerd instruy\u00f3 a los gestores de los centros educativos del sector p\u00fablico \u201cproceder diligentemente con la inscripci\u00f3n de todos los estudiantes cuyas familias soliciten cupos en los mismos\u201d para cumplir la meta de que \u201cnadie se quede fuera de inscripci\u00f3n o reinscripci\u00f3n\u201d.<\/p>\n<p>Mediante una circular oficial, el Ministerio destac\u00f3 que esta es \u201cla forma de garantizar el derecho a la educaci\u00f3n, tal y como est\u00e1 consagrado en la Constituci\u00f3n de la Rep\u00fablica\u201d.<\/p>\n<p>Igualmente, habilit\u00f3 en su p\u00e1gina web un formulario para que los padres y tutores que no han logrado inscribir a sus hijos en los centros educativos puedan registrarse, para buscarles cupos. A trav\u00e9s del Viceministerio de Supervisi\u00f3n, Evaluaci\u00f3n y Control de la Calidad Educativa se solicita a los padres escribir el tipo de solicitud, si es una queja, si es una denuncia o si es una inscripci\u00f3n.<\/p>\n<p>&nbsp;<\/p>\n<\/div>\n<div class=\"entretitulo\">En el norte<\/div>\n<div class=\"paragraph\">\n<p>En los centros p\u00fablicos de la regi\u00f3n Norte del pa\u00eds, se presenta una situaci\u00f3n similar de d\u00e9ficit considerable de profesores, as\u00ed como del personal de limpieza.<\/p>\n<p>A eso se le suma lo denunciado por presidentes provinciales de la Asociaci\u00f3n Dominicana de Profesores (ADP), quienes aseguran que muchos planteles presentan gran descuido sin el servicio de agua potable, ba\u00f1os deteriorados, filtraciones y otros desperfectos.<\/p>\n<p>En San Francisco de Macor\u00eds, Sixto Gab\u00edn, presidente provincial de la Asociaci\u00f3n Dominicana de Profesores (ADP), afirm\u00f3 que cuatro centros educativos de ese municipio se encuentran no aptos para el inicio de la docencia, ya que en su interior las condiciones no est\u00e1n adecuadas para el recibimiento de la comunidad estudiantil.<\/p>\n<p>Miguel Jorge, presidente de la ADP en Santiago, asegur\u00f3 que el d\u00e9ficit maestros en su demarcaci\u00f3n es de 300 profesores, as\u00ed como una ausencia considerable del personal de conserjer\u00eda. Luis Balbuena, presidente de la ADP en Puerto Plata, lament\u00f3 que el a\u00f1o escolar iniciar\u00e1 all\u00ed con un d\u00e9ficit de maestros, personal administrativo y de limpieza.<\/p>\n<\/div>\n<div class=\"entretitulo\">En el este<\/div>\n<div class=\"paragraph\">\n<p>En La Altagracia, La Romana y El Seibo el panorama no es distinto y, aunque hay entusiasmo por la vuelta a las aulas, las condiciones no son las deseadas por los docentes, ni los padres y tutores. El representante del distrito educativo 12-01 de La Altagracia, Ambiorix Bastardo, argument\u00f3 que se han intervenido alrededor de 55 escuelas y que faltan por remozar alrededor de 20 centros educativos, de los 121 planteles que componen ese distrito, que necesitan alrededor de 600 maestros, que los centros van a iniciar, pero que los grados que le faltan docentes iniciar\u00e1n m\u00e1s adelante.<\/p>\n<p>Dijo que tienen una sobrepoblaci\u00f3n de 5,700 ni\u00f1os hasta el momento, de ellos alrededor de 400 estudiantes que han sido ubicados en algunos centros, es decir, en colegios que est\u00e1n en cogesti\u00f3n.<\/p>\n<p>Referente al distrito educativo 05-03, La Romana centro, su director Guillermo N\u00fa\u00f1ez, dijo que cuenta con 1,500 maestros y hacen falta 100, cuyas plazas llenar\u00e1n con los docentes que aprueben el concurso de oposici\u00f3n.<\/p>\n<p>Asegur\u00f3 a 1.500 profesores que hab\u00eda recibido dos dosis de la vacuna y, hasta el momento, ning\u00fan alumno no se ha matriculado. En El Seibo, Omar Peralta, presidente de la zona de demarcaci\u00f3n de ADP, afirm\u00f3 que actualmente hay seis escuelas en condiciones \u00abtristes\u00bb con un problema de supuraci\u00f3n porque est\u00e1n llenas y son fuentes de contaminaci\u00f3n como Buenaventura Soriano.<\/p>\n<\/div>\n<p>&nbsp;<\/p>\n<p>&nbsp;<\/p>\n<p>&nbsp;<\/p>\n<p>&nbsp;<\/p>\n<p>&nbsp;<\/p>\n<p>Fuente DL<\/p>\n<div class=\"paragraph\">\n<p>&nbsp;<\/p>\n<\/div>\n<p>&nbsp;<\/p>\n","protected":false},"excerpt":{"rendered":"<p>Noti-America Republica Dominicana &nbsp; Hoy comienza el a\u00f1o escolar 2021-2022 en el sistema p\u00fablico dominicano. Hay escasez de 19,181 maestros. Los libros de texto est\u00e1n en proceso de licitaci\u00f3n y la matr\u00edcula es muy&#46;&#46;&#46;<\/p>\n","protected":false},"author":96,"featured_media":0,"comment_status":"open","ping_status":"open","sticky":false,"template":"","format":"standard","meta":{"_acf_changed":false,"rop_custom_images_group":[],"rop_custom_messages_group":[],"rop_publish_now":"initial","rop_publish_now_accounts":[],"rop_publish_now_history":[],"rop_publish_now_status":"pending","footnotes":""},"categories":[105],"tags":[],"class_list":["post-13277","post","type-post","status-publish","format-standard","hentry","category-noticias"],"acf":[],"yoast_head":"<!-- This site is optimized with the Yoast SEO Premium plugin v24.9 (Yoast SEO v27.2) - https:\/\/yoast.com\/product\/yoast-seo-premium-wordpress\/ -->\n<title>El desafiante a\u00f1o escolar 2021-2022 comienza hoy - Rep. Dominicana | Noti-America.com<\/title>\n<meta name=\"robots\" content=\"index, follow, max-snippet:-1, max-image-preview:large, max-video-preview:-1\" \/>\n<link rel=\"canonical\" href=\"https:\/\/noti-america.com\/site\/repdom\/2021\/09\/20\/el-desafiante-ano-escolar-2021-2022-comienza-hoy-8\/\" \/>\n<meta property=\"og:locale\" content=\"es_ES\" \/>\n<meta property=\"og:type\" content=\"article\" \/>\n<meta property=\"og:title\" content=\"El desafiante a\u00f1o escolar 2021-2022 comienza hoy\" \/>\n<meta property=\"og:description\" content=\"Noti-America Republica Dominicana &nbsp; Hoy comienza el a\u00f1o escolar 2021-2022 en el sistema p\u00fablico dominicano. Hay escasez de 19,181 maestros. Los libros de texto est\u00e1n en proceso de licitaci\u00f3n y la matr\u00edcula es muy&#046;&#046;&#046;\" \/>\n<meta property=\"og:url\" content=\"https:\/\/noti-america.com\/site\/repdom\/2021\/09\/20\/el-desafiante-ano-escolar-2021-2022-comienza-hoy-8\/\" \/>\n<meta property=\"og:site_name\" content=\"Rep. Dominicana | Noti-America.com\" \/>\n<meta property=\"article:author\" content=\"https:\/\/www.facebook.com\/share\/1HVE1qCqVk\/?mibextid=wwXIfr\" \/>\n<meta property=\"article:published_time\" content=\"2021-09-20T16:13:50+00:00\" \/>\n<meta property=\"og:image\" content=\"https:\/\/noti-america.com\/site\/repdom\/wp-content\/uploads\/sites\/6\/2021\/09\/060421-presidente-abinader-encabeza-el-retorno-gradual-a-la-de-educacion-presencial-tras-un-ano-de-pandemia-eddy-vittini-076_17257199_20210919204859-1-300x192.jpg\" \/>\n<meta name=\"author\" content=\"Miguel Ramirez\" \/>\n<meta name=\"twitter:card\" content=\"summary_large_image\" \/>\n<meta name=\"twitter:label1\" content=\"Escrito por\" \/>\n\t<meta name=\"twitter:data1\" content=\"Miguel Ramirez\" \/>\n\t<meta name=\"twitter:label2\" content=\"Tiempo estimado de lectura\" \/>\n\t<meta name=\"twitter:data2\" content=\"5 minutos\" \/>\n<script type=\"application\/ld+json\" class=\"yoast-schema-graph\">{\"@context\":\"https:\/\/schema.org\",\"@graph\":[{\"@type\":\"Article\",\"@id\":\"https:\/\/noti-america.com\/site\/repdom\/2021\/09\/20\/el-desafiante-ano-escolar-2021-2022-comienza-hoy-8\/#article\",\"isPartOf\":{\"@id\":\"https:\/\/noti-america.com\/site\/repdom\/2021\/09\/20\/el-desafiante-ano-escolar-2021-2022-comienza-hoy-8\/\"},\"author\":{\"name\":\"Miguel Ramirez\",\"@id\":\"https:\/\/noti-america.com\/site\/repdom\/#\/schema\/person\/8027db7d71a0328e6e4474fa188c6fb3\"},\"headline\":\"El desafiante a\u00f1o escolar 2021-2022 comienza hoy\",\"datePublished\":\"2021-09-20T16:13:50+00:00\",\"mainEntityOfPage\":{\"@id\":\"https:\/\/noti-america.com\/site\/repdom\/2021\/09\/20\/el-desafiante-ano-escolar-2021-2022-comienza-hoy-8\/\"},\"wordCount\":1067,\"commentCount\":0,\"publisher\":{\"@id\":\"https:\/\/noti-america.com\/site\/repdom\/#organization\"},\"image\":{\"@id\":\"https:\/\/noti-america.com\/site\/repdom\/2021\/09\/20\/el-desafiante-ano-escolar-2021-2022-comienza-hoy-8\/#primaryimage\"},\"thumbnailUrl\":\"https:\/\/noti-america.com\/site\/repdom\/wp-content\/uploads\/sites\/6\/2021\/09\/060421-presidente-abinader-encabeza-el-retorno-gradual-a-la-de-educacion-presencial-tras-un-ano-de-pandemia-eddy-vittini-076_17257199_20210919204859-1-300x192.jpg\",\"articleSection\":[\"Noticias\"],\"inLanguage\":\"es\",\"potentialAction\":[{\"@type\":\"CommentAction\",\"name\":\"Comment\",\"target\":[\"https:\/\/noti-america.com\/site\/repdom\/2021\/09\/20\/el-desafiante-ano-escolar-2021-2022-comienza-hoy-8\/#respond\"]}]},{\"@type\":\"WebPage\",\"@id\":\"https:\/\/noti-america.com\/site\/repdom\/2021\/09\/20\/el-desafiante-ano-escolar-2021-2022-comienza-hoy-8\/\",\"url\":\"https:\/\/noti-america.com\/site\/repdom\/2021\/09\/20\/el-desafiante-ano-escolar-2021-2022-comienza-hoy-8\/\",\"name\":\"El desafiante a\u00f1o escolar 2021-2022 comienza hoy - Rep. Dominicana | Noti-America.com\",\"isPartOf\":{\"@id\":\"https:\/\/noti-america.com\/site\/repdom\/#website\"},\"primaryImageOfPage\":{\"@id\":\"https:\/\/noti-america.com\/site\/repdom\/2021\/09\/20\/el-desafiante-ano-escolar-2021-2022-comienza-hoy-8\/#primaryimage\"},\"image\":{\"@id\":\"https:\/\/noti-america.com\/site\/repdom\/2021\/09\/20\/el-desafiante-ano-escolar-2021-2022-comienza-hoy-8\/#primaryimage\"},\"thumbnailUrl\":\"https:\/\/noti-america.com\/site\/repdom\/wp-content\/uploads\/sites\/6\/2021\/09\/060421-presidente-abinader-encabeza-el-retorno-gradual-a-la-de-educacion-presencial-tras-un-ano-de-pandemia-eddy-vittini-076_17257199_20210919204859-1-300x192.jpg\",\"datePublished\":\"2021-09-20T16:13:50+00:00\",\"breadcrumb\":{\"@id\":\"https:\/\/noti-america.com\/site\/repdom\/2021\/09\/20\/el-desafiante-ano-escolar-2021-2022-comienza-hoy-8\/#breadcrumb\"},\"inLanguage\":\"es\",\"potentialAction\":[{\"@type\":\"ReadAction\",\"target\":[\"https:\/\/noti-america.com\/site\/repdom\/2021\/09\/20\/el-desafiante-ano-escolar-2021-2022-comienza-hoy-8\/\"]}]},{\"@type\":\"ImageObject\",\"inLanguage\":\"es\",\"@id\":\"https:\/\/noti-america.com\/site\/repdom\/2021\/09\/20\/el-desafiante-ano-escolar-2021-2022-comienza-hoy-8\/#primaryimage\",\"url\":\"https:\/\/noti-america.com\/site\/repdom\/wp-content\/uploads\/sites\/6\/2021\/09\/060421-presidente-abinader-encabeza-el-retorno-gradual-a-la-de-educacion-presencial-tras-un-ano-de-pandemia-eddy-vittini-076_17257199_20210919204859-1.jpg\",\"contentUrl\":\"https:\/\/noti-america.com\/site\/repdom\/wp-content\/uploads\/sites\/6\/2021\/09\/060421-presidente-abinader-encabeza-el-retorno-gradual-a-la-de-educacion-presencial-tras-un-ano-de-pandemia-eddy-vittini-076_17257199_20210919204859-1.jpg\",\"width\":546,\"height\":350},{\"@type\":\"BreadcrumbList\",\"@id\":\"https:\/\/noti-america.com\/site\/repdom\/2021\/09\/20\/el-desafiante-ano-escolar-2021-2022-comienza-hoy-8\/#breadcrumb\",\"itemListElement\":[{\"@type\":\"ListItem\",\"position\":1,\"name\":\"Portada\",\"item\":\"https:\/\/noti-america.com\/site\/repdom\/\"},{\"@type\":\"ListItem\",\"position\":2,\"name\":\"El desafiante a\u00f1o escolar 2021-2022 comienza hoy\"}]},{\"@type\":\"WebSite\",\"@id\":\"https:\/\/noti-america.com\/site\/repdom\/#website\",\"url\":\"https:\/\/noti-america.com\/site\/repdom\/\",\"name\":\"Rep. Dominicana | Noti-America.com\",\"description\":\"\",\"publisher\":{\"@id\":\"https:\/\/noti-america.com\/site\/repdom\/#organization\"},\"potentialAction\":[{\"@type\":\"SearchAction\",\"target\":{\"@type\":\"EntryPoint\",\"urlTemplate\":\"https:\/\/noti-america.com\/site\/repdom\/?s={search_term_string}\"},\"query-input\":{\"@type\":\"PropertyValueSpecification\",\"valueRequired\":true,\"valueName\":\"search_term_string\"}}],\"inLanguage\":\"es\"},{\"@type\":\"Organization\",\"@id\":\"https:\/\/noti-america.com\/site\/repdom\/#organization\",\"name\":\"Noti-America LLC | Rep\u00fablica Dominicana\",\"url\":\"https:\/\/noti-america.com\/site\/repdom\/\",\"logo\":{\"@type\":\"ImageObject\",\"inLanguage\":\"es\",\"@id\":\"https:\/\/noti-america.com\/site\/repdom\/#\/schema\/logo\/image\/\",\"url\":\"https:\/\/noti-america.com\/site\/repdom\/wp-content\/uploads\/sites\/6\/2020\/07\/LogoNA-4x3-1.jpg\",\"contentUrl\":\"https:\/\/noti-america.com\/site\/repdom\/wp-content\/uploads\/sites\/6\/2020\/07\/LogoNA-4x3-1.jpg\",\"width\":1236,\"height\":1080,\"caption\":\"Noti-America LLC | Rep\u00fablica Dominicana\"},\"image\":{\"@id\":\"https:\/\/noti-america.com\/site\/repdom\/#\/schema\/logo\/image\/\"}},{\"@type\":\"Person\",\"@id\":\"https:\/\/noti-america.com\/site\/repdom\/#\/schema\/person\/8027db7d71a0328e6e4474fa188c6fb3\",\"name\":\"Miguel Ramirez\",\"image\":{\"@type\":\"ImageObject\",\"inLanguage\":\"es\",\"@id\":\"https:\/\/secure.gravatar.com\/avatar\/41a78fb2cdab3e2dc5831d3591f1dab499ed0c22acc464195b09f37c2b3ac2cf?s=96&d=mm&r=g\",\"url\":\"https:\/\/secure.gravatar.com\/avatar\/41a78fb2cdab3e2dc5831d3591f1dab499ed0c22acc464195b09f37c2b3ac2cf?s=96&d=mm&r=g\",\"contentUrl\":\"https:\/\/secure.gravatar.com\/avatar\/41a78fb2cdab3e2dc5831d3591f1dab499ed0c22acc464195b09f37c2b3ac2cf?s=96&d=mm&r=g\",\"caption\":\"Miguel Ramirez\"},\"description\":\"Locutor y periodista digital y coach comunicaci\u00f3n\",\"sameAs\":[\"https:\/\/www.facebook.com\/share\/1HVE1qCqVk\/?mibextid=wwXIfr\"],\"url\":\"https:\/\/noti-america.com\/site\/repdom\/author\/mramirez\/\"}]}<\/script>\n<!-- \/ Yoast SEO Premium plugin. -->","yoast_head_json":{"title":"El desafiante a\u00f1o escolar 2021-2022 comienza hoy - Rep. Dominicana | Noti-America.com","robots":{"index":"index","follow":"follow","max-snippet":"max-snippet:-1","max-image-preview":"max-image-preview:large","max-video-preview":"max-video-preview:-1"},"canonical":"https:\/\/noti-america.com\/site\/repdom\/2021\/09\/20\/el-desafiante-ano-escolar-2021-2022-comienza-hoy-8\/","og_locale":"es_ES","og_type":"article","og_title":"El desafiante a\u00f1o escolar 2021-2022 comienza hoy","og_description":"Noti-America Republica Dominicana &nbsp; Hoy comienza el a\u00f1o escolar 2021-2022 en el sistema p\u00fablico dominicano. Hay escasez de 19,181 maestros. Los libros de texto est\u00e1n en proceso de licitaci\u00f3n y la matr\u00edcula es muy&#46;&#46;&#46;","og_url":"https:\/\/noti-america.com\/site\/repdom\/2021\/09\/20\/el-desafiante-ano-escolar-2021-2022-comienza-hoy-8\/","og_site_name":"Rep. Dominicana | Noti-America.com","article_author":"https:\/\/www.facebook.com\/share\/1HVE1qCqVk\/?mibextid=wwXIfr","article_published_time":"2021-09-20T16:13:50+00:00","og_image":[{"url":"https:\/\/noti-america.com\/site\/repdom\/wp-content\/uploads\/sites\/6\/2021\/09\/060421-presidente-abinader-encabeza-el-retorno-gradual-a-la-de-educacion-presencial-tras-un-ano-de-pandemia-eddy-vittini-076_17257199_20210919204859-1-300x192.jpg","type":"","width":"","height":""}],"author":"Miguel Ramirez","twitter_card":"summary_large_image","twitter_misc":{"Escrito por":"Miguel Ramirez","Tiempo estimado de lectura":"5 minutos"},"schema":{"@context":"https:\/\/schema.org","@graph":[{"@type":"Article","@id":"https:\/\/noti-america.com\/site\/repdom\/2021\/09\/20\/el-desafiante-ano-escolar-2021-2022-comienza-hoy-8\/#article","isPartOf":{"@id":"https:\/\/noti-america.com\/site\/repdom\/2021\/09\/20\/el-desafiante-ano-escolar-2021-2022-comienza-hoy-8\/"},"author":{"name":"Miguel Ramirez","@id":"https:\/\/noti-america.com\/site\/repdom\/#\/schema\/person\/8027db7d71a0328e6e4474fa188c6fb3"},"headline":"El desafiante a\u00f1o escolar 2021-2022 comienza hoy","datePublished":"2021-09-20T16:13:50+00:00","mainEntityOfPage":{"@id":"https:\/\/noti-america.com\/site\/repdom\/2021\/09\/20\/el-desafiante-ano-escolar-2021-2022-comienza-hoy-8\/"},"wordCount":1067,"commentCount":0,"publisher":{"@id":"https:\/\/noti-america.com\/site\/repdom\/#organization"},"image":{"@id":"https:\/\/noti-america.com\/site\/repdom\/2021\/09\/20\/el-desafiante-ano-escolar-2021-2022-comienza-hoy-8\/#primaryimage"},"thumbnailUrl":"https:\/\/noti-america.com\/site\/repdom\/wp-content\/uploads\/sites\/6\/2021\/09\/060421-presidente-abinader-encabeza-el-retorno-gradual-a-la-de-educacion-presencial-tras-un-ano-de-pandemia-eddy-vittini-076_17257199_20210919204859-1-300x192.jpg","articleSection":["Noticias"],"inLanguage":"es","potentialAction":[{"@type":"CommentAction","name":"Comment","target":["https:\/\/noti-america.com\/site\/repdom\/2021\/09\/20\/el-desafiante-ano-escolar-2021-2022-comienza-hoy-8\/#respond"]}]},{"@type":"WebPage","@id":"https:\/\/noti-america.com\/site\/repdom\/2021\/09\/20\/el-desafiante-ano-escolar-2021-2022-comienza-hoy-8\/","url":"https:\/\/noti-america.com\/site\/repdom\/2021\/09\/20\/el-desafiante-ano-escolar-2021-2022-comienza-hoy-8\/","name":"El desafiante a\u00f1o escolar 2021-2022 comienza hoy - Rep. Dominicana | Noti-America.com","isPartOf":{"@id":"https:\/\/noti-america.com\/site\/repdom\/#website"},"primaryImageOfPage":{"@id":"https:\/\/noti-america.com\/site\/repdom\/2021\/09\/20\/el-desafiante-ano-escolar-2021-2022-comienza-hoy-8\/#primaryimage"},"image":{"@id":"https:\/\/noti-america.com\/site\/repdom\/2021\/09\/20\/el-desafiante-ano-escolar-2021-2022-comienza-hoy-8\/#primaryimage"},"thumbnailUrl":"https:\/\/noti-america.com\/site\/repdom\/wp-content\/uploads\/sites\/6\/2021\/09\/060421-presidente-abinader-encabeza-el-retorno-gradual-a-la-de-educacion-presencial-tras-un-ano-de-pandemia-eddy-vittini-076_17257199_20210919204859-1-300x192.jpg","datePublished":"2021-09-20T16:13:50+00:00","breadcrumb":{"@id":"https:\/\/noti-america.com\/site\/repdom\/2021\/09\/20\/el-desafiante-ano-escolar-2021-2022-comienza-hoy-8\/#breadcrumb"},"inLanguage":"es","potentialAction":[{"@type":"ReadAction","target":["https:\/\/noti-america.com\/site\/repdom\/2021\/09\/20\/el-desafiante-ano-escolar-2021-2022-comienza-hoy-8\/"]}]},{"@type":"ImageObject","inLanguage":"es","@id":"https:\/\/noti-america.com\/site\/repdom\/2021\/09\/20\/el-desafiante-ano-escolar-2021-2022-comienza-hoy-8\/#primaryimage","url":"https:\/\/noti-america.com\/site\/repdom\/wp-content\/uploads\/sites\/6\/2021\/09\/060421-presidente-abinader-encabeza-el-retorno-gradual-a-la-de-educacion-presencial-tras-un-ano-de-pandemia-eddy-vittini-076_17257199_20210919204859-1.jpg","contentUrl":"https:\/\/noti-america.com\/site\/repdom\/wp-content\/uploads\/sites\/6\/2021\/09\/060421-presidente-abinader-encabeza-el-retorno-gradual-a-la-de-educacion-presencial-tras-un-ano-de-pandemia-eddy-vittini-076_17257199_20210919204859-1.jpg","width":546,"height":350},{"@type":"BreadcrumbList","@id":"https:\/\/noti-america.com\/site\/repdom\/2021\/09\/20\/el-desafiante-ano-escolar-2021-2022-comienza-hoy-8\/#breadcrumb","itemListElement":[{"@type":"ListItem","position":1,"name":"Portada","item":"https:\/\/noti-america.com\/site\/repdom\/"},{"@type":"ListItem","position":2,"name":"El desafiante a\u00f1o escolar 2021-2022 comienza hoy"}]},{"@type":"WebSite","@id":"https:\/\/noti-america.com\/site\/repdom\/#website","url":"https:\/\/noti-america.com\/site\/repdom\/","name":"Rep. Dominicana | Noti-America.com","description":"","publisher":{"@id":"https:\/\/noti-america.com\/site\/repdom\/#organization"},"potentialAction":[{"@type":"SearchAction","target":{"@type":"EntryPoint","urlTemplate":"https:\/\/noti-america.com\/site\/repdom\/?s={search_term_string}"},"query-input":{"@type":"PropertyValueSpecification","valueRequired":true,"valueName":"search_term_string"}}],"inLanguage":"es"},{"@type":"Organization","@id":"https:\/\/noti-america.com\/site\/repdom\/#organization","name":"Noti-America LLC | Rep\u00fablica Dominicana","url":"https:\/\/noti-america.com\/site\/repdom\/","logo":{"@type":"ImageObject","inLanguage":"es","@id":"https:\/\/noti-america.com\/site\/repdom\/#\/schema\/logo\/image\/","url":"https:\/\/noti-america.com\/site\/repdom\/wp-content\/uploads\/sites\/6\/2020\/07\/LogoNA-4x3-1.jpg","contentUrl":"https:\/\/noti-america.com\/site\/repdom\/wp-content\/uploads\/sites\/6\/2020\/07\/LogoNA-4x3-1.jpg","width":1236,"height":1080,"caption":"Noti-America LLC | Rep\u00fablica Dominicana"},"image":{"@id":"https:\/\/noti-america.com\/site\/repdom\/#\/schema\/logo\/image\/"}},{"@type":"Person","@id":"https:\/\/noti-america.com\/site\/repdom\/#\/schema\/person\/8027db7d71a0328e6e4474fa188c6fb3","name":"Miguel Ramirez","image":{"@type":"ImageObject","inLanguage":"es","@id":"https:\/\/secure.gravatar.com\/avatar\/41a78fb2cdab3e2dc5831d3591f1dab499ed0c22acc464195b09f37c2b3ac2cf?s=96&d=mm&r=g","url":"https:\/\/secure.gravatar.com\/avatar\/41a78fb2cdab3e2dc5831d3591f1dab499ed0c22acc464195b09f37c2b3ac2cf?s=96&d=mm&r=g","contentUrl":"https:\/\/secure.gravatar.com\/avatar\/41a78fb2cdab3e2dc5831d3591f1dab499ed0c22acc464195b09f37c2b3ac2cf?s=96&d=mm&r=g","caption":"Miguel Ramirez"},"description":"Locutor y periodista digital y coach comunicaci\u00f3n","sameAs":["https:\/\/www.facebook.com\/share\/1HVE1qCqVk\/?mibextid=wwXIfr"],"url":"https:\/\/noti-america.com\/site\/repdom\/author\/mramirez\/"}]}},"_links":{"self":[{"href":"https:\/\/noti-america.com\/site\/repdom\/wp-json\/wp\/v2\/posts\/13277","targetHints":{"allow":["GET"]}}],"collection":[{"href":"https:\/\/noti-america.com\/site\/repdom\/wp-json\/wp\/v2\/posts"}],"about":[{"href":"https:\/\/noti-america.com\/site\/repdom\/wp-json\/wp\/v2\/types\/post"}],"author":[{"embeddable":true,"href":"https:\/\/noti-america.com\/site\/repdom\/wp-json\/wp\/v2\/users\/96"}],"replies":[{"embeddable":true,"href":"https:\/\/noti-america.com\/site\/repdom\/wp-json\/wp\/v2\/comments?post=13277"}],"version-history":[{"count":0,"href":"https:\/\/noti-america.com\/site\/repdom\/wp-json\/wp\/v2\/posts\/13277\/revisions"}],"wp:attachment":[{"href":"https:\/\/noti-america.com\/site\/repdom\/wp-json\/wp\/v2\/media?parent=13277"}],"wp:term":[{"taxonomy":"category","embeddable":true,"href":"https:\/\/noti-america.com\/site\/repdom\/wp-json\/wp\/v2\/categories?post=13277"},{"taxonomy":"post_tag","embeddable":true,"href":"https:\/\/noti-america.com\/site\/repdom\/wp-json\/wp\/v2\/tags?post=13277"}],"curies":[{"name":"wp","href":"https:\/\/api.w.org\/{rel}","templated":true}]}}