{"id":13251,"date":"2021-09-19T20:01:31","date_gmt":"2021-09-19T20:01:31","guid":{"rendered":"https:\/\/noti-america.com\/site\/repdom\/?p=13251"},"modified":"2021-09-19T20:04:11","modified_gmt":"2021-09-19T20:04:11","slug":"andy-otero-regresa-con-las-estrellas-orientales","status":"publish","type":"post","link":"https:\/\/noti-america.com\/site\/repdom\/2021\/09\/19\/andy-otero-regresa-con-las-estrellas-orientales\/","title":{"rendered":"Andy Otero regresa con las Estrellas Orientales"},"content":{"rendered":"<p style=\"text-align: justify\"><span lang=\"ES-DO\">SAN PEDRO DE MACOR\u00cdS &#8211; Las Estrellas Orientales importar\u00e1n de nuevo al lanzador paname\u00f1o Andy Otero, para la pr\u00f3xima temporada de b\u00e9isbol profesional, que en el pa\u00eds comenzar\u00e1 el 27 de octubre, anunci\u00f3 el gerente general del club, F\u00e9lix Peguero.<\/span><\/p>\n<p style=\"text-align: justify\"><span lang=\"ES-DO\">El lanzador zurdo tuvo una sobresaliente actuaci\u00f3n con los verdes en la recta final de la participaci\u00f3n del club la temporada pasada.<\/span><\/p>\n<p style=\"text-align: justify\"><span lang=\"ES-DO\">As\u00ed, por ejemplo, Otero gan\u00f3 uno de los dos partidos de mini playoffs que ganaron las Estrellas, frente a los Leones del Escogido, para avanzar a la serie semifinal. Tir\u00f3 6 entradas en blanco, en su \u00fanica apertura frente al equipo de la ense\u00f1a roja.<\/span><\/p>\n<p style=\"text-align: justify\"><span lang=\"ES-DO\">En la serie semifinal, frente a los Gigantes del Cibao, Otero tuvo 2 aperturas, en las cuales sum\u00f3 8.1 entradas de 7 imparables y una carrera, para 1.08 de PCL.<\/span><\/p>\n<p style=\"text-align: justify\"><span lang=\"ES-DO\">Reclutado como refuerzo por las \u00c1guilas Cibae\u00f1as en la Serie Final, frente a los Gigantes, Otero tuvo foja de 1-0, con 1.91 de efectividad, al permitir 2 carreras en 9.1 entradas, acumuladas en 2 aperturas.<\/span><\/p>\n<p style=\"text-align: justify\"><span lang=\"ES-DO\">En la Serie Regular con las Estrellas, Otero lanz\u00f3 en 5 juegos, en 3 de ellos como abridor. Tuvo r\u00e9cord de 1-2, con 1.10 de PCL y WHIP de 0.73. En 16.1 innings ponch\u00f3 17, con 2 bases por bolas concedidas y 10 hits permitidos, a los 61 bateadores a quienes enfrent\u00f3.<\/span><\/p>\n<p style=\"text-align: justify\"><span lang=\"ES-DO\">La de esta vez ser\u00e1 su tercera temporada en la Liga Dominicana, donde tiene 15 juegos lanzados en Serie Regular y 4 de ellos son aperturas. En postemporada suma 7 juegos lanzados, 5 de ellos como abridor.<\/span><\/p>\n<p style=\"text-align: justify\"><span lang=\"ES-DO\">La primera visita de Otero al pa\u00eds fue en la temporada 2019-2020, con los Gigantes, equipo para el cual lanz\u00f3 en 10 partidos, uno de ellos como abridor.<\/span><\/p>\n<p style=\"text-align: justify\"><span lang=\"ES-DO\">Con Otero, ya son dos los importados anunciados por las Estrellas para la pr\u00f3xima temporada y que estuvieron con el club en la campa\u00f1a pasada. El otro es el tambi\u00e9n lanzador zurdo Evan MacLane.<\/span><\/p>\n<p style=\"text-align: justify\"><strong>Fuente: Prensa Estrellas Orientales<\/strong><\/p>\n","protected":false},"excerpt":{"rendered":"<p>SAN PEDRO DE MACOR\u00cdS &#8211; Las Estrellas Orientales importar\u00e1n de nuevo al lanzador paname\u00f1o Andy Otero, para la pr\u00f3xima temporada de b\u00e9isbol profesional, que en el pa\u00eds comenzar\u00e1 el 27 de octubre, anunci\u00f3 el&#46;&#46;&#46;<\/p>\n","protected":false},"author":89,"featured_media":13252,"comment_status":"open","ping_status":"open","sticky":false,"template":"","format":"standard","meta":{"_acf_changed":false,"rop_custom_images_group":[],"rop_custom_messages_group":[],"rop_publish_now":"initial","rop_publish_now_accounts":[],"rop_publish_now_history":[],"rop_publish_now_status":"pending","footnotes":""},"categories":[16],"tags":[630,119,158,122,477],"class_list":["post-13251","post","type-post","status-publish","format-standard","has-post-thumbnail","hentry","category-deportes","tag-andy-otero","tag-beisbol-dominicano","tag-estrellas-orientales","tag-liga-dominicana-de-beisbol-profesional","tag-peloteros-panamenos"],"acf":[],"yoast_head":"<!-- This site is optimized with the Yoast SEO Premium plugin v24.9 (Yoast SEO v27.2) - https:\/\/yoast.com\/product\/yoast-seo-premium-wordpress\/ -->\n<title>Andy Otero regresa con las Estrellas Orientales - Rep. Dominicana | Noti-America.com<\/title>\n<meta name=\"robots\" content=\"index, follow, max-snippet:-1, max-image-preview:large, max-video-preview:-1\" \/>\n<link rel=\"canonical\" href=\"https:\/\/noti-america.com\/site\/repdom\/2021\/09\/19\/andy-otero-regresa-con-las-estrellas-orientales\/\" \/>\n<meta property=\"og:locale\" content=\"es_ES\" \/>\n<meta property=\"og:type\" content=\"article\" \/>\n<meta property=\"og:title\" content=\"Andy Otero regresa con las Estrellas Orientales\" \/>\n<meta property=\"og:description\" content=\"SAN PEDRO DE MACOR\u00cdS &#8211; Las Estrellas Orientales importar\u00e1n de nuevo al lanzador paname\u00f1o Andy Otero, para la pr\u00f3xima temporada de b\u00e9isbol profesional, que en el pa\u00eds comenzar\u00e1 el 27 de octubre, anunci\u00f3 el&#046;&#046;&#046;\" \/>\n<meta property=\"og:url\" content=\"https:\/\/noti-america.com\/site\/repdom\/2021\/09\/19\/andy-otero-regresa-con-las-estrellas-orientales\/\" \/>\n<meta property=\"og:site_name\" content=\"Rep. Dominicana | Noti-America.com\" \/>\n<meta property=\"article:published_time\" content=\"2021-09-19T20:01:31+00:00\" \/>\n<meta property=\"article:modified_time\" content=\"2021-09-19T20:04:11+00:00\" \/>\n<meta property=\"og:image\" content=\"https:\/\/noti-america.com\/site\/repdom\/wp-content\/uploads\/sites\/6\/2021\/09\/ANDY-OTERO-03.jpg\" \/>\n\t<meta property=\"og:image:width\" content=\"1080\" \/>\n\t<meta property=\"og:image:height\" content=\"722\" \/>\n\t<meta property=\"og:image:type\" content=\"image\/jpeg\" \/>\n<meta name=\"author\" content=\"Ad\u00e1n Soriano\" \/>\n<meta name=\"twitter:card\" content=\"summary_large_image\" \/>\n<meta name=\"twitter:creator\" content=\"@adansoriano\" \/>\n<meta name=\"twitter:label1\" content=\"Escrito por\" \/>\n\t<meta name=\"twitter:data1\" content=\"Ad\u00e1n Soriano\" \/>\n\t<meta name=\"twitter:label2\" content=\"Tiempo estimado de lectura\" \/>\n\t<meta name=\"twitter:data2\" content=\"2 minutos\" \/>\n<script type=\"application\/ld+json\" class=\"yoast-schema-graph\">{\"@context\":\"https:\/\/schema.org\",\"@graph\":[{\"@type\":\"Article\",\"@id\":\"https:\/\/noti-america.com\/site\/repdom\/2021\/09\/19\/andy-otero-regresa-con-las-estrellas-orientales\/#article\",\"isPartOf\":{\"@id\":\"https:\/\/noti-america.com\/site\/repdom\/2021\/09\/19\/andy-otero-regresa-con-las-estrellas-orientales\/\"},\"author\":{\"name\":\"Ad\u00e1n Soriano\",\"@id\":\"https:\/\/noti-america.com\/site\/repdom\/#\/schema\/person\/fd0092c1530d275fabaa5cffcbc2b976\"},\"headline\":\"Andy Otero regresa con las Estrellas Orientales\",\"datePublished\":\"2021-09-19T20:01:31+00:00\",\"dateModified\":\"2021-09-19T20:04:11+00:00\",\"mainEntityOfPage\":{\"@id\":\"https:\/\/noti-america.com\/site\/repdom\/2021\/09\/19\/andy-otero-regresa-con-las-estrellas-orientales\/\"},\"wordCount\":326,\"commentCount\":0,\"publisher\":{\"@id\":\"https:\/\/noti-america.com\/site\/repdom\/#organization\"},\"image\":{\"@id\":\"https:\/\/noti-america.com\/site\/repdom\/2021\/09\/19\/andy-otero-regresa-con-las-estrellas-orientales\/#primaryimage\"},\"thumbnailUrl\":\"https:\/\/noti-america.com\/site\/repdom\/wp-content\/uploads\/sites\/6\/2021\/09\/ANDY-OTERO-03.jpg\",\"keywords\":[\"Andy Otero\",\"B\u00e9isbol Dominicano\",\"Estrellas Orientales\",\"Liga Dominicana de B\u00e9isbol Profesional\",\"Peloteros Paname\u00f1os\"],\"articleSection\":[\"Deportes\"],\"inLanguage\":\"es\",\"potentialAction\":[{\"@type\":\"CommentAction\",\"name\":\"Comment\",\"target\":[\"https:\/\/noti-america.com\/site\/repdom\/2021\/09\/19\/andy-otero-regresa-con-las-estrellas-orientales\/#respond\"]}]},{\"@type\":\"WebPage\",\"@id\":\"https:\/\/noti-america.com\/site\/repdom\/2021\/09\/19\/andy-otero-regresa-con-las-estrellas-orientales\/\",\"url\":\"https:\/\/noti-america.com\/site\/repdom\/2021\/09\/19\/andy-otero-regresa-con-las-estrellas-orientales\/\",\"name\":\"Andy Otero regresa con las Estrellas Orientales - Rep. Dominicana | Noti-America.com\",\"isPartOf\":{\"@id\":\"https:\/\/noti-america.com\/site\/repdom\/#website\"},\"primaryImageOfPage\":{\"@id\":\"https:\/\/noti-america.com\/site\/repdom\/2021\/09\/19\/andy-otero-regresa-con-las-estrellas-orientales\/#primaryimage\"},\"image\":{\"@id\":\"https:\/\/noti-america.com\/site\/repdom\/2021\/09\/19\/andy-otero-regresa-con-las-estrellas-orientales\/#primaryimage\"},\"thumbnailUrl\":\"https:\/\/noti-america.com\/site\/repdom\/wp-content\/uploads\/sites\/6\/2021\/09\/ANDY-OTERO-03.jpg\",\"datePublished\":\"2021-09-19T20:01:31+00:00\",\"dateModified\":\"2021-09-19T20:04:11+00:00\",\"breadcrumb\":{\"@id\":\"https:\/\/noti-america.com\/site\/repdom\/2021\/09\/19\/andy-otero-regresa-con-las-estrellas-orientales\/#breadcrumb\"},\"inLanguage\":\"es\",\"potentialAction\":[{\"@type\":\"ReadAction\",\"target\":[\"https:\/\/noti-america.com\/site\/repdom\/2021\/09\/19\/andy-otero-regresa-con-las-estrellas-orientales\/\"]}]},{\"@type\":\"ImageObject\",\"inLanguage\":\"es\",\"@id\":\"https:\/\/noti-america.com\/site\/repdom\/2021\/09\/19\/andy-otero-regresa-con-las-estrellas-orientales\/#primaryimage\",\"url\":\"https:\/\/noti-america.com\/site\/repdom\/wp-content\/uploads\/sites\/6\/2021\/09\/ANDY-OTERO-03.jpg\",\"contentUrl\":\"https:\/\/noti-america.com\/site\/repdom\/wp-content\/uploads\/sites\/6\/2021\/09\/ANDY-OTERO-03.jpg\",\"width\":1080,\"height\":722},{\"@type\":\"BreadcrumbList\",\"@id\":\"https:\/\/noti-america.com\/site\/repdom\/2021\/09\/19\/andy-otero-regresa-con-las-estrellas-orientales\/#breadcrumb\",\"itemListElement\":[{\"@type\":\"ListItem\",\"position\":1,\"name\":\"Portada\",\"item\":\"https:\/\/noti-america.com\/site\/repdom\/\"},{\"@type\":\"ListItem\",\"position\":2,\"name\":\"Andy Otero regresa con las Estrellas Orientales\"}]},{\"@type\":\"WebSite\",\"@id\":\"https:\/\/noti-america.com\/site\/repdom\/#website\",\"url\":\"https:\/\/noti-america.com\/site\/repdom\/\",\"name\":\"Rep. Dominicana | Noti-America.com\",\"description\":\"\",\"publisher\":{\"@id\":\"https:\/\/noti-america.com\/site\/repdom\/#organization\"},\"potentialAction\":[{\"@type\":\"SearchAction\",\"target\":{\"@type\":\"EntryPoint\",\"urlTemplate\":\"https:\/\/noti-america.com\/site\/repdom\/?s={search_term_string}\"},\"query-input\":{\"@type\":\"PropertyValueSpecification\",\"valueRequired\":true,\"valueName\":\"search_term_string\"}}],\"inLanguage\":\"es\"},{\"@type\":\"Organization\",\"@id\":\"https:\/\/noti-america.com\/site\/repdom\/#organization\",\"name\":\"Noti-America LLC | Rep\u00fablica Dominicana\",\"url\":\"https:\/\/noti-america.com\/site\/repdom\/\",\"logo\":{\"@type\":\"ImageObject\",\"inLanguage\":\"es\",\"@id\":\"https:\/\/noti-america.com\/site\/repdom\/#\/schema\/logo\/image\/\",\"url\":\"https:\/\/noti-america.com\/site\/repdom\/wp-content\/uploads\/sites\/6\/2020\/07\/LogoNA-4x3-1.jpg\",\"contentUrl\":\"https:\/\/noti-america.com\/site\/repdom\/wp-content\/uploads\/sites\/6\/2020\/07\/LogoNA-4x3-1.jpg\",\"width\":1236,\"height\":1080,\"caption\":\"Noti-America LLC | Rep\u00fablica Dominicana\"},\"image\":{\"@id\":\"https:\/\/noti-america.com\/site\/repdom\/#\/schema\/logo\/image\/\"}},{\"@type\":\"Person\",\"@id\":\"https:\/\/noti-america.com\/site\/repdom\/#\/schema\/person\/fd0092c1530d275fabaa5cffcbc2b976\",\"name\":\"Ad\u00e1n Soriano\",\"image\":{\"@type\":\"ImageObject\",\"inLanguage\":\"es\",\"@id\":\"https:\/\/secure.gravatar.com\/avatar\/ecf97ff3aee7ff9efdae670d7e976f3e7e8acc1077e510d73707999a8bfd4467?s=96&d=mm&r=g\",\"url\":\"https:\/\/secure.gravatar.com\/avatar\/ecf97ff3aee7ff9efdae670d7e976f3e7e8acc1077e510d73707999a8bfd4467?s=96&d=mm&r=g\",\"contentUrl\":\"https:\/\/secure.gravatar.com\/avatar\/ecf97ff3aee7ff9efdae670d7e976f3e7e8acc1077e510d73707999a8bfd4467?s=96&d=mm&r=g\",\"caption\":\"Ad\u00e1n Soriano\"},\"description\":\"Soy cronista deportivo con 10 a\u00f1os de experiencia en varios espacios, y conduzco el podcast deportivo llamado Mezcla Deportiva\",\"sameAs\":[\"https:\/\/x.com\/adansoriano\"],\"url\":\"https:\/\/noti-america.com\/site\/repdom\/author\/asoriano\/\"}]}<\/script>\n<!-- \/ Yoast SEO Premium plugin. -->","yoast_head_json":{"title":"Andy Otero regresa con las Estrellas Orientales - Rep. Dominicana | Noti-America.com","robots":{"index":"index","follow":"follow","max-snippet":"max-snippet:-1","max-image-preview":"max-image-preview:large","max-video-preview":"max-video-preview:-1"},"canonical":"https:\/\/noti-america.com\/site\/repdom\/2021\/09\/19\/andy-otero-regresa-con-las-estrellas-orientales\/","og_locale":"es_ES","og_type":"article","og_title":"Andy Otero regresa con las Estrellas Orientales","og_description":"SAN PEDRO DE MACOR\u00cdS &#8211; Las Estrellas Orientales importar\u00e1n de nuevo al lanzador paname\u00f1o Andy Otero, para la pr\u00f3xima temporada de b\u00e9isbol profesional, que en el pa\u00eds comenzar\u00e1 el 27 de octubre, anunci\u00f3 el&#46;&#46;&#46;","og_url":"https:\/\/noti-america.com\/site\/repdom\/2021\/09\/19\/andy-otero-regresa-con-las-estrellas-orientales\/","og_site_name":"Rep. Dominicana | Noti-America.com","article_published_time":"2021-09-19T20:01:31+00:00","article_modified_time":"2021-09-19T20:04:11+00:00","og_image":[{"width":1080,"height":722,"url":"https:\/\/noti-america.com\/site\/repdom\/wp-content\/uploads\/sites\/6\/2021\/09\/ANDY-OTERO-03.jpg","type":"image\/jpeg"}],"author":"Ad\u00e1n Soriano","twitter_card":"summary_large_image","twitter_creator":"@adansoriano","twitter_misc":{"Escrito por":"Ad\u00e1n Soriano","Tiempo estimado de lectura":"2 minutos"},"schema":{"@context":"https:\/\/schema.org","@graph":[{"@type":"Article","@id":"https:\/\/noti-america.com\/site\/repdom\/2021\/09\/19\/andy-otero-regresa-con-las-estrellas-orientales\/#article","isPartOf":{"@id":"https:\/\/noti-america.com\/site\/repdom\/2021\/09\/19\/andy-otero-regresa-con-las-estrellas-orientales\/"},"author":{"name":"Ad\u00e1n Soriano","@id":"https:\/\/noti-america.com\/site\/repdom\/#\/schema\/person\/fd0092c1530d275fabaa5cffcbc2b976"},"headline":"Andy Otero regresa con las Estrellas Orientales","datePublished":"2021-09-19T20:01:31+00:00","dateModified":"2021-09-19T20:04:11+00:00","mainEntityOfPage":{"@id":"https:\/\/noti-america.com\/site\/repdom\/2021\/09\/19\/andy-otero-regresa-con-las-estrellas-orientales\/"},"wordCount":326,"commentCount":0,"publisher":{"@id":"https:\/\/noti-america.com\/site\/repdom\/#organization"},"image":{"@id":"https:\/\/noti-america.com\/site\/repdom\/2021\/09\/19\/andy-otero-regresa-con-las-estrellas-orientales\/#primaryimage"},"thumbnailUrl":"https:\/\/noti-america.com\/site\/repdom\/wp-content\/uploads\/sites\/6\/2021\/09\/ANDY-OTERO-03.jpg","keywords":["Andy Otero","B\u00e9isbol Dominicano","Estrellas Orientales","Liga Dominicana de B\u00e9isbol Profesional","Peloteros Paname\u00f1os"],"articleSection":["Deportes"],"inLanguage":"es","potentialAction":[{"@type":"CommentAction","name":"Comment","target":["https:\/\/noti-america.com\/site\/repdom\/2021\/09\/19\/andy-otero-regresa-con-las-estrellas-orientales\/#respond"]}]},{"@type":"WebPage","@id":"https:\/\/noti-america.com\/site\/repdom\/2021\/09\/19\/andy-otero-regresa-con-las-estrellas-orientales\/","url":"https:\/\/noti-america.com\/site\/repdom\/2021\/09\/19\/andy-otero-regresa-con-las-estrellas-orientales\/","name":"Andy Otero regresa con las Estrellas Orientales - Rep. Dominicana | Noti-America.com","isPartOf":{"@id":"https:\/\/noti-america.com\/site\/repdom\/#website"},"primaryImageOfPage":{"@id":"https:\/\/noti-america.com\/site\/repdom\/2021\/09\/19\/andy-otero-regresa-con-las-estrellas-orientales\/#primaryimage"},"image":{"@id":"https:\/\/noti-america.com\/site\/repdom\/2021\/09\/19\/andy-otero-regresa-con-las-estrellas-orientales\/#primaryimage"},"thumbnailUrl":"https:\/\/noti-america.com\/site\/repdom\/wp-content\/uploads\/sites\/6\/2021\/09\/ANDY-OTERO-03.jpg","datePublished":"2021-09-19T20:01:31+00:00","dateModified":"2021-09-19T20:04:11+00:00","breadcrumb":{"@id":"https:\/\/noti-america.com\/site\/repdom\/2021\/09\/19\/andy-otero-regresa-con-las-estrellas-orientales\/#breadcrumb"},"inLanguage":"es","potentialAction":[{"@type":"ReadAction","target":["https:\/\/noti-america.com\/site\/repdom\/2021\/09\/19\/andy-otero-regresa-con-las-estrellas-orientales\/"]}]},{"@type":"ImageObject","inLanguage":"es","@id":"https:\/\/noti-america.com\/site\/repdom\/2021\/09\/19\/andy-otero-regresa-con-las-estrellas-orientales\/#primaryimage","url":"https:\/\/noti-america.com\/site\/repdom\/wp-content\/uploads\/sites\/6\/2021\/09\/ANDY-OTERO-03.jpg","contentUrl":"https:\/\/noti-america.com\/site\/repdom\/wp-content\/uploads\/sites\/6\/2021\/09\/ANDY-OTERO-03.jpg","width":1080,"height":722},{"@type":"BreadcrumbList","@id":"https:\/\/noti-america.com\/site\/repdom\/2021\/09\/19\/andy-otero-regresa-con-las-estrellas-orientales\/#breadcrumb","itemListElement":[{"@type":"ListItem","position":1,"name":"Portada","item":"https:\/\/noti-america.com\/site\/repdom\/"},{"@type":"ListItem","position":2,"name":"Andy Otero regresa con las Estrellas Orientales"}]},{"@type":"WebSite","@id":"https:\/\/noti-america.com\/site\/repdom\/#website","url":"https:\/\/noti-america.com\/site\/repdom\/","name":"Rep. Dominicana | Noti-America.com","description":"","publisher":{"@id":"https:\/\/noti-america.com\/site\/repdom\/#organization"},"potentialAction":[{"@type":"SearchAction","target":{"@type":"EntryPoint","urlTemplate":"https:\/\/noti-america.com\/site\/repdom\/?s={search_term_string}"},"query-input":{"@type":"PropertyValueSpecification","valueRequired":true,"valueName":"search_term_string"}}],"inLanguage":"es"},{"@type":"Organization","@id":"https:\/\/noti-america.com\/site\/repdom\/#organization","name":"Noti-America LLC | Rep\u00fablica Dominicana","url":"https:\/\/noti-america.com\/site\/repdom\/","logo":{"@type":"ImageObject","inLanguage":"es","@id":"https:\/\/noti-america.com\/site\/repdom\/#\/schema\/logo\/image\/","url":"https:\/\/noti-america.com\/site\/repdom\/wp-content\/uploads\/sites\/6\/2020\/07\/LogoNA-4x3-1.jpg","contentUrl":"https:\/\/noti-america.com\/site\/repdom\/wp-content\/uploads\/sites\/6\/2020\/07\/LogoNA-4x3-1.jpg","width":1236,"height":1080,"caption":"Noti-America LLC | Rep\u00fablica Dominicana"},"image":{"@id":"https:\/\/noti-america.com\/site\/repdom\/#\/schema\/logo\/image\/"}},{"@type":"Person","@id":"https:\/\/noti-america.com\/site\/repdom\/#\/schema\/person\/fd0092c1530d275fabaa5cffcbc2b976","name":"Ad\u00e1n Soriano","image":{"@type":"ImageObject","inLanguage":"es","@id":"https:\/\/secure.gravatar.com\/avatar\/ecf97ff3aee7ff9efdae670d7e976f3e7e8acc1077e510d73707999a8bfd4467?s=96&d=mm&r=g","url":"https:\/\/secure.gravatar.com\/avatar\/ecf97ff3aee7ff9efdae670d7e976f3e7e8acc1077e510d73707999a8bfd4467?s=96&d=mm&r=g","contentUrl":"https:\/\/secure.gravatar.com\/avatar\/ecf97ff3aee7ff9efdae670d7e976f3e7e8acc1077e510d73707999a8bfd4467?s=96&d=mm&r=g","caption":"Ad\u00e1n Soriano"},"description":"Soy cronista deportivo con 10 a\u00f1os de experiencia en varios espacios, y conduzco el podcast deportivo llamado Mezcla Deportiva","sameAs":["https:\/\/x.com\/adansoriano"],"url":"https:\/\/noti-america.com\/site\/repdom\/author\/asoriano\/"}]}},"_links":{"self":[{"href":"https:\/\/noti-america.com\/site\/repdom\/wp-json\/wp\/v2\/posts\/13251","targetHints":{"allow":["GET"]}}],"collection":[{"href":"https:\/\/noti-america.com\/site\/repdom\/wp-json\/wp\/v2\/posts"}],"about":[{"href":"https:\/\/noti-america.com\/site\/repdom\/wp-json\/wp\/v2\/types\/post"}],"author":[{"embeddable":true,"href":"https:\/\/noti-america.com\/site\/repdom\/wp-json\/wp\/v2\/users\/89"}],"replies":[{"embeddable":true,"href":"https:\/\/noti-america.com\/site\/repdom\/wp-json\/wp\/v2\/comments?post=13251"}],"version-history":[{"count":1,"href":"https:\/\/noti-america.com\/site\/repdom\/wp-json\/wp\/v2\/posts\/13251\/revisions"}],"predecessor-version":[{"id":13253,"href":"https:\/\/noti-america.com\/site\/repdom\/wp-json\/wp\/v2\/posts\/13251\/revisions\/13253"}],"wp:featuredmedia":[{"embeddable":true,"href":"https:\/\/noti-america.com\/site\/repdom\/wp-json\/wp\/v2\/media\/13252"}],"wp:attachment":[{"href":"https:\/\/noti-america.com\/site\/repdom\/wp-json\/wp\/v2\/media?parent=13251"}],"wp:term":[{"taxonomy":"category","embeddable":true,"href":"https:\/\/noti-america.com\/site\/repdom\/wp-json\/wp\/v2\/categories?post=13251"},{"taxonomy":"post_tag","embeddable":true,"href":"https:\/\/noti-america.com\/site\/repdom\/wp-json\/wp\/v2\/tags?post=13251"}],"curies":[{"name":"wp","href":"https:\/\/api.w.org\/{rel}","templated":true}]}}