{"id":13147,"date":"2021-09-16T23:31:57","date_gmt":"2021-09-16T23:31:57","guid":{"rendered":"https:\/\/noti-america.com\/site\/repdom\/2021\/09\/16\/el-presidente-de-el-salvador-nayib-bukele-acusa-a-la-comunidad-internacional-de-financiar-protestas-contra-su-gobierno-2\/"},"modified":"2021-09-16T23:31:57","modified_gmt":"2021-09-16T23:31:57","slug":"el-presidente-de-el-salvador-nayib-bukele-acusa-a-la-comunidad-internacional-de-financiar-protestas-contra-su-gobierno-2","status":"publish","type":"post","link":"https:\/\/noti-america.com\/site\/repdom\/2021\/09\/16\/el-presidente-de-el-salvador-nayib-bukele-acusa-a-la-comunidad-internacional-de-financiar-protestas-contra-su-gobierno-2\/","title":{"rendered":"&#8220;El presidente de El Salvador, Nayib Bukele, acusa a la comunidad internacional de financiar protestas contra su gobierno&#8221;"},"content":{"rendered":"<p style=\"text-align: justify\"><strong>NOTI-AMERICA (REPUBLICA DOMINICANA)\u00a0<\/strong><\/p>\n<p style=\"text-align: justify\"><strong>EL SALVADOR_\u00a0 <\/strong>El presidente de El Salvador, Nayib Bukele, acus\u00f3 a la comunidad internacional de financiar las protestas\u00a0<a href=\"https:\/\/cnnespanol.cnn.com\/video\/salvador-protestas-nayib-bukele-pkg-merlin-delcid\/\">contra su gobierno<\/a>\u00a0ocurridas este mi\u00e9rcoles, cuando cientos de salvadore\u00f1os tomaron las calles para rechazar medidas promovidas por el mandatario.<\/p>\n<p style=\"text-align: justify\">Entre los reclamos durante las protestas, est\u00e1 la implementaci\u00f3n del bitcoin en El Salvador, el fallo de la Sala de lo Constitucional de la Corte Suprema de Justicia que deja abierta la posibilidad para la reelecci\u00f3n de Bukele y el decreto que jubila a los jueces y magistrados mayores de 60 a\u00f1os.<\/p>\n<p style=\"text-align: justify\">\u201cLo triste es que est\u00e1n financiando a una oposici\u00f3n perversa\u201d, afirm\u00f3 Bukele en cadena nacional aunque sin presentar pruebas.<\/p>\n<p style=\"text-align: justify\">El mandatario se quej\u00f3 de los da\u00f1os causados durante las manifestaciones. \u201cVandalizaron no solo monumentos sino propiedad p\u00fablica y privada, y no es la primera vez que lo hacen\u201d, agreg\u00f3 Bukele.<\/p>\n<p style=\"text-align: justify\">Un cajero para transacciones con bitcoins fue quemado junto a un quiosco en el que se brinda asesor\u00eda a usuarios de la \u201cchivo wallet\u201d, una aplicaci\u00f3n creada por el gobierno para el uso de la criptomoneda.<\/p>\n<p style=\"text-align: justify\">El bitcoin es moneda de curso legal desde el 7 de septiembre, cuando entr\u00f3 en vigor la ley que obliga a los negocios a aceptar pagos con bitcoin por los bienes y servicios.<\/p>\n<div class=\"outstream adfuel-rendered\" style=\"text-align: justify\" data-ad-rendered=\"true\" data-ad-rendered-size=\"fluid\">\n<div id=\"ad_out_vid_01\" class=\"ad adfuel-rendered\" data-google-query-id=\"CPrygs3RhPMCFc4ZswAd_m4NZw\" data-ad-rendered=\"true\">\n<div id=\"google_ads_iframe_\/8663477\/Espanol\/latinamerican\/article_3__container__\">Bukele se\u00f1al\u00f3 que su gobierno no reprimi\u00f3 las protestas y se quej\u00f3 porque, aun as\u00ed, algunos pa\u00edses se\u00f1alan que en El Salvador se est\u00e1 gestando una dictadura. \u201cAqu\u00ed no hay una dictadura. Aqu\u00ed hay una democracia que se ha expresado libremente en las urnas y no una sino dos veces\u201d, afirm\u00f3.<\/div>\n<\/div>\n<\/div>\n<div style=\"text-align: justify\"><\/div>\n<div>\n<p style=\"text-align: justify\">El presidente se refiere a las elecciones de 2019, cuando gan\u00f3 las elecciones en primera vuelta y con amplia mayor\u00eda, y a los comicios de 2021 cuando su partido obtuvo la mayor\u00eda de los gobiernos locales y el control de la Asamblea Legislativa.<\/p>\n<p style=\"text-align: justify\">\u201cNos condenan por querer depurar nuestro sistema judicial\u201d, sostuvo Bukele durante su discurso por los 200 a\u00f1os de la independencia. Diferentes sectores han criticado el decreto aprobado por la Asamblea Legislativa que jubila a todos los magistrados y jueces mayores de 60 a\u00f1os. Hasta ahora, no hab\u00eda l\u00edmite de edad para ejercer el cargo.<\/p>\n<p style=\"text-align: justify\">Bukele reiter\u00f3 a la comunidad internacional, sin se\u00f1alar a ning\u00fan pa\u00eds espec\u00edficamente, que su gobierno mantendr\u00e1 las relaciones con todos, pero aclar\u00f3 que no permitir\u00e1 una \u201cinjerencia de ning\u00fan tipo\u201d.<\/p>\n<p style=\"text-align: justify\">Fuente: cnnespanol.cnn.com<\/p>\n<p style=\"text-align: justify\">Por Cerso Felipe Castillo Carri\u00f3n Facebook e Instagram @cersocastillo<\/p>\n<p style=\"text-align: justify\">\n<\/div>\n","protected":false},"excerpt":{"rendered":"<p>NOTI-AMERICA (REPUBLICA DOMINICANA)\u00a0 EL SALVADOR_\u00a0 El presidente de El Salvador, Nayib Bukele, acus\u00f3 a la comunidad internacional de financiar las protestas\u00a0contra su gobierno\u00a0ocurridas este mi\u00e9rcoles, cuando cientos de salvadore\u00f1os tomaron las calles para rechazar&#46;&#46;&#46;<\/p>\n","protected":false},"author":90,"featured_media":13148,"comment_status":"open","ping_status":"open","sticky":false,"template":"","format":"image","meta":{"_acf_changed":false,"rop_custom_images_group":[],"rop_custom_messages_group":[],"rop_publish_now":"initial","rop_publish_now_accounts":[],"rop_publish_now_history":[],"rop_publish_now_status":"pending","footnotes":""},"categories":[4],"tags":[],"class_list":["post-13147","post","type-post","status-publish","format-image","has-post-thumbnail","hentry","category-internacionales","post_format-post-format-image"],"acf":[],"yoast_head":"<!-- This site is optimized with the Yoast SEO Premium plugin v24.9 (Yoast SEO v27.2) - https:\/\/yoast.com\/product\/yoast-seo-premium-wordpress\/ -->\n<title>&#8220;El presidente de El Salvador, Nayib Bukele, acusa a la comunidad internacional de financiar protestas contra su gobierno&#8221; - Rep. Dominicana | Noti-America.com<\/title>\n<meta name=\"robots\" content=\"index, follow, max-snippet:-1, max-image-preview:large, max-video-preview:-1\" \/>\n<link rel=\"canonical\" href=\"https:\/\/noti-america.com\/site\/repdom\/2021\/09\/16\/el-presidente-de-el-salvador-nayib-bukele-acusa-a-la-comunidad-internacional-de-financiar-protestas-contra-su-gobierno-2\/\" \/>\n<meta property=\"og:locale\" content=\"es_ES\" \/>\n<meta property=\"og:type\" content=\"article\" \/>\n<meta property=\"og:title\" content=\"&#8220;El presidente de El Salvador, Nayib Bukele, acusa a la comunidad internacional de financiar protestas contra su gobierno&#8221;\" \/>\n<meta property=\"og:description\" content=\"NOTI-AMERICA (REPUBLICA DOMINICANA)\u00a0 EL SALVADOR_\u00a0 El presidente de El Salvador, Nayib Bukele, acus\u00f3 a la comunidad internacional de financiar las protestas\u00a0contra su gobierno\u00a0ocurridas este mi\u00e9rcoles, cuando cientos de salvadore\u00f1os tomaron las calles para rechazar&#046;&#046;&#046;\" \/>\n<meta property=\"og:url\" content=\"https:\/\/noti-america.com\/site\/repdom\/2021\/09\/16\/el-presidente-de-el-salvador-nayib-bukele-acusa-a-la-comunidad-internacional-de-financiar-protestas-contra-su-gobierno-2\/\" \/>\n<meta property=\"og:site_name\" content=\"Rep. Dominicana | Noti-America.com\" \/>\n<meta property=\"article:published_time\" content=\"2021-09-16T23:31:57+00:00\" \/>\n<meta property=\"og:image\" content=\"https:\/\/noti-america.com\/site\/repdom\/wp-content\/uploads\/sites\/6\/2021\/09\/NQVCSQOCEVH4RHHKOH2KUA4BU4.jpg\" \/>\n\t<meta property=\"og:image:width\" content=\"580\" \/>\n\t<meta property=\"og:image:height\" content=\"330\" \/>\n\t<meta property=\"og:image:type\" content=\"image\/jpeg\" \/>\n<meta name=\"author\" content=\"Cerso Castillo\" \/>\n<meta name=\"twitter:card\" content=\"summary_large_image\" \/>\n<meta name=\"twitter:label1\" content=\"Escrito por\" \/>\n\t<meta name=\"twitter:data1\" content=\"Cerso Castillo\" \/>\n\t<meta name=\"twitter:label2\" content=\"Tiempo estimado de lectura\" \/>\n\t<meta name=\"twitter:data2\" content=\"2 minutos\" \/>\n<script type=\"application\/ld+json\" class=\"yoast-schema-graph\">{\"@context\":\"https:\/\/schema.org\",\"@graph\":[{\"@type\":\"Article\",\"@id\":\"https:\/\/noti-america.com\/site\/repdom\/2021\/09\/16\/el-presidente-de-el-salvador-nayib-bukele-acusa-a-la-comunidad-internacional-de-financiar-protestas-contra-su-gobierno-2\/#article\",\"isPartOf\":{\"@id\":\"https:\/\/noti-america.com\/site\/repdom\/2021\/09\/16\/el-presidente-de-el-salvador-nayib-bukele-acusa-a-la-comunidad-internacional-de-financiar-protestas-contra-su-gobierno-2\/\"},\"author\":{\"name\":\"Cerso Castillo\",\"@id\":\"https:\/\/noti-america.com\/site\/repdom\/#\/schema\/person\/408e10184d87f571c50942f1d952011d\"},\"headline\":\"&#8220;El presidente de El Salvador, Nayib Bukele, acusa a la comunidad internacional de financiar protestas contra su gobierno&#8221;\",\"datePublished\":\"2021-09-16T23:31:57+00:00\",\"mainEntityOfPage\":{\"@id\":\"https:\/\/noti-america.com\/site\/repdom\/2021\/09\/16\/el-presidente-de-el-salvador-nayib-bukele-acusa-a-la-comunidad-internacional-de-financiar-protestas-contra-su-gobierno-2\/\"},\"wordCount\":441,\"commentCount\":0,\"publisher\":{\"@id\":\"https:\/\/noti-america.com\/site\/repdom\/#organization\"},\"image\":{\"@id\":\"https:\/\/noti-america.com\/site\/repdom\/2021\/09\/16\/el-presidente-de-el-salvador-nayib-bukele-acusa-a-la-comunidad-internacional-de-financiar-protestas-contra-su-gobierno-2\/#primaryimage\"},\"thumbnailUrl\":\"https:\/\/noti-america.com\/site\/repdom\/wp-content\/uploads\/sites\/6\/2021\/09\/NQVCSQOCEVH4RHHKOH2KUA4BU4.jpg\",\"articleSection\":[\"Internacionales\"],\"inLanguage\":\"es\",\"potentialAction\":[{\"@type\":\"CommentAction\",\"name\":\"Comment\",\"target\":[\"https:\/\/noti-america.com\/site\/repdom\/2021\/09\/16\/el-presidente-de-el-salvador-nayib-bukele-acusa-a-la-comunidad-internacional-de-financiar-protestas-contra-su-gobierno-2\/#respond\"]}]},{\"@type\":\"WebPage\",\"@id\":\"https:\/\/noti-america.com\/site\/repdom\/2021\/09\/16\/el-presidente-de-el-salvador-nayib-bukele-acusa-a-la-comunidad-internacional-de-financiar-protestas-contra-su-gobierno-2\/\",\"url\":\"https:\/\/noti-america.com\/site\/repdom\/2021\/09\/16\/el-presidente-de-el-salvador-nayib-bukele-acusa-a-la-comunidad-internacional-de-financiar-protestas-contra-su-gobierno-2\/\",\"name\":\"&#8220;El presidente de El Salvador, Nayib Bukele, acusa a la comunidad internacional de financiar protestas contra su gobierno&#8221; - Rep. Dominicana | Noti-America.com\",\"isPartOf\":{\"@id\":\"https:\/\/noti-america.com\/site\/repdom\/#website\"},\"primaryImageOfPage\":{\"@id\":\"https:\/\/noti-america.com\/site\/repdom\/2021\/09\/16\/el-presidente-de-el-salvador-nayib-bukele-acusa-a-la-comunidad-internacional-de-financiar-protestas-contra-su-gobierno-2\/#primaryimage\"},\"image\":{\"@id\":\"https:\/\/noti-america.com\/site\/repdom\/2021\/09\/16\/el-presidente-de-el-salvador-nayib-bukele-acusa-a-la-comunidad-internacional-de-financiar-protestas-contra-su-gobierno-2\/#primaryimage\"},\"thumbnailUrl\":\"https:\/\/noti-america.com\/site\/repdom\/wp-content\/uploads\/sites\/6\/2021\/09\/NQVCSQOCEVH4RHHKOH2KUA4BU4.jpg\",\"datePublished\":\"2021-09-16T23:31:57+00:00\",\"breadcrumb\":{\"@id\":\"https:\/\/noti-america.com\/site\/repdom\/2021\/09\/16\/el-presidente-de-el-salvador-nayib-bukele-acusa-a-la-comunidad-internacional-de-financiar-protestas-contra-su-gobierno-2\/#breadcrumb\"},\"inLanguage\":\"es\",\"potentialAction\":[{\"@type\":\"ReadAction\",\"target\":[\"https:\/\/noti-america.com\/site\/repdom\/2021\/09\/16\/el-presidente-de-el-salvador-nayib-bukele-acusa-a-la-comunidad-internacional-de-financiar-protestas-contra-su-gobierno-2\/\"]}]},{\"@type\":\"ImageObject\",\"inLanguage\":\"es\",\"@id\":\"https:\/\/noti-america.com\/site\/repdom\/2021\/09\/16\/el-presidente-de-el-salvador-nayib-bukele-acusa-a-la-comunidad-internacional-de-financiar-protestas-contra-su-gobierno-2\/#primaryimage\",\"url\":\"https:\/\/noti-america.com\/site\/repdom\/wp-content\/uploads\/sites\/6\/2021\/09\/NQVCSQOCEVH4RHHKOH2KUA4BU4.jpg\",\"contentUrl\":\"https:\/\/noti-america.com\/site\/repdom\/wp-content\/uploads\/sites\/6\/2021\/09\/NQVCSQOCEVH4RHHKOH2KUA4BU4.jpg\",\"width\":580,\"height\":330},{\"@type\":\"BreadcrumbList\",\"@id\":\"https:\/\/noti-america.com\/site\/repdom\/2021\/09\/16\/el-presidente-de-el-salvador-nayib-bukele-acusa-a-la-comunidad-internacional-de-financiar-protestas-contra-su-gobierno-2\/#breadcrumb\",\"itemListElement\":[{\"@type\":\"ListItem\",\"position\":1,\"name\":\"Portada\",\"item\":\"https:\/\/noti-america.com\/site\/repdom\/\"},{\"@type\":\"ListItem\",\"position\":2,\"name\":\"&#8220;El presidente de El Salvador, Nayib Bukele, acusa a la comunidad internacional de financiar protestas contra su gobierno&#8221;\"}]},{\"@type\":\"WebSite\",\"@id\":\"https:\/\/noti-america.com\/site\/repdom\/#website\",\"url\":\"https:\/\/noti-america.com\/site\/repdom\/\",\"name\":\"Rep. Dominicana | Noti-America.com\",\"description\":\"\",\"publisher\":{\"@id\":\"https:\/\/noti-america.com\/site\/repdom\/#organization\"},\"potentialAction\":[{\"@type\":\"SearchAction\",\"target\":{\"@type\":\"EntryPoint\",\"urlTemplate\":\"https:\/\/noti-america.com\/site\/repdom\/?s={search_term_string}\"},\"query-input\":{\"@type\":\"PropertyValueSpecification\",\"valueRequired\":true,\"valueName\":\"search_term_string\"}}],\"inLanguage\":\"es\"},{\"@type\":\"Organization\",\"@id\":\"https:\/\/noti-america.com\/site\/repdom\/#organization\",\"name\":\"Noti-America LLC | Rep\u00fablica Dominicana\",\"url\":\"https:\/\/noti-america.com\/site\/repdom\/\",\"logo\":{\"@type\":\"ImageObject\",\"inLanguage\":\"es\",\"@id\":\"https:\/\/noti-america.com\/site\/repdom\/#\/schema\/logo\/image\/\",\"url\":\"https:\/\/noti-america.com\/site\/repdom\/wp-content\/uploads\/sites\/6\/2020\/07\/LogoNA-4x3-1.jpg\",\"contentUrl\":\"https:\/\/noti-america.com\/site\/repdom\/wp-content\/uploads\/sites\/6\/2020\/07\/LogoNA-4x3-1.jpg\",\"width\":1236,\"height\":1080,\"caption\":\"Noti-America LLC | Rep\u00fablica Dominicana\"},\"image\":{\"@id\":\"https:\/\/noti-america.com\/site\/repdom\/#\/schema\/logo\/image\/\"}},{\"@type\":\"Person\",\"@id\":\"https:\/\/noti-america.com\/site\/repdom\/#\/schema\/person\/408e10184d87f571c50942f1d952011d\",\"name\":\"Cerso Castillo\",\"image\":{\"@type\":\"ImageObject\",\"inLanguage\":\"es\",\"@id\":\"https:\/\/secure.gravatar.com\/avatar\/cdbd3acf34ce68a34b34df99954821070986715ab3e264b63c5395bd1ddd529d?s=96&d=mm&r=g\",\"url\":\"https:\/\/secure.gravatar.com\/avatar\/cdbd3acf34ce68a34b34df99954821070986715ab3e264b63c5395bd1ddd529d?s=96&d=mm&r=g\",\"contentUrl\":\"https:\/\/secure.gravatar.com\/avatar\/cdbd3acf34ce68a34b34df99954821070986715ab3e264b63c5395bd1ddd529d?s=96&d=mm&r=g\",\"caption\":\"Cerso Castillo\"},\"description\":\"Comunicador &amp; Periodista, Locutor, Maestro de Ceremonias, Animador, Orador, Dominio Escenico, Productor de Tv &amp; Radio, Lider Consejero de Camp., Mentor Honorifico, Coach Comunicacional, Manejo de Paq. De Office, Dominio del Portugues, manejo del Ingles Intermedio &amp; Productor General del Programa Digital Conexi\u00f3n Sin Limites RD.\",\"sameAs\":[\"https:\/\/www.facebook.com\/conexionsinlimitesrd\/\"],\"url\":\"https:\/\/noti-america.com\/site\/repdom\/author\/ccastillo\/\"}]}<\/script>\n<!-- \/ Yoast SEO Premium plugin. -->","yoast_head_json":{"title":"&#8220;El presidente de El Salvador, Nayib Bukele, acusa a la comunidad internacional de financiar protestas contra su gobierno&#8221; - Rep. Dominicana | Noti-America.com","robots":{"index":"index","follow":"follow","max-snippet":"max-snippet:-1","max-image-preview":"max-image-preview:large","max-video-preview":"max-video-preview:-1"},"canonical":"https:\/\/noti-america.com\/site\/repdom\/2021\/09\/16\/el-presidente-de-el-salvador-nayib-bukele-acusa-a-la-comunidad-internacional-de-financiar-protestas-contra-su-gobierno-2\/","og_locale":"es_ES","og_type":"article","og_title":"&#8220;El presidente de El Salvador, Nayib Bukele, acusa a la comunidad internacional de financiar protestas contra su gobierno&#8221;","og_description":"NOTI-AMERICA (REPUBLICA DOMINICANA)\u00a0 EL SALVADOR_\u00a0 El presidente de El Salvador, Nayib Bukele, acus\u00f3 a la comunidad internacional de financiar las protestas\u00a0contra su gobierno\u00a0ocurridas este mi\u00e9rcoles, cuando cientos de salvadore\u00f1os tomaron las calles para rechazar&#46;&#46;&#46;","og_url":"https:\/\/noti-america.com\/site\/repdom\/2021\/09\/16\/el-presidente-de-el-salvador-nayib-bukele-acusa-a-la-comunidad-internacional-de-financiar-protestas-contra-su-gobierno-2\/","og_site_name":"Rep. Dominicana | Noti-America.com","article_published_time":"2021-09-16T23:31:57+00:00","og_image":[{"width":580,"height":330,"url":"https:\/\/noti-america.com\/site\/repdom\/wp-content\/uploads\/sites\/6\/2021\/09\/NQVCSQOCEVH4RHHKOH2KUA4BU4.jpg","type":"image\/jpeg"}],"author":"Cerso Castillo","twitter_card":"summary_large_image","twitter_misc":{"Escrito por":"Cerso Castillo","Tiempo estimado de lectura":"2 minutos"},"schema":{"@context":"https:\/\/schema.org","@graph":[{"@type":"Article","@id":"https:\/\/noti-america.com\/site\/repdom\/2021\/09\/16\/el-presidente-de-el-salvador-nayib-bukele-acusa-a-la-comunidad-internacional-de-financiar-protestas-contra-su-gobierno-2\/#article","isPartOf":{"@id":"https:\/\/noti-america.com\/site\/repdom\/2021\/09\/16\/el-presidente-de-el-salvador-nayib-bukele-acusa-a-la-comunidad-internacional-de-financiar-protestas-contra-su-gobierno-2\/"},"author":{"name":"Cerso Castillo","@id":"https:\/\/noti-america.com\/site\/repdom\/#\/schema\/person\/408e10184d87f571c50942f1d952011d"},"headline":"&#8220;El presidente de El Salvador, Nayib Bukele, acusa a la comunidad internacional de financiar protestas contra su gobierno&#8221;","datePublished":"2021-09-16T23:31:57+00:00","mainEntityOfPage":{"@id":"https:\/\/noti-america.com\/site\/repdom\/2021\/09\/16\/el-presidente-de-el-salvador-nayib-bukele-acusa-a-la-comunidad-internacional-de-financiar-protestas-contra-su-gobierno-2\/"},"wordCount":441,"commentCount":0,"publisher":{"@id":"https:\/\/noti-america.com\/site\/repdom\/#organization"},"image":{"@id":"https:\/\/noti-america.com\/site\/repdom\/2021\/09\/16\/el-presidente-de-el-salvador-nayib-bukele-acusa-a-la-comunidad-internacional-de-financiar-protestas-contra-su-gobierno-2\/#primaryimage"},"thumbnailUrl":"https:\/\/noti-america.com\/site\/repdom\/wp-content\/uploads\/sites\/6\/2021\/09\/NQVCSQOCEVH4RHHKOH2KUA4BU4.jpg","articleSection":["Internacionales"],"inLanguage":"es","potentialAction":[{"@type":"CommentAction","name":"Comment","target":["https:\/\/noti-america.com\/site\/repdom\/2021\/09\/16\/el-presidente-de-el-salvador-nayib-bukele-acusa-a-la-comunidad-internacional-de-financiar-protestas-contra-su-gobierno-2\/#respond"]}]},{"@type":"WebPage","@id":"https:\/\/noti-america.com\/site\/repdom\/2021\/09\/16\/el-presidente-de-el-salvador-nayib-bukele-acusa-a-la-comunidad-internacional-de-financiar-protestas-contra-su-gobierno-2\/","url":"https:\/\/noti-america.com\/site\/repdom\/2021\/09\/16\/el-presidente-de-el-salvador-nayib-bukele-acusa-a-la-comunidad-internacional-de-financiar-protestas-contra-su-gobierno-2\/","name":"&#8220;El presidente de El Salvador, Nayib Bukele, acusa a la comunidad internacional de financiar protestas contra su gobierno&#8221; - Rep. Dominicana | Noti-America.com","isPartOf":{"@id":"https:\/\/noti-america.com\/site\/repdom\/#website"},"primaryImageOfPage":{"@id":"https:\/\/noti-america.com\/site\/repdom\/2021\/09\/16\/el-presidente-de-el-salvador-nayib-bukele-acusa-a-la-comunidad-internacional-de-financiar-protestas-contra-su-gobierno-2\/#primaryimage"},"image":{"@id":"https:\/\/noti-america.com\/site\/repdom\/2021\/09\/16\/el-presidente-de-el-salvador-nayib-bukele-acusa-a-la-comunidad-internacional-de-financiar-protestas-contra-su-gobierno-2\/#primaryimage"},"thumbnailUrl":"https:\/\/noti-america.com\/site\/repdom\/wp-content\/uploads\/sites\/6\/2021\/09\/NQVCSQOCEVH4RHHKOH2KUA4BU4.jpg","datePublished":"2021-09-16T23:31:57+00:00","breadcrumb":{"@id":"https:\/\/noti-america.com\/site\/repdom\/2021\/09\/16\/el-presidente-de-el-salvador-nayib-bukele-acusa-a-la-comunidad-internacional-de-financiar-protestas-contra-su-gobierno-2\/#breadcrumb"},"inLanguage":"es","potentialAction":[{"@type":"ReadAction","target":["https:\/\/noti-america.com\/site\/repdom\/2021\/09\/16\/el-presidente-de-el-salvador-nayib-bukele-acusa-a-la-comunidad-internacional-de-financiar-protestas-contra-su-gobierno-2\/"]}]},{"@type":"ImageObject","inLanguage":"es","@id":"https:\/\/noti-america.com\/site\/repdom\/2021\/09\/16\/el-presidente-de-el-salvador-nayib-bukele-acusa-a-la-comunidad-internacional-de-financiar-protestas-contra-su-gobierno-2\/#primaryimage","url":"https:\/\/noti-america.com\/site\/repdom\/wp-content\/uploads\/sites\/6\/2021\/09\/NQVCSQOCEVH4RHHKOH2KUA4BU4.jpg","contentUrl":"https:\/\/noti-america.com\/site\/repdom\/wp-content\/uploads\/sites\/6\/2021\/09\/NQVCSQOCEVH4RHHKOH2KUA4BU4.jpg","width":580,"height":330},{"@type":"BreadcrumbList","@id":"https:\/\/noti-america.com\/site\/repdom\/2021\/09\/16\/el-presidente-de-el-salvador-nayib-bukele-acusa-a-la-comunidad-internacional-de-financiar-protestas-contra-su-gobierno-2\/#breadcrumb","itemListElement":[{"@type":"ListItem","position":1,"name":"Portada","item":"https:\/\/noti-america.com\/site\/repdom\/"},{"@type":"ListItem","position":2,"name":"&#8220;El presidente de El Salvador, Nayib Bukele, acusa a la comunidad internacional de financiar protestas contra su gobierno&#8221;"}]},{"@type":"WebSite","@id":"https:\/\/noti-america.com\/site\/repdom\/#website","url":"https:\/\/noti-america.com\/site\/repdom\/","name":"Rep. Dominicana | Noti-America.com","description":"","publisher":{"@id":"https:\/\/noti-america.com\/site\/repdom\/#organization"},"potentialAction":[{"@type":"SearchAction","target":{"@type":"EntryPoint","urlTemplate":"https:\/\/noti-america.com\/site\/repdom\/?s={search_term_string}"},"query-input":{"@type":"PropertyValueSpecification","valueRequired":true,"valueName":"search_term_string"}}],"inLanguage":"es"},{"@type":"Organization","@id":"https:\/\/noti-america.com\/site\/repdom\/#organization","name":"Noti-America LLC | Rep\u00fablica Dominicana","url":"https:\/\/noti-america.com\/site\/repdom\/","logo":{"@type":"ImageObject","inLanguage":"es","@id":"https:\/\/noti-america.com\/site\/repdom\/#\/schema\/logo\/image\/","url":"https:\/\/noti-america.com\/site\/repdom\/wp-content\/uploads\/sites\/6\/2020\/07\/LogoNA-4x3-1.jpg","contentUrl":"https:\/\/noti-america.com\/site\/repdom\/wp-content\/uploads\/sites\/6\/2020\/07\/LogoNA-4x3-1.jpg","width":1236,"height":1080,"caption":"Noti-America LLC | Rep\u00fablica Dominicana"},"image":{"@id":"https:\/\/noti-america.com\/site\/repdom\/#\/schema\/logo\/image\/"}},{"@type":"Person","@id":"https:\/\/noti-america.com\/site\/repdom\/#\/schema\/person\/408e10184d87f571c50942f1d952011d","name":"Cerso Castillo","image":{"@type":"ImageObject","inLanguage":"es","@id":"https:\/\/secure.gravatar.com\/avatar\/cdbd3acf34ce68a34b34df99954821070986715ab3e264b63c5395bd1ddd529d?s=96&d=mm&r=g","url":"https:\/\/secure.gravatar.com\/avatar\/cdbd3acf34ce68a34b34df99954821070986715ab3e264b63c5395bd1ddd529d?s=96&d=mm&r=g","contentUrl":"https:\/\/secure.gravatar.com\/avatar\/cdbd3acf34ce68a34b34df99954821070986715ab3e264b63c5395bd1ddd529d?s=96&d=mm&r=g","caption":"Cerso Castillo"},"description":"Comunicador &amp; Periodista, Locutor, Maestro de Ceremonias, Animador, Orador, Dominio Escenico, Productor de Tv &amp; Radio, Lider Consejero de Camp., Mentor Honorifico, Coach Comunicacional, Manejo de Paq. De Office, Dominio del Portugues, manejo del Ingles Intermedio &amp; Productor General del Programa Digital Conexi\u00f3n Sin Limites RD.","sameAs":["https:\/\/www.facebook.com\/conexionsinlimitesrd\/"],"url":"https:\/\/noti-america.com\/site\/repdom\/author\/ccastillo\/"}]}},"_links":{"self":[{"href":"https:\/\/noti-america.com\/site\/repdom\/wp-json\/wp\/v2\/posts\/13147","targetHints":{"allow":["GET"]}}],"collection":[{"href":"https:\/\/noti-america.com\/site\/repdom\/wp-json\/wp\/v2\/posts"}],"about":[{"href":"https:\/\/noti-america.com\/site\/repdom\/wp-json\/wp\/v2\/types\/post"}],"author":[{"embeddable":true,"href":"https:\/\/noti-america.com\/site\/repdom\/wp-json\/wp\/v2\/users\/90"}],"replies":[{"embeddable":true,"href":"https:\/\/noti-america.com\/site\/repdom\/wp-json\/wp\/v2\/comments?post=13147"}],"version-history":[{"count":1,"href":"https:\/\/noti-america.com\/site\/repdom\/wp-json\/wp\/v2\/posts\/13147\/revisions"}],"predecessor-version":[{"id":13161,"href":"https:\/\/noti-america.com\/site\/repdom\/wp-json\/wp\/v2\/posts\/13147\/revisions\/13161"}],"wp:featuredmedia":[{"embeddable":true,"href":"https:\/\/noti-america.com\/site\/repdom\/wp-json\/wp\/v2\/media\/13148"}],"wp:attachment":[{"href":"https:\/\/noti-america.com\/site\/repdom\/wp-json\/wp\/v2\/media?parent=13147"}],"wp:term":[{"taxonomy":"category","embeddable":true,"href":"https:\/\/noti-america.com\/site\/repdom\/wp-json\/wp\/v2\/categories?post=13147"},{"taxonomy":"post_tag","embeddable":true,"href":"https:\/\/noti-america.com\/site\/repdom\/wp-json\/wp\/v2\/tags?post=13147"}],"curies":[{"name":"wp","href":"https:\/\/api.w.org\/{rel}","templated":true}]}}