{"id":13074,"date":"2021-09-16T05:25:50","date_gmt":"2021-09-16T05:25:50","guid":{"rendered":"https:\/\/noti-america.com\/site\/repdom\/?p=13074"},"modified":"2021-09-16T05:25:50","modified_gmt":"2021-09-16T05:25:50","slug":"inicia-el-campeonato-de-drift-en-hato-mayor","status":"publish","type":"post","link":"https:\/\/noti-america.com\/site\/repdom\/2021\/09\/16\/inicia-el-campeonato-de-drift-en-hato-mayor\/","title":{"rendered":"Inicia el campeonato de Drift en Hato Mayor"},"content":{"rendered":"<p class=\"x_gmail-m6068926140021375156p1\" style=\"text-align: justify\"><span lang=\"ES-DO\">SANTO DOMINGO &#8211; Luego de dos a\u00f1os sin competencia por la pandemia, el Club Dominicano de Corredores de Drift\u00a0(CDCD) celebrar\u00e1 el inicio de la\u00a0Serie Dominicana de Drift 2021\u00a0de manera espectacular el domingo 19 de septiembre en el\u00a0Circuito HR de Hato Mayor\u00a0donde los pilotos tendr\u00e1n que demostrar toda su pericia en controlar el descontrol.<\/span><\/p>\n<p class=\"x_gmail-m6068926140021375156p1\" style=\"text-align: justify\"><span lang=\"ES-DO\">Gregory Marte, gerente general<\/span><span lang=\"ES-DO\">\u00a0del gremio que aglutina a los profesionales del volante, se\u00f1al\u00f3 que todo est\u00e1 listo para el evento que comienza a las 10 de la ma\u00f1ana en el circuito del este; y los\u00a0\u00a0pilotos tienen sus autos a punto luego de haber participado en el primer Drift Day del a\u00f1o en la misma pista.<\/span><\/p>\n<p class=\"x_gmail-m6068926140021375156p1\" style=\"text-align: justify\"><span lang=\"ES-DO\">Se espera la participaci\u00f3n de m\u00e1s de 25 ases del derrape entre las categor\u00edas PRO e INTER, con el atractivo que las especificaciones t\u00e9cnicas de esta pista permitir\u00e1 que muchos pilotos de la categor\u00eda inicial puedan competir con los profesionales, ya que la potencia de los motores no ser\u00e1 el factor determinante a la hora de evaluar el pase en cada t\u00e1ndem.<\/span><\/p>\n<p class=\"x_gmail-m6068926140021375156p1\" style=\"text-align: justify\"><span lang=\"ES-DO\">Por su lado Rafael Adames, mejor conocido como \u201cLa Cangrena\u201d, est\u00e1 emocionado de defender su corona que desde el 2019 lo mantiene como el campe\u00f3n vigente de la serie y reci\u00e9n se acaba de convertir en el monarca del este, al dominar la pista de Hato Mayor a su antojo durante el evento de prueba celebrado el pasado mes.<\/span><\/p>\n<p class=\"x_gmail-m6068926140021375156p1\" style=\"text-align: justify\"><span lang=\"ES-DO\">Pilotos como V\u00edctor Madera, Omar Castellanos, Juanchi Almonte, Yessy L\u00f3pez, los hermanos Jonathan y Franklyn Castro, Manuel Curreya, Osiris Polanco, Nathael Jim\u00e9nez entre otros, esperan la fecha para comenzar a descontar las batallas y convertirse en el nuevo campe\u00f3n de la modalidad de la velocidad m\u00e1s exigente y que el p\u00fablico aclama m\u00e1s.<\/span><\/p>\n<p class=\"x_gmail-m6068926140021375156p1\" style=\"text-align: justify\"><span lang=\"ES-DO\">Los precios que se manejan son asequibles para toda la familia ya que el \u00e1rea general cuesta RD$300.00, el VIP RD$1,000.00 con techo y bebidas incluidas, los ni\u00f1os menores de 10 a\u00f1os entran gratis, y se estar\u00e1 cumpliendo con todo el protocolo de sanidad correspondiente contando con el permiso del Ministerio de Salud P\u00fablica y el aval de la Federaci\u00f3n Dominicana de Automovilismo.<\/span><\/p>\n<p class=\"x_gmail-m6068926140021375156p1\" style=\"text-align: justify\"><span lang=\"ES-DO\">El uso de mascarillas ser\u00e1 obligatorio en todo momento y la toma de temperatura en cada acceso estar\u00e1 disponible, para mayor informaci\u00f3n pueden acceder a las redes sociales del CDCD como @cdcd_drift en instagram y la p\u00e1gina oficial\u00a0<a id=\"LPlnk637136\" href=\"http:\/\/www.cdcd.com.do\/\" target=\"_blank\" rel=\"noopener noreferrer\" data-auth=\"NotApplicable\" data-linkindex=\"0\">www.cdcd.com.do<\/a>.<\/span><\/p>\n<p style=\"text-align: justify\"><strong>Fuente: Aquiles Ram\u00edrez<\/strong><\/p>\n","protected":false},"excerpt":{"rendered":"<p>SANTO DOMINGO &#8211; Luego de dos a\u00f1os sin competencia por la pandemia, el Club Dominicano de Corredores de Drift\u00a0(CDCD) celebrar\u00e1 el inicio de la\u00a0Serie Dominicana de Drift 2021\u00a0de manera espectacular el domingo 19 de&#46;&#46;&#46;<\/p>\n","protected":false},"author":89,"featured_media":13075,"comment_status":"open","ping_status":"open","sticky":false,"template":"","format":"standard","meta":{"_acf_changed":false,"rop_custom_images_group":[],"rop_custom_messages_group":[],"rop_publish_now":"initial","rop_publish_now_accounts":[],"rop_publish_now_history":[],"rop_publish_now_status":"pending","footnotes":""},"categories":[16],"tags":[1266,1544,336,1621],"class_list":["post-13074","post","type-post","status-publish","format-standard","has-post-thumbnail","hentry","category-deportes","tag-club-dominicano-de-corredores-de-drift","tag-federacion-dominicana-de-automovilismo","tag-ministerio-de-salud-publica","tag-serie-dominicana-de-drift-2021"],"acf":[],"yoast_head":"<!-- This site is optimized with the Yoast SEO Premium plugin v24.9 (Yoast SEO v27.2) - https:\/\/yoast.com\/product\/yoast-seo-premium-wordpress\/ -->\n<title>Inicia el campeonato de Drift en Hato Mayor - Rep. Dominicana | Noti-America.com<\/title>\n<meta name=\"robots\" content=\"index, follow, max-snippet:-1, max-image-preview:large, max-video-preview:-1\" \/>\n<link rel=\"canonical\" href=\"https:\/\/noti-america.com\/site\/repdom\/2021\/09\/16\/inicia-el-campeonato-de-drift-en-hato-mayor\/\" \/>\n<meta property=\"og:locale\" content=\"es_ES\" \/>\n<meta property=\"og:type\" content=\"article\" \/>\n<meta property=\"og:title\" content=\"Inicia el campeonato de Drift en Hato Mayor\" \/>\n<meta property=\"og:description\" content=\"SANTO DOMINGO &#8211; Luego de dos a\u00f1os sin competencia por la pandemia, el Club Dominicano de Corredores de Drift\u00a0(CDCD) celebrar\u00e1 el inicio de la\u00a0Serie Dominicana de Drift 2021\u00a0de manera espectacular el domingo 19 de&#046;&#046;&#046;\" \/>\n<meta property=\"og:url\" content=\"https:\/\/noti-america.com\/site\/repdom\/2021\/09\/16\/inicia-el-campeonato-de-drift-en-hato-mayor\/\" \/>\n<meta property=\"og:site_name\" content=\"Rep. Dominicana | Noti-America.com\" \/>\n<meta property=\"article:published_time\" content=\"2021-09-16T05:25:50+00:00\" \/>\n<meta property=\"og:image\" content=\"https:\/\/noti-america.com\/site\/repdom\/wp-content\/uploads\/sites\/6\/2021\/09\/Rafael-Adames.jpg\" \/>\n\t<meta property=\"og:image:width\" content=\"1280\" \/>\n\t<meta property=\"og:image:height\" content=\"855\" \/>\n\t<meta property=\"og:image:type\" content=\"image\/jpeg\" \/>\n<meta name=\"author\" content=\"Ad\u00e1n Soriano\" \/>\n<meta name=\"twitter:card\" content=\"summary_large_image\" \/>\n<meta name=\"twitter:creator\" content=\"@adansoriano\" \/>\n<meta name=\"twitter:label1\" content=\"Escrito por\" \/>\n\t<meta name=\"twitter:data1\" content=\"Ad\u00e1n Soriano\" \/>\n\t<meta name=\"twitter:label2\" content=\"Tiempo estimado de lectura\" \/>\n\t<meta name=\"twitter:data2\" content=\"2 minutos\" \/>\n<script type=\"application\/ld+json\" class=\"yoast-schema-graph\">{\"@context\":\"https:\/\/schema.org\",\"@graph\":[{\"@type\":\"Article\",\"@id\":\"https:\/\/noti-america.com\/site\/repdom\/2021\/09\/16\/inicia-el-campeonato-de-drift-en-hato-mayor\/#article\",\"isPartOf\":{\"@id\":\"https:\/\/noti-america.com\/site\/repdom\/2021\/09\/16\/inicia-el-campeonato-de-drift-en-hato-mayor\/\"},\"author\":{\"name\":\"Ad\u00e1n Soriano\",\"@id\":\"https:\/\/noti-america.com\/site\/repdom\/#\/schema\/person\/fd0092c1530d275fabaa5cffcbc2b976\"},\"headline\":\"Inicia el campeonato de Drift en Hato Mayor\",\"datePublished\":\"2021-09-16T05:25:50+00:00\",\"mainEntityOfPage\":{\"@id\":\"https:\/\/noti-america.com\/site\/repdom\/2021\/09\/16\/inicia-el-campeonato-de-drift-en-hato-mayor\/\"},\"wordCount\":427,\"commentCount\":0,\"publisher\":{\"@id\":\"https:\/\/noti-america.com\/site\/repdom\/#organization\"},\"image\":{\"@id\":\"https:\/\/noti-america.com\/site\/repdom\/2021\/09\/16\/inicia-el-campeonato-de-drift-en-hato-mayor\/#primaryimage\"},\"thumbnailUrl\":\"https:\/\/noti-america.com\/site\/repdom\/wp-content\/uploads\/sites\/6\/2021\/09\/Rafael-Adames.jpg\",\"keywords\":[\"Club Dominicano de Corredores de Drift\",\"Federaci\u00f3n Dominicana de Automovilismo\",\"Ministerio de Salud P\u00fablica\",\"Serie Dominicana de Drift 2021\"],\"articleSection\":[\"Deportes\"],\"inLanguage\":\"es\",\"potentialAction\":[{\"@type\":\"CommentAction\",\"name\":\"Comment\",\"target\":[\"https:\/\/noti-america.com\/site\/repdom\/2021\/09\/16\/inicia-el-campeonato-de-drift-en-hato-mayor\/#respond\"]}]},{\"@type\":\"WebPage\",\"@id\":\"https:\/\/noti-america.com\/site\/repdom\/2021\/09\/16\/inicia-el-campeonato-de-drift-en-hato-mayor\/\",\"url\":\"https:\/\/noti-america.com\/site\/repdom\/2021\/09\/16\/inicia-el-campeonato-de-drift-en-hato-mayor\/\",\"name\":\"Inicia el campeonato de Drift en Hato Mayor - Rep. Dominicana | Noti-America.com\",\"isPartOf\":{\"@id\":\"https:\/\/noti-america.com\/site\/repdom\/#website\"},\"primaryImageOfPage\":{\"@id\":\"https:\/\/noti-america.com\/site\/repdom\/2021\/09\/16\/inicia-el-campeonato-de-drift-en-hato-mayor\/#primaryimage\"},\"image\":{\"@id\":\"https:\/\/noti-america.com\/site\/repdom\/2021\/09\/16\/inicia-el-campeonato-de-drift-en-hato-mayor\/#primaryimage\"},\"thumbnailUrl\":\"https:\/\/noti-america.com\/site\/repdom\/wp-content\/uploads\/sites\/6\/2021\/09\/Rafael-Adames.jpg\",\"datePublished\":\"2021-09-16T05:25:50+00:00\",\"breadcrumb\":{\"@id\":\"https:\/\/noti-america.com\/site\/repdom\/2021\/09\/16\/inicia-el-campeonato-de-drift-en-hato-mayor\/#breadcrumb\"},\"inLanguage\":\"es\",\"potentialAction\":[{\"@type\":\"ReadAction\",\"target\":[\"https:\/\/noti-america.com\/site\/repdom\/2021\/09\/16\/inicia-el-campeonato-de-drift-en-hato-mayor\/\"]}]},{\"@type\":\"ImageObject\",\"inLanguage\":\"es\",\"@id\":\"https:\/\/noti-america.com\/site\/repdom\/2021\/09\/16\/inicia-el-campeonato-de-drift-en-hato-mayor\/#primaryimage\",\"url\":\"https:\/\/noti-america.com\/site\/repdom\/wp-content\/uploads\/sites\/6\/2021\/09\/Rafael-Adames.jpg\",\"contentUrl\":\"https:\/\/noti-america.com\/site\/repdom\/wp-content\/uploads\/sites\/6\/2021\/09\/Rafael-Adames.jpg\",\"width\":1280,\"height\":855},{\"@type\":\"BreadcrumbList\",\"@id\":\"https:\/\/noti-america.com\/site\/repdom\/2021\/09\/16\/inicia-el-campeonato-de-drift-en-hato-mayor\/#breadcrumb\",\"itemListElement\":[{\"@type\":\"ListItem\",\"position\":1,\"name\":\"Portada\",\"item\":\"https:\/\/noti-america.com\/site\/repdom\/\"},{\"@type\":\"ListItem\",\"position\":2,\"name\":\"Inicia el campeonato de Drift en Hato Mayor\"}]},{\"@type\":\"WebSite\",\"@id\":\"https:\/\/noti-america.com\/site\/repdom\/#website\",\"url\":\"https:\/\/noti-america.com\/site\/repdom\/\",\"name\":\"Rep. Dominicana | Noti-America.com\",\"description\":\"\",\"publisher\":{\"@id\":\"https:\/\/noti-america.com\/site\/repdom\/#organization\"},\"potentialAction\":[{\"@type\":\"SearchAction\",\"target\":{\"@type\":\"EntryPoint\",\"urlTemplate\":\"https:\/\/noti-america.com\/site\/repdom\/?s={search_term_string}\"},\"query-input\":{\"@type\":\"PropertyValueSpecification\",\"valueRequired\":true,\"valueName\":\"search_term_string\"}}],\"inLanguage\":\"es\"},{\"@type\":\"Organization\",\"@id\":\"https:\/\/noti-america.com\/site\/repdom\/#organization\",\"name\":\"Noti-America LLC | Rep\u00fablica Dominicana\",\"url\":\"https:\/\/noti-america.com\/site\/repdom\/\",\"logo\":{\"@type\":\"ImageObject\",\"inLanguage\":\"es\",\"@id\":\"https:\/\/noti-america.com\/site\/repdom\/#\/schema\/logo\/image\/\",\"url\":\"https:\/\/noti-america.com\/site\/repdom\/wp-content\/uploads\/sites\/6\/2020\/07\/LogoNA-4x3-1.jpg\",\"contentUrl\":\"https:\/\/noti-america.com\/site\/repdom\/wp-content\/uploads\/sites\/6\/2020\/07\/LogoNA-4x3-1.jpg\",\"width\":1236,\"height\":1080,\"caption\":\"Noti-America LLC | Rep\u00fablica Dominicana\"},\"image\":{\"@id\":\"https:\/\/noti-america.com\/site\/repdom\/#\/schema\/logo\/image\/\"}},{\"@type\":\"Person\",\"@id\":\"https:\/\/noti-america.com\/site\/repdom\/#\/schema\/person\/fd0092c1530d275fabaa5cffcbc2b976\",\"name\":\"Ad\u00e1n Soriano\",\"image\":{\"@type\":\"ImageObject\",\"inLanguage\":\"es\",\"@id\":\"https:\/\/secure.gravatar.com\/avatar\/ecf97ff3aee7ff9efdae670d7e976f3e7e8acc1077e510d73707999a8bfd4467?s=96&d=mm&r=g\",\"url\":\"https:\/\/secure.gravatar.com\/avatar\/ecf97ff3aee7ff9efdae670d7e976f3e7e8acc1077e510d73707999a8bfd4467?s=96&d=mm&r=g\",\"contentUrl\":\"https:\/\/secure.gravatar.com\/avatar\/ecf97ff3aee7ff9efdae670d7e976f3e7e8acc1077e510d73707999a8bfd4467?s=96&d=mm&r=g\",\"caption\":\"Ad\u00e1n Soriano\"},\"description\":\"Soy cronista deportivo con 10 a\u00f1os de experiencia en varios espacios, y conduzco el podcast deportivo llamado Mezcla Deportiva\",\"sameAs\":[\"https:\/\/x.com\/adansoriano\"],\"url\":\"https:\/\/noti-america.com\/site\/repdom\/author\/asoriano\/\"}]}<\/script>\n<!-- \/ Yoast SEO Premium plugin. -->","yoast_head_json":{"title":"Inicia el campeonato de Drift en Hato Mayor - Rep. Dominicana | Noti-America.com","robots":{"index":"index","follow":"follow","max-snippet":"max-snippet:-1","max-image-preview":"max-image-preview:large","max-video-preview":"max-video-preview:-1"},"canonical":"https:\/\/noti-america.com\/site\/repdom\/2021\/09\/16\/inicia-el-campeonato-de-drift-en-hato-mayor\/","og_locale":"es_ES","og_type":"article","og_title":"Inicia el campeonato de Drift en Hato Mayor","og_description":"SANTO DOMINGO &#8211; Luego de dos a\u00f1os sin competencia por la pandemia, el Club Dominicano de Corredores de Drift\u00a0(CDCD) celebrar\u00e1 el inicio de la\u00a0Serie Dominicana de Drift 2021\u00a0de manera espectacular el domingo 19 de&#46;&#46;&#46;","og_url":"https:\/\/noti-america.com\/site\/repdom\/2021\/09\/16\/inicia-el-campeonato-de-drift-en-hato-mayor\/","og_site_name":"Rep. Dominicana | Noti-America.com","article_published_time":"2021-09-16T05:25:50+00:00","og_image":[{"width":1280,"height":855,"url":"https:\/\/noti-america.com\/site\/repdom\/wp-content\/uploads\/sites\/6\/2021\/09\/Rafael-Adames.jpg","type":"image\/jpeg"}],"author":"Ad\u00e1n Soriano","twitter_card":"summary_large_image","twitter_creator":"@adansoriano","twitter_misc":{"Escrito por":"Ad\u00e1n Soriano","Tiempo estimado de lectura":"2 minutos"},"schema":{"@context":"https:\/\/schema.org","@graph":[{"@type":"Article","@id":"https:\/\/noti-america.com\/site\/repdom\/2021\/09\/16\/inicia-el-campeonato-de-drift-en-hato-mayor\/#article","isPartOf":{"@id":"https:\/\/noti-america.com\/site\/repdom\/2021\/09\/16\/inicia-el-campeonato-de-drift-en-hato-mayor\/"},"author":{"name":"Ad\u00e1n Soriano","@id":"https:\/\/noti-america.com\/site\/repdom\/#\/schema\/person\/fd0092c1530d275fabaa5cffcbc2b976"},"headline":"Inicia el campeonato de Drift en Hato Mayor","datePublished":"2021-09-16T05:25:50+00:00","mainEntityOfPage":{"@id":"https:\/\/noti-america.com\/site\/repdom\/2021\/09\/16\/inicia-el-campeonato-de-drift-en-hato-mayor\/"},"wordCount":427,"commentCount":0,"publisher":{"@id":"https:\/\/noti-america.com\/site\/repdom\/#organization"},"image":{"@id":"https:\/\/noti-america.com\/site\/repdom\/2021\/09\/16\/inicia-el-campeonato-de-drift-en-hato-mayor\/#primaryimage"},"thumbnailUrl":"https:\/\/noti-america.com\/site\/repdom\/wp-content\/uploads\/sites\/6\/2021\/09\/Rafael-Adames.jpg","keywords":["Club Dominicano de Corredores de Drift","Federaci\u00f3n Dominicana de Automovilismo","Ministerio de Salud P\u00fablica","Serie Dominicana de Drift 2021"],"articleSection":["Deportes"],"inLanguage":"es","potentialAction":[{"@type":"CommentAction","name":"Comment","target":["https:\/\/noti-america.com\/site\/repdom\/2021\/09\/16\/inicia-el-campeonato-de-drift-en-hato-mayor\/#respond"]}]},{"@type":"WebPage","@id":"https:\/\/noti-america.com\/site\/repdom\/2021\/09\/16\/inicia-el-campeonato-de-drift-en-hato-mayor\/","url":"https:\/\/noti-america.com\/site\/repdom\/2021\/09\/16\/inicia-el-campeonato-de-drift-en-hato-mayor\/","name":"Inicia el campeonato de Drift en Hato Mayor - Rep. Dominicana | Noti-America.com","isPartOf":{"@id":"https:\/\/noti-america.com\/site\/repdom\/#website"},"primaryImageOfPage":{"@id":"https:\/\/noti-america.com\/site\/repdom\/2021\/09\/16\/inicia-el-campeonato-de-drift-en-hato-mayor\/#primaryimage"},"image":{"@id":"https:\/\/noti-america.com\/site\/repdom\/2021\/09\/16\/inicia-el-campeonato-de-drift-en-hato-mayor\/#primaryimage"},"thumbnailUrl":"https:\/\/noti-america.com\/site\/repdom\/wp-content\/uploads\/sites\/6\/2021\/09\/Rafael-Adames.jpg","datePublished":"2021-09-16T05:25:50+00:00","breadcrumb":{"@id":"https:\/\/noti-america.com\/site\/repdom\/2021\/09\/16\/inicia-el-campeonato-de-drift-en-hato-mayor\/#breadcrumb"},"inLanguage":"es","potentialAction":[{"@type":"ReadAction","target":["https:\/\/noti-america.com\/site\/repdom\/2021\/09\/16\/inicia-el-campeonato-de-drift-en-hato-mayor\/"]}]},{"@type":"ImageObject","inLanguage":"es","@id":"https:\/\/noti-america.com\/site\/repdom\/2021\/09\/16\/inicia-el-campeonato-de-drift-en-hato-mayor\/#primaryimage","url":"https:\/\/noti-america.com\/site\/repdom\/wp-content\/uploads\/sites\/6\/2021\/09\/Rafael-Adames.jpg","contentUrl":"https:\/\/noti-america.com\/site\/repdom\/wp-content\/uploads\/sites\/6\/2021\/09\/Rafael-Adames.jpg","width":1280,"height":855},{"@type":"BreadcrumbList","@id":"https:\/\/noti-america.com\/site\/repdom\/2021\/09\/16\/inicia-el-campeonato-de-drift-en-hato-mayor\/#breadcrumb","itemListElement":[{"@type":"ListItem","position":1,"name":"Portada","item":"https:\/\/noti-america.com\/site\/repdom\/"},{"@type":"ListItem","position":2,"name":"Inicia el campeonato de Drift en Hato Mayor"}]},{"@type":"WebSite","@id":"https:\/\/noti-america.com\/site\/repdom\/#website","url":"https:\/\/noti-america.com\/site\/repdom\/","name":"Rep. Dominicana | Noti-America.com","description":"","publisher":{"@id":"https:\/\/noti-america.com\/site\/repdom\/#organization"},"potentialAction":[{"@type":"SearchAction","target":{"@type":"EntryPoint","urlTemplate":"https:\/\/noti-america.com\/site\/repdom\/?s={search_term_string}"},"query-input":{"@type":"PropertyValueSpecification","valueRequired":true,"valueName":"search_term_string"}}],"inLanguage":"es"},{"@type":"Organization","@id":"https:\/\/noti-america.com\/site\/repdom\/#organization","name":"Noti-America LLC | Rep\u00fablica Dominicana","url":"https:\/\/noti-america.com\/site\/repdom\/","logo":{"@type":"ImageObject","inLanguage":"es","@id":"https:\/\/noti-america.com\/site\/repdom\/#\/schema\/logo\/image\/","url":"https:\/\/noti-america.com\/site\/repdom\/wp-content\/uploads\/sites\/6\/2020\/07\/LogoNA-4x3-1.jpg","contentUrl":"https:\/\/noti-america.com\/site\/repdom\/wp-content\/uploads\/sites\/6\/2020\/07\/LogoNA-4x3-1.jpg","width":1236,"height":1080,"caption":"Noti-America LLC | Rep\u00fablica Dominicana"},"image":{"@id":"https:\/\/noti-america.com\/site\/repdom\/#\/schema\/logo\/image\/"}},{"@type":"Person","@id":"https:\/\/noti-america.com\/site\/repdom\/#\/schema\/person\/fd0092c1530d275fabaa5cffcbc2b976","name":"Ad\u00e1n Soriano","image":{"@type":"ImageObject","inLanguage":"es","@id":"https:\/\/secure.gravatar.com\/avatar\/ecf97ff3aee7ff9efdae670d7e976f3e7e8acc1077e510d73707999a8bfd4467?s=96&d=mm&r=g","url":"https:\/\/secure.gravatar.com\/avatar\/ecf97ff3aee7ff9efdae670d7e976f3e7e8acc1077e510d73707999a8bfd4467?s=96&d=mm&r=g","contentUrl":"https:\/\/secure.gravatar.com\/avatar\/ecf97ff3aee7ff9efdae670d7e976f3e7e8acc1077e510d73707999a8bfd4467?s=96&d=mm&r=g","caption":"Ad\u00e1n Soriano"},"description":"Soy cronista deportivo con 10 a\u00f1os de experiencia en varios espacios, y conduzco el podcast deportivo llamado Mezcla Deportiva","sameAs":["https:\/\/x.com\/adansoriano"],"url":"https:\/\/noti-america.com\/site\/repdom\/author\/asoriano\/"}]}},"_links":{"self":[{"href":"https:\/\/noti-america.com\/site\/repdom\/wp-json\/wp\/v2\/posts\/13074","targetHints":{"allow":["GET"]}}],"collection":[{"href":"https:\/\/noti-america.com\/site\/repdom\/wp-json\/wp\/v2\/posts"}],"about":[{"href":"https:\/\/noti-america.com\/site\/repdom\/wp-json\/wp\/v2\/types\/post"}],"author":[{"embeddable":true,"href":"https:\/\/noti-america.com\/site\/repdom\/wp-json\/wp\/v2\/users\/89"}],"replies":[{"embeddable":true,"href":"https:\/\/noti-america.com\/site\/repdom\/wp-json\/wp\/v2\/comments?post=13074"}],"version-history":[{"count":1,"href":"https:\/\/noti-america.com\/site\/repdom\/wp-json\/wp\/v2\/posts\/13074\/revisions"}],"predecessor-version":[{"id":13076,"href":"https:\/\/noti-america.com\/site\/repdom\/wp-json\/wp\/v2\/posts\/13074\/revisions\/13076"}],"wp:featuredmedia":[{"embeddable":true,"href":"https:\/\/noti-america.com\/site\/repdom\/wp-json\/wp\/v2\/media\/13075"}],"wp:attachment":[{"href":"https:\/\/noti-america.com\/site\/repdom\/wp-json\/wp\/v2\/media?parent=13074"}],"wp:term":[{"taxonomy":"category","embeddable":true,"href":"https:\/\/noti-america.com\/site\/repdom\/wp-json\/wp\/v2\/categories?post=13074"},{"taxonomy":"post_tag","embeddable":true,"href":"https:\/\/noti-america.com\/site\/repdom\/wp-json\/wp\/v2\/tags?post=13074"}],"curies":[{"name":"wp","href":"https:\/\/api.w.org\/{rel}","templated":true}]}}