{"id":12973,"date":"2021-09-13T03:56:10","date_gmt":"2021-09-13T03:56:10","guid":{"rendered":"https:\/\/noti-america.com\/site\/repdom\/?p=12973"},"modified":"2021-09-13T04:04:49","modified_gmt":"2021-09-13T04:04:49","slug":"mala-fe-lleva-su-musica-al-capitolio-de-estados-unidos-en-fiesta-dc","status":"publish","type":"post","link":"https:\/\/noti-america.com\/site\/repdom\/2021\/09\/13\/mala-fe-lleva-su-musica-al-capitolio-de-estados-unidos-en-fiesta-dc\/","title":{"rendered":"Mala Fe lleva su m\u00fasica al Capitolio de Estados Unidos en \u201cFiesta DC\u201d"},"content":{"rendered":"<p style=\"text-align: justify\"><span data-contrast=\"auto\">WASHINGTON, DC &#8211; El popular merenguero dominicano Mala Fe, caus\u00f3 sensaci\u00f3n con su poderoso repertorio art\u00edstico durante su regia participaci\u00f3n en la vigesimoprimera edici\u00f3n de \u201cFiesta DC\u201d, un festival que cada a\u00f1o se realiza a lo largo de la avenida Pennsylvania, en frente del Capitolio de los Estados Unidos y cerca de La Casa Blanca.<\/span><\/p>\n<p style=\"text-align: justify\"><span data-contrast=\"auto\">Este a\u00f1o el evento fue dedicado a la Rep\u00fablica Dominicana y sirvi\u00f3 como marco de conmemoraci\u00f3n de los atentados terroristas del 11 de septiembre en Washington, Nueva York y Pennsylvania.<\/span><\/p>\n<p style=\"text-align: justify\"><span data-contrast=\"auto\">\u201cEstoy muy agradecido con todo ese calor y cari\u00f1o que me brindaron toda mi gente de El Salvador, Honduras, Guatemala, Ecuador, M\u00e9xico y otras comunidades latinas all\u00ed presentes\u201d, dijo el int\u00e9rprete de \u201cLa Vaca\u201d.<\/span><\/p>\n<p style=\"text-align: justify\"><span data-contrast=\"auto\">\u201cFue un privilegio compartir tarima con grandes artistas como \u201cLa Rep\u00fablica\u201d, de El Salvador; el grupo Comando 51 de M\u00e9xico, Furia Musical, To\u00f1o Rosario,\u00a0Tulile\u00a0y muchos m\u00e1s\u201d, coment\u00f3 el artista ganador de innumerables premios internacionales por su estilo \u00fanico en el merengue urbano.<\/span><\/p>\n<p style=\"text-align: justify\"><span data-contrast=\"auto\">\u201cGracias a los organizadores, fue un evento hist\u00f3rico con el que tambi\u00e9n conmemoramos el 20 aniversario de los atentados terroristas del 11 de septiembre; aunque bailamos y gozamos mucho, no podemos olvidarnos del ataque que sufri\u00f3 Am\u00e9rica ese d\u00eda, y aprovecho para enviar mis sentimientos a todos los afectados\u201d, concluy\u00f3 Mala Fe.<\/span><\/p>\n<p style=\"text-align: justify\"><span data-contrast=\"auto\">Durante su participaci\u00f3n en Fiesta DC, Mala Fe interpret\u00f3 unos diez \u00e9xitos, entre ellos \u201cA Lo Oscuro\u201d, \u201cLa Vaca\u201d, \u201cPluma Gay\u201d, \u201cTra\u00a0Tra\u00a0Tra\u201d y su m\u00e1s reciente \u201cBarrera de Envidia\u201d.<\/span><\/p>\n<p style=\"text-align: justify\"><b><span data-contrast=\"auto\">Fuente: zabalaaldia<\/span><\/b><\/p>\n","protected":false},"excerpt":{"rendered":"<p>WASHINGTON, DC &#8211; El popular merenguero dominicano Mala Fe, caus\u00f3 sensaci\u00f3n con su poderoso repertorio art\u00edstico durante su regia participaci\u00f3n en la vigesimoprimera edici\u00f3n de \u201cFiesta DC\u201d, un festival que cada a\u00f1o se realiza&#46;&#46;&#46;<\/p>\n","protected":false},"author":89,"featured_media":12974,"comment_status":"open","ping_status":"open","sticky":false,"template":"","format":"standard","meta":{"_acf_changed":false,"rop_custom_images_group":[],"rop_custom_messages_group":[],"rop_publish_now":"initial","rop_publish_now_accounts":[],"rop_publish_now_history":[],"rop_publish_now_status":"pending","footnotes":""},"categories":[1],"tags":[767,1612],"class_list":["post-12973","post","type-post","status-publish","format-standard","has-post-thumbnail","hentry","category-uncategorized","tag-capitolio","tag-mala-fe"],"acf":[],"yoast_head":"<!-- This site is optimized with the Yoast SEO Premium plugin v24.9 (Yoast SEO v27.2) - https:\/\/yoast.com\/product\/yoast-seo-premium-wordpress\/ -->\n<title>Mala Fe lleva su m\u00fasica al Capitolio de Estados Unidos en \u201cFiesta DC\u201d - Rep. Dominicana | Noti-America.com<\/title>\n<meta name=\"robots\" content=\"index, follow, max-snippet:-1, max-image-preview:large, max-video-preview:-1\" \/>\n<link rel=\"canonical\" href=\"https:\/\/noti-america.com\/site\/repdom\/2021\/09\/13\/mala-fe-lleva-su-musica-al-capitolio-de-estados-unidos-en-fiesta-dc\/\" \/>\n<meta property=\"og:locale\" content=\"es_ES\" \/>\n<meta property=\"og:type\" content=\"article\" \/>\n<meta property=\"og:title\" content=\"Mala Fe lleva su m\u00fasica al Capitolio de Estados Unidos en \u201cFiesta DC\u201d\" \/>\n<meta property=\"og:description\" content=\"WASHINGTON, DC &#8211; El popular merenguero dominicano Mala Fe, caus\u00f3 sensaci\u00f3n con su poderoso repertorio art\u00edstico durante su regia participaci\u00f3n en la vigesimoprimera edici\u00f3n de \u201cFiesta DC\u201d, un festival que cada a\u00f1o se realiza&#046;&#046;&#046;\" \/>\n<meta property=\"og:url\" content=\"https:\/\/noti-america.com\/site\/repdom\/2021\/09\/13\/mala-fe-lleva-su-musica-al-capitolio-de-estados-unidos-en-fiesta-dc\/\" \/>\n<meta property=\"og:site_name\" content=\"Rep. Dominicana | Noti-America.com\" \/>\n<meta property=\"article:published_time\" content=\"2021-09-13T03:56:10+00:00\" \/>\n<meta property=\"article:modified_time\" content=\"2021-09-13T04:04:49+00:00\" \/>\n<meta property=\"og:image\" content=\"https:\/\/noti-america.com\/site\/repdom\/wp-content\/uploads\/sites\/6\/2021\/09\/Mala-Fe.jpg\" \/>\n\t<meta property=\"og:image:width\" content=\"1180\" \/>\n\t<meta property=\"og:image:height\" content=\"885\" \/>\n\t<meta property=\"og:image:type\" content=\"image\/jpeg\" \/>\n<meta name=\"author\" content=\"Ad\u00e1n Soriano\" \/>\n<meta name=\"twitter:card\" content=\"summary_large_image\" \/>\n<meta name=\"twitter:creator\" content=\"@adansoriano\" \/>\n<meta name=\"twitter:label1\" content=\"Escrito por\" \/>\n\t<meta name=\"twitter:data1\" content=\"Ad\u00e1n Soriano\" \/>\n\t<meta name=\"twitter:label2\" content=\"Tiempo estimado de lectura\" \/>\n\t<meta name=\"twitter:data2\" content=\"2 minutos\" \/>\n<script type=\"application\/ld+json\" class=\"yoast-schema-graph\">{\"@context\":\"https:\/\/schema.org\",\"@graph\":[{\"@type\":\"Article\",\"@id\":\"https:\/\/noti-america.com\/site\/repdom\/2021\/09\/13\/mala-fe-lleva-su-musica-al-capitolio-de-estados-unidos-en-fiesta-dc\/#article\",\"isPartOf\":{\"@id\":\"https:\/\/noti-america.com\/site\/repdom\/2021\/09\/13\/mala-fe-lleva-su-musica-al-capitolio-de-estados-unidos-en-fiesta-dc\/\"},\"author\":{\"name\":\"Ad\u00e1n Soriano\",\"@id\":\"https:\/\/noti-america.com\/site\/repdom\/#\/schema\/person\/fd0092c1530d275fabaa5cffcbc2b976\"},\"headline\":\"Mala Fe lleva su m\u00fasica al Capitolio de Estados Unidos en \u201cFiesta DC\u201d\",\"datePublished\":\"2021-09-13T03:56:10+00:00\",\"dateModified\":\"2021-09-13T04:04:49+00:00\",\"mainEntityOfPage\":{\"@id\":\"https:\/\/noti-america.com\/site\/repdom\/2021\/09\/13\/mala-fe-lleva-su-musica-al-capitolio-de-estados-unidos-en-fiesta-dc\/\"},\"wordCount\":279,\"commentCount\":0,\"publisher\":{\"@id\":\"https:\/\/noti-america.com\/site\/repdom\/#organization\"},\"image\":{\"@id\":\"https:\/\/noti-america.com\/site\/repdom\/2021\/09\/13\/mala-fe-lleva-su-musica-al-capitolio-de-estados-unidos-en-fiesta-dc\/#primaryimage\"},\"thumbnailUrl\":\"https:\/\/noti-america.com\/site\/repdom\/wp-content\/uploads\/sites\/6\/2021\/09\/Mala-Fe.jpg\",\"keywords\":[\"Capitolio\",\"Mala Fe\"],\"articleSection\":[\"Uncategorized\"],\"inLanguage\":\"es\",\"potentialAction\":[{\"@type\":\"CommentAction\",\"name\":\"Comment\",\"target\":[\"https:\/\/noti-america.com\/site\/repdom\/2021\/09\/13\/mala-fe-lleva-su-musica-al-capitolio-de-estados-unidos-en-fiesta-dc\/#respond\"]}]},{\"@type\":\"WebPage\",\"@id\":\"https:\/\/noti-america.com\/site\/repdom\/2021\/09\/13\/mala-fe-lleva-su-musica-al-capitolio-de-estados-unidos-en-fiesta-dc\/\",\"url\":\"https:\/\/noti-america.com\/site\/repdom\/2021\/09\/13\/mala-fe-lleva-su-musica-al-capitolio-de-estados-unidos-en-fiesta-dc\/\",\"name\":\"Mala Fe lleva su m\u00fasica al Capitolio de Estados Unidos en \u201cFiesta DC\u201d - Rep. Dominicana | Noti-America.com\",\"isPartOf\":{\"@id\":\"https:\/\/noti-america.com\/site\/repdom\/#website\"},\"primaryImageOfPage\":{\"@id\":\"https:\/\/noti-america.com\/site\/repdom\/2021\/09\/13\/mala-fe-lleva-su-musica-al-capitolio-de-estados-unidos-en-fiesta-dc\/#primaryimage\"},\"image\":{\"@id\":\"https:\/\/noti-america.com\/site\/repdom\/2021\/09\/13\/mala-fe-lleva-su-musica-al-capitolio-de-estados-unidos-en-fiesta-dc\/#primaryimage\"},\"thumbnailUrl\":\"https:\/\/noti-america.com\/site\/repdom\/wp-content\/uploads\/sites\/6\/2021\/09\/Mala-Fe.jpg\",\"datePublished\":\"2021-09-13T03:56:10+00:00\",\"dateModified\":\"2021-09-13T04:04:49+00:00\",\"breadcrumb\":{\"@id\":\"https:\/\/noti-america.com\/site\/repdom\/2021\/09\/13\/mala-fe-lleva-su-musica-al-capitolio-de-estados-unidos-en-fiesta-dc\/#breadcrumb\"},\"inLanguage\":\"es\",\"potentialAction\":[{\"@type\":\"ReadAction\",\"target\":[\"https:\/\/noti-america.com\/site\/repdom\/2021\/09\/13\/mala-fe-lleva-su-musica-al-capitolio-de-estados-unidos-en-fiesta-dc\/\"]}]},{\"@type\":\"ImageObject\",\"inLanguage\":\"es\",\"@id\":\"https:\/\/noti-america.com\/site\/repdom\/2021\/09\/13\/mala-fe-lleva-su-musica-al-capitolio-de-estados-unidos-en-fiesta-dc\/#primaryimage\",\"url\":\"https:\/\/noti-america.com\/site\/repdom\/wp-content\/uploads\/sites\/6\/2021\/09\/Mala-Fe.jpg\",\"contentUrl\":\"https:\/\/noti-america.com\/site\/repdom\/wp-content\/uploads\/sites\/6\/2021\/09\/Mala-Fe.jpg\",\"width\":1180,\"height\":885},{\"@type\":\"BreadcrumbList\",\"@id\":\"https:\/\/noti-america.com\/site\/repdom\/2021\/09\/13\/mala-fe-lleva-su-musica-al-capitolio-de-estados-unidos-en-fiesta-dc\/#breadcrumb\",\"itemListElement\":[{\"@type\":\"ListItem\",\"position\":1,\"name\":\"Portada\",\"item\":\"https:\/\/noti-america.com\/site\/repdom\/\"},{\"@type\":\"ListItem\",\"position\":2,\"name\":\"Mala Fe lleva su m\u00fasica al Capitolio de Estados Unidos en \u201cFiesta DC\u201d\"}]},{\"@type\":\"WebSite\",\"@id\":\"https:\/\/noti-america.com\/site\/repdom\/#website\",\"url\":\"https:\/\/noti-america.com\/site\/repdom\/\",\"name\":\"Rep. Dominicana | Noti-America.com\",\"description\":\"\",\"publisher\":{\"@id\":\"https:\/\/noti-america.com\/site\/repdom\/#organization\"},\"potentialAction\":[{\"@type\":\"SearchAction\",\"target\":{\"@type\":\"EntryPoint\",\"urlTemplate\":\"https:\/\/noti-america.com\/site\/repdom\/?s={search_term_string}\"},\"query-input\":{\"@type\":\"PropertyValueSpecification\",\"valueRequired\":true,\"valueName\":\"search_term_string\"}}],\"inLanguage\":\"es\"},{\"@type\":\"Organization\",\"@id\":\"https:\/\/noti-america.com\/site\/repdom\/#organization\",\"name\":\"Noti-America LLC | Rep\u00fablica Dominicana\",\"url\":\"https:\/\/noti-america.com\/site\/repdom\/\",\"logo\":{\"@type\":\"ImageObject\",\"inLanguage\":\"es\",\"@id\":\"https:\/\/noti-america.com\/site\/repdom\/#\/schema\/logo\/image\/\",\"url\":\"https:\/\/noti-america.com\/site\/repdom\/wp-content\/uploads\/sites\/6\/2020\/07\/LogoNA-4x3-1.jpg\",\"contentUrl\":\"https:\/\/noti-america.com\/site\/repdom\/wp-content\/uploads\/sites\/6\/2020\/07\/LogoNA-4x3-1.jpg\",\"width\":1236,\"height\":1080,\"caption\":\"Noti-America LLC | Rep\u00fablica Dominicana\"},\"image\":{\"@id\":\"https:\/\/noti-america.com\/site\/repdom\/#\/schema\/logo\/image\/\"}},{\"@type\":\"Person\",\"@id\":\"https:\/\/noti-america.com\/site\/repdom\/#\/schema\/person\/fd0092c1530d275fabaa5cffcbc2b976\",\"name\":\"Ad\u00e1n Soriano\",\"image\":{\"@type\":\"ImageObject\",\"inLanguage\":\"es\",\"@id\":\"https:\/\/secure.gravatar.com\/avatar\/ecf97ff3aee7ff9efdae670d7e976f3e7e8acc1077e510d73707999a8bfd4467?s=96&d=mm&r=g\",\"url\":\"https:\/\/secure.gravatar.com\/avatar\/ecf97ff3aee7ff9efdae670d7e976f3e7e8acc1077e510d73707999a8bfd4467?s=96&d=mm&r=g\",\"contentUrl\":\"https:\/\/secure.gravatar.com\/avatar\/ecf97ff3aee7ff9efdae670d7e976f3e7e8acc1077e510d73707999a8bfd4467?s=96&d=mm&r=g\",\"caption\":\"Ad\u00e1n Soriano\"},\"description\":\"Soy cronista deportivo con 10 a\u00f1os de experiencia en varios espacios, y conduzco el podcast deportivo llamado Mezcla Deportiva\",\"sameAs\":[\"https:\/\/x.com\/adansoriano\"],\"url\":\"https:\/\/noti-america.com\/site\/repdom\/author\/asoriano\/\"}]}<\/script>\n<!-- \/ Yoast SEO Premium plugin. -->","yoast_head_json":{"title":"Mala Fe lleva su m\u00fasica al Capitolio de Estados Unidos en \u201cFiesta DC\u201d - Rep. Dominicana | Noti-America.com","robots":{"index":"index","follow":"follow","max-snippet":"max-snippet:-1","max-image-preview":"max-image-preview:large","max-video-preview":"max-video-preview:-1"},"canonical":"https:\/\/noti-america.com\/site\/repdom\/2021\/09\/13\/mala-fe-lleva-su-musica-al-capitolio-de-estados-unidos-en-fiesta-dc\/","og_locale":"es_ES","og_type":"article","og_title":"Mala Fe lleva su m\u00fasica al Capitolio de Estados Unidos en \u201cFiesta DC\u201d","og_description":"WASHINGTON, DC &#8211; El popular merenguero dominicano Mala Fe, caus\u00f3 sensaci\u00f3n con su poderoso repertorio art\u00edstico durante su regia participaci\u00f3n en la vigesimoprimera edici\u00f3n de \u201cFiesta DC\u201d, un festival que cada a\u00f1o se realiza&#46;&#46;&#46;","og_url":"https:\/\/noti-america.com\/site\/repdom\/2021\/09\/13\/mala-fe-lleva-su-musica-al-capitolio-de-estados-unidos-en-fiesta-dc\/","og_site_name":"Rep. Dominicana | Noti-America.com","article_published_time":"2021-09-13T03:56:10+00:00","article_modified_time":"2021-09-13T04:04:49+00:00","og_image":[{"width":1180,"height":885,"url":"https:\/\/noti-america.com\/site\/repdom\/wp-content\/uploads\/sites\/6\/2021\/09\/Mala-Fe.jpg","type":"image\/jpeg"}],"author":"Ad\u00e1n Soriano","twitter_card":"summary_large_image","twitter_creator":"@adansoriano","twitter_misc":{"Escrito por":"Ad\u00e1n Soriano","Tiempo estimado de lectura":"2 minutos"},"schema":{"@context":"https:\/\/schema.org","@graph":[{"@type":"Article","@id":"https:\/\/noti-america.com\/site\/repdom\/2021\/09\/13\/mala-fe-lleva-su-musica-al-capitolio-de-estados-unidos-en-fiesta-dc\/#article","isPartOf":{"@id":"https:\/\/noti-america.com\/site\/repdom\/2021\/09\/13\/mala-fe-lleva-su-musica-al-capitolio-de-estados-unidos-en-fiesta-dc\/"},"author":{"name":"Ad\u00e1n Soriano","@id":"https:\/\/noti-america.com\/site\/repdom\/#\/schema\/person\/fd0092c1530d275fabaa5cffcbc2b976"},"headline":"Mala Fe lleva su m\u00fasica al Capitolio de Estados Unidos en \u201cFiesta DC\u201d","datePublished":"2021-09-13T03:56:10+00:00","dateModified":"2021-09-13T04:04:49+00:00","mainEntityOfPage":{"@id":"https:\/\/noti-america.com\/site\/repdom\/2021\/09\/13\/mala-fe-lleva-su-musica-al-capitolio-de-estados-unidos-en-fiesta-dc\/"},"wordCount":279,"commentCount":0,"publisher":{"@id":"https:\/\/noti-america.com\/site\/repdom\/#organization"},"image":{"@id":"https:\/\/noti-america.com\/site\/repdom\/2021\/09\/13\/mala-fe-lleva-su-musica-al-capitolio-de-estados-unidos-en-fiesta-dc\/#primaryimage"},"thumbnailUrl":"https:\/\/noti-america.com\/site\/repdom\/wp-content\/uploads\/sites\/6\/2021\/09\/Mala-Fe.jpg","keywords":["Capitolio","Mala Fe"],"articleSection":["Uncategorized"],"inLanguage":"es","potentialAction":[{"@type":"CommentAction","name":"Comment","target":["https:\/\/noti-america.com\/site\/repdom\/2021\/09\/13\/mala-fe-lleva-su-musica-al-capitolio-de-estados-unidos-en-fiesta-dc\/#respond"]}]},{"@type":"WebPage","@id":"https:\/\/noti-america.com\/site\/repdom\/2021\/09\/13\/mala-fe-lleva-su-musica-al-capitolio-de-estados-unidos-en-fiesta-dc\/","url":"https:\/\/noti-america.com\/site\/repdom\/2021\/09\/13\/mala-fe-lleva-su-musica-al-capitolio-de-estados-unidos-en-fiesta-dc\/","name":"Mala Fe lleva su m\u00fasica al Capitolio de Estados Unidos en \u201cFiesta DC\u201d - Rep. Dominicana | Noti-America.com","isPartOf":{"@id":"https:\/\/noti-america.com\/site\/repdom\/#website"},"primaryImageOfPage":{"@id":"https:\/\/noti-america.com\/site\/repdom\/2021\/09\/13\/mala-fe-lleva-su-musica-al-capitolio-de-estados-unidos-en-fiesta-dc\/#primaryimage"},"image":{"@id":"https:\/\/noti-america.com\/site\/repdom\/2021\/09\/13\/mala-fe-lleva-su-musica-al-capitolio-de-estados-unidos-en-fiesta-dc\/#primaryimage"},"thumbnailUrl":"https:\/\/noti-america.com\/site\/repdom\/wp-content\/uploads\/sites\/6\/2021\/09\/Mala-Fe.jpg","datePublished":"2021-09-13T03:56:10+00:00","dateModified":"2021-09-13T04:04:49+00:00","breadcrumb":{"@id":"https:\/\/noti-america.com\/site\/repdom\/2021\/09\/13\/mala-fe-lleva-su-musica-al-capitolio-de-estados-unidos-en-fiesta-dc\/#breadcrumb"},"inLanguage":"es","potentialAction":[{"@type":"ReadAction","target":["https:\/\/noti-america.com\/site\/repdom\/2021\/09\/13\/mala-fe-lleva-su-musica-al-capitolio-de-estados-unidos-en-fiesta-dc\/"]}]},{"@type":"ImageObject","inLanguage":"es","@id":"https:\/\/noti-america.com\/site\/repdom\/2021\/09\/13\/mala-fe-lleva-su-musica-al-capitolio-de-estados-unidos-en-fiesta-dc\/#primaryimage","url":"https:\/\/noti-america.com\/site\/repdom\/wp-content\/uploads\/sites\/6\/2021\/09\/Mala-Fe.jpg","contentUrl":"https:\/\/noti-america.com\/site\/repdom\/wp-content\/uploads\/sites\/6\/2021\/09\/Mala-Fe.jpg","width":1180,"height":885},{"@type":"BreadcrumbList","@id":"https:\/\/noti-america.com\/site\/repdom\/2021\/09\/13\/mala-fe-lleva-su-musica-al-capitolio-de-estados-unidos-en-fiesta-dc\/#breadcrumb","itemListElement":[{"@type":"ListItem","position":1,"name":"Portada","item":"https:\/\/noti-america.com\/site\/repdom\/"},{"@type":"ListItem","position":2,"name":"Mala Fe lleva su m\u00fasica al Capitolio de Estados Unidos en \u201cFiesta DC\u201d"}]},{"@type":"WebSite","@id":"https:\/\/noti-america.com\/site\/repdom\/#website","url":"https:\/\/noti-america.com\/site\/repdom\/","name":"Rep. Dominicana | Noti-America.com","description":"","publisher":{"@id":"https:\/\/noti-america.com\/site\/repdom\/#organization"},"potentialAction":[{"@type":"SearchAction","target":{"@type":"EntryPoint","urlTemplate":"https:\/\/noti-america.com\/site\/repdom\/?s={search_term_string}"},"query-input":{"@type":"PropertyValueSpecification","valueRequired":true,"valueName":"search_term_string"}}],"inLanguage":"es"},{"@type":"Organization","@id":"https:\/\/noti-america.com\/site\/repdom\/#organization","name":"Noti-America LLC | Rep\u00fablica Dominicana","url":"https:\/\/noti-america.com\/site\/repdom\/","logo":{"@type":"ImageObject","inLanguage":"es","@id":"https:\/\/noti-america.com\/site\/repdom\/#\/schema\/logo\/image\/","url":"https:\/\/noti-america.com\/site\/repdom\/wp-content\/uploads\/sites\/6\/2020\/07\/LogoNA-4x3-1.jpg","contentUrl":"https:\/\/noti-america.com\/site\/repdom\/wp-content\/uploads\/sites\/6\/2020\/07\/LogoNA-4x3-1.jpg","width":1236,"height":1080,"caption":"Noti-America LLC | Rep\u00fablica Dominicana"},"image":{"@id":"https:\/\/noti-america.com\/site\/repdom\/#\/schema\/logo\/image\/"}},{"@type":"Person","@id":"https:\/\/noti-america.com\/site\/repdom\/#\/schema\/person\/fd0092c1530d275fabaa5cffcbc2b976","name":"Ad\u00e1n Soriano","image":{"@type":"ImageObject","inLanguage":"es","@id":"https:\/\/secure.gravatar.com\/avatar\/ecf97ff3aee7ff9efdae670d7e976f3e7e8acc1077e510d73707999a8bfd4467?s=96&d=mm&r=g","url":"https:\/\/secure.gravatar.com\/avatar\/ecf97ff3aee7ff9efdae670d7e976f3e7e8acc1077e510d73707999a8bfd4467?s=96&d=mm&r=g","contentUrl":"https:\/\/secure.gravatar.com\/avatar\/ecf97ff3aee7ff9efdae670d7e976f3e7e8acc1077e510d73707999a8bfd4467?s=96&d=mm&r=g","caption":"Ad\u00e1n Soriano"},"description":"Soy cronista deportivo con 10 a\u00f1os de experiencia en varios espacios, y conduzco el podcast deportivo llamado Mezcla Deportiva","sameAs":["https:\/\/x.com\/adansoriano"],"url":"https:\/\/noti-america.com\/site\/repdom\/author\/asoriano\/"}]}},"_links":{"self":[{"href":"https:\/\/noti-america.com\/site\/repdom\/wp-json\/wp\/v2\/posts\/12973","targetHints":{"allow":["GET"]}}],"collection":[{"href":"https:\/\/noti-america.com\/site\/repdom\/wp-json\/wp\/v2\/posts"}],"about":[{"href":"https:\/\/noti-america.com\/site\/repdom\/wp-json\/wp\/v2\/types\/post"}],"author":[{"embeddable":true,"href":"https:\/\/noti-america.com\/site\/repdom\/wp-json\/wp\/v2\/users\/89"}],"replies":[{"embeddable":true,"href":"https:\/\/noti-america.com\/site\/repdom\/wp-json\/wp\/v2\/comments?post=12973"}],"version-history":[{"count":3,"href":"https:\/\/noti-america.com\/site\/repdom\/wp-json\/wp\/v2\/posts\/12973\/revisions"}],"predecessor-version":[{"id":12977,"href":"https:\/\/noti-america.com\/site\/repdom\/wp-json\/wp\/v2\/posts\/12973\/revisions\/12977"}],"wp:featuredmedia":[{"embeddable":true,"href":"https:\/\/noti-america.com\/site\/repdom\/wp-json\/wp\/v2\/media\/12974"}],"wp:attachment":[{"href":"https:\/\/noti-america.com\/site\/repdom\/wp-json\/wp\/v2\/media?parent=12973"}],"wp:term":[{"taxonomy":"category","embeddable":true,"href":"https:\/\/noti-america.com\/site\/repdom\/wp-json\/wp\/v2\/categories?post=12973"},{"taxonomy":"post_tag","embeddable":true,"href":"https:\/\/noti-america.com\/site\/repdom\/wp-json\/wp\/v2\/tags?post=12973"}],"curies":[{"name":"wp","href":"https:\/\/api.w.org\/{rel}","templated":true}]}}