{"id":12929,"date":"2021-09-10T13:32:18","date_gmt":"2021-09-10T13:32:18","guid":{"rendered":"https:\/\/noti-america.com\/site\/repdom\/?p=12929"},"modified":"2021-09-10T13:32:18","modified_gmt":"2021-09-10T13:32:18","slug":"los-metros-anuncian-la-contratacion-de-ricky-ledo","status":"publish","type":"post","link":"https:\/\/noti-america.com\/site\/repdom\/2021\/09\/10\/los-metros-anuncian-la-contratacion-de-ricky-ledo\/","title":{"rendered":"Los Metros anuncian la contrataci\u00f3n de Ricky Ledo"},"content":{"rendered":"<p style=\"text-align: justify\">SANTIAGO &#8211;\u00a0Los cinco veces campeones de la Liga Nacional de Baloncesto de la Rep\u00fablica Dominicana (LNB), Metros de Santiago se fortalecen de cara al inicio de los playoffs con la firma del ex-NBA Ricardo \u201cRicky\u201d Ledo. El anuncio fue realizado por su gerente general, C\u00e9sar Saint Hilaire.<\/p>\n<p style=\"text-align: justify\">Ledo de 29 a\u00f1os, es un combo guard de 6-7 de estatura. Fue drafteado en el 2013 en la segunda ronda, puesto 43 por los Milwaukee Bucks, quienes cedieron sus derechos a Philadelphia Sixers y estos posteriormente a Dallas Mavericks. Jug\u00f3 para Dallas y Knicks entre 2013-2015. Tiene una vasta experiencia en el baloncesto internacional que incluye Turqu\u00eda, China, Polonia, Italia, Espa\u00f1a y Puerto Rico.<\/p>\n<p style=\"text-align: justify\">Viene de actuar en el Baloncesto Superior Nacional de Puerto Rico con los Gigantes de Carolina donde promedi\u00f3 18,4 puntos; 4,0 rebotes y 3,6 asistencias en 9 partidos.<\/p>\n<p style=\"text-align: justify\">En el 2019 accion\u00f3 con los Dragones de Beijing en la Liga China, all\u00ed tuvo promedio de 32,5 puntos; 9,6 rebotes y 5,3 asistencias, tirando para un 53,6% desde el campo.<\/p>\n<p style=\"text-align: justify\">A principios del 2021 jug\u00f3 en el equipo de primera divisi\u00f3n Fethiye Belediyespor en Turqu\u00eda. En siete partidos promedi\u00f3 20,4 puntos con 4,9 rebotes por encuentro.<\/p>\n<p style=\"text-align: justify\">Ledo sustituye a Ramon Galloway, quien se lastim\u00f3 su rodilla izquierda el pasado 2 de septiembre en partido frente a Huracanes.<\/p>\n<p style=\"text-align: justify\">Los Metros de Santiago inician el pr\u00f3ximo s\u00e1bado la semifinal A, pactada al mejor de cinco, frente a los Leones de Santo Domingo en la Arena del Cibao, a partir de las 8 de la noche.<\/p>\n<p style=\"text-align: justify\"><strong>Fuente: Metros de Santiago<\/strong><\/p>\n","protected":false},"excerpt":{"rendered":"<p>SANTIAGO &#8211;\u00a0Los cinco veces campeones de la Liga Nacional de Baloncesto de la Rep\u00fablica Dominicana (LNB), Metros de Santiago se fortalecen de cara al inicio de los playoffs con la firma del ex-NBA Ricardo&#46;&#46;&#46;<\/p>\n","protected":false},"author":89,"featured_media":12930,"comment_status":"open","ping_status":"open","sticky":false,"template":"","format":"standard","meta":{"_acf_changed":false,"rop_custom_images_group":[],"rop_custom_messages_group":[],"rop_publish_now":"initial","rop_publish_now_accounts":[],"rop_publish_now_history":[],"rop_publish_now_status":"pending","footnotes":""},"categories":[16],"tags":[212,1244,1412,1495,1602],"class_list":["post-12929","post","type-post","status-publish","format-standard","has-post-thumbnail","hentry","category-deportes","tag-baloncesto-dominicano","tag-liga-nacional-de-baloncesto","tag-lnb-2021","tag-metros-de-santiago","tag-ricky-ledo"],"acf":[],"yoast_head":"<!-- This site is optimized with the Yoast SEO Premium plugin v24.9 (Yoast SEO v27.2) - https:\/\/yoast.com\/product\/yoast-seo-premium-wordpress\/ -->\n<title>Los Metros anuncian la contrataci\u00f3n de Ricky Ledo - Rep. Dominicana | Noti-America.com<\/title>\n<meta name=\"robots\" content=\"index, follow, max-snippet:-1, max-image-preview:large, max-video-preview:-1\" \/>\n<link rel=\"canonical\" href=\"https:\/\/noti-america.com\/site\/repdom\/2021\/09\/10\/los-metros-anuncian-la-contratacion-de-ricky-ledo\/\" \/>\n<meta property=\"og:locale\" content=\"es_ES\" \/>\n<meta property=\"og:type\" content=\"article\" \/>\n<meta property=\"og:title\" content=\"Los Metros anuncian la contrataci\u00f3n de Ricky Ledo\" \/>\n<meta property=\"og:description\" content=\"SANTIAGO &#8211;\u00a0Los cinco veces campeones de la Liga Nacional de Baloncesto de la Rep\u00fablica Dominicana (LNB), Metros de Santiago se fortalecen de cara al inicio de los playoffs con la firma del ex-NBA Ricardo&#046;&#046;&#046;\" \/>\n<meta property=\"og:url\" content=\"https:\/\/noti-america.com\/site\/repdom\/2021\/09\/10\/los-metros-anuncian-la-contratacion-de-ricky-ledo\/\" \/>\n<meta property=\"og:site_name\" content=\"Rep. Dominicana | Noti-America.com\" \/>\n<meta property=\"article:published_time\" content=\"2021-09-10T13:32:18+00:00\" \/>\n<meta property=\"og:image\" content=\"https:\/\/noti-america.com\/site\/repdom\/wp-content\/uploads\/sites\/6\/2021\/09\/Ricky-Ledo.jpg\" \/>\n\t<meta property=\"og:image:width\" content=\"1000\" \/>\n\t<meta property=\"og:image:height\" content=\"667\" \/>\n\t<meta property=\"og:image:type\" content=\"image\/jpeg\" \/>\n<meta name=\"author\" content=\"Ad\u00e1n Soriano\" \/>\n<meta name=\"twitter:card\" content=\"summary_large_image\" \/>\n<meta name=\"twitter:creator\" content=\"@adansoriano\" \/>\n<meta name=\"twitter:label1\" content=\"Escrito por\" \/>\n\t<meta name=\"twitter:data1\" content=\"Ad\u00e1n Soriano\" \/>\n\t<meta name=\"twitter:label2\" content=\"Tiempo estimado de lectura\" \/>\n\t<meta name=\"twitter:data2\" content=\"2 minutos\" \/>\n<script type=\"application\/ld+json\" class=\"yoast-schema-graph\">{\"@context\":\"https:\/\/schema.org\",\"@graph\":[{\"@type\":\"Article\",\"@id\":\"https:\/\/noti-america.com\/site\/repdom\/2021\/09\/10\/los-metros-anuncian-la-contratacion-de-ricky-ledo\/#article\",\"isPartOf\":{\"@id\":\"https:\/\/noti-america.com\/site\/repdom\/2021\/09\/10\/los-metros-anuncian-la-contratacion-de-ricky-ledo\/\"},\"author\":{\"name\":\"Ad\u00e1n Soriano\",\"@id\":\"https:\/\/noti-america.com\/site\/repdom\/#\/schema\/person\/fd0092c1530d275fabaa5cffcbc2b976\"},\"headline\":\"Los Metros anuncian la contrataci\u00f3n de Ricky Ledo\",\"datePublished\":\"2021-09-10T13:32:18+00:00\",\"mainEntityOfPage\":{\"@id\":\"https:\/\/noti-america.com\/site\/repdom\/2021\/09\/10\/los-metros-anuncian-la-contratacion-de-ricky-ledo\/\"},\"wordCount\":260,\"commentCount\":0,\"publisher\":{\"@id\":\"https:\/\/noti-america.com\/site\/repdom\/#organization\"},\"image\":{\"@id\":\"https:\/\/noti-america.com\/site\/repdom\/2021\/09\/10\/los-metros-anuncian-la-contratacion-de-ricky-ledo\/#primaryimage\"},\"thumbnailUrl\":\"https:\/\/noti-america.com\/site\/repdom\/wp-content\/uploads\/sites\/6\/2021\/09\/Ricky-Ledo.jpg\",\"keywords\":[\"Baloncesto Dominicano\",\"Liga Nacional de Baloncesto\",\"LNB 2021\",\"Metros de Santiago\",\"Ricky Ledo\"],\"articleSection\":[\"Deportes\"],\"inLanguage\":\"es\",\"potentialAction\":[{\"@type\":\"CommentAction\",\"name\":\"Comment\",\"target\":[\"https:\/\/noti-america.com\/site\/repdom\/2021\/09\/10\/los-metros-anuncian-la-contratacion-de-ricky-ledo\/#respond\"]}]},{\"@type\":\"WebPage\",\"@id\":\"https:\/\/noti-america.com\/site\/repdom\/2021\/09\/10\/los-metros-anuncian-la-contratacion-de-ricky-ledo\/\",\"url\":\"https:\/\/noti-america.com\/site\/repdom\/2021\/09\/10\/los-metros-anuncian-la-contratacion-de-ricky-ledo\/\",\"name\":\"Los Metros anuncian la contrataci\u00f3n de Ricky Ledo - Rep. Dominicana | Noti-America.com\",\"isPartOf\":{\"@id\":\"https:\/\/noti-america.com\/site\/repdom\/#website\"},\"primaryImageOfPage\":{\"@id\":\"https:\/\/noti-america.com\/site\/repdom\/2021\/09\/10\/los-metros-anuncian-la-contratacion-de-ricky-ledo\/#primaryimage\"},\"image\":{\"@id\":\"https:\/\/noti-america.com\/site\/repdom\/2021\/09\/10\/los-metros-anuncian-la-contratacion-de-ricky-ledo\/#primaryimage\"},\"thumbnailUrl\":\"https:\/\/noti-america.com\/site\/repdom\/wp-content\/uploads\/sites\/6\/2021\/09\/Ricky-Ledo.jpg\",\"datePublished\":\"2021-09-10T13:32:18+00:00\",\"breadcrumb\":{\"@id\":\"https:\/\/noti-america.com\/site\/repdom\/2021\/09\/10\/los-metros-anuncian-la-contratacion-de-ricky-ledo\/#breadcrumb\"},\"inLanguage\":\"es\",\"potentialAction\":[{\"@type\":\"ReadAction\",\"target\":[\"https:\/\/noti-america.com\/site\/repdom\/2021\/09\/10\/los-metros-anuncian-la-contratacion-de-ricky-ledo\/\"]}]},{\"@type\":\"ImageObject\",\"inLanguage\":\"es\",\"@id\":\"https:\/\/noti-america.com\/site\/repdom\/2021\/09\/10\/los-metros-anuncian-la-contratacion-de-ricky-ledo\/#primaryimage\",\"url\":\"https:\/\/noti-america.com\/site\/repdom\/wp-content\/uploads\/sites\/6\/2021\/09\/Ricky-Ledo.jpg\",\"contentUrl\":\"https:\/\/noti-america.com\/site\/repdom\/wp-content\/uploads\/sites\/6\/2021\/09\/Ricky-Ledo.jpg\",\"width\":1000,\"height\":667},{\"@type\":\"BreadcrumbList\",\"@id\":\"https:\/\/noti-america.com\/site\/repdom\/2021\/09\/10\/los-metros-anuncian-la-contratacion-de-ricky-ledo\/#breadcrumb\",\"itemListElement\":[{\"@type\":\"ListItem\",\"position\":1,\"name\":\"Portada\",\"item\":\"https:\/\/noti-america.com\/site\/repdom\/\"},{\"@type\":\"ListItem\",\"position\":2,\"name\":\"Los Metros anuncian la contrataci\u00f3n de Ricky Ledo\"}]},{\"@type\":\"WebSite\",\"@id\":\"https:\/\/noti-america.com\/site\/repdom\/#website\",\"url\":\"https:\/\/noti-america.com\/site\/repdom\/\",\"name\":\"Rep. Dominicana | Noti-America.com\",\"description\":\"\",\"publisher\":{\"@id\":\"https:\/\/noti-america.com\/site\/repdom\/#organization\"},\"potentialAction\":[{\"@type\":\"SearchAction\",\"target\":{\"@type\":\"EntryPoint\",\"urlTemplate\":\"https:\/\/noti-america.com\/site\/repdom\/?s={search_term_string}\"},\"query-input\":{\"@type\":\"PropertyValueSpecification\",\"valueRequired\":true,\"valueName\":\"search_term_string\"}}],\"inLanguage\":\"es\"},{\"@type\":\"Organization\",\"@id\":\"https:\/\/noti-america.com\/site\/repdom\/#organization\",\"name\":\"Noti-America LLC | Rep\u00fablica Dominicana\",\"url\":\"https:\/\/noti-america.com\/site\/repdom\/\",\"logo\":{\"@type\":\"ImageObject\",\"inLanguage\":\"es\",\"@id\":\"https:\/\/noti-america.com\/site\/repdom\/#\/schema\/logo\/image\/\",\"url\":\"https:\/\/noti-america.com\/site\/repdom\/wp-content\/uploads\/sites\/6\/2020\/07\/LogoNA-4x3-1.jpg\",\"contentUrl\":\"https:\/\/noti-america.com\/site\/repdom\/wp-content\/uploads\/sites\/6\/2020\/07\/LogoNA-4x3-1.jpg\",\"width\":1236,\"height\":1080,\"caption\":\"Noti-America LLC | Rep\u00fablica Dominicana\"},\"image\":{\"@id\":\"https:\/\/noti-america.com\/site\/repdom\/#\/schema\/logo\/image\/\"}},{\"@type\":\"Person\",\"@id\":\"https:\/\/noti-america.com\/site\/repdom\/#\/schema\/person\/fd0092c1530d275fabaa5cffcbc2b976\",\"name\":\"Ad\u00e1n Soriano\",\"image\":{\"@type\":\"ImageObject\",\"inLanguage\":\"es\",\"@id\":\"https:\/\/secure.gravatar.com\/avatar\/ecf97ff3aee7ff9efdae670d7e976f3e7e8acc1077e510d73707999a8bfd4467?s=96&d=mm&r=g\",\"url\":\"https:\/\/secure.gravatar.com\/avatar\/ecf97ff3aee7ff9efdae670d7e976f3e7e8acc1077e510d73707999a8bfd4467?s=96&d=mm&r=g\",\"contentUrl\":\"https:\/\/secure.gravatar.com\/avatar\/ecf97ff3aee7ff9efdae670d7e976f3e7e8acc1077e510d73707999a8bfd4467?s=96&d=mm&r=g\",\"caption\":\"Ad\u00e1n Soriano\"},\"description\":\"Soy cronista deportivo con 10 a\u00f1os de experiencia en varios espacios, y conduzco el podcast deportivo llamado Mezcla Deportiva\",\"sameAs\":[\"https:\/\/x.com\/adansoriano\"],\"url\":\"https:\/\/noti-america.com\/site\/repdom\/author\/asoriano\/\"}]}<\/script>\n<!-- \/ Yoast SEO Premium plugin. -->","yoast_head_json":{"title":"Los Metros anuncian la contrataci\u00f3n de Ricky Ledo - Rep. Dominicana | Noti-America.com","robots":{"index":"index","follow":"follow","max-snippet":"max-snippet:-1","max-image-preview":"max-image-preview:large","max-video-preview":"max-video-preview:-1"},"canonical":"https:\/\/noti-america.com\/site\/repdom\/2021\/09\/10\/los-metros-anuncian-la-contratacion-de-ricky-ledo\/","og_locale":"es_ES","og_type":"article","og_title":"Los Metros anuncian la contrataci\u00f3n de Ricky Ledo","og_description":"SANTIAGO &#8211;\u00a0Los cinco veces campeones de la Liga Nacional de Baloncesto de la Rep\u00fablica Dominicana (LNB), Metros de Santiago se fortalecen de cara al inicio de los playoffs con la firma del ex-NBA Ricardo&#46;&#46;&#46;","og_url":"https:\/\/noti-america.com\/site\/repdom\/2021\/09\/10\/los-metros-anuncian-la-contratacion-de-ricky-ledo\/","og_site_name":"Rep. Dominicana | Noti-America.com","article_published_time":"2021-09-10T13:32:18+00:00","og_image":[{"width":1000,"height":667,"url":"https:\/\/noti-america.com\/site\/repdom\/wp-content\/uploads\/sites\/6\/2021\/09\/Ricky-Ledo.jpg","type":"image\/jpeg"}],"author":"Ad\u00e1n Soriano","twitter_card":"summary_large_image","twitter_creator":"@adansoriano","twitter_misc":{"Escrito por":"Ad\u00e1n Soriano","Tiempo estimado de lectura":"2 minutos"},"schema":{"@context":"https:\/\/schema.org","@graph":[{"@type":"Article","@id":"https:\/\/noti-america.com\/site\/repdom\/2021\/09\/10\/los-metros-anuncian-la-contratacion-de-ricky-ledo\/#article","isPartOf":{"@id":"https:\/\/noti-america.com\/site\/repdom\/2021\/09\/10\/los-metros-anuncian-la-contratacion-de-ricky-ledo\/"},"author":{"name":"Ad\u00e1n Soriano","@id":"https:\/\/noti-america.com\/site\/repdom\/#\/schema\/person\/fd0092c1530d275fabaa5cffcbc2b976"},"headline":"Los Metros anuncian la contrataci\u00f3n de Ricky Ledo","datePublished":"2021-09-10T13:32:18+00:00","mainEntityOfPage":{"@id":"https:\/\/noti-america.com\/site\/repdom\/2021\/09\/10\/los-metros-anuncian-la-contratacion-de-ricky-ledo\/"},"wordCount":260,"commentCount":0,"publisher":{"@id":"https:\/\/noti-america.com\/site\/repdom\/#organization"},"image":{"@id":"https:\/\/noti-america.com\/site\/repdom\/2021\/09\/10\/los-metros-anuncian-la-contratacion-de-ricky-ledo\/#primaryimage"},"thumbnailUrl":"https:\/\/noti-america.com\/site\/repdom\/wp-content\/uploads\/sites\/6\/2021\/09\/Ricky-Ledo.jpg","keywords":["Baloncesto Dominicano","Liga Nacional de Baloncesto","LNB 2021","Metros de Santiago","Ricky Ledo"],"articleSection":["Deportes"],"inLanguage":"es","potentialAction":[{"@type":"CommentAction","name":"Comment","target":["https:\/\/noti-america.com\/site\/repdom\/2021\/09\/10\/los-metros-anuncian-la-contratacion-de-ricky-ledo\/#respond"]}]},{"@type":"WebPage","@id":"https:\/\/noti-america.com\/site\/repdom\/2021\/09\/10\/los-metros-anuncian-la-contratacion-de-ricky-ledo\/","url":"https:\/\/noti-america.com\/site\/repdom\/2021\/09\/10\/los-metros-anuncian-la-contratacion-de-ricky-ledo\/","name":"Los Metros anuncian la contrataci\u00f3n de Ricky Ledo - Rep. Dominicana | Noti-America.com","isPartOf":{"@id":"https:\/\/noti-america.com\/site\/repdom\/#website"},"primaryImageOfPage":{"@id":"https:\/\/noti-america.com\/site\/repdom\/2021\/09\/10\/los-metros-anuncian-la-contratacion-de-ricky-ledo\/#primaryimage"},"image":{"@id":"https:\/\/noti-america.com\/site\/repdom\/2021\/09\/10\/los-metros-anuncian-la-contratacion-de-ricky-ledo\/#primaryimage"},"thumbnailUrl":"https:\/\/noti-america.com\/site\/repdom\/wp-content\/uploads\/sites\/6\/2021\/09\/Ricky-Ledo.jpg","datePublished":"2021-09-10T13:32:18+00:00","breadcrumb":{"@id":"https:\/\/noti-america.com\/site\/repdom\/2021\/09\/10\/los-metros-anuncian-la-contratacion-de-ricky-ledo\/#breadcrumb"},"inLanguage":"es","potentialAction":[{"@type":"ReadAction","target":["https:\/\/noti-america.com\/site\/repdom\/2021\/09\/10\/los-metros-anuncian-la-contratacion-de-ricky-ledo\/"]}]},{"@type":"ImageObject","inLanguage":"es","@id":"https:\/\/noti-america.com\/site\/repdom\/2021\/09\/10\/los-metros-anuncian-la-contratacion-de-ricky-ledo\/#primaryimage","url":"https:\/\/noti-america.com\/site\/repdom\/wp-content\/uploads\/sites\/6\/2021\/09\/Ricky-Ledo.jpg","contentUrl":"https:\/\/noti-america.com\/site\/repdom\/wp-content\/uploads\/sites\/6\/2021\/09\/Ricky-Ledo.jpg","width":1000,"height":667},{"@type":"BreadcrumbList","@id":"https:\/\/noti-america.com\/site\/repdom\/2021\/09\/10\/los-metros-anuncian-la-contratacion-de-ricky-ledo\/#breadcrumb","itemListElement":[{"@type":"ListItem","position":1,"name":"Portada","item":"https:\/\/noti-america.com\/site\/repdom\/"},{"@type":"ListItem","position":2,"name":"Los Metros anuncian la contrataci\u00f3n de Ricky Ledo"}]},{"@type":"WebSite","@id":"https:\/\/noti-america.com\/site\/repdom\/#website","url":"https:\/\/noti-america.com\/site\/repdom\/","name":"Rep. Dominicana | Noti-America.com","description":"","publisher":{"@id":"https:\/\/noti-america.com\/site\/repdom\/#organization"},"potentialAction":[{"@type":"SearchAction","target":{"@type":"EntryPoint","urlTemplate":"https:\/\/noti-america.com\/site\/repdom\/?s={search_term_string}"},"query-input":{"@type":"PropertyValueSpecification","valueRequired":true,"valueName":"search_term_string"}}],"inLanguage":"es"},{"@type":"Organization","@id":"https:\/\/noti-america.com\/site\/repdom\/#organization","name":"Noti-America LLC | Rep\u00fablica Dominicana","url":"https:\/\/noti-america.com\/site\/repdom\/","logo":{"@type":"ImageObject","inLanguage":"es","@id":"https:\/\/noti-america.com\/site\/repdom\/#\/schema\/logo\/image\/","url":"https:\/\/noti-america.com\/site\/repdom\/wp-content\/uploads\/sites\/6\/2020\/07\/LogoNA-4x3-1.jpg","contentUrl":"https:\/\/noti-america.com\/site\/repdom\/wp-content\/uploads\/sites\/6\/2020\/07\/LogoNA-4x3-1.jpg","width":1236,"height":1080,"caption":"Noti-America LLC | Rep\u00fablica Dominicana"},"image":{"@id":"https:\/\/noti-america.com\/site\/repdom\/#\/schema\/logo\/image\/"}},{"@type":"Person","@id":"https:\/\/noti-america.com\/site\/repdom\/#\/schema\/person\/fd0092c1530d275fabaa5cffcbc2b976","name":"Ad\u00e1n Soriano","image":{"@type":"ImageObject","inLanguage":"es","@id":"https:\/\/secure.gravatar.com\/avatar\/ecf97ff3aee7ff9efdae670d7e976f3e7e8acc1077e510d73707999a8bfd4467?s=96&d=mm&r=g","url":"https:\/\/secure.gravatar.com\/avatar\/ecf97ff3aee7ff9efdae670d7e976f3e7e8acc1077e510d73707999a8bfd4467?s=96&d=mm&r=g","contentUrl":"https:\/\/secure.gravatar.com\/avatar\/ecf97ff3aee7ff9efdae670d7e976f3e7e8acc1077e510d73707999a8bfd4467?s=96&d=mm&r=g","caption":"Ad\u00e1n Soriano"},"description":"Soy cronista deportivo con 10 a\u00f1os de experiencia en varios espacios, y conduzco el podcast deportivo llamado Mezcla Deportiva","sameAs":["https:\/\/x.com\/adansoriano"],"url":"https:\/\/noti-america.com\/site\/repdom\/author\/asoriano\/"}]}},"_links":{"self":[{"href":"https:\/\/noti-america.com\/site\/repdom\/wp-json\/wp\/v2\/posts\/12929","targetHints":{"allow":["GET"]}}],"collection":[{"href":"https:\/\/noti-america.com\/site\/repdom\/wp-json\/wp\/v2\/posts"}],"about":[{"href":"https:\/\/noti-america.com\/site\/repdom\/wp-json\/wp\/v2\/types\/post"}],"author":[{"embeddable":true,"href":"https:\/\/noti-america.com\/site\/repdom\/wp-json\/wp\/v2\/users\/89"}],"replies":[{"embeddable":true,"href":"https:\/\/noti-america.com\/site\/repdom\/wp-json\/wp\/v2\/comments?post=12929"}],"version-history":[{"count":1,"href":"https:\/\/noti-america.com\/site\/repdom\/wp-json\/wp\/v2\/posts\/12929\/revisions"}],"predecessor-version":[{"id":12931,"href":"https:\/\/noti-america.com\/site\/repdom\/wp-json\/wp\/v2\/posts\/12929\/revisions\/12931"}],"wp:featuredmedia":[{"embeddable":true,"href":"https:\/\/noti-america.com\/site\/repdom\/wp-json\/wp\/v2\/media\/12930"}],"wp:attachment":[{"href":"https:\/\/noti-america.com\/site\/repdom\/wp-json\/wp\/v2\/media?parent=12929"}],"wp:term":[{"taxonomy":"category","embeddable":true,"href":"https:\/\/noti-america.com\/site\/repdom\/wp-json\/wp\/v2\/categories?post=12929"},{"taxonomy":"post_tag","embeddable":true,"href":"https:\/\/noti-america.com\/site\/repdom\/wp-json\/wp\/v2\/tags?post=12929"}],"curies":[{"name":"wp","href":"https:\/\/api.w.org\/{rel}","templated":true}]}}