{"id":12851,"date":"2021-09-05T02:28:23","date_gmt":"2021-09-05T02:28:23","guid":{"rendered":"https:\/\/noti-america.com\/site\/repdom\/?p=12851"},"modified":"2021-09-05T02:28:23","modified_gmt":"2021-09-05T02:28:23","slug":"metros-solos-en-la-cima-barren-serie-particular-a-los-caneros","status":"publish","type":"post","link":"https:\/\/noti-america.com\/site\/repdom\/2021\/09\/05\/metros-solos-en-la-cima-barren-serie-particular-a-los-caneros\/","title":{"rendered":"Metros solos en la cima; barren serie particular a los Ca\u00f1eros"},"content":{"rendered":"<p class=\"x_gmail-MsoNoSpacing\" style=\"text-align: justify\"><span lang=\"ES-DO\">SANTIAGO &#8211; <\/span><span lang=\"ES-DO\">Los Metros de Santiago se quedaron solos en la primera posici\u00f3n al derrotar 88-83 a los Ca\u00f1eros del Este en partido de la Liga Nacional de Baloncesto celebrado este s\u00e1bado en la Arena Oscar Gobaira de esta ciudad.<\/span><\/p>\n<p class=\"x_gmail-MsoNoSpacing\" style=\"text-align: justify\"><span lang=\"ES-DO\">Con el triunfo, los Metros colocaron su r\u00e9cord en 10-3, colocaron su invicto en 6-0 como due\u00f1os de casa y barrieron la serie particular a los Ca\u00f1eros (9-4) que pierden su segundo juego seguido y el invicto en la ruta, que era de 5-0.<\/span><\/p>\n<p class=\"x_gmail-MsoNoSpacing\" style=\"text-align: justify\"><span lang=\"ES-DO\">Los Metros tambi\u00e9n alargaron a siete la cadena de triunfos en forma seguida en la Arena Oscar Gobaira sobre el equipo del Este, que no gana en ese feudo desde el 2015.<\/span><\/p>\n<p class=\"x_gmail-MsoNoSpacing\" style=\"text-align: justify\"><b><\/b><span lang=\"ES-DO\">Con una corrida 5-0 con menos de dos minutos por jugar, los Ca\u00f1eros cerraron la pizarra 79-81, pero con 1:02 del \u00faltimo cuarto, Adris de Le\u00f3n anot\u00f3 en penetraci\u00f3n dejando 43 segundos en el reloj y la ventaja definitiva.<\/span><\/p>\n<p class=\"x_gmail-MsoNoSpacing\" style=\"text-align: justify\"><span lang=\"ES-DO\">Brandone Francis fue el mejor por los Metros con 20 puntos; Adris de Le\u00f3n termin\u00f3 con 12 tantos y nueve asistencias; Jordan Williams aport\u00f3 15; Robert Glenn tuvo 13 con nueve rebotes, y Michael Watkins anot\u00f3 12 con siete rebotes.<\/span><\/p>\n<p class=\"x_gmail-MsoNoSpacing\" style=\"text-align: justify\"><span lang=\"ES-DO\">Por los Ca\u00f1eros, Jeison Colom\u00e9 anot\u00f3 32 con cinco rebotes; Jeromy Rodr\u00edguez, 13 y siete rebotes; Isaiah Swann aport\u00f3 11 tantos con cinco asistencias, y Jeffery Allen termin\u00f3 con 13 puntos.<\/span><\/p>\n<p class=\"x_gmail-MsoNoSpacing\" style=\"text-align: justify\"><span lang=\"ES-DO\">Los Metros tiraron para un 47 por ciento de campo (34 de 72) contra un 45 de los Ca\u00f1eros (33 de 73), que perdieron la captura de los rebotes 39-40, as\u00ed como las asistencias 18-21 y ganaron 50-42 los puntos en la pintura.<\/span><\/p>\n<p class=\"x_gmail-MsoNoSpacing\" style=\"text-align: justify\"><span lang=\"ES-DO\">Para sacar la ventaja de seis puntos en el segundo cuarto, los Metros ejecutaron un mejor juego defensivo en los \u00faltimos tres minutos para ganar el parcial 22-16.<\/span><\/p>\n<p class=\"x_gmail-MsoNoSpacing\" style=\"text-align: justify\"><span lang=\"ES-DO\">El equipo de Santiago hizo las cosas mejor despu\u00e9s de que en el primer tiempo, el cual qued\u00f3 19-19, perdi\u00f3 seis puntos de ventaja en los \u00faltimos tres minutos.<\/span><\/p>\n<p class=\"x_gmail-MsoNoSpacing\" style=\"text-align: justify\"><span lang=\"ES-DO\">En la primera mitad, que qued\u00f3 41-35, los Metros tiraron mejor de campo con un 45 por ciento, mientras que los Ca\u00f1eros lanzaron un 35 por ciento y ganaron la batalla de los rebotes 22-21, as\u00ed como los puntos en la pintura 22-20, pero las asistencias favorecieron 12-7 a los locales.<\/span><\/p>\n<p class=\"x_gmail-MsoNoSpacing\" style=\"text-align: justify\"><strong><span lang=\"ES-DO\">Jornada de este domingo<\/span><\/strong><\/p>\n<p class=\"x_gmail-MsoNoSpacing\" style=\"text-align: justify\">Los Reales de La Vega jugar\u00e1n ante los Indios de San Francisco de Macor\u00eds en el Polideportivo Fernando Teruel de La Vega a las 6:00 de la tarde, mientras que los Titanes del Distrito Nacional recibir\u00e1n a los Soles de San Domingo Este a las 8:00 de la noche.<\/p>\n<p style=\"text-align: justify\"><strong>Fuente: Prensa LNB<\/strong><\/p>\n","protected":false},"excerpt":{"rendered":"<p>SANTIAGO &#8211; Los Metros de Santiago se quedaron solos en la primera posici\u00f3n al derrotar 88-83 a los Ca\u00f1eros del Este en partido de la Liga Nacional de Baloncesto celebrado este s\u00e1bado en la&#46;&#46;&#46;<\/p>\n","protected":false},"author":89,"featured_media":12852,"comment_status":"open","ping_status":"open","sticky":false,"template":"","format":"standard","meta":{"_acf_changed":false,"rop_custom_images_group":[],"rop_custom_messages_group":[],"rop_publish_now":"initial","rop_publish_now_accounts":[],"rop_publish_now_history":[],"rop_publish_now_status":"pending","footnotes":""},"categories":[16],"tags":[212,1244,1412,1495],"class_list":["post-12851","post","type-post","status-publish","format-standard","has-post-thumbnail","hentry","category-deportes","tag-baloncesto-dominicano","tag-liga-nacional-de-baloncesto","tag-lnb-2021","tag-metros-de-santiago"],"acf":[],"yoast_head":"<!-- This site is optimized with the Yoast SEO Premium plugin v24.9 (Yoast SEO v27.2) - https:\/\/yoast.com\/product\/yoast-seo-premium-wordpress\/ -->\n<title>Metros solos en la cima; barren serie particular a los Ca\u00f1eros - Rep. Dominicana | Noti-America.com<\/title>\n<meta name=\"robots\" content=\"index, follow, max-snippet:-1, max-image-preview:large, max-video-preview:-1\" \/>\n<link rel=\"canonical\" href=\"https:\/\/noti-america.com\/site\/repdom\/2021\/09\/05\/metros-solos-en-la-cima-barren-serie-particular-a-los-caneros\/\" \/>\n<meta property=\"og:locale\" content=\"es_ES\" \/>\n<meta property=\"og:type\" content=\"article\" \/>\n<meta property=\"og:title\" content=\"Metros solos en la cima; barren serie particular a los Ca\u00f1eros\" \/>\n<meta property=\"og:description\" content=\"SANTIAGO &#8211; Los Metros de Santiago se quedaron solos en la primera posici\u00f3n al derrotar 88-83 a los Ca\u00f1eros del Este en partido de la Liga Nacional de Baloncesto celebrado este s\u00e1bado en la&#046;&#046;&#046;\" \/>\n<meta property=\"og:url\" content=\"https:\/\/noti-america.com\/site\/repdom\/2021\/09\/05\/metros-solos-en-la-cima-barren-serie-particular-a-los-caneros\/\" \/>\n<meta property=\"og:site_name\" content=\"Rep. Dominicana | Noti-America.com\" \/>\n<meta property=\"article:published_time\" content=\"2021-09-05T02:28:23+00:00\" \/>\n<meta property=\"og:image\" content=\"https:\/\/noti-america.com\/site\/repdom\/wp-content\/uploads\/sites\/6\/2021\/09\/Brandone-Francis.jpeg\" \/>\n\t<meta property=\"og:image:width\" content=\"1600\" \/>\n\t<meta property=\"og:image:height\" content=\"1067\" \/>\n\t<meta property=\"og:image:type\" content=\"image\/jpeg\" \/>\n<meta name=\"author\" content=\"Ad\u00e1n Soriano\" \/>\n<meta name=\"twitter:card\" content=\"summary_large_image\" \/>\n<meta name=\"twitter:creator\" content=\"@adansoriano\" \/>\n<meta name=\"twitter:label1\" content=\"Escrito por\" \/>\n\t<meta name=\"twitter:data1\" content=\"Ad\u00e1n Soriano\" \/>\n\t<meta name=\"twitter:label2\" content=\"Tiempo estimado de lectura\" \/>\n\t<meta name=\"twitter:data2\" content=\"2 minutos\" \/>\n<script type=\"application\/ld+json\" class=\"yoast-schema-graph\">{\"@context\":\"https:\/\/schema.org\",\"@graph\":[{\"@type\":\"Article\",\"@id\":\"https:\/\/noti-america.com\/site\/repdom\/2021\/09\/05\/metros-solos-en-la-cima-barren-serie-particular-a-los-caneros\/#article\",\"isPartOf\":{\"@id\":\"https:\/\/noti-america.com\/site\/repdom\/2021\/09\/05\/metros-solos-en-la-cima-barren-serie-particular-a-los-caneros\/\"},\"author\":{\"name\":\"Ad\u00e1n Soriano\",\"@id\":\"https:\/\/noti-america.com\/site\/repdom\/#\/schema\/person\/fd0092c1530d275fabaa5cffcbc2b976\"},\"headline\":\"Metros solos en la cima; barren serie particular a los Ca\u00f1eros\",\"datePublished\":\"2021-09-05T02:28:23+00:00\",\"mainEntityOfPage\":{\"@id\":\"https:\/\/noti-america.com\/site\/repdom\/2021\/09\/05\/metros-solos-en-la-cima-barren-serie-particular-a-los-caneros\/\"},\"wordCount\":442,\"commentCount\":0,\"publisher\":{\"@id\":\"https:\/\/noti-america.com\/site\/repdom\/#organization\"},\"image\":{\"@id\":\"https:\/\/noti-america.com\/site\/repdom\/2021\/09\/05\/metros-solos-en-la-cima-barren-serie-particular-a-los-caneros\/#primaryimage\"},\"thumbnailUrl\":\"https:\/\/noti-america.com\/site\/repdom\/wp-content\/uploads\/sites\/6\/2021\/09\/Brandone-Francis.jpeg\",\"keywords\":[\"Baloncesto Dominicano\",\"Liga Nacional de Baloncesto\",\"LNB 2021\",\"Metros de Santiago\"],\"articleSection\":[\"Deportes\"],\"inLanguage\":\"es\",\"potentialAction\":[{\"@type\":\"CommentAction\",\"name\":\"Comment\",\"target\":[\"https:\/\/noti-america.com\/site\/repdom\/2021\/09\/05\/metros-solos-en-la-cima-barren-serie-particular-a-los-caneros\/#respond\"]}]},{\"@type\":\"WebPage\",\"@id\":\"https:\/\/noti-america.com\/site\/repdom\/2021\/09\/05\/metros-solos-en-la-cima-barren-serie-particular-a-los-caneros\/\",\"url\":\"https:\/\/noti-america.com\/site\/repdom\/2021\/09\/05\/metros-solos-en-la-cima-barren-serie-particular-a-los-caneros\/\",\"name\":\"Metros solos en la cima; barren serie particular a los Ca\u00f1eros - Rep. Dominicana | Noti-America.com\",\"isPartOf\":{\"@id\":\"https:\/\/noti-america.com\/site\/repdom\/#website\"},\"primaryImageOfPage\":{\"@id\":\"https:\/\/noti-america.com\/site\/repdom\/2021\/09\/05\/metros-solos-en-la-cima-barren-serie-particular-a-los-caneros\/#primaryimage\"},\"image\":{\"@id\":\"https:\/\/noti-america.com\/site\/repdom\/2021\/09\/05\/metros-solos-en-la-cima-barren-serie-particular-a-los-caneros\/#primaryimage\"},\"thumbnailUrl\":\"https:\/\/noti-america.com\/site\/repdom\/wp-content\/uploads\/sites\/6\/2021\/09\/Brandone-Francis.jpeg\",\"datePublished\":\"2021-09-05T02:28:23+00:00\",\"breadcrumb\":{\"@id\":\"https:\/\/noti-america.com\/site\/repdom\/2021\/09\/05\/metros-solos-en-la-cima-barren-serie-particular-a-los-caneros\/#breadcrumb\"},\"inLanguage\":\"es\",\"potentialAction\":[{\"@type\":\"ReadAction\",\"target\":[\"https:\/\/noti-america.com\/site\/repdom\/2021\/09\/05\/metros-solos-en-la-cima-barren-serie-particular-a-los-caneros\/\"]}]},{\"@type\":\"ImageObject\",\"inLanguage\":\"es\",\"@id\":\"https:\/\/noti-america.com\/site\/repdom\/2021\/09\/05\/metros-solos-en-la-cima-barren-serie-particular-a-los-caneros\/#primaryimage\",\"url\":\"https:\/\/noti-america.com\/site\/repdom\/wp-content\/uploads\/sites\/6\/2021\/09\/Brandone-Francis.jpeg\",\"contentUrl\":\"https:\/\/noti-america.com\/site\/repdom\/wp-content\/uploads\/sites\/6\/2021\/09\/Brandone-Francis.jpeg\",\"width\":1600,\"height\":1067},{\"@type\":\"BreadcrumbList\",\"@id\":\"https:\/\/noti-america.com\/site\/repdom\/2021\/09\/05\/metros-solos-en-la-cima-barren-serie-particular-a-los-caneros\/#breadcrumb\",\"itemListElement\":[{\"@type\":\"ListItem\",\"position\":1,\"name\":\"Portada\",\"item\":\"https:\/\/noti-america.com\/site\/repdom\/\"},{\"@type\":\"ListItem\",\"position\":2,\"name\":\"Metros solos en la cima; barren serie particular a los Ca\u00f1eros\"}]},{\"@type\":\"WebSite\",\"@id\":\"https:\/\/noti-america.com\/site\/repdom\/#website\",\"url\":\"https:\/\/noti-america.com\/site\/repdom\/\",\"name\":\"Rep. Dominicana | Noti-America.com\",\"description\":\"\",\"publisher\":{\"@id\":\"https:\/\/noti-america.com\/site\/repdom\/#organization\"},\"potentialAction\":[{\"@type\":\"SearchAction\",\"target\":{\"@type\":\"EntryPoint\",\"urlTemplate\":\"https:\/\/noti-america.com\/site\/repdom\/?s={search_term_string}\"},\"query-input\":{\"@type\":\"PropertyValueSpecification\",\"valueRequired\":true,\"valueName\":\"search_term_string\"}}],\"inLanguage\":\"es\"},{\"@type\":\"Organization\",\"@id\":\"https:\/\/noti-america.com\/site\/repdom\/#organization\",\"name\":\"Noti-America LLC | Rep\u00fablica Dominicana\",\"url\":\"https:\/\/noti-america.com\/site\/repdom\/\",\"logo\":{\"@type\":\"ImageObject\",\"inLanguage\":\"es\",\"@id\":\"https:\/\/noti-america.com\/site\/repdom\/#\/schema\/logo\/image\/\",\"url\":\"https:\/\/noti-america.com\/site\/repdom\/wp-content\/uploads\/sites\/6\/2020\/07\/LogoNA-4x3-1.jpg\",\"contentUrl\":\"https:\/\/noti-america.com\/site\/repdom\/wp-content\/uploads\/sites\/6\/2020\/07\/LogoNA-4x3-1.jpg\",\"width\":1236,\"height\":1080,\"caption\":\"Noti-America LLC | Rep\u00fablica Dominicana\"},\"image\":{\"@id\":\"https:\/\/noti-america.com\/site\/repdom\/#\/schema\/logo\/image\/\"}},{\"@type\":\"Person\",\"@id\":\"https:\/\/noti-america.com\/site\/repdom\/#\/schema\/person\/fd0092c1530d275fabaa5cffcbc2b976\",\"name\":\"Ad\u00e1n Soriano\",\"image\":{\"@type\":\"ImageObject\",\"inLanguage\":\"es\",\"@id\":\"https:\/\/secure.gravatar.com\/avatar\/ecf97ff3aee7ff9efdae670d7e976f3e7e8acc1077e510d73707999a8bfd4467?s=96&d=mm&r=g\",\"url\":\"https:\/\/secure.gravatar.com\/avatar\/ecf97ff3aee7ff9efdae670d7e976f3e7e8acc1077e510d73707999a8bfd4467?s=96&d=mm&r=g\",\"contentUrl\":\"https:\/\/secure.gravatar.com\/avatar\/ecf97ff3aee7ff9efdae670d7e976f3e7e8acc1077e510d73707999a8bfd4467?s=96&d=mm&r=g\",\"caption\":\"Ad\u00e1n Soriano\"},\"description\":\"Soy cronista deportivo con 10 a\u00f1os de experiencia en varios espacios, y conduzco el podcast deportivo llamado Mezcla Deportiva\",\"sameAs\":[\"https:\/\/x.com\/adansoriano\"],\"url\":\"https:\/\/noti-america.com\/site\/repdom\/author\/asoriano\/\"}]}<\/script>\n<!-- \/ Yoast SEO Premium plugin. -->","yoast_head_json":{"title":"Metros solos en la cima; barren serie particular a los Ca\u00f1eros - Rep. Dominicana | Noti-America.com","robots":{"index":"index","follow":"follow","max-snippet":"max-snippet:-1","max-image-preview":"max-image-preview:large","max-video-preview":"max-video-preview:-1"},"canonical":"https:\/\/noti-america.com\/site\/repdom\/2021\/09\/05\/metros-solos-en-la-cima-barren-serie-particular-a-los-caneros\/","og_locale":"es_ES","og_type":"article","og_title":"Metros solos en la cima; barren serie particular a los Ca\u00f1eros","og_description":"SANTIAGO &#8211; Los Metros de Santiago se quedaron solos en la primera posici\u00f3n al derrotar 88-83 a los Ca\u00f1eros del Este en partido de la Liga Nacional de Baloncesto celebrado este s\u00e1bado en la&#46;&#46;&#46;","og_url":"https:\/\/noti-america.com\/site\/repdom\/2021\/09\/05\/metros-solos-en-la-cima-barren-serie-particular-a-los-caneros\/","og_site_name":"Rep. Dominicana | Noti-America.com","article_published_time":"2021-09-05T02:28:23+00:00","og_image":[{"width":1600,"height":1067,"url":"https:\/\/noti-america.com\/site\/repdom\/wp-content\/uploads\/sites\/6\/2021\/09\/Brandone-Francis.jpeg","type":"image\/jpeg"}],"author":"Ad\u00e1n Soriano","twitter_card":"summary_large_image","twitter_creator":"@adansoriano","twitter_misc":{"Escrito por":"Ad\u00e1n Soriano","Tiempo estimado de lectura":"2 minutos"},"schema":{"@context":"https:\/\/schema.org","@graph":[{"@type":"Article","@id":"https:\/\/noti-america.com\/site\/repdom\/2021\/09\/05\/metros-solos-en-la-cima-barren-serie-particular-a-los-caneros\/#article","isPartOf":{"@id":"https:\/\/noti-america.com\/site\/repdom\/2021\/09\/05\/metros-solos-en-la-cima-barren-serie-particular-a-los-caneros\/"},"author":{"name":"Ad\u00e1n Soriano","@id":"https:\/\/noti-america.com\/site\/repdom\/#\/schema\/person\/fd0092c1530d275fabaa5cffcbc2b976"},"headline":"Metros solos en la cima; barren serie particular a los Ca\u00f1eros","datePublished":"2021-09-05T02:28:23+00:00","mainEntityOfPage":{"@id":"https:\/\/noti-america.com\/site\/repdom\/2021\/09\/05\/metros-solos-en-la-cima-barren-serie-particular-a-los-caneros\/"},"wordCount":442,"commentCount":0,"publisher":{"@id":"https:\/\/noti-america.com\/site\/repdom\/#organization"},"image":{"@id":"https:\/\/noti-america.com\/site\/repdom\/2021\/09\/05\/metros-solos-en-la-cima-barren-serie-particular-a-los-caneros\/#primaryimage"},"thumbnailUrl":"https:\/\/noti-america.com\/site\/repdom\/wp-content\/uploads\/sites\/6\/2021\/09\/Brandone-Francis.jpeg","keywords":["Baloncesto Dominicano","Liga Nacional de Baloncesto","LNB 2021","Metros de Santiago"],"articleSection":["Deportes"],"inLanguage":"es","potentialAction":[{"@type":"CommentAction","name":"Comment","target":["https:\/\/noti-america.com\/site\/repdom\/2021\/09\/05\/metros-solos-en-la-cima-barren-serie-particular-a-los-caneros\/#respond"]}]},{"@type":"WebPage","@id":"https:\/\/noti-america.com\/site\/repdom\/2021\/09\/05\/metros-solos-en-la-cima-barren-serie-particular-a-los-caneros\/","url":"https:\/\/noti-america.com\/site\/repdom\/2021\/09\/05\/metros-solos-en-la-cima-barren-serie-particular-a-los-caneros\/","name":"Metros solos en la cima; barren serie particular a los Ca\u00f1eros - Rep. Dominicana | Noti-America.com","isPartOf":{"@id":"https:\/\/noti-america.com\/site\/repdom\/#website"},"primaryImageOfPage":{"@id":"https:\/\/noti-america.com\/site\/repdom\/2021\/09\/05\/metros-solos-en-la-cima-barren-serie-particular-a-los-caneros\/#primaryimage"},"image":{"@id":"https:\/\/noti-america.com\/site\/repdom\/2021\/09\/05\/metros-solos-en-la-cima-barren-serie-particular-a-los-caneros\/#primaryimage"},"thumbnailUrl":"https:\/\/noti-america.com\/site\/repdom\/wp-content\/uploads\/sites\/6\/2021\/09\/Brandone-Francis.jpeg","datePublished":"2021-09-05T02:28:23+00:00","breadcrumb":{"@id":"https:\/\/noti-america.com\/site\/repdom\/2021\/09\/05\/metros-solos-en-la-cima-barren-serie-particular-a-los-caneros\/#breadcrumb"},"inLanguage":"es","potentialAction":[{"@type":"ReadAction","target":["https:\/\/noti-america.com\/site\/repdom\/2021\/09\/05\/metros-solos-en-la-cima-barren-serie-particular-a-los-caneros\/"]}]},{"@type":"ImageObject","inLanguage":"es","@id":"https:\/\/noti-america.com\/site\/repdom\/2021\/09\/05\/metros-solos-en-la-cima-barren-serie-particular-a-los-caneros\/#primaryimage","url":"https:\/\/noti-america.com\/site\/repdom\/wp-content\/uploads\/sites\/6\/2021\/09\/Brandone-Francis.jpeg","contentUrl":"https:\/\/noti-america.com\/site\/repdom\/wp-content\/uploads\/sites\/6\/2021\/09\/Brandone-Francis.jpeg","width":1600,"height":1067},{"@type":"BreadcrumbList","@id":"https:\/\/noti-america.com\/site\/repdom\/2021\/09\/05\/metros-solos-en-la-cima-barren-serie-particular-a-los-caneros\/#breadcrumb","itemListElement":[{"@type":"ListItem","position":1,"name":"Portada","item":"https:\/\/noti-america.com\/site\/repdom\/"},{"@type":"ListItem","position":2,"name":"Metros solos en la cima; barren serie particular a los Ca\u00f1eros"}]},{"@type":"WebSite","@id":"https:\/\/noti-america.com\/site\/repdom\/#website","url":"https:\/\/noti-america.com\/site\/repdom\/","name":"Rep. Dominicana | Noti-America.com","description":"","publisher":{"@id":"https:\/\/noti-america.com\/site\/repdom\/#organization"},"potentialAction":[{"@type":"SearchAction","target":{"@type":"EntryPoint","urlTemplate":"https:\/\/noti-america.com\/site\/repdom\/?s={search_term_string}"},"query-input":{"@type":"PropertyValueSpecification","valueRequired":true,"valueName":"search_term_string"}}],"inLanguage":"es"},{"@type":"Organization","@id":"https:\/\/noti-america.com\/site\/repdom\/#organization","name":"Noti-America LLC | Rep\u00fablica Dominicana","url":"https:\/\/noti-america.com\/site\/repdom\/","logo":{"@type":"ImageObject","inLanguage":"es","@id":"https:\/\/noti-america.com\/site\/repdom\/#\/schema\/logo\/image\/","url":"https:\/\/noti-america.com\/site\/repdom\/wp-content\/uploads\/sites\/6\/2020\/07\/LogoNA-4x3-1.jpg","contentUrl":"https:\/\/noti-america.com\/site\/repdom\/wp-content\/uploads\/sites\/6\/2020\/07\/LogoNA-4x3-1.jpg","width":1236,"height":1080,"caption":"Noti-America LLC | Rep\u00fablica Dominicana"},"image":{"@id":"https:\/\/noti-america.com\/site\/repdom\/#\/schema\/logo\/image\/"}},{"@type":"Person","@id":"https:\/\/noti-america.com\/site\/repdom\/#\/schema\/person\/fd0092c1530d275fabaa5cffcbc2b976","name":"Ad\u00e1n Soriano","image":{"@type":"ImageObject","inLanguage":"es","@id":"https:\/\/secure.gravatar.com\/avatar\/ecf97ff3aee7ff9efdae670d7e976f3e7e8acc1077e510d73707999a8bfd4467?s=96&d=mm&r=g","url":"https:\/\/secure.gravatar.com\/avatar\/ecf97ff3aee7ff9efdae670d7e976f3e7e8acc1077e510d73707999a8bfd4467?s=96&d=mm&r=g","contentUrl":"https:\/\/secure.gravatar.com\/avatar\/ecf97ff3aee7ff9efdae670d7e976f3e7e8acc1077e510d73707999a8bfd4467?s=96&d=mm&r=g","caption":"Ad\u00e1n Soriano"},"description":"Soy cronista deportivo con 10 a\u00f1os de experiencia en varios espacios, y conduzco el podcast deportivo llamado Mezcla Deportiva","sameAs":["https:\/\/x.com\/adansoriano"],"url":"https:\/\/noti-america.com\/site\/repdom\/author\/asoriano\/"}]}},"_links":{"self":[{"href":"https:\/\/noti-america.com\/site\/repdom\/wp-json\/wp\/v2\/posts\/12851","targetHints":{"allow":["GET"]}}],"collection":[{"href":"https:\/\/noti-america.com\/site\/repdom\/wp-json\/wp\/v2\/posts"}],"about":[{"href":"https:\/\/noti-america.com\/site\/repdom\/wp-json\/wp\/v2\/types\/post"}],"author":[{"embeddable":true,"href":"https:\/\/noti-america.com\/site\/repdom\/wp-json\/wp\/v2\/users\/89"}],"replies":[{"embeddable":true,"href":"https:\/\/noti-america.com\/site\/repdom\/wp-json\/wp\/v2\/comments?post=12851"}],"version-history":[{"count":1,"href":"https:\/\/noti-america.com\/site\/repdom\/wp-json\/wp\/v2\/posts\/12851\/revisions"}],"predecessor-version":[{"id":12853,"href":"https:\/\/noti-america.com\/site\/repdom\/wp-json\/wp\/v2\/posts\/12851\/revisions\/12853"}],"wp:featuredmedia":[{"embeddable":true,"href":"https:\/\/noti-america.com\/site\/repdom\/wp-json\/wp\/v2\/media\/12852"}],"wp:attachment":[{"href":"https:\/\/noti-america.com\/site\/repdom\/wp-json\/wp\/v2\/media?parent=12851"}],"wp:term":[{"taxonomy":"category","embeddable":true,"href":"https:\/\/noti-america.com\/site\/repdom\/wp-json\/wp\/v2\/categories?post=12851"},{"taxonomy":"post_tag","embeddable":true,"href":"https:\/\/noti-america.com\/site\/repdom\/wp-json\/wp\/v2\/tags?post=12851"}],"curies":[{"name":"wp","href":"https:\/\/api.w.org\/{rel}","templated":true}]}}