{"id":12744,"date":"2021-08-30T13:48:37","date_gmt":"2021-08-30T13:48:37","guid":{"rendered":"https:\/\/noti-america.com\/site\/repdom\/2021\/08\/30\/entre-optimismo-rezagos-y-el-miedo-a-los-contagios-asi-sera-la-vuelta-a-las-aulas-4\/"},"modified":"2021-08-30T13:48:37","modified_gmt":"2021-08-30T13:48:37","slug":"entre-optimismo-rezagos-y-el-miedo-a-los-contagios-asi-sera-la-vuelta-a-las-aulas-4","status":"publish","type":"post","link":"https:\/\/noti-america.com\/site\/repdom\/2021\/08\/30\/entre-optimismo-rezagos-y-el-miedo-a-los-contagios-asi-sera-la-vuelta-a-las-aulas-4\/","title":{"rendered":"Entre optimismo, rezagos y el miedo a los contagios: as\u00ed ser\u00e1 la vuelta a las aulas"},"content":{"rendered":"<p><img loading=\"lazy\" decoding=\"async\" class=\"alignnone size-medium wp-image-12732\" src=\"https:\/\/noti-america.com\/site\/repdom\/wp-content\/uploads\/sites\/6\/2021\/08\/160421-la-educacion-en-tiempos-de-pandemia-eddy-vittini246_17128626_20210829153915-300x192.jpg\" alt=\"\" width=\"300\" height=\"192\" srcset=\"https:\/\/noti-america.com\/site\/repdom\/wp-content\/uploads\/sites\/6\/2021\/08\/160421-la-educacion-en-tiempos-de-pandemia-eddy-vittini246_17128626_20210829153915-300x192.jpg 300w, https:\/\/noti-america.com\/site\/repdom\/wp-content\/uploads\/sites\/6\/2021\/08\/160421-la-educacion-en-tiempos-de-pandemia-eddy-vittini246_17128626_20210829153915.jpg 546w\" sizes=\"auto, (max-width: 300px) 100vw, 300px\" \/><\/p>\n<p><strong>Noti-America Republica Dominicana<\/strong><\/p>\n<p>&nbsp;<\/p>\n<p>El Ministerio de Educaci\u00f3n (Minerd) est\u00e1 a 22 d\u00edas del inicio oficial del curso escolar 2021-2022. Durante este per\u00edodo, la brecha acad\u00e9mica entre alumnos es mayor de lo habitual. Debido a la pandemia, la virtualidad que prevaleci\u00f3 durante la mayor parte del a\u00f1o escolar anterior no se plane\u00f3 en un futuro pr\u00f3ximo. La presencia es un modelo que se restaurar\u00e1 a nivel general, con eso vienen las quejas de los padres sobre el costo de los \u00fatiles escolares, ahora la compra de colegios privados requiere de un software que combine la ense\u00f1anza presencial con la ense\u00f1anza digital.<\/p>\n<p>Con cifras preliminares hasta el 10 de agosto pasado, el 95 % de los alumnos del sistema de educaci\u00f3n p\u00fablica dominicana se hab\u00eda reinscrito en las escuelas y polit\u00e9cnicos para el a\u00f1o escolar que se inicia oficialmente el pr\u00f3ximo 20 de septiembre. Se hab\u00edan matriculado alrededor de 2.6 millones de estudiantes de los 2.8 millones que tiene registrado el Minerd en su base de datos a esa fecha. Las inscripciones estar\u00e1n abiertas hasta el d\u00eda 15.<\/p>\n<p>Cuando la vuelta a la presencialidad fue tema de discusi\u00f3n, la Asociaci\u00f3n Dominicana de Profesores (ADP) cuestion\u00f3 la mala condici\u00f3n de planteles escolares donde a su juicio no se puede garantizar la higiene necesaria para prevenir el contagio del COVID-19.<\/p>\n<p>Para subsanar las deficiencias, el Minerd dice haber intervenido 3,600 planteles, de los que 2,400 ya est\u00e1n listos y 1,100 se completar\u00edan en 10 d\u00edas, como inform\u00f3 el pasado 23 de agosto el ministro de Educaci\u00f3n, Roberto Fulcar, a la Comisi\u00f3n de Educaci\u00f3n de la C\u00e1mara de Diputados.<\/p>\n<div class=\"in-content-info w-100 blueconic-content 4 0\"><\/div>\n<p>Agreg\u00f3 que el resto de las escuelas ser\u00eda intervenido en una cuarta etapa del mantenimiento que se comenzar\u00eda a finales de la semana pasada.<\/p>\n<p>Aunque el sector p\u00fablico se alista, muchos colegios privados ya iniciaron el a\u00f1o escolar en este agosto con la anuencia del Minerd. Las principales tiendas registran una asistencia considerable de padres en procura de los libros de texto, as\u00ed como de las mochilas, uniformes y dem\u00e1s \u00fatiles .<\/p>\n<p>A esto se le agrega la exigencia de art\u00edculos de bioseguridad como las mascarillas y gel desinfectante para cada estudiante, con el fin de evitar contagios del coronavirus. En algunos colegios se exigen pruebas PCR para admitir a los alumnos en las clases presenciales, y se ha sumado a la lista la compra de dispositivos electr\u00f3nicos y software o plataformas educativas virtuales en todos los niveles del sistema.<\/p>\n<p>Para el sector p\u00fablico, el Minerd, el Instituto Nacional de Bienestar Estudiantil y el Programa de Medicamentos Esenciales licitan por aproximadamente RD$30 mil millones insumos para el venidero a\u00f1o escolar, entre estos mascarillas, guantes de l\u00e1tex y dispensadores. Tambi\u00e9n, alcohol isoprop\u00edlico, gel antibacterial, jab\u00f3n l\u00edquido para manos y batas m\u00e9dicas de protecci\u00f3n desechables.<\/p>\n<p>Las licitaciones tambi\u00e9n abarcan 143,655 mochilas, a raz\u00f3n de RD$384.43 la unidad; adem\u00e1s 326,827 camisetas a RD$80 cada una.<\/p>\n<p>Los padres y tutores condenaron el aumento del 10% al 70% en los precios de los libros y otros \u00fatiles en las escuelas privadas. Yissel Inoa es madre de gemelos de tercer grado y pag\u00f3 $ 11,070 RD por cuatro libros de materias b\u00e1sicas. Dijo que utiliz\u00f3 una promoci\u00f3n de la tienda para ofrecer un 50% de descuento en la compra del segundo libro, ahorrando RD $ 3,690 en la compra de ocho libros. Dijo que s\u00ed pag\u00f3 el costo de reingreso de sus hijos como todos los a\u00f1os, y no se quej\u00f3 porque pens\u00f3 que era parte de la matr\u00edcula. Comprenda que la escuela es flexible para los padres que tienen dificultades para pagar durante la pandemia.<\/p>\n<p>Aunque el Gobierno hizo esfuerzos para impartir docencia por televisi\u00f3n y radio para alcanzar a los alumnos que no pod\u00edan conectarse de forma digital durante las clases a distancia, esto no evit\u00f3 las lagunas en el aprendizaje y la deserci\u00f3n escolar, que se estima aument\u00f3 por ese modelo educativo obligado en el a\u00f1o escolar que comenz\u00f3 en noviembre de 2020 y culmin\u00f3 en julio de 2021.<\/p>\n<p>Todos los alumnos fueron promovidos de grado cuando culmin\u00f3 el a\u00f1o escolar 2019-2020, luego de que en el \u00faltimo tramo se declarara la pandemia y las clases se tornaron virtuales.<\/p>\n<div class=\"entretitulo\">Equipos digitales<\/div>\n<div class=\"paragraph\">\n<p>Desde la pasada gesti\u00f3n la digitalizaci\u00f3n de la educaci\u00f3n era una meta presidencial. Las actuales autoridades del Minerd reportan que entre agosto 2020 y junio 2021 se beneficiaron 100,889 docentes con laptops, 140,767 estudiantes de primaria con tabletas y 471,442 alumnos de secundaria con netbooks, en el marco del plan \u201cEducaci\u00f3n para todos preservando la salud\u201d, dise\u00f1ado con la visi\u00f3n de docencia a distancia por la pandemia.<\/p>\n<p>En julio pasado, el Minerd entreg\u00f3 11,569 tabletas y 6,304 netbooks a estudiantes del nivel primario y secundario de tres distritos educativos de Saman\u00e1, con una inversi\u00f3n superior a los RD$300 millones.<\/p>\n<p>Los aparatos recibidos por el Gobierno son configurados para su uso antes de ser entregados. De acuerdo con los datos suministrados por el Minerd, los dispositivos tienen la capacidad de asumir todo el contenido que necesitan los alumnos seg\u00fan su nivel y tienen aplicaciones que van de la mano con cada asignatura.<\/p>\n<p>El Minerd ha informado que los equipos est\u00e1n siendo monitoreados, tienen la capacidad de ser geolocalizables y se les puede medir el uso dado.<\/p>\n<p>En abril pasado, el Gobierno recibi\u00f3 537,432 tabletas, de un total de 800 mil adquiridas para la educaci\u00f3n primaria, a trav\u00e9s del Programa de las Naciones Unidas para el Desarrollo (PNUD), quien se encarg\u00f3 de licitarlas a nivel internacional. Los aparatos entregados representan RD$5,559.5 millones de los RD$8,282.6 millones destinados para su compra.<\/p>\n<p>Antes de esa fecha, ya el Gobierno hab\u00eda entregado 121 mil dispositivos en la Regional de Educaci\u00f3n #8 con sede en Santiago.<\/p>\n<p>Al d\u00eda citado, se le hab\u00edan entregado 69,904 aparatos y le faltaba por recibir el 90.93 % del total.<\/p>\n<p>Esa licitaci\u00f3n, realizada en diciembre de 2020, ha sufrido una serie de reveses por parte de la Direcci\u00f3n General de Contrataciones P\u00fablicas que fall\u00f3 entre junio y julio varios recursos jer\u00e1r- quicos a favor de empresas licitantes, y ordenar la anulaci\u00f3n de casi todos los lotes contratados para que sean nuevamente adjudicados con las modificaciones de lugar.<\/p>\n<p>Dicho caso se dirime en el Tribunal Superior Administrativo.<\/p>\n<\/div>\n<p>&nbsp;<\/p>\n<p>&nbsp;<\/p>\n<p>&nbsp;<\/p>\n<p>&nbsp;<\/p>\n<p>&nbsp;<\/p>\n<p>&nbsp;<\/p>\n<p>&nbsp;<\/p>\n<p>&nbsp;<\/p>\n<p>Fuente DL.<\/p>\n","protected":false},"excerpt":{"rendered":"<p>Noti-America Republica Dominicana &nbsp; El Ministerio de Educaci\u00f3n (Minerd) est\u00e1 a 22 d\u00edas del inicio oficial del curso escolar 2021-2022. Durante este per\u00edodo, la brecha acad\u00e9mica entre alumnos es mayor de lo habitual. Debido&#46;&#46;&#46;<\/p>\n","protected":false},"author":96,"featured_media":12741,"comment_status":"open","ping_status":"open","sticky":false,"template":"","format":"standard","meta":{"_acf_changed":false,"rop_custom_images_group":[],"rop_custom_messages_group":[],"rop_publish_now":"initial","rop_publish_now_accounts":[],"rop_publish_now_history":[],"rop_publish_now_status":"pending","footnotes":""},"categories":[105,1],"tags":[],"class_list":["post-12744","post","type-post","status-publish","format-standard","has-post-thumbnail","hentry","category-noticias","category-uncategorized"],"acf":[],"yoast_head":"<!-- This site is optimized with the Yoast SEO Premium plugin v24.9 (Yoast SEO v27.2) - https:\/\/yoast.com\/product\/yoast-seo-premium-wordpress\/ -->\n<title>Entre optimismo, rezagos y el miedo a los contagios: as\u00ed ser\u00e1 la vuelta a las aulas - Rep. Dominicana | Noti-America.com<\/title>\n<meta name=\"robots\" content=\"index, follow, max-snippet:-1, max-image-preview:large, max-video-preview:-1\" \/>\n<link rel=\"canonical\" href=\"https:\/\/noti-america.com\/site\/repdom\/2021\/08\/30\/entre-optimismo-rezagos-y-el-miedo-a-los-contagios-asi-sera-la-vuelta-a-las-aulas-4\/\" \/>\n<meta property=\"og:locale\" content=\"es_ES\" \/>\n<meta property=\"og:type\" content=\"article\" \/>\n<meta property=\"og:title\" content=\"Entre optimismo, rezagos y el miedo a los contagios: as\u00ed ser\u00e1 la vuelta a las aulas\" \/>\n<meta property=\"og:description\" content=\"Noti-America Republica Dominicana &nbsp; El Ministerio de Educaci\u00f3n (Minerd) est\u00e1 a 22 d\u00edas del inicio oficial del curso escolar 2021-2022. Durante este per\u00edodo, la brecha acad\u00e9mica entre alumnos es mayor de lo habitual. Debido&#046;&#046;&#046;\" \/>\n<meta property=\"og:url\" content=\"https:\/\/noti-america.com\/site\/repdom\/2021\/08\/30\/entre-optimismo-rezagos-y-el-miedo-a-los-contagios-asi-sera-la-vuelta-a-las-aulas-4\/\" \/>\n<meta property=\"og:site_name\" content=\"Rep. Dominicana | Noti-America.com\" \/>\n<meta property=\"article:author\" content=\"https:\/\/www.facebook.com\/share\/1HVE1qCqVk\/?mibextid=wwXIfr\" \/>\n<meta property=\"article:published_time\" content=\"2021-08-30T13:48:37+00:00\" \/>\n<meta property=\"og:image\" content=\"https:\/\/noti-america.com\/site\/repdom\/wp-content\/uploads\/sites\/6\/2021\/08\/160421-la-educacion-en-tiempos-de-pandemia-eddy-vittini246_17128626_20210829153915.jpg\" \/>\n\t<meta property=\"og:image:width\" content=\"546\" \/>\n\t<meta property=\"og:image:height\" content=\"350\" \/>\n\t<meta property=\"og:image:type\" content=\"image\/jpeg\" \/>\n<meta name=\"author\" content=\"Miguel Ramirez\" \/>\n<meta name=\"twitter:card\" content=\"summary_large_image\" \/>\n<meta name=\"twitter:label1\" content=\"Escrito por\" \/>\n\t<meta name=\"twitter:data1\" content=\"Miguel Ramirez\" \/>\n\t<meta name=\"twitter:label2\" content=\"Tiempo estimado de lectura\" \/>\n\t<meta name=\"twitter:data2\" content=\"5 minutos\" \/>\n<script type=\"application\/ld+json\" class=\"yoast-schema-graph\">{\"@context\":\"https:\/\/schema.org\",\"@graph\":[{\"@type\":\"Article\",\"@id\":\"https:\/\/noti-america.com\/site\/repdom\/2021\/08\/30\/entre-optimismo-rezagos-y-el-miedo-a-los-contagios-asi-sera-la-vuelta-a-las-aulas-4\/#article\",\"isPartOf\":{\"@id\":\"https:\/\/noti-america.com\/site\/repdom\/2021\/08\/30\/entre-optimismo-rezagos-y-el-miedo-a-los-contagios-asi-sera-la-vuelta-a-las-aulas-4\/\"},\"author\":{\"name\":\"Miguel Ramirez\",\"@id\":\"https:\/\/noti-america.com\/site\/repdom\/#\/schema\/person\/8027db7d71a0328e6e4474fa188c6fb3\"},\"headline\":\"Entre optimismo, rezagos y el miedo a los contagios: as\u00ed ser\u00e1 la vuelta a las aulas\",\"datePublished\":\"2021-08-30T13:48:37+00:00\",\"mainEntityOfPage\":{\"@id\":\"https:\/\/noti-america.com\/site\/repdom\/2021\/08\/30\/entre-optimismo-rezagos-y-el-miedo-a-los-contagios-asi-sera-la-vuelta-a-las-aulas-4\/\"},\"wordCount\":1089,\"commentCount\":0,\"publisher\":{\"@id\":\"https:\/\/noti-america.com\/site\/repdom\/#organization\"},\"image\":{\"@id\":\"https:\/\/noti-america.com\/site\/repdom\/2021\/08\/30\/entre-optimismo-rezagos-y-el-miedo-a-los-contagios-asi-sera-la-vuelta-a-las-aulas-4\/#primaryimage\"},\"thumbnailUrl\":\"https:\/\/noti-america.com\/site\/repdom\/wp-content\/uploads\/sites\/6\/2021\/08\/160421-la-educacion-en-tiempos-de-pandemia-eddy-vittini246_17128626_20210829153915.jpg\",\"articleSection\":[\"Noticias\",\"Uncategorized\"],\"inLanguage\":\"es\",\"potentialAction\":[{\"@type\":\"CommentAction\",\"name\":\"Comment\",\"target\":[\"https:\/\/noti-america.com\/site\/repdom\/2021\/08\/30\/entre-optimismo-rezagos-y-el-miedo-a-los-contagios-asi-sera-la-vuelta-a-las-aulas-4\/#respond\"]}]},{\"@type\":\"WebPage\",\"@id\":\"https:\/\/noti-america.com\/site\/repdom\/2021\/08\/30\/entre-optimismo-rezagos-y-el-miedo-a-los-contagios-asi-sera-la-vuelta-a-las-aulas-4\/\",\"url\":\"https:\/\/noti-america.com\/site\/repdom\/2021\/08\/30\/entre-optimismo-rezagos-y-el-miedo-a-los-contagios-asi-sera-la-vuelta-a-las-aulas-4\/\",\"name\":\"Entre optimismo, rezagos y el miedo a los contagios: as\u00ed ser\u00e1 la vuelta a las aulas - Rep. Dominicana | Noti-America.com\",\"isPartOf\":{\"@id\":\"https:\/\/noti-america.com\/site\/repdom\/#website\"},\"primaryImageOfPage\":{\"@id\":\"https:\/\/noti-america.com\/site\/repdom\/2021\/08\/30\/entre-optimismo-rezagos-y-el-miedo-a-los-contagios-asi-sera-la-vuelta-a-las-aulas-4\/#primaryimage\"},\"image\":{\"@id\":\"https:\/\/noti-america.com\/site\/repdom\/2021\/08\/30\/entre-optimismo-rezagos-y-el-miedo-a-los-contagios-asi-sera-la-vuelta-a-las-aulas-4\/#primaryimage\"},\"thumbnailUrl\":\"https:\/\/noti-america.com\/site\/repdom\/wp-content\/uploads\/sites\/6\/2021\/08\/160421-la-educacion-en-tiempos-de-pandemia-eddy-vittini246_17128626_20210829153915.jpg\",\"datePublished\":\"2021-08-30T13:48:37+00:00\",\"breadcrumb\":{\"@id\":\"https:\/\/noti-america.com\/site\/repdom\/2021\/08\/30\/entre-optimismo-rezagos-y-el-miedo-a-los-contagios-asi-sera-la-vuelta-a-las-aulas-4\/#breadcrumb\"},\"inLanguage\":\"es\",\"potentialAction\":[{\"@type\":\"ReadAction\",\"target\":[\"https:\/\/noti-america.com\/site\/repdom\/2021\/08\/30\/entre-optimismo-rezagos-y-el-miedo-a-los-contagios-asi-sera-la-vuelta-a-las-aulas-4\/\"]}]},{\"@type\":\"ImageObject\",\"inLanguage\":\"es\",\"@id\":\"https:\/\/noti-america.com\/site\/repdom\/2021\/08\/30\/entre-optimismo-rezagos-y-el-miedo-a-los-contagios-asi-sera-la-vuelta-a-las-aulas-4\/#primaryimage\",\"url\":\"https:\/\/noti-america.com\/site\/repdom\/wp-content\/uploads\/sites\/6\/2021\/08\/160421-la-educacion-en-tiempos-de-pandemia-eddy-vittini246_17128626_20210829153915.jpg\",\"contentUrl\":\"https:\/\/noti-america.com\/site\/repdom\/wp-content\/uploads\/sites\/6\/2021\/08\/160421-la-educacion-en-tiempos-de-pandemia-eddy-vittini246_17128626_20210829153915.jpg\",\"width\":546,\"height\":350},{\"@type\":\"BreadcrumbList\",\"@id\":\"https:\/\/noti-america.com\/site\/repdom\/2021\/08\/30\/entre-optimismo-rezagos-y-el-miedo-a-los-contagios-asi-sera-la-vuelta-a-las-aulas-4\/#breadcrumb\",\"itemListElement\":[{\"@type\":\"ListItem\",\"position\":1,\"name\":\"Portada\",\"item\":\"https:\/\/noti-america.com\/site\/repdom\/\"},{\"@type\":\"ListItem\",\"position\":2,\"name\":\"Entre optimismo, rezagos y el miedo a los contagios: as\u00ed ser\u00e1 la vuelta a las aulas\"}]},{\"@type\":\"WebSite\",\"@id\":\"https:\/\/noti-america.com\/site\/repdom\/#website\",\"url\":\"https:\/\/noti-america.com\/site\/repdom\/\",\"name\":\"Rep. Dominicana | Noti-America.com\",\"description\":\"\",\"publisher\":{\"@id\":\"https:\/\/noti-america.com\/site\/repdom\/#organization\"},\"potentialAction\":[{\"@type\":\"SearchAction\",\"target\":{\"@type\":\"EntryPoint\",\"urlTemplate\":\"https:\/\/noti-america.com\/site\/repdom\/?s={search_term_string}\"},\"query-input\":{\"@type\":\"PropertyValueSpecification\",\"valueRequired\":true,\"valueName\":\"search_term_string\"}}],\"inLanguage\":\"es\"},{\"@type\":\"Organization\",\"@id\":\"https:\/\/noti-america.com\/site\/repdom\/#organization\",\"name\":\"Noti-America LLC | Rep\u00fablica Dominicana\",\"url\":\"https:\/\/noti-america.com\/site\/repdom\/\",\"logo\":{\"@type\":\"ImageObject\",\"inLanguage\":\"es\",\"@id\":\"https:\/\/noti-america.com\/site\/repdom\/#\/schema\/logo\/image\/\",\"url\":\"https:\/\/noti-america.com\/site\/repdom\/wp-content\/uploads\/sites\/6\/2020\/07\/LogoNA-4x3-1.jpg\",\"contentUrl\":\"https:\/\/noti-america.com\/site\/repdom\/wp-content\/uploads\/sites\/6\/2020\/07\/LogoNA-4x3-1.jpg\",\"width\":1236,\"height\":1080,\"caption\":\"Noti-America LLC | Rep\u00fablica Dominicana\"},\"image\":{\"@id\":\"https:\/\/noti-america.com\/site\/repdom\/#\/schema\/logo\/image\/\"}},{\"@type\":\"Person\",\"@id\":\"https:\/\/noti-america.com\/site\/repdom\/#\/schema\/person\/8027db7d71a0328e6e4474fa188c6fb3\",\"name\":\"Miguel Ramirez\",\"image\":{\"@type\":\"ImageObject\",\"inLanguage\":\"es\",\"@id\":\"https:\/\/secure.gravatar.com\/avatar\/41a78fb2cdab3e2dc5831d3591f1dab499ed0c22acc464195b09f37c2b3ac2cf?s=96&d=mm&r=g\",\"url\":\"https:\/\/secure.gravatar.com\/avatar\/41a78fb2cdab3e2dc5831d3591f1dab499ed0c22acc464195b09f37c2b3ac2cf?s=96&d=mm&r=g\",\"contentUrl\":\"https:\/\/secure.gravatar.com\/avatar\/41a78fb2cdab3e2dc5831d3591f1dab499ed0c22acc464195b09f37c2b3ac2cf?s=96&d=mm&r=g\",\"caption\":\"Miguel Ramirez\"},\"description\":\"Locutor y periodista digital y coach comunicaci\u00f3n\",\"sameAs\":[\"https:\/\/www.facebook.com\/share\/1HVE1qCqVk\/?mibextid=wwXIfr\"],\"url\":\"https:\/\/noti-america.com\/site\/repdom\/author\/mramirez\/\"}]}<\/script>\n<!-- \/ Yoast SEO Premium plugin. -->","yoast_head_json":{"title":"Entre optimismo, rezagos y el miedo a los contagios: as\u00ed ser\u00e1 la vuelta a las aulas - Rep. Dominicana | Noti-America.com","robots":{"index":"index","follow":"follow","max-snippet":"max-snippet:-1","max-image-preview":"max-image-preview:large","max-video-preview":"max-video-preview:-1"},"canonical":"https:\/\/noti-america.com\/site\/repdom\/2021\/08\/30\/entre-optimismo-rezagos-y-el-miedo-a-los-contagios-asi-sera-la-vuelta-a-las-aulas-4\/","og_locale":"es_ES","og_type":"article","og_title":"Entre optimismo, rezagos y el miedo a los contagios: as\u00ed ser\u00e1 la vuelta a las aulas","og_description":"Noti-America Republica Dominicana &nbsp; El Ministerio de Educaci\u00f3n (Minerd) est\u00e1 a 22 d\u00edas del inicio oficial del curso escolar 2021-2022. Durante este per\u00edodo, la brecha acad\u00e9mica entre alumnos es mayor de lo habitual. Debido&#46;&#46;&#46;","og_url":"https:\/\/noti-america.com\/site\/repdom\/2021\/08\/30\/entre-optimismo-rezagos-y-el-miedo-a-los-contagios-asi-sera-la-vuelta-a-las-aulas-4\/","og_site_name":"Rep. Dominicana | Noti-America.com","article_author":"https:\/\/www.facebook.com\/share\/1HVE1qCqVk\/?mibextid=wwXIfr","article_published_time":"2021-08-30T13:48:37+00:00","og_image":[{"width":546,"height":350,"url":"https:\/\/noti-america.com\/site\/repdom\/wp-content\/uploads\/sites\/6\/2021\/08\/160421-la-educacion-en-tiempos-de-pandemia-eddy-vittini246_17128626_20210829153915.jpg","type":"image\/jpeg"}],"author":"Miguel Ramirez","twitter_card":"summary_large_image","twitter_misc":{"Escrito por":"Miguel Ramirez","Tiempo estimado de lectura":"5 minutos"},"schema":{"@context":"https:\/\/schema.org","@graph":[{"@type":"Article","@id":"https:\/\/noti-america.com\/site\/repdom\/2021\/08\/30\/entre-optimismo-rezagos-y-el-miedo-a-los-contagios-asi-sera-la-vuelta-a-las-aulas-4\/#article","isPartOf":{"@id":"https:\/\/noti-america.com\/site\/repdom\/2021\/08\/30\/entre-optimismo-rezagos-y-el-miedo-a-los-contagios-asi-sera-la-vuelta-a-las-aulas-4\/"},"author":{"name":"Miguel Ramirez","@id":"https:\/\/noti-america.com\/site\/repdom\/#\/schema\/person\/8027db7d71a0328e6e4474fa188c6fb3"},"headline":"Entre optimismo, rezagos y el miedo a los contagios: as\u00ed ser\u00e1 la vuelta a las aulas","datePublished":"2021-08-30T13:48:37+00:00","mainEntityOfPage":{"@id":"https:\/\/noti-america.com\/site\/repdom\/2021\/08\/30\/entre-optimismo-rezagos-y-el-miedo-a-los-contagios-asi-sera-la-vuelta-a-las-aulas-4\/"},"wordCount":1089,"commentCount":0,"publisher":{"@id":"https:\/\/noti-america.com\/site\/repdom\/#organization"},"image":{"@id":"https:\/\/noti-america.com\/site\/repdom\/2021\/08\/30\/entre-optimismo-rezagos-y-el-miedo-a-los-contagios-asi-sera-la-vuelta-a-las-aulas-4\/#primaryimage"},"thumbnailUrl":"https:\/\/noti-america.com\/site\/repdom\/wp-content\/uploads\/sites\/6\/2021\/08\/160421-la-educacion-en-tiempos-de-pandemia-eddy-vittini246_17128626_20210829153915.jpg","articleSection":["Noticias","Uncategorized"],"inLanguage":"es","potentialAction":[{"@type":"CommentAction","name":"Comment","target":["https:\/\/noti-america.com\/site\/repdom\/2021\/08\/30\/entre-optimismo-rezagos-y-el-miedo-a-los-contagios-asi-sera-la-vuelta-a-las-aulas-4\/#respond"]}]},{"@type":"WebPage","@id":"https:\/\/noti-america.com\/site\/repdom\/2021\/08\/30\/entre-optimismo-rezagos-y-el-miedo-a-los-contagios-asi-sera-la-vuelta-a-las-aulas-4\/","url":"https:\/\/noti-america.com\/site\/repdom\/2021\/08\/30\/entre-optimismo-rezagos-y-el-miedo-a-los-contagios-asi-sera-la-vuelta-a-las-aulas-4\/","name":"Entre optimismo, rezagos y el miedo a los contagios: as\u00ed ser\u00e1 la vuelta a las aulas - Rep. Dominicana | Noti-America.com","isPartOf":{"@id":"https:\/\/noti-america.com\/site\/repdom\/#website"},"primaryImageOfPage":{"@id":"https:\/\/noti-america.com\/site\/repdom\/2021\/08\/30\/entre-optimismo-rezagos-y-el-miedo-a-los-contagios-asi-sera-la-vuelta-a-las-aulas-4\/#primaryimage"},"image":{"@id":"https:\/\/noti-america.com\/site\/repdom\/2021\/08\/30\/entre-optimismo-rezagos-y-el-miedo-a-los-contagios-asi-sera-la-vuelta-a-las-aulas-4\/#primaryimage"},"thumbnailUrl":"https:\/\/noti-america.com\/site\/repdom\/wp-content\/uploads\/sites\/6\/2021\/08\/160421-la-educacion-en-tiempos-de-pandemia-eddy-vittini246_17128626_20210829153915.jpg","datePublished":"2021-08-30T13:48:37+00:00","breadcrumb":{"@id":"https:\/\/noti-america.com\/site\/repdom\/2021\/08\/30\/entre-optimismo-rezagos-y-el-miedo-a-los-contagios-asi-sera-la-vuelta-a-las-aulas-4\/#breadcrumb"},"inLanguage":"es","potentialAction":[{"@type":"ReadAction","target":["https:\/\/noti-america.com\/site\/repdom\/2021\/08\/30\/entre-optimismo-rezagos-y-el-miedo-a-los-contagios-asi-sera-la-vuelta-a-las-aulas-4\/"]}]},{"@type":"ImageObject","inLanguage":"es","@id":"https:\/\/noti-america.com\/site\/repdom\/2021\/08\/30\/entre-optimismo-rezagos-y-el-miedo-a-los-contagios-asi-sera-la-vuelta-a-las-aulas-4\/#primaryimage","url":"https:\/\/noti-america.com\/site\/repdom\/wp-content\/uploads\/sites\/6\/2021\/08\/160421-la-educacion-en-tiempos-de-pandemia-eddy-vittini246_17128626_20210829153915.jpg","contentUrl":"https:\/\/noti-america.com\/site\/repdom\/wp-content\/uploads\/sites\/6\/2021\/08\/160421-la-educacion-en-tiempos-de-pandemia-eddy-vittini246_17128626_20210829153915.jpg","width":546,"height":350},{"@type":"BreadcrumbList","@id":"https:\/\/noti-america.com\/site\/repdom\/2021\/08\/30\/entre-optimismo-rezagos-y-el-miedo-a-los-contagios-asi-sera-la-vuelta-a-las-aulas-4\/#breadcrumb","itemListElement":[{"@type":"ListItem","position":1,"name":"Portada","item":"https:\/\/noti-america.com\/site\/repdom\/"},{"@type":"ListItem","position":2,"name":"Entre optimismo, rezagos y el miedo a los contagios: as\u00ed ser\u00e1 la vuelta a las aulas"}]},{"@type":"WebSite","@id":"https:\/\/noti-america.com\/site\/repdom\/#website","url":"https:\/\/noti-america.com\/site\/repdom\/","name":"Rep. Dominicana | Noti-America.com","description":"","publisher":{"@id":"https:\/\/noti-america.com\/site\/repdom\/#organization"},"potentialAction":[{"@type":"SearchAction","target":{"@type":"EntryPoint","urlTemplate":"https:\/\/noti-america.com\/site\/repdom\/?s={search_term_string}"},"query-input":{"@type":"PropertyValueSpecification","valueRequired":true,"valueName":"search_term_string"}}],"inLanguage":"es"},{"@type":"Organization","@id":"https:\/\/noti-america.com\/site\/repdom\/#organization","name":"Noti-America LLC | Rep\u00fablica Dominicana","url":"https:\/\/noti-america.com\/site\/repdom\/","logo":{"@type":"ImageObject","inLanguage":"es","@id":"https:\/\/noti-america.com\/site\/repdom\/#\/schema\/logo\/image\/","url":"https:\/\/noti-america.com\/site\/repdom\/wp-content\/uploads\/sites\/6\/2020\/07\/LogoNA-4x3-1.jpg","contentUrl":"https:\/\/noti-america.com\/site\/repdom\/wp-content\/uploads\/sites\/6\/2020\/07\/LogoNA-4x3-1.jpg","width":1236,"height":1080,"caption":"Noti-America LLC | Rep\u00fablica Dominicana"},"image":{"@id":"https:\/\/noti-america.com\/site\/repdom\/#\/schema\/logo\/image\/"}},{"@type":"Person","@id":"https:\/\/noti-america.com\/site\/repdom\/#\/schema\/person\/8027db7d71a0328e6e4474fa188c6fb3","name":"Miguel Ramirez","image":{"@type":"ImageObject","inLanguage":"es","@id":"https:\/\/secure.gravatar.com\/avatar\/41a78fb2cdab3e2dc5831d3591f1dab499ed0c22acc464195b09f37c2b3ac2cf?s=96&d=mm&r=g","url":"https:\/\/secure.gravatar.com\/avatar\/41a78fb2cdab3e2dc5831d3591f1dab499ed0c22acc464195b09f37c2b3ac2cf?s=96&d=mm&r=g","contentUrl":"https:\/\/secure.gravatar.com\/avatar\/41a78fb2cdab3e2dc5831d3591f1dab499ed0c22acc464195b09f37c2b3ac2cf?s=96&d=mm&r=g","caption":"Miguel Ramirez"},"description":"Locutor y periodista digital y coach comunicaci\u00f3n","sameAs":["https:\/\/www.facebook.com\/share\/1HVE1qCqVk\/?mibextid=wwXIfr"],"url":"https:\/\/noti-america.com\/site\/repdom\/author\/mramirez\/"}]}},"_links":{"self":[{"href":"https:\/\/noti-america.com\/site\/repdom\/wp-json\/wp\/v2\/posts\/12744","targetHints":{"allow":["GET"]}}],"collection":[{"href":"https:\/\/noti-america.com\/site\/repdom\/wp-json\/wp\/v2\/posts"}],"about":[{"href":"https:\/\/noti-america.com\/site\/repdom\/wp-json\/wp\/v2\/types\/post"}],"author":[{"embeddable":true,"href":"https:\/\/noti-america.com\/site\/repdom\/wp-json\/wp\/v2\/users\/96"}],"replies":[{"embeddable":true,"href":"https:\/\/noti-america.com\/site\/repdom\/wp-json\/wp\/v2\/comments?post=12744"}],"version-history":[{"count":0,"href":"https:\/\/noti-america.com\/site\/repdom\/wp-json\/wp\/v2\/posts\/12744\/revisions"}],"wp:featuredmedia":[{"embeddable":true,"href":"https:\/\/noti-america.com\/site\/repdom\/wp-json\/wp\/v2\/media\/12741"}],"wp:attachment":[{"href":"https:\/\/noti-america.com\/site\/repdom\/wp-json\/wp\/v2\/media?parent=12744"}],"wp:term":[{"taxonomy":"category","embeddable":true,"href":"https:\/\/noti-america.com\/site\/repdom\/wp-json\/wp\/v2\/categories?post=12744"},{"taxonomy":"post_tag","embeddable":true,"href":"https:\/\/noti-america.com\/site\/repdom\/wp-json\/wp\/v2\/tags?post=12744"}],"curies":[{"name":"wp","href":"https:\/\/api.w.org\/{rel}","templated":true}]}}