{"id":12580,"date":"2021-08-24T17:56:28","date_gmt":"2021-08-24T17:56:28","guid":{"rendered":"https:\/\/noti-america.com\/site\/repdom\/?p=12580"},"modified":"2021-08-24T17:56:28","modified_gmt":"2021-08-24T17:56:28","slug":"indios-de-san-francisco-reciben-a-nehemias-morillo-desde-metros","status":"publish","type":"post","link":"https:\/\/noti-america.com\/site\/repdom\/2021\/08\/24\/indios-de-san-francisco-reciben-a-nehemias-morillo-desde-metros\/","title":{"rendered":"Indios de San Francisco reciben a Nehem\u00edas Morillo desde Metros"},"content":{"rendered":"<p style=\"text-align: justify\">SAN FRANCISCO DE MACOR\u00cdS &#8211; Los Indios de San Francisco consiguieron al jugador dominicano Nehem\u00edas Morillo en un cambio desde los Metros de Santiago y ya se encuentra en la ciudad del Jaya.<\/p>\n<p style=\"text-align: justify\">Morillo es un guard de 29 a\u00f1os de edad y 6\u20196\u2019\u2019 de estatura con gran capacidad ofensiva que estar\u00e1 disponible en el roster desde ma\u00f1ana.<\/p>\n<p style=\"text-align: justify\"><strong>Inici\u00f3 la temporada con los Metros<\/strong><\/p>\n<p style=\"text-align: justify\">El nuevo jugador de Indios de San Francisco inici\u00f3 la temporada con el equipo de Metros de Santiago, donde particip\u00f3 de los primeros seis juegos terminando con 3.5 puntos por juegos, y tirando para 27% desde el campo y 17% desde la l\u00ednea de tres en 18 minutos por encuentro.<\/p>\n<p style=\"text-align: justify\">Los Metros enviaron a Morillo los Indios a cambio de la primera selecci\u00f3n del draft del 2022 (conseguida desde Soles en el cambio de Gerardo) y un jugador a ser nombrado m\u00e1s tarde.<\/p>\n<p style=\"text-align: justify\"><strong>Con los Soles en el 2019<\/strong><\/p>\n<p style=\"text-align: justify\">En la temporada del 2019, Morillo jug\u00f3 en calidad de pr\u00e9stamo con los Soles de Santo Domingo Este, donde particip\u00f3 en los 15 partidos de la serie regular.<\/p>\n<p style=\"text-align: justify\">El guard fue pieza importante para los Soles con promedio de 12.5 puntos, 2.7 asistencias y 2.3 rebotes por juegos, adem\u00e1s de tirar para 50% desde el campo, 39% desde la l\u00ednea de tres y 75% de tiros libres.<\/p>\n<p style=\"text-align: justify\"><strong>Se integr\u00f3 hoy a las pr\u00e1cticas y debutar\u00e1 ma\u00f1ana vs Leones<\/strong><\/p>\n<p style=\"text-align: justify\">El jugador ya practic\u00f3 en la ma\u00f1ana de hoy con el resto de los jugadores de los Indios en el techado Mario Ortega.<\/p>\n<p style=\"text-align: justify\">Su debut con el club se producir\u00e1 ma\u00f1ana cuando el equipo viaje a Santo Domingo para enfrentarse a los Leones en el Virgilio Travieso Soto.<\/p>\n<p style=\"text-align: justify\"><strong>Fuente: Prensa Indios de San Francisco<\/strong><\/p>\n","protected":false},"excerpt":{"rendered":"<p>SAN FRANCISCO DE MACOR\u00cdS &#8211; Los Indios de San Francisco consiguieron al jugador dominicano Nehem\u00edas Morillo en un cambio desde los Metros de Santiago y ya se encuentra en la ciudad del Jaya. Morillo&#46;&#46;&#46;<\/p>\n","protected":false},"author":89,"featured_media":12581,"comment_status":"open","ping_status":"open","sticky":false,"template":"","format":"standard","meta":{"_acf_changed":false,"rop_custom_images_group":[],"rop_custom_messages_group":[],"rop_publish_now":"initial","rop_publish_now_accounts":[],"rop_publish_now_history":[],"rop_publish_now_status":"pending","footnotes":""},"categories":[16],"tags":[212,1378,1244,1412,1554],"class_list":["post-12580","post","type-post","status-publish","format-standard","has-post-thumbnail","hentry","category-deportes","tag-baloncesto-dominicano","tag-indios-de-san-francisco","tag-liga-nacional-de-baloncesto","tag-lnb-2021","tag-nehemias-morillo"],"acf":[],"yoast_head":"<!-- This site is optimized with the Yoast SEO Premium plugin v24.9 (Yoast SEO v27.2) - https:\/\/yoast.com\/product\/yoast-seo-premium-wordpress\/ -->\n<title>Indios de San Francisco reciben a Nehem\u00edas Morillo desde Metros - Rep. Dominicana | Noti-America.com<\/title>\n<meta name=\"robots\" content=\"index, follow, max-snippet:-1, max-image-preview:large, max-video-preview:-1\" \/>\n<link rel=\"canonical\" href=\"https:\/\/noti-america.com\/site\/repdom\/2021\/08\/24\/indios-de-san-francisco-reciben-a-nehemias-morillo-desde-metros\/\" \/>\n<meta property=\"og:locale\" content=\"es_ES\" \/>\n<meta property=\"og:type\" content=\"article\" \/>\n<meta property=\"og:title\" content=\"Indios de San Francisco reciben a Nehem\u00edas Morillo desde Metros\" \/>\n<meta property=\"og:description\" content=\"SAN FRANCISCO DE MACOR\u00cdS &#8211; Los Indios de San Francisco consiguieron al jugador dominicano Nehem\u00edas Morillo en un cambio desde los Metros de Santiago y ya se encuentra en la ciudad del Jaya. Morillo&#046;&#046;&#046;\" \/>\n<meta property=\"og:url\" content=\"https:\/\/noti-america.com\/site\/repdom\/2021\/08\/24\/indios-de-san-francisco-reciben-a-nehemias-morillo-desde-metros\/\" \/>\n<meta property=\"og:site_name\" content=\"Rep. Dominicana | Noti-America.com\" \/>\n<meta property=\"article:published_time\" content=\"2021-08-24T17:56:28+00:00\" \/>\n<meta property=\"og:image\" content=\"https:\/\/noti-america.com\/site\/repdom\/wp-content\/uploads\/sites\/6\/2021\/08\/Nehemias-Morillo.jpg\" \/>\n\t<meta property=\"og:image:width\" content=\"1280\" \/>\n\t<meta property=\"og:image:height\" content=\"855\" \/>\n\t<meta property=\"og:image:type\" content=\"image\/jpeg\" \/>\n<meta name=\"author\" content=\"Ad\u00e1n Soriano\" \/>\n<meta name=\"twitter:card\" content=\"summary_large_image\" \/>\n<meta name=\"twitter:creator\" content=\"@adansoriano\" \/>\n<meta name=\"twitter:label1\" content=\"Escrito por\" \/>\n\t<meta name=\"twitter:data1\" content=\"Ad\u00e1n Soriano\" \/>\n\t<meta name=\"twitter:label2\" content=\"Tiempo estimado de lectura\" \/>\n\t<meta name=\"twitter:data2\" content=\"1 minuto\" \/>\n<script type=\"application\/ld+json\" class=\"yoast-schema-graph\">{\"@context\":\"https:\/\/schema.org\",\"@graph\":[{\"@type\":\"Article\",\"@id\":\"https:\/\/noti-america.com\/site\/repdom\/2021\/08\/24\/indios-de-san-francisco-reciben-a-nehemias-morillo-desde-metros\/#article\",\"isPartOf\":{\"@id\":\"https:\/\/noti-america.com\/site\/repdom\/2021\/08\/24\/indios-de-san-francisco-reciben-a-nehemias-morillo-desde-metros\/\"},\"author\":{\"name\":\"Ad\u00e1n Soriano\",\"@id\":\"https:\/\/noti-america.com\/site\/repdom\/#\/schema\/person\/fd0092c1530d275fabaa5cffcbc2b976\"},\"headline\":\"Indios de San Francisco reciben a Nehem\u00edas Morillo desde Metros\",\"datePublished\":\"2021-08-24T17:56:28+00:00\",\"mainEntityOfPage\":{\"@id\":\"https:\/\/noti-america.com\/site\/repdom\/2021\/08\/24\/indios-de-san-francisco-reciben-a-nehemias-morillo-desde-metros\/\"},\"wordCount\":294,\"commentCount\":0,\"publisher\":{\"@id\":\"https:\/\/noti-america.com\/site\/repdom\/#organization\"},\"image\":{\"@id\":\"https:\/\/noti-america.com\/site\/repdom\/2021\/08\/24\/indios-de-san-francisco-reciben-a-nehemias-morillo-desde-metros\/#primaryimage\"},\"thumbnailUrl\":\"https:\/\/noti-america.com\/site\/repdom\/wp-content\/uploads\/sites\/6\/2021\/08\/Nehemias-Morillo.jpg\",\"keywords\":[\"Baloncesto Dominicano\",\"Indios de San Francisco\",\"Liga Nacional de Baloncesto\",\"LNB 2021\",\"Nehem\u00edas Morillo\"],\"articleSection\":[\"Deportes\"],\"inLanguage\":\"es\",\"potentialAction\":[{\"@type\":\"CommentAction\",\"name\":\"Comment\",\"target\":[\"https:\/\/noti-america.com\/site\/repdom\/2021\/08\/24\/indios-de-san-francisco-reciben-a-nehemias-morillo-desde-metros\/#respond\"]}]},{\"@type\":\"WebPage\",\"@id\":\"https:\/\/noti-america.com\/site\/repdom\/2021\/08\/24\/indios-de-san-francisco-reciben-a-nehemias-morillo-desde-metros\/\",\"url\":\"https:\/\/noti-america.com\/site\/repdom\/2021\/08\/24\/indios-de-san-francisco-reciben-a-nehemias-morillo-desde-metros\/\",\"name\":\"Indios de San Francisco reciben a Nehem\u00edas Morillo desde Metros - Rep. Dominicana | Noti-America.com\",\"isPartOf\":{\"@id\":\"https:\/\/noti-america.com\/site\/repdom\/#website\"},\"primaryImageOfPage\":{\"@id\":\"https:\/\/noti-america.com\/site\/repdom\/2021\/08\/24\/indios-de-san-francisco-reciben-a-nehemias-morillo-desde-metros\/#primaryimage\"},\"image\":{\"@id\":\"https:\/\/noti-america.com\/site\/repdom\/2021\/08\/24\/indios-de-san-francisco-reciben-a-nehemias-morillo-desde-metros\/#primaryimage\"},\"thumbnailUrl\":\"https:\/\/noti-america.com\/site\/repdom\/wp-content\/uploads\/sites\/6\/2021\/08\/Nehemias-Morillo.jpg\",\"datePublished\":\"2021-08-24T17:56:28+00:00\",\"breadcrumb\":{\"@id\":\"https:\/\/noti-america.com\/site\/repdom\/2021\/08\/24\/indios-de-san-francisco-reciben-a-nehemias-morillo-desde-metros\/#breadcrumb\"},\"inLanguage\":\"es\",\"potentialAction\":[{\"@type\":\"ReadAction\",\"target\":[\"https:\/\/noti-america.com\/site\/repdom\/2021\/08\/24\/indios-de-san-francisco-reciben-a-nehemias-morillo-desde-metros\/\"]}]},{\"@type\":\"ImageObject\",\"inLanguage\":\"es\",\"@id\":\"https:\/\/noti-america.com\/site\/repdom\/2021\/08\/24\/indios-de-san-francisco-reciben-a-nehemias-morillo-desde-metros\/#primaryimage\",\"url\":\"https:\/\/noti-america.com\/site\/repdom\/wp-content\/uploads\/sites\/6\/2021\/08\/Nehemias-Morillo.jpg\",\"contentUrl\":\"https:\/\/noti-america.com\/site\/repdom\/wp-content\/uploads\/sites\/6\/2021\/08\/Nehemias-Morillo.jpg\",\"width\":1280,\"height\":855},{\"@type\":\"BreadcrumbList\",\"@id\":\"https:\/\/noti-america.com\/site\/repdom\/2021\/08\/24\/indios-de-san-francisco-reciben-a-nehemias-morillo-desde-metros\/#breadcrumb\",\"itemListElement\":[{\"@type\":\"ListItem\",\"position\":1,\"name\":\"Portada\",\"item\":\"https:\/\/noti-america.com\/site\/repdom\/\"},{\"@type\":\"ListItem\",\"position\":2,\"name\":\"Indios de San Francisco reciben a Nehem\u00edas Morillo desde Metros\"}]},{\"@type\":\"WebSite\",\"@id\":\"https:\/\/noti-america.com\/site\/repdom\/#website\",\"url\":\"https:\/\/noti-america.com\/site\/repdom\/\",\"name\":\"Rep. Dominicana | Noti-America.com\",\"description\":\"\",\"publisher\":{\"@id\":\"https:\/\/noti-america.com\/site\/repdom\/#organization\"},\"potentialAction\":[{\"@type\":\"SearchAction\",\"target\":{\"@type\":\"EntryPoint\",\"urlTemplate\":\"https:\/\/noti-america.com\/site\/repdom\/?s={search_term_string}\"},\"query-input\":{\"@type\":\"PropertyValueSpecification\",\"valueRequired\":true,\"valueName\":\"search_term_string\"}}],\"inLanguage\":\"es\"},{\"@type\":\"Organization\",\"@id\":\"https:\/\/noti-america.com\/site\/repdom\/#organization\",\"name\":\"Noti-America LLC | Rep\u00fablica Dominicana\",\"url\":\"https:\/\/noti-america.com\/site\/repdom\/\",\"logo\":{\"@type\":\"ImageObject\",\"inLanguage\":\"es\",\"@id\":\"https:\/\/noti-america.com\/site\/repdom\/#\/schema\/logo\/image\/\",\"url\":\"https:\/\/noti-america.com\/site\/repdom\/wp-content\/uploads\/sites\/6\/2020\/07\/LogoNA-4x3-1.jpg\",\"contentUrl\":\"https:\/\/noti-america.com\/site\/repdom\/wp-content\/uploads\/sites\/6\/2020\/07\/LogoNA-4x3-1.jpg\",\"width\":1236,\"height\":1080,\"caption\":\"Noti-America LLC | Rep\u00fablica Dominicana\"},\"image\":{\"@id\":\"https:\/\/noti-america.com\/site\/repdom\/#\/schema\/logo\/image\/\"}},{\"@type\":\"Person\",\"@id\":\"https:\/\/noti-america.com\/site\/repdom\/#\/schema\/person\/fd0092c1530d275fabaa5cffcbc2b976\",\"name\":\"Ad\u00e1n Soriano\",\"image\":{\"@type\":\"ImageObject\",\"inLanguage\":\"es\",\"@id\":\"https:\/\/secure.gravatar.com\/avatar\/ecf97ff3aee7ff9efdae670d7e976f3e7e8acc1077e510d73707999a8bfd4467?s=96&d=mm&r=g\",\"url\":\"https:\/\/secure.gravatar.com\/avatar\/ecf97ff3aee7ff9efdae670d7e976f3e7e8acc1077e510d73707999a8bfd4467?s=96&d=mm&r=g\",\"contentUrl\":\"https:\/\/secure.gravatar.com\/avatar\/ecf97ff3aee7ff9efdae670d7e976f3e7e8acc1077e510d73707999a8bfd4467?s=96&d=mm&r=g\",\"caption\":\"Ad\u00e1n Soriano\"},\"description\":\"Soy cronista deportivo con 10 a\u00f1os de experiencia en varios espacios, y conduzco el podcast deportivo llamado Mezcla Deportiva\",\"sameAs\":[\"https:\/\/x.com\/adansoriano\"],\"url\":\"https:\/\/noti-america.com\/site\/repdom\/author\/asoriano\/\"}]}<\/script>\n<!-- \/ Yoast SEO Premium plugin. -->","yoast_head_json":{"title":"Indios de San Francisco reciben a Nehem\u00edas Morillo desde Metros - Rep. Dominicana | Noti-America.com","robots":{"index":"index","follow":"follow","max-snippet":"max-snippet:-1","max-image-preview":"max-image-preview:large","max-video-preview":"max-video-preview:-1"},"canonical":"https:\/\/noti-america.com\/site\/repdom\/2021\/08\/24\/indios-de-san-francisco-reciben-a-nehemias-morillo-desde-metros\/","og_locale":"es_ES","og_type":"article","og_title":"Indios de San Francisco reciben a Nehem\u00edas Morillo desde Metros","og_description":"SAN FRANCISCO DE MACOR\u00cdS &#8211; Los Indios de San Francisco consiguieron al jugador dominicano Nehem\u00edas Morillo en un cambio desde los Metros de Santiago y ya se encuentra en la ciudad del Jaya. Morillo&#46;&#46;&#46;","og_url":"https:\/\/noti-america.com\/site\/repdom\/2021\/08\/24\/indios-de-san-francisco-reciben-a-nehemias-morillo-desde-metros\/","og_site_name":"Rep. Dominicana | Noti-America.com","article_published_time":"2021-08-24T17:56:28+00:00","og_image":[{"width":1280,"height":855,"url":"https:\/\/noti-america.com\/site\/repdom\/wp-content\/uploads\/sites\/6\/2021\/08\/Nehemias-Morillo.jpg","type":"image\/jpeg"}],"author":"Ad\u00e1n Soriano","twitter_card":"summary_large_image","twitter_creator":"@adansoriano","twitter_misc":{"Escrito por":"Ad\u00e1n Soriano","Tiempo estimado de lectura":"1 minuto"},"schema":{"@context":"https:\/\/schema.org","@graph":[{"@type":"Article","@id":"https:\/\/noti-america.com\/site\/repdom\/2021\/08\/24\/indios-de-san-francisco-reciben-a-nehemias-morillo-desde-metros\/#article","isPartOf":{"@id":"https:\/\/noti-america.com\/site\/repdom\/2021\/08\/24\/indios-de-san-francisco-reciben-a-nehemias-morillo-desde-metros\/"},"author":{"name":"Ad\u00e1n Soriano","@id":"https:\/\/noti-america.com\/site\/repdom\/#\/schema\/person\/fd0092c1530d275fabaa5cffcbc2b976"},"headline":"Indios de San Francisco reciben a Nehem\u00edas Morillo desde Metros","datePublished":"2021-08-24T17:56:28+00:00","mainEntityOfPage":{"@id":"https:\/\/noti-america.com\/site\/repdom\/2021\/08\/24\/indios-de-san-francisco-reciben-a-nehemias-morillo-desde-metros\/"},"wordCount":294,"commentCount":0,"publisher":{"@id":"https:\/\/noti-america.com\/site\/repdom\/#organization"},"image":{"@id":"https:\/\/noti-america.com\/site\/repdom\/2021\/08\/24\/indios-de-san-francisco-reciben-a-nehemias-morillo-desde-metros\/#primaryimage"},"thumbnailUrl":"https:\/\/noti-america.com\/site\/repdom\/wp-content\/uploads\/sites\/6\/2021\/08\/Nehemias-Morillo.jpg","keywords":["Baloncesto Dominicano","Indios de San Francisco","Liga Nacional de Baloncesto","LNB 2021","Nehem\u00edas Morillo"],"articleSection":["Deportes"],"inLanguage":"es","potentialAction":[{"@type":"CommentAction","name":"Comment","target":["https:\/\/noti-america.com\/site\/repdom\/2021\/08\/24\/indios-de-san-francisco-reciben-a-nehemias-morillo-desde-metros\/#respond"]}]},{"@type":"WebPage","@id":"https:\/\/noti-america.com\/site\/repdom\/2021\/08\/24\/indios-de-san-francisco-reciben-a-nehemias-morillo-desde-metros\/","url":"https:\/\/noti-america.com\/site\/repdom\/2021\/08\/24\/indios-de-san-francisco-reciben-a-nehemias-morillo-desde-metros\/","name":"Indios de San Francisco reciben a Nehem\u00edas Morillo desde Metros - Rep. Dominicana | Noti-America.com","isPartOf":{"@id":"https:\/\/noti-america.com\/site\/repdom\/#website"},"primaryImageOfPage":{"@id":"https:\/\/noti-america.com\/site\/repdom\/2021\/08\/24\/indios-de-san-francisco-reciben-a-nehemias-morillo-desde-metros\/#primaryimage"},"image":{"@id":"https:\/\/noti-america.com\/site\/repdom\/2021\/08\/24\/indios-de-san-francisco-reciben-a-nehemias-morillo-desde-metros\/#primaryimage"},"thumbnailUrl":"https:\/\/noti-america.com\/site\/repdom\/wp-content\/uploads\/sites\/6\/2021\/08\/Nehemias-Morillo.jpg","datePublished":"2021-08-24T17:56:28+00:00","breadcrumb":{"@id":"https:\/\/noti-america.com\/site\/repdom\/2021\/08\/24\/indios-de-san-francisco-reciben-a-nehemias-morillo-desde-metros\/#breadcrumb"},"inLanguage":"es","potentialAction":[{"@type":"ReadAction","target":["https:\/\/noti-america.com\/site\/repdom\/2021\/08\/24\/indios-de-san-francisco-reciben-a-nehemias-morillo-desde-metros\/"]}]},{"@type":"ImageObject","inLanguage":"es","@id":"https:\/\/noti-america.com\/site\/repdom\/2021\/08\/24\/indios-de-san-francisco-reciben-a-nehemias-morillo-desde-metros\/#primaryimage","url":"https:\/\/noti-america.com\/site\/repdom\/wp-content\/uploads\/sites\/6\/2021\/08\/Nehemias-Morillo.jpg","contentUrl":"https:\/\/noti-america.com\/site\/repdom\/wp-content\/uploads\/sites\/6\/2021\/08\/Nehemias-Morillo.jpg","width":1280,"height":855},{"@type":"BreadcrumbList","@id":"https:\/\/noti-america.com\/site\/repdom\/2021\/08\/24\/indios-de-san-francisco-reciben-a-nehemias-morillo-desde-metros\/#breadcrumb","itemListElement":[{"@type":"ListItem","position":1,"name":"Portada","item":"https:\/\/noti-america.com\/site\/repdom\/"},{"@type":"ListItem","position":2,"name":"Indios de San Francisco reciben a Nehem\u00edas Morillo desde Metros"}]},{"@type":"WebSite","@id":"https:\/\/noti-america.com\/site\/repdom\/#website","url":"https:\/\/noti-america.com\/site\/repdom\/","name":"Rep. Dominicana | Noti-America.com","description":"","publisher":{"@id":"https:\/\/noti-america.com\/site\/repdom\/#organization"},"potentialAction":[{"@type":"SearchAction","target":{"@type":"EntryPoint","urlTemplate":"https:\/\/noti-america.com\/site\/repdom\/?s={search_term_string}"},"query-input":{"@type":"PropertyValueSpecification","valueRequired":true,"valueName":"search_term_string"}}],"inLanguage":"es"},{"@type":"Organization","@id":"https:\/\/noti-america.com\/site\/repdom\/#organization","name":"Noti-America LLC | Rep\u00fablica Dominicana","url":"https:\/\/noti-america.com\/site\/repdom\/","logo":{"@type":"ImageObject","inLanguage":"es","@id":"https:\/\/noti-america.com\/site\/repdom\/#\/schema\/logo\/image\/","url":"https:\/\/noti-america.com\/site\/repdom\/wp-content\/uploads\/sites\/6\/2020\/07\/LogoNA-4x3-1.jpg","contentUrl":"https:\/\/noti-america.com\/site\/repdom\/wp-content\/uploads\/sites\/6\/2020\/07\/LogoNA-4x3-1.jpg","width":1236,"height":1080,"caption":"Noti-America LLC | Rep\u00fablica Dominicana"},"image":{"@id":"https:\/\/noti-america.com\/site\/repdom\/#\/schema\/logo\/image\/"}},{"@type":"Person","@id":"https:\/\/noti-america.com\/site\/repdom\/#\/schema\/person\/fd0092c1530d275fabaa5cffcbc2b976","name":"Ad\u00e1n Soriano","image":{"@type":"ImageObject","inLanguage":"es","@id":"https:\/\/secure.gravatar.com\/avatar\/ecf97ff3aee7ff9efdae670d7e976f3e7e8acc1077e510d73707999a8bfd4467?s=96&d=mm&r=g","url":"https:\/\/secure.gravatar.com\/avatar\/ecf97ff3aee7ff9efdae670d7e976f3e7e8acc1077e510d73707999a8bfd4467?s=96&d=mm&r=g","contentUrl":"https:\/\/secure.gravatar.com\/avatar\/ecf97ff3aee7ff9efdae670d7e976f3e7e8acc1077e510d73707999a8bfd4467?s=96&d=mm&r=g","caption":"Ad\u00e1n Soriano"},"description":"Soy cronista deportivo con 10 a\u00f1os de experiencia en varios espacios, y conduzco el podcast deportivo llamado Mezcla Deportiva","sameAs":["https:\/\/x.com\/adansoriano"],"url":"https:\/\/noti-america.com\/site\/repdom\/author\/asoriano\/"}]}},"_links":{"self":[{"href":"https:\/\/noti-america.com\/site\/repdom\/wp-json\/wp\/v2\/posts\/12580","targetHints":{"allow":["GET"]}}],"collection":[{"href":"https:\/\/noti-america.com\/site\/repdom\/wp-json\/wp\/v2\/posts"}],"about":[{"href":"https:\/\/noti-america.com\/site\/repdom\/wp-json\/wp\/v2\/types\/post"}],"author":[{"embeddable":true,"href":"https:\/\/noti-america.com\/site\/repdom\/wp-json\/wp\/v2\/users\/89"}],"replies":[{"embeddable":true,"href":"https:\/\/noti-america.com\/site\/repdom\/wp-json\/wp\/v2\/comments?post=12580"}],"version-history":[{"count":1,"href":"https:\/\/noti-america.com\/site\/repdom\/wp-json\/wp\/v2\/posts\/12580\/revisions"}],"predecessor-version":[{"id":12582,"href":"https:\/\/noti-america.com\/site\/repdom\/wp-json\/wp\/v2\/posts\/12580\/revisions\/12582"}],"wp:featuredmedia":[{"embeddable":true,"href":"https:\/\/noti-america.com\/site\/repdom\/wp-json\/wp\/v2\/media\/12581"}],"wp:attachment":[{"href":"https:\/\/noti-america.com\/site\/repdom\/wp-json\/wp\/v2\/media?parent=12580"}],"wp:term":[{"taxonomy":"category","embeddable":true,"href":"https:\/\/noti-america.com\/site\/repdom\/wp-json\/wp\/v2\/categories?post=12580"},{"taxonomy":"post_tag","embeddable":true,"href":"https:\/\/noti-america.com\/site\/repdom\/wp-json\/wp\/v2\/tags?post=12580"}],"curies":[{"name":"wp","href":"https:\/\/api.w.org\/{rel}","templated":true}]}}