{"id":12567,"date":"2021-08-24T03:38:54","date_gmt":"2021-08-24T03:38:54","guid":{"rendered":"https:\/\/noti-america.com\/site\/repdom\/?p=12567"},"modified":"2021-08-24T03:38:54","modified_gmt":"2021-08-24T03:38:54","slug":"club-san-sebastian-asegura-estar-listo-para-la-liga-nacional-de-desarrollo-u-22","status":"publish","type":"post","link":"https:\/\/noti-america.com\/site\/repdom\/2021\/08\/24\/club-san-sebastian-asegura-estar-listo-para-la-liga-nacional-de-desarrollo-u-22\/","title":{"rendered":"Club San Sebasti\u00e1n asegura estar listo para la Liga Nacional de Desarrollo U-22"},"content":{"rendered":"<blockquote class=\"twitter-tweet\" data-width=\"500\" data-dnt=\"true\">\n<p lang=\"es\" dir=\"ltr\">El Club San Sebasti\u00e1n asegura estar listo para la Liga Nacional de Desarrollo U-22 (video cortes\u00eda de Jos\u00e9 Luis Paulino) <a href=\"https:\/\/t.co\/efpgMMkL22\">pic.twitter.com\/efpgMMkL22<\/a><\/p>\n<p>&mdash; Mezcla Deportiva (@mezcladeportiva) <a href=\"https:\/\/twitter.com\/mezcladeportiva\/status\/1430006070488047617?ref_src=twsrc%5Etfw\">August 24, 2021<\/a><\/p><\/blockquote>\n<p><script async src=\"https:\/\/platform.twitter.com\/widgets.js\" charset=\"utf-8\"><\/script><\/p>\n<p class=\"x_gmail-MsoNoSpacing\" style=\"text-align: justify\">MOCA &#8211; Con un gran entusiasmo y grandes expectativas el Club San Sebasti\u00e1n, anunci\u00f3 en su rueda de prensa que ya est\u00e1n listos para arrancar la Liga Nacional de Desarrollo U-22, torneo que ser\u00e1 dedicado a Rafael (Fey) Duquela, primer \u00e1rbitro con licencia internacional del pa\u00eds.<\/p>\n<p class=\"x_gmail-MsoNoSpacing\" style=\"text-align: justify\">El presidente del Imperio Rojo, el Ingeniero Jos\u00e9 Ramon Pe\u00f1a, en las palabras de bienvenida, destac\u00f3 que tienen un ambicioso\u00a0<span class=\"x_gmail-css-901oao\">proyecto con j\u00f3venes de mucho talento de la provincia Espaillat y otros jugadores fichados de la zona Norte.<\/span><\/p>\n<p class=\"x_gmail-MsoNoSpacing\" style=\"text-align: justify\">\u201cYa estamos preparados f\u00edsica y mentalmente para salir a realizar nuestro trabajo\u201d, agreg\u00f3. \u201cSabemos que el torneo es corto porque son cinco juegos en la casa y cinco en la ruta\u201d, a\u00f1adi\u00f3.<\/p>\n<p class=\"x_gmail-MsoNoSpacing\" style=\"text-align: justify\">La justa que organiza la Federaci\u00f3n Dominicana de Baloncesto (FEDOMBAL), arranca el primero de septiembre, tendr\u00e1 una gala de inauguraci\u00f3n y dos d\u00edas despu\u00e9s se dar\u00e1 el salto al centro.<\/p>\n<p class=\"x_gmail-MsoNoSpacing\" style=\"text-align: justify\">En la actividad realizada en el Restaurant de La Finca, tambi\u00e9n hablaron Ariel V\u00e1zquez, director provincial de Deportes, quien felicit\u00f3 al club San Sebasti\u00e1n por esta iniciativa de participar en un torneo que sirve de desarrollo de tantos j\u00f3venes U-22.<\/p>\n<p class=\"x_gmail-MsoNoSpacing\" style=\"text-align: justify\">Asimismo, Jos\u00e9 Cruz, director de Deportes del Ayuntamiento de Moca, inform\u00f3 que estar\u00e1n dando todo el apoyo al club para la justa. El fundador del Imperio Rojo Dionys Morel, se mostr\u00f3 muy emocionado por la trayectoria marcada por este club que fund\u00f3 en el 1977 en esta ciudad.<\/p>\n<p class=\"x_gmail-MsoNoSpacing\" style=\"text-align: justify\">El Torneo Nacional de Baloncesto U-22 se jugar\u00e1 con unos 16 equipos que disputar\u00e1n la Copa INAPA. Los partidos del equipo de Moca ser\u00e1n televisados v\u00eda streaming a trav\u00e9s de YouTube y redes sociales.<\/p>\n<p class=\"x_gmail-MsoNoSpacing\" style=\"text-align: justify\"><strong>Cuerpo t\u00e9cnico<\/strong><\/p>\n<p class=\"x_gmail-MsoNoSpacing\" style=\"text-align: justify\">El cuerpo t\u00e9cnico ser\u00e1 encabezado por Robinson Zapata (dirigente), y los asistentes ser\u00e1n, El\u00edas Estrella y Argelis Castro, as\u00ed como Joel Cruz y Elizaur Mu\u00f1oz y Porfirio Guzm\u00e1n ser\u00e1 el fisioterapeuta.<\/p>\n<p class=\"x_gmail-MsoNoSpacing\" style=\"text-align: justify\"><strong>Fuente: Prensa Club San Sebasti\u00e1n<\/strong><\/p>\n","protected":false},"excerpt":{"rendered":"<p>El Club San Sebasti\u00e1n asegura estar listo para la Liga Nacional de Desarrollo U-22 (video cortes\u00eda de Jos\u00e9 Luis Paulino) pic.twitter.com\/efpgMMkL22 &mdash; Mezcla Deportiva (@mezcladeportiva) August 24, 2021 MOCA &#8211; Con un gran entusiasmo&#46;&#46;&#46;<\/p>\n","protected":false},"author":89,"featured_media":12568,"comment_status":"open","ping_status":"open","sticky":false,"template":"","format":"standard","meta":{"_acf_changed":false,"rop_custom_images_group":[],"rop_custom_messages_group":[],"rop_publish_now":"initial","rop_publish_now_accounts":[],"rop_publish_now_history":[],"rop_publish_now_status":"pending","footnotes":""},"categories":[16],"tags":[1549,382,1550,1437],"class_list":["post-12567","post","type-post","status-publish","format-standard","has-post-thumbnail","hentry","category-deportes","tag-club-san-sebastian","tag-federacion-dominicana-de-baloncesto","tag-jose-ramon-pena","tag-liga-nacional-de-desarrollo-u-22"],"acf":[],"yoast_head":"<!-- This site is optimized with the Yoast SEO Premium plugin v24.9 (Yoast SEO v27.2) - https:\/\/yoast.com\/product\/yoast-seo-premium-wordpress\/ -->\n<title>Club San Sebasti\u00e1n asegura estar listo para la Liga Nacional de Desarrollo U-22 - Rep. Dominicana | Noti-America.com<\/title>\n<meta name=\"robots\" content=\"index, follow, max-snippet:-1, max-image-preview:large, max-video-preview:-1\" \/>\n<link rel=\"canonical\" href=\"https:\/\/noti-america.com\/site\/repdom\/2021\/08\/24\/club-san-sebastian-asegura-estar-listo-para-la-liga-nacional-de-desarrollo-u-22\/\" \/>\n<meta property=\"og:locale\" content=\"es_ES\" \/>\n<meta property=\"og:type\" content=\"article\" \/>\n<meta property=\"og:title\" content=\"Club San Sebasti\u00e1n asegura estar listo para la Liga Nacional de Desarrollo U-22\" \/>\n<meta property=\"og:description\" content=\"El Club San Sebasti\u00e1n asegura estar listo para la Liga Nacional de Desarrollo U-22 (video cortes\u00eda de Jos\u00e9 Luis Paulino) pic.twitter.com\/efpgMMkL22 &mdash; Mezcla Deportiva (@mezcladeportiva) August 24, 2021 MOCA &#8211; Con un gran entusiasmo&#046;&#046;&#046;\" \/>\n<meta property=\"og:url\" content=\"https:\/\/noti-america.com\/site\/repdom\/2021\/08\/24\/club-san-sebastian-asegura-estar-listo-para-la-liga-nacional-de-desarrollo-u-22\/\" \/>\n<meta property=\"og:site_name\" content=\"Rep. Dominicana | Noti-America.com\" \/>\n<meta property=\"article:published_time\" content=\"2021-08-24T03:38:54+00:00\" \/>\n<meta property=\"og:image\" content=\"https:\/\/noti-america.com\/site\/repdom\/wp-content\/uploads\/sites\/6\/2021\/08\/Club-San-Sebastian.jpg\" \/>\n\t<meta property=\"og:image:width\" content=\"1280\" \/>\n\t<meta property=\"og:image:height\" content=\"800\" \/>\n\t<meta property=\"og:image:type\" content=\"image\/jpeg\" \/>\n<meta name=\"author\" content=\"Ad\u00e1n Soriano\" \/>\n<meta name=\"twitter:card\" content=\"summary_large_image\" \/>\n<meta name=\"twitter:creator\" content=\"@adansoriano\" \/>\n<meta name=\"twitter:label1\" content=\"Escrito por\" \/>\n\t<meta name=\"twitter:data1\" content=\"Ad\u00e1n Soriano\" \/>\n\t<meta name=\"twitter:label2\" content=\"Tiempo estimado de lectura\" \/>\n\t<meta name=\"twitter:data2\" content=\"2 minutos\" \/>\n<script type=\"application\/ld+json\" class=\"yoast-schema-graph\">{\"@context\":\"https:\/\/schema.org\",\"@graph\":[{\"@type\":\"Article\",\"@id\":\"https:\/\/noti-america.com\/site\/repdom\/2021\/08\/24\/club-san-sebastian-asegura-estar-listo-para-la-liga-nacional-de-desarrollo-u-22\/#article\",\"isPartOf\":{\"@id\":\"https:\/\/noti-america.com\/site\/repdom\/2021\/08\/24\/club-san-sebastian-asegura-estar-listo-para-la-liga-nacional-de-desarrollo-u-22\/\"},\"author\":{\"name\":\"Ad\u00e1n Soriano\",\"@id\":\"https:\/\/noti-america.com\/site\/repdom\/#\/schema\/person\/fd0092c1530d275fabaa5cffcbc2b976\"},\"headline\":\"Club San Sebasti\u00e1n asegura estar listo para la Liga Nacional de Desarrollo U-22\",\"datePublished\":\"2021-08-24T03:38:54+00:00\",\"mainEntityOfPage\":{\"@id\":\"https:\/\/noti-america.com\/site\/repdom\/2021\/08\/24\/club-san-sebastian-asegura-estar-listo-para-la-liga-nacional-de-desarrollo-u-22\/\"},\"wordCount\":351,\"commentCount\":0,\"publisher\":{\"@id\":\"https:\/\/noti-america.com\/site\/repdom\/#organization\"},\"image\":{\"@id\":\"https:\/\/noti-america.com\/site\/repdom\/2021\/08\/24\/club-san-sebastian-asegura-estar-listo-para-la-liga-nacional-de-desarrollo-u-22\/#primaryimage\"},\"thumbnailUrl\":\"https:\/\/noti-america.com\/site\/repdom\/wp-content\/uploads\/sites\/6\/2021\/08\/Club-San-Sebastian.jpg\",\"keywords\":[\"Club San Sebasti\u00e1n\",\"Federaci\u00f3n Dominicana de Baloncesto\",\"Jos\u00e9 Ramon Pe\u00f1a\",\"Liga Nacional de Desarrollo U-22\"],\"articleSection\":[\"Deportes\"],\"inLanguage\":\"es\",\"potentialAction\":[{\"@type\":\"CommentAction\",\"name\":\"Comment\",\"target\":[\"https:\/\/noti-america.com\/site\/repdom\/2021\/08\/24\/club-san-sebastian-asegura-estar-listo-para-la-liga-nacional-de-desarrollo-u-22\/#respond\"]}]},{\"@type\":\"WebPage\",\"@id\":\"https:\/\/noti-america.com\/site\/repdom\/2021\/08\/24\/club-san-sebastian-asegura-estar-listo-para-la-liga-nacional-de-desarrollo-u-22\/\",\"url\":\"https:\/\/noti-america.com\/site\/repdom\/2021\/08\/24\/club-san-sebastian-asegura-estar-listo-para-la-liga-nacional-de-desarrollo-u-22\/\",\"name\":\"Club San Sebasti\u00e1n asegura estar listo para la Liga Nacional de Desarrollo U-22 - Rep. Dominicana | Noti-America.com\",\"isPartOf\":{\"@id\":\"https:\/\/noti-america.com\/site\/repdom\/#website\"},\"primaryImageOfPage\":{\"@id\":\"https:\/\/noti-america.com\/site\/repdom\/2021\/08\/24\/club-san-sebastian-asegura-estar-listo-para-la-liga-nacional-de-desarrollo-u-22\/#primaryimage\"},\"image\":{\"@id\":\"https:\/\/noti-america.com\/site\/repdom\/2021\/08\/24\/club-san-sebastian-asegura-estar-listo-para-la-liga-nacional-de-desarrollo-u-22\/#primaryimage\"},\"thumbnailUrl\":\"https:\/\/noti-america.com\/site\/repdom\/wp-content\/uploads\/sites\/6\/2021\/08\/Club-San-Sebastian.jpg\",\"datePublished\":\"2021-08-24T03:38:54+00:00\",\"breadcrumb\":{\"@id\":\"https:\/\/noti-america.com\/site\/repdom\/2021\/08\/24\/club-san-sebastian-asegura-estar-listo-para-la-liga-nacional-de-desarrollo-u-22\/#breadcrumb\"},\"inLanguage\":\"es\",\"potentialAction\":[{\"@type\":\"ReadAction\",\"target\":[\"https:\/\/noti-america.com\/site\/repdom\/2021\/08\/24\/club-san-sebastian-asegura-estar-listo-para-la-liga-nacional-de-desarrollo-u-22\/\"]}]},{\"@type\":\"ImageObject\",\"inLanguage\":\"es\",\"@id\":\"https:\/\/noti-america.com\/site\/repdom\/2021\/08\/24\/club-san-sebastian-asegura-estar-listo-para-la-liga-nacional-de-desarrollo-u-22\/#primaryimage\",\"url\":\"https:\/\/noti-america.com\/site\/repdom\/wp-content\/uploads\/sites\/6\/2021\/08\/Club-San-Sebastian.jpg\",\"contentUrl\":\"https:\/\/noti-america.com\/site\/repdom\/wp-content\/uploads\/sites\/6\/2021\/08\/Club-San-Sebastian.jpg\",\"width\":1280,\"height\":800},{\"@type\":\"BreadcrumbList\",\"@id\":\"https:\/\/noti-america.com\/site\/repdom\/2021\/08\/24\/club-san-sebastian-asegura-estar-listo-para-la-liga-nacional-de-desarrollo-u-22\/#breadcrumb\",\"itemListElement\":[{\"@type\":\"ListItem\",\"position\":1,\"name\":\"Portada\",\"item\":\"https:\/\/noti-america.com\/site\/repdom\/\"},{\"@type\":\"ListItem\",\"position\":2,\"name\":\"Club San Sebasti\u00e1n asegura estar listo para la Liga Nacional de Desarrollo U-22\"}]},{\"@type\":\"WebSite\",\"@id\":\"https:\/\/noti-america.com\/site\/repdom\/#website\",\"url\":\"https:\/\/noti-america.com\/site\/repdom\/\",\"name\":\"Rep. Dominicana | Noti-America.com\",\"description\":\"\",\"publisher\":{\"@id\":\"https:\/\/noti-america.com\/site\/repdom\/#organization\"},\"potentialAction\":[{\"@type\":\"SearchAction\",\"target\":{\"@type\":\"EntryPoint\",\"urlTemplate\":\"https:\/\/noti-america.com\/site\/repdom\/?s={search_term_string}\"},\"query-input\":{\"@type\":\"PropertyValueSpecification\",\"valueRequired\":true,\"valueName\":\"search_term_string\"}}],\"inLanguage\":\"es\"},{\"@type\":\"Organization\",\"@id\":\"https:\/\/noti-america.com\/site\/repdom\/#organization\",\"name\":\"Noti-America LLC | Rep\u00fablica Dominicana\",\"url\":\"https:\/\/noti-america.com\/site\/repdom\/\",\"logo\":{\"@type\":\"ImageObject\",\"inLanguage\":\"es\",\"@id\":\"https:\/\/noti-america.com\/site\/repdom\/#\/schema\/logo\/image\/\",\"url\":\"https:\/\/noti-america.com\/site\/repdom\/wp-content\/uploads\/sites\/6\/2020\/07\/LogoNA-4x3-1.jpg\",\"contentUrl\":\"https:\/\/noti-america.com\/site\/repdom\/wp-content\/uploads\/sites\/6\/2020\/07\/LogoNA-4x3-1.jpg\",\"width\":1236,\"height\":1080,\"caption\":\"Noti-America LLC | Rep\u00fablica Dominicana\"},\"image\":{\"@id\":\"https:\/\/noti-america.com\/site\/repdom\/#\/schema\/logo\/image\/\"}},{\"@type\":\"Person\",\"@id\":\"https:\/\/noti-america.com\/site\/repdom\/#\/schema\/person\/fd0092c1530d275fabaa5cffcbc2b976\",\"name\":\"Ad\u00e1n Soriano\",\"image\":{\"@type\":\"ImageObject\",\"inLanguage\":\"es\",\"@id\":\"https:\/\/secure.gravatar.com\/avatar\/ecf97ff3aee7ff9efdae670d7e976f3e7e8acc1077e510d73707999a8bfd4467?s=96&d=mm&r=g\",\"url\":\"https:\/\/secure.gravatar.com\/avatar\/ecf97ff3aee7ff9efdae670d7e976f3e7e8acc1077e510d73707999a8bfd4467?s=96&d=mm&r=g\",\"contentUrl\":\"https:\/\/secure.gravatar.com\/avatar\/ecf97ff3aee7ff9efdae670d7e976f3e7e8acc1077e510d73707999a8bfd4467?s=96&d=mm&r=g\",\"caption\":\"Ad\u00e1n Soriano\"},\"description\":\"Soy cronista deportivo con 10 a\u00f1os de experiencia en varios espacios, y conduzco el podcast deportivo llamado Mezcla Deportiva\",\"sameAs\":[\"https:\/\/x.com\/adansoriano\"],\"url\":\"https:\/\/noti-america.com\/site\/repdom\/author\/asoriano\/\"}]}<\/script>\n<!-- \/ Yoast SEO Premium plugin. -->","yoast_head_json":{"title":"Club San Sebasti\u00e1n asegura estar listo para la Liga Nacional de Desarrollo U-22 - Rep. Dominicana | Noti-America.com","robots":{"index":"index","follow":"follow","max-snippet":"max-snippet:-1","max-image-preview":"max-image-preview:large","max-video-preview":"max-video-preview:-1"},"canonical":"https:\/\/noti-america.com\/site\/repdom\/2021\/08\/24\/club-san-sebastian-asegura-estar-listo-para-la-liga-nacional-de-desarrollo-u-22\/","og_locale":"es_ES","og_type":"article","og_title":"Club San Sebasti\u00e1n asegura estar listo para la Liga Nacional de Desarrollo U-22","og_description":"El Club San Sebasti\u00e1n asegura estar listo para la Liga Nacional de Desarrollo U-22 (video cortes\u00eda de Jos\u00e9 Luis Paulino) pic.twitter.com\/efpgMMkL22 &mdash; Mezcla Deportiva (@mezcladeportiva) August 24, 2021 MOCA &#8211; Con un gran entusiasmo&#46;&#46;&#46;","og_url":"https:\/\/noti-america.com\/site\/repdom\/2021\/08\/24\/club-san-sebastian-asegura-estar-listo-para-la-liga-nacional-de-desarrollo-u-22\/","og_site_name":"Rep. Dominicana | Noti-America.com","article_published_time":"2021-08-24T03:38:54+00:00","og_image":[{"width":1280,"height":800,"url":"https:\/\/noti-america.com\/site\/repdom\/wp-content\/uploads\/sites\/6\/2021\/08\/Club-San-Sebastian.jpg","type":"image\/jpeg"}],"author":"Ad\u00e1n Soriano","twitter_card":"summary_large_image","twitter_creator":"@adansoriano","twitter_misc":{"Escrito por":"Ad\u00e1n Soriano","Tiempo estimado de lectura":"2 minutos"},"schema":{"@context":"https:\/\/schema.org","@graph":[{"@type":"Article","@id":"https:\/\/noti-america.com\/site\/repdom\/2021\/08\/24\/club-san-sebastian-asegura-estar-listo-para-la-liga-nacional-de-desarrollo-u-22\/#article","isPartOf":{"@id":"https:\/\/noti-america.com\/site\/repdom\/2021\/08\/24\/club-san-sebastian-asegura-estar-listo-para-la-liga-nacional-de-desarrollo-u-22\/"},"author":{"name":"Ad\u00e1n Soriano","@id":"https:\/\/noti-america.com\/site\/repdom\/#\/schema\/person\/fd0092c1530d275fabaa5cffcbc2b976"},"headline":"Club San Sebasti\u00e1n asegura estar listo para la Liga Nacional de Desarrollo U-22","datePublished":"2021-08-24T03:38:54+00:00","mainEntityOfPage":{"@id":"https:\/\/noti-america.com\/site\/repdom\/2021\/08\/24\/club-san-sebastian-asegura-estar-listo-para-la-liga-nacional-de-desarrollo-u-22\/"},"wordCount":351,"commentCount":0,"publisher":{"@id":"https:\/\/noti-america.com\/site\/repdom\/#organization"},"image":{"@id":"https:\/\/noti-america.com\/site\/repdom\/2021\/08\/24\/club-san-sebastian-asegura-estar-listo-para-la-liga-nacional-de-desarrollo-u-22\/#primaryimage"},"thumbnailUrl":"https:\/\/noti-america.com\/site\/repdom\/wp-content\/uploads\/sites\/6\/2021\/08\/Club-San-Sebastian.jpg","keywords":["Club San Sebasti\u00e1n","Federaci\u00f3n Dominicana de Baloncesto","Jos\u00e9 Ramon Pe\u00f1a","Liga Nacional de Desarrollo U-22"],"articleSection":["Deportes"],"inLanguage":"es","potentialAction":[{"@type":"CommentAction","name":"Comment","target":["https:\/\/noti-america.com\/site\/repdom\/2021\/08\/24\/club-san-sebastian-asegura-estar-listo-para-la-liga-nacional-de-desarrollo-u-22\/#respond"]}]},{"@type":"WebPage","@id":"https:\/\/noti-america.com\/site\/repdom\/2021\/08\/24\/club-san-sebastian-asegura-estar-listo-para-la-liga-nacional-de-desarrollo-u-22\/","url":"https:\/\/noti-america.com\/site\/repdom\/2021\/08\/24\/club-san-sebastian-asegura-estar-listo-para-la-liga-nacional-de-desarrollo-u-22\/","name":"Club San Sebasti\u00e1n asegura estar listo para la Liga Nacional de Desarrollo U-22 - Rep. Dominicana | Noti-America.com","isPartOf":{"@id":"https:\/\/noti-america.com\/site\/repdom\/#website"},"primaryImageOfPage":{"@id":"https:\/\/noti-america.com\/site\/repdom\/2021\/08\/24\/club-san-sebastian-asegura-estar-listo-para-la-liga-nacional-de-desarrollo-u-22\/#primaryimage"},"image":{"@id":"https:\/\/noti-america.com\/site\/repdom\/2021\/08\/24\/club-san-sebastian-asegura-estar-listo-para-la-liga-nacional-de-desarrollo-u-22\/#primaryimage"},"thumbnailUrl":"https:\/\/noti-america.com\/site\/repdom\/wp-content\/uploads\/sites\/6\/2021\/08\/Club-San-Sebastian.jpg","datePublished":"2021-08-24T03:38:54+00:00","breadcrumb":{"@id":"https:\/\/noti-america.com\/site\/repdom\/2021\/08\/24\/club-san-sebastian-asegura-estar-listo-para-la-liga-nacional-de-desarrollo-u-22\/#breadcrumb"},"inLanguage":"es","potentialAction":[{"@type":"ReadAction","target":["https:\/\/noti-america.com\/site\/repdom\/2021\/08\/24\/club-san-sebastian-asegura-estar-listo-para-la-liga-nacional-de-desarrollo-u-22\/"]}]},{"@type":"ImageObject","inLanguage":"es","@id":"https:\/\/noti-america.com\/site\/repdom\/2021\/08\/24\/club-san-sebastian-asegura-estar-listo-para-la-liga-nacional-de-desarrollo-u-22\/#primaryimage","url":"https:\/\/noti-america.com\/site\/repdom\/wp-content\/uploads\/sites\/6\/2021\/08\/Club-San-Sebastian.jpg","contentUrl":"https:\/\/noti-america.com\/site\/repdom\/wp-content\/uploads\/sites\/6\/2021\/08\/Club-San-Sebastian.jpg","width":1280,"height":800},{"@type":"BreadcrumbList","@id":"https:\/\/noti-america.com\/site\/repdom\/2021\/08\/24\/club-san-sebastian-asegura-estar-listo-para-la-liga-nacional-de-desarrollo-u-22\/#breadcrumb","itemListElement":[{"@type":"ListItem","position":1,"name":"Portada","item":"https:\/\/noti-america.com\/site\/repdom\/"},{"@type":"ListItem","position":2,"name":"Club San Sebasti\u00e1n asegura estar listo para la Liga Nacional de Desarrollo U-22"}]},{"@type":"WebSite","@id":"https:\/\/noti-america.com\/site\/repdom\/#website","url":"https:\/\/noti-america.com\/site\/repdom\/","name":"Rep. Dominicana | Noti-America.com","description":"","publisher":{"@id":"https:\/\/noti-america.com\/site\/repdom\/#organization"},"potentialAction":[{"@type":"SearchAction","target":{"@type":"EntryPoint","urlTemplate":"https:\/\/noti-america.com\/site\/repdom\/?s={search_term_string}"},"query-input":{"@type":"PropertyValueSpecification","valueRequired":true,"valueName":"search_term_string"}}],"inLanguage":"es"},{"@type":"Organization","@id":"https:\/\/noti-america.com\/site\/repdom\/#organization","name":"Noti-America LLC | Rep\u00fablica Dominicana","url":"https:\/\/noti-america.com\/site\/repdom\/","logo":{"@type":"ImageObject","inLanguage":"es","@id":"https:\/\/noti-america.com\/site\/repdom\/#\/schema\/logo\/image\/","url":"https:\/\/noti-america.com\/site\/repdom\/wp-content\/uploads\/sites\/6\/2020\/07\/LogoNA-4x3-1.jpg","contentUrl":"https:\/\/noti-america.com\/site\/repdom\/wp-content\/uploads\/sites\/6\/2020\/07\/LogoNA-4x3-1.jpg","width":1236,"height":1080,"caption":"Noti-America LLC | Rep\u00fablica Dominicana"},"image":{"@id":"https:\/\/noti-america.com\/site\/repdom\/#\/schema\/logo\/image\/"}},{"@type":"Person","@id":"https:\/\/noti-america.com\/site\/repdom\/#\/schema\/person\/fd0092c1530d275fabaa5cffcbc2b976","name":"Ad\u00e1n Soriano","image":{"@type":"ImageObject","inLanguage":"es","@id":"https:\/\/secure.gravatar.com\/avatar\/ecf97ff3aee7ff9efdae670d7e976f3e7e8acc1077e510d73707999a8bfd4467?s=96&d=mm&r=g","url":"https:\/\/secure.gravatar.com\/avatar\/ecf97ff3aee7ff9efdae670d7e976f3e7e8acc1077e510d73707999a8bfd4467?s=96&d=mm&r=g","contentUrl":"https:\/\/secure.gravatar.com\/avatar\/ecf97ff3aee7ff9efdae670d7e976f3e7e8acc1077e510d73707999a8bfd4467?s=96&d=mm&r=g","caption":"Ad\u00e1n Soriano"},"description":"Soy cronista deportivo con 10 a\u00f1os de experiencia en varios espacios, y conduzco el podcast deportivo llamado Mezcla Deportiva","sameAs":["https:\/\/x.com\/adansoriano"],"url":"https:\/\/noti-america.com\/site\/repdom\/author\/asoriano\/"}]}},"_links":{"self":[{"href":"https:\/\/noti-america.com\/site\/repdom\/wp-json\/wp\/v2\/posts\/12567","targetHints":{"allow":["GET"]}}],"collection":[{"href":"https:\/\/noti-america.com\/site\/repdom\/wp-json\/wp\/v2\/posts"}],"about":[{"href":"https:\/\/noti-america.com\/site\/repdom\/wp-json\/wp\/v2\/types\/post"}],"author":[{"embeddable":true,"href":"https:\/\/noti-america.com\/site\/repdom\/wp-json\/wp\/v2\/users\/89"}],"replies":[{"embeddable":true,"href":"https:\/\/noti-america.com\/site\/repdom\/wp-json\/wp\/v2\/comments?post=12567"}],"version-history":[{"count":1,"href":"https:\/\/noti-america.com\/site\/repdom\/wp-json\/wp\/v2\/posts\/12567\/revisions"}],"predecessor-version":[{"id":12569,"href":"https:\/\/noti-america.com\/site\/repdom\/wp-json\/wp\/v2\/posts\/12567\/revisions\/12569"}],"wp:featuredmedia":[{"embeddable":true,"href":"https:\/\/noti-america.com\/site\/repdom\/wp-json\/wp\/v2\/media\/12568"}],"wp:attachment":[{"href":"https:\/\/noti-america.com\/site\/repdom\/wp-json\/wp\/v2\/media?parent=12567"}],"wp:term":[{"taxonomy":"category","embeddable":true,"href":"https:\/\/noti-america.com\/site\/repdom\/wp-json\/wp\/v2\/categories?post=12567"},{"taxonomy":"post_tag","embeddable":true,"href":"https:\/\/noti-america.com\/site\/repdom\/wp-json\/wp\/v2\/tags?post=12567"}],"curies":[{"name":"wp","href":"https:\/\/api.w.org\/{rel}","templated":true}]}}