{"id":12204,"date":"2021-08-10T05:23:17","date_gmt":"2021-08-10T05:23:17","guid":{"rendered":"https:\/\/noti-america.com\/site\/repdom\/?p=12204"},"modified":"2021-08-10T05:23:17","modified_gmt":"2021-08-10T05:23:17","slug":"andres-feliz-gana-premio-de-jugador-de-la-semana","status":"publish","type":"post","link":"https:\/\/noti-america.com\/site\/repdom\/2021\/08\/10\/andres-feliz-gana-premio-de-jugador-de-la-semana\/","title":{"rendered":"Andr\u00e9s Feliz gana premio de Jugador de la Semana"},"content":{"rendered":"<p class=\"x_MsoNormal\" style=\"text-align: justify\"><span style=\"font-family: georgia, serif\"><span lang=\"ES-DO\">SANTO DOMINGO &#8211; <\/span><span lang=\"ES-DO\">Andr\u00e9s Feliz result\u00f3 electo Jugador de la Semana en la Liga Nacional de Baloncesto, por su destacada participaci\u00f3n del\u00a0mi\u00e9rcoles cuatro al domingo ocho del presente mes de agosto.<\/span><\/span><\/p>\n<p class=\"x_MsoNormal\" style=\"text-align: justify\"><span lang=\"ES-DO\"><span style=\"font-family: georgia, serif\">\u201cAndresito\u201d ayud\u00f3 a los Soles a ganar dos partidos, con promedios de 17.5 unidades, 4.5 asistencias, 5.5 rebotes y porcentaje de 50 (32-16) en disparos de campo.<\/span><\/span><\/p>\n<p class=\"x_MsoNormal\" style=\"text-align: justify\"><span lang=\"ES-DO\"><span style=\"font-family: georgia, serif\">Feliz, quien tuvo que abandonar a los Soles por compromisos con el Club Joventut Badalona de la Liga ACB de Espa\u00f1a, obtuvo 39 de 85 votos emitidos por los periodistas que cubren el circuito de primera divisi\u00f3n.<\/span><\/span><\/p>\n<p class=\"x_MsoNormal\" style=\"text-align: justify\"><span lang=\"ES-DO\"><span style=\"font-family: georgia, serif\">Jeison Colom\u00e9 qued\u00f3 segundo con 12 votos y le siguieron Gerardo Suero (9), Hollis Thompson (7), Juan Guerrero (6), Tulio Da Silva (5), Juan Miguel Suero (3), Brandone Francis (3) y George Williams (1).<\/span><\/span><\/p>\n<p class=\"x_MsoNormal\" style=\"text-align: justify\"><strong><span lang=\"ES-DO\"><span style=\"font-family: georgia, serif\">Justin Satchell pasa a los Reales<\/span><\/span><\/strong><\/p>\n<p class=\"x_MsoNormal\" style=\"text-align: justify\"><span lang=\"ES-DO\"><span style=\"font-family: georgia, serif\">La Liga inform\u00f3 este lunes que el delantero Justin Satchell pas\u00f3 del equipo de los Leones de Santo Domingo a los Reales de La Vega, a cambio de un jugador a ser nombrado m\u00e1s tarde y consideraciones econ\u00f3micas.<\/span><\/span><\/p>\n<p class=\"x_MsoNormal\" style=\"text-align: justify\"><span lang=\"ES-DO\"><span style=\"font-family: georgia, serif\">Satchell, quien fue el Novato del A\u00f1o en la campa\u00f1a 2019, apenas jug\u00f3 3:44 minutos el pasado domingo frente a los Indios de San Francisco de Macor\u00eds. En su a\u00f1o de debut promedi\u00f3 16.3 puntos, 6.7 rebotes y 34.1 por ciento en disparos de tres.<\/span><\/span><\/p>\n<p class=\"x_MsoNormal\" style=\"text-align: justify\"><strong><span lang=\"ES-DO\"><span style=\"font-family: georgia, serif\">Pruebas de COVID-19 negativas<\/span><\/span><\/strong><\/p>\n<p class=\"x_MsoNormal\" style=\"text-align: justify\"><span lang=\"ES-DO\"><span style=\"font-family: georgia, serif\">Este lunes fueron realizadas pruebas de COVID-19 a los jugadores y al personal de trabajo de cada una de las franquicias y no hubo ning\u00fan positivo. Las pruebas forman parte de los protocolos implementados por la LNB, en coordinaci\u00f3n con el Ministerio de Salud P\u00fablica.<\/span><\/span><\/p>\n<p class=\"x_MsoNormal\" style=\"text-align: justify\"><strong><span lang=\"ES-DO\"><span style=\"font-family: georgia, serif\">Juegos de este martes<\/span><\/span><\/strong><\/p>\n<p class=\"x_MsoNormal\" style=\"text-align: justify\"><span lang=\"ES-DO\"><span style=\"font-family: georgia, serif\">Los Soles de Santo Domingo Este (2-1) visitar\u00e1n a los Huracanes del Atl\u00e1ntico (1-1) en el Fabio Rafael Gonz\u00e1lez a las 7:00 de la noche, mientras que a las 9:00 de la noche, los Ca\u00f1eros del Este (2-0) recibir\u00e1n a los Indios de San Francisco de Macor\u00eds (1-2) en el Leo Tav\u00e1rez de Hig\u00fcey.<\/span><\/span><\/p>\n<p style=\"text-align: justify\"><strong>Fuente: Prensa LNB<\/strong><\/p>\n","protected":false},"excerpt":{"rendered":"<p>SANTO DOMINGO &#8211; Andr\u00e9s Feliz result\u00f3 electo Jugador de la Semana en la Liga Nacional de Baloncesto, por su destacada participaci\u00f3n del\u00a0mi\u00e9rcoles cuatro al domingo ocho del presente mes de agosto. \u201cAndresito\u201d ayud\u00f3 a&#46;&#46;&#46;<\/p>\n","protected":false},"author":89,"featured_media":12149,"comment_status":"open","ping_status":"open","sticky":false,"template":"","format":"standard","meta":{"_acf_changed":false,"rop_custom_images_group":[],"rop_custom_messages_group":[],"rop_publish_now":"initial","rop_publish_now_accounts":[],"rop_publish_now_history":[],"rop_publish_now_status":"pending","footnotes":""},"categories":[16],"tags":[1417,212,1244,1412],"class_list":["post-12204","post","type-post","status-publish","format-standard","has-post-thumbnail","hentry","category-deportes","tag-andres-feliz","tag-baloncesto-dominicano","tag-liga-nacional-de-baloncesto","tag-lnb-2021"],"acf":[],"yoast_head":"<!-- This site is optimized with the Yoast SEO Premium plugin v24.9 (Yoast SEO v27.2) - https:\/\/yoast.com\/product\/yoast-seo-premium-wordpress\/ -->\n<title>Andr\u00e9s Feliz gana premio de Jugador de la Semana - Rep. Dominicana | Noti-America.com<\/title>\n<meta name=\"robots\" content=\"index, follow, max-snippet:-1, max-image-preview:large, max-video-preview:-1\" \/>\n<link rel=\"canonical\" href=\"https:\/\/noti-america.com\/site\/repdom\/2021\/08\/10\/andres-feliz-gana-premio-de-jugador-de-la-semana\/\" \/>\n<meta property=\"og:locale\" content=\"es_ES\" \/>\n<meta property=\"og:type\" content=\"article\" \/>\n<meta property=\"og:title\" content=\"Andr\u00e9s Feliz gana premio de Jugador de la Semana\" \/>\n<meta property=\"og:description\" content=\"SANTO DOMINGO &#8211; Andr\u00e9s Feliz result\u00f3 electo Jugador de la Semana en la Liga Nacional de Baloncesto, por su destacada participaci\u00f3n del\u00a0mi\u00e9rcoles cuatro al domingo ocho del presente mes de agosto. \u201cAndresito\u201d ayud\u00f3 a&#046;&#046;&#046;\" \/>\n<meta property=\"og:url\" content=\"https:\/\/noti-america.com\/site\/repdom\/2021\/08\/10\/andres-feliz-gana-premio-de-jugador-de-la-semana\/\" \/>\n<meta property=\"og:site_name\" content=\"Rep. Dominicana | Noti-America.com\" \/>\n<meta property=\"article:published_time\" content=\"2021-08-10T05:23:17+00:00\" \/>\n<meta property=\"og:image\" content=\"https:\/\/noti-america.com\/site\/repdom\/wp-content\/uploads\/sites\/6\/2021\/08\/Andres-Feliz.jpg\" \/>\n\t<meta property=\"og:image:width\" content=\"720\" \/>\n\t<meta property=\"og:image:height\" content=\"1280\" \/>\n\t<meta property=\"og:image:type\" content=\"image\/jpeg\" \/>\n<meta name=\"author\" content=\"Ad\u00e1n Soriano\" \/>\n<meta name=\"twitter:card\" content=\"summary_large_image\" \/>\n<meta name=\"twitter:creator\" content=\"@adansoriano\" \/>\n<meta name=\"twitter:label1\" content=\"Escrito por\" \/>\n\t<meta name=\"twitter:data1\" content=\"Ad\u00e1n Soriano\" \/>\n\t<meta name=\"twitter:label2\" content=\"Tiempo estimado de lectura\" \/>\n\t<meta name=\"twitter:data2\" content=\"2 minutos\" \/>\n<script type=\"application\/ld+json\" class=\"yoast-schema-graph\">{\"@context\":\"https:\/\/schema.org\",\"@graph\":[{\"@type\":\"Article\",\"@id\":\"https:\/\/noti-america.com\/site\/repdom\/2021\/08\/10\/andres-feliz-gana-premio-de-jugador-de-la-semana\/#article\",\"isPartOf\":{\"@id\":\"https:\/\/noti-america.com\/site\/repdom\/2021\/08\/10\/andres-feliz-gana-premio-de-jugador-de-la-semana\/\"},\"author\":{\"name\":\"Ad\u00e1n Soriano\",\"@id\":\"https:\/\/noti-america.com\/site\/repdom\/#\/schema\/person\/fd0092c1530d275fabaa5cffcbc2b976\"},\"headline\":\"Andr\u00e9s Feliz gana premio de Jugador de la Semana\",\"datePublished\":\"2021-08-10T05:23:17+00:00\",\"mainEntityOfPage\":{\"@id\":\"https:\/\/noti-america.com\/site\/repdom\/2021\/08\/10\/andres-feliz-gana-premio-de-jugador-de-la-semana\/\"},\"wordCount\":340,\"commentCount\":0,\"publisher\":{\"@id\":\"https:\/\/noti-america.com\/site\/repdom\/#organization\"},\"image\":{\"@id\":\"https:\/\/noti-america.com\/site\/repdom\/2021\/08\/10\/andres-feliz-gana-premio-de-jugador-de-la-semana\/#primaryimage\"},\"thumbnailUrl\":\"https:\/\/noti-america.com\/site\/repdom\/wp-content\/uploads\/sites\/6\/2021\/08\/Andres-Feliz.jpg\",\"keywords\":[\"Andr\u00e9s Feliz\",\"Baloncesto Dominicano\",\"Liga Nacional de Baloncesto\",\"LNB 2021\"],\"articleSection\":[\"Deportes\"],\"inLanguage\":\"es\",\"potentialAction\":[{\"@type\":\"CommentAction\",\"name\":\"Comment\",\"target\":[\"https:\/\/noti-america.com\/site\/repdom\/2021\/08\/10\/andres-feliz-gana-premio-de-jugador-de-la-semana\/#respond\"]}]},{\"@type\":\"WebPage\",\"@id\":\"https:\/\/noti-america.com\/site\/repdom\/2021\/08\/10\/andres-feliz-gana-premio-de-jugador-de-la-semana\/\",\"url\":\"https:\/\/noti-america.com\/site\/repdom\/2021\/08\/10\/andres-feliz-gana-premio-de-jugador-de-la-semana\/\",\"name\":\"Andr\u00e9s Feliz gana premio de Jugador de la Semana - Rep. Dominicana | Noti-America.com\",\"isPartOf\":{\"@id\":\"https:\/\/noti-america.com\/site\/repdom\/#website\"},\"primaryImageOfPage\":{\"@id\":\"https:\/\/noti-america.com\/site\/repdom\/2021\/08\/10\/andres-feliz-gana-premio-de-jugador-de-la-semana\/#primaryimage\"},\"image\":{\"@id\":\"https:\/\/noti-america.com\/site\/repdom\/2021\/08\/10\/andres-feliz-gana-premio-de-jugador-de-la-semana\/#primaryimage\"},\"thumbnailUrl\":\"https:\/\/noti-america.com\/site\/repdom\/wp-content\/uploads\/sites\/6\/2021\/08\/Andres-Feliz.jpg\",\"datePublished\":\"2021-08-10T05:23:17+00:00\",\"breadcrumb\":{\"@id\":\"https:\/\/noti-america.com\/site\/repdom\/2021\/08\/10\/andres-feliz-gana-premio-de-jugador-de-la-semana\/#breadcrumb\"},\"inLanguage\":\"es\",\"potentialAction\":[{\"@type\":\"ReadAction\",\"target\":[\"https:\/\/noti-america.com\/site\/repdom\/2021\/08\/10\/andres-feliz-gana-premio-de-jugador-de-la-semana\/\"]}]},{\"@type\":\"ImageObject\",\"inLanguage\":\"es\",\"@id\":\"https:\/\/noti-america.com\/site\/repdom\/2021\/08\/10\/andres-feliz-gana-premio-de-jugador-de-la-semana\/#primaryimage\",\"url\":\"https:\/\/noti-america.com\/site\/repdom\/wp-content\/uploads\/sites\/6\/2021\/08\/Andres-Feliz.jpg\",\"contentUrl\":\"https:\/\/noti-america.com\/site\/repdom\/wp-content\/uploads\/sites\/6\/2021\/08\/Andres-Feliz.jpg\",\"width\":720,\"height\":1280},{\"@type\":\"BreadcrumbList\",\"@id\":\"https:\/\/noti-america.com\/site\/repdom\/2021\/08\/10\/andres-feliz-gana-premio-de-jugador-de-la-semana\/#breadcrumb\",\"itemListElement\":[{\"@type\":\"ListItem\",\"position\":1,\"name\":\"Portada\",\"item\":\"https:\/\/noti-america.com\/site\/repdom\/\"},{\"@type\":\"ListItem\",\"position\":2,\"name\":\"Andr\u00e9s Feliz gana premio de Jugador de la Semana\"}]},{\"@type\":\"WebSite\",\"@id\":\"https:\/\/noti-america.com\/site\/repdom\/#website\",\"url\":\"https:\/\/noti-america.com\/site\/repdom\/\",\"name\":\"Rep. Dominicana | Noti-America.com\",\"description\":\"\",\"publisher\":{\"@id\":\"https:\/\/noti-america.com\/site\/repdom\/#organization\"},\"potentialAction\":[{\"@type\":\"SearchAction\",\"target\":{\"@type\":\"EntryPoint\",\"urlTemplate\":\"https:\/\/noti-america.com\/site\/repdom\/?s={search_term_string}\"},\"query-input\":{\"@type\":\"PropertyValueSpecification\",\"valueRequired\":true,\"valueName\":\"search_term_string\"}}],\"inLanguage\":\"es\"},{\"@type\":\"Organization\",\"@id\":\"https:\/\/noti-america.com\/site\/repdom\/#organization\",\"name\":\"Noti-America LLC | Rep\u00fablica Dominicana\",\"url\":\"https:\/\/noti-america.com\/site\/repdom\/\",\"logo\":{\"@type\":\"ImageObject\",\"inLanguage\":\"es\",\"@id\":\"https:\/\/noti-america.com\/site\/repdom\/#\/schema\/logo\/image\/\",\"url\":\"https:\/\/noti-america.com\/site\/repdom\/wp-content\/uploads\/sites\/6\/2020\/07\/LogoNA-4x3-1.jpg\",\"contentUrl\":\"https:\/\/noti-america.com\/site\/repdom\/wp-content\/uploads\/sites\/6\/2020\/07\/LogoNA-4x3-1.jpg\",\"width\":1236,\"height\":1080,\"caption\":\"Noti-America LLC | Rep\u00fablica Dominicana\"},\"image\":{\"@id\":\"https:\/\/noti-america.com\/site\/repdom\/#\/schema\/logo\/image\/\"}},{\"@type\":\"Person\",\"@id\":\"https:\/\/noti-america.com\/site\/repdom\/#\/schema\/person\/fd0092c1530d275fabaa5cffcbc2b976\",\"name\":\"Ad\u00e1n Soriano\",\"image\":{\"@type\":\"ImageObject\",\"inLanguage\":\"es\",\"@id\":\"https:\/\/secure.gravatar.com\/avatar\/ecf97ff3aee7ff9efdae670d7e976f3e7e8acc1077e510d73707999a8bfd4467?s=96&d=mm&r=g\",\"url\":\"https:\/\/secure.gravatar.com\/avatar\/ecf97ff3aee7ff9efdae670d7e976f3e7e8acc1077e510d73707999a8bfd4467?s=96&d=mm&r=g\",\"contentUrl\":\"https:\/\/secure.gravatar.com\/avatar\/ecf97ff3aee7ff9efdae670d7e976f3e7e8acc1077e510d73707999a8bfd4467?s=96&d=mm&r=g\",\"caption\":\"Ad\u00e1n Soriano\"},\"description\":\"Soy cronista deportivo con 10 a\u00f1os de experiencia en varios espacios, y conduzco el podcast deportivo llamado Mezcla Deportiva\",\"sameAs\":[\"https:\/\/x.com\/adansoriano\"],\"url\":\"https:\/\/noti-america.com\/site\/repdom\/author\/asoriano\/\"}]}<\/script>\n<!-- \/ Yoast SEO Premium plugin. -->","yoast_head_json":{"title":"Andr\u00e9s Feliz gana premio de Jugador de la Semana - Rep. Dominicana | Noti-America.com","robots":{"index":"index","follow":"follow","max-snippet":"max-snippet:-1","max-image-preview":"max-image-preview:large","max-video-preview":"max-video-preview:-1"},"canonical":"https:\/\/noti-america.com\/site\/repdom\/2021\/08\/10\/andres-feliz-gana-premio-de-jugador-de-la-semana\/","og_locale":"es_ES","og_type":"article","og_title":"Andr\u00e9s Feliz gana premio de Jugador de la Semana","og_description":"SANTO DOMINGO &#8211; Andr\u00e9s Feliz result\u00f3 electo Jugador de la Semana en la Liga Nacional de Baloncesto, por su destacada participaci\u00f3n del\u00a0mi\u00e9rcoles cuatro al domingo ocho del presente mes de agosto. \u201cAndresito\u201d ayud\u00f3 a&#46;&#46;&#46;","og_url":"https:\/\/noti-america.com\/site\/repdom\/2021\/08\/10\/andres-feliz-gana-premio-de-jugador-de-la-semana\/","og_site_name":"Rep. Dominicana | Noti-America.com","article_published_time":"2021-08-10T05:23:17+00:00","og_image":[{"width":720,"height":1280,"url":"https:\/\/noti-america.com\/site\/repdom\/wp-content\/uploads\/sites\/6\/2021\/08\/Andres-Feliz.jpg","type":"image\/jpeg"}],"author":"Ad\u00e1n Soriano","twitter_card":"summary_large_image","twitter_creator":"@adansoriano","twitter_misc":{"Escrito por":"Ad\u00e1n Soriano","Tiempo estimado de lectura":"2 minutos"},"schema":{"@context":"https:\/\/schema.org","@graph":[{"@type":"Article","@id":"https:\/\/noti-america.com\/site\/repdom\/2021\/08\/10\/andres-feliz-gana-premio-de-jugador-de-la-semana\/#article","isPartOf":{"@id":"https:\/\/noti-america.com\/site\/repdom\/2021\/08\/10\/andres-feliz-gana-premio-de-jugador-de-la-semana\/"},"author":{"name":"Ad\u00e1n Soriano","@id":"https:\/\/noti-america.com\/site\/repdom\/#\/schema\/person\/fd0092c1530d275fabaa5cffcbc2b976"},"headline":"Andr\u00e9s Feliz gana premio de Jugador de la Semana","datePublished":"2021-08-10T05:23:17+00:00","mainEntityOfPage":{"@id":"https:\/\/noti-america.com\/site\/repdom\/2021\/08\/10\/andres-feliz-gana-premio-de-jugador-de-la-semana\/"},"wordCount":340,"commentCount":0,"publisher":{"@id":"https:\/\/noti-america.com\/site\/repdom\/#organization"},"image":{"@id":"https:\/\/noti-america.com\/site\/repdom\/2021\/08\/10\/andres-feliz-gana-premio-de-jugador-de-la-semana\/#primaryimage"},"thumbnailUrl":"https:\/\/noti-america.com\/site\/repdom\/wp-content\/uploads\/sites\/6\/2021\/08\/Andres-Feliz.jpg","keywords":["Andr\u00e9s Feliz","Baloncesto Dominicano","Liga Nacional de Baloncesto","LNB 2021"],"articleSection":["Deportes"],"inLanguage":"es","potentialAction":[{"@type":"CommentAction","name":"Comment","target":["https:\/\/noti-america.com\/site\/repdom\/2021\/08\/10\/andres-feliz-gana-premio-de-jugador-de-la-semana\/#respond"]}]},{"@type":"WebPage","@id":"https:\/\/noti-america.com\/site\/repdom\/2021\/08\/10\/andres-feliz-gana-premio-de-jugador-de-la-semana\/","url":"https:\/\/noti-america.com\/site\/repdom\/2021\/08\/10\/andres-feliz-gana-premio-de-jugador-de-la-semana\/","name":"Andr\u00e9s Feliz gana premio de Jugador de la Semana - Rep. Dominicana | Noti-America.com","isPartOf":{"@id":"https:\/\/noti-america.com\/site\/repdom\/#website"},"primaryImageOfPage":{"@id":"https:\/\/noti-america.com\/site\/repdom\/2021\/08\/10\/andres-feliz-gana-premio-de-jugador-de-la-semana\/#primaryimage"},"image":{"@id":"https:\/\/noti-america.com\/site\/repdom\/2021\/08\/10\/andres-feliz-gana-premio-de-jugador-de-la-semana\/#primaryimage"},"thumbnailUrl":"https:\/\/noti-america.com\/site\/repdom\/wp-content\/uploads\/sites\/6\/2021\/08\/Andres-Feliz.jpg","datePublished":"2021-08-10T05:23:17+00:00","breadcrumb":{"@id":"https:\/\/noti-america.com\/site\/repdom\/2021\/08\/10\/andres-feliz-gana-premio-de-jugador-de-la-semana\/#breadcrumb"},"inLanguage":"es","potentialAction":[{"@type":"ReadAction","target":["https:\/\/noti-america.com\/site\/repdom\/2021\/08\/10\/andres-feliz-gana-premio-de-jugador-de-la-semana\/"]}]},{"@type":"ImageObject","inLanguage":"es","@id":"https:\/\/noti-america.com\/site\/repdom\/2021\/08\/10\/andres-feliz-gana-premio-de-jugador-de-la-semana\/#primaryimage","url":"https:\/\/noti-america.com\/site\/repdom\/wp-content\/uploads\/sites\/6\/2021\/08\/Andres-Feliz.jpg","contentUrl":"https:\/\/noti-america.com\/site\/repdom\/wp-content\/uploads\/sites\/6\/2021\/08\/Andres-Feliz.jpg","width":720,"height":1280},{"@type":"BreadcrumbList","@id":"https:\/\/noti-america.com\/site\/repdom\/2021\/08\/10\/andres-feliz-gana-premio-de-jugador-de-la-semana\/#breadcrumb","itemListElement":[{"@type":"ListItem","position":1,"name":"Portada","item":"https:\/\/noti-america.com\/site\/repdom\/"},{"@type":"ListItem","position":2,"name":"Andr\u00e9s Feliz gana premio de Jugador de la Semana"}]},{"@type":"WebSite","@id":"https:\/\/noti-america.com\/site\/repdom\/#website","url":"https:\/\/noti-america.com\/site\/repdom\/","name":"Rep. Dominicana | Noti-America.com","description":"","publisher":{"@id":"https:\/\/noti-america.com\/site\/repdom\/#organization"},"potentialAction":[{"@type":"SearchAction","target":{"@type":"EntryPoint","urlTemplate":"https:\/\/noti-america.com\/site\/repdom\/?s={search_term_string}"},"query-input":{"@type":"PropertyValueSpecification","valueRequired":true,"valueName":"search_term_string"}}],"inLanguage":"es"},{"@type":"Organization","@id":"https:\/\/noti-america.com\/site\/repdom\/#organization","name":"Noti-America LLC | Rep\u00fablica Dominicana","url":"https:\/\/noti-america.com\/site\/repdom\/","logo":{"@type":"ImageObject","inLanguage":"es","@id":"https:\/\/noti-america.com\/site\/repdom\/#\/schema\/logo\/image\/","url":"https:\/\/noti-america.com\/site\/repdom\/wp-content\/uploads\/sites\/6\/2020\/07\/LogoNA-4x3-1.jpg","contentUrl":"https:\/\/noti-america.com\/site\/repdom\/wp-content\/uploads\/sites\/6\/2020\/07\/LogoNA-4x3-1.jpg","width":1236,"height":1080,"caption":"Noti-America LLC | Rep\u00fablica Dominicana"},"image":{"@id":"https:\/\/noti-america.com\/site\/repdom\/#\/schema\/logo\/image\/"}},{"@type":"Person","@id":"https:\/\/noti-america.com\/site\/repdom\/#\/schema\/person\/fd0092c1530d275fabaa5cffcbc2b976","name":"Ad\u00e1n Soriano","image":{"@type":"ImageObject","inLanguage":"es","@id":"https:\/\/secure.gravatar.com\/avatar\/ecf97ff3aee7ff9efdae670d7e976f3e7e8acc1077e510d73707999a8bfd4467?s=96&d=mm&r=g","url":"https:\/\/secure.gravatar.com\/avatar\/ecf97ff3aee7ff9efdae670d7e976f3e7e8acc1077e510d73707999a8bfd4467?s=96&d=mm&r=g","contentUrl":"https:\/\/secure.gravatar.com\/avatar\/ecf97ff3aee7ff9efdae670d7e976f3e7e8acc1077e510d73707999a8bfd4467?s=96&d=mm&r=g","caption":"Ad\u00e1n Soriano"},"description":"Soy cronista deportivo con 10 a\u00f1os de experiencia en varios espacios, y conduzco el podcast deportivo llamado Mezcla Deportiva","sameAs":["https:\/\/x.com\/adansoriano"],"url":"https:\/\/noti-america.com\/site\/repdom\/author\/asoriano\/"}]}},"_links":{"self":[{"href":"https:\/\/noti-america.com\/site\/repdom\/wp-json\/wp\/v2\/posts\/12204","targetHints":{"allow":["GET"]}}],"collection":[{"href":"https:\/\/noti-america.com\/site\/repdom\/wp-json\/wp\/v2\/posts"}],"about":[{"href":"https:\/\/noti-america.com\/site\/repdom\/wp-json\/wp\/v2\/types\/post"}],"author":[{"embeddable":true,"href":"https:\/\/noti-america.com\/site\/repdom\/wp-json\/wp\/v2\/users\/89"}],"replies":[{"embeddable":true,"href":"https:\/\/noti-america.com\/site\/repdom\/wp-json\/wp\/v2\/comments?post=12204"}],"version-history":[{"count":1,"href":"https:\/\/noti-america.com\/site\/repdom\/wp-json\/wp\/v2\/posts\/12204\/revisions"}],"predecessor-version":[{"id":12205,"href":"https:\/\/noti-america.com\/site\/repdom\/wp-json\/wp\/v2\/posts\/12204\/revisions\/12205"}],"wp:featuredmedia":[{"embeddable":true,"href":"https:\/\/noti-america.com\/site\/repdom\/wp-json\/wp\/v2\/media\/12149"}],"wp:attachment":[{"href":"https:\/\/noti-america.com\/site\/repdom\/wp-json\/wp\/v2\/media?parent=12204"}],"wp:term":[{"taxonomy":"category","embeddable":true,"href":"https:\/\/noti-america.com\/site\/repdom\/wp-json\/wp\/v2\/categories?post=12204"},{"taxonomy":"post_tag","embeddable":true,"href":"https:\/\/noti-america.com\/site\/repdom\/wp-json\/wp\/v2\/tags?post=12204"}],"curies":[{"name":"wp","href":"https:\/\/api.w.org\/{rel}","templated":true}]}}