{"id":12182,"date":"2021-08-09T05:11:32","date_gmt":"2021-08-09T05:11:32","guid":{"rendered":"https:\/\/noti-america.com\/site\/repdom\/?p=12182"},"modified":"2021-08-09T05:11:32","modified_gmt":"2021-08-09T05:11:32","slug":"dominicanos-vacunados-y-con-mascarillas-desfilan-en-la-sexta-avenida-de-manhattan","status":"publish","type":"post","link":"https:\/\/noti-america.com\/site\/repdom\/2021\/08\/09\/dominicanos-vacunados-y-con-mascarillas-desfilan-en-la-sexta-avenida-de-manhattan\/","title":{"rendered":"Dominicanos \u201cvacunados y con mascarillas\u201d desfilan en la Sexta Avenida de Manhattan"},"content":{"rendered":"<div class=\"video-container\"><iframe loading=\"lazy\" title=\"Dominicanos \u201cVacunados y con Mascarillas\u201d desfilan en la Sexta Avenida  de Manhattan\" width=\"500\" height=\"281\" src=\"https:\/\/www.youtube.com\/embed\/DMWkN7a7qe8?feature=oembed&#038;wmode=opaque\" frameborder=\"0\" allow=\"accelerometer; autoplay; clipboard-write; encrypted-media; gyroscope; picture-in-picture; web-share\" referrerpolicy=\"strict-origin-when-cross-origin\" allowfullscreen><\/iframe><\/div>\n<p style=\"text-align: justify\" align=\"left\">Manhattan, NY &#8211; Cientos de dominicanos acogieron las medidas de restricciones por el Covid 19, y salieron a disfrutar y compartir como hermanos de la 39 edici\u00f3n del desfile nacional dominicano en New York \u201cDominican Day Parade\u201d.<\/p>\n<p style=\"text-align: justify\" align=\"left\">El Gran Mariscal Nelson Javier (El Cocodrilo) junto a varios l\u00edderes electos dominicanos e invitados especiales como son el concejal Ydanis Rodr\u00edguez, la vicegobernadora de Rhode Island Sabina Matos, la asamble\u00edsta Carmen de la Rosa, el ex-concejal Guillermo Linares, el c\u00f3nsul dominicano en Nueva York, Eligio Jaquez, entre otros acompa\u00f1aron a los directivos de la organizaci\u00f3n encabezado por Cristina Contreras, Presidenta, Junta Directiva, donde dieron inicio del tradicional desfile.<\/p>\n<p style=\"text-align: justify\" align=\"left\">El Grand Mariscal Nelson Javier (El Cocodrilo) un experimentado comunicador, locutor, productor y presentador de TV de Santiago de los Caballeros y ganador de premios por su larga trayectoria de m\u00e1s de 40 a\u00f1os, agradeci\u00f3 acogida de los dominicanos de New York. \u201dGracias a los directivos de este gran desfile por tan alta distinci\u00f3n. Le ruego a cada dominicanos levantar su bandera, crear metas y sentirse importante y orgullo de ser de la mejor tierra del mundo \u00a1La Rep\u00fablica Dominicana! Dios los Bendiga a todos\u201d.<\/p>\n<p style=\"text-align: justify\" align=\"left\">\u201cEstamos vacunados y con mascarillas por eso vengo al desfile que es de los dominicanos. El que no se vacuno no est\u00e1 aqu\u00ed. Debemos vacunarnos para poder disfrutar actividades como esta que me hacen sentir m\u00e1s dominicano\u201d, dijo Luis Perdomo, mientras disfrutaba del desfile.<\/p>\n<p style=\"text-align: justify\" align=\"left\">\u201cMe siento muy feliz de disfrutar este d\u00eda con mi gente dominicana. Despu\u00e9s de este alivio de la pandemia y compartir con los dominicanos aqu\u00ed en la sexta avenida me hace muy feliz a m\u00ed y a mi familia. Gracias a todos los organizadores y a todos los participantes por hacerme este gran d\u00eda\u201d, dijo Raquel Almonte al portal digital Al D\u00eda TV M\u00e1s.<\/p>\n<p style=\"text-align: justify\" align=\"left\">Fue un desfile muy diferente pero muy entretenido cargado del calor humano de los dominicanos y con un colorido patri\u00f3tico reflejado en la bandera tricolor, realizado seg\u00fan las instrucciones de la ciudad de New York motivado a las regulaciones sanitarias debido al COVID-19. La edici\u00f3n #39 se realiz\u00f3 en la sexta avenida desde las calles 43 hasta la 52 con una tarima para mostrar ra\u00edces y cultura en las calles 46 y 47 de la Avenida de las Am\u00e9ricas.<\/p>\n<p style=\"text-align: justify\" align=\"left\">Carrozas, Lechones, Diablo Cojuelo, Roba La Gallina, Folclor Dominicano, m\u00fasica y la alegr\u00eda de todos los dominicanos que participaron hicieron vibrar y alborotar una de las calles m\u00e1s ic\u00f3nicas de Manhattan.<\/p>\n<p style=\"text-align: justify\" align=\"left\">Cristina Contreras, Presidenta, Junta Directiva, agradeci\u00f3 el respaldo de los dominicanos al desfile donde se present\u00f3 herencia y cultura dominicana. \u201cEl desfile es una tradici\u00f3n amada por la comunidad dominicana, \u00a1pero es solo la punta del iceberg de nuestra organizaci\u00f3n! Para nosotros, el Desfile del D\u00eda Dominicano es mucho m\u00e1s que un desfile. A lo largo del a\u00f1o, llevamos a cabo varios eventos que incluyen talleres, becas, campa\u00f1as de recolecci\u00f3n de alimentos, la gala anual y eventos de inicio del desfile en los cinco condados\u201d.<\/p>\n<p style=\"text-align: justify\" align=\"left\">Dominican Day Parade, Inc. es una organizaci\u00f3n sin fines de lucro 501 (c) (3) no partidista, que organiza el desfile anual, las festividades y las iniciativas educativas que promueven la riqueza de la cultura, el folclore y las tradiciones populares de la Rep\u00fablica Dominicana.<\/p>\n<p style=\"text-align: justify\" align=\"left\"><strong>Fuente: Jos\u00e9 Zabala<\/strong><\/p>\n","protected":false},"excerpt":{"rendered":"<p>Manhattan, NY &#8211; Cientos de dominicanos acogieron las medidas de restricciones por el Covid 19, y salieron a disfrutar y compartir como hermanos de la 39 edici\u00f3n del desfile nacional dominicano en New York&#46;&#46;&#46;<\/p>\n","protected":false},"author":89,"featured_media":12183,"comment_status":"open","ping_status":"open","sticky":false,"template":"","format":"standard","meta":{"_acf_changed":false,"rop_custom_images_group":[],"rop_custom_messages_group":[],"rop_publish_now":"initial","rop_publish_now_accounts":[],"rop_publish_now_history":[],"rop_publish_now_status":"pending","footnotes":""},"categories":[366],"tags":[],"class_list":["post-12182","post","type-post","status-publish","format-standard","has-post-thumbnail","hentry","category-sociales"],"acf":[],"yoast_head":"<!-- This site is optimized with the Yoast SEO Premium plugin v24.9 (Yoast SEO v27.2) - https:\/\/yoast.com\/product\/yoast-seo-premium-wordpress\/ -->\n<title>Dominicanos \u201cvacunados y con mascarillas\u201d desfilan en la Sexta Avenida de Manhattan - Rep. Dominicana | Noti-America.com<\/title>\n<meta name=\"robots\" content=\"index, follow, max-snippet:-1, max-image-preview:large, max-video-preview:-1\" \/>\n<link rel=\"canonical\" href=\"https:\/\/noti-america.com\/site\/repdom\/2021\/08\/09\/dominicanos-vacunados-y-con-mascarillas-desfilan-en-la-sexta-avenida-de-manhattan\/\" \/>\n<meta property=\"og:locale\" content=\"es_ES\" \/>\n<meta property=\"og:type\" content=\"article\" \/>\n<meta property=\"og:title\" content=\"Dominicanos \u201cvacunados y con mascarillas\u201d desfilan en la Sexta Avenida de Manhattan\" \/>\n<meta property=\"og:description\" content=\"Manhattan, NY &#8211; Cientos de dominicanos acogieron las medidas de restricciones por el Covid 19, y salieron a disfrutar y compartir como hermanos de la 39 edici\u00f3n del desfile nacional dominicano en New York&#046;&#046;&#046;\" \/>\n<meta property=\"og:url\" content=\"https:\/\/noti-america.com\/site\/repdom\/2021\/08\/09\/dominicanos-vacunados-y-con-mascarillas-desfilan-en-la-sexta-avenida-de-manhattan\/\" \/>\n<meta property=\"og:site_name\" content=\"Rep. Dominicana | Noti-America.com\" \/>\n<meta property=\"article:published_time\" content=\"2021-08-09T05:11:32+00:00\" \/>\n<meta property=\"og:image\" content=\"https:\/\/noti-america.com\/site\/repdom\/wp-content\/uploads\/sites\/6\/2021\/08\/Dominicanos-en-NY.jpg\" \/>\n\t<meta property=\"og:image:width\" content=\"720\" \/>\n\t<meta property=\"og:image:height\" content=\"960\" \/>\n\t<meta property=\"og:image:type\" content=\"image\/jpeg\" \/>\n<meta name=\"author\" content=\"Ad\u00e1n Soriano\" \/>\n<meta name=\"twitter:card\" content=\"summary_large_image\" \/>\n<meta name=\"twitter:creator\" content=\"@adansoriano\" \/>\n<meta name=\"twitter:label1\" content=\"Escrito por\" \/>\n\t<meta name=\"twitter:data1\" content=\"Ad\u00e1n Soriano\" \/>\n\t<meta name=\"twitter:label2\" content=\"Tiempo estimado de lectura\" \/>\n\t<meta name=\"twitter:data2\" content=\"3 minutos\" \/>\n<script type=\"application\/ld+json\" class=\"yoast-schema-graph\">{\"@context\":\"https:\/\/schema.org\",\"@graph\":[{\"@type\":\"Article\",\"@id\":\"https:\/\/noti-america.com\/site\/repdom\/2021\/08\/09\/dominicanos-vacunados-y-con-mascarillas-desfilan-en-la-sexta-avenida-de-manhattan\/#article\",\"isPartOf\":{\"@id\":\"https:\/\/noti-america.com\/site\/repdom\/2021\/08\/09\/dominicanos-vacunados-y-con-mascarillas-desfilan-en-la-sexta-avenida-de-manhattan\/\"},\"author\":{\"name\":\"Ad\u00e1n Soriano\",\"@id\":\"https:\/\/noti-america.com\/site\/repdom\/#\/schema\/person\/fd0092c1530d275fabaa5cffcbc2b976\"},\"headline\":\"Dominicanos \u201cvacunados y con mascarillas\u201d desfilan en la Sexta Avenida de Manhattan\",\"datePublished\":\"2021-08-09T05:11:32+00:00\",\"mainEntityOfPage\":{\"@id\":\"https:\/\/noti-america.com\/site\/repdom\/2021\/08\/09\/dominicanos-vacunados-y-con-mascarillas-desfilan-en-la-sexta-avenida-de-manhattan\/\"},\"wordCount\":587,\"commentCount\":0,\"publisher\":{\"@id\":\"https:\/\/noti-america.com\/site\/repdom\/#organization\"},\"image\":{\"@id\":\"https:\/\/noti-america.com\/site\/repdom\/2021\/08\/09\/dominicanos-vacunados-y-con-mascarillas-desfilan-en-la-sexta-avenida-de-manhattan\/#primaryimage\"},\"thumbnailUrl\":\"https:\/\/noti-america.com\/site\/repdom\/wp-content\/uploads\/sites\/6\/2021\/08\/Dominicanos-en-NY.jpg\",\"articleSection\":[\"Sociales\"],\"inLanguage\":\"es\",\"potentialAction\":[{\"@type\":\"CommentAction\",\"name\":\"Comment\",\"target\":[\"https:\/\/noti-america.com\/site\/repdom\/2021\/08\/09\/dominicanos-vacunados-y-con-mascarillas-desfilan-en-la-sexta-avenida-de-manhattan\/#respond\"]}]},{\"@type\":\"WebPage\",\"@id\":\"https:\/\/noti-america.com\/site\/repdom\/2021\/08\/09\/dominicanos-vacunados-y-con-mascarillas-desfilan-en-la-sexta-avenida-de-manhattan\/\",\"url\":\"https:\/\/noti-america.com\/site\/repdom\/2021\/08\/09\/dominicanos-vacunados-y-con-mascarillas-desfilan-en-la-sexta-avenida-de-manhattan\/\",\"name\":\"Dominicanos \u201cvacunados y con mascarillas\u201d desfilan en la Sexta Avenida de Manhattan - Rep. Dominicana | Noti-America.com\",\"isPartOf\":{\"@id\":\"https:\/\/noti-america.com\/site\/repdom\/#website\"},\"primaryImageOfPage\":{\"@id\":\"https:\/\/noti-america.com\/site\/repdom\/2021\/08\/09\/dominicanos-vacunados-y-con-mascarillas-desfilan-en-la-sexta-avenida-de-manhattan\/#primaryimage\"},\"image\":{\"@id\":\"https:\/\/noti-america.com\/site\/repdom\/2021\/08\/09\/dominicanos-vacunados-y-con-mascarillas-desfilan-en-la-sexta-avenida-de-manhattan\/#primaryimage\"},\"thumbnailUrl\":\"https:\/\/noti-america.com\/site\/repdom\/wp-content\/uploads\/sites\/6\/2021\/08\/Dominicanos-en-NY.jpg\",\"datePublished\":\"2021-08-09T05:11:32+00:00\",\"breadcrumb\":{\"@id\":\"https:\/\/noti-america.com\/site\/repdom\/2021\/08\/09\/dominicanos-vacunados-y-con-mascarillas-desfilan-en-la-sexta-avenida-de-manhattan\/#breadcrumb\"},\"inLanguage\":\"es\",\"potentialAction\":[{\"@type\":\"ReadAction\",\"target\":[\"https:\/\/noti-america.com\/site\/repdom\/2021\/08\/09\/dominicanos-vacunados-y-con-mascarillas-desfilan-en-la-sexta-avenida-de-manhattan\/\"]}]},{\"@type\":\"ImageObject\",\"inLanguage\":\"es\",\"@id\":\"https:\/\/noti-america.com\/site\/repdom\/2021\/08\/09\/dominicanos-vacunados-y-con-mascarillas-desfilan-en-la-sexta-avenida-de-manhattan\/#primaryimage\",\"url\":\"https:\/\/noti-america.com\/site\/repdom\/wp-content\/uploads\/sites\/6\/2021\/08\/Dominicanos-en-NY.jpg\",\"contentUrl\":\"https:\/\/noti-america.com\/site\/repdom\/wp-content\/uploads\/sites\/6\/2021\/08\/Dominicanos-en-NY.jpg\",\"width\":720,\"height\":960},{\"@type\":\"BreadcrumbList\",\"@id\":\"https:\/\/noti-america.com\/site\/repdom\/2021\/08\/09\/dominicanos-vacunados-y-con-mascarillas-desfilan-en-la-sexta-avenida-de-manhattan\/#breadcrumb\",\"itemListElement\":[{\"@type\":\"ListItem\",\"position\":1,\"name\":\"Portada\",\"item\":\"https:\/\/noti-america.com\/site\/repdom\/\"},{\"@type\":\"ListItem\",\"position\":2,\"name\":\"Dominicanos \u201cvacunados y con mascarillas\u201d desfilan en la Sexta Avenida de Manhattan\"}]},{\"@type\":\"WebSite\",\"@id\":\"https:\/\/noti-america.com\/site\/repdom\/#website\",\"url\":\"https:\/\/noti-america.com\/site\/repdom\/\",\"name\":\"Rep. Dominicana | Noti-America.com\",\"description\":\"\",\"publisher\":{\"@id\":\"https:\/\/noti-america.com\/site\/repdom\/#organization\"},\"potentialAction\":[{\"@type\":\"SearchAction\",\"target\":{\"@type\":\"EntryPoint\",\"urlTemplate\":\"https:\/\/noti-america.com\/site\/repdom\/?s={search_term_string}\"},\"query-input\":{\"@type\":\"PropertyValueSpecification\",\"valueRequired\":true,\"valueName\":\"search_term_string\"}}],\"inLanguage\":\"es\"},{\"@type\":\"Organization\",\"@id\":\"https:\/\/noti-america.com\/site\/repdom\/#organization\",\"name\":\"Noti-America LLC | Rep\u00fablica Dominicana\",\"url\":\"https:\/\/noti-america.com\/site\/repdom\/\",\"logo\":{\"@type\":\"ImageObject\",\"inLanguage\":\"es\",\"@id\":\"https:\/\/noti-america.com\/site\/repdom\/#\/schema\/logo\/image\/\",\"url\":\"https:\/\/noti-america.com\/site\/repdom\/wp-content\/uploads\/sites\/6\/2020\/07\/LogoNA-4x3-1.jpg\",\"contentUrl\":\"https:\/\/noti-america.com\/site\/repdom\/wp-content\/uploads\/sites\/6\/2020\/07\/LogoNA-4x3-1.jpg\",\"width\":1236,\"height\":1080,\"caption\":\"Noti-America LLC | Rep\u00fablica Dominicana\"},\"image\":{\"@id\":\"https:\/\/noti-america.com\/site\/repdom\/#\/schema\/logo\/image\/\"}},{\"@type\":\"Person\",\"@id\":\"https:\/\/noti-america.com\/site\/repdom\/#\/schema\/person\/fd0092c1530d275fabaa5cffcbc2b976\",\"name\":\"Ad\u00e1n Soriano\",\"image\":{\"@type\":\"ImageObject\",\"inLanguage\":\"es\",\"@id\":\"https:\/\/secure.gravatar.com\/avatar\/ecf97ff3aee7ff9efdae670d7e976f3e7e8acc1077e510d73707999a8bfd4467?s=96&d=mm&r=g\",\"url\":\"https:\/\/secure.gravatar.com\/avatar\/ecf97ff3aee7ff9efdae670d7e976f3e7e8acc1077e510d73707999a8bfd4467?s=96&d=mm&r=g\",\"contentUrl\":\"https:\/\/secure.gravatar.com\/avatar\/ecf97ff3aee7ff9efdae670d7e976f3e7e8acc1077e510d73707999a8bfd4467?s=96&d=mm&r=g\",\"caption\":\"Ad\u00e1n Soriano\"},\"description\":\"Soy cronista deportivo con 10 a\u00f1os de experiencia en varios espacios, y conduzco el podcast deportivo llamado Mezcla Deportiva\",\"sameAs\":[\"https:\/\/x.com\/adansoriano\"],\"url\":\"https:\/\/noti-america.com\/site\/repdom\/author\/asoriano\/\"}]}<\/script>\n<!-- \/ Yoast SEO Premium plugin. -->","yoast_head_json":{"title":"Dominicanos \u201cvacunados y con mascarillas\u201d desfilan en la Sexta Avenida de Manhattan - Rep. Dominicana | Noti-America.com","robots":{"index":"index","follow":"follow","max-snippet":"max-snippet:-1","max-image-preview":"max-image-preview:large","max-video-preview":"max-video-preview:-1"},"canonical":"https:\/\/noti-america.com\/site\/repdom\/2021\/08\/09\/dominicanos-vacunados-y-con-mascarillas-desfilan-en-la-sexta-avenida-de-manhattan\/","og_locale":"es_ES","og_type":"article","og_title":"Dominicanos \u201cvacunados y con mascarillas\u201d desfilan en la Sexta Avenida de Manhattan","og_description":"Manhattan, NY &#8211; Cientos de dominicanos acogieron las medidas de restricciones por el Covid 19, y salieron a disfrutar y compartir como hermanos de la 39 edici\u00f3n del desfile nacional dominicano en New York&#46;&#46;&#46;","og_url":"https:\/\/noti-america.com\/site\/repdom\/2021\/08\/09\/dominicanos-vacunados-y-con-mascarillas-desfilan-en-la-sexta-avenida-de-manhattan\/","og_site_name":"Rep. Dominicana | Noti-America.com","article_published_time":"2021-08-09T05:11:32+00:00","og_image":[{"width":720,"height":960,"url":"https:\/\/noti-america.com\/site\/repdom\/wp-content\/uploads\/sites\/6\/2021\/08\/Dominicanos-en-NY.jpg","type":"image\/jpeg"}],"author":"Ad\u00e1n Soriano","twitter_card":"summary_large_image","twitter_creator":"@adansoriano","twitter_misc":{"Escrito por":"Ad\u00e1n Soriano","Tiempo estimado de lectura":"3 minutos"},"schema":{"@context":"https:\/\/schema.org","@graph":[{"@type":"Article","@id":"https:\/\/noti-america.com\/site\/repdom\/2021\/08\/09\/dominicanos-vacunados-y-con-mascarillas-desfilan-en-la-sexta-avenida-de-manhattan\/#article","isPartOf":{"@id":"https:\/\/noti-america.com\/site\/repdom\/2021\/08\/09\/dominicanos-vacunados-y-con-mascarillas-desfilan-en-la-sexta-avenida-de-manhattan\/"},"author":{"name":"Ad\u00e1n Soriano","@id":"https:\/\/noti-america.com\/site\/repdom\/#\/schema\/person\/fd0092c1530d275fabaa5cffcbc2b976"},"headline":"Dominicanos \u201cvacunados y con mascarillas\u201d desfilan en la Sexta Avenida de Manhattan","datePublished":"2021-08-09T05:11:32+00:00","mainEntityOfPage":{"@id":"https:\/\/noti-america.com\/site\/repdom\/2021\/08\/09\/dominicanos-vacunados-y-con-mascarillas-desfilan-en-la-sexta-avenida-de-manhattan\/"},"wordCount":587,"commentCount":0,"publisher":{"@id":"https:\/\/noti-america.com\/site\/repdom\/#organization"},"image":{"@id":"https:\/\/noti-america.com\/site\/repdom\/2021\/08\/09\/dominicanos-vacunados-y-con-mascarillas-desfilan-en-la-sexta-avenida-de-manhattan\/#primaryimage"},"thumbnailUrl":"https:\/\/noti-america.com\/site\/repdom\/wp-content\/uploads\/sites\/6\/2021\/08\/Dominicanos-en-NY.jpg","articleSection":["Sociales"],"inLanguage":"es","potentialAction":[{"@type":"CommentAction","name":"Comment","target":["https:\/\/noti-america.com\/site\/repdom\/2021\/08\/09\/dominicanos-vacunados-y-con-mascarillas-desfilan-en-la-sexta-avenida-de-manhattan\/#respond"]}]},{"@type":"WebPage","@id":"https:\/\/noti-america.com\/site\/repdom\/2021\/08\/09\/dominicanos-vacunados-y-con-mascarillas-desfilan-en-la-sexta-avenida-de-manhattan\/","url":"https:\/\/noti-america.com\/site\/repdom\/2021\/08\/09\/dominicanos-vacunados-y-con-mascarillas-desfilan-en-la-sexta-avenida-de-manhattan\/","name":"Dominicanos \u201cvacunados y con mascarillas\u201d desfilan en la Sexta Avenida de Manhattan - Rep. Dominicana | Noti-America.com","isPartOf":{"@id":"https:\/\/noti-america.com\/site\/repdom\/#website"},"primaryImageOfPage":{"@id":"https:\/\/noti-america.com\/site\/repdom\/2021\/08\/09\/dominicanos-vacunados-y-con-mascarillas-desfilan-en-la-sexta-avenida-de-manhattan\/#primaryimage"},"image":{"@id":"https:\/\/noti-america.com\/site\/repdom\/2021\/08\/09\/dominicanos-vacunados-y-con-mascarillas-desfilan-en-la-sexta-avenida-de-manhattan\/#primaryimage"},"thumbnailUrl":"https:\/\/noti-america.com\/site\/repdom\/wp-content\/uploads\/sites\/6\/2021\/08\/Dominicanos-en-NY.jpg","datePublished":"2021-08-09T05:11:32+00:00","breadcrumb":{"@id":"https:\/\/noti-america.com\/site\/repdom\/2021\/08\/09\/dominicanos-vacunados-y-con-mascarillas-desfilan-en-la-sexta-avenida-de-manhattan\/#breadcrumb"},"inLanguage":"es","potentialAction":[{"@type":"ReadAction","target":["https:\/\/noti-america.com\/site\/repdom\/2021\/08\/09\/dominicanos-vacunados-y-con-mascarillas-desfilan-en-la-sexta-avenida-de-manhattan\/"]}]},{"@type":"ImageObject","inLanguage":"es","@id":"https:\/\/noti-america.com\/site\/repdom\/2021\/08\/09\/dominicanos-vacunados-y-con-mascarillas-desfilan-en-la-sexta-avenida-de-manhattan\/#primaryimage","url":"https:\/\/noti-america.com\/site\/repdom\/wp-content\/uploads\/sites\/6\/2021\/08\/Dominicanos-en-NY.jpg","contentUrl":"https:\/\/noti-america.com\/site\/repdom\/wp-content\/uploads\/sites\/6\/2021\/08\/Dominicanos-en-NY.jpg","width":720,"height":960},{"@type":"BreadcrumbList","@id":"https:\/\/noti-america.com\/site\/repdom\/2021\/08\/09\/dominicanos-vacunados-y-con-mascarillas-desfilan-en-la-sexta-avenida-de-manhattan\/#breadcrumb","itemListElement":[{"@type":"ListItem","position":1,"name":"Portada","item":"https:\/\/noti-america.com\/site\/repdom\/"},{"@type":"ListItem","position":2,"name":"Dominicanos \u201cvacunados y con mascarillas\u201d desfilan en la Sexta Avenida de Manhattan"}]},{"@type":"WebSite","@id":"https:\/\/noti-america.com\/site\/repdom\/#website","url":"https:\/\/noti-america.com\/site\/repdom\/","name":"Rep. Dominicana | Noti-America.com","description":"","publisher":{"@id":"https:\/\/noti-america.com\/site\/repdom\/#organization"},"potentialAction":[{"@type":"SearchAction","target":{"@type":"EntryPoint","urlTemplate":"https:\/\/noti-america.com\/site\/repdom\/?s={search_term_string}"},"query-input":{"@type":"PropertyValueSpecification","valueRequired":true,"valueName":"search_term_string"}}],"inLanguage":"es"},{"@type":"Organization","@id":"https:\/\/noti-america.com\/site\/repdom\/#organization","name":"Noti-America LLC | Rep\u00fablica Dominicana","url":"https:\/\/noti-america.com\/site\/repdom\/","logo":{"@type":"ImageObject","inLanguage":"es","@id":"https:\/\/noti-america.com\/site\/repdom\/#\/schema\/logo\/image\/","url":"https:\/\/noti-america.com\/site\/repdom\/wp-content\/uploads\/sites\/6\/2020\/07\/LogoNA-4x3-1.jpg","contentUrl":"https:\/\/noti-america.com\/site\/repdom\/wp-content\/uploads\/sites\/6\/2020\/07\/LogoNA-4x3-1.jpg","width":1236,"height":1080,"caption":"Noti-America LLC | Rep\u00fablica Dominicana"},"image":{"@id":"https:\/\/noti-america.com\/site\/repdom\/#\/schema\/logo\/image\/"}},{"@type":"Person","@id":"https:\/\/noti-america.com\/site\/repdom\/#\/schema\/person\/fd0092c1530d275fabaa5cffcbc2b976","name":"Ad\u00e1n Soriano","image":{"@type":"ImageObject","inLanguage":"es","@id":"https:\/\/secure.gravatar.com\/avatar\/ecf97ff3aee7ff9efdae670d7e976f3e7e8acc1077e510d73707999a8bfd4467?s=96&d=mm&r=g","url":"https:\/\/secure.gravatar.com\/avatar\/ecf97ff3aee7ff9efdae670d7e976f3e7e8acc1077e510d73707999a8bfd4467?s=96&d=mm&r=g","contentUrl":"https:\/\/secure.gravatar.com\/avatar\/ecf97ff3aee7ff9efdae670d7e976f3e7e8acc1077e510d73707999a8bfd4467?s=96&d=mm&r=g","caption":"Ad\u00e1n Soriano"},"description":"Soy cronista deportivo con 10 a\u00f1os de experiencia en varios espacios, y conduzco el podcast deportivo llamado Mezcla Deportiva","sameAs":["https:\/\/x.com\/adansoriano"],"url":"https:\/\/noti-america.com\/site\/repdom\/author\/asoriano\/"}]}},"_links":{"self":[{"href":"https:\/\/noti-america.com\/site\/repdom\/wp-json\/wp\/v2\/posts\/12182","targetHints":{"allow":["GET"]}}],"collection":[{"href":"https:\/\/noti-america.com\/site\/repdom\/wp-json\/wp\/v2\/posts"}],"about":[{"href":"https:\/\/noti-america.com\/site\/repdom\/wp-json\/wp\/v2\/types\/post"}],"author":[{"embeddable":true,"href":"https:\/\/noti-america.com\/site\/repdom\/wp-json\/wp\/v2\/users\/89"}],"replies":[{"embeddable":true,"href":"https:\/\/noti-america.com\/site\/repdom\/wp-json\/wp\/v2\/comments?post=12182"}],"version-history":[{"count":1,"href":"https:\/\/noti-america.com\/site\/repdom\/wp-json\/wp\/v2\/posts\/12182\/revisions"}],"predecessor-version":[{"id":12184,"href":"https:\/\/noti-america.com\/site\/repdom\/wp-json\/wp\/v2\/posts\/12182\/revisions\/12184"}],"wp:featuredmedia":[{"embeddable":true,"href":"https:\/\/noti-america.com\/site\/repdom\/wp-json\/wp\/v2\/media\/12183"}],"wp:attachment":[{"href":"https:\/\/noti-america.com\/site\/repdom\/wp-json\/wp\/v2\/media?parent=12182"}],"wp:term":[{"taxonomy":"category","embeddable":true,"href":"https:\/\/noti-america.com\/site\/repdom\/wp-json\/wp\/v2\/categories?post=12182"},{"taxonomy":"post_tag","embeddable":true,"href":"https:\/\/noti-america.com\/site\/repdom\/wp-json\/wp\/v2\/tags?post=12182"}],"curies":[{"name":"wp","href":"https:\/\/api.w.org\/{rel}","templated":true}]}}