{"id":12109,"date":"2021-08-05T16:20:35","date_gmt":"2021-08-05T16:20:35","guid":{"rendered":"https:\/\/noti-america.com\/site\/repdom\/?p=12109"},"modified":"2021-08-05T16:20:35","modified_gmt":"2021-08-05T16:20:35","slug":"felipe-febles-destaca-la-importancia-del-evento-noche-nacional-contra-el-crimen-en-el-condado-del-bronx","status":"publish","type":"post","link":"https:\/\/noti-america.com\/site\/repdom\/2021\/08\/05\/felipe-febles-destaca-la-importancia-del-evento-noche-nacional-contra-el-crimen-en-el-condado-del-bronx\/","title":{"rendered":"Felipe Febles destaca la importancia del evento \u201cNoche Nacional contra el Crimen\u201d en el condado del Bronx"},"content":{"rendered":"<div class=\"video-container\"><iframe loading=\"lazy\" title=\"Dominicano Felipe Febles destaca la importancia del evento \u201cNoche Nacional contra el Crimen\u201d\" width=\"500\" height=\"281\" src=\"https:\/\/www.youtube.com\/embed\/4vgbT6ZsFQk?feature=oembed&#038;wmode=opaque\" frameborder=\"0\" allow=\"accelerometer; autoplay; clipboard-write; encrypted-media; gyroscope; picture-in-picture; web-share\" referrerpolicy=\"strict-origin-when-cross-origin\" allowfullscreen><\/iframe><\/div>\n<p style=\"text-align: justify\" align=\"left\">BRONX, New York &#8211; El Departamento de Polic\u00eda de la ciudad de Nueva York junto a funcionarios y l\u00edderes comunitarios donde participan electos en m\u00e1s de 70 ubicaciones celebraron con gran \u00e9xito el tradicional evento \u201cNoche Nacional contra el Crimen\u201d este martes 3 de agosto del 2021. Esta actividad es una campa\u00f1a anual de construcci\u00f3n de la comunidad, que promueve las relaciones entre la polic\u00eda y la comunidad para ayudar a los vecindarios sean m\u00e1s seguros y lograr una vecindad y mejores lugares para vivir.<\/p>\n<p style=\"text-align: justify\" align=\"left\">La Noche Nacional contra el Crimen, busca fortalecer la relaci\u00f3n entre vecinos y fuerzas del orden, fomentando un verdadero sentido de comunidad. Durante la actividad se disfruta de la barbacoa y de las casas inflables, pintura facial, comida y diversi\u00f3n. Adem\u00e1s, se vive un ambiente de familiaridad donde participan l\u00edderes electos del distrito y donde se interact\u00faa con vecinos, miembros de la comunidad y negocios locales con el objetivo com\u00fan de asociaci\u00f3n y seguridad.<\/p>\n<p style=\"text-align: justify\" align=\"left\">\u201cQuiero felicitar al comandante dominicano Charlie Bello, a la detective de asuntos comunitarios Carmen Tejada, y los dem\u00e1s oficiales del precinto 44 del Bronx por la organizaci\u00f3n del evento, su gran labor comunitaria y el por el gran trabajo en la lucha contra el crimen. Tambi\u00e9n quiero felicitar a los dem\u00e1s precintos del NYPD en el Bronx por su defensa de todas las comunidades que residen en este hist\u00f3rico condado. Este es uno de los mejores eventos que se realizan en el Bronx porque une la comunidad y nos da la fortaleza de trabajar de manera preventiva junto al NYPD en la lucha contra el crimen en el condado en favor de la seguridad de todos. Nosotros como organizaci\u00f3n comunitaria tenemos un compromiso de trabajar el pr\u00f3ximo a\u00f1o junto al precinto 44, 46, 48 y otros precintos del Bronx. Comenzamos a preparar un buen equipo de nuestra organizaci\u00f3n para participar en el pr\u00f3ximo evento en un gran encuentro deportivo y cultural\u201d, dijo Felipe Febles.<\/p>\n<p style=\"text-align: justify\" align=\"left\">Febles durante su participaci\u00f3n se hizo acompa\u00f1ar de Jos\u00e9 Ortiz, primer vicepresidente de la organizaci\u00f3n y de Edderkys Gonz\u00e1lez, secretaria ejecutiva, quienes destacaron la importancia del evento, donde compartieron con todos los presentes.<\/p>\n<p style=\"text-align: justify\" align=\"left\">En la Noche Nacional contra el Crimen del precinto 44 participaron oficiales del departamento de comunidad, oficiales voluntarios, l\u00edderes electos entre ellos el congresista Ritchie Torres, la concejal Vanessa Gibson, Junta Comunal #4: Marta Reyes, entre otros l\u00edderes electos y comunitarios. Tambi\u00e9n se reconocieron a varios oficiales del NYPD y l\u00edderes comunitarios por su desempe\u00f1o y la organizaci\u00f3n del evento.<\/p>\n<p style=\"text-align: justify\" align=\"left\">Cabe destacar que \u201cLa Noche Nacional contra el Crimen\u201d, mejora la relaci\u00f3n entre los vecinos y las fuerzas del orden al mismo tiempo que devuelve un verdadero sentido de comunidad. Adem\u00e1s, brinda una gran oportunidad para unir a la polic\u00eda y los vecinos en circunstancias positivas. Millones de vecinos participaron en la Noche Nacional contra el Crimen en miles de comunidades de los cincuenta estados, territorios de Estados Unidos y bases militares en todo el mundo el primer martes de agosto (Texas y \u00e1reas selectas celebran el primer martes de octubre). Los vecindarios albergan fiestas de cuadra, festivales, desfiles, comidas al aire libre y varios otros eventos comunitarios con demostraciones de seguridad, seminarios, eventos para j\u00f3venes, visitas del personal de emergencia, exhibiciones y mucho m\u00e1s.<\/p>\n<p style=\"text-align: justify\" align=\"left\"><strong>Fuente: Jos\u00e9 Zabala<\/strong><\/p>\n","protected":false},"excerpt":{"rendered":"<p>BRONX, New York &#8211; El Departamento de Polic\u00eda de la ciudad de Nueva York junto a funcionarios y l\u00edderes comunitarios donde participan electos en m\u00e1s de 70 ubicaciones celebraron con gran \u00e9xito el tradicional&#46;&#46;&#46;<\/p>\n","protected":false},"author":89,"featured_media":12110,"comment_status":"open","ping_status":"open","sticky":false,"template":"","format":"standard","meta":{"_acf_changed":false,"rop_custom_images_group":[],"rop_custom_messages_group":[],"rop_publish_now":"initial","rop_publish_now_accounts":[],"rop_publish_now_history":[],"rop_publish_now_status":"pending","footnotes":""},"categories":[4],"tags":[],"class_list":["post-12109","post","type-post","status-publish","format-standard","has-post-thumbnail","hentry","category-internacionales"],"acf":[],"yoast_head":"<!-- This site is optimized with the Yoast SEO Premium plugin v24.9 (Yoast SEO v27.2) - https:\/\/yoast.com\/product\/yoast-seo-premium-wordpress\/ -->\n<title>Felipe Febles destaca la importancia del evento \u201cNoche Nacional contra el Crimen\u201d en el condado del Bronx - Rep. Dominicana | Noti-America.com<\/title>\n<meta name=\"robots\" content=\"index, follow, max-snippet:-1, max-image-preview:large, max-video-preview:-1\" \/>\n<link rel=\"canonical\" href=\"https:\/\/noti-america.com\/site\/repdom\/2021\/08\/05\/felipe-febles-destaca-la-importancia-del-evento-noche-nacional-contra-el-crimen-en-el-condado-del-bronx\/\" \/>\n<meta property=\"og:locale\" content=\"es_ES\" \/>\n<meta property=\"og:type\" content=\"article\" \/>\n<meta property=\"og:title\" content=\"Felipe Febles destaca la importancia del evento \u201cNoche Nacional contra el Crimen\u201d en el condado del Bronx\" \/>\n<meta property=\"og:description\" content=\"BRONX, New York &#8211; El Departamento de Polic\u00eda de la ciudad de Nueva York junto a funcionarios y l\u00edderes comunitarios donde participan electos en m\u00e1s de 70 ubicaciones celebraron con gran \u00e9xito el tradicional&#046;&#046;&#046;\" \/>\n<meta property=\"og:url\" content=\"https:\/\/noti-america.com\/site\/repdom\/2021\/08\/05\/felipe-febles-destaca-la-importancia-del-evento-noche-nacional-contra-el-crimen-en-el-condado-del-bronx\/\" \/>\n<meta property=\"og:site_name\" content=\"Rep. Dominicana | Noti-America.com\" \/>\n<meta property=\"article:published_time\" content=\"2021-08-05T16:20:35+00:00\" \/>\n<meta property=\"og:image\" content=\"https:\/\/noti-america.com\/site\/repdom\/wp-content\/uploads\/sites\/6\/2021\/08\/Felipe-Febles.jpg\" \/>\n\t<meta property=\"og:image:width\" content=\"768\" \/>\n\t<meta property=\"og:image:height\" content=\"1024\" \/>\n\t<meta property=\"og:image:type\" content=\"image\/jpeg\" \/>\n<meta name=\"author\" content=\"Ad\u00e1n Soriano\" \/>\n<meta name=\"twitter:card\" content=\"summary_large_image\" \/>\n<meta name=\"twitter:creator\" content=\"@adansoriano\" \/>\n<meta name=\"twitter:label1\" content=\"Escrito por\" \/>\n\t<meta name=\"twitter:data1\" content=\"Ad\u00e1n Soriano\" \/>\n\t<meta name=\"twitter:label2\" content=\"Tiempo estimado de lectura\" \/>\n\t<meta name=\"twitter:data2\" content=\"3 minutos\" \/>\n<script type=\"application\/ld+json\" class=\"yoast-schema-graph\">{\"@context\":\"https:\/\/schema.org\",\"@graph\":[{\"@type\":\"Article\",\"@id\":\"https:\/\/noti-america.com\/site\/repdom\/2021\/08\/05\/felipe-febles-destaca-la-importancia-del-evento-noche-nacional-contra-el-crimen-en-el-condado-del-bronx\/#article\",\"isPartOf\":{\"@id\":\"https:\/\/noti-america.com\/site\/repdom\/2021\/08\/05\/felipe-febles-destaca-la-importancia-del-evento-noche-nacional-contra-el-crimen-en-el-condado-del-bronx\/\"},\"author\":{\"name\":\"Ad\u00e1n Soriano\",\"@id\":\"https:\/\/noti-america.com\/site\/repdom\/#\/schema\/person\/fd0092c1530d275fabaa5cffcbc2b976\"},\"headline\":\"Felipe Febles destaca la importancia del evento \u201cNoche Nacional contra el Crimen\u201d en el condado del Bronx\",\"datePublished\":\"2021-08-05T16:20:35+00:00\",\"mainEntityOfPage\":{\"@id\":\"https:\/\/noti-america.com\/site\/repdom\/2021\/08\/05\/felipe-febles-destaca-la-importancia-del-evento-noche-nacional-contra-el-crimen-en-el-condado-del-bronx\/\"},\"wordCount\":599,\"commentCount\":0,\"publisher\":{\"@id\":\"https:\/\/noti-america.com\/site\/repdom\/#organization\"},\"image\":{\"@id\":\"https:\/\/noti-america.com\/site\/repdom\/2021\/08\/05\/felipe-febles-destaca-la-importancia-del-evento-noche-nacional-contra-el-crimen-en-el-condado-del-bronx\/#primaryimage\"},\"thumbnailUrl\":\"https:\/\/noti-america.com\/site\/repdom\/wp-content\/uploads\/sites\/6\/2021\/08\/Felipe-Febles.jpg\",\"articleSection\":[\"Internacionales\"],\"inLanguage\":\"es\",\"potentialAction\":[{\"@type\":\"CommentAction\",\"name\":\"Comment\",\"target\":[\"https:\/\/noti-america.com\/site\/repdom\/2021\/08\/05\/felipe-febles-destaca-la-importancia-del-evento-noche-nacional-contra-el-crimen-en-el-condado-del-bronx\/#respond\"]}]},{\"@type\":\"WebPage\",\"@id\":\"https:\/\/noti-america.com\/site\/repdom\/2021\/08\/05\/felipe-febles-destaca-la-importancia-del-evento-noche-nacional-contra-el-crimen-en-el-condado-del-bronx\/\",\"url\":\"https:\/\/noti-america.com\/site\/repdom\/2021\/08\/05\/felipe-febles-destaca-la-importancia-del-evento-noche-nacional-contra-el-crimen-en-el-condado-del-bronx\/\",\"name\":\"Felipe Febles destaca la importancia del evento \u201cNoche Nacional contra el Crimen\u201d en el condado del Bronx - Rep. Dominicana | Noti-America.com\",\"isPartOf\":{\"@id\":\"https:\/\/noti-america.com\/site\/repdom\/#website\"},\"primaryImageOfPage\":{\"@id\":\"https:\/\/noti-america.com\/site\/repdom\/2021\/08\/05\/felipe-febles-destaca-la-importancia-del-evento-noche-nacional-contra-el-crimen-en-el-condado-del-bronx\/#primaryimage\"},\"image\":{\"@id\":\"https:\/\/noti-america.com\/site\/repdom\/2021\/08\/05\/felipe-febles-destaca-la-importancia-del-evento-noche-nacional-contra-el-crimen-en-el-condado-del-bronx\/#primaryimage\"},\"thumbnailUrl\":\"https:\/\/noti-america.com\/site\/repdom\/wp-content\/uploads\/sites\/6\/2021\/08\/Felipe-Febles.jpg\",\"datePublished\":\"2021-08-05T16:20:35+00:00\",\"breadcrumb\":{\"@id\":\"https:\/\/noti-america.com\/site\/repdom\/2021\/08\/05\/felipe-febles-destaca-la-importancia-del-evento-noche-nacional-contra-el-crimen-en-el-condado-del-bronx\/#breadcrumb\"},\"inLanguage\":\"es\",\"potentialAction\":[{\"@type\":\"ReadAction\",\"target\":[\"https:\/\/noti-america.com\/site\/repdom\/2021\/08\/05\/felipe-febles-destaca-la-importancia-del-evento-noche-nacional-contra-el-crimen-en-el-condado-del-bronx\/\"]}]},{\"@type\":\"ImageObject\",\"inLanguage\":\"es\",\"@id\":\"https:\/\/noti-america.com\/site\/repdom\/2021\/08\/05\/felipe-febles-destaca-la-importancia-del-evento-noche-nacional-contra-el-crimen-en-el-condado-del-bronx\/#primaryimage\",\"url\":\"https:\/\/noti-america.com\/site\/repdom\/wp-content\/uploads\/sites\/6\/2021\/08\/Felipe-Febles.jpg\",\"contentUrl\":\"https:\/\/noti-america.com\/site\/repdom\/wp-content\/uploads\/sites\/6\/2021\/08\/Felipe-Febles.jpg\",\"width\":768,\"height\":1024},{\"@type\":\"BreadcrumbList\",\"@id\":\"https:\/\/noti-america.com\/site\/repdom\/2021\/08\/05\/felipe-febles-destaca-la-importancia-del-evento-noche-nacional-contra-el-crimen-en-el-condado-del-bronx\/#breadcrumb\",\"itemListElement\":[{\"@type\":\"ListItem\",\"position\":1,\"name\":\"Portada\",\"item\":\"https:\/\/noti-america.com\/site\/repdom\/\"},{\"@type\":\"ListItem\",\"position\":2,\"name\":\"Felipe Febles destaca la importancia del evento \u201cNoche Nacional contra el Crimen\u201d en el condado del Bronx\"}]},{\"@type\":\"WebSite\",\"@id\":\"https:\/\/noti-america.com\/site\/repdom\/#website\",\"url\":\"https:\/\/noti-america.com\/site\/repdom\/\",\"name\":\"Rep. Dominicana | Noti-America.com\",\"description\":\"\",\"publisher\":{\"@id\":\"https:\/\/noti-america.com\/site\/repdom\/#organization\"},\"potentialAction\":[{\"@type\":\"SearchAction\",\"target\":{\"@type\":\"EntryPoint\",\"urlTemplate\":\"https:\/\/noti-america.com\/site\/repdom\/?s={search_term_string}\"},\"query-input\":{\"@type\":\"PropertyValueSpecification\",\"valueRequired\":true,\"valueName\":\"search_term_string\"}}],\"inLanguage\":\"es\"},{\"@type\":\"Organization\",\"@id\":\"https:\/\/noti-america.com\/site\/repdom\/#organization\",\"name\":\"Noti-America LLC | Rep\u00fablica Dominicana\",\"url\":\"https:\/\/noti-america.com\/site\/repdom\/\",\"logo\":{\"@type\":\"ImageObject\",\"inLanguage\":\"es\",\"@id\":\"https:\/\/noti-america.com\/site\/repdom\/#\/schema\/logo\/image\/\",\"url\":\"https:\/\/noti-america.com\/site\/repdom\/wp-content\/uploads\/sites\/6\/2020\/07\/LogoNA-4x3-1.jpg\",\"contentUrl\":\"https:\/\/noti-america.com\/site\/repdom\/wp-content\/uploads\/sites\/6\/2020\/07\/LogoNA-4x3-1.jpg\",\"width\":1236,\"height\":1080,\"caption\":\"Noti-America LLC | Rep\u00fablica Dominicana\"},\"image\":{\"@id\":\"https:\/\/noti-america.com\/site\/repdom\/#\/schema\/logo\/image\/\"}},{\"@type\":\"Person\",\"@id\":\"https:\/\/noti-america.com\/site\/repdom\/#\/schema\/person\/fd0092c1530d275fabaa5cffcbc2b976\",\"name\":\"Ad\u00e1n Soriano\",\"image\":{\"@type\":\"ImageObject\",\"inLanguage\":\"es\",\"@id\":\"https:\/\/secure.gravatar.com\/avatar\/ecf97ff3aee7ff9efdae670d7e976f3e7e8acc1077e510d73707999a8bfd4467?s=96&d=mm&r=g\",\"url\":\"https:\/\/secure.gravatar.com\/avatar\/ecf97ff3aee7ff9efdae670d7e976f3e7e8acc1077e510d73707999a8bfd4467?s=96&d=mm&r=g\",\"contentUrl\":\"https:\/\/secure.gravatar.com\/avatar\/ecf97ff3aee7ff9efdae670d7e976f3e7e8acc1077e510d73707999a8bfd4467?s=96&d=mm&r=g\",\"caption\":\"Ad\u00e1n Soriano\"},\"description\":\"Soy cronista deportivo con 10 a\u00f1os de experiencia en varios espacios, y conduzco el podcast deportivo llamado Mezcla Deportiva\",\"sameAs\":[\"https:\/\/x.com\/adansoriano\"],\"url\":\"https:\/\/noti-america.com\/site\/repdom\/author\/asoriano\/\"}]}<\/script>\n<!-- \/ Yoast SEO Premium plugin. -->","yoast_head_json":{"title":"Felipe Febles destaca la importancia del evento \u201cNoche Nacional contra el Crimen\u201d en el condado del Bronx - Rep. Dominicana | Noti-America.com","robots":{"index":"index","follow":"follow","max-snippet":"max-snippet:-1","max-image-preview":"max-image-preview:large","max-video-preview":"max-video-preview:-1"},"canonical":"https:\/\/noti-america.com\/site\/repdom\/2021\/08\/05\/felipe-febles-destaca-la-importancia-del-evento-noche-nacional-contra-el-crimen-en-el-condado-del-bronx\/","og_locale":"es_ES","og_type":"article","og_title":"Felipe Febles destaca la importancia del evento \u201cNoche Nacional contra el Crimen\u201d en el condado del Bronx","og_description":"BRONX, New York &#8211; El Departamento de Polic\u00eda de la ciudad de Nueva York junto a funcionarios y l\u00edderes comunitarios donde participan electos en m\u00e1s de 70 ubicaciones celebraron con gran \u00e9xito el tradicional&#46;&#46;&#46;","og_url":"https:\/\/noti-america.com\/site\/repdom\/2021\/08\/05\/felipe-febles-destaca-la-importancia-del-evento-noche-nacional-contra-el-crimen-en-el-condado-del-bronx\/","og_site_name":"Rep. Dominicana | Noti-America.com","article_published_time":"2021-08-05T16:20:35+00:00","og_image":[{"width":768,"height":1024,"url":"https:\/\/noti-america.com\/site\/repdom\/wp-content\/uploads\/sites\/6\/2021\/08\/Felipe-Febles.jpg","type":"image\/jpeg"}],"author":"Ad\u00e1n Soriano","twitter_card":"summary_large_image","twitter_creator":"@adansoriano","twitter_misc":{"Escrito por":"Ad\u00e1n Soriano","Tiempo estimado de lectura":"3 minutos"},"schema":{"@context":"https:\/\/schema.org","@graph":[{"@type":"Article","@id":"https:\/\/noti-america.com\/site\/repdom\/2021\/08\/05\/felipe-febles-destaca-la-importancia-del-evento-noche-nacional-contra-el-crimen-en-el-condado-del-bronx\/#article","isPartOf":{"@id":"https:\/\/noti-america.com\/site\/repdom\/2021\/08\/05\/felipe-febles-destaca-la-importancia-del-evento-noche-nacional-contra-el-crimen-en-el-condado-del-bronx\/"},"author":{"name":"Ad\u00e1n Soriano","@id":"https:\/\/noti-america.com\/site\/repdom\/#\/schema\/person\/fd0092c1530d275fabaa5cffcbc2b976"},"headline":"Felipe Febles destaca la importancia del evento \u201cNoche Nacional contra el Crimen\u201d en el condado del Bronx","datePublished":"2021-08-05T16:20:35+00:00","mainEntityOfPage":{"@id":"https:\/\/noti-america.com\/site\/repdom\/2021\/08\/05\/felipe-febles-destaca-la-importancia-del-evento-noche-nacional-contra-el-crimen-en-el-condado-del-bronx\/"},"wordCount":599,"commentCount":0,"publisher":{"@id":"https:\/\/noti-america.com\/site\/repdom\/#organization"},"image":{"@id":"https:\/\/noti-america.com\/site\/repdom\/2021\/08\/05\/felipe-febles-destaca-la-importancia-del-evento-noche-nacional-contra-el-crimen-en-el-condado-del-bronx\/#primaryimage"},"thumbnailUrl":"https:\/\/noti-america.com\/site\/repdom\/wp-content\/uploads\/sites\/6\/2021\/08\/Felipe-Febles.jpg","articleSection":["Internacionales"],"inLanguage":"es","potentialAction":[{"@type":"CommentAction","name":"Comment","target":["https:\/\/noti-america.com\/site\/repdom\/2021\/08\/05\/felipe-febles-destaca-la-importancia-del-evento-noche-nacional-contra-el-crimen-en-el-condado-del-bronx\/#respond"]}]},{"@type":"WebPage","@id":"https:\/\/noti-america.com\/site\/repdom\/2021\/08\/05\/felipe-febles-destaca-la-importancia-del-evento-noche-nacional-contra-el-crimen-en-el-condado-del-bronx\/","url":"https:\/\/noti-america.com\/site\/repdom\/2021\/08\/05\/felipe-febles-destaca-la-importancia-del-evento-noche-nacional-contra-el-crimen-en-el-condado-del-bronx\/","name":"Felipe Febles destaca la importancia del evento \u201cNoche Nacional contra el Crimen\u201d en el condado del Bronx - Rep. Dominicana | Noti-America.com","isPartOf":{"@id":"https:\/\/noti-america.com\/site\/repdom\/#website"},"primaryImageOfPage":{"@id":"https:\/\/noti-america.com\/site\/repdom\/2021\/08\/05\/felipe-febles-destaca-la-importancia-del-evento-noche-nacional-contra-el-crimen-en-el-condado-del-bronx\/#primaryimage"},"image":{"@id":"https:\/\/noti-america.com\/site\/repdom\/2021\/08\/05\/felipe-febles-destaca-la-importancia-del-evento-noche-nacional-contra-el-crimen-en-el-condado-del-bronx\/#primaryimage"},"thumbnailUrl":"https:\/\/noti-america.com\/site\/repdom\/wp-content\/uploads\/sites\/6\/2021\/08\/Felipe-Febles.jpg","datePublished":"2021-08-05T16:20:35+00:00","breadcrumb":{"@id":"https:\/\/noti-america.com\/site\/repdom\/2021\/08\/05\/felipe-febles-destaca-la-importancia-del-evento-noche-nacional-contra-el-crimen-en-el-condado-del-bronx\/#breadcrumb"},"inLanguage":"es","potentialAction":[{"@type":"ReadAction","target":["https:\/\/noti-america.com\/site\/repdom\/2021\/08\/05\/felipe-febles-destaca-la-importancia-del-evento-noche-nacional-contra-el-crimen-en-el-condado-del-bronx\/"]}]},{"@type":"ImageObject","inLanguage":"es","@id":"https:\/\/noti-america.com\/site\/repdom\/2021\/08\/05\/felipe-febles-destaca-la-importancia-del-evento-noche-nacional-contra-el-crimen-en-el-condado-del-bronx\/#primaryimage","url":"https:\/\/noti-america.com\/site\/repdom\/wp-content\/uploads\/sites\/6\/2021\/08\/Felipe-Febles.jpg","contentUrl":"https:\/\/noti-america.com\/site\/repdom\/wp-content\/uploads\/sites\/6\/2021\/08\/Felipe-Febles.jpg","width":768,"height":1024},{"@type":"BreadcrumbList","@id":"https:\/\/noti-america.com\/site\/repdom\/2021\/08\/05\/felipe-febles-destaca-la-importancia-del-evento-noche-nacional-contra-el-crimen-en-el-condado-del-bronx\/#breadcrumb","itemListElement":[{"@type":"ListItem","position":1,"name":"Portada","item":"https:\/\/noti-america.com\/site\/repdom\/"},{"@type":"ListItem","position":2,"name":"Felipe Febles destaca la importancia del evento \u201cNoche Nacional contra el Crimen\u201d en el condado del Bronx"}]},{"@type":"WebSite","@id":"https:\/\/noti-america.com\/site\/repdom\/#website","url":"https:\/\/noti-america.com\/site\/repdom\/","name":"Rep. Dominicana | Noti-America.com","description":"","publisher":{"@id":"https:\/\/noti-america.com\/site\/repdom\/#organization"},"potentialAction":[{"@type":"SearchAction","target":{"@type":"EntryPoint","urlTemplate":"https:\/\/noti-america.com\/site\/repdom\/?s={search_term_string}"},"query-input":{"@type":"PropertyValueSpecification","valueRequired":true,"valueName":"search_term_string"}}],"inLanguage":"es"},{"@type":"Organization","@id":"https:\/\/noti-america.com\/site\/repdom\/#organization","name":"Noti-America LLC | Rep\u00fablica Dominicana","url":"https:\/\/noti-america.com\/site\/repdom\/","logo":{"@type":"ImageObject","inLanguage":"es","@id":"https:\/\/noti-america.com\/site\/repdom\/#\/schema\/logo\/image\/","url":"https:\/\/noti-america.com\/site\/repdom\/wp-content\/uploads\/sites\/6\/2020\/07\/LogoNA-4x3-1.jpg","contentUrl":"https:\/\/noti-america.com\/site\/repdom\/wp-content\/uploads\/sites\/6\/2020\/07\/LogoNA-4x3-1.jpg","width":1236,"height":1080,"caption":"Noti-America LLC | Rep\u00fablica Dominicana"},"image":{"@id":"https:\/\/noti-america.com\/site\/repdom\/#\/schema\/logo\/image\/"}},{"@type":"Person","@id":"https:\/\/noti-america.com\/site\/repdom\/#\/schema\/person\/fd0092c1530d275fabaa5cffcbc2b976","name":"Ad\u00e1n Soriano","image":{"@type":"ImageObject","inLanguage":"es","@id":"https:\/\/secure.gravatar.com\/avatar\/ecf97ff3aee7ff9efdae670d7e976f3e7e8acc1077e510d73707999a8bfd4467?s=96&d=mm&r=g","url":"https:\/\/secure.gravatar.com\/avatar\/ecf97ff3aee7ff9efdae670d7e976f3e7e8acc1077e510d73707999a8bfd4467?s=96&d=mm&r=g","contentUrl":"https:\/\/secure.gravatar.com\/avatar\/ecf97ff3aee7ff9efdae670d7e976f3e7e8acc1077e510d73707999a8bfd4467?s=96&d=mm&r=g","caption":"Ad\u00e1n Soriano"},"description":"Soy cronista deportivo con 10 a\u00f1os de experiencia en varios espacios, y conduzco el podcast deportivo llamado Mezcla Deportiva","sameAs":["https:\/\/x.com\/adansoriano"],"url":"https:\/\/noti-america.com\/site\/repdom\/author\/asoriano\/"}]}},"_links":{"self":[{"href":"https:\/\/noti-america.com\/site\/repdom\/wp-json\/wp\/v2\/posts\/12109","targetHints":{"allow":["GET"]}}],"collection":[{"href":"https:\/\/noti-america.com\/site\/repdom\/wp-json\/wp\/v2\/posts"}],"about":[{"href":"https:\/\/noti-america.com\/site\/repdom\/wp-json\/wp\/v2\/types\/post"}],"author":[{"embeddable":true,"href":"https:\/\/noti-america.com\/site\/repdom\/wp-json\/wp\/v2\/users\/89"}],"replies":[{"embeddable":true,"href":"https:\/\/noti-america.com\/site\/repdom\/wp-json\/wp\/v2\/comments?post=12109"}],"version-history":[{"count":1,"href":"https:\/\/noti-america.com\/site\/repdom\/wp-json\/wp\/v2\/posts\/12109\/revisions"}],"predecessor-version":[{"id":12111,"href":"https:\/\/noti-america.com\/site\/repdom\/wp-json\/wp\/v2\/posts\/12109\/revisions\/12111"}],"wp:featuredmedia":[{"embeddable":true,"href":"https:\/\/noti-america.com\/site\/repdom\/wp-json\/wp\/v2\/media\/12110"}],"wp:attachment":[{"href":"https:\/\/noti-america.com\/site\/repdom\/wp-json\/wp\/v2\/media?parent=12109"}],"wp:term":[{"taxonomy":"category","embeddable":true,"href":"https:\/\/noti-america.com\/site\/repdom\/wp-json\/wp\/v2\/categories?post=12109"},{"taxonomy":"post_tag","embeddable":true,"href":"https:\/\/noti-america.com\/site\/repdom\/wp-json\/wp\/v2\/tags?post=12109"}],"curies":[{"name":"wp","href":"https:\/\/api.w.org\/{rel}","templated":true}]}}