{"id":12092,"date":"2021-08-04T22:34:41","date_gmt":"2021-08-04T22:34:41","guid":{"rendered":"https:\/\/noti-america.com\/site\/repdom\/?p=12092"},"modified":"2021-08-04T22:34:41","modified_gmt":"2021-08-04T22:34:41","slug":"este-es-el-campamento-que-elon-musk-quiere-instalar-en-marte","status":"publish","type":"post","link":"https:\/\/noti-america.com\/site\/repdom\/2021\/08\/04\/este-es-el-campamento-que-elon-musk-quiere-instalar-en-marte\/","title":{"rendered":"\u00abEste es el campamento que Elon Musk quiere instalar en Marte\u00bb"},"content":{"rendered":"<p style=\"text-align: justify\"><strong>NOTI-AMERICA (REPUBLICA DOMINICANA)\u00a0<\/strong><\/p>\n<p style=\"text-align: justify\"><strong>EE.UU_ <\/strong>Siguen los planes de las distintas compa\u00f1\u00edas de desarrollar la exploraci\u00f3n espacial y probablemente los de\u00a0<a href=\"https:\/\/es.digitaltrends.com\/espacio\/super-heavy-spacex-cohete-potente\/\">SpaceX\u00a0<\/a>sean los m\u00e1s ambiciosos.<\/p>\n<p style=\"text-align: justify\">Ahora, la empresa de Elon Musk present\u00f3 su proyecto Tesla Module Rescue, que consiste en un campamento de salud m\u00f3vil que el magnate pretende instalar en Marte.<\/p>\n<p style=\"text-align: justify\">La instalaci\u00f3n es capaz de albergar personal m\u00e9dico y cuenta con un espacio destinado a la recuperaci\u00f3n de heridos. Si bien este campamento es funcional para operar en la Tierra, su objetivo es que se convierta en una estaci\u00f3n de investigaci\u00f3n y centro de operaciones sobre la superficie marciana.<\/p>\n<p style=\"text-align: justify\">El dise\u00f1o estuvo a cargo de V\u00edctor Groten Rico y originalmente estaba pensado para funcionar en zonas afectadas por desastres naturales, guerras o ataques terroristas.<\/p>\n<p style=\"text-align: justify\">En su exterior, este modelo est\u00e1 inspirado en los dise\u00f1os conceptuales de los veh\u00edculos deportivos. En cuanto a su funcionamiento, la estaci\u00f3n se mueve sobre orugas, como si se tratara de un tanque, lo que le permite pasar por todo tipo de terrenos, incluso los m\u00e1s dif\u00edciles, y soportar condiciones clim\u00e1ticas adversas.<\/p>\n<p style=\"text-align: justify\">El interior es c\u00f3modo, amplio y muy iluminado. La idea es que resulte parecido a una estaci\u00f3n espacial. Tambi\u00e9n hay secciones m\u00e1s compactas donde est\u00e1n las camas, una zona privada en la parte inferior y el almacenamiento que se encuentra a la mitad central del m\u00f3dulo.<\/p>\n<p style=\"text-align: justify\">La tripulaci\u00f3n, en tanto, opera desde un centro de comando donde tambi\u00e9n se pueden hacer reuniones con mesas de trabajo y m\u00faltiples pantallas y programas para organizar una misi\u00f3n.<\/p>\n<p style=\"text-align: justify\">Por supuesto, como se trata de un veh\u00edculo Tesla, en el Module Rescue todo es el\u00e9ctrico. Adem\u00e1s, cuenta con paneles solares en todo el techo que proporciona energ\u00eda adicional para las expediciones m\u00e1s prolongadas.<\/p>\n<p style=\"text-align: justify\">Fuente: es.digitaltrends.com<\/p>\n<p style=\"text-align: justify\">Redes Personales<\/p>\n<p style=\"text-align: justify\">@cersocastillo\u00a0 Instagram<\/p>\n<p style=\"text-align: justify\">Cerso Felipe Castillo Carri\u00f3n\u00a0 \u00a0Facebook<\/p>\n<p style=\"text-align: justify\">\n<p style=\"text-align: justify\">\n","protected":false},"excerpt":{"rendered":"<p>NOTI-AMERICA (REPUBLICA DOMINICANA)\u00a0 EE.UU_ Siguen los planes de las distintas compa\u00f1\u00edas de desarrollar la exploraci\u00f3n espacial y probablemente los de\u00a0SpaceX\u00a0sean los m\u00e1s ambiciosos. Ahora, la empresa de Elon Musk present\u00f3 su proyecto Tesla Module&#46;&#46;&#46;<\/p>\n","protected":false},"author":90,"featured_media":12093,"comment_status":"open","ping_status":"open","sticky":false,"template":"","format":"image","meta":{"_acf_changed":false,"rop_custom_images_group":[],"rop_custom_messages_group":[],"rop_publish_now":"initial","rop_publish_now_accounts":[],"rop_publish_now_history":[],"rop_publish_now_status":"pending","footnotes":""},"categories":[4],"tags":[],"class_list":["post-12092","post","type-post","status-publish","format-image","has-post-thumbnail","hentry","category-internacionales","post_format-post-format-image"],"acf":[],"yoast_head":"<!-- This site is optimized with the Yoast SEO Premium plugin v24.9 (Yoast SEO v27.2) - https:\/\/yoast.com\/product\/yoast-seo-premium-wordpress\/ -->\n<title>&quot;Este es el campamento que Elon Musk quiere instalar en Marte&quot; - Rep. Dominicana | Noti-America.com<\/title>\n<meta name=\"robots\" content=\"index, follow, max-snippet:-1, max-image-preview:large, max-video-preview:-1\" \/>\n<link rel=\"canonical\" href=\"https:\/\/noti-america.com\/site\/repdom\/2021\/08\/04\/este-es-el-campamento-que-elon-musk-quiere-instalar-en-marte\/\" \/>\n<meta property=\"og:locale\" content=\"es_ES\" \/>\n<meta property=\"og:type\" content=\"article\" \/>\n<meta property=\"og:title\" content=\"&quot;Este es el campamento que Elon Musk quiere instalar en Marte&quot;\" \/>\n<meta property=\"og:description\" content=\"NOTI-AMERICA (REPUBLICA DOMINICANA)\u00a0 EE.UU_ Siguen los planes de las distintas compa\u00f1\u00edas de desarrollar la exploraci\u00f3n espacial y probablemente los de\u00a0SpaceX\u00a0sean los m\u00e1s ambiciosos. Ahora, la empresa de Elon Musk present\u00f3 su proyecto Tesla Module&#046;&#046;&#046;\" \/>\n<meta property=\"og:url\" content=\"https:\/\/noti-america.com\/site\/repdom\/2021\/08\/04\/este-es-el-campamento-que-elon-musk-quiere-instalar-en-marte\/\" \/>\n<meta property=\"og:site_name\" content=\"Rep. Dominicana | Noti-America.com\" \/>\n<meta property=\"article:published_time\" content=\"2021-08-04T22:34:41+00:00\" \/>\n<meta property=\"og:image\" content=\"https:\/\/noti-america.com\/site\/repdom\/wp-content\/uploads\/sites\/6\/2021\/08\/tesla-module-rescue-by-victor-groten-rico-7-416x416-1.jpg\" \/>\n\t<meta property=\"og:image:width\" content=\"416\" \/>\n\t<meta property=\"og:image:height\" content=\"276\" \/>\n\t<meta property=\"og:image:type\" content=\"image\/jpeg\" \/>\n<meta name=\"author\" content=\"Cerso Castillo\" \/>\n<meta name=\"twitter:card\" content=\"summary_large_image\" \/>\n<meta name=\"twitter:label1\" content=\"Escrito por\" \/>\n\t<meta name=\"twitter:data1\" content=\"Cerso Castillo\" \/>\n\t<meta name=\"twitter:label2\" content=\"Tiempo estimado de lectura\" \/>\n\t<meta name=\"twitter:data2\" content=\"2 minutos\" \/>\n<script type=\"application\/ld+json\" class=\"yoast-schema-graph\">{\"@context\":\"https:\/\/schema.org\",\"@graph\":[{\"@type\":\"Article\",\"@id\":\"https:\/\/noti-america.com\/site\/repdom\/2021\/08\/04\/este-es-el-campamento-que-elon-musk-quiere-instalar-en-marte\/#article\",\"isPartOf\":{\"@id\":\"https:\/\/noti-america.com\/site\/repdom\/2021\/08\/04\/este-es-el-campamento-que-elon-musk-quiere-instalar-en-marte\/\"},\"author\":{\"name\":\"Cerso Castillo\",\"@id\":\"https:\/\/noti-america.com\/site\/repdom\/#\/schema\/person\/408e10184d87f571c50942f1d952011d\"},\"headline\":\"\u00abEste es el campamento que Elon Musk quiere instalar en Marte\u00bb\",\"datePublished\":\"2021-08-04T22:34:41+00:00\",\"mainEntityOfPage\":{\"@id\":\"https:\/\/noti-america.com\/site\/repdom\/2021\/08\/04\/este-es-el-campamento-que-elon-musk-quiere-instalar-en-marte\/\"},\"wordCount\":345,\"commentCount\":0,\"publisher\":{\"@id\":\"https:\/\/noti-america.com\/site\/repdom\/#organization\"},\"image\":{\"@id\":\"https:\/\/noti-america.com\/site\/repdom\/2021\/08\/04\/este-es-el-campamento-que-elon-musk-quiere-instalar-en-marte\/#primaryimage\"},\"thumbnailUrl\":\"https:\/\/noti-america.com\/site\/repdom\/wp-content\/uploads\/sites\/6\/2021\/08\/tesla-module-rescue-by-victor-groten-rico-7-416x416-1.jpg\",\"articleSection\":[\"Internacionales\"],\"inLanguage\":\"es\",\"potentialAction\":[{\"@type\":\"CommentAction\",\"name\":\"Comment\",\"target\":[\"https:\/\/noti-america.com\/site\/repdom\/2021\/08\/04\/este-es-el-campamento-que-elon-musk-quiere-instalar-en-marte\/#respond\"]}]},{\"@type\":\"WebPage\",\"@id\":\"https:\/\/noti-america.com\/site\/repdom\/2021\/08\/04\/este-es-el-campamento-que-elon-musk-quiere-instalar-en-marte\/\",\"url\":\"https:\/\/noti-america.com\/site\/repdom\/2021\/08\/04\/este-es-el-campamento-que-elon-musk-quiere-instalar-en-marte\/\",\"name\":\"\\\"Este es el campamento que Elon Musk quiere instalar en Marte\\\" - Rep. Dominicana | Noti-America.com\",\"isPartOf\":{\"@id\":\"https:\/\/noti-america.com\/site\/repdom\/#website\"},\"primaryImageOfPage\":{\"@id\":\"https:\/\/noti-america.com\/site\/repdom\/2021\/08\/04\/este-es-el-campamento-que-elon-musk-quiere-instalar-en-marte\/#primaryimage\"},\"image\":{\"@id\":\"https:\/\/noti-america.com\/site\/repdom\/2021\/08\/04\/este-es-el-campamento-que-elon-musk-quiere-instalar-en-marte\/#primaryimage\"},\"thumbnailUrl\":\"https:\/\/noti-america.com\/site\/repdom\/wp-content\/uploads\/sites\/6\/2021\/08\/tesla-module-rescue-by-victor-groten-rico-7-416x416-1.jpg\",\"datePublished\":\"2021-08-04T22:34:41+00:00\",\"breadcrumb\":{\"@id\":\"https:\/\/noti-america.com\/site\/repdom\/2021\/08\/04\/este-es-el-campamento-que-elon-musk-quiere-instalar-en-marte\/#breadcrumb\"},\"inLanguage\":\"es\",\"potentialAction\":[{\"@type\":\"ReadAction\",\"target\":[\"https:\/\/noti-america.com\/site\/repdom\/2021\/08\/04\/este-es-el-campamento-que-elon-musk-quiere-instalar-en-marte\/\"]}]},{\"@type\":\"ImageObject\",\"inLanguage\":\"es\",\"@id\":\"https:\/\/noti-america.com\/site\/repdom\/2021\/08\/04\/este-es-el-campamento-que-elon-musk-quiere-instalar-en-marte\/#primaryimage\",\"url\":\"https:\/\/noti-america.com\/site\/repdom\/wp-content\/uploads\/sites\/6\/2021\/08\/tesla-module-rescue-by-victor-groten-rico-7-416x416-1.jpg\",\"contentUrl\":\"https:\/\/noti-america.com\/site\/repdom\/wp-content\/uploads\/sites\/6\/2021\/08\/tesla-module-rescue-by-victor-groten-rico-7-416x416-1.jpg\",\"width\":416,\"height\":276},{\"@type\":\"BreadcrumbList\",\"@id\":\"https:\/\/noti-america.com\/site\/repdom\/2021\/08\/04\/este-es-el-campamento-que-elon-musk-quiere-instalar-en-marte\/#breadcrumb\",\"itemListElement\":[{\"@type\":\"ListItem\",\"position\":1,\"name\":\"Portada\",\"item\":\"https:\/\/noti-america.com\/site\/repdom\/\"},{\"@type\":\"ListItem\",\"position\":2,\"name\":\"\u00abEste es el campamento que Elon Musk quiere instalar en Marte\u00bb\"}]},{\"@type\":\"WebSite\",\"@id\":\"https:\/\/noti-america.com\/site\/repdom\/#website\",\"url\":\"https:\/\/noti-america.com\/site\/repdom\/\",\"name\":\"Rep. Dominicana | Noti-America.com\",\"description\":\"\",\"publisher\":{\"@id\":\"https:\/\/noti-america.com\/site\/repdom\/#organization\"},\"potentialAction\":[{\"@type\":\"SearchAction\",\"target\":{\"@type\":\"EntryPoint\",\"urlTemplate\":\"https:\/\/noti-america.com\/site\/repdom\/?s={search_term_string}\"},\"query-input\":{\"@type\":\"PropertyValueSpecification\",\"valueRequired\":true,\"valueName\":\"search_term_string\"}}],\"inLanguage\":\"es\"},{\"@type\":\"Organization\",\"@id\":\"https:\/\/noti-america.com\/site\/repdom\/#organization\",\"name\":\"Noti-America LLC | Rep\u00fablica Dominicana\",\"url\":\"https:\/\/noti-america.com\/site\/repdom\/\",\"logo\":{\"@type\":\"ImageObject\",\"inLanguage\":\"es\",\"@id\":\"https:\/\/noti-america.com\/site\/repdom\/#\/schema\/logo\/image\/\",\"url\":\"https:\/\/noti-america.com\/site\/repdom\/wp-content\/uploads\/sites\/6\/2020\/07\/LogoNA-4x3-1.jpg\",\"contentUrl\":\"https:\/\/noti-america.com\/site\/repdom\/wp-content\/uploads\/sites\/6\/2020\/07\/LogoNA-4x3-1.jpg\",\"width\":1236,\"height\":1080,\"caption\":\"Noti-America LLC | Rep\u00fablica Dominicana\"},\"image\":{\"@id\":\"https:\/\/noti-america.com\/site\/repdom\/#\/schema\/logo\/image\/\"}},{\"@type\":\"Person\",\"@id\":\"https:\/\/noti-america.com\/site\/repdom\/#\/schema\/person\/408e10184d87f571c50942f1d952011d\",\"name\":\"Cerso Castillo\",\"image\":{\"@type\":\"ImageObject\",\"inLanguage\":\"es\",\"@id\":\"https:\/\/secure.gravatar.com\/avatar\/cdbd3acf34ce68a34b34df99954821070986715ab3e264b63c5395bd1ddd529d?s=96&d=mm&r=g\",\"url\":\"https:\/\/secure.gravatar.com\/avatar\/cdbd3acf34ce68a34b34df99954821070986715ab3e264b63c5395bd1ddd529d?s=96&d=mm&r=g\",\"contentUrl\":\"https:\/\/secure.gravatar.com\/avatar\/cdbd3acf34ce68a34b34df99954821070986715ab3e264b63c5395bd1ddd529d?s=96&d=mm&r=g\",\"caption\":\"Cerso Castillo\"},\"description\":\"Comunicador &amp; Periodista, Locutor, Maestro de Ceremonias, Animador, Orador, Dominio Escenico, Productor de Tv &amp; Radio, Lider Consejero de Camp., Mentor Honorifico, Coach Comunicacional, Manejo de Paq. De Office, Dominio del Portugues, manejo del Ingles Intermedio &amp; Productor General del Programa Digital Conexi\u00f3n Sin Limites RD.\",\"sameAs\":[\"https:\/\/www.facebook.com\/conexionsinlimitesrd\/\"],\"url\":\"https:\/\/noti-america.com\/site\/repdom\/author\/ccastillo\/\"}]}<\/script>\n<!-- \/ Yoast SEO Premium plugin. -->","yoast_head_json":{"title":"\"Este es el campamento que Elon Musk quiere instalar en Marte\" - Rep. Dominicana | Noti-America.com","robots":{"index":"index","follow":"follow","max-snippet":"max-snippet:-1","max-image-preview":"max-image-preview:large","max-video-preview":"max-video-preview:-1"},"canonical":"https:\/\/noti-america.com\/site\/repdom\/2021\/08\/04\/este-es-el-campamento-que-elon-musk-quiere-instalar-en-marte\/","og_locale":"es_ES","og_type":"article","og_title":"\"Este es el campamento que Elon Musk quiere instalar en Marte\"","og_description":"NOTI-AMERICA (REPUBLICA DOMINICANA)\u00a0 EE.UU_ Siguen los planes de las distintas compa\u00f1\u00edas de desarrollar la exploraci\u00f3n espacial y probablemente los de\u00a0SpaceX\u00a0sean los m\u00e1s ambiciosos. Ahora, la empresa de Elon Musk present\u00f3 su proyecto Tesla Module&#46;&#46;&#46;","og_url":"https:\/\/noti-america.com\/site\/repdom\/2021\/08\/04\/este-es-el-campamento-que-elon-musk-quiere-instalar-en-marte\/","og_site_name":"Rep. Dominicana | Noti-America.com","article_published_time":"2021-08-04T22:34:41+00:00","og_image":[{"width":416,"height":276,"url":"https:\/\/noti-america.com\/site\/repdom\/wp-content\/uploads\/sites\/6\/2021\/08\/tesla-module-rescue-by-victor-groten-rico-7-416x416-1.jpg","type":"image\/jpeg"}],"author":"Cerso Castillo","twitter_card":"summary_large_image","twitter_misc":{"Escrito por":"Cerso Castillo","Tiempo estimado de lectura":"2 minutos"},"schema":{"@context":"https:\/\/schema.org","@graph":[{"@type":"Article","@id":"https:\/\/noti-america.com\/site\/repdom\/2021\/08\/04\/este-es-el-campamento-que-elon-musk-quiere-instalar-en-marte\/#article","isPartOf":{"@id":"https:\/\/noti-america.com\/site\/repdom\/2021\/08\/04\/este-es-el-campamento-que-elon-musk-quiere-instalar-en-marte\/"},"author":{"name":"Cerso Castillo","@id":"https:\/\/noti-america.com\/site\/repdom\/#\/schema\/person\/408e10184d87f571c50942f1d952011d"},"headline":"\u00abEste es el campamento que Elon Musk quiere instalar en Marte\u00bb","datePublished":"2021-08-04T22:34:41+00:00","mainEntityOfPage":{"@id":"https:\/\/noti-america.com\/site\/repdom\/2021\/08\/04\/este-es-el-campamento-que-elon-musk-quiere-instalar-en-marte\/"},"wordCount":345,"commentCount":0,"publisher":{"@id":"https:\/\/noti-america.com\/site\/repdom\/#organization"},"image":{"@id":"https:\/\/noti-america.com\/site\/repdom\/2021\/08\/04\/este-es-el-campamento-que-elon-musk-quiere-instalar-en-marte\/#primaryimage"},"thumbnailUrl":"https:\/\/noti-america.com\/site\/repdom\/wp-content\/uploads\/sites\/6\/2021\/08\/tesla-module-rescue-by-victor-groten-rico-7-416x416-1.jpg","articleSection":["Internacionales"],"inLanguage":"es","potentialAction":[{"@type":"CommentAction","name":"Comment","target":["https:\/\/noti-america.com\/site\/repdom\/2021\/08\/04\/este-es-el-campamento-que-elon-musk-quiere-instalar-en-marte\/#respond"]}]},{"@type":"WebPage","@id":"https:\/\/noti-america.com\/site\/repdom\/2021\/08\/04\/este-es-el-campamento-que-elon-musk-quiere-instalar-en-marte\/","url":"https:\/\/noti-america.com\/site\/repdom\/2021\/08\/04\/este-es-el-campamento-que-elon-musk-quiere-instalar-en-marte\/","name":"\"Este es el campamento que Elon Musk quiere instalar en Marte\" - Rep. Dominicana | Noti-America.com","isPartOf":{"@id":"https:\/\/noti-america.com\/site\/repdom\/#website"},"primaryImageOfPage":{"@id":"https:\/\/noti-america.com\/site\/repdom\/2021\/08\/04\/este-es-el-campamento-que-elon-musk-quiere-instalar-en-marte\/#primaryimage"},"image":{"@id":"https:\/\/noti-america.com\/site\/repdom\/2021\/08\/04\/este-es-el-campamento-que-elon-musk-quiere-instalar-en-marte\/#primaryimage"},"thumbnailUrl":"https:\/\/noti-america.com\/site\/repdom\/wp-content\/uploads\/sites\/6\/2021\/08\/tesla-module-rescue-by-victor-groten-rico-7-416x416-1.jpg","datePublished":"2021-08-04T22:34:41+00:00","breadcrumb":{"@id":"https:\/\/noti-america.com\/site\/repdom\/2021\/08\/04\/este-es-el-campamento-que-elon-musk-quiere-instalar-en-marte\/#breadcrumb"},"inLanguage":"es","potentialAction":[{"@type":"ReadAction","target":["https:\/\/noti-america.com\/site\/repdom\/2021\/08\/04\/este-es-el-campamento-que-elon-musk-quiere-instalar-en-marte\/"]}]},{"@type":"ImageObject","inLanguage":"es","@id":"https:\/\/noti-america.com\/site\/repdom\/2021\/08\/04\/este-es-el-campamento-que-elon-musk-quiere-instalar-en-marte\/#primaryimage","url":"https:\/\/noti-america.com\/site\/repdom\/wp-content\/uploads\/sites\/6\/2021\/08\/tesla-module-rescue-by-victor-groten-rico-7-416x416-1.jpg","contentUrl":"https:\/\/noti-america.com\/site\/repdom\/wp-content\/uploads\/sites\/6\/2021\/08\/tesla-module-rescue-by-victor-groten-rico-7-416x416-1.jpg","width":416,"height":276},{"@type":"BreadcrumbList","@id":"https:\/\/noti-america.com\/site\/repdom\/2021\/08\/04\/este-es-el-campamento-que-elon-musk-quiere-instalar-en-marte\/#breadcrumb","itemListElement":[{"@type":"ListItem","position":1,"name":"Portada","item":"https:\/\/noti-america.com\/site\/repdom\/"},{"@type":"ListItem","position":2,"name":"\u00abEste es el campamento que Elon Musk quiere instalar en Marte\u00bb"}]},{"@type":"WebSite","@id":"https:\/\/noti-america.com\/site\/repdom\/#website","url":"https:\/\/noti-america.com\/site\/repdom\/","name":"Rep. Dominicana | Noti-America.com","description":"","publisher":{"@id":"https:\/\/noti-america.com\/site\/repdom\/#organization"},"potentialAction":[{"@type":"SearchAction","target":{"@type":"EntryPoint","urlTemplate":"https:\/\/noti-america.com\/site\/repdom\/?s={search_term_string}"},"query-input":{"@type":"PropertyValueSpecification","valueRequired":true,"valueName":"search_term_string"}}],"inLanguage":"es"},{"@type":"Organization","@id":"https:\/\/noti-america.com\/site\/repdom\/#organization","name":"Noti-America LLC | Rep\u00fablica Dominicana","url":"https:\/\/noti-america.com\/site\/repdom\/","logo":{"@type":"ImageObject","inLanguage":"es","@id":"https:\/\/noti-america.com\/site\/repdom\/#\/schema\/logo\/image\/","url":"https:\/\/noti-america.com\/site\/repdom\/wp-content\/uploads\/sites\/6\/2020\/07\/LogoNA-4x3-1.jpg","contentUrl":"https:\/\/noti-america.com\/site\/repdom\/wp-content\/uploads\/sites\/6\/2020\/07\/LogoNA-4x3-1.jpg","width":1236,"height":1080,"caption":"Noti-America LLC | Rep\u00fablica Dominicana"},"image":{"@id":"https:\/\/noti-america.com\/site\/repdom\/#\/schema\/logo\/image\/"}},{"@type":"Person","@id":"https:\/\/noti-america.com\/site\/repdom\/#\/schema\/person\/408e10184d87f571c50942f1d952011d","name":"Cerso Castillo","image":{"@type":"ImageObject","inLanguage":"es","@id":"https:\/\/secure.gravatar.com\/avatar\/cdbd3acf34ce68a34b34df99954821070986715ab3e264b63c5395bd1ddd529d?s=96&d=mm&r=g","url":"https:\/\/secure.gravatar.com\/avatar\/cdbd3acf34ce68a34b34df99954821070986715ab3e264b63c5395bd1ddd529d?s=96&d=mm&r=g","contentUrl":"https:\/\/secure.gravatar.com\/avatar\/cdbd3acf34ce68a34b34df99954821070986715ab3e264b63c5395bd1ddd529d?s=96&d=mm&r=g","caption":"Cerso Castillo"},"description":"Comunicador &amp; Periodista, Locutor, Maestro de Ceremonias, Animador, Orador, Dominio Escenico, Productor de Tv &amp; Radio, Lider Consejero de Camp., Mentor Honorifico, Coach Comunicacional, Manejo de Paq. De Office, Dominio del Portugues, manejo del Ingles Intermedio &amp; Productor General del Programa Digital Conexi\u00f3n Sin Limites RD.","sameAs":["https:\/\/www.facebook.com\/conexionsinlimitesrd\/"],"url":"https:\/\/noti-america.com\/site\/repdom\/author\/ccastillo\/"}]}},"_links":{"self":[{"href":"https:\/\/noti-america.com\/site\/repdom\/wp-json\/wp\/v2\/posts\/12092","targetHints":{"allow":["GET"]}}],"collection":[{"href":"https:\/\/noti-america.com\/site\/repdom\/wp-json\/wp\/v2\/posts"}],"about":[{"href":"https:\/\/noti-america.com\/site\/repdom\/wp-json\/wp\/v2\/types\/post"}],"author":[{"embeddable":true,"href":"https:\/\/noti-america.com\/site\/repdom\/wp-json\/wp\/v2\/users\/90"}],"replies":[{"embeddable":true,"href":"https:\/\/noti-america.com\/site\/repdom\/wp-json\/wp\/v2\/comments?post=12092"}],"version-history":[{"count":2,"href":"https:\/\/noti-america.com\/site\/repdom\/wp-json\/wp\/v2\/posts\/12092\/revisions"}],"predecessor-version":[{"id":12097,"href":"https:\/\/noti-america.com\/site\/repdom\/wp-json\/wp\/v2\/posts\/12092\/revisions\/12097"}],"wp:featuredmedia":[{"embeddable":true,"href":"https:\/\/noti-america.com\/site\/repdom\/wp-json\/wp\/v2\/media\/12093"}],"wp:attachment":[{"href":"https:\/\/noti-america.com\/site\/repdom\/wp-json\/wp\/v2\/media?parent=12092"}],"wp:term":[{"taxonomy":"category","embeddable":true,"href":"https:\/\/noti-america.com\/site\/repdom\/wp-json\/wp\/v2\/categories?post=12092"},{"taxonomy":"post_tag","embeddable":true,"href":"https:\/\/noti-america.com\/site\/repdom\/wp-json\/wp\/v2\/tags?post=12092"}],"curies":[{"name":"wp","href":"https:\/\/api.w.org\/{rel}","templated":true}]}}