{"id":12022,"date":"2021-08-03T00:23:30","date_gmt":"2021-08-03T00:23:30","guid":{"rendered":"https:\/\/noti-america.com\/site\/repdom\/?p=12022"},"modified":"2021-08-03T00:23:30","modified_gmt":"2021-08-03T00:23:30","slug":"declaran-a-johnny-ventura-padrino-de-honor-vitalicio-de-la-parada-dominicana-del-bronx","status":"publish","type":"post","link":"https:\/\/noti-america.com\/site\/repdom\/2021\/08\/03\/declaran-a-johnny-ventura-padrino-de-honor-vitalicio-de-la-parada-dominicana-del-bronx\/","title":{"rendered":"Declaran a Johnny Ventura \u201cPadrino de Honor Vitalicio\u201d de La Parada Dominicana del Bronx"},"content":{"rendered":"<div class=\"video-container\"><iframe loading=\"lazy\" title=\"Declaran Padrino de Honor Vitalicio a Johnny Ventura en La Gran Parada Dominicana del Bronx.\" width=\"500\" height=\"281\" src=\"https:\/\/www.youtube.com\/embed\/zMVAbOexB1w?feature=oembed&#038;wmode=opaque\" frameborder=\"0\" allow=\"accelerometer; autoplay; clipboard-write; encrypted-media; gyroscope; picture-in-picture; web-share\" referrerpolicy=\"strict-origin-when-cross-origin\" allowfullscreen><\/iframe><\/div>\n<p style=\"text-align: justify\">NEW YORK &#8211; El fundador y director ejecutivo de La Gran Parada Dominicana del Bronx el l\u00edder comunitario Felipe Febles , apoyado por la junta directiva de la organizaci\u00f3n design\u00f3 al icono del merengue Johnny Ventura \u201cPadrino de Honor Vitalicio\u201d, quien ser\u00e1 recordado todos los a\u00f1os en el d\u00eda de los dominicanos en el exterior en la gran parada.<\/p>\n<p style=\"text-align: justify\">Febles defini\u00f3 a Ventura, quien falleci\u00f3 el pasado 28 de julio de manera repentina en la provincia de Santiago de los Caballeros, como un hombre de honor y patri\u00f3tico identificado plenamente con los dominicanos en el exterior.<\/p>\n<p style=\"text-align: justify\">\u201cLamentamos profundamente el triste fallecimiento de nuestro hermano Johnny Ventura, quien particip\u00f3 varias veces con nosotros. En nuestra organizaci\u00f3n todos estamos muy tristes y nos solidarizamos con sus familiares. Johnny Ventura como persona y artista defin\u00eda lo que es ser dominicano. Fue un hombre muy comprometido con la causa de los m\u00e1s necesitados, identificados con los que vivimos en New York, un patriota identificado con los ideales de Juan Pablo Duarte, Ram\u00f3n Mat\u00edas Mella y Francisco del Rosario S\u00e1nchez, y fue un hombre de pueblo, que lo demostr\u00f3 en las posiciones p\u00fablicas que ocup\u00f3. Perdimos un gran hombre y un gran ser humano que ser\u00e1 recordado todos los a\u00f1os de aniversarios de La Gran Parada Dominicana del Bronx. Siempre lo vamos a recordar como un hombre grande y vamos a tener a Johnny Ventura todo el tiempo por lo que representa\u201d, dijo Febles al portal digital Al D\u00eda TV M\u00e1s.<\/p>\n<p style=\"text-align: justify\">De igual manera se pronunci\u00f3 la joven Edderkys Gonz\u00e1lez, secretaria ejecutiva, quien dijo que gracias a sus padres la m\u00fasica de Johnny Ventura siempre ser\u00e1 recordado en su coraz\u00f3n. \u201cLa m\u00fasica de Johnny Ventura es alegr\u00eda y felicidad a nuestra cultura dominicana. Ventura fue una leyenda y su m\u00fasica siempre vivir\u00e1 en los latinos y especialmente en los dominicanos. Johnny con su canci\u00f3n \u201cVuelvo a Nacer\u201d trasmite un mensaje de lo que es ser dominicano y siempre nuestras generaciones se van a identificar con esa canci\u00f3n\u201d.<\/p>\n<p style=\"text-align: justify\"><strong>Fuente: Jos\u00e9 Zabala<\/strong><\/p>\n","protected":false},"excerpt":{"rendered":"<p>NEW YORK &#8211; El fundador y director ejecutivo de La Gran Parada Dominicana del Bronx el l\u00edder comunitario Felipe Febles , apoyado por la junta directiva de la organizaci\u00f3n design\u00f3 al icono del merengue&#46;&#46;&#46;<\/p>\n","protected":false},"author":89,"featured_media":12023,"comment_status":"open","ping_status":"open","sticky":false,"template":"","format":"standard","meta":{"_acf_changed":false,"rop_custom_images_group":[],"rop_custom_messages_group":[],"rop_publish_now":"initial","rop_publish_now_accounts":[],"rop_publish_now_history":[],"rop_publish_now_status":"pending","footnotes":""},"categories":[8],"tags":[1462,1471],"class_list":["post-12022","post","type-post","status-publish","format-standard","has-post-thumbnail","hentry","category-arte-y-espectaculos","tag-johnny-ventura","tag-la-gran-parada-dominicana-del-bronx"],"acf":[],"yoast_head":"<!-- This site is optimized with the Yoast SEO Premium plugin v24.9 (Yoast SEO v27.2) - https:\/\/yoast.com\/product\/yoast-seo-premium-wordpress\/ -->\n<title>Declaran a Johnny Ventura \u201cPadrino de Honor Vitalicio\u201d de La Parada Dominicana del Bronx - Rep. Dominicana | Noti-America.com<\/title>\n<meta name=\"robots\" content=\"index, follow, max-snippet:-1, max-image-preview:large, max-video-preview:-1\" \/>\n<link rel=\"canonical\" href=\"https:\/\/noti-america.com\/site\/repdom\/2021\/08\/03\/declaran-a-johnny-ventura-padrino-de-honor-vitalicio-de-la-parada-dominicana-del-bronx\/\" \/>\n<meta property=\"og:locale\" content=\"es_ES\" \/>\n<meta property=\"og:type\" content=\"article\" \/>\n<meta property=\"og:title\" content=\"Declaran a Johnny Ventura \u201cPadrino de Honor Vitalicio\u201d de La Parada Dominicana del Bronx\" \/>\n<meta property=\"og:description\" content=\"NEW YORK &#8211; El fundador y director ejecutivo de La Gran Parada Dominicana del Bronx el l\u00edder comunitario Felipe Febles , apoyado por la junta directiva de la organizaci\u00f3n design\u00f3 al icono del merengue&#046;&#046;&#046;\" \/>\n<meta property=\"og:url\" content=\"https:\/\/noti-america.com\/site\/repdom\/2021\/08\/03\/declaran-a-johnny-ventura-padrino-de-honor-vitalicio-de-la-parada-dominicana-del-bronx\/\" \/>\n<meta property=\"og:site_name\" content=\"Rep. Dominicana | Noti-America.com\" \/>\n<meta property=\"article:published_time\" content=\"2021-08-03T00:23:30+00:00\" \/>\n<meta property=\"og:image\" content=\"https:\/\/noti-america.com\/site\/repdom\/wp-content\/uploads\/sites\/6\/2021\/08\/Johnny-Ventura.jpg\" \/>\n\t<meta property=\"og:image:width\" content=\"640\" \/>\n\t<meta property=\"og:image:height\" content=\"360\" \/>\n\t<meta property=\"og:image:type\" content=\"image\/jpeg\" \/>\n<meta name=\"author\" content=\"Ad\u00e1n Soriano\" \/>\n<meta name=\"twitter:card\" content=\"summary_large_image\" \/>\n<meta name=\"twitter:creator\" content=\"@adansoriano\" \/>\n<meta name=\"twitter:label1\" content=\"Escrito por\" \/>\n\t<meta name=\"twitter:data1\" content=\"Ad\u00e1n Soriano\" \/>\n\t<meta name=\"twitter:label2\" content=\"Tiempo estimado de lectura\" \/>\n\t<meta name=\"twitter:data2\" content=\"2 minutos\" \/>\n<script type=\"application\/ld+json\" class=\"yoast-schema-graph\">{\"@context\":\"https:\/\/schema.org\",\"@graph\":[{\"@type\":\"Article\",\"@id\":\"https:\/\/noti-america.com\/site\/repdom\/2021\/08\/03\/declaran-a-johnny-ventura-padrino-de-honor-vitalicio-de-la-parada-dominicana-del-bronx\/#article\",\"isPartOf\":{\"@id\":\"https:\/\/noti-america.com\/site\/repdom\/2021\/08\/03\/declaran-a-johnny-ventura-padrino-de-honor-vitalicio-de-la-parada-dominicana-del-bronx\/\"},\"author\":{\"name\":\"Ad\u00e1n Soriano\",\"@id\":\"https:\/\/noti-america.com\/site\/repdom\/#\/schema\/person\/fd0092c1530d275fabaa5cffcbc2b976\"},\"headline\":\"Declaran a Johnny Ventura \u201cPadrino de Honor Vitalicio\u201d de La Parada Dominicana del Bronx\",\"datePublished\":\"2021-08-03T00:23:30+00:00\",\"mainEntityOfPage\":{\"@id\":\"https:\/\/noti-america.com\/site\/repdom\/2021\/08\/03\/declaran-a-johnny-ventura-padrino-de-honor-vitalicio-de-la-parada-dominicana-del-bronx\/\"},\"wordCount\":378,\"commentCount\":0,\"publisher\":{\"@id\":\"https:\/\/noti-america.com\/site\/repdom\/#organization\"},\"image\":{\"@id\":\"https:\/\/noti-america.com\/site\/repdom\/2021\/08\/03\/declaran-a-johnny-ventura-padrino-de-honor-vitalicio-de-la-parada-dominicana-del-bronx\/#primaryimage\"},\"thumbnailUrl\":\"https:\/\/noti-america.com\/site\/repdom\/wp-content\/uploads\/sites\/6\/2021\/08\/Johnny-Ventura.jpg\",\"keywords\":[\"Johnny Ventura\",\"La Gran Parada Dominicana del Bronx\"],\"articleSection\":[\"Arte y Espect\u00e1culos\"],\"inLanguage\":\"es\",\"potentialAction\":[{\"@type\":\"CommentAction\",\"name\":\"Comment\",\"target\":[\"https:\/\/noti-america.com\/site\/repdom\/2021\/08\/03\/declaran-a-johnny-ventura-padrino-de-honor-vitalicio-de-la-parada-dominicana-del-bronx\/#respond\"]}]},{\"@type\":\"WebPage\",\"@id\":\"https:\/\/noti-america.com\/site\/repdom\/2021\/08\/03\/declaran-a-johnny-ventura-padrino-de-honor-vitalicio-de-la-parada-dominicana-del-bronx\/\",\"url\":\"https:\/\/noti-america.com\/site\/repdom\/2021\/08\/03\/declaran-a-johnny-ventura-padrino-de-honor-vitalicio-de-la-parada-dominicana-del-bronx\/\",\"name\":\"Declaran a Johnny Ventura \u201cPadrino de Honor Vitalicio\u201d de La Parada Dominicana del Bronx - Rep. Dominicana | Noti-America.com\",\"isPartOf\":{\"@id\":\"https:\/\/noti-america.com\/site\/repdom\/#website\"},\"primaryImageOfPage\":{\"@id\":\"https:\/\/noti-america.com\/site\/repdom\/2021\/08\/03\/declaran-a-johnny-ventura-padrino-de-honor-vitalicio-de-la-parada-dominicana-del-bronx\/#primaryimage\"},\"image\":{\"@id\":\"https:\/\/noti-america.com\/site\/repdom\/2021\/08\/03\/declaran-a-johnny-ventura-padrino-de-honor-vitalicio-de-la-parada-dominicana-del-bronx\/#primaryimage\"},\"thumbnailUrl\":\"https:\/\/noti-america.com\/site\/repdom\/wp-content\/uploads\/sites\/6\/2021\/08\/Johnny-Ventura.jpg\",\"datePublished\":\"2021-08-03T00:23:30+00:00\",\"breadcrumb\":{\"@id\":\"https:\/\/noti-america.com\/site\/repdom\/2021\/08\/03\/declaran-a-johnny-ventura-padrino-de-honor-vitalicio-de-la-parada-dominicana-del-bronx\/#breadcrumb\"},\"inLanguage\":\"es\",\"potentialAction\":[{\"@type\":\"ReadAction\",\"target\":[\"https:\/\/noti-america.com\/site\/repdom\/2021\/08\/03\/declaran-a-johnny-ventura-padrino-de-honor-vitalicio-de-la-parada-dominicana-del-bronx\/\"]}]},{\"@type\":\"ImageObject\",\"inLanguage\":\"es\",\"@id\":\"https:\/\/noti-america.com\/site\/repdom\/2021\/08\/03\/declaran-a-johnny-ventura-padrino-de-honor-vitalicio-de-la-parada-dominicana-del-bronx\/#primaryimage\",\"url\":\"https:\/\/noti-america.com\/site\/repdom\/wp-content\/uploads\/sites\/6\/2021\/08\/Johnny-Ventura.jpg\",\"contentUrl\":\"https:\/\/noti-america.com\/site\/repdom\/wp-content\/uploads\/sites\/6\/2021\/08\/Johnny-Ventura.jpg\",\"width\":640,\"height\":360},{\"@type\":\"BreadcrumbList\",\"@id\":\"https:\/\/noti-america.com\/site\/repdom\/2021\/08\/03\/declaran-a-johnny-ventura-padrino-de-honor-vitalicio-de-la-parada-dominicana-del-bronx\/#breadcrumb\",\"itemListElement\":[{\"@type\":\"ListItem\",\"position\":1,\"name\":\"Portada\",\"item\":\"https:\/\/noti-america.com\/site\/repdom\/\"},{\"@type\":\"ListItem\",\"position\":2,\"name\":\"Declaran a Johnny Ventura \u201cPadrino de Honor Vitalicio\u201d de La Parada Dominicana del Bronx\"}]},{\"@type\":\"WebSite\",\"@id\":\"https:\/\/noti-america.com\/site\/repdom\/#website\",\"url\":\"https:\/\/noti-america.com\/site\/repdom\/\",\"name\":\"Rep. Dominicana | Noti-America.com\",\"description\":\"\",\"publisher\":{\"@id\":\"https:\/\/noti-america.com\/site\/repdom\/#organization\"},\"potentialAction\":[{\"@type\":\"SearchAction\",\"target\":{\"@type\":\"EntryPoint\",\"urlTemplate\":\"https:\/\/noti-america.com\/site\/repdom\/?s={search_term_string}\"},\"query-input\":{\"@type\":\"PropertyValueSpecification\",\"valueRequired\":true,\"valueName\":\"search_term_string\"}}],\"inLanguage\":\"es\"},{\"@type\":\"Organization\",\"@id\":\"https:\/\/noti-america.com\/site\/repdom\/#organization\",\"name\":\"Noti-America LLC | Rep\u00fablica Dominicana\",\"url\":\"https:\/\/noti-america.com\/site\/repdom\/\",\"logo\":{\"@type\":\"ImageObject\",\"inLanguage\":\"es\",\"@id\":\"https:\/\/noti-america.com\/site\/repdom\/#\/schema\/logo\/image\/\",\"url\":\"https:\/\/noti-america.com\/site\/repdom\/wp-content\/uploads\/sites\/6\/2020\/07\/LogoNA-4x3-1.jpg\",\"contentUrl\":\"https:\/\/noti-america.com\/site\/repdom\/wp-content\/uploads\/sites\/6\/2020\/07\/LogoNA-4x3-1.jpg\",\"width\":1236,\"height\":1080,\"caption\":\"Noti-America LLC | Rep\u00fablica Dominicana\"},\"image\":{\"@id\":\"https:\/\/noti-america.com\/site\/repdom\/#\/schema\/logo\/image\/\"}},{\"@type\":\"Person\",\"@id\":\"https:\/\/noti-america.com\/site\/repdom\/#\/schema\/person\/fd0092c1530d275fabaa5cffcbc2b976\",\"name\":\"Ad\u00e1n Soriano\",\"image\":{\"@type\":\"ImageObject\",\"inLanguage\":\"es\",\"@id\":\"https:\/\/secure.gravatar.com\/avatar\/ecf97ff3aee7ff9efdae670d7e976f3e7e8acc1077e510d73707999a8bfd4467?s=96&d=mm&r=g\",\"url\":\"https:\/\/secure.gravatar.com\/avatar\/ecf97ff3aee7ff9efdae670d7e976f3e7e8acc1077e510d73707999a8bfd4467?s=96&d=mm&r=g\",\"contentUrl\":\"https:\/\/secure.gravatar.com\/avatar\/ecf97ff3aee7ff9efdae670d7e976f3e7e8acc1077e510d73707999a8bfd4467?s=96&d=mm&r=g\",\"caption\":\"Ad\u00e1n Soriano\"},\"description\":\"Soy cronista deportivo con 10 a\u00f1os de experiencia en varios espacios, y conduzco el podcast deportivo llamado Mezcla Deportiva\",\"sameAs\":[\"https:\/\/x.com\/adansoriano\"],\"url\":\"https:\/\/noti-america.com\/site\/repdom\/author\/asoriano\/\"}]}<\/script>\n<!-- \/ Yoast SEO Premium plugin. -->","yoast_head_json":{"title":"Declaran a Johnny Ventura \u201cPadrino de Honor Vitalicio\u201d de La Parada Dominicana del Bronx - Rep. Dominicana | Noti-America.com","robots":{"index":"index","follow":"follow","max-snippet":"max-snippet:-1","max-image-preview":"max-image-preview:large","max-video-preview":"max-video-preview:-1"},"canonical":"https:\/\/noti-america.com\/site\/repdom\/2021\/08\/03\/declaran-a-johnny-ventura-padrino-de-honor-vitalicio-de-la-parada-dominicana-del-bronx\/","og_locale":"es_ES","og_type":"article","og_title":"Declaran a Johnny Ventura \u201cPadrino de Honor Vitalicio\u201d de La Parada Dominicana del Bronx","og_description":"NEW YORK &#8211; El fundador y director ejecutivo de La Gran Parada Dominicana del Bronx el l\u00edder comunitario Felipe Febles , apoyado por la junta directiva de la organizaci\u00f3n design\u00f3 al icono del merengue&#46;&#46;&#46;","og_url":"https:\/\/noti-america.com\/site\/repdom\/2021\/08\/03\/declaran-a-johnny-ventura-padrino-de-honor-vitalicio-de-la-parada-dominicana-del-bronx\/","og_site_name":"Rep. Dominicana | Noti-America.com","article_published_time":"2021-08-03T00:23:30+00:00","og_image":[{"width":640,"height":360,"url":"https:\/\/noti-america.com\/site\/repdom\/wp-content\/uploads\/sites\/6\/2021\/08\/Johnny-Ventura.jpg","type":"image\/jpeg"}],"author":"Ad\u00e1n Soriano","twitter_card":"summary_large_image","twitter_creator":"@adansoriano","twitter_misc":{"Escrito por":"Ad\u00e1n Soriano","Tiempo estimado de lectura":"2 minutos"},"schema":{"@context":"https:\/\/schema.org","@graph":[{"@type":"Article","@id":"https:\/\/noti-america.com\/site\/repdom\/2021\/08\/03\/declaran-a-johnny-ventura-padrino-de-honor-vitalicio-de-la-parada-dominicana-del-bronx\/#article","isPartOf":{"@id":"https:\/\/noti-america.com\/site\/repdom\/2021\/08\/03\/declaran-a-johnny-ventura-padrino-de-honor-vitalicio-de-la-parada-dominicana-del-bronx\/"},"author":{"name":"Ad\u00e1n Soriano","@id":"https:\/\/noti-america.com\/site\/repdom\/#\/schema\/person\/fd0092c1530d275fabaa5cffcbc2b976"},"headline":"Declaran a Johnny Ventura \u201cPadrino de Honor Vitalicio\u201d de La Parada Dominicana del Bronx","datePublished":"2021-08-03T00:23:30+00:00","mainEntityOfPage":{"@id":"https:\/\/noti-america.com\/site\/repdom\/2021\/08\/03\/declaran-a-johnny-ventura-padrino-de-honor-vitalicio-de-la-parada-dominicana-del-bronx\/"},"wordCount":378,"commentCount":0,"publisher":{"@id":"https:\/\/noti-america.com\/site\/repdom\/#organization"},"image":{"@id":"https:\/\/noti-america.com\/site\/repdom\/2021\/08\/03\/declaran-a-johnny-ventura-padrino-de-honor-vitalicio-de-la-parada-dominicana-del-bronx\/#primaryimage"},"thumbnailUrl":"https:\/\/noti-america.com\/site\/repdom\/wp-content\/uploads\/sites\/6\/2021\/08\/Johnny-Ventura.jpg","keywords":["Johnny Ventura","La Gran Parada Dominicana del Bronx"],"articleSection":["Arte y Espect\u00e1culos"],"inLanguage":"es","potentialAction":[{"@type":"CommentAction","name":"Comment","target":["https:\/\/noti-america.com\/site\/repdom\/2021\/08\/03\/declaran-a-johnny-ventura-padrino-de-honor-vitalicio-de-la-parada-dominicana-del-bronx\/#respond"]}]},{"@type":"WebPage","@id":"https:\/\/noti-america.com\/site\/repdom\/2021\/08\/03\/declaran-a-johnny-ventura-padrino-de-honor-vitalicio-de-la-parada-dominicana-del-bronx\/","url":"https:\/\/noti-america.com\/site\/repdom\/2021\/08\/03\/declaran-a-johnny-ventura-padrino-de-honor-vitalicio-de-la-parada-dominicana-del-bronx\/","name":"Declaran a Johnny Ventura \u201cPadrino de Honor Vitalicio\u201d de La Parada Dominicana del Bronx - Rep. Dominicana | Noti-America.com","isPartOf":{"@id":"https:\/\/noti-america.com\/site\/repdom\/#website"},"primaryImageOfPage":{"@id":"https:\/\/noti-america.com\/site\/repdom\/2021\/08\/03\/declaran-a-johnny-ventura-padrino-de-honor-vitalicio-de-la-parada-dominicana-del-bronx\/#primaryimage"},"image":{"@id":"https:\/\/noti-america.com\/site\/repdom\/2021\/08\/03\/declaran-a-johnny-ventura-padrino-de-honor-vitalicio-de-la-parada-dominicana-del-bronx\/#primaryimage"},"thumbnailUrl":"https:\/\/noti-america.com\/site\/repdom\/wp-content\/uploads\/sites\/6\/2021\/08\/Johnny-Ventura.jpg","datePublished":"2021-08-03T00:23:30+00:00","breadcrumb":{"@id":"https:\/\/noti-america.com\/site\/repdom\/2021\/08\/03\/declaran-a-johnny-ventura-padrino-de-honor-vitalicio-de-la-parada-dominicana-del-bronx\/#breadcrumb"},"inLanguage":"es","potentialAction":[{"@type":"ReadAction","target":["https:\/\/noti-america.com\/site\/repdom\/2021\/08\/03\/declaran-a-johnny-ventura-padrino-de-honor-vitalicio-de-la-parada-dominicana-del-bronx\/"]}]},{"@type":"ImageObject","inLanguage":"es","@id":"https:\/\/noti-america.com\/site\/repdom\/2021\/08\/03\/declaran-a-johnny-ventura-padrino-de-honor-vitalicio-de-la-parada-dominicana-del-bronx\/#primaryimage","url":"https:\/\/noti-america.com\/site\/repdom\/wp-content\/uploads\/sites\/6\/2021\/08\/Johnny-Ventura.jpg","contentUrl":"https:\/\/noti-america.com\/site\/repdom\/wp-content\/uploads\/sites\/6\/2021\/08\/Johnny-Ventura.jpg","width":640,"height":360},{"@type":"BreadcrumbList","@id":"https:\/\/noti-america.com\/site\/repdom\/2021\/08\/03\/declaran-a-johnny-ventura-padrino-de-honor-vitalicio-de-la-parada-dominicana-del-bronx\/#breadcrumb","itemListElement":[{"@type":"ListItem","position":1,"name":"Portada","item":"https:\/\/noti-america.com\/site\/repdom\/"},{"@type":"ListItem","position":2,"name":"Declaran a Johnny Ventura \u201cPadrino de Honor Vitalicio\u201d de La Parada Dominicana del Bronx"}]},{"@type":"WebSite","@id":"https:\/\/noti-america.com\/site\/repdom\/#website","url":"https:\/\/noti-america.com\/site\/repdom\/","name":"Rep. Dominicana | Noti-America.com","description":"","publisher":{"@id":"https:\/\/noti-america.com\/site\/repdom\/#organization"},"potentialAction":[{"@type":"SearchAction","target":{"@type":"EntryPoint","urlTemplate":"https:\/\/noti-america.com\/site\/repdom\/?s={search_term_string}"},"query-input":{"@type":"PropertyValueSpecification","valueRequired":true,"valueName":"search_term_string"}}],"inLanguage":"es"},{"@type":"Organization","@id":"https:\/\/noti-america.com\/site\/repdom\/#organization","name":"Noti-America LLC | Rep\u00fablica Dominicana","url":"https:\/\/noti-america.com\/site\/repdom\/","logo":{"@type":"ImageObject","inLanguage":"es","@id":"https:\/\/noti-america.com\/site\/repdom\/#\/schema\/logo\/image\/","url":"https:\/\/noti-america.com\/site\/repdom\/wp-content\/uploads\/sites\/6\/2020\/07\/LogoNA-4x3-1.jpg","contentUrl":"https:\/\/noti-america.com\/site\/repdom\/wp-content\/uploads\/sites\/6\/2020\/07\/LogoNA-4x3-1.jpg","width":1236,"height":1080,"caption":"Noti-America LLC | Rep\u00fablica Dominicana"},"image":{"@id":"https:\/\/noti-america.com\/site\/repdom\/#\/schema\/logo\/image\/"}},{"@type":"Person","@id":"https:\/\/noti-america.com\/site\/repdom\/#\/schema\/person\/fd0092c1530d275fabaa5cffcbc2b976","name":"Ad\u00e1n Soriano","image":{"@type":"ImageObject","inLanguage":"es","@id":"https:\/\/secure.gravatar.com\/avatar\/ecf97ff3aee7ff9efdae670d7e976f3e7e8acc1077e510d73707999a8bfd4467?s=96&d=mm&r=g","url":"https:\/\/secure.gravatar.com\/avatar\/ecf97ff3aee7ff9efdae670d7e976f3e7e8acc1077e510d73707999a8bfd4467?s=96&d=mm&r=g","contentUrl":"https:\/\/secure.gravatar.com\/avatar\/ecf97ff3aee7ff9efdae670d7e976f3e7e8acc1077e510d73707999a8bfd4467?s=96&d=mm&r=g","caption":"Ad\u00e1n Soriano"},"description":"Soy cronista deportivo con 10 a\u00f1os de experiencia en varios espacios, y conduzco el podcast deportivo llamado Mezcla Deportiva","sameAs":["https:\/\/x.com\/adansoriano"],"url":"https:\/\/noti-america.com\/site\/repdom\/author\/asoriano\/"}]}},"_links":{"self":[{"href":"https:\/\/noti-america.com\/site\/repdom\/wp-json\/wp\/v2\/posts\/12022","targetHints":{"allow":["GET"]}}],"collection":[{"href":"https:\/\/noti-america.com\/site\/repdom\/wp-json\/wp\/v2\/posts"}],"about":[{"href":"https:\/\/noti-america.com\/site\/repdom\/wp-json\/wp\/v2\/types\/post"}],"author":[{"embeddable":true,"href":"https:\/\/noti-america.com\/site\/repdom\/wp-json\/wp\/v2\/users\/89"}],"replies":[{"embeddable":true,"href":"https:\/\/noti-america.com\/site\/repdom\/wp-json\/wp\/v2\/comments?post=12022"}],"version-history":[{"count":1,"href":"https:\/\/noti-america.com\/site\/repdom\/wp-json\/wp\/v2\/posts\/12022\/revisions"}],"predecessor-version":[{"id":12024,"href":"https:\/\/noti-america.com\/site\/repdom\/wp-json\/wp\/v2\/posts\/12022\/revisions\/12024"}],"wp:featuredmedia":[{"embeddable":true,"href":"https:\/\/noti-america.com\/site\/repdom\/wp-json\/wp\/v2\/media\/12023"}],"wp:attachment":[{"href":"https:\/\/noti-america.com\/site\/repdom\/wp-json\/wp\/v2\/media?parent=12022"}],"wp:term":[{"taxonomy":"category","embeddable":true,"href":"https:\/\/noti-america.com\/site\/repdom\/wp-json\/wp\/v2\/categories?post=12022"},{"taxonomy":"post_tag","embeddable":true,"href":"https:\/\/noti-america.com\/site\/repdom\/wp-json\/wp\/v2\/tags?post=12022"}],"curies":[{"name":"wp","href":"https:\/\/api.w.org\/{rel}","templated":true}]}}