{"id":12015,"date":"2021-08-02T21:29:18","date_gmt":"2021-08-02T21:29:18","guid":{"rendered":"https:\/\/noti-america.com\/site\/repdom\/?p=12015"},"modified":"2021-08-02T21:29:18","modified_gmt":"2021-08-02T21:29:18","slug":"amaurys-nina-el-gobierno-no-puede-apoyar-a-medias","status":"publish","type":"post","link":"https:\/\/noti-america.com\/site\/repdom\/2021\/08\/02\/amaurys-nina-el-gobierno-no-puede-apoyar-a-medias\/","title":{"rendered":"Amaurys Nina: \u201cEl Gobierno no puede apoyar a medias\u201d"},"content":{"rendered":"<p style=\"text-align: justify\">SANTO DOMINGO &#8211; \u201cEl Gobierno no puede dar apoyo a medias, si van aportar que lo hagan de verdad\u201d, as\u00ed se expres\u00f3 Amaurys Nina, presidente de la International Prospects League (IPL).<\/p>\n<p style=\"text-align: justify\">Las cr\u00edticas del veterano entrenador se deben a una supuesta falta de entrega de recursos por parte del Gobierno dominicano a la selecci\u00f3n de b\u00e9isbol U12.<\/p>\n<p style=\"text-align: justify\">El equipo infantil est\u00e1 previsto salir el pr\u00f3ximo 27 de agosto al Premundial de B\u00e9isbol masculino, que se llevar\u00e1 a cabo en la ciudad de Aguascalientes, M\u00e9xico.<\/p>\n<p style=\"text-align: justify\">Seg\u00fan Nina, la Federaci\u00f3n Dominicana de B\u00e9isbol indic\u00f3 que, de los 30 boletos a\u00e9reos que necesita la delegaci\u00f3n nacional de ese equipo, s\u00f3lo pueden costear 12.<\/p>\n<p style=\"text-align: justify\">\u201cEso es un abuso. El equipo dominicano que juega en Tokio est\u00e1 all\u00e1 por nosotros los entrenadores que formamos a los atletas en eventos como este. No es verdad que nosotros tenemos que hacernos cargos de una responsabilidad que le corresponde a ellos\u201d, estableci\u00f3 el entrenador dominicano.<\/p>\n<p style=\"text-align: justify\">El Premundial de M\u00e9xico est\u00e1 previsto a iniciar el pr\u00f3ximo viernes 27 de agosto hasta el jueves 2 de septiembre.<\/p>\n<p style=\"text-align: justify\">Dicho torneo forma parte del plan de preparaci\u00f3n de los jugadores que integran las categor\u00edas menores de la disciplina de b\u00e9isbol.<\/p>\n<p style=\"text-align: justify\">Nina a\u00f1adi\u00f3 que \u201cesos ni\u00f1os son la reserva de nuestro pa\u00eds, sino se les ayuda no habr\u00e1 relevo\u201d.<\/p>\n","protected":false},"excerpt":{"rendered":"<p>SANTO DOMINGO &#8211; \u201cEl Gobierno no puede dar apoyo a medias, si van aportar que lo hagan de verdad\u201d, as\u00ed se expres\u00f3 Amaurys Nina, presidente de la International Prospects League (IPL). Las cr\u00edticas del&#46;&#46;&#46;<\/p>\n","protected":false},"author":89,"featured_media":12016,"comment_status":"open","ping_status":"open","sticky":false,"template":"","format":"standard","meta":{"_acf_changed":false,"rop_custom_images_group":[],"rop_custom_messages_group":[],"rop_publish_now":"initial","rop_publish_now_accounts":[],"rop_publish_now_history":[],"rop_publish_now_status":"pending","footnotes":""},"categories":[16],"tags":[1467,1468],"class_list":["post-12015","post","type-post","status-publish","format-standard","has-post-thumbnail","hentry","category-deportes","tag-amaurys-nina","tag-international-prospects-league"],"acf":[],"yoast_head":"<!-- This site is optimized with the Yoast SEO Premium plugin v24.9 (Yoast SEO v27.2) - https:\/\/yoast.com\/product\/yoast-seo-premium-wordpress\/ -->\n<title>Amaurys Nina: \u201cEl Gobierno no puede apoyar a medias\u201d - Rep. Dominicana | Noti-America.com<\/title>\n<meta name=\"robots\" content=\"index, follow, max-snippet:-1, max-image-preview:large, max-video-preview:-1\" \/>\n<link rel=\"canonical\" href=\"https:\/\/noti-america.com\/site\/repdom\/2021\/08\/02\/amaurys-nina-el-gobierno-no-puede-apoyar-a-medias\/\" \/>\n<meta property=\"og:locale\" content=\"es_ES\" \/>\n<meta property=\"og:type\" content=\"article\" \/>\n<meta property=\"og:title\" content=\"Amaurys Nina: \u201cEl Gobierno no puede apoyar a medias\u201d\" \/>\n<meta property=\"og:description\" content=\"SANTO DOMINGO &#8211; \u201cEl Gobierno no puede dar apoyo a medias, si van aportar que lo hagan de verdad\u201d, as\u00ed se expres\u00f3 Amaurys Nina, presidente de la International Prospects League (IPL). Las cr\u00edticas del&#046;&#046;&#046;\" \/>\n<meta property=\"og:url\" content=\"https:\/\/noti-america.com\/site\/repdom\/2021\/08\/02\/amaurys-nina-el-gobierno-no-puede-apoyar-a-medias\/\" \/>\n<meta property=\"og:site_name\" content=\"Rep. Dominicana | Noti-America.com\" \/>\n<meta property=\"article:published_time\" content=\"2021-08-02T21:29:18+00:00\" \/>\n<meta property=\"og:image\" content=\"https:\/\/noti-america.com\/site\/repdom\/wp-content\/uploads\/sites\/6\/2021\/08\/Amaurys-Nina.jpg\" \/>\n\t<meta property=\"og:image:width\" content=\"1280\" \/>\n\t<meta property=\"og:image:height\" content=\"856\" \/>\n\t<meta property=\"og:image:type\" content=\"image\/jpeg\" \/>\n<meta name=\"author\" content=\"Ad\u00e1n Soriano\" \/>\n<meta name=\"twitter:card\" content=\"summary_large_image\" \/>\n<meta name=\"twitter:creator\" content=\"@adansoriano\" \/>\n<meta name=\"twitter:label1\" content=\"Escrito por\" \/>\n\t<meta name=\"twitter:data1\" content=\"Ad\u00e1n Soriano\" \/>\n\t<meta name=\"twitter:label2\" content=\"Tiempo estimado de lectura\" \/>\n\t<meta name=\"twitter:data2\" content=\"1 minuto\" \/>\n<script type=\"application\/ld+json\" class=\"yoast-schema-graph\">{\"@context\":\"https:\/\/schema.org\",\"@graph\":[{\"@type\":\"Article\",\"@id\":\"https:\/\/noti-america.com\/site\/repdom\/2021\/08\/02\/amaurys-nina-el-gobierno-no-puede-apoyar-a-medias\/#article\",\"isPartOf\":{\"@id\":\"https:\/\/noti-america.com\/site\/repdom\/2021\/08\/02\/amaurys-nina-el-gobierno-no-puede-apoyar-a-medias\/\"},\"author\":{\"name\":\"Ad\u00e1n Soriano\",\"@id\":\"https:\/\/noti-america.com\/site\/repdom\/#\/schema\/person\/fd0092c1530d275fabaa5cffcbc2b976\"},\"headline\":\"Amaurys Nina: \u201cEl Gobierno no puede apoyar a medias\u201d\",\"datePublished\":\"2021-08-02T21:29:18+00:00\",\"mainEntityOfPage\":{\"@id\":\"https:\/\/noti-america.com\/site\/repdom\/2021\/08\/02\/amaurys-nina-el-gobierno-no-puede-apoyar-a-medias\/\"},\"wordCount\":240,\"commentCount\":0,\"publisher\":{\"@id\":\"https:\/\/noti-america.com\/site\/repdom\/#organization\"},\"image\":{\"@id\":\"https:\/\/noti-america.com\/site\/repdom\/2021\/08\/02\/amaurys-nina-el-gobierno-no-puede-apoyar-a-medias\/#primaryimage\"},\"thumbnailUrl\":\"https:\/\/noti-america.com\/site\/repdom\/wp-content\/uploads\/sites\/6\/2021\/08\/Amaurys-Nina.jpg\",\"keywords\":[\"Amaurys Nina\",\"International Prospects League\"],\"articleSection\":[\"Deportes\"],\"inLanguage\":\"es\",\"potentialAction\":[{\"@type\":\"CommentAction\",\"name\":\"Comment\",\"target\":[\"https:\/\/noti-america.com\/site\/repdom\/2021\/08\/02\/amaurys-nina-el-gobierno-no-puede-apoyar-a-medias\/#respond\"]}]},{\"@type\":\"WebPage\",\"@id\":\"https:\/\/noti-america.com\/site\/repdom\/2021\/08\/02\/amaurys-nina-el-gobierno-no-puede-apoyar-a-medias\/\",\"url\":\"https:\/\/noti-america.com\/site\/repdom\/2021\/08\/02\/amaurys-nina-el-gobierno-no-puede-apoyar-a-medias\/\",\"name\":\"Amaurys Nina: \u201cEl Gobierno no puede apoyar a medias\u201d - Rep. Dominicana | Noti-America.com\",\"isPartOf\":{\"@id\":\"https:\/\/noti-america.com\/site\/repdom\/#website\"},\"primaryImageOfPage\":{\"@id\":\"https:\/\/noti-america.com\/site\/repdom\/2021\/08\/02\/amaurys-nina-el-gobierno-no-puede-apoyar-a-medias\/#primaryimage\"},\"image\":{\"@id\":\"https:\/\/noti-america.com\/site\/repdom\/2021\/08\/02\/amaurys-nina-el-gobierno-no-puede-apoyar-a-medias\/#primaryimage\"},\"thumbnailUrl\":\"https:\/\/noti-america.com\/site\/repdom\/wp-content\/uploads\/sites\/6\/2021\/08\/Amaurys-Nina.jpg\",\"datePublished\":\"2021-08-02T21:29:18+00:00\",\"breadcrumb\":{\"@id\":\"https:\/\/noti-america.com\/site\/repdom\/2021\/08\/02\/amaurys-nina-el-gobierno-no-puede-apoyar-a-medias\/#breadcrumb\"},\"inLanguage\":\"es\",\"potentialAction\":[{\"@type\":\"ReadAction\",\"target\":[\"https:\/\/noti-america.com\/site\/repdom\/2021\/08\/02\/amaurys-nina-el-gobierno-no-puede-apoyar-a-medias\/\"]}]},{\"@type\":\"ImageObject\",\"inLanguage\":\"es\",\"@id\":\"https:\/\/noti-america.com\/site\/repdom\/2021\/08\/02\/amaurys-nina-el-gobierno-no-puede-apoyar-a-medias\/#primaryimage\",\"url\":\"https:\/\/noti-america.com\/site\/repdom\/wp-content\/uploads\/sites\/6\/2021\/08\/Amaurys-Nina.jpg\",\"contentUrl\":\"https:\/\/noti-america.com\/site\/repdom\/wp-content\/uploads\/sites\/6\/2021\/08\/Amaurys-Nina.jpg\",\"width\":1280,\"height\":856},{\"@type\":\"BreadcrumbList\",\"@id\":\"https:\/\/noti-america.com\/site\/repdom\/2021\/08\/02\/amaurys-nina-el-gobierno-no-puede-apoyar-a-medias\/#breadcrumb\",\"itemListElement\":[{\"@type\":\"ListItem\",\"position\":1,\"name\":\"Portada\",\"item\":\"https:\/\/noti-america.com\/site\/repdom\/\"},{\"@type\":\"ListItem\",\"position\":2,\"name\":\"Amaurys Nina: \u201cEl Gobierno no puede apoyar a medias\u201d\"}]},{\"@type\":\"WebSite\",\"@id\":\"https:\/\/noti-america.com\/site\/repdom\/#website\",\"url\":\"https:\/\/noti-america.com\/site\/repdom\/\",\"name\":\"Rep. Dominicana | Noti-America.com\",\"description\":\"\",\"publisher\":{\"@id\":\"https:\/\/noti-america.com\/site\/repdom\/#organization\"},\"potentialAction\":[{\"@type\":\"SearchAction\",\"target\":{\"@type\":\"EntryPoint\",\"urlTemplate\":\"https:\/\/noti-america.com\/site\/repdom\/?s={search_term_string}\"},\"query-input\":{\"@type\":\"PropertyValueSpecification\",\"valueRequired\":true,\"valueName\":\"search_term_string\"}}],\"inLanguage\":\"es\"},{\"@type\":\"Organization\",\"@id\":\"https:\/\/noti-america.com\/site\/repdom\/#organization\",\"name\":\"Noti-America LLC | Rep\u00fablica Dominicana\",\"url\":\"https:\/\/noti-america.com\/site\/repdom\/\",\"logo\":{\"@type\":\"ImageObject\",\"inLanguage\":\"es\",\"@id\":\"https:\/\/noti-america.com\/site\/repdom\/#\/schema\/logo\/image\/\",\"url\":\"https:\/\/noti-america.com\/site\/repdom\/wp-content\/uploads\/sites\/6\/2020\/07\/LogoNA-4x3-1.jpg\",\"contentUrl\":\"https:\/\/noti-america.com\/site\/repdom\/wp-content\/uploads\/sites\/6\/2020\/07\/LogoNA-4x3-1.jpg\",\"width\":1236,\"height\":1080,\"caption\":\"Noti-America LLC | Rep\u00fablica Dominicana\"},\"image\":{\"@id\":\"https:\/\/noti-america.com\/site\/repdom\/#\/schema\/logo\/image\/\"}},{\"@type\":\"Person\",\"@id\":\"https:\/\/noti-america.com\/site\/repdom\/#\/schema\/person\/fd0092c1530d275fabaa5cffcbc2b976\",\"name\":\"Ad\u00e1n Soriano\",\"image\":{\"@type\":\"ImageObject\",\"inLanguage\":\"es\",\"@id\":\"https:\/\/secure.gravatar.com\/avatar\/ecf97ff3aee7ff9efdae670d7e976f3e7e8acc1077e510d73707999a8bfd4467?s=96&d=mm&r=g\",\"url\":\"https:\/\/secure.gravatar.com\/avatar\/ecf97ff3aee7ff9efdae670d7e976f3e7e8acc1077e510d73707999a8bfd4467?s=96&d=mm&r=g\",\"contentUrl\":\"https:\/\/secure.gravatar.com\/avatar\/ecf97ff3aee7ff9efdae670d7e976f3e7e8acc1077e510d73707999a8bfd4467?s=96&d=mm&r=g\",\"caption\":\"Ad\u00e1n Soriano\"},\"description\":\"Soy cronista deportivo con 10 a\u00f1os de experiencia en varios espacios, y conduzco el podcast deportivo llamado Mezcla Deportiva\",\"sameAs\":[\"https:\/\/x.com\/adansoriano\"],\"url\":\"https:\/\/noti-america.com\/site\/repdom\/author\/asoriano\/\"}]}<\/script>\n<!-- \/ Yoast SEO Premium plugin. -->","yoast_head_json":{"title":"Amaurys Nina: \u201cEl Gobierno no puede apoyar a medias\u201d - Rep. Dominicana | Noti-America.com","robots":{"index":"index","follow":"follow","max-snippet":"max-snippet:-1","max-image-preview":"max-image-preview:large","max-video-preview":"max-video-preview:-1"},"canonical":"https:\/\/noti-america.com\/site\/repdom\/2021\/08\/02\/amaurys-nina-el-gobierno-no-puede-apoyar-a-medias\/","og_locale":"es_ES","og_type":"article","og_title":"Amaurys Nina: \u201cEl Gobierno no puede apoyar a medias\u201d","og_description":"SANTO DOMINGO &#8211; \u201cEl Gobierno no puede dar apoyo a medias, si van aportar que lo hagan de verdad\u201d, as\u00ed se expres\u00f3 Amaurys Nina, presidente de la International Prospects League (IPL). Las cr\u00edticas del&#46;&#46;&#46;","og_url":"https:\/\/noti-america.com\/site\/repdom\/2021\/08\/02\/amaurys-nina-el-gobierno-no-puede-apoyar-a-medias\/","og_site_name":"Rep. Dominicana | Noti-America.com","article_published_time":"2021-08-02T21:29:18+00:00","og_image":[{"width":1280,"height":856,"url":"https:\/\/noti-america.com\/site\/repdom\/wp-content\/uploads\/sites\/6\/2021\/08\/Amaurys-Nina.jpg","type":"image\/jpeg"}],"author":"Ad\u00e1n Soriano","twitter_card":"summary_large_image","twitter_creator":"@adansoriano","twitter_misc":{"Escrito por":"Ad\u00e1n Soriano","Tiempo estimado de lectura":"1 minuto"},"schema":{"@context":"https:\/\/schema.org","@graph":[{"@type":"Article","@id":"https:\/\/noti-america.com\/site\/repdom\/2021\/08\/02\/amaurys-nina-el-gobierno-no-puede-apoyar-a-medias\/#article","isPartOf":{"@id":"https:\/\/noti-america.com\/site\/repdom\/2021\/08\/02\/amaurys-nina-el-gobierno-no-puede-apoyar-a-medias\/"},"author":{"name":"Ad\u00e1n Soriano","@id":"https:\/\/noti-america.com\/site\/repdom\/#\/schema\/person\/fd0092c1530d275fabaa5cffcbc2b976"},"headline":"Amaurys Nina: \u201cEl Gobierno no puede apoyar a medias\u201d","datePublished":"2021-08-02T21:29:18+00:00","mainEntityOfPage":{"@id":"https:\/\/noti-america.com\/site\/repdom\/2021\/08\/02\/amaurys-nina-el-gobierno-no-puede-apoyar-a-medias\/"},"wordCount":240,"commentCount":0,"publisher":{"@id":"https:\/\/noti-america.com\/site\/repdom\/#organization"},"image":{"@id":"https:\/\/noti-america.com\/site\/repdom\/2021\/08\/02\/amaurys-nina-el-gobierno-no-puede-apoyar-a-medias\/#primaryimage"},"thumbnailUrl":"https:\/\/noti-america.com\/site\/repdom\/wp-content\/uploads\/sites\/6\/2021\/08\/Amaurys-Nina.jpg","keywords":["Amaurys Nina","International Prospects League"],"articleSection":["Deportes"],"inLanguage":"es","potentialAction":[{"@type":"CommentAction","name":"Comment","target":["https:\/\/noti-america.com\/site\/repdom\/2021\/08\/02\/amaurys-nina-el-gobierno-no-puede-apoyar-a-medias\/#respond"]}]},{"@type":"WebPage","@id":"https:\/\/noti-america.com\/site\/repdom\/2021\/08\/02\/amaurys-nina-el-gobierno-no-puede-apoyar-a-medias\/","url":"https:\/\/noti-america.com\/site\/repdom\/2021\/08\/02\/amaurys-nina-el-gobierno-no-puede-apoyar-a-medias\/","name":"Amaurys Nina: \u201cEl Gobierno no puede apoyar a medias\u201d - Rep. Dominicana | Noti-America.com","isPartOf":{"@id":"https:\/\/noti-america.com\/site\/repdom\/#website"},"primaryImageOfPage":{"@id":"https:\/\/noti-america.com\/site\/repdom\/2021\/08\/02\/amaurys-nina-el-gobierno-no-puede-apoyar-a-medias\/#primaryimage"},"image":{"@id":"https:\/\/noti-america.com\/site\/repdom\/2021\/08\/02\/amaurys-nina-el-gobierno-no-puede-apoyar-a-medias\/#primaryimage"},"thumbnailUrl":"https:\/\/noti-america.com\/site\/repdom\/wp-content\/uploads\/sites\/6\/2021\/08\/Amaurys-Nina.jpg","datePublished":"2021-08-02T21:29:18+00:00","breadcrumb":{"@id":"https:\/\/noti-america.com\/site\/repdom\/2021\/08\/02\/amaurys-nina-el-gobierno-no-puede-apoyar-a-medias\/#breadcrumb"},"inLanguage":"es","potentialAction":[{"@type":"ReadAction","target":["https:\/\/noti-america.com\/site\/repdom\/2021\/08\/02\/amaurys-nina-el-gobierno-no-puede-apoyar-a-medias\/"]}]},{"@type":"ImageObject","inLanguage":"es","@id":"https:\/\/noti-america.com\/site\/repdom\/2021\/08\/02\/amaurys-nina-el-gobierno-no-puede-apoyar-a-medias\/#primaryimage","url":"https:\/\/noti-america.com\/site\/repdom\/wp-content\/uploads\/sites\/6\/2021\/08\/Amaurys-Nina.jpg","contentUrl":"https:\/\/noti-america.com\/site\/repdom\/wp-content\/uploads\/sites\/6\/2021\/08\/Amaurys-Nina.jpg","width":1280,"height":856},{"@type":"BreadcrumbList","@id":"https:\/\/noti-america.com\/site\/repdom\/2021\/08\/02\/amaurys-nina-el-gobierno-no-puede-apoyar-a-medias\/#breadcrumb","itemListElement":[{"@type":"ListItem","position":1,"name":"Portada","item":"https:\/\/noti-america.com\/site\/repdom\/"},{"@type":"ListItem","position":2,"name":"Amaurys Nina: \u201cEl Gobierno no puede apoyar a medias\u201d"}]},{"@type":"WebSite","@id":"https:\/\/noti-america.com\/site\/repdom\/#website","url":"https:\/\/noti-america.com\/site\/repdom\/","name":"Rep. Dominicana | Noti-America.com","description":"","publisher":{"@id":"https:\/\/noti-america.com\/site\/repdom\/#organization"},"potentialAction":[{"@type":"SearchAction","target":{"@type":"EntryPoint","urlTemplate":"https:\/\/noti-america.com\/site\/repdom\/?s={search_term_string}"},"query-input":{"@type":"PropertyValueSpecification","valueRequired":true,"valueName":"search_term_string"}}],"inLanguage":"es"},{"@type":"Organization","@id":"https:\/\/noti-america.com\/site\/repdom\/#organization","name":"Noti-America LLC | Rep\u00fablica Dominicana","url":"https:\/\/noti-america.com\/site\/repdom\/","logo":{"@type":"ImageObject","inLanguage":"es","@id":"https:\/\/noti-america.com\/site\/repdom\/#\/schema\/logo\/image\/","url":"https:\/\/noti-america.com\/site\/repdom\/wp-content\/uploads\/sites\/6\/2020\/07\/LogoNA-4x3-1.jpg","contentUrl":"https:\/\/noti-america.com\/site\/repdom\/wp-content\/uploads\/sites\/6\/2020\/07\/LogoNA-4x3-1.jpg","width":1236,"height":1080,"caption":"Noti-America LLC | Rep\u00fablica Dominicana"},"image":{"@id":"https:\/\/noti-america.com\/site\/repdom\/#\/schema\/logo\/image\/"}},{"@type":"Person","@id":"https:\/\/noti-america.com\/site\/repdom\/#\/schema\/person\/fd0092c1530d275fabaa5cffcbc2b976","name":"Ad\u00e1n Soriano","image":{"@type":"ImageObject","inLanguage":"es","@id":"https:\/\/secure.gravatar.com\/avatar\/ecf97ff3aee7ff9efdae670d7e976f3e7e8acc1077e510d73707999a8bfd4467?s=96&d=mm&r=g","url":"https:\/\/secure.gravatar.com\/avatar\/ecf97ff3aee7ff9efdae670d7e976f3e7e8acc1077e510d73707999a8bfd4467?s=96&d=mm&r=g","contentUrl":"https:\/\/secure.gravatar.com\/avatar\/ecf97ff3aee7ff9efdae670d7e976f3e7e8acc1077e510d73707999a8bfd4467?s=96&d=mm&r=g","caption":"Ad\u00e1n Soriano"},"description":"Soy cronista deportivo con 10 a\u00f1os de experiencia en varios espacios, y conduzco el podcast deportivo llamado Mezcla Deportiva","sameAs":["https:\/\/x.com\/adansoriano"],"url":"https:\/\/noti-america.com\/site\/repdom\/author\/asoriano\/"}]}},"_links":{"self":[{"href":"https:\/\/noti-america.com\/site\/repdom\/wp-json\/wp\/v2\/posts\/12015","targetHints":{"allow":["GET"]}}],"collection":[{"href":"https:\/\/noti-america.com\/site\/repdom\/wp-json\/wp\/v2\/posts"}],"about":[{"href":"https:\/\/noti-america.com\/site\/repdom\/wp-json\/wp\/v2\/types\/post"}],"author":[{"embeddable":true,"href":"https:\/\/noti-america.com\/site\/repdom\/wp-json\/wp\/v2\/users\/89"}],"replies":[{"embeddable":true,"href":"https:\/\/noti-america.com\/site\/repdom\/wp-json\/wp\/v2\/comments?post=12015"}],"version-history":[{"count":1,"href":"https:\/\/noti-america.com\/site\/repdom\/wp-json\/wp\/v2\/posts\/12015\/revisions"}],"predecessor-version":[{"id":12017,"href":"https:\/\/noti-america.com\/site\/repdom\/wp-json\/wp\/v2\/posts\/12015\/revisions\/12017"}],"wp:featuredmedia":[{"embeddable":true,"href":"https:\/\/noti-america.com\/site\/repdom\/wp-json\/wp\/v2\/media\/12016"}],"wp:attachment":[{"href":"https:\/\/noti-america.com\/site\/repdom\/wp-json\/wp\/v2\/media?parent=12015"}],"wp:term":[{"taxonomy":"category","embeddable":true,"href":"https:\/\/noti-america.com\/site\/repdom\/wp-json\/wp\/v2\/categories?post=12015"},{"taxonomy":"post_tag","embeddable":true,"href":"https:\/\/noti-america.com\/site\/repdom\/wp-json\/wp\/v2\/tags?post=12015"}],"curies":[{"name":"wp","href":"https:\/\/api.w.org\/{rel}","templated":true}]}}